{"id":27274,"date":"2024-12-27T23:13:40","date_gmt":"2024-12-28T02:13:40","guid":{"rendered":"https:\/\/apuntesdesanluis.com\/?p=27274"},"modified":"2024-12-28T00:12:24","modified_gmt":"2024-12-28T03:12:24","slug":"renuncio-tambien-el-director-de-la-zona-franca-justo-daract","status":"publish","type":"post","link":"https:\/\/apuntesdesanluis.com\/index.php\/2024\/12\/27\/renuncio-tambien-el-director-de-la-zona-franca-justo-daract\/","title":{"rendered":"RENUNCI\u00d3 TAMBI\u00c9N EL DIRECTOR DE LA ZONA FRANCA JUSTO DARACT"},"content":{"rendered":"<h3>Tras la ida del Director de la Agrozal, <strong>Sergio Pansa<\/strong>, <strong><span style=\"color: #3366ff;\">Apuntes de San Luis<\/span> <\/strong>confirm\u00f3 que tambi\u00e9n dejar\u00e1 el cargo el titular de la Zona Franca Justo Daract, el ex concejal y diputado <strong>Pablo Zamora<\/strong>.<\/h3>\n<p><img fetchpriority=\"high\" decoding=\"async\" class=\"wp-image-27276 aligncenter\" src=\"https:\/\/apuntesdesanluis.com\/wp-content\/uploads\/2024\/12\/orgnigrama-300x68.png\" alt=\"\" width=\"622\" height=\"141\" srcset=\"https:\/\/apuntesdesanluis.com\/wp-content\/uploads\/2024\/12\/orgnigrama-300x68.png 300w, https:\/\/apuntesdesanluis.com\/wp-content\/uploads\/2024\/12\/orgnigrama-1024x233.png 1024w, https:\/\/apuntesdesanluis.com\/wp-content\/uploads\/2024\/12\/orgnigrama-768x174.png 768w, https:\/\/apuntesdesanluis.com\/wp-content\/uploads\/2024\/12\/orgnigrama.png 1096w\" sizes=\"(max-width: 622px) 100vw, 622px\" \/><\/p>\n<h3>Se desconocen los motivos de su dimisi\u00f3n, que dio a conocer el propio funcionario. La renuncia opera a partir del 1\u00b0 de enero.<\/h3>\n<h3>El funcionario preside del Partido de Acci\u00f3n Renovadora (PAR), partido provincial, y aunque aclar\u00f3 que no es afiliado a Todos Unidos, supo militar junto al espacio que lidera <strong>Adolfo Rodr\u00edguez Sa\u00e1<\/strong>, equipo en el que todos los meses de producen \u201crotaciones\u201d y nunca nadie alcanza a sentirse titular en el gabinete de Poggi, que se la pasa firmando nuevos decretos de designaci\u00f3n.<\/h3>\n<p><img decoding=\"async\" class=\"wp-image-27275 aligncenter\" src=\"https:\/\/apuntesdesanluis.com\/wp-content\/uploads\/2024\/12\/pablo-zamora-135x300.jpg\" alt=\"\" width=\"552\" height=\"1227\" srcset=\"https:\/\/apuntesdesanluis.com\/wp-content\/uploads\/2024\/12\/pablo-zamora-135x300.jpg 135w, https:\/\/apuntesdesanluis.com\/wp-content\/uploads\/2024\/12\/pablo-zamora-461x1024.jpg 461w, https:\/\/apuntesdesanluis.com\/wp-content\/uploads\/2024\/12\/pablo-zamora-691x1536.jpg 691w, https:\/\/apuntesdesanluis.com\/wp-content\/uploads\/2024\/12\/pablo-zamora.jpg 700w\" sizes=\"(max-width: 552px) 100vw, 552px\" \/><\/p>\n<p>&nbsp;<\/p>\n<h3>No hay que descartar, de ninguna manera, que en las pr\u00f3ximas horas contin\u00fae el desgranamiento en la Secretar\u00eda de Actividades Log\u00edsticas que conduce <strong>Walter Vogt<\/strong>.<\/h3>\n<p>&nbsp;<\/p>\n<p>&nbsp;<\/p>\n<p>&nbsp;<\/p>\n<p>&nbsp;<\/p>\n<p>&nbsp;<\/p>\n<p>&nbsp;<\/p>\n","protected":false},"excerpt":{"rendered":"<p>Tras la ida del Director de la Agrozal, Sergio Pansa, Apuntes de San Luis confirm\u00f3&#8230;<\/p>\n","protected":false},"author":1,"featured_media":27277,"comment_status":"closed","ping_status":"closed","sticky":false,"template":"","format":"standard","meta":{"footnotes":""},"categories":[9],"tags":[],"class_list":["post-27274","post","type-post","status-publish","format-standard","has-post-thumbnail","hentry","category-opinion"],"yoast_head":"<!-- This site is optimized with the Yoast SEO plugin v26.1.1 - https:\/\/yoast.com\/wordpress\/plugins\/seo\/ -->\n<title>RENUNCI\u00d3 TAMBI\u00c9N EL DIRECTOR DE LA ZONA FRANCA JUSTO DARACT - Apuntes de San Luis<\/title>\n<meta name=\"robots\" content=\"index, follow, max-snippet:-1, max-image-preview:large, max-video-preview:-1\" \/>\n<link rel=\"canonical\" href=\"https:\/\/apuntesdesanluis.com\/index.php\/2024\/12\/27\/renuncio-tambien-el-director-de-la-zona-franca-justo-daract\/\" \/>\n<meta property=\"og:locale\" content=\"es_ES\" \/>\n<meta property=\"og:type\" content=\"article\" \/>\n<meta property=\"og:title\" content=\"RENUNCI\u00d3 TAMBI\u00c9N EL DIRECTOR DE LA ZONA FRANCA JUSTO DARACT - Apuntes de San Luis\" \/>\n<meta property=\"og:description\" content=\"Tras la ida del Director de la Agrozal, Sergio Pansa, Apuntes de San Luis confirm\u00f3...\" \/>\n<meta property=\"og:url\" content=\"https:\/\/apuntesdesanluis.com\/index.php\/2024\/12\/27\/renuncio-tambien-el-director-de-la-zona-franca-justo-daract\/\" \/>\n<meta property=\"og:site_name\" content=\"Apuntes de San Luis\" \/>\n<meta property=\"article:published_time\" content=\"2024-12-28T02:13:40+00:00\" \/>\n<meta property=\"article:modified_time\" content=\"2024-12-28T03:12:24+00:00\" \/>\n<meta property=\"og:image\" content=\"https:\/\/apuntesdesanluis.com\/wp-content\/uploads\/2024\/12\/pablito-xhu.png\" \/>\n\t<meta property=\"og:image:width\" content=\"700\" \/>\n\t<meta property=\"og:image:height\" content=\"434\" \/>\n\t<meta property=\"og:image:type\" content=\"image\/png\" \/>\n<meta name=\"author\" content=\"apuntesdesanluis.com\" \/>\n<meta name=\"twitter:card\" content=\"summary_large_image\" \/>\n<meta name=\"twitter:label1\" content=\"Escrito por\" \/>\n\t<meta name=\"twitter:data1\" content=\"apuntesdesanluis.com\" \/>\n\t<meta name=\"twitter:label2\" content=\"Tiempo de lectura\" \/>\n\t<meta name=\"twitter:data2\" content=\"2 minutos\" \/>\n<script type=\"application\/ld+json\" class=\"yoast-schema-graph\">{\"@context\":\"https:\/\/schema.org\",\"@graph\":[{\"@type\":\"Article\",\"@id\":\"https:\/\/apuntesdesanluis.com\/index.php\/2024\/12\/27\/renuncio-tambien-el-director-de-la-zona-franca-justo-daract\/#article\",\"isPartOf\":{\"@id\":\"https:\/\/apuntesdesanluis.com\/index.php\/2024\/12\/27\/renuncio-tambien-el-director-de-la-zona-franca-justo-daract\/\"},\"author\":{\"name\":\"apuntesdesanluis.com\",\"@id\":\"https:\/\/apuntesdesanluis.com\/#\/schema\/person\/b55151d52296fcce64d1a72538a70b90\"},\"headline\":\"RENUNCI\u00d3 TAMBI\u00c9N EL DIRECTOR DE LA ZONA FRANCA JUSTO DARACT\",\"datePublished\":\"2024-12-28T02:13:40+00:00\",\"dateModified\":\"2024-12-28T03:12:24+00:00\",\"mainEntityOfPage\":{\"@id\":\"https:\/\/apuntesdesanluis.com\/index.php\/2024\/12\/27\/renuncio-tambien-el-director-de-la-zona-franca-justo-daract\/\"},\"wordCount\":171,\"publisher\":{\"@id\":\"https:\/\/apuntesdesanluis.com\/#\/schema\/person\/b55151d52296fcce64d1a72538a70b90\"},\"image\":{\"@id\":\"https:\/\/apuntesdesanluis.com\/index.php\/2024\/12\/27\/renuncio-tambien-el-director-de-la-zona-franca-justo-daract\/#primaryimage\"},\"thumbnailUrl\":\"https:\/\/apuntesdesanluis.com\/wp-content\/uploads\/2024\/12\/pablito-xhu.png\",\"articleSection\":[\"Opini\u00f3n\"],\"inLanguage\":\"es-AR\"},{\"@type\":\"WebPage\",\"@id\":\"https:\/\/apuntesdesanluis.com\/index.php\/2024\/12\/27\/renuncio-tambien-el-director-de-la-zona-franca-justo-daract\/\",\"url\":\"https:\/\/apuntesdesanluis.com\/index.php\/2024\/12\/27\/renuncio-tambien-el-director-de-la-zona-franca-justo-daract\/\",\"name\":\"RENUNCI\u00d3 TAMBI\u00c9N EL DIRECTOR DE LA ZONA FRANCA JUSTO DARACT - Apuntes de San Luis\",\"isPartOf\":{\"@id\":\"https:\/\/apuntesdesanluis.com\/#website\"},\"primaryImageOfPage\":{\"@id\":\"https:\/\/apuntesdesanluis.com\/index.php\/2024\/12\/27\/renuncio-tambien-el-director-de-la-zona-franca-justo-daract\/#primaryimage\"},\"image\":{\"@id\":\"https:\/\/apuntesdesanluis.com\/index.php\/2024\/12\/27\/renuncio-tambien-el-director-de-la-zona-franca-justo-daract\/#primaryimage\"},\"thumbnailUrl\":\"https:\/\/apuntesdesanluis.com\/wp-content\/uploads\/2024\/12\/pablito-xhu.png\",\"datePublished\":\"2024-12-28T02:13:40+00:00\",\"dateModified\":\"2024-12-28T03:12:24+00:00\",\"breadcrumb\":{\"@id\":\"https:\/\/apuntesdesanluis.com\/index.php\/2024\/12\/27\/renuncio-tambien-el-director-de-la-zona-franca-justo-daract\/#breadcrumb\"},\"inLanguage\":\"es-AR\",\"potentialAction\":[{\"@type\":\"ReadAction\",\"target\":[\"https:\/\/apuntesdesanluis.com\/index.php\/2024\/12\/27\/renuncio-tambien-el-director-de-la-zona-franca-justo-daract\/\"]}]},{\"@type\":\"ImageObject\",\"inLanguage\":\"es-AR\",\"@id\":\"https:\/\/apuntesdesanluis.com\/index.php\/2024\/12\/27\/renuncio-tambien-el-director-de-la-zona-franca-justo-daract\/#primaryimage\",\"url\":\"https:\/\/apuntesdesanluis.com\/wp-content\/uploads\/2024\/12\/pablito-xhu.png\",\"contentUrl\":\"https:\/\/apuntesdesanluis.com\/wp-content\/uploads\/2024\/12\/pablito-xhu.png\",\"width\":700,\"height\":434},{\"@type\":\"BreadcrumbList\",\"@id\":\"https:\/\/apuntesdesanluis.com\/index.php\/2024\/12\/27\/renuncio-tambien-el-director-de-la-zona-franca-justo-daract\/#breadcrumb\",\"itemListElement\":[{\"@type\":\"ListItem\",\"position\":1,\"name\":\"Inicio\",\"item\":\"https:\/\/apuntesdesanluis.com\/\"},{\"@type\":\"ListItem\",\"position\":2,\"name\":\"RENUNCI\u00d3 TAMBI\u00c9N EL DIRECTOR DE LA ZONA FRANCA JUSTO DARACT\"}]},{\"@type\":\"WebSite\",\"@id\":\"https:\/\/apuntesdesanluis.com\/#website\",\"url\":\"https:\/\/apuntesdesanluis.com\/\",\"name\":\"Apuntes de San Luis\",\"description\":\"\",\"publisher\":{\"@id\":\"https:\/\/apuntesdesanluis.com\/#\/schema\/person\/b55151d52296fcce64d1a72538a70b90\"},\"potentialAction\":[{\"@type\":\"SearchAction\",\"target\":{\"@type\":\"EntryPoint\",\"urlTemplate\":\"https:\/\/apuntesdesanluis.com\/?s={search_term_string}\"},\"query-input\":{\"@type\":\"PropertyValueSpecification\",\"valueRequired\":true,\"valueName\":\"search_term_string\"}}],\"inLanguage\":\"es-AR\"},{\"@type\":[\"Person\",\"Organization\"],\"@id\":\"https:\/\/apuntesdesanluis.com\/#\/schema\/person\/b55151d52296fcce64d1a72538a70b90\",\"name\":\"apuntesdesanluis.com\",\"image\":{\"@type\":\"ImageObject\",\"inLanguage\":\"es-AR\",\"@id\":\"https:\/\/apuntesdesanluis.com\/#\/schema\/person\/image\/\",\"url\":\"https:\/\/apuntesdesanluis.com\/wp-content\/uploads\/2023\/07\/cropped-apuntesdesanluis.png\",\"contentUrl\":\"https:\/\/apuntesdesanluis.com\/wp-content\/uploads\/2023\/07\/cropped-apuntesdesanluis.png\",\"width\":450,\"height\":112,\"caption\":\"apuntesdesanluis.com\"},\"logo\":{\"@id\":\"https:\/\/apuntesdesanluis.com\/#\/schema\/person\/image\/\"},\"sameAs\":[\"https:\/\/apuntesdesanluis.com\"],\"url\":\"https:\/\/apuntesdesanluis.com\/index.php\/author\/apuntesdesanluis-com\/\"}]}<\/script>\n<!-- \/ Yoast SEO plugin. -->","yoast_head_json":{"title":"RENUNCI\u00d3 TAMBI\u00c9N EL DIRECTOR DE LA ZONA FRANCA JUSTO DARACT - Apuntes de San Luis","robots":{"index":"index","follow":"follow","max-snippet":"max-snippet:-1","max-image-preview":"max-image-preview:large","max-video-preview":"max-video-preview:-1"},"canonical":"https:\/\/apuntesdesanluis.com\/index.php\/2024\/12\/27\/renuncio-tambien-el-director-de-la-zona-franca-justo-daract\/","og_locale":"es_ES","og_type":"article","og_title":"RENUNCI\u00d3 TAMBI\u00c9N EL DIRECTOR DE LA ZONA FRANCA JUSTO DARACT - Apuntes de San Luis","og_description":"Tras la ida del Director de la Agrozal, Sergio Pansa, Apuntes de San Luis confirm\u00f3...","og_url":"https:\/\/apuntesdesanluis.com\/index.php\/2024\/12\/27\/renuncio-tambien-el-director-de-la-zona-franca-justo-daract\/","og_site_name":"Apuntes de San Luis","article_published_time":"2024-12-28T02:13:40+00:00","article_modified_time":"2024-12-28T03:12:24+00:00","og_image":[{"width":700,"height":434,"url":"https:\/\/apuntesdesanluis.com\/wp-content\/uploads\/2024\/12\/pablito-xhu.png","type":"image\/png"}],"author":"apuntesdesanluis.com","twitter_card":"summary_large_image","twitter_misc":{"Escrito por":"apuntesdesanluis.com","Tiempo de lectura":"2 minutos"},"schema":{"@context":"https:\/\/schema.org","@graph":[{"@type":"Article","@id":"https:\/\/apuntesdesanluis.com\/index.php\/2024\/12\/27\/renuncio-tambien-el-director-de-la-zona-franca-justo-daract\/#article","isPartOf":{"@id":"https:\/\/apuntesdesanluis.com\/index.php\/2024\/12\/27\/renuncio-tambien-el-director-de-la-zona-franca-justo-daract\/"},"author":{"name":"apuntesdesanluis.com","@id":"https:\/\/apuntesdesanluis.com\/#\/schema\/person\/b55151d52296fcce64d1a72538a70b90"},"headline":"RENUNCI\u00d3 TAMBI\u00c9N EL DIRECTOR DE LA ZONA FRANCA JUSTO DARACT","datePublished":"2024-12-28T02:13:40+00:00","dateModified":"2024-12-28T03:12:24+00:00","mainEntityOfPage":{"@id":"https:\/\/apuntesdesanluis.com\/index.php\/2024\/12\/27\/renuncio-tambien-el-director-de-la-zona-franca-justo-daract\/"},"wordCount":171,"publisher":{"@id":"https:\/\/apuntesdesanluis.com\/#\/schema\/person\/b55151d52296fcce64d1a72538a70b90"},"image":{"@id":"https:\/\/apuntesdesanluis.com\/index.php\/2024\/12\/27\/renuncio-tambien-el-director-de-la-zona-franca-justo-daract\/#primaryimage"},"thumbnailUrl":"https:\/\/apuntesdesanluis.com\/wp-content\/uploads\/2024\/12\/pablito-xhu.png","articleSection":["Opini\u00f3n"],"inLanguage":"es-AR"},{"@type":"WebPage","@id":"https:\/\/apuntesdesanluis.com\/index.php\/2024\/12\/27\/renuncio-tambien-el-director-de-la-zona-franca-justo-daract\/","url":"https:\/\/apuntesdesanluis.com\/index.php\/2024\/12\/27\/renuncio-tambien-el-director-de-la-zona-franca-justo-daract\/","name":"RENUNCI\u00d3 TAMBI\u00c9N EL DIRECTOR DE LA ZONA FRANCA JUSTO DARACT - Apuntes de San Luis","isPartOf":{"@id":"https:\/\/apuntesdesanluis.com\/#website"},"primaryImageOfPage":{"@id":"https:\/\/apuntesdesanluis.com\/index.php\/2024\/12\/27\/renuncio-tambien-el-director-de-la-zona-franca-justo-daract\/#primaryimage"},"image":{"@id":"https:\/\/apuntesdesanluis.com\/index.php\/2024\/12\/27\/renuncio-tambien-el-director-de-la-zona-franca-justo-daract\/#primaryimage"},"thumbnailUrl":"https:\/\/apuntesdesanluis.com\/wp-content\/uploads\/2024\/12\/pablito-xhu.png","datePublished":"2024-12-28T02:13:40+00:00","dateModified":"2024-12-28T03:12:24+00:00","breadcrumb":{"@id":"https:\/\/apuntesdesanluis.com\/index.php\/2024\/12\/27\/renuncio-tambien-el-director-de-la-zona-franca-justo-daract\/#breadcrumb"},"inLanguage":"es-AR","potentialAction":[{"@type":"ReadAction","target":["https:\/\/apuntesdesanluis.com\/index.php\/2024\/12\/27\/renuncio-tambien-el-director-de-la-zona-franca-justo-daract\/"]}]},{"@type":"ImageObject","inLanguage":"es-AR","@id":"https:\/\/apuntesdesanluis.com\/index.php\/2024\/12\/27\/renuncio-tambien-el-director-de-la-zona-franca-justo-daract\/#primaryimage","url":"https:\/\/apuntesdesanluis.com\/wp-content\/uploads\/2024\/12\/pablito-xhu.png","contentUrl":"https:\/\/apuntesdesanluis.com\/wp-content\/uploads\/2024\/12\/pablito-xhu.png","width":700,"height":434},{"@type":"BreadcrumbList","@id":"https:\/\/apuntesdesanluis.com\/index.php\/2024\/12\/27\/renuncio-tambien-el-director-de-la-zona-franca-justo-daract\/#breadcrumb","itemListElement":[{"@type":"ListItem","position":1,"name":"Inicio","item":"https:\/\/apuntesdesanluis.com\/"},{"@type":"ListItem","position":2,"name":"RENUNCI\u00d3 TAMBI\u00c9N EL DIRECTOR DE LA ZONA FRANCA JUSTO DARACT"}]},{"@type":"WebSite","@id":"https:\/\/apuntesdesanluis.com\/#website","url":"https:\/\/apuntesdesanluis.com\/","name":"Apuntes de San Luis","description":"","publisher":{"@id":"https:\/\/apuntesdesanluis.com\/#\/schema\/person\/b55151d52296fcce64d1a72538a70b90"},"potentialAction":[{"@type":"SearchAction","target":{"@type":"EntryPoint","urlTemplate":"https:\/\/apuntesdesanluis.com\/?s={search_term_string}"},"query-input":{"@type":"PropertyValueSpecification","valueRequired":true,"valueName":"search_term_string"}}],"inLanguage":"es-AR"},{"@type":["Person","Organization"],"@id":"https:\/\/apuntesdesanluis.com\/#\/schema\/person\/b55151d52296fcce64d1a72538a70b90","name":"apuntesdesanluis.com","image":{"@type":"ImageObject","inLanguage":"es-AR","@id":"https:\/\/apuntesdesanluis.com\/#\/schema\/person\/image\/","url":"https:\/\/apuntesdesanluis.com\/wp-content\/uploads\/2023\/07\/cropped-apuntesdesanluis.png","contentUrl":"https:\/\/apuntesdesanluis.com\/wp-content\/uploads\/2023\/07\/cropped-apuntesdesanluis.png","width":450,"height":112,"caption":"apuntesdesanluis.com"},"logo":{"@id":"https:\/\/apuntesdesanluis.com\/#\/schema\/person\/image\/"},"sameAs":["https:\/\/apuntesdesanluis.com"],"url":"https:\/\/apuntesdesanluis.com\/index.php\/author\/apuntesdesanluis-com\/"}]}},"featured_image_urls":{"full":["https:\/\/apuntesdesanluis.com\/wp-content\/uploads\/2024\/12\/pablito-xhu.png",700,434,false],"thumbnail":["https:\/\/apuntesdesanluis.com\/wp-content\/uploads\/2024\/12\/pablito-xhu-150x150.png",150,150,true],"medium":["https:\/\/apuntesdesanluis.com\/wp-content\/uploads\/2024\/12\/pablito-xhu-300x186.png",300,186,true],"medium_large":["https:\/\/apuntesdesanluis.com\/wp-content\/uploads\/2024\/12\/pablito-xhu.png",640,397,false],"large":["https:\/\/apuntesdesanluis.com\/wp-content\/uploads\/2024\/12\/pablito-xhu.png",640,397,false],"1536x1536":["https:\/\/apuntesdesanluis.com\/wp-content\/uploads\/2024\/12\/pablito-xhu.png",700,434,false],"2048x2048":["https:\/\/apuntesdesanluis.com\/wp-content\/uploads\/2024\/12\/pablito-xhu.png",700,434,false],"newsever-slider-full":["https:\/\/apuntesdesanluis.com\/wp-content\/uploads\/2024\/12\/pablito-xhu.png",700,434,false],"newsever-featured":["https:\/\/apuntesdesanluis.com\/wp-content\/uploads\/2024\/12\/pablito-xhu.png",700,434,false],"newsever-medium":["https:\/\/apuntesdesanluis.com\/wp-content\/uploads\/2024\/12\/pablito-xhu.png",700,434,false]},"author_info":{"display_name":"apuntesdesanluis.com","author_link":"https:\/\/apuntesdesanluis.com\/index.php\/author\/apuntesdesanluis-com\/"},"category_info":"<a href=\"https:\/\/apuntesdesanluis.com\/index.php\/category\/opinion\/\" rel=\"category tag\">Opini\u00f3n<\/a>","tag_info":"Opini\u00f3n","comment_count":"0","_links":{"self":[{"href":"https:\/\/apuntesdesanluis.com\/index.php\/wp-json\/wp\/v2\/posts\/27274","targetHints":{"allow":["GET"]}}],"collection":[{"href":"https:\/\/apuntesdesanluis.com\/index.php\/wp-json\/wp\/v2\/posts"}],"about":[{"href":"https:\/\/apuntesdesanluis.com\/index.php\/wp-json\/wp\/v2\/types\/post"}],"author":[{"embeddable":true,"href":"https:\/\/apuntesdesanluis.com\/index.php\/wp-json\/wp\/v2\/users\/1"}],"replies":[{"embeddable":true,"href":"https:\/\/apuntesdesanluis.com\/index.php\/wp-json\/wp\/v2\/comments?post=27274"}],"version-history":[{"count":5,"href":"https:\/\/apuntesdesanluis.com\/index.php\/wp-json\/wp\/v2\/posts\/27274\/revisions"}],"predecessor-version":[{"id":27282,"href":"https:\/\/apuntesdesanluis.com\/index.php\/wp-json\/wp\/v2\/posts\/27274\/revisions\/27282"}],"wp:featuredmedia":[{"embeddable":true,"href":"https:\/\/apuntesdesanluis.com\/index.php\/wp-json\/wp\/v2\/media\/27277"}],"wp:attachment":[{"href":"https:\/\/apuntesdesanluis.com\/index.php\/wp-json\/wp\/v2\/media?parent=27274"}],"wp:term":[{"taxonomy":"category","embeddable":true,"href":"https:\/\/apuntesdesanluis.com\/index.php\/wp-json\/wp\/v2\/categories?post=27274"},{"taxonomy":"post_tag","embeddable":true,"href":"https:\/\/apuntesdesanluis.com\/index.php\/wp-json\/wp\/v2\/tags?post=27274"}],"curies":[{"name":"wp","href":"https:\/\/api.w.org\/{rel}","templated":true}]}}