{"id":27283,"date":"2024-12-28T10:32:02","date_gmt":"2024-12-28T13:32:02","guid":{"rendered":"https:\/\/apuntesdesanluis.com\/?p=27283"},"modified":"2024-12-28T10:55:40","modified_gmt":"2024-12-28T13:55:40","slug":"el-colegio-de-magistrados-de-san-luis-a-las-puertas-de-un-gran-escandalo","status":"publish","type":"post","link":"https:\/\/apuntesdesanluis.com\/index.php\/2024\/12\/28\/el-colegio-de-magistrados-de-san-luis-a-las-puertas-de-un-gran-escandalo\/","title":{"rendered":"EL COLEGIO DE MAGISTRADOS DE SAN LUIS, A LAS PUERTAS DE UN GRAN ESC\u00c1NDALO"},"content":{"rendered":"<h3>El <strong>Colegio de Magistrados y Funcionarios Judiciales de San Luis<\/strong> enfrenta una de sus mayores crisis tras el rechazo de varios cheques sin fondos, revelando un aparente vaciamiento de la cuenta de la instituci\u00f3n. Todas las miradas apuntan al presidente de la instituci\u00f3n, el pol\u00e9mico y cuestionado camarista <strong>Hugo Sa\u00e1 Petrino<\/strong> (foto), se\u00f1alado como responsable de esta acci\u00f3n que carece, hasta el momento, de una explicaci\u00f3n clara y oficial.<\/h3>\n<h3>Como consecuencia de este desastre, habr\u00eda presentado su renuncia el \u00a0tesorero, <strong>Fernando Spagnuolo<\/strong>.<\/h3>\n<h3>La situaci\u00f3n no solo pone en jaque la integridad financiera del Colegio, sino que adem\u00e1s expone una preocupante falta de controles internos en una entidad que deber\u00eda ser modelo de transparencia. El esc\u00e1ndalo, que sali\u00f3 a la luz tras el rebote de los cheques, socava la confianza p\u00fablica en la magistratura provincial, en un contexto donde la justicia ya enfrenta un creciente escrutinio ciudadano.<\/h3>\n<h3>Sa\u00e1 Petrino, quien ha sido objeto de reiterados cuestionamientos por su desempe\u00f1o profesional, acumula un historial de se\u00f1alamientos que agravan la percepci\u00f3n negativa sobre su figura. Fuentes cercanas al Poder Judicial indican que su traslado de la Primera a la Tercera Circunscripci\u00f3n Judicial habr\u00eda sido motivado por su falta de compromiso laboral, se\u00f1alada incluso por colegas como Fernando de Viana y Gustavo Miranda Folch.<\/h3>\n<h3>Esta acumulaci\u00f3n de controversias deja entrever una permisividad preocupante por parte de las autoridades judiciales y del anterior gobierno provincial, que habr\u00edan respaldado a Sa\u00e1 Petrino en momentos cr\u00edticos.<\/h3>\n<h3>Respecto al vaciamiento de la cuenta del Colegio, el camarista habr\u00eda argumentado que fue v\u00edctima de un supuesto robo en el barrio privado donde reside, aunque esta versi\u00f3n levanta dudas, dado que se conoce que abandon\u00f3 una residencia anterior por problemas econ\u00f3micos.<\/h3>\n<h3>El pasado 15 de setiembre, al conmemorarse el <strong>D\u00eda de la Magistratura y la Funci\u00f3n Judicial<\/strong>, el presidente del Colegio de Magistrados instruy\u00f3 difundir un significativo mensaje, llamando a \u201cno perder de vista los valores, los principios constitucionales y todo aquello que debemos defender y tutelar\u201d.<\/h3>\n<h3><img fetchpriority=\"high\" decoding=\"async\" class=\"wp-image-27286 aligncenter\" src=\"https:\/\/apuntesdesanluis.com\/wp-content\/uploads\/2024\/12\/valores-300x276.png\" alt=\"\" width=\"598\" height=\"550\" srcset=\"https:\/\/apuntesdesanluis.com\/wp-content\/uploads\/2024\/12\/valores-300x276.png 300w, https:\/\/apuntesdesanluis.com\/wp-content\/uploads\/2024\/12\/valores-768x707.png 768w, https:\/\/apuntesdesanluis.com\/wp-content\/uploads\/2024\/12\/valores.png 802w\" sizes=\"(max-width: 598px) 100vw, 598px\" \/><\/h3>\n<h3>A poco m\u00e1s de tres meses de aquella publicaci\u00f3n, los hechos actuales ayudan a entender el principio psicol\u00f3gico del desdoblamiento de la personalidad, o la contundencia que representa la m\u00e1s franca hipocres\u00eda.<\/h3>\n<h3><strong>IMPLICANCIAS<\/strong><\/h3>\n<h3>Para Sa\u00e1 Petrino, este nuevo episodio podr\u00eda significar el inicio de un proceso disciplinario que finalmente lo lleve a enfrentar la remoci\u00f3n de su cargo, una medida que ya hab\u00eda sido considerada por el Superior Tribunal de Justicia. M\u00e1s all\u00e1 de las acciones legales o administrativas que pudieran derivarse, este esc\u00e1ndalo da\u00f1a irreparablemente su reputaci\u00f3n profesional y pone en entredicho su capacidad para ejercer un rol de tan alta responsabilidad.<\/h3>\n<h3>Para el Colegio de Magistrados, la situaci\u00f3n no solo representa un desaf\u00edo financiero inmediato, sino tambi\u00e9n una crisis de legitimidad. La falta de mecanismos preventivos y la aparente permisividad con la gesti\u00f3n de sus recursos refuerzan la necesidad de una revisi\u00f3n exhaustiva de sus procedimientos internos. El descr\u00e9dito que esta crisis genera afecta no solo a sus miembros, sino a toda la estructura judicial de San Luis, cuyo prestigio queda ahora bajo una sombra de sospecha.<\/h3>\n<h3>A medida que las investigaciones avancen, el desaf\u00edo ser\u00e1 no solo esclarecer los hechos, sino tambi\u00e9n reconstruir la confianza p\u00fablica en una instituci\u00f3n que deber\u00eda ser garante de la legalidad y la transparencia.<\/h3>\n<p>&nbsp;<\/p>\n<p>&nbsp;<\/p>\n<p>&nbsp;<\/p>\n<p>&nbsp;<\/p>\n<p>&nbsp;<\/p>\n<p>&nbsp;<\/p>\n","protected":false},"excerpt":{"rendered":"<p>El Colegio de Magistrados y Funcionarios Judiciales de San Luis enfrenta una de sus mayores&#8230;<\/p>\n","protected":false},"author":1,"featured_media":27284,"comment_status":"closed","ping_status":"closed","sticky":false,"template":"","format":"standard","meta":{"footnotes":""},"categories":[6],"tags":[],"class_list":["post-27283","post","type-post","status-publish","format-standard","has-post-thumbnail","hentry","category-ciudad-provincia"],"yoast_head":"<!-- This site is optimized with the Yoast SEO plugin v26.1.1 - https:\/\/yoast.com\/wordpress\/plugins\/seo\/ -->\n<title>EL COLEGIO DE MAGISTRADOS DE SAN LUIS, A LAS PUERTAS DE UN GRAN ESC\u00c1NDALO - Apuntes de San Luis<\/title>\n<meta name=\"robots\" content=\"index, follow, max-snippet:-1, max-image-preview:large, max-video-preview:-1\" \/>\n<link rel=\"canonical\" href=\"https:\/\/apuntesdesanluis.com\/index.php\/2024\/12\/28\/el-colegio-de-magistrados-de-san-luis-a-las-puertas-de-un-gran-escandalo\/\" \/>\n<meta property=\"og:locale\" content=\"es_ES\" \/>\n<meta property=\"og:type\" content=\"article\" \/>\n<meta property=\"og:title\" content=\"EL COLEGIO DE MAGISTRADOS DE SAN LUIS, A LAS PUERTAS DE UN GRAN ESC\u00c1NDALO - Apuntes de San Luis\" \/>\n<meta property=\"og:description\" content=\"El Colegio de Magistrados y Funcionarios Judiciales de San Luis enfrenta una de sus mayores...\" \/>\n<meta property=\"og:url\" content=\"https:\/\/apuntesdesanluis.com\/index.php\/2024\/12\/28\/el-colegio-de-magistrados-de-san-luis-a-las-puertas-de-un-gran-escandalo\/\" \/>\n<meta property=\"og:site_name\" content=\"Apuntes de San Luis\" \/>\n<meta property=\"article:published_time\" content=\"2024-12-28T13:32:02+00:00\" \/>\n<meta property=\"article:modified_time\" content=\"2024-12-28T13:55:40+00:00\" \/>\n<meta property=\"og:image\" content=\"https:\/\/apuntesdesanluis.com\/wp-content\/uploads\/2024\/12\/hugo-saa-petrino.png\" \/>\n\t<meta property=\"og:image:width\" content=\"555\" \/>\n\t<meta property=\"og:image:height\" content=\"341\" \/>\n\t<meta property=\"og:image:type\" content=\"image\/png\" \/>\n<meta name=\"author\" content=\"apuntesdesanluis.com\" \/>\n<meta name=\"twitter:card\" content=\"summary_large_image\" \/>\n<meta name=\"twitter:label1\" content=\"Escrito por\" \/>\n\t<meta name=\"twitter:data1\" content=\"apuntesdesanluis.com\" \/>\n\t<meta name=\"twitter:label2\" content=\"Tiempo de lectura\" \/>\n\t<meta name=\"twitter:data2\" content=\"3 minutos\" \/>\n<script type=\"application\/ld+json\" class=\"yoast-schema-graph\">{\"@context\":\"https:\/\/schema.org\",\"@graph\":[{\"@type\":\"Article\",\"@id\":\"https:\/\/apuntesdesanluis.com\/index.php\/2024\/12\/28\/el-colegio-de-magistrados-de-san-luis-a-las-puertas-de-un-gran-escandalo\/#article\",\"isPartOf\":{\"@id\":\"https:\/\/apuntesdesanluis.com\/index.php\/2024\/12\/28\/el-colegio-de-magistrados-de-san-luis-a-las-puertas-de-un-gran-escandalo\/\"},\"author\":{\"name\":\"apuntesdesanluis.com\",\"@id\":\"https:\/\/apuntesdesanluis.com\/#\/schema\/person\/b55151d52296fcce64d1a72538a70b90\"},\"headline\":\"EL COLEGIO DE MAGISTRADOS DE SAN LUIS, A LAS PUERTAS DE UN GRAN ESC\u00c1NDALO\",\"datePublished\":\"2024-12-28T13:32:02+00:00\",\"dateModified\":\"2024-12-28T13:55:40+00:00\",\"mainEntityOfPage\":{\"@id\":\"https:\/\/apuntesdesanluis.com\/index.php\/2024\/12\/28\/el-colegio-de-magistrados-de-san-luis-a-las-puertas-de-un-gran-escandalo\/\"},\"wordCount\":609,\"publisher\":{\"@id\":\"https:\/\/apuntesdesanluis.com\/#\/schema\/person\/b55151d52296fcce64d1a72538a70b90\"},\"image\":{\"@id\":\"https:\/\/apuntesdesanluis.com\/index.php\/2024\/12\/28\/el-colegio-de-magistrados-de-san-luis-a-las-puertas-de-un-gran-escandalo\/#primaryimage\"},\"thumbnailUrl\":\"https:\/\/apuntesdesanluis.com\/wp-content\/uploads\/2024\/12\/hugo-saa-petrino.png\",\"articleSection\":[\"Ciudad\/Provincia\"],\"inLanguage\":\"es-AR\"},{\"@type\":\"WebPage\",\"@id\":\"https:\/\/apuntesdesanluis.com\/index.php\/2024\/12\/28\/el-colegio-de-magistrados-de-san-luis-a-las-puertas-de-un-gran-escandalo\/\",\"url\":\"https:\/\/apuntesdesanluis.com\/index.php\/2024\/12\/28\/el-colegio-de-magistrados-de-san-luis-a-las-puertas-de-un-gran-escandalo\/\",\"name\":\"EL COLEGIO DE MAGISTRADOS DE SAN LUIS, A LAS PUERTAS DE UN GRAN ESC\u00c1NDALO - Apuntes de San Luis\",\"isPartOf\":{\"@id\":\"https:\/\/apuntesdesanluis.com\/#website\"},\"primaryImageOfPage\":{\"@id\":\"https:\/\/apuntesdesanluis.com\/index.php\/2024\/12\/28\/el-colegio-de-magistrados-de-san-luis-a-las-puertas-de-un-gran-escandalo\/#primaryimage\"},\"image\":{\"@id\":\"https:\/\/apuntesdesanluis.com\/index.php\/2024\/12\/28\/el-colegio-de-magistrados-de-san-luis-a-las-puertas-de-un-gran-escandalo\/#primaryimage\"},\"thumbnailUrl\":\"https:\/\/apuntesdesanluis.com\/wp-content\/uploads\/2024\/12\/hugo-saa-petrino.png\",\"datePublished\":\"2024-12-28T13:32:02+00:00\",\"dateModified\":\"2024-12-28T13:55:40+00:00\",\"breadcrumb\":{\"@id\":\"https:\/\/apuntesdesanluis.com\/index.php\/2024\/12\/28\/el-colegio-de-magistrados-de-san-luis-a-las-puertas-de-un-gran-escandalo\/#breadcrumb\"},\"inLanguage\":\"es-AR\",\"potentialAction\":[{\"@type\":\"ReadAction\",\"target\":[\"https:\/\/apuntesdesanluis.com\/index.php\/2024\/12\/28\/el-colegio-de-magistrados-de-san-luis-a-las-puertas-de-un-gran-escandalo\/\"]}]},{\"@type\":\"ImageObject\",\"inLanguage\":\"es-AR\",\"@id\":\"https:\/\/apuntesdesanluis.com\/index.php\/2024\/12\/28\/el-colegio-de-magistrados-de-san-luis-a-las-puertas-de-un-gran-escandalo\/#primaryimage\",\"url\":\"https:\/\/apuntesdesanluis.com\/wp-content\/uploads\/2024\/12\/hugo-saa-petrino.png\",\"contentUrl\":\"https:\/\/apuntesdesanluis.com\/wp-content\/uploads\/2024\/12\/hugo-saa-petrino.png\",\"width\":555,\"height\":341},{\"@type\":\"BreadcrumbList\",\"@id\":\"https:\/\/apuntesdesanluis.com\/index.php\/2024\/12\/28\/el-colegio-de-magistrados-de-san-luis-a-las-puertas-de-un-gran-escandalo\/#breadcrumb\",\"itemListElement\":[{\"@type\":\"ListItem\",\"position\":1,\"name\":\"Inicio\",\"item\":\"https:\/\/apuntesdesanluis.com\/\"},{\"@type\":\"ListItem\",\"position\":2,\"name\":\"EL COLEGIO DE MAGISTRADOS DE SAN LUIS, A LAS PUERTAS DE UN GRAN ESC\u00c1NDALO\"}]},{\"@type\":\"WebSite\",\"@id\":\"https:\/\/apuntesdesanluis.com\/#website\",\"url\":\"https:\/\/apuntesdesanluis.com\/\",\"name\":\"Apuntes de San Luis\",\"description\":\"\",\"publisher\":{\"@id\":\"https:\/\/apuntesdesanluis.com\/#\/schema\/person\/b55151d52296fcce64d1a72538a70b90\"},\"potentialAction\":[{\"@type\":\"SearchAction\",\"target\":{\"@type\":\"EntryPoint\",\"urlTemplate\":\"https:\/\/apuntesdesanluis.com\/?s={search_term_string}\"},\"query-input\":{\"@type\":\"PropertyValueSpecification\",\"valueRequired\":true,\"valueName\":\"search_term_string\"}}],\"inLanguage\":\"es-AR\"},{\"@type\":[\"Person\",\"Organization\"],\"@id\":\"https:\/\/apuntesdesanluis.com\/#\/schema\/person\/b55151d52296fcce64d1a72538a70b90\",\"name\":\"apuntesdesanluis.com\",\"image\":{\"@type\":\"ImageObject\",\"inLanguage\":\"es-AR\",\"@id\":\"https:\/\/apuntesdesanluis.com\/#\/schema\/person\/image\/\",\"url\":\"https:\/\/apuntesdesanluis.com\/wp-content\/uploads\/2023\/07\/cropped-apuntesdesanluis.png\",\"contentUrl\":\"https:\/\/apuntesdesanluis.com\/wp-content\/uploads\/2023\/07\/cropped-apuntesdesanluis.png\",\"width\":450,\"height\":112,\"caption\":\"apuntesdesanluis.com\"},\"logo\":{\"@id\":\"https:\/\/apuntesdesanluis.com\/#\/schema\/person\/image\/\"},\"sameAs\":[\"https:\/\/apuntesdesanluis.com\"],\"url\":\"https:\/\/apuntesdesanluis.com\/index.php\/author\/apuntesdesanluis-com\/\"}]}<\/script>\n<!-- \/ Yoast SEO plugin. -->","yoast_head_json":{"title":"EL COLEGIO DE MAGISTRADOS DE SAN LUIS, A LAS PUERTAS DE UN GRAN ESC\u00c1NDALO - Apuntes de San Luis","robots":{"index":"index","follow":"follow","max-snippet":"max-snippet:-1","max-image-preview":"max-image-preview:large","max-video-preview":"max-video-preview:-1"},"canonical":"https:\/\/apuntesdesanluis.com\/index.php\/2024\/12\/28\/el-colegio-de-magistrados-de-san-luis-a-las-puertas-de-un-gran-escandalo\/","og_locale":"es_ES","og_type":"article","og_title":"EL COLEGIO DE MAGISTRADOS DE SAN LUIS, A LAS PUERTAS DE UN GRAN ESC\u00c1NDALO - Apuntes de San Luis","og_description":"El Colegio de Magistrados y Funcionarios Judiciales de San Luis enfrenta una de sus mayores...","og_url":"https:\/\/apuntesdesanluis.com\/index.php\/2024\/12\/28\/el-colegio-de-magistrados-de-san-luis-a-las-puertas-de-un-gran-escandalo\/","og_site_name":"Apuntes de San Luis","article_published_time":"2024-12-28T13:32:02+00:00","article_modified_time":"2024-12-28T13:55:40+00:00","og_image":[{"width":555,"height":341,"url":"https:\/\/apuntesdesanluis.com\/wp-content\/uploads\/2024\/12\/hugo-saa-petrino.png","type":"image\/png"}],"author":"apuntesdesanluis.com","twitter_card":"summary_large_image","twitter_misc":{"Escrito por":"apuntesdesanluis.com","Tiempo de lectura":"3 minutos"},"schema":{"@context":"https:\/\/schema.org","@graph":[{"@type":"Article","@id":"https:\/\/apuntesdesanluis.com\/index.php\/2024\/12\/28\/el-colegio-de-magistrados-de-san-luis-a-las-puertas-de-un-gran-escandalo\/#article","isPartOf":{"@id":"https:\/\/apuntesdesanluis.com\/index.php\/2024\/12\/28\/el-colegio-de-magistrados-de-san-luis-a-las-puertas-de-un-gran-escandalo\/"},"author":{"name":"apuntesdesanluis.com","@id":"https:\/\/apuntesdesanluis.com\/#\/schema\/person\/b55151d52296fcce64d1a72538a70b90"},"headline":"EL COLEGIO DE MAGISTRADOS DE SAN LUIS, A LAS PUERTAS DE UN GRAN ESC\u00c1NDALO","datePublished":"2024-12-28T13:32:02+00:00","dateModified":"2024-12-28T13:55:40+00:00","mainEntityOfPage":{"@id":"https:\/\/apuntesdesanluis.com\/index.php\/2024\/12\/28\/el-colegio-de-magistrados-de-san-luis-a-las-puertas-de-un-gran-escandalo\/"},"wordCount":609,"publisher":{"@id":"https:\/\/apuntesdesanluis.com\/#\/schema\/person\/b55151d52296fcce64d1a72538a70b90"},"image":{"@id":"https:\/\/apuntesdesanluis.com\/index.php\/2024\/12\/28\/el-colegio-de-magistrados-de-san-luis-a-las-puertas-de-un-gran-escandalo\/#primaryimage"},"thumbnailUrl":"https:\/\/apuntesdesanluis.com\/wp-content\/uploads\/2024\/12\/hugo-saa-petrino.png","articleSection":["Ciudad\/Provincia"],"inLanguage":"es-AR"},{"@type":"WebPage","@id":"https:\/\/apuntesdesanluis.com\/index.php\/2024\/12\/28\/el-colegio-de-magistrados-de-san-luis-a-las-puertas-de-un-gran-escandalo\/","url":"https:\/\/apuntesdesanluis.com\/index.php\/2024\/12\/28\/el-colegio-de-magistrados-de-san-luis-a-las-puertas-de-un-gran-escandalo\/","name":"EL COLEGIO DE MAGISTRADOS DE SAN LUIS, A LAS PUERTAS DE UN GRAN ESC\u00c1NDALO - Apuntes de San Luis","isPartOf":{"@id":"https:\/\/apuntesdesanluis.com\/#website"},"primaryImageOfPage":{"@id":"https:\/\/apuntesdesanluis.com\/index.php\/2024\/12\/28\/el-colegio-de-magistrados-de-san-luis-a-las-puertas-de-un-gran-escandalo\/#primaryimage"},"image":{"@id":"https:\/\/apuntesdesanluis.com\/index.php\/2024\/12\/28\/el-colegio-de-magistrados-de-san-luis-a-las-puertas-de-un-gran-escandalo\/#primaryimage"},"thumbnailUrl":"https:\/\/apuntesdesanluis.com\/wp-content\/uploads\/2024\/12\/hugo-saa-petrino.png","datePublished":"2024-12-28T13:32:02+00:00","dateModified":"2024-12-28T13:55:40+00:00","breadcrumb":{"@id":"https:\/\/apuntesdesanluis.com\/index.php\/2024\/12\/28\/el-colegio-de-magistrados-de-san-luis-a-las-puertas-de-un-gran-escandalo\/#breadcrumb"},"inLanguage":"es-AR","potentialAction":[{"@type":"ReadAction","target":["https:\/\/apuntesdesanluis.com\/index.php\/2024\/12\/28\/el-colegio-de-magistrados-de-san-luis-a-las-puertas-de-un-gran-escandalo\/"]}]},{"@type":"ImageObject","inLanguage":"es-AR","@id":"https:\/\/apuntesdesanluis.com\/index.php\/2024\/12\/28\/el-colegio-de-magistrados-de-san-luis-a-las-puertas-de-un-gran-escandalo\/#primaryimage","url":"https:\/\/apuntesdesanluis.com\/wp-content\/uploads\/2024\/12\/hugo-saa-petrino.png","contentUrl":"https:\/\/apuntesdesanluis.com\/wp-content\/uploads\/2024\/12\/hugo-saa-petrino.png","width":555,"height":341},{"@type":"BreadcrumbList","@id":"https:\/\/apuntesdesanluis.com\/index.php\/2024\/12\/28\/el-colegio-de-magistrados-de-san-luis-a-las-puertas-de-un-gran-escandalo\/#breadcrumb","itemListElement":[{"@type":"ListItem","position":1,"name":"Inicio","item":"https:\/\/apuntesdesanluis.com\/"},{"@type":"ListItem","position":2,"name":"EL COLEGIO DE MAGISTRADOS DE SAN LUIS, A LAS PUERTAS DE UN GRAN ESC\u00c1NDALO"}]},{"@type":"WebSite","@id":"https:\/\/apuntesdesanluis.com\/#website","url":"https:\/\/apuntesdesanluis.com\/","name":"Apuntes de San Luis","description":"","publisher":{"@id":"https:\/\/apuntesdesanluis.com\/#\/schema\/person\/b55151d52296fcce64d1a72538a70b90"},"potentialAction":[{"@type":"SearchAction","target":{"@type":"EntryPoint","urlTemplate":"https:\/\/apuntesdesanluis.com\/?s={search_term_string}"},"query-input":{"@type":"PropertyValueSpecification","valueRequired":true,"valueName":"search_term_string"}}],"inLanguage":"es-AR"},{"@type":["Person","Organization"],"@id":"https:\/\/apuntesdesanluis.com\/#\/schema\/person\/b55151d52296fcce64d1a72538a70b90","name":"apuntesdesanluis.com","image":{"@type":"ImageObject","inLanguage":"es-AR","@id":"https:\/\/apuntesdesanluis.com\/#\/schema\/person\/image\/","url":"https:\/\/apuntesdesanluis.com\/wp-content\/uploads\/2023\/07\/cropped-apuntesdesanluis.png","contentUrl":"https:\/\/apuntesdesanluis.com\/wp-content\/uploads\/2023\/07\/cropped-apuntesdesanluis.png","width":450,"height":112,"caption":"apuntesdesanluis.com"},"logo":{"@id":"https:\/\/apuntesdesanluis.com\/#\/schema\/person\/image\/"},"sameAs":["https:\/\/apuntesdesanluis.com"],"url":"https:\/\/apuntesdesanluis.com\/index.php\/author\/apuntesdesanluis-com\/"}]}},"featured_image_urls":{"full":["https:\/\/apuntesdesanluis.com\/wp-content\/uploads\/2024\/12\/hugo-saa-petrino.png",555,341,false],"thumbnail":["https:\/\/apuntesdesanluis.com\/wp-content\/uploads\/2024\/12\/hugo-saa-petrino-150x150.png",150,150,true],"medium":["https:\/\/apuntesdesanluis.com\/wp-content\/uploads\/2024\/12\/hugo-saa-petrino-300x184.png",300,184,true],"medium_large":["https:\/\/apuntesdesanluis.com\/wp-content\/uploads\/2024\/12\/hugo-saa-petrino.png",555,341,false],"large":["https:\/\/apuntesdesanluis.com\/wp-content\/uploads\/2024\/12\/hugo-saa-petrino.png",555,341,false],"1536x1536":["https:\/\/apuntesdesanluis.com\/wp-content\/uploads\/2024\/12\/hugo-saa-petrino.png",555,341,false],"2048x2048":["https:\/\/apuntesdesanluis.com\/wp-content\/uploads\/2024\/12\/hugo-saa-petrino.png",555,341,false],"newsever-slider-full":["https:\/\/apuntesdesanluis.com\/wp-content\/uploads\/2024\/12\/hugo-saa-petrino.png",555,341,false],"newsever-featured":["https:\/\/apuntesdesanluis.com\/wp-content\/uploads\/2024\/12\/hugo-saa-petrino.png",555,341,false],"newsever-medium":["https:\/\/apuntesdesanluis.com\/wp-content\/uploads\/2024\/12\/hugo-saa-petrino.png",555,341,false]},"author_info":{"display_name":"apuntesdesanluis.com","author_link":"https:\/\/apuntesdesanluis.com\/index.php\/author\/apuntesdesanluis-com\/"},"category_info":"<a href=\"https:\/\/apuntesdesanluis.com\/index.php\/category\/ciudad-provincia\/\" rel=\"category tag\">Ciudad\/Provincia<\/a>","tag_info":"Ciudad\/Provincia","comment_count":"0","_links":{"self":[{"href":"https:\/\/apuntesdesanluis.com\/index.php\/wp-json\/wp\/v2\/posts\/27283","targetHints":{"allow":["GET"]}}],"collection":[{"href":"https:\/\/apuntesdesanluis.com\/index.php\/wp-json\/wp\/v2\/posts"}],"about":[{"href":"https:\/\/apuntesdesanluis.com\/index.php\/wp-json\/wp\/v2\/types\/post"}],"author":[{"embeddable":true,"href":"https:\/\/apuntesdesanluis.com\/index.php\/wp-json\/wp\/v2\/users\/1"}],"replies":[{"embeddable":true,"href":"https:\/\/apuntesdesanluis.com\/index.php\/wp-json\/wp\/v2\/comments?post=27283"}],"version-history":[{"count":3,"href":"https:\/\/apuntesdesanluis.com\/index.php\/wp-json\/wp\/v2\/posts\/27283\/revisions"}],"predecessor-version":[{"id":27289,"href":"https:\/\/apuntesdesanluis.com\/index.php\/wp-json\/wp\/v2\/posts\/27283\/revisions\/27289"}],"wp:featuredmedia":[{"embeddable":true,"href":"https:\/\/apuntesdesanluis.com\/index.php\/wp-json\/wp\/v2\/media\/27284"}],"wp:attachment":[{"href":"https:\/\/apuntesdesanluis.com\/index.php\/wp-json\/wp\/v2\/media?parent=27283"}],"wp:term":[{"taxonomy":"category","embeddable":true,"href":"https:\/\/apuntesdesanluis.com\/index.php\/wp-json\/wp\/v2\/categories?post=27283"},{"taxonomy":"post_tag","embeddable":true,"href":"https:\/\/apuntesdesanluis.com\/index.php\/wp-json\/wp\/v2\/tags?post=27283"}],"curies":[{"name":"wp","href":"https:\/\/api.w.org\/{rel}","templated":true}]}}