{"id":27296,"date":"2024-12-27T22:25:53","date_gmt":"2024-12-28T01:25:53","guid":{"rendered":"https:\/\/apuntesdesanluis.com\/?p=27296"},"modified":"2024-12-28T22:27:31","modified_gmt":"2024-12-29T01:27:31","slug":"imputaron-al-asesino-de-pastran-homicidio-calificado-por-alevosia","status":"publish","type":"post","link":"https:\/\/apuntesdesanluis.com\/index.php\/2024\/12\/27\/imputaron-al-asesino-de-pastran-homicidio-calificado-por-alevosia\/","title":{"rendered":"IMPUTARON AL ASESINO DE PASTR\u00c1N: HOMICIDIO CALIFICADO POR ALEVOS\u00cdA"},"content":{"rendered":"<h3>El Ministerio P\u00fablico Fiscal formul\u00f3 cargos contra un hombre, como autor del delito de homicidio calificado por alevos\u00eda y por el uso de un arma de fuego, por un hecho registrado el 25 de diciembre en Villa Mercedes, donde perdi\u00f3 la vida <strong>Lucas Pastr\u00e1n <\/strong>luego de recibir una herida provocada con arma de fuego.<\/h3>\n<h3>En la ma\u00f1ana de este viernes, en el Juzgado de Garant\u00edas N\u00ba 4 de la Segunda Circunscripci\u00f3n Judicial, se desarroll\u00f3 la audiencia de formulaci\u00f3n de cargos en marco de la investigaci\u00f3n que se lleva a cabo para esclarecer un hecho delictivo ocurrido el 25 de diciembre en el frente de una vivienda ubicada en Guayaquil y Milone, en Villa Mercedes.<\/h3>\n<h3>La audiencia la dirigi\u00f3 el Dr. Santiago Ortiz, Juez de Garant\u00edas N\u00ba 4. Intervino como secretaria la Dra. Daniela L\u00f3pez Mart\u00edn. En representaci\u00f3n del Ministerio P\u00fablico Fiscal estuvieron presentes el Dr. Jos\u00e9 Olgu\u00edn \u2013 Fiscal de Instrucci\u00f3n N\u00ba 3 \u2013, el Dr. Marcelo Palacio Fern\u00e1ndez y la Dra. Andrea Court \u2013 Fiscales Adjuntos-. En la Defensa del imputado intervino el Dr. Pascual Celdr\u00e1n.<\/h3>\n<h3>En primer lugar, el Dr. Olgu\u00edn relat\u00f3 el hecho investigado. Explic\u00f3 que ocurri\u00f3 el 25 de diciembre, aproximadamente a las 9:20 horas. En ese horario, Pastr\u00e1n y el imputado se acercaron a un domicilio ubicado en Guayaquil y Milone para realizar una transacci\u00f3n no determinada. Fue en esa circunstancia en la que se habr\u00eda producido una discusi\u00f3n.<\/h3>\n<h3>El Fiscal explic\u00f3 que Pastr\u00e1n le peg\u00f3 un golpe de pu\u00f1o al imputado, quien se encontraba a bordo de su motocicleta. Al momento de alejarse del lugar, el imputado sac\u00f3 un rev\u00f3lver que ten\u00eda en su pantal\u00f3n y produjo dos disparos, uno de ellos impact\u00f3 en la espalda de Pastr\u00e1n, quien primeramente fue trasladado al Policl\u00ednico Regional, donde minutos m\u00e1s tarde falleci\u00f3 producto de la herida recibida.<\/h3>\n<h3>Entre las evidencias, el Fiscal mencion\u00f3 el testimonio de tres testigos que se\u00f1alan al imputado como el autor del hecho, quienes adem\u00e1s aportaron datos sobre sus caracter\u00edsticas f\u00edsicas y la motocicleta en la que circulaba. Tambi\u00e9n mencion\u00f3 la declaraci\u00f3n de la persona que acompa\u00f1\u00f3 en la ambulancia a Pastr\u00e1n.<\/h3>\n<h3>El Dr. Olgu\u00edn explic\u00f3 que, mientras la v\u00edctima era trasladada y cuando a\u00fan estaba l\u00facido, pudo decir a su acompa\u00f1ante el apodo de la persona que lo hab\u00eda atacado.<\/h3>\n<h3>Consider\u00f3 acreditada la participaci\u00f3n del imputado en el hecho al que encuadro como un homicidio calificado por alevos\u00eda y por ser cometido con un arma de fuego. En este sentido, precis\u00f3 que el ataque se produjo por la espalda, que el imputado se asegur\u00f3 de actuar sin ning\u00fan tipo de riesgo. Precis\u00f3 que la herida se produjo con un arma calibre 38 a una distancia de 5 o 6 metros.<\/h3>\n<h3>Cedida la palabra al Dr. Celdr\u00e1n, explic\u00f3 que, de acuerdo a la gravedad de la imputaci\u00f3n, solicitar\u00eda siete d\u00edas de pr\u00f3rroga de la detenci\u00f3n a fin de plantear su teor\u00eda del caso. Adelant\u00f3 que su defendido no es el autor del hecho y cuestion\u00f3 el agravante, entendi\u00f3 que no se dan las circunstancias previstas para la alevos\u00eda.<\/h3>\n<h3>Asimismo, solicit\u00f3 al tribunal la realizaci\u00f3n de\u00a0 dos pericias: primero, que se realice un an\u00e1lisis m\u00e9dico forense a su asistido a fin de determinar si recibi\u00f3 un golpe de pu\u00f1o, esto a los efectos de demostrar que no existi\u00f3 una discusi\u00f3n previa con la v\u00edctima, explic\u00f3. Por otra parte, solicit\u00f3 se realice a su asistido una rinoscop\u00eda a fin de determinar el consumo o no de estupefacientes.<\/h3>\n<h3>Luego de escuchar a las partes, el Dr. Ortiz tuvo por formulados cargos en los t\u00e9rminos solicitados por el Ministerio P\u00fablico Fiscal \u2013 homicidio calificado por alevos\u00eda y por ser cometido con un arma de fuego (Arts.\u00a0 80 inc. 2, 45 y 41 bis del C\u00f3digo Penal Argentino), concedi\u00f3 la pr\u00f3rroga de detenci\u00f3n solicitada por la Defensa, fijando una nueva audiencia para el pr\u00f3ximo 3 de enero, cuando se definir\u00e1 la situaci\u00f3n procesal del imputado. Asimismo, orden\u00f3 que se realicen las pericias solicitadas por el Dr. Celdr\u00e1n.<\/h3>\n<h3><\/h3>\n<h3><\/h3>\n<h3><\/h3>\n","protected":false},"excerpt":{"rendered":"<p>El Ministerio P\u00fablico Fiscal formul\u00f3 cargos contra un hombre, como autor del delito de homicidio&#8230;<\/p>\n","protected":false},"author":1,"featured_media":27297,"comment_status":"closed","ping_status":"closed","sticky":false,"template":"","format":"standard","meta":{"footnotes":""},"categories":[6],"tags":[],"class_list":["post-27296","post","type-post","status-publish","format-standard","has-post-thumbnail","hentry","category-ciudad-provincia"],"yoast_head":"<!-- This site is optimized with the Yoast SEO plugin v26.1.1 - https:\/\/yoast.com\/wordpress\/plugins\/seo\/ -->\n<title>IMPUTARON AL ASESINO DE PASTR\u00c1N: HOMICIDIO CALIFICADO POR ALEVOS\u00cdA - Apuntes de San Luis<\/title>\n<meta name=\"robots\" content=\"index, follow, max-snippet:-1, max-image-preview:large, max-video-preview:-1\" \/>\n<link rel=\"canonical\" href=\"https:\/\/apuntesdesanluis.com\/index.php\/2024\/12\/27\/imputaron-al-asesino-de-pastran-homicidio-calificado-por-alevosia\/\" \/>\n<meta property=\"og:locale\" content=\"es_ES\" \/>\n<meta property=\"og:type\" content=\"article\" \/>\n<meta property=\"og:title\" content=\"IMPUTARON AL ASESINO DE PASTR\u00c1N: HOMICIDIO CALIFICADO POR ALEVOS\u00cdA - Apuntes de San Luis\" \/>\n<meta property=\"og:description\" content=\"El Ministerio P\u00fablico Fiscal formul\u00f3 cargos contra un hombre, como autor del delito de homicidio...\" \/>\n<meta property=\"og:url\" content=\"https:\/\/apuntesdesanluis.com\/index.php\/2024\/12\/27\/imputaron-al-asesino-de-pastran-homicidio-calificado-por-alevosia\/\" \/>\n<meta property=\"og:site_name\" content=\"Apuntes de San Luis\" \/>\n<meta property=\"article:published_time\" content=\"2024-12-28T01:25:53+00:00\" \/>\n<meta property=\"article:modified_time\" content=\"2024-12-29T01:27:31+00:00\" \/>\n<meta property=\"og:image\" content=\"https:\/\/apuntesdesanluis.com\/wp-content\/uploads\/2024\/12\/JUEZ-ORTIZ-PASTRAN.png\" \/>\n\t<meta property=\"og:image:width\" content=\"716\" \/>\n\t<meta property=\"og:image:height\" content=\"456\" \/>\n\t<meta property=\"og:image:type\" content=\"image\/png\" \/>\n<meta name=\"author\" content=\"apuntesdesanluis.com\" \/>\n<meta name=\"twitter:card\" content=\"summary_large_image\" \/>\n<meta name=\"twitter:label1\" content=\"Escrito por\" \/>\n\t<meta name=\"twitter:data1\" content=\"apuntesdesanluis.com\" \/>\n\t<meta name=\"twitter:label2\" content=\"Tiempo de lectura\" \/>\n\t<meta name=\"twitter:data2\" content=\"4 minutos\" \/>\n<script type=\"application\/ld+json\" class=\"yoast-schema-graph\">{\"@context\":\"https:\/\/schema.org\",\"@graph\":[{\"@type\":\"Article\",\"@id\":\"https:\/\/apuntesdesanluis.com\/index.php\/2024\/12\/27\/imputaron-al-asesino-de-pastran-homicidio-calificado-por-alevosia\/#article\",\"isPartOf\":{\"@id\":\"https:\/\/apuntesdesanluis.com\/index.php\/2024\/12\/27\/imputaron-al-asesino-de-pastran-homicidio-calificado-por-alevosia\/\"},\"author\":{\"name\":\"apuntesdesanluis.com\",\"@id\":\"https:\/\/apuntesdesanluis.com\/#\/schema\/person\/b55151d52296fcce64d1a72538a70b90\"},\"headline\":\"IMPUTARON AL ASESINO DE PASTR\u00c1N: HOMICIDIO CALIFICADO POR ALEVOS\u00cdA\",\"datePublished\":\"2024-12-28T01:25:53+00:00\",\"dateModified\":\"2024-12-29T01:27:31+00:00\",\"mainEntityOfPage\":{\"@id\":\"https:\/\/apuntesdesanluis.com\/index.php\/2024\/12\/27\/imputaron-al-asesino-de-pastran-homicidio-calificado-por-alevosia\/\"},\"wordCount\":722,\"publisher\":{\"@id\":\"https:\/\/apuntesdesanluis.com\/#\/schema\/person\/b55151d52296fcce64d1a72538a70b90\"},\"image\":{\"@id\":\"https:\/\/apuntesdesanluis.com\/index.php\/2024\/12\/27\/imputaron-al-asesino-de-pastran-homicidio-calificado-por-alevosia\/#primaryimage\"},\"thumbnailUrl\":\"https:\/\/apuntesdesanluis.com\/wp-content\/uploads\/2024\/12\/JUEZ-ORTIZ-PASTRAN.png\",\"articleSection\":[\"Ciudad\/Provincia\"],\"inLanguage\":\"es-AR\"},{\"@type\":\"WebPage\",\"@id\":\"https:\/\/apuntesdesanluis.com\/index.php\/2024\/12\/27\/imputaron-al-asesino-de-pastran-homicidio-calificado-por-alevosia\/\",\"url\":\"https:\/\/apuntesdesanluis.com\/index.php\/2024\/12\/27\/imputaron-al-asesino-de-pastran-homicidio-calificado-por-alevosia\/\",\"name\":\"IMPUTARON AL ASESINO DE PASTR\u00c1N: HOMICIDIO CALIFICADO POR ALEVOS\u00cdA - Apuntes de San Luis\",\"isPartOf\":{\"@id\":\"https:\/\/apuntesdesanluis.com\/#website\"},\"primaryImageOfPage\":{\"@id\":\"https:\/\/apuntesdesanluis.com\/index.php\/2024\/12\/27\/imputaron-al-asesino-de-pastran-homicidio-calificado-por-alevosia\/#primaryimage\"},\"image\":{\"@id\":\"https:\/\/apuntesdesanluis.com\/index.php\/2024\/12\/27\/imputaron-al-asesino-de-pastran-homicidio-calificado-por-alevosia\/#primaryimage\"},\"thumbnailUrl\":\"https:\/\/apuntesdesanluis.com\/wp-content\/uploads\/2024\/12\/JUEZ-ORTIZ-PASTRAN.png\",\"datePublished\":\"2024-12-28T01:25:53+00:00\",\"dateModified\":\"2024-12-29T01:27:31+00:00\",\"breadcrumb\":{\"@id\":\"https:\/\/apuntesdesanluis.com\/index.php\/2024\/12\/27\/imputaron-al-asesino-de-pastran-homicidio-calificado-por-alevosia\/#breadcrumb\"},\"inLanguage\":\"es-AR\",\"potentialAction\":[{\"@type\":\"ReadAction\",\"target\":[\"https:\/\/apuntesdesanluis.com\/index.php\/2024\/12\/27\/imputaron-al-asesino-de-pastran-homicidio-calificado-por-alevosia\/\"]}]},{\"@type\":\"ImageObject\",\"inLanguage\":\"es-AR\",\"@id\":\"https:\/\/apuntesdesanluis.com\/index.php\/2024\/12\/27\/imputaron-al-asesino-de-pastran-homicidio-calificado-por-alevosia\/#primaryimage\",\"url\":\"https:\/\/apuntesdesanluis.com\/wp-content\/uploads\/2024\/12\/JUEZ-ORTIZ-PASTRAN.png\",\"contentUrl\":\"https:\/\/apuntesdesanluis.com\/wp-content\/uploads\/2024\/12\/JUEZ-ORTIZ-PASTRAN.png\",\"width\":716,\"height\":456},{\"@type\":\"BreadcrumbList\",\"@id\":\"https:\/\/apuntesdesanluis.com\/index.php\/2024\/12\/27\/imputaron-al-asesino-de-pastran-homicidio-calificado-por-alevosia\/#breadcrumb\",\"itemListElement\":[{\"@type\":\"ListItem\",\"position\":1,\"name\":\"Inicio\",\"item\":\"https:\/\/apuntesdesanluis.com\/\"},{\"@type\":\"ListItem\",\"position\":2,\"name\":\"IMPUTARON AL ASESINO DE PASTR\u00c1N: HOMICIDIO CALIFICADO POR ALEVOS\u00cdA\"}]},{\"@type\":\"WebSite\",\"@id\":\"https:\/\/apuntesdesanluis.com\/#website\",\"url\":\"https:\/\/apuntesdesanluis.com\/\",\"name\":\"Apuntes de San Luis\",\"description\":\"\",\"publisher\":{\"@id\":\"https:\/\/apuntesdesanluis.com\/#\/schema\/person\/b55151d52296fcce64d1a72538a70b90\"},\"potentialAction\":[{\"@type\":\"SearchAction\",\"target\":{\"@type\":\"EntryPoint\",\"urlTemplate\":\"https:\/\/apuntesdesanluis.com\/?s={search_term_string}\"},\"query-input\":{\"@type\":\"PropertyValueSpecification\",\"valueRequired\":true,\"valueName\":\"search_term_string\"}}],\"inLanguage\":\"es-AR\"},{\"@type\":[\"Person\",\"Organization\"],\"@id\":\"https:\/\/apuntesdesanluis.com\/#\/schema\/person\/b55151d52296fcce64d1a72538a70b90\",\"name\":\"apuntesdesanluis.com\",\"image\":{\"@type\":\"ImageObject\",\"inLanguage\":\"es-AR\",\"@id\":\"https:\/\/apuntesdesanluis.com\/#\/schema\/person\/image\/\",\"url\":\"https:\/\/apuntesdesanluis.com\/wp-content\/uploads\/2023\/07\/cropped-apuntesdesanluis.png\",\"contentUrl\":\"https:\/\/apuntesdesanluis.com\/wp-content\/uploads\/2023\/07\/cropped-apuntesdesanluis.png\",\"width\":450,\"height\":112,\"caption\":\"apuntesdesanluis.com\"},\"logo\":{\"@id\":\"https:\/\/apuntesdesanluis.com\/#\/schema\/person\/image\/\"},\"sameAs\":[\"https:\/\/apuntesdesanluis.com\"],\"url\":\"https:\/\/apuntesdesanluis.com\/index.php\/author\/apuntesdesanluis-com\/\"}]}<\/script>\n<!-- \/ Yoast SEO plugin. -->","yoast_head_json":{"title":"IMPUTARON AL ASESINO DE PASTR\u00c1N: HOMICIDIO CALIFICADO POR ALEVOS\u00cdA - Apuntes de San Luis","robots":{"index":"index","follow":"follow","max-snippet":"max-snippet:-1","max-image-preview":"max-image-preview:large","max-video-preview":"max-video-preview:-1"},"canonical":"https:\/\/apuntesdesanluis.com\/index.php\/2024\/12\/27\/imputaron-al-asesino-de-pastran-homicidio-calificado-por-alevosia\/","og_locale":"es_ES","og_type":"article","og_title":"IMPUTARON AL ASESINO DE PASTR\u00c1N: HOMICIDIO CALIFICADO POR ALEVOS\u00cdA - Apuntes de San Luis","og_description":"El Ministerio P\u00fablico Fiscal formul\u00f3 cargos contra un hombre, como autor del delito de homicidio...","og_url":"https:\/\/apuntesdesanluis.com\/index.php\/2024\/12\/27\/imputaron-al-asesino-de-pastran-homicidio-calificado-por-alevosia\/","og_site_name":"Apuntes de San Luis","article_published_time":"2024-12-28T01:25:53+00:00","article_modified_time":"2024-12-29T01:27:31+00:00","og_image":[{"width":716,"height":456,"url":"https:\/\/apuntesdesanluis.com\/wp-content\/uploads\/2024\/12\/JUEZ-ORTIZ-PASTRAN.png","type":"image\/png"}],"author":"apuntesdesanluis.com","twitter_card":"summary_large_image","twitter_misc":{"Escrito por":"apuntesdesanluis.com","Tiempo de lectura":"4 minutos"},"schema":{"@context":"https:\/\/schema.org","@graph":[{"@type":"Article","@id":"https:\/\/apuntesdesanluis.com\/index.php\/2024\/12\/27\/imputaron-al-asesino-de-pastran-homicidio-calificado-por-alevosia\/#article","isPartOf":{"@id":"https:\/\/apuntesdesanluis.com\/index.php\/2024\/12\/27\/imputaron-al-asesino-de-pastran-homicidio-calificado-por-alevosia\/"},"author":{"name":"apuntesdesanluis.com","@id":"https:\/\/apuntesdesanluis.com\/#\/schema\/person\/b55151d52296fcce64d1a72538a70b90"},"headline":"IMPUTARON AL ASESINO DE PASTR\u00c1N: HOMICIDIO CALIFICADO POR ALEVOS\u00cdA","datePublished":"2024-12-28T01:25:53+00:00","dateModified":"2024-12-29T01:27:31+00:00","mainEntityOfPage":{"@id":"https:\/\/apuntesdesanluis.com\/index.php\/2024\/12\/27\/imputaron-al-asesino-de-pastran-homicidio-calificado-por-alevosia\/"},"wordCount":722,"publisher":{"@id":"https:\/\/apuntesdesanluis.com\/#\/schema\/person\/b55151d52296fcce64d1a72538a70b90"},"image":{"@id":"https:\/\/apuntesdesanluis.com\/index.php\/2024\/12\/27\/imputaron-al-asesino-de-pastran-homicidio-calificado-por-alevosia\/#primaryimage"},"thumbnailUrl":"https:\/\/apuntesdesanluis.com\/wp-content\/uploads\/2024\/12\/JUEZ-ORTIZ-PASTRAN.png","articleSection":["Ciudad\/Provincia"],"inLanguage":"es-AR"},{"@type":"WebPage","@id":"https:\/\/apuntesdesanluis.com\/index.php\/2024\/12\/27\/imputaron-al-asesino-de-pastran-homicidio-calificado-por-alevosia\/","url":"https:\/\/apuntesdesanluis.com\/index.php\/2024\/12\/27\/imputaron-al-asesino-de-pastran-homicidio-calificado-por-alevosia\/","name":"IMPUTARON AL ASESINO DE PASTR\u00c1N: HOMICIDIO CALIFICADO POR ALEVOS\u00cdA - Apuntes de San Luis","isPartOf":{"@id":"https:\/\/apuntesdesanluis.com\/#website"},"primaryImageOfPage":{"@id":"https:\/\/apuntesdesanluis.com\/index.php\/2024\/12\/27\/imputaron-al-asesino-de-pastran-homicidio-calificado-por-alevosia\/#primaryimage"},"image":{"@id":"https:\/\/apuntesdesanluis.com\/index.php\/2024\/12\/27\/imputaron-al-asesino-de-pastran-homicidio-calificado-por-alevosia\/#primaryimage"},"thumbnailUrl":"https:\/\/apuntesdesanluis.com\/wp-content\/uploads\/2024\/12\/JUEZ-ORTIZ-PASTRAN.png","datePublished":"2024-12-28T01:25:53+00:00","dateModified":"2024-12-29T01:27:31+00:00","breadcrumb":{"@id":"https:\/\/apuntesdesanluis.com\/index.php\/2024\/12\/27\/imputaron-al-asesino-de-pastran-homicidio-calificado-por-alevosia\/#breadcrumb"},"inLanguage":"es-AR","potentialAction":[{"@type":"ReadAction","target":["https:\/\/apuntesdesanluis.com\/index.php\/2024\/12\/27\/imputaron-al-asesino-de-pastran-homicidio-calificado-por-alevosia\/"]}]},{"@type":"ImageObject","inLanguage":"es-AR","@id":"https:\/\/apuntesdesanluis.com\/index.php\/2024\/12\/27\/imputaron-al-asesino-de-pastran-homicidio-calificado-por-alevosia\/#primaryimage","url":"https:\/\/apuntesdesanluis.com\/wp-content\/uploads\/2024\/12\/JUEZ-ORTIZ-PASTRAN.png","contentUrl":"https:\/\/apuntesdesanluis.com\/wp-content\/uploads\/2024\/12\/JUEZ-ORTIZ-PASTRAN.png","width":716,"height":456},{"@type":"BreadcrumbList","@id":"https:\/\/apuntesdesanluis.com\/index.php\/2024\/12\/27\/imputaron-al-asesino-de-pastran-homicidio-calificado-por-alevosia\/#breadcrumb","itemListElement":[{"@type":"ListItem","position":1,"name":"Inicio","item":"https:\/\/apuntesdesanluis.com\/"},{"@type":"ListItem","position":2,"name":"IMPUTARON AL ASESINO DE PASTR\u00c1N: HOMICIDIO CALIFICADO POR ALEVOS\u00cdA"}]},{"@type":"WebSite","@id":"https:\/\/apuntesdesanluis.com\/#website","url":"https:\/\/apuntesdesanluis.com\/","name":"Apuntes de San Luis","description":"","publisher":{"@id":"https:\/\/apuntesdesanluis.com\/#\/schema\/person\/b55151d52296fcce64d1a72538a70b90"},"potentialAction":[{"@type":"SearchAction","target":{"@type":"EntryPoint","urlTemplate":"https:\/\/apuntesdesanluis.com\/?s={search_term_string}"},"query-input":{"@type":"PropertyValueSpecification","valueRequired":true,"valueName":"search_term_string"}}],"inLanguage":"es-AR"},{"@type":["Person","Organization"],"@id":"https:\/\/apuntesdesanluis.com\/#\/schema\/person\/b55151d52296fcce64d1a72538a70b90","name":"apuntesdesanluis.com","image":{"@type":"ImageObject","inLanguage":"es-AR","@id":"https:\/\/apuntesdesanluis.com\/#\/schema\/person\/image\/","url":"https:\/\/apuntesdesanluis.com\/wp-content\/uploads\/2023\/07\/cropped-apuntesdesanluis.png","contentUrl":"https:\/\/apuntesdesanluis.com\/wp-content\/uploads\/2023\/07\/cropped-apuntesdesanluis.png","width":450,"height":112,"caption":"apuntesdesanluis.com"},"logo":{"@id":"https:\/\/apuntesdesanluis.com\/#\/schema\/person\/image\/"},"sameAs":["https:\/\/apuntesdesanluis.com"],"url":"https:\/\/apuntesdesanluis.com\/index.php\/author\/apuntesdesanluis-com\/"}]}},"featured_image_urls":{"full":["https:\/\/apuntesdesanluis.com\/wp-content\/uploads\/2024\/12\/JUEZ-ORTIZ-PASTRAN.png",716,456,false],"thumbnail":["https:\/\/apuntesdesanluis.com\/wp-content\/uploads\/2024\/12\/JUEZ-ORTIZ-PASTRAN-150x150.png",150,150,true],"medium":["https:\/\/apuntesdesanluis.com\/wp-content\/uploads\/2024\/12\/JUEZ-ORTIZ-PASTRAN-300x191.png",300,191,true],"medium_large":["https:\/\/apuntesdesanluis.com\/wp-content\/uploads\/2024\/12\/JUEZ-ORTIZ-PASTRAN.png",640,408,false],"large":["https:\/\/apuntesdesanluis.com\/wp-content\/uploads\/2024\/12\/JUEZ-ORTIZ-PASTRAN.png",640,408,false],"1536x1536":["https:\/\/apuntesdesanluis.com\/wp-content\/uploads\/2024\/12\/JUEZ-ORTIZ-PASTRAN.png",716,456,false],"2048x2048":["https:\/\/apuntesdesanluis.com\/wp-content\/uploads\/2024\/12\/JUEZ-ORTIZ-PASTRAN.png",716,456,false],"newsever-slider-full":["https:\/\/apuntesdesanluis.com\/wp-content\/uploads\/2024\/12\/JUEZ-ORTIZ-PASTRAN.png",716,456,false],"newsever-featured":["https:\/\/apuntesdesanluis.com\/wp-content\/uploads\/2024\/12\/JUEZ-ORTIZ-PASTRAN.png",716,456,false],"newsever-medium":["https:\/\/apuntesdesanluis.com\/wp-content\/uploads\/2024\/12\/JUEZ-ORTIZ-PASTRAN.png",716,456,false]},"author_info":{"display_name":"apuntesdesanluis.com","author_link":"https:\/\/apuntesdesanluis.com\/index.php\/author\/apuntesdesanluis-com\/"},"category_info":"<a href=\"https:\/\/apuntesdesanluis.com\/index.php\/category\/ciudad-provincia\/\" rel=\"category tag\">Ciudad\/Provincia<\/a>","tag_info":"Ciudad\/Provincia","comment_count":"0","_links":{"self":[{"href":"https:\/\/apuntesdesanluis.com\/index.php\/wp-json\/wp\/v2\/posts\/27296","targetHints":{"allow":["GET"]}}],"collection":[{"href":"https:\/\/apuntesdesanluis.com\/index.php\/wp-json\/wp\/v2\/posts"}],"about":[{"href":"https:\/\/apuntesdesanluis.com\/index.php\/wp-json\/wp\/v2\/types\/post"}],"author":[{"embeddable":true,"href":"https:\/\/apuntesdesanluis.com\/index.php\/wp-json\/wp\/v2\/users\/1"}],"replies":[{"embeddable":true,"href":"https:\/\/apuntesdesanluis.com\/index.php\/wp-json\/wp\/v2\/comments?post=27296"}],"version-history":[{"count":1,"href":"https:\/\/apuntesdesanluis.com\/index.php\/wp-json\/wp\/v2\/posts\/27296\/revisions"}],"predecessor-version":[{"id":27298,"href":"https:\/\/apuntesdesanluis.com\/index.php\/wp-json\/wp\/v2\/posts\/27296\/revisions\/27298"}],"wp:featuredmedia":[{"embeddable":true,"href":"https:\/\/apuntesdesanluis.com\/index.php\/wp-json\/wp\/v2\/media\/27297"}],"wp:attachment":[{"href":"https:\/\/apuntesdesanluis.com\/index.php\/wp-json\/wp\/v2\/media?parent=27296"}],"wp:term":[{"taxonomy":"category","embeddable":true,"href":"https:\/\/apuntesdesanluis.com\/index.php\/wp-json\/wp\/v2\/categories?post=27296"},{"taxonomy":"post_tag","embeddable":true,"href":"https:\/\/apuntesdesanluis.com\/index.php\/wp-json\/wp\/v2\/tags?post=27296"}],"curies":[{"name":"wp","href":"https:\/\/api.w.org\/{rel}","templated":true}]}}