{"id":27299,"date":"2024-12-29T18:08:33","date_gmt":"2024-12-29T21:08:33","guid":{"rendered":"https:\/\/apuntesdesanluis.com\/?p=27299"},"modified":"2024-12-29T18:33:53","modified_gmt":"2024-12-29T21:33:53","slug":"grilla-completa-de-las-4-noches-de-la-fiesta-nacional-de-la-calle-angosta","status":"publish","type":"post","link":"https:\/\/apuntesdesanluis.com\/index.php\/2024\/12\/29\/grilla-completa-de-las-4-noches-de-la-fiesta-nacional-de-la-calle-angosta\/","title":{"rendered":"GRILLA COMPLETA DE LAS 4 NOCHES DE LA FIESTA NACIONAL DE LA CALLE ANGOSTA"},"content":{"rendered":"<h3>La fiesta m\u00e1xima del folclore cuyano se desarrollar\u00e1 desde el jueves 23 hasta el domingo 26 de enero, con un programa art\u00edstico en el que desfilar\u00e1n sobre el escenario Alfonso y Zavala las figuras de mayor renombre a nivel nacional y provincial.<\/h3>\n<p><img fetchpriority=\"high\" decoding=\"async\" class=\"wp-image-27307 aligncenter\" src=\"https:\/\/apuntesdesanluis.com\/wp-content\/uploads\/2024\/12\/maxi-1-300x179.png\" alt=\"\" width=\"630\" height=\"376\" srcset=\"https:\/\/apuntesdesanluis.com\/wp-content\/uploads\/2024\/12\/maxi-1-300x179.png 300w, https:\/\/apuntesdesanluis.com\/wp-content\/uploads\/2024\/12\/maxi-1.png 674w\" sizes=\"(max-width: 630px) 100vw, 630px\" \/><\/p>\n<h3>La presentaci\u00f3n fue el viernes y estuvo a cargo del intendente municipal <strong>Maximiliano Frontera<\/strong>, con la presencia del ministro de Turismo de la provincia, <strong>Juan \u00c1lvarez Pinto<\/strong>, autoridades municipales, legisladores provinciales y locales, veteranos y ex combatientes de Malvinas, artistas y vecinos y vecinas.<\/h3>\n<p><img decoding=\"async\" class=\"wp-image-27308 aligncenter\" src=\"https:\/\/apuntesdesanluis.com\/wp-content\/uploads\/2024\/12\/maxi-y-alvarez-pinto-300x210.png\" alt=\"\" width=\"631\" height=\"442\" srcset=\"https:\/\/apuntesdesanluis.com\/wp-content\/uploads\/2024\/12\/maxi-y-alvarez-pinto-300x210.png 300w, https:\/\/apuntesdesanluis.com\/wp-content\/uploads\/2024\/12\/maxi-y-alvarez-pinto.png 561w\" sizes=\"(max-width: 631px) 100vw, 631px\" \/><\/p>\n<h3>El jefe comunal destac\u00f3 que &#8220;ser\u00e1n cuatro noches donde se va a mostrar nuestro arte. Pero adem\u00e1s el sector privado, los emprendedores y tantos otros rubros van a ser beneficiados con este movimiento econ\u00f3mico&#8221;.<\/h3>\n<p><img decoding=\"async\" class=\"wp-image-27310 aligncenter\" src=\"https:\/\/apuntesdesanluis.com\/wp-content\/uploads\/2024\/12\/publico-300x183.png\" alt=\"\" width=\"630\" height=\"384\" srcset=\"https:\/\/apuntesdesanluis.com\/wp-content\/uploads\/2024\/12\/publico-300x183.png 300w, https:\/\/apuntesdesanluis.com\/wp-content\/uploads\/2024\/12\/publico.png 752w\" sizes=\"(max-width: 630px) 100vw, 630px\" \/><\/p>\n<h3>Para finalizar, m\u00fasicas, m\u00fasicos y bailarines interpretaron con gran alegr\u00eda nuestras tradicionales canciones: la Calle Angosta, El Chulengo y Caminito al Norte y no falt\u00f3 el baile.<\/h3>\n<p><img loading=\"lazy\" decoding=\"async\" class=\"wp-image-27309 aligncenter\" src=\"https:\/\/apuntesdesanluis.com\/wp-content\/uploads\/2024\/12\/maxi-bailando-300x182.jpg\" alt=\"\" width=\"630\" height=\"382\" srcset=\"https:\/\/apuntesdesanluis.com\/wp-content\/uploads\/2024\/12\/maxi-bailando-300x182.jpg 300w, https:\/\/apuntesdesanluis.com\/wp-content\/uploads\/2024\/12\/maxi-bailando.jpg 700w\" sizes=\"(max-width: 630px) 100vw, 630px\" \/><\/p>\n<h3 style=\"text-align: left;\">Algunos de los principales artistas que dir\u00e1n presente en esta <strong>36\u00b0 Fiesta Nacional de la Calle Angosta<\/strong> son: Jorge Rojas, Destino San Javier, Lucio &#8220;El Indio&#8221; Rojas, Los Trovadores de Cuyo, Ricardo &#8220;Chiqui&#8221; Pereira, Los Kijanoss, Los Nombradores del Alba junto a Facundo Toro, Enrique Espinosa, Algarroba.com y m\u00e1s de lo mejor de Cuyo.<\/h3>\n<h3>Para el domingo, el cierre estar\u00e1 a cargo de Pol Mun y La Barra como los\u00a0 n\u00fameros m\u00e1s destacados.<\/h3>\n<h3>Las entradas ya est\u00e1n disponibles, a un costo muy accesible: $8.500 anticipadas por d\u00eda. Se pueden adquirir ingresando al siguiente link: <span style=\"color: #3366ff;\"><a style=\"color: #3366ff;\" href=\"https:\/\/www.tuentrada.com\/...\/CalleAngosta2025\/118400015038\">https:\/\/www.tuentrada.com\/&#8230;\/CalleAngosta2025\/118400015038<\/a><\/span><\/h3>\n<h3><img loading=\"lazy\" decoding=\"async\" class=\"wp-image-27300 aligncenter\" src=\"https:\/\/apuntesdesanluis.com\/wp-content\/uploads\/2024\/12\/entradas-240x300.jpg\" alt=\"\" width=\"488\" height=\"610\" srcset=\"https:\/\/apuntesdesanluis.com\/wp-content\/uploads\/2024\/12\/entradas-240x300.jpg 240w, https:\/\/apuntesdesanluis.com\/wp-content\/uploads\/2024\/12\/entradas.jpg 480w\" sizes=\"(max-width: 488px) 100vw, 488px\" \/><\/h3>\n<h3><strong>GRILLA COMPLETA<\/strong><\/h3>\n<p><img loading=\"lazy\" decoding=\"async\" class=\"wp-image-27301 aligncenter\" src=\"https:\/\/apuntesdesanluis.com\/wp-content\/uploads\/2024\/12\/artistas-1-247x300.jpg\" alt=\"\" width=\"487\" height=\"591\" srcset=\"https:\/\/apuntesdesanluis.com\/wp-content\/uploads\/2024\/12\/artistas-1-247x300.jpg 247w, https:\/\/apuntesdesanluis.com\/wp-content\/uploads\/2024\/12\/artistas-1.jpg 480w\" sizes=\"(max-width: 487px) 100vw, 487px\" \/><\/p>\n<p><img loading=\"lazy\" decoding=\"async\" class=\"wp-image-27302 aligncenter\" src=\"https:\/\/apuntesdesanluis.com\/wp-content\/uploads\/2024\/12\/artistas-2-300x201.png\" alt=\"\" width=\"487\" height=\"326\" srcset=\"https:\/\/apuntesdesanluis.com\/wp-content\/uploads\/2024\/12\/artistas-2-300x201.png 300w, https:\/\/apuntesdesanluis.com\/wp-content\/uploads\/2024\/12\/artistas-2.png 585w\" sizes=\"(max-width: 487px) 100vw, 487px\" \/><\/p>\n<p>&nbsp;<\/p>\n<p>&nbsp;<\/p>\n<p>&nbsp;<\/p>\n<p>&nbsp;<\/p>\n","protected":false},"excerpt":{"rendered":"<p>La fiesta m\u00e1xima del folclore cuyano se desarrollar\u00e1 desde el jueves 23 hasta el domingo&#8230;<\/p>\n","protected":false},"author":1,"featured_media":27303,"comment_status":"closed","ping_status":"closed","sticky":false,"template":"","format":"standard","meta":{"footnotes":""},"categories":[6],"tags":[],"class_list":["post-27299","post","type-post","status-publish","format-standard","has-post-thumbnail","hentry","category-ciudad-provincia"],"yoast_head":"<!-- This site is optimized with the Yoast SEO plugin v26.1.1 - https:\/\/yoast.com\/wordpress\/plugins\/seo\/ -->\n<title>GRILLA COMPLETA DE LAS 4 NOCHES DE LA FIESTA NACIONAL DE LA CALLE ANGOSTA - Apuntes de San Luis<\/title>\n<meta name=\"robots\" content=\"index, follow, max-snippet:-1, max-image-preview:large, max-video-preview:-1\" \/>\n<link rel=\"canonical\" href=\"https:\/\/apuntesdesanluis.com\/index.php\/2024\/12\/29\/grilla-completa-de-las-4-noches-de-la-fiesta-nacional-de-la-calle-angosta\/\" \/>\n<meta property=\"og:locale\" content=\"es_ES\" \/>\n<meta property=\"og:type\" content=\"article\" \/>\n<meta property=\"og:title\" content=\"GRILLA COMPLETA DE LAS 4 NOCHES DE LA FIESTA NACIONAL DE LA CALLE ANGOSTA - Apuntes de San Luis\" \/>\n<meta property=\"og:description\" content=\"La fiesta m\u00e1xima del folclore cuyano se desarrollar\u00e1 desde el jueves 23 hasta el domingo...\" \/>\n<meta property=\"og:url\" content=\"https:\/\/apuntesdesanluis.com\/index.php\/2024\/12\/29\/grilla-completa-de-las-4-noches-de-la-fiesta-nacional-de-la-calle-angosta\/\" \/>\n<meta property=\"og:site_name\" content=\"Apuntes de San Luis\" \/>\n<meta property=\"article:published_time\" content=\"2024-12-29T21:08:33+00:00\" \/>\n<meta property=\"article:modified_time\" content=\"2024-12-29T21:33:53+00:00\" \/>\n<meta property=\"og:image\" content=\"https:\/\/apuntesdesanluis.com\/wp-content\/uploads\/2024\/12\/Calle-Angosta-3-768x512-1.jpg\" \/>\n\t<meta property=\"og:image:width\" content=\"700\" \/>\n\t<meta property=\"og:image:height\" content=\"422\" \/>\n\t<meta property=\"og:image:type\" content=\"image\/jpeg\" \/>\n<meta name=\"author\" content=\"apuntesdesanluis.com\" \/>\n<meta name=\"twitter:card\" content=\"summary_large_image\" \/>\n<meta name=\"twitter:label1\" content=\"Escrito por\" \/>\n\t<meta name=\"twitter:data1\" content=\"apuntesdesanluis.com\" \/>\n\t<meta name=\"twitter:label2\" content=\"Tiempo de lectura\" \/>\n\t<meta name=\"twitter:data2\" content=\"3 minutos\" \/>\n<script type=\"application\/ld+json\" class=\"yoast-schema-graph\">{\"@context\":\"https:\/\/schema.org\",\"@graph\":[{\"@type\":\"Article\",\"@id\":\"https:\/\/apuntesdesanluis.com\/index.php\/2024\/12\/29\/grilla-completa-de-las-4-noches-de-la-fiesta-nacional-de-la-calle-angosta\/#article\",\"isPartOf\":{\"@id\":\"https:\/\/apuntesdesanluis.com\/index.php\/2024\/12\/29\/grilla-completa-de-las-4-noches-de-la-fiesta-nacional-de-la-calle-angosta\/\"},\"author\":{\"name\":\"apuntesdesanluis.com\",\"@id\":\"https:\/\/apuntesdesanluis.com\/#\/schema\/person\/b55151d52296fcce64d1a72538a70b90\"},\"headline\":\"GRILLA COMPLETA DE LAS 4 NOCHES DE LA FIESTA NACIONAL DE LA CALLE ANGOSTA\",\"datePublished\":\"2024-12-29T21:08:33+00:00\",\"dateModified\":\"2024-12-29T21:33:53+00:00\",\"mainEntityOfPage\":{\"@id\":\"https:\/\/apuntesdesanluis.com\/index.php\/2024\/12\/29\/grilla-completa-de-las-4-noches-de-la-fiesta-nacional-de-la-calle-angosta\/\"},\"wordCount\":278,\"publisher\":{\"@id\":\"https:\/\/apuntesdesanluis.com\/#\/schema\/person\/b55151d52296fcce64d1a72538a70b90\"},\"image\":{\"@id\":\"https:\/\/apuntesdesanluis.com\/index.php\/2024\/12\/29\/grilla-completa-de-las-4-noches-de-la-fiesta-nacional-de-la-calle-angosta\/#primaryimage\"},\"thumbnailUrl\":\"https:\/\/apuntesdesanluis.com\/wp-content\/uploads\/2024\/12\/Calle-Angosta-3-768x512-1.jpg\",\"articleSection\":[\"Ciudad\/Provincia\"],\"inLanguage\":\"es-AR\"},{\"@type\":\"WebPage\",\"@id\":\"https:\/\/apuntesdesanluis.com\/index.php\/2024\/12\/29\/grilla-completa-de-las-4-noches-de-la-fiesta-nacional-de-la-calle-angosta\/\",\"url\":\"https:\/\/apuntesdesanluis.com\/index.php\/2024\/12\/29\/grilla-completa-de-las-4-noches-de-la-fiesta-nacional-de-la-calle-angosta\/\",\"name\":\"GRILLA COMPLETA DE LAS 4 NOCHES DE LA FIESTA NACIONAL DE LA CALLE ANGOSTA - Apuntes de San Luis\",\"isPartOf\":{\"@id\":\"https:\/\/apuntesdesanluis.com\/#website\"},\"primaryImageOfPage\":{\"@id\":\"https:\/\/apuntesdesanluis.com\/index.php\/2024\/12\/29\/grilla-completa-de-las-4-noches-de-la-fiesta-nacional-de-la-calle-angosta\/#primaryimage\"},\"image\":{\"@id\":\"https:\/\/apuntesdesanluis.com\/index.php\/2024\/12\/29\/grilla-completa-de-las-4-noches-de-la-fiesta-nacional-de-la-calle-angosta\/#primaryimage\"},\"thumbnailUrl\":\"https:\/\/apuntesdesanluis.com\/wp-content\/uploads\/2024\/12\/Calle-Angosta-3-768x512-1.jpg\",\"datePublished\":\"2024-12-29T21:08:33+00:00\",\"dateModified\":\"2024-12-29T21:33:53+00:00\",\"breadcrumb\":{\"@id\":\"https:\/\/apuntesdesanluis.com\/index.php\/2024\/12\/29\/grilla-completa-de-las-4-noches-de-la-fiesta-nacional-de-la-calle-angosta\/#breadcrumb\"},\"inLanguage\":\"es-AR\",\"potentialAction\":[{\"@type\":\"ReadAction\",\"target\":[\"https:\/\/apuntesdesanluis.com\/index.php\/2024\/12\/29\/grilla-completa-de-las-4-noches-de-la-fiesta-nacional-de-la-calle-angosta\/\"]}]},{\"@type\":\"ImageObject\",\"inLanguage\":\"es-AR\",\"@id\":\"https:\/\/apuntesdesanluis.com\/index.php\/2024\/12\/29\/grilla-completa-de-las-4-noches-de-la-fiesta-nacional-de-la-calle-angosta\/#primaryimage\",\"url\":\"https:\/\/apuntesdesanluis.com\/wp-content\/uploads\/2024\/12\/Calle-Angosta-3-768x512-1.jpg\",\"contentUrl\":\"https:\/\/apuntesdesanluis.com\/wp-content\/uploads\/2024\/12\/Calle-Angosta-3-768x512-1.jpg\",\"width\":700,\"height\":422},{\"@type\":\"BreadcrumbList\",\"@id\":\"https:\/\/apuntesdesanluis.com\/index.php\/2024\/12\/29\/grilla-completa-de-las-4-noches-de-la-fiesta-nacional-de-la-calle-angosta\/#breadcrumb\",\"itemListElement\":[{\"@type\":\"ListItem\",\"position\":1,\"name\":\"Inicio\",\"item\":\"https:\/\/apuntesdesanluis.com\/\"},{\"@type\":\"ListItem\",\"position\":2,\"name\":\"GRILLA COMPLETA DE LAS 4 NOCHES DE LA FIESTA NACIONAL DE LA CALLE ANGOSTA\"}]},{\"@type\":\"WebSite\",\"@id\":\"https:\/\/apuntesdesanluis.com\/#website\",\"url\":\"https:\/\/apuntesdesanluis.com\/\",\"name\":\"Apuntes de San Luis\",\"description\":\"\",\"publisher\":{\"@id\":\"https:\/\/apuntesdesanluis.com\/#\/schema\/person\/b55151d52296fcce64d1a72538a70b90\"},\"potentialAction\":[{\"@type\":\"SearchAction\",\"target\":{\"@type\":\"EntryPoint\",\"urlTemplate\":\"https:\/\/apuntesdesanluis.com\/?s={search_term_string}\"},\"query-input\":{\"@type\":\"PropertyValueSpecification\",\"valueRequired\":true,\"valueName\":\"search_term_string\"}}],\"inLanguage\":\"es-AR\"},{\"@type\":[\"Person\",\"Organization\"],\"@id\":\"https:\/\/apuntesdesanluis.com\/#\/schema\/person\/b55151d52296fcce64d1a72538a70b90\",\"name\":\"apuntesdesanluis.com\",\"image\":{\"@type\":\"ImageObject\",\"inLanguage\":\"es-AR\",\"@id\":\"https:\/\/apuntesdesanluis.com\/#\/schema\/person\/image\/\",\"url\":\"https:\/\/apuntesdesanluis.com\/wp-content\/uploads\/2023\/07\/cropped-apuntesdesanluis.png\",\"contentUrl\":\"https:\/\/apuntesdesanluis.com\/wp-content\/uploads\/2023\/07\/cropped-apuntesdesanluis.png\",\"width\":450,\"height\":112,\"caption\":\"apuntesdesanluis.com\"},\"logo\":{\"@id\":\"https:\/\/apuntesdesanluis.com\/#\/schema\/person\/image\/\"},\"sameAs\":[\"https:\/\/apuntesdesanluis.com\"],\"url\":\"https:\/\/apuntesdesanluis.com\/index.php\/author\/apuntesdesanluis-com\/\"}]}<\/script>\n<!-- \/ Yoast SEO plugin. -->","yoast_head_json":{"title":"GRILLA COMPLETA DE LAS 4 NOCHES DE LA FIESTA NACIONAL DE LA CALLE ANGOSTA - Apuntes de San Luis","robots":{"index":"index","follow":"follow","max-snippet":"max-snippet:-1","max-image-preview":"max-image-preview:large","max-video-preview":"max-video-preview:-1"},"canonical":"https:\/\/apuntesdesanluis.com\/index.php\/2024\/12\/29\/grilla-completa-de-las-4-noches-de-la-fiesta-nacional-de-la-calle-angosta\/","og_locale":"es_ES","og_type":"article","og_title":"GRILLA COMPLETA DE LAS 4 NOCHES DE LA FIESTA NACIONAL DE LA CALLE ANGOSTA - Apuntes de San Luis","og_description":"La fiesta m\u00e1xima del folclore cuyano se desarrollar\u00e1 desde el jueves 23 hasta el domingo...","og_url":"https:\/\/apuntesdesanluis.com\/index.php\/2024\/12\/29\/grilla-completa-de-las-4-noches-de-la-fiesta-nacional-de-la-calle-angosta\/","og_site_name":"Apuntes de San Luis","article_published_time":"2024-12-29T21:08:33+00:00","article_modified_time":"2024-12-29T21:33:53+00:00","og_image":[{"width":700,"height":422,"url":"https:\/\/apuntesdesanluis.com\/wp-content\/uploads\/2024\/12\/Calle-Angosta-3-768x512-1.jpg","type":"image\/jpeg"}],"author":"apuntesdesanluis.com","twitter_card":"summary_large_image","twitter_misc":{"Escrito por":"apuntesdesanluis.com","Tiempo de lectura":"3 minutos"},"schema":{"@context":"https:\/\/schema.org","@graph":[{"@type":"Article","@id":"https:\/\/apuntesdesanluis.com\/index.php\/2024\/12\/29\/grilla-completa-de-las-4-noches-de-la-fiesta-nacional-de-la-calle-angosta\/#article","isPartOf":{"@id":"https:\/\/apuntesdesanluis.com\/index.php\/2024\/12\/29\/grilla-completa-de-las-4-noches-de-la-fiesta-nacional-de-la-calle-angosta\/"},"author":{"name":"apuntesdesanluis.com","@id":"https:\/\/apuntesdesanluis.com\/#\/schema\/person\/b55151d52296fcce64d1a72538a70b90"},"headline":"GRILLA COMPLETA DE LAS 4 NOCHES DE LA FIESTA NACIONAL DE LA CALLE ANGOSTA","datePublished":"2024-12-29T21:08:33+00:00","dateModified":"2024-12-29T21:33:53+00:00","mainEntityOfPage":{"@id":"https:\/\/apuntesdesanluis.com\/index.php\/2024\/12\/29\/grilla-completa-de-las-4-noches-de-la-fiesta-nacional-de-la-calle-angosta\/"},"wordCount":278,"publisher":{"@id":"https:\/\/apuntesdesanluis.com\/#\/schema\/person\/b55151d52296fcce64d1a72538a70b90"},"image":{"@id":"https:\/\/apuntesdesanluis.com\/index.php\/2024\/12\/29\/grilla-completa-de-las-4-noches-de-la-fiesta-nacional-de-la-calle-angosta\/#primaryimage"},"thumbnailUrl":"https:\/\/apuntesdesanluis.com\/wp-content\/uploads\/2024\/12\/Calle-Angosta-3-768x512-1.jpg","articleSection":["Ciudad\/Provincia"],"inLanguage":"es-AR"},{"@type":"WebPage","@id":"https:\/\/apuntesdesanluis.com\/index.php\/2024\/12\/29\/grilla-completa-de-las-4-noches-de-la-fiesta-nacional-de-la-calle-angosta\/","url":"https:\/\/apuntesdesanluis.com\/index.php\/2024\/12\/29\/grilla-completa-de-las-4-noches-de-la-fiesta-nacional-de-la-calle-angosta\/","name":"GRILLA COMPLETA DE LAS 4 NOCHES DE LA FIESTA NACIONAL DE LA CALLE ANGOSTA - Apuntes de San Luis","isPartOf":{"@id":"https:\/\/apuntesdesanluis.com\/#website"},"primaryImageOfPage":{"@id":"https:\/\/apuntesdesanluis.com\/index.php\/2024\/12\/29\/grilla-completa-de-las-4-noches-de-la-fiesta-nacional-de-la-calle-angosta\/#primaryimage"},"image":{"@id":"https:\/\/apuntesdesanluis.com\/index.php\/2024\/12\/29\/grilla-completa-de-las-4-noches-de-la-fiesta-nacional-de-la-calle-angosta\/#primaryimage"},"thumbnailUrl":"https:\/\/apuntesdesanluis.com\/wp-content\/uploads\/2024\/12\/Calle-Angosta-3-768x512-1.jpg","datePublished":"2024-12-29T21:08:33+00:00","dateModified":"2024-12-29T21:33:53+00:00","breadcrumb":{"@id":"https:\/\/apuntesdesanluis.com\/index.php\/2024\/12\/29\/grilla-completa-de-las-4-noches-de-la-fiesta-nacional-de-la-calle-angosta\/#breadcrumb"},"inLanguage":"es-AR","potentialAction":[{"@type":"ReadAction","target":["https:\/\/apuntesdesanluis.com\/index.php\/2024\/12\/29\/grilla-completa-de-las-4-noches-de-la-fiesta-nacional-de-la-calle-angosta\/"]}]},{"@type":"ImageObject","inLanguage":"es-AR","@id":"https:\/\/apuntesdesanluis.com\/index.php\/2024\/12\/29\/grilla-completa-de-las-4-noches-de-la-fiesta-nacional-de-la-calle-angosta\/#primaryimage","url":"https:\/\/apuntesdesanluis.com\/wp-content\/uploads\/2024\/12\/Calle-Angosta-3-768x512-1.jpg","contentUrl":"https:\/\/apuntesdesanluis.com\/wp-content\/uploads\/2024\/12\/Calle-Angosta-3-768x512-1.jpg","width":700,"height":422},{"@type":"BreadcrumbList","@id":"https:\/\/apuntesdesanluis.com\/index.php\/2024\/12\/29\/grilla-completa-de-las-4-noches-de-la-fiesta-nacional-de-la-calle-angosta\/#breadcrumb","itemListElement":[{"@type":"ListItem","position":1,"name":"Inicio","item":"https:\/\/apuntesdesanluis.com\/"},{"@type":"ListItem","position":2,"name":"GRILLA COMPLETA DE LAS 4 NOCHES DE LA FIESTA NACIONAL DE LA CALLE ANGOSTA"}]},{"@type":"WebSite","@id":"https:\/\/apuntesdesanluis.com\/#website","url":"https:\/\/apuntesdesanluis.com\/","name":"Apuntes de San Luis","description":"","publisher":{"@id":"https:\/\/apuntesdesanluis.com\/#\/schema\/person\/b55151d52296fcce64d1a72538a70b90"},"potentialAction":[{"@type":"SearchAction","target":{"@type":"EntryPoint","urlTemplate":"https:\/\/apuntesdesanluis.com\/?s={search_term_string}"},"query-input":{"@type":"PropertyValueSpecification","valueRequired":true,"valueName":"search_term_string"}}],"inLanguage":"es-AR"},{"@type":["Person","Organization"],"@id":"https:\/\/apuntesdesanluis.com\/#\/schema\/person\/b55151d52296fcce64d1a72538a70b90","name":"apuntesdesanluis.com","image":{"@type":"ImageObject","inLanguage":"es-AR","@id":"https:\/\/apuntesdesanluis.com\/#\/schema\/person\/image\/","url":"https:\/\/apuntesdesanluis.com\/wp-content\/uploads\/2023\/07\/cropped-apuntesdesanluis.png","contentUrl":"https:\/\/apuntesdesanluis.com\/wp-content\/uploads\/2023\/07\/cropped-apuntesdesanluis.png","width":450,"height":112,"caption":"apuntesdesanluis.com"},"logo":{"@id":"https:\/\/apuntesdesanluis.com\/#\/schema\/person\/image\/"},"sameAs":["https:\/\/apuntesdesanluis.com"],"url":"https:\/\/apuntesdesanluis.com\/index.php\/author\/apuntesdesanluis-com\/"}]}},"featured_image_urls":{"full":["https:\/\/apuntesdesanluis.com\/wp-content\/uploads\/2024\/12\/Calle-Angosta-3-768x512-1.jpg",700,422,false],"thumbnail":["https:\/\/apuntesdesanluis.com\/wp-content\/uploads\/2024\/12\/Calle-Angosta-3-768x512-1-150x150.jpg",150,150,true],"medium":["https:\/\/apuntesdesanluis.com\/wp-content\/uploads\/2024\/12\/Calle-Angosta-3-768x512-1-300x181.jpg",300,181,true],"medium_large":["https:\/\/apuntesdesanluis.com\/wp-content\/uploads\/2024\/12\/Calle-Angosta-3-768x512-1.jpg",640,386,false],"large":["https:\/\/apuntesdesanluis.com\/wp-content\/uploads\/2024\/12\/Calle-Angosta-3-768x512-1.jpg",640,386,false],"1536x1536":["https:\/\/apuntesdesanluis.com\/wp-content\/uploads\/2024\/12\/Calle-Angosta-3-768x512-1.jpg",700,422,false],"2048x2048":["https:\/\/apuntesdesanluis.com\/wp-content\/uploads\/2024\/12\/Calle-Angosta-3-768x512-1.jpg",700,422,false],"newsever-slider-full":["https:\/\/apuntesdesanluis.com\/wp-content\/uploads\/2024\/12\/Calle-Angosta-3-768x512-1.jpg",700,422,false],"newsever-featured":["https:\/\/apuntesdesanluis.com\/wp-content\/uploads\/2024\/12\/Calle-Angosta-3-768x512-1.jpg",700,422,false],"newsever-medium":["https:\/\/apuntesdesanluis.com\/wp-content\/uploads\/2024\/12\/Calle-Angosta-3-768x512-1.jpg",700,422,false]},"author_info":{"display_name":"apuntesdesanluis.com","author_link":"https:\/\/apuntesdesanluis.com\/index.php\/author\/apuntesdesanluis-com\/"},"category_info":"<a href=\"https:\/\/apuntesdesanluis.com\/index.php\/category\/ciudad-provincia\/\" rel=\"category tag\">Ciudad\/Provincia<\/a>","tag_info":"Ciudad\/Provincia","comment_count":"0","_links":{"self":[{"href":"https:\/\/apuntesdesanluis.com\/index.php\/wp-json\/wp\/v2\/posts\/27299","targetHints":{"allow":["GET"]}}],"collection":[{"href":"https:\/\/apuntesdesanluis.com\/index.php\/wp-json\/wp\/v2\/posts"}],"about":[{"href":"https:\/\/apuntesdesanluis.com\/index.php\/wp-json\/wp\/v2\/types\/post"}],"author":[{"embeddable":true,"href":"https:\/\/apuntesdesanluis.com\/index.php\/wp-json\/wp\/v2\/users\/1"}],"replies":[{"embeddable":true,"href":"https:\/\/apuntesdesanluis.com\/index.php\/wp-json\/wp\/v2\/comments?post=27299"}],"version-history":[{"count":4,"href":"https:\/\/apuntesdesanluis.com\/index.php\/wp-json\/wp\/v2\/posts\/27299\/revisions"}],"predecessor-version":[{"id":27311,"href":"https:\/\/apuntesdesanluis.com\/index.php\/wp-json\/wp\/v2\/posts\/27299\/revisions\/27311"}],"wp:featuredmedia":[{"embeddable":true,"href":"https:\/\/apuntesdesanluis.com\/index.php\/wp-json\/wp\/v2\/media\/27303"}],"wp:attachment":[{"href":"https:\/\/apuntesdesanluis.com\/index.php\/wp-json\/wp\/v2\/media?parent=27299"}],"wp:term":[{"taxonomy":"category","embeddable":true,"href":"https:\/\/apuntesdesanluis.com\/index.php\/wp-json\/wp\/v2\/categories?post=27299"},{"taxonomy":"post_tag","embeddable":true,"href":"https:\/\/apuntesdesanluis.com\/index.php\/wp-json\/wp\/v2\/tags?post=27299"}],"curies":[{"name":"wp","href":"https:\/\/api.w.org\/{rel}","templated":true}]}}