{"id":27334,"date":"2024-12-29T21:21:37","date_gmt":"2024-12-30T00:21:37","guid":{"rendered":"https:\/\/apuntesdesanluis.com\/?p=27334"},"modified":"2024-12-29T21:23:13","modified_gmt":"2024-12-30T00:23:13","slug":"una-semana-de-luto-en-corea-del-sur-por-el-tragico-accidente-aereo-179-muertos","status":"publish","type":"post","link":"https:\/\/apuntesdesanluis.com\/index.php\/2024\/12\/29\/una-semana-de-luto-en-corea-del-sur-por-el-tragico-accidente-aereo-179-muertos\/","title":{"rendered":"UNA SEMANA DE LUTO EN COREA DEL SUR POR EL TR\u00c1GICO ACCIDENTE A\u00c9REO: 179 MUERTOS"},"content":{"rendered":"<h3>El siniestro afect\u00f3 a ciudadanos surcoreanos y tailandeses. La cifra de fallecidos fue confirmada por Bomberos.<\/h3>\n<h3>El presidente en funciones de la Rep\u00fablica de Corea, Choi Sang-mok, anunci\u00f3 este domingo un luto de una semana por el accidente del avi\u00f3n de pasajeros que se estrell\u00f3 y dej\u00f3 179 muertos.<\/h3>\n<h3>El siniestro tuvo lugar en un aeropuerto en el suroeste de la Rep\u00fablica de Corea, donde solo dos personas fueron rescatadas con vida. Se trata de un hombre de 33 a\u00f1os y una mujer de 25 a\u00f1os, ambos miembros de la tripulaci\u00f3n.<\/h3>\n<p><iframe title=\"\u00a1Impresionante! | El momento exacto del accidente a\u00e9reo en Corea del Sur: \u00bfQu\u00e9 fall\u00f3?\" width=\"640\" height=\"360\" src=\"https:\/\/www.youtube.com\/embed\/gWu7M-ZMpiM?feature=oembed\" frameborder=\"0\" allow=\"accelerometer; autoplay; clipboard-write; encrypted-media; gyroscope; picture-in-picture; web-share\" referrerpolicy=\"strict-origin-when-cross-origin\" allowfullscreen><\/iframe><\/p>\n<h3>Durante una reuni\u00f3n central sobre medidas para contrarrestar desastres, Choi dijo que el Gobierno fijar\u00e1 siete d\u00edas, hasta la medianoche del 4 de enero del pr\u00f3ximo a\u00f1o, como periodo de luto nacional, al tiempo que establecer\u00e1 altares conmemorativos conjuntos en 17 ciudades y provincias para expresar condolencias por las v\u00edctimas.<\/h3>\n<h3>Asegur\u00f3 que los funcionarios de todos los ministerios, gobiernos locales e instituciones p\u00fablicas llevar\u00e1n lazos de luto durante el periodo y prometi\u00f3 investigar a fondo la causa exacta del accidente y tomar medidas para evitar que se repita un suceso tan tr\u00e1gico.<\/h3>\n<h3>Choi expres\u00f3 su m\u00e1s sentido p\u00e9same a los fallecidos y a sus familiares y declar\u00f3 el condado de Muan como zona especial de cat\u00e1strofe para prestar el apoyo necesario a las familias y a los heridos.<\/h3>\n<h3>Seg\u00fan los reportes, sobre las 09:03 hora local el avi\u00f3n con 175 pasajeros, entre ellos 173 surcoreanos y dos tailandeses, y seis auxiliares de vuelo a bordo se estrell\u00f3 cuando intentaba aterrizar en el aeropuerto internacional de Muan, a unos 290 kil\u00f3metros al suroeste de la capital, Se\u00fal.<\/h3>\n<h3>El vuelo 7C2216 de Jeju Air, procedente de Bangkok, Tailandia, aterriz\u00f3 sin ruedas, se sali\u00f3 de la pista y choc\u00f3 contra el muro exterior de la misma, con el fuselaje partido por la mitad e incendi\u00e1ndose.<\/h3>\n<h3>Solo dos miembros de la tripulaci\u00f3n fueron rescatados con vida en la parte trasera de la malograda aeronave, la mayor parte de la cual qued\u00f3 gravemente da\u00f1ada.<\/h3>\n<p>&nbsp;<\/p>\n<p>&nbsp;<\/p>\n<p>&nbsp;<\/p>\n<p>&nbsp;<\/p>\n<p>&nbsp;<\/p>\n<p>&nbsp;<\/p>\n","protected":false},"excerpt":{"rendered":"<p>El siniestro afect\u00f3 a ciudadanos surcoreanos y tailandeses. La cifra de fallecidos fue confirmada por&#8230;<\/p>\n","protected":false},"author":1,"featured_media":27335,"comment_status":"closed","ping_status":"closed","sticky":false,"template":"","format":"standard","meta":{"footnotes":""},"categories":[5],"tags":[],"class_list":["post-27334","post","type-post","status-publish","format-standard","has-post-thumbnail","hentry","category-nacionales-internacionales"],"yoast_head":"<!-- This site is optimized with the Yoast SEO plugin v26.1.1 - https:\/\/yoast.com\/wordpress\/plugins\/seo\/ -->\n<title>UNA SEMANA DE LUTO EN COREA DEL SUR POR EL TR\u00c1GICO ACCIDENTE A\u00c9REO: 179 MUERTOS - Apuntes de San Luis<\/title>\n<meta name=\"robots\" content=\"index, follow, max-snippet:-1, max-image-preview:large, max-video-preview:-1\" \/>\n<link rel=\"canonical\" href=\"https:\/\/apuntesdesanluis.com\/index.php\/2024\/12\/29\/una-semana-de-luto-en-corea-del-sur-por-el-tragico-accidente-aereo-179-muertos\/\" \/>\n<meta property=\"og:locale\" content=\"es_ES\" \/>\n<meta property=\"og:type\" content=\"article\" \/>\n<meta property=\"og:title\" content=\"UNA SEMANA DE LUTO EN COREA DEL SUR POR EL TR\u00c1GICO ACCIDENTE A\u00c9REO: 179 MUERTOS - Apuntes de San Luis\" \/>\n<meta property=\"og:description\" content=\"El siniestro afect\u00f3 a ciudadanos surcoreanos y tailandeses. La cifra de fallecidos fue confirmada por...\" \/>\n<meta property=\"og:url\" content=\"https:\/\/apuntesdesanluis.com\/index.php\/2024\/12\/29\/una-semana-de-luto-en-corea-del-sur-por-el-tragico-accidente-aereo-179-muertos\/\" \/>\n<meta property=\"og:site_name\" content=\"Apuntes de San Luis\" \/>\n<meta property=\"article:published_time\" content=\"2024-12-30T00:21:37+00:00\" \/>\n<meta property=\"article:modified_time\" content=\"2024-12-30T00:23:13+00:00\" \/>\n<meta property=\"og:image\" content=\"https:\/\/apuntesdesanluis.com\/wp-content\/uploads\/2024\/12\/ACCIDENTE-AEREO.png\" \/>\n\t<meta property=\"og:image:width\" content=\"913\" \/>\n\t<meta property=\"og:image:height\" content=\"567\" \/>\n\t<meta property=\"og:image:type\" content=\"image\/png\" \/>\n<meta name=\"author\" content=\"apuntesdesanluis.com\" \/>\n<meta name=\"twitter:card\" content=\"summary_large_image\" \/>\n<meta name=\"twitter:label1\" content=\"Escrito por\" \/>\n\t<meta name=\"twitter:data1\" content=\"apuntesdesanluis.com\" \/>\n\t<meta name=\"twitter:label2\" content=\"Tiempo de lectura\" \/>\n\t<meta name=\"twitter:data2\" content=\"2 minutos\" \/>\n<script type=\"application\/ld+json\" class=\"yoast-schema-graph\">{\"@context\":\"https:\/\/schema.org\",\"@graph\":[{\"@type\":\"Article\",\"@id\":\"https:\/\/apuntesdesanluis.com\/index.php\/2024\/12\/29\/una-semana-de-luto-en-corea-del-sur-por-el-tragico-accidente-aereo-179-muertos\/#article\",\"isPartOf\":{\"@id\":\"https:\/\/apuntesdesanluis.com\/index.php\/2024\/12\/29\/una-semana-de-luto-en-corea-del-sur-por-el-tragico-accidente-aereo-179-muertos\/\"},\"author\":{\"name\":\"apuntesdesanluis.com\",\"@id\":\"https:\/\/apuntesdesanluis.com\/#\/schema\/person\/b55151d52296fcce64d1a72538a70b90\"},\"headline\":\"UNA SEMANA DE LUTO EN COREA DEL SUR POR EL TR\u00c1GICO ACCIDENTE A\u00c9REO: 179 MUERTOS\",\"datePublished\":\"2024-12-30T00:21:37+00:00\",\"dateModified\":\"2024-12-30T00:23:13+00:00\",\"mainEntityOfPage\":{\"@id\":\"https:\/\/apuntesdesanluis.com\/index.php\/2024\/12\/29\/una-semana-de-luto-en-corea-del-sur-por-el-tragico-accidente-aereo-179-muertos\/\"},\"wordCount\":380,\"publisher\":{\"@id\":\"https:\/\/apuntesdesanluis.com\/#\/schema\/person\/b55151d52296fcce64d1a72538a70b90\"},\"image\":{\"@id\":\"https:\/\/apuntesdesanluis.com\/index.php\/2024\/12\/29\/una-semana-de-luto-en-corea-del-sur-por-el-tragico-accidente-aereo-179-muertos\/#primaryimage\"},\"thumbnailUrl\":\"https:\/\/apuntesdesanluis.com\/wp-content\/uploads\/2024\/12\/ACCIDENTE-AEREO.png\",\"articleSection\":[\"Nacionales\/Internacionales\"],\"inLanguage\":\"es-AR\"},{\"@type\":\"WebPage\",\"@id\":\"https:\/\/apuntesdesanluis.com\/index.php\/2024\/12\/29\/una-semana-de-luto-en-corea-del-sur-por-el-tragico-accidente-aereo-179-muertos\/\",\"url\":\"https:\/\/apuntesdesanluis.com\/index.php\/2024\/12\/29\/una-semana-de-luto-en-corea-del-sur-por-el-tragico-accidente-aereo-179-muertos\/\",\"name\":\"UNA SEMANA DE LUTO EN COREA DEL SUR POR EL TR\u00c1GICO ACCIDENTE A\u00c9REO: 179 MUERTOS - Apuntes de San Luis\",\"isPartOf\":{\"@id\":\"https:\/\/apuntesdesanluis.com\/#website\"},\"primaryImageOfPage\":{\"@id\":\"https:\/\/apuntesdesanluis.com\/index.php\/2024\/12\/29\/una-semana-de-luto-en-corea-del-sur-por-el-tragico-accidente-aereo-179-muertos\/#primaryimage\"},\"image\":{\"@id\":\"https:\/\/apuntesdesanluis.com\/index.php\/2024\/12\/29\/una-semana-de-luto-en-corea-del-sur-por-el-tragico-accidente-aereo-179-muertos\/#primaryimage\"},\"thumbnailUrl\":\"https:\/\/apuntesdesanluis.com\/wp-content\/uploads\/2024\/12\/ACCIDENTE-AEREO.png\",\"datePublished\":\"2024-12-30T00:21:37+00:00\",\"dateModified\":\"2024-12-30T00:23:13+00:00\",\"breadcrumb\":{\"@id\":\"https:\/\/apuntesdesanluis.com\/index.php\/2024\/12\/29\/una-semana-de-luto-en-corea-del-sur-por-el-tragico-accidente-aereo-179-muertos\/#breadcrumb\"},\"inLanguage\":\"es-AR\",\"potentialAction\":[{\"@type\":\"ReadAction\",\"target\":[\"https:\/\/apuntesdesanluis.com\/index.php\/2024\/12\/29\/una-semana-de-luto-en-corea-del-sur-por-el-tragico-accidente-aereo-179-muertos\/\"]}]},{\"@type\":\"ImageObject\",\"inLanguage\":\"es-AR\",\"@id\":\"https:\/\/apuntesdesanluis.com\/index.php\/2024\/12\/29\/una-semana-de-luto-en-corea-del-sur-por-el-tragico-accidente-aereo-179-muertos\/#primaryimage\",\"url\":\"https:\/\/apuntesdesanluis.com\/wp-content\/uploads\/2024\/12\/ACCIDENTE-AEREO.png\",\"contentUrl\":\"https:\/\/apuntesdesanluis.com\/wp-content\/uploads\/2024\/12\/ACCIDENTE-AEREO.png\",\"width\":913,\"height\":567},{\"@type\":\"BreadcrumbList\",\"@id\":\"https:\/\/apuntesdesanluis.com\/index.php\/2024\/12\/29\/una-semana-de-luto-en-corea-del-sur-por-el-tragico-accidente-aereo-179-muertos\/#breadcrumb\",\"itemListElement\":[{\"@type\":\"ListItem\",\"position\":1,\"name\":\"Inicio\",\"item\":\"https:\/\/apuntesdesanluis.com\/\"},{\"@type\":\"ListItem\",\"position\":2,\"name\":\"UNA SEMANA DE LUTO EN COREA DEL SUR POR EL TR\u00c1GICO ACCIDENTE A\u00c9REO: 179 MUERTOS\"}]},{\"@type\":\"WebSite\",\"@id\":\"https:\/\/apuntesdesanluis.com\/#website\",\"url\":\"https:\/\/apuntesdesanluis.com\/\",\"name\":\"Apuntes de San Luis\",\"description\":\"\",\"publisher\":{\"@id\":\"https:\/\/apuntesdesanluis.com\/#\/schema\/person\/b55151d52296fcce64d1a72538a70b90\"},\"potentialAction\":[{\"@type\":\"SearchAction\",\"target\":{\"@type\":\"EntryPoint\",\"urlTemplate\":\"https:\/\/apuntesdesanluis.com\/?s={search_term_string}\"},\"query-input\":{\"@type\":\"PropertyValueSpecification\",\"valueRequired\":true,\"valueName\":\"search_term_string\"}}],\"inLanguage\":\"es-AR\"},{\"@type\":[\"Person\",\"Organization\"],\"@id\":\"https:\/\/apuntesdesanluis.com\/#\/schema\/person\/b55151d52296fcce64d1a72538a70b90\",\"name\":\"apuntesdesanluis.com\",\"image\":{\"@type\":\"ImageObject\",\"inLanguage\":\"es-AR\",\"@id\":\"https:\/\/apuntesdesanluis.com\/#\/schema\/person\/image\/\",\"url\":\"https:\/\/apuntesdesanluis.com\/wp-content\/uploads\/2023\/07\/cropped-apuntesdesanluis.png\",\"contentUrl\":\"https:\/\/apuntesdesanluis.com\/wp-content\/uploads\/2023\/07\/cropped-apuntesdesanluis.png\",\"width\":450,\"height\":112,\"caption\":\"apuntesdesanluis.com\"},\"logo\":{\"@id\":\"https:\/\/apuntesdesanluis.com\/#\/schema\/person\/image\/\"},\"sameAs\":[\"https:\/\/apuntesdesanluis.com\"],\"url\":\"https:\/\/apuntesdesanluis.com\/index.php\/author\/apuntesdesanluis-com\/\"}]}<\/script>\n<!-- \/ Yoast SEO plugin. -->","yoast_head_json":{"title":"UNA SEMANA DE LUTO EN COREA DEL SUR POR EL TR\u00c1GICO ACCIDENTE A\u00c9REO: 179 MUERTOS - Apuntes de San Luis","robots":{"index":"index","follow":"follow","max-snippet":"max-snippet:-1","max-image-preview":"max-image-preview:large","max-video-preview":"max-video-preview:-1"},"canonical":"https:\/\/apuntesdesanluis.com\/index.php\/2024\/12\/29\/una-semana-de-luto-en-corea-del-sur-por-el-tragico-accidente-aereo-179-muertos\/","og_locale":"es_ES","og_type":"article","og_title":"UNA SEMANA DE LUTO EN COREA DEL SUR POR EL TR\u00c1GICO ACCIDENTE A\u00c9REO: 179 MUERTOS - Apuntes de San Luis","og_description":"El siniestro afect\u00f3 a ciudadanos surcoreanos y tailandeses. La cifra de fallecidos fue confirmada por...","og_url":"https:\/\/apuntesdesanluis.com\/index.php\/2024\/12\/29\/una-semana-de-luto-en-corea-del-sur-por-el-tragico-accidente-aereo-179-muertos\/","og_site_name":"Apuntes de San Luis","article_published_time":"2024-12-30T00:21:37+00:00","article_modified_time":"2024-12-30T00:23:13+00:00","og_image":[{"width":913,"height":567,"url":"https:\/\/apuntesdesanluis.com\/wp-content\/uploads\/2024\/12\/ACCIDENTE-AEREO.png","type":"image\/png"}],"author":"apuntesdesanluis.com","twitter_card":"summary_large_image","twitter_misc":{"Escrito por":"apuntesdesanluis.com","Tiempo de lectura":"2 minutos"},"schema":{"@context":"https:\/\/schema.org","@graph":[{"@type":"Article","@id":"https:\/\/apuntesdesanluis.com\/index.php\/2024\/12\/29\/una-semana-de-luto-en-corea-del-sur-por-el-tragico-accidente-aereo-179-muertos\/#article","isPartOf":{"@id":"https:\/\/apuntesdesanluis.com\/index.php\/2024\/12\/29\/una-semana-de-luto-en-corea-del-sur-por-el-tragico-accidente-aereo-179-muertos\/"},"author":{"name":"apuntesdesanluis.com","@id":"https:\/\/apuntesdesanluis.com\/#\/schema\/person\/b55151d52296fcce64d1a72538a70b90"},"headline":"UNA SEMANA DE LUTO EN COREA DEL SUR POR EL TR\u00c1GICO ACCIDENTE A\u00c9REO: 179 MUERTOS","datePublished":"2024-12-30T00:21:37+00:00","dateModified":"2024-12-30T00:23:13+00:00","mainEntityOfPage":{"@id":"https:\/\/apuntesdesanluis.com\/index.php\/2024\/12\/29\/una-semana-de-luto-en-corea-del-sur-por-el-tragico-accidente-aereo-179-muertos\/"},"wordCount":380,"publisher":{"@id":"https:\/\/apuntesdesanluis.com\/#\/schema\/person\/b55151d52296fcce64d1a72538a70b90"},"image":{"@id":"https:\/\/apuntesdesanluis.com\/index.php\/2024\/12\/29\/una-semana-de-luto-en-corea-del-sur-por-el-tragico-accidente-aereo-179-muertos\/#primaryimage"},"thumbnailUrl":"https:\/\/apuntesdesanluis.com\/wp-content\/uploads\/2024\/12\/ACCIDENTE-AEREO.png","articleSection":["Nacionales\/Internacionales"],"inLanguage":"es-AR"},{"@type":"WebPage","@id":"https:\/\/apuntesdesanluis.com\/index.php\/2024\/12\/29\/una-semana-de-luto-en-corea-del-sur-por-el-tragico-accidente-aereo-179-muertos\/","url":"https:\/\/apuntesdesanluis.com\/index.php\/2024\/12\/29\/una-semana-de-luto-en-corea-del-sur-por-el-tragico-accidente-aereo-179-muertos\/","name":"UNA SEMANA DE LUTO EN COREA DEL SUR POR EL TR\u00c1GICO ACCIDENTE A\u00c9REO: 179 MUERTOS - Apuntes de San Luis","isPartOf":{"@id":"https:\/\/apuntesdesanluis.com\/#website"},"primaryImageOfPage":{"@id":"https:\/\/apuntesdesanluis.com\/index.php\/2024\/12\/29\/una-semana-de-luto-en-corea-del-sur-por-el-tragico-accidente-aereo-179-muertos\/#primaryimage"},"image":{"@id":"https:\/\/apuntesdesanluis.com\/index.php\/2024\/12\/29\/una-semana-de-luto-en-corea-del-sur-por-el-tragico-accidente-aereo-179-muertos\/#primaryimage"},"thumbnailUrl":"https:\/\/apuntesdesanluis.com\/wp-content\/uploads\/2024\/12\/ACCIDENTE-AEREO.png","datePublished":"2024-12-30T00:21:37+00:00","dateModified":"2024-12-30T00:23:13+00:00","breadcrumb":{"@id":"https:\/\/apuntesdesanluis.com\/index.php\/2024\/12\/29\/una-semana-de-luto-en-corea-del-sur-por-el-tragico-accidente-aereo-179-muertos\/#breadcrumb"},"inLanguage":"es-AR","potentialAction":[{"@type":"ReadAction","target":["https:\/\/apuntesdesanluis.com\/index.php\/2024\/12\/29\/una-semana-de-luto-en-corea-del-sur-por-el-tragico-accidente-aereo-179-muertos\/"]}]},{"@type":"ImageObject","inLanguage":"es-AR","@id":"https:\/\/apuntesdesanluis.com\/index.php\/2024\/12\/29\/una-semana-de-luto-en-corea-del-sur-por-el-tragico-accidente-aereo-179-muertos\/#primaryimage","url":"https:\/\/apuntesdesanluis.com\/wp-content\/uploads\/2024\/12\/ACCIDENTE-AEREO.png","contentUrl":"https:\/\/apuntesdesanluis.com\/wp-content\/uploads\/2024\/12\/ACCIDENTE-AEREO.png","width":913,"height":567},{"@type":"BreadcrumbList","@id":"https:\/\/apuntesdesanluis.com\/index.php\/2024\/12\/29\/una-semana-de-luto-en-corea-del-sur-por-el-tragico-accidente-aereo-179-muertos\/#breadcrumb","itemListElement":[{"@type":"ListItem","position":1,"name":"Inicio","item":"https:\/\/apuntesdesanluis.com\/"},{"@type":"ListItem","position":2,"name":"UNA SEMANA DE LUTO EN COREA DEL SUR POR EL TR\u00c1GICO ACCIDENTE A\u00c9REO: 179 MUERTOS"}]},{"@type":"WebSite","@id":"https:\/\/apuntesdesanluis.com\/#website","url":"https:\/\/apuntesdesanluis.com\/","name":"Apuntes de San Luis","description":"","publisher":{"@id":"https:\/\/apuntesdesanluis.com\/#\/schema\/person\/b55151d52296fcce64d1a72538a70b90"},"potentialAction":[{"@type":"SearchAction","target":{"@type":"EntryPoint","urlTemplate":"https:\/\/apuntesdesanluis.com\/?s={search_term_string}"},"query-input":{"@type":"PropertyValueSpecification","valueRequired":true,"valueName":"search_term_string"}}],"inLanguage":"es-AR"},{"@type":["Person","Organization"],"@id":"https:\/\/apuntesdesanluis.com\/#\/schema\/person\/b55151d52296fcce64d1a72538a70b90","name":"apuntesdesanluis.com","image":{"@type":"ImageObject","inLanguage":"es-AR","@id":"https:\/\/apuntesdesanluis.com\/#\/schema\/person\/image\/","url":"https:\/\/apuntesdesanluis.com\/wp-content\/uploads\/2023\/07\/cropped-apuntesdesanluis.png","contentUrl":"https:\/\/apuntesdesanluis.com\/wp-content\/uploads\/2023\/07\/cropped-apuntesdesanluis.png","width":450,"height":112,"caption":"apuntesdesanluis.com"},"logo":{"@id":"https:\/\/apuntesdesanluis.com\/#\/schema\/person\/image\/"},"sameAs":["https:\/\/apuntesdesanluis.com"],"url":"https:\/\/apuntesdesanluis.com\/index.php\/author\/apuntesdesanluis-com\/"}]}},"featured_image_urls":{"full":["https:\/\/apuntesdesanluis.com\/wp-content\/uploads\/2024\/12\/ACCIDENTE-AEREO.png",913,567,false],"thumbnail":["https:\/\/apuntesdesanluis.com\/wp-content\/uploads\/2024\/12\/ACCIDENTE-AEREO-150x150.png",150,150,true],"medium":["https:\/\/apuntesdesanluis.com\/wp-content\/uploads\/2024\/12\/ACCIDENTE-AEREO-300x186.png",300,186,true],"medium_large":["https:\/\/apuntesdesanluis.com\/wp-content\/uploads\/2024\/12\/ACCIDENTE-AEREO-768x477.png",640,398,true],"large":["https:\/\/apuntesdesanluis.com\/wp-content\/uploads\/2024\/12\/ACCIDENTE-AEREO.png",640,397,false],"1536x1536":["https:\/\/apuntesdesanluis.com\/wp-content\/uploads\/2024\/12\/ACCIDENTE-AEREO.png",913,567,false],"2048x2048":["https:\/\/apuntesdesanluis.com\/wp-content\/uploads\/2024\/12\/ACCIDENTE-AEREO.png",913,567,false],"newsever-slider-full":["https:\/\/apuntesdesanluis.com\/wp-content\/uploads\/2024\/12\/ACCIDENTE-AEREO.png",913,567,false],"newsever-featured":["https:\/\/apuntesdesanluis.com\/wp-content\/uploads\/2024\/12\/ACCIDENTE-AEREO.png",913,567,false],"newsever-medium":["https:\/\/apuntesdesanluis.com\/wp-content\/uploads\/2024\/12\/ACCIDENTE-AEREO-720x475.png",720,475,true]},"author_info":{"display_name":"apuntesdesanluis.com","author_link":"https:\/\/apuntesdesanluis.com\/index.php\/author\/apuntesdesanluis-com\/"},"category_info":"<a href=\"https:\/\/apuntesdesanluis.com\/index.php\/category\/nacionales-internacionales\/\" rel=\"category tag\">Nacionales\/Internacionales<\/a>","tag_info":"Nacionales\/Internacionales","comment_count":"0","_links":{"self":[{"href":"https:\/\/apuntesdesanluis.com\/index.php\/wp-json\/wp\/v2\/posts\/27334","targetHints":{"allow":["GET"]}}],"collection":[{"href":"https:\/\/apuntesdesanluis.com\/index.php\/wp-json\/wp\/v2\/posts"}],"about":[{"href":"https:\/\/apuntesdesanluis.com\/index.php\/wp-json\/wp\/v2\/types\/post"}],"author":[{"embeddable":true,"href":"https:\/\/apuntesdesanluis.com\/index.php\/wp-json\/wp\/v2\/users\/1"}],"replies":[{"embeddable":true,"href":"https:\/\/apuntesdesanluis.com\/index.php\/wp-json\/wp\/v2\/comments?post=27334"}],"version-history":[{"count":2,"href":"https:\/\/apuntesdesanluis.com\/index.php\/wp-json\/wp\/v2\/posts\/27334\/revisions"}],"predecessor-version":[{"id":27337,"href":"https:\/\/apuntesdesanluis.com\/index.php\/wp-json\/wp\/v2\/posts\/27334\/revisions\/27337"}],"wp:featuredmedia":[{"embeddable":true,"href":"https:\/\/apuntesdesanluis.com\/index.php\/wp-json\/wp\/v2\/media\/27335"}],"wp:attachment":[{"href":"https:\/\/apuntesdesanluis.com\/index.php\/wp-json\/wp\/v2\/media?parent=27334"}],"wp:term":[{"taxonomy":"category","embeddable":true,"href":"https:\/\/apuntesdesanluis.com\/index.php\/wp-json\/wp\/v2\/categories?post=27334"},{"taxonomy":"post_tag","embeddable":true,"href":"https:\/\/apuntesdesanluis.com\/index.php\/wp-json\/wp\/v2\/tags?post=27334"}],"curies":[{"name":"wp","href":"https:\/\/api.w.org\/{rel}","templated":true}]}}