{"id":27345,"date":"2024-12-29T22:43:04","date_gmt":"2024-12-30T01:43:04","guid":{"rendered":"https:\/\/apuntesdesanluis.com\/?p=27345"},"modified":"2024-12-29T22:43:38","modified_gmt":"2024-12-30T01:43:38","slug":"siguen-los-cruces-entre-bullrich-y-rodriguez-larreta-por-la-fuga-de-presos-en-la-ciudad","status":"publish","type":"post","link":"https:\/\/apuntesdesanluis.com\/index.php\/2024\/12\/29\/siguen-los-cruces-entre-bullrich-y-rodriguez-larreta-por-la-fuga-de-presos-en-la-ciudad\/","title":{"rendered":"SIGUEN LOS CRUCES ENTRE BULLRICH Y RODR\u00cdGUEZ LARRETA POR LA FUGA DE PRESOS EN LA CIUDAD"},"content":{"rendered":"<h3>Las reiteradas fugas de presos en la Ciudad de Buenos Aires dispar\u00f3 en las \u00faltimas horas una fuerte discusi\u00f3n entre la ministra de Seguridad,<strong> Patricia Bullrich<\/strong>, y el jefe de Gobierno <strong>Horacio Rodr\u00edguez Larreta<\/strong>, con acusaciones cruzadas.<\/h3>\n<h3>\u00a0\u201cPatricia, no mientas\u201d, \u201ccad\u00e1ver pol\u00edtico\u201d y hasta una chicana por las \u201cversiones\u201d que le endilg\u00f3 el exmandatario porte\u00f1o a su ex compa\u00f1era del PRO fueron el n\u00facleo de la disputa en redes sociales, que hasta cont\u00f3 con la participaci\u00f3n del presidente Javier Milei.<\/h3>\n<h3>En medio de la crisis por las fugas masivas de presos y la superpoblaci\u00f3n carcelaria en las comisar\u00edas de la Ciudad, la titular de la cartera de Seguridad responsabiliz\u00f3 al ex jefe de Gobierno porte\u00f1o por presuntamente no haber finalizado la construcci\u00f3n de la c\u00e1rcel. \u201cHay que entender que la Ciudad durante tres a\u00f1os ten\u00eda que haber terminado una c\u00e1rcel que no la termin\u00f3, eso fue generando un stock de presos en comisar\u00edas\u201d, apunt\u00f3 la funcionaria.<\/h3>\n<p><img fetchpriority=\"high\" decoding=\"async\" class=\"wp-image-27347 aligncenter\" src=\"https:\/\/apuntesdesanluis.com\/wp-content\/uploads\/2024\/12\/BULLRICH-POPST-300x209.png\" alt=\"\" width=\"594\" height=\"414\" srcset=\"https:\/\/apuntesdesanluis.com\/wp-content\/uploads\/2024\/12\/BULLRICH-POPST-300x209.png 300w, https:\/\/apuntesdesanluis.com\/wp-content\/uploads\/2024\/12\/BULLRICH-POPST-768x534.png 768w, https:\/\/apuntesdesanluis.com\/wp-content\/uploads\/2024\/12\/BULLRICH-POPST.png 913w\" sizes=\"(max-width: 594px) 100vw, 594px\" \/><\/p>\n<h3>Respecto a la investigaci\u00f3n sobre si hubo connivencia por parte de la Polic\u00eda, la ministra remarc\u00f3 que los agentes no est\u00e1n preparados para tener que cuidar a los reclusos. En este sentido, consider\u00f3 que \u201ctampoco es cuesti\u00f3n de tirarle a la Polic\u00eda, cuando las condiciones de la Ciudad son malas\u201d, al hacer referencia al estado en el que se encuentran las estructuras edilicias.<\/h3>\n<h3>Durante una entrevista con D\u00e9bora Plager, por Radio Rivadavia, Bullrich acus\u00f3 a Larreta de \u201chaberse lavado las manos\u201d, luego de haber indicado que las paredes de la comisar\u00eda de Liniers, de d\u00f3nde se fugaron la semana pasada 17 presos (varios ya fueron recapturados) hab\u00edan sido construidas con ladrillos huecos. \u201cLas consecuencias de haber abandonado la construcci\u00f3n de una c\u00e1rcel hace tres a\u00f1os se est\u00e1 viendo ahora en la superpoblaci\u00f3n en comisar\u00edas que no son lugares adecuados para tener presos\u201d, sentenci\u00f3 la funcionaria.<\/h3>\n<h3>Horas m\u00e1s tarde, el fundador del Movimiento al Desarrollo (MAD) acus\u00f3 a la ministra de mentirosa por haberlo se\u00f1alado como el responsable de financiar la obra carcelaria. \u201cPatricia, no mientas. La c\u00e1rcel de la que hablas es y siempre fue responsabilidad del Gobierno nacional. Hace m\u00e1s de un a\u00f1o, es responsabilidad tuya y no pusiste ni un ladrillo\u201d, respondi\u00f3 por medio una publicaci\u00f3n en la red social X.<\/h3>\n<p><img decoding=\"async\" class=\"wp-image-27348 aligncenter\" src=\"https:\/\/apuntesdesanluis.com\/wp-content\/uploads\/2024\/12\/LARRETA-POST-300x224.png\" alt=\"\" width=\"619\" height=\"462\" srcset=\"https:\/\/apuntesdesanluis.com\/wp-content\/uploads\/2024\/12\/LARRETA-POST-300x224.png 300w, https:\/\/apuntesdesanluis.com\/wp-content\/uploads\/2024\/12\/LARRETA-POST-768x573.png 768w, https:\/\/apuntesdesanluis.com\/wp-content\/uploads\/2024\/12\/LARRETA-POST.png 982w\" sizes=\"(max-width: 619px) 100vw, 619px\" \/><\/p>\n<h3>\u201cLo que dec\u00eds es mentira. Lo tuyo es desinformaci\u00f3n a los ciudadanos\u201d, arremeti\u00f3 el ex jefe de Gobierno porte\u00f1o al resaltar que \u201cla c\u00e1rcel que se est\u00e1 construyendo en Marcos Paz es federal, para presos por delitos federales, juzgados por jueces federales\u201c. Asimismo, aclar\u00f3 que la construcci\u00f3n no fue finalizada en la gesti\u00f3n anterior porque el ex presidente Alberto Fern\u00e1ndez no hab\u00eda ratificado los convenios que se hab\u00edan firmado durante la gesti\u00f3n de Mauricio Macri.<\/h3>\n<h3>Bullrich profundiz\u00f3 el conflicto al tildar al ex funcionario p\u00fablico de \u201ccad\u00e1ver pol\u00edtico\u201d y manifestar: \u201cLarreta, sos el ejemplo claro del fracaso: tibio, mediocre y servil a la clase corrupta mientras el pa\u00eds se prend\u00eda fuego\u201d.<\/h3>\n<h3><img decoding=\"async\" class=\"wp-image-27349 aligncenter\" src=\"https:\/\/apuntesdesanluis.com\/wp-content\/uploads\/2024\/12\/LARRETA-2-209x300.png\" alt=\"\" width=\"594\" height=\"853\" srcset=\"https:\/\/apuntesdesanluis.com\/wp-content\/uploads\/2024\/12\/LARRETA-2-209x300.png 209w, https:\/\/apuntesdesanluis.com\/wp-content\/uploads\/2024\/12\/LARRETA-2.png 609w\" sizes=\"(max-width: 594px) 100vw, 594px\" \/><\/h3>\n<h3>Al mismo tiempo que se diferenci\u00f3 de su ex compa\u00f1ero pol\u00edtico al acusarlo de repartir cargos y pactar \u201ccon los responsables de la gran decadencia argentina\u201d, la titular del Ministerio de Seguridad se\u00f1al\u00f3 que \u201cahora gobiernan los que tienen coraje y convicciones, no acomodaticios como vos\u201d.<\/h3>\n<h3>Pese a que la discusi\u00f3n se origin\u00f3 por una problem\u00e1tica actual, el intercambio de publicaciones desencaden\u00f3 en un pase de facturas que se remont\u00f3 a la rivalidad que surgi\u00f3 entre ambos durante la interna presidencial del PRO, el trabajo durante la campa\u00f1a electoral y la posterior alianza entre la ex candidata presidencial con Javier Milei.<\/h3>\n<h3>\u201cHay tantas versiones tuyas que me pierdo\u201d, chicane\u00f3 Larreta al enumerar que \u201cest\u00e1 la Patricia que me pidi\u00f3 que la acompa\u00f1ara como su Jefe de Gabinete si ganaba, la que dec\u00eda que las ideas de Milei eran peligrosas\u201d. En l\u00ednea con esto, el ex jefe de Gobierno porte\u00f1o dispar\u00f3: \u201cCon vos, todo es posible, menos la coherencia\u201d.<\/h3>\n<h3>El ex funcionario cuestion\u00f3: \u201c\u00bfY si en lugar de insultar terminas la c\u00e1rcel de una buena vez, que es tu responsabilidad?\u201c, para luego ironizar: \u201dDale Patricia, termin\u00e1 la c\u00e1rcel. Al fin y al cabo, los insultos no son otra cosa que la derrota del mentiroso. O de la mentirosa&#8221;.<\/h3>\n<h3><img loading=\"lazy\" decoding=\"async\" class=\"wp-image-27350 aligncenter\" src=\"https:\/\/apuntesdesanluis.com\/wp-content\/uploads\/2024\/12\/MIELI-POST-300x221.png\" alt=\"\" width=\"584\" height=\"430\" srcset=\"https:\/\/apuntesdesanluis.com\/wp-content\/uploads\/2024\/12\/MIELI-POST-300x221.png 300w, https:\/\/apuntesdesanluis.com\/wp-content\/uploads\/2024\/12\/MIELI-POST-768x566.png 768w, https:\/\/apuntesdesanluis.com\/wp-content\/uploads\/2024\/12\/MIELI-POST.png 872w\" sizes=\"(max-width: 584px) 100vw, 584px\" \/><\/h3>\n<h3>La pelea tuvo como espectador al presidente, quien aplaudi\u00f3 la autodefensa que la funcionaria hizo sobre la responsabilidad de la construcci\u00f3n del penal de Marcos Paz.<\/h3>\n<p>&nbsp;<\/p>\n<p>&nbsp;<\/p>\n<p>&nbsp;<\/p>\n<h3><\/h3>\n<h3><\/h3>\n<h3><\/h3>\n","protected":false},"excerpt":{"rendered":"<p>Las reiteradas fugas de presos en la Ciudad de Buenos Aires dispar\u00f3 en las \u00faltimas&#8230;<\/p>\n","protected":false},"author":1,"featured_media":27352,"comment_status":"closed","ping_status":"closed","sticky":false,"template":"","format":"standard","meta":{"footnotes":""},"categories":[5],"tags":[],"class_list":["post-27345","post","type-post","status-publish","format-standard","has-post-thumbnail","hentry","category-nacionales-internacionales"],"yoast_head":"<!-- This site is optimized with the Yoast SEO plugin v26.1.1 - https:\/\/yoast.com\/wordpress\/plugins\/seo\/ -->\n<title>SIGUEN LOS CRUCES ENTRE BULLRICH Y RODR\u00cdGUEZ LARRETA POR LA FUGA DE PRESOS EN LA CIUDAD - Apuntes de San Luis<\/title>\n<meta name=\"robots\" content=\"index, follow, max-snippet:-1, max-image-preview:large, max-video-preview:-1\" \/>\n<link rel=\"canonical\" href=\"https:\/\/apuntesdesanluis.com\/index.php\/2024\/12\/29\/siguen-los-cruces-entre-bullrich-y-rodriguez-larreta-por-la-fuga-de-presos-en-la-ciudad\/\" \/>\n<meta property=\"og:locale\" content=\"es_ES\" \/>\n<meta property=\"og:type\" content=\"article\" \/>\n<meta property=\"og:title\" content=\"SIGUEN LOS CRUCES ENTRE BULLRICH Y RODR\u00cdGUEZ LARRETA POR LA FUGA DE PRESOS EN LA CIUDAD - Apuntes de San Luis\" \/>\n<meta property=\"og:description\" content=\"Las reiteradas fugas de presos en la Ciudad de Buenos Aires dispar\u00f3 en las \u00faltimas...\" \/>\n<meta property=\"og:url\" content=\"https:\/\/apuntesdesanluis.com\/index.php\/2024\/12\/29\/siguen-los-cruces-entre-bullrich-y-rodriguez-larreta-por-la-fuga-de-presos-en-la-ciudad\/\" \/>\n<meta property=\"og:site_name\" content=\"Apuntes de San Luis\" \/>\n<meta property=\"article:published_time\" content=\"2024-12-30T01:43:04+00:00\" \/>\n<meta property=\"article:modified_time\" content=\"2024-12-30T01:43:38+00:00\" \/>\n<meta property=\"og:image\" content=\"https:\/\/apuntesdesanluis.com\/wp-content\/uploads\/2024\/12\/dos_-bullrich-y-larreta.png\" \/>\n\t<meta property=\"og:image:width\" content=\"870\" \/>\n\t<meta property=\"og:image:height\" content=\"578\" \/>\n\t<meta property=\"og:image:type\" content=\"image\/png\" \/>\n<meta name=\"author\" content=\"apuntesdesanluis.com\" \/>\n<meta name=\"twitter:card\" content=\"summary_large_image\" \/>\n<meta name=\"twitter:label1\" content=\"Escrito por\" \/>\n\t<meta name=\"twitter:data1\" content=\"apuntesdesanluis.com\" \/>\n\t<meta name=\"twitter:label2\" content=\"Tiempo de lectura\" \/>\n\t<meta name=\"twitter:data2\" content=\"5 minutos\" \/>\n<script type=\"application\/ld+json\" class=\"yoast-schema-graph\">{\"@context\":\"https:\/\/schema.org\",\"@graph\":[{\"@type\":\"Article\",\"@id\":\"https:\/\/apuntesdesanluis.com\/index.php\/2024\/12\/29\/siguen-los-cruces-entre-bullrich-y-rodriguez-larreta-por-la-fuga-de-presos-en-la-ciudad\/#article\",\"isPartOf\":{\"@id\":\"https:\/\/apuntesdesanluis.com\/index.php\/2024\/12\/29\/siguen-los-cruces-entre-bullrich-y-rodriguez-larreta-por-la-fuga-de-presos-en-la-ciudad\/\"},\"author\":{\"name\":\"apuntesdesanluis.com\",\"@id\":\"https:\/\/apuntesdesanluis.com\/#\/schema\/person\/b55151d52296fcce64d1a72538a70b90\"},\"headline\":\"SIGUEN LOS CRUCES ENTRE BULLRICH Y RODR\u00cdGUEZ LARRETA POR LA FUGA DE PRESOS EN LA CIUDAD\",\"datePublished\":\"2024-12-30T01:43:04+00:00\",\"dateModified\":\"2024-12-30T01:43:38+00:00\",\"mainEntityOfPage\":{\"@id\":\"https:\/\/apuntesdesanluis.com\/index.php\/2024\/12\/29\/siguen-los-cruces-entre-bullrich-y-rodriguez-larreta-por-la-fuga-de-presos-en-la-ciudad\/\"},\"wordCount\":797,\"publisher\":{\"@id\":\"https:\/\/apuntesdesanluis.com\/#\/schema\/person\/b55151d52296fcce64d1a72538a70b90\"},\"image\":{\"@id\":\"https:\/\/apuntesdesanluis.com\/index.php\/2024\/12\/29\/siguen-los-cruces-entre-bullrich-y-rodriguez-larreta-por-la-fuga-de-presos-en-la-ciudad\/#primaryimage\"},\"thumbnailUrl\":\"https:\/\/apuntesdesanluis.com\/wp-content\/uploads\/2024\/12\/dos_-bullrich-y-larreta.png\",\"articleSection\":[\"Nacionales\/Internacionales\"],\"inLanguage\":\"es-AR\"},{\"@type\":\"WebPage\",\"@id\":\"https:\/\/apuntesdesanluis.com\/index.php\/2024\/12\/29\/siguen-los-cruces-entre-bullrich-y-rodriguez-larreta-por-la-fuga-de-presos-en-la-ciudad\/\",\"url\":\"https:\/\/apuntesdesanluis.com\/index.php\/2024\/12\/29\/siguen-los-cruces-entre-bullrich-y-rodriguez-larreta-por-la-fuga-de-presos-en-la-ciudad\/\",\"name\":\"SIGUEN LOS CRUCES ENTRE BULLRICH Y RODR\u00cdGUEZ LARRETA POR LA FUGA DE PRESOS EN LA CIUDAD - Apuntes de San Luis\",\"isPartOf\":{\"@id\":\"https:\/\/apuntesdesanluis.com\/#website\"},\"primaryImageOfPage\":{\"@id\":\"https:\/\/apuntesdesanluis.com\/index.php\/2024\/12\/29\/siguen-los-cruces-entre-bullrich-y-rodriguez-larreta-por-la-fuga-de-presos-en-la-ciudad\/#primaryimage\"},\"image\":{\"@id\":\"https:\/\/apuntesdesanluis.com\/index.php\/2024\/12\/29\/siguen-los-cruces-entre-bullrich-y-rodriguez-larreta-por-la-fuga-de-presos-en-la-ciudad\/#primaryimage\"},\"thumbnailUrl\":\"https:\/\/apuntesdesanluis.com\/wp-content\/uploads\/2024\/12\/dos_-bullrich-y-larreta.png\",\"datePublished\":\"2024-12-30T01:43:04+00:00\",\"dateModified\":\"2024-12-30T01:43:38+00:00\",\"breadcrumb\":{\"@id\":\"https:\/\/apuntesdesanluis.com\/index.php\/2024\/12\/29\/siguen-los-cruces-entre-bullrich-y-rodriguez-larreta-por-la-fuga-de-presos-en-la-ciudad\/#breadcrumb\"},\"inLanguage\":\"es-AR\",\"potentialAction\":[{\"@type\":\"ReadAction\",\"target\":[\"https:\/\/apuntesdesanluis.com\/index.php\/2024\/12\/29\/siguen-los-cruces-entre-bullrich-y-rodriguez-larreta-por-la-fuga-de-presos-en-la-ciudad\/\"]}]},{\"@type\":\"ImageObject\",\"inLanguage\":\"es-AR\",\"@id\":\"https:\/\/apuntesdesanluis.com\/index.php\/2024\/12\/29\/siguen-los-cruces-entre-bullrich-y-rodriguez-larreta-por-la-fuga-de-presos-en-la-ciudad\/#primaryimage\",\"url\":\"https:\/\/apuntesdesanluis.com\/wp-content\/uploads\/2024\/12\/dos_-bullrich-y-larreta.png\",\"contentUrl\":\"https:\/\/apuntesdesanluis.com\/wp-content\/uploads\/2024\/12\/dos_-bullrich-y-larreta.png\",\"width\":870,\"height\":578},{\"@type\":\"BreadcrumbList\",\"@id\":\"https:\/\/apuntesdesanluis.com\/index.php\/2024\/12\/29\/siguen-los-cruces-entre-bullrich-y-rodriguez-larreta-por-la-fuga-de-presos-en-la-ciudad\/#breadcrumb\",\"itemListElement\":[{\"@type\":\"ListItem\",\"position\":1,\"name\":\"Inicio\",\"item\":\"https:\/\/apuntesdesanluis.com\/\"},{\"@type\":\"ListItem\",\"position\":2,\"name\":\"SIGUEN LOS CRUCES ENTRE BULLRICH Y RODR\u00cdGUEZ LARRETA POR LA FUGA DE PRESOS EN LA CIUDAD\"}]},{\"@type\":\"WebSite\",\"@id\":\"https:\/\/apuntesdesanluis.com\/#website\",\"url\":\"https:\/\/apuntesdesanluis.com\/\",\"name\":\"Apuntes de San Luis\",\"description\":\"\",\"publisher\":{\"@id\":\"https:\/\/apuntesdesanluis.com\/#\/schema\/person\/b55151d52296fcce64d1a72538a70b90\"},\"potentialAction\":[{\"@type\":\"SearchAction\",\"target\":{\"@type\":\"EntryPoint\",\"urlTemplate\":\"https:\/\/apuntesdesanluis.com\/?s={search_term_string}\"},\"query-input\":{\"@type\":\"PropertyValueSpecification\",\"valueRequired\":true,\"valueName\":\"search_term_string\"}}],\"inLanguage\":\"es-AR\"},{\"@type\":[\"Person\",\"Organization\"],\"@id\":\"https:\/\/apuntesdesanluis.com\/#\/schema\/person\/b55151d52296fcce64d1a72538a70b90\",\"name\":\"apuntesdesanluis.com\",\"image\":{\"@type\":\"ImageObject\",\"inLanguage\":\"es-AR\",\"@id\":\"https:\/\/apuntesdesanluis.com\/#\/schema\/person\/image\/\",\"url\":\"https:\/\/apuntesdesanluis.com\/wp-content\/uploads\/2023\/07\/cropped-apuntesdesanluis.png\",\"contentUrl\":\"https:\/\/apuntesdesanluis.com\/wp-content\/uploads\/2023\/07\/cropped-apuntesdesanluis.png\",\"width\":450,\"height\":112,\"caption\":\"apuntesdesanluis.com\"},\"logo\":{\"@id\":\"https:\/\/apuntesdesanluis.com\/#\/schema\/person\/image\/\"},\"sameAs\":[\"https:\/\/apuntesdesanluis.com\"],\"url\":\"https:\/\/apuntesdesanluis.com\/index.php\/author\/apuntesdesanluis-com\/\"}]}<\/script>\n<!-- \/ Yoast SEO plugin. -->","yoast_head_json":{"title":"SIGUEN LOS CRUCES ENTRE BULLRICH Y RODR\u00cdGUEZ LARRETA POR LA FUGA DE PRESOS EN LA CIUDAD - Apuntes de San Luis","robots":{"index":"index","follow":"follow","max-snippet":"max-snippet:-1","max-image-preview":"max-image-preview:large","max-video-preview":"max-video-preview:-1"},"canonical":"https:\/\/apuntesdesanluis.com\/index.php\/2024\/12\/29\/siguen-los-cruces-entre-bullrich-y-rodriguez-larreta-por-la-fuga-de-presos-en-la-ciudad\/","og_locale":"es_ES","og_type":"article","og_title":"SIGUEN LOS CRUCES ENTRE BULLRICH Y RODR\u00cdGUEZ LARRETA POR LA FUGA DE PRESOS EN LA CIUDAD - Apuntes de San Luis","og_description":"Las reiteradas fugas de presos en la Ciudad de Buenos Aires dispar\u00f3 en las \u00faltimas...","og_url":"https:\/\/apuntesdesanluis.com\/index.php\/2024\/12\/29\/siguen-los-cruces-entre-bullrich-y-rodriguez-larreta-por-la-fuga-de-presos-en-la-ciudad\/","og_site_name":"Apuntes de San Luis","article_published_time":"2024-12-30T01:43:04+00:00","article_modified_time":"2024-12-30T01:43:38+00:00","og_image":[{"width":870,"height":578,"url":"https:\/\/apuntesdesanluis.com\/wp-content\/uploads\/2024\/12\/dos_-bullrich-y-larreta.png","type":"image\/png"}],"author":"apuntesdesanluis.com","twitter_card":"summary_large_image","twitter_misc":{"Escrito por":"apuntesdesanluis.com","Tiempo de lectura":"5 minutos"},"schema":{"@context":"https:\/\/schema.org","@graph":[{"@type":"Article","@id":"https:\/\/apuntesdesanluis.com\/index.php\/2024\/12\/29\/siguen-los-cruces-entre-bullrich-y-rodriguez-larreta-por-la-fuga-de-presos-en-la-ciudad\/#article","isPartOf":{"@id":"https:\/\/apuntesdesanluis.com\/index.php\/2024\/12\/29\/siguen-los-cruces-entre-bullrich-y-rodriguez-larreta-por-la-fuga-de-presos-en-la-ciudad\/"},"author":{"name":"apuntesdesanluis.com","@id":"https:\/\/apuntesdesanluis.com\/#\/schema\/person\/b55151d52296fcce64d1a72538a70b90"},"headline":"SIGUEN LOS CRUCES ENTRE BULLRICH Y RODR\u00cdGUEZ LARRETA POR LA FUGA DE PRESOS EN LA CIUDAD","datePublished":"2024-12-30T01:43:04+00:00","dateModified":"2024-12-30T01:43:38+00:00","mainEntityOfPage":{"@id":"https:\/\/apuntesdesanluis.com\/index.php\/2024\/12\/29\/siguen-los-cruces-entre-bullrich-y-rodriguez-larreta-por-la-fuga-de-presos-en-la-ciudad\/"},"wordCount":797,"publisher":{"@id":"https:\/\/apuntesdesanluis.com\/#\/schema\/person\/b55151d52296fcce64d1a72538a70b90"},"image":{"@id":"https:\/\/apuntesdesanluis.com\/index.php\/2024\/12\/29\/siguen-los-cruces-entre-bullrich-y-rodriguez-larreta-por-la-fuga-de-presos-en-la-ciudad\/#primaryimage"},"thumbnailUrl":"https:\/\/apuntesdesanluis.com\/wp-content\/uploads\/2024\/12\/dos_-bullrich-y-larreta.png","articleSection":["Nacionales\/Internacionales"],"inLanguage":"es-AR"},{"@type":"WebPage","@id":"https:\/\/apuntesdesanluis.com\/index.php\/2024\/12\/29\/siguen-los-cruces-entre-bullrich-y-rodriguez-larreta-por-la-fuga-de-presos-en-la-ciudad\/","url":"https:\/\/apuntesdesanluis.com\/index.php\/2024\/12\/29\/siguen-los-cruces-entre-bullrich-y-rodriguez-larreta-por-la-fuga-de-presos-en-la-ciudad\/","name":"SIGUEN LOS CRUCES ENTRE BULLRICH Y RODR\u00cdGUEZ LARRETA POR LA FUGA DE PRESOS EN LA CIUDAD - Apuntes de San Luis","isPartOf":{"@id":"https:\/\/apuntesdesanluis.com\/#website"},"primaryImageOfPage":{"@id":"https:\/\/apuntesdesanluis.com\/index.php\/2024\/12\/29\/siguen-los-cruces-entre-bullrich-y-rodriguez-larreta-por-la-fuga-de-presos-en-la-ciudad\/#primaryimage"},"image":{"@id":"https:\/\/apuntesdesanluis.com\/index.php\/2024\/12\/29\/siguen-los-cruces-entre-bullrich-y-rodriguez-larreta-por-la-fuga-de-presos-en-la-ciudad\/#primaryimage"},"thumbnailUrl":"https:\/\/apuntesdesanluis.com\/wp-content\/uploads\/2024\/12\/dos_-bullrich-y-larreta.png","datePublished":"2024-12-30T01:43:04+00:00","dateModified":"2024-12-30T01:43:38+00:00","breadcrumb":{"@id":"https:\/\/apuntesdesanluis.com\/index.php\/2024\/12\/29\/siguen-los-cruces-entre-bullrich-y-rodriguez-larreta-por-la-fuga-de-presos-en-la-ciudad\/#breadcrumb"},"inLanguage":"es-AR","potentialAction":[{"@type":"ReadAction","target":["https:\/\/apuntesdesanluis.com\/index.php\/2024\/12\/29\/siguen-los-cruces-entre-bullrich-y-rodriguez-larreta-por-la-fuga-de-presos-en-la-ciudad\/"]}]},{"@type":"ImageObject","inLanguage":"es-AR","@id":"https:\/\/apuntesdesanluis.com\/index.php\/2024\/12\/29\/siguen-los-cruces-entre-bullrich-y-rodriguez-larreta-por-la-fuga-de-presos-en-la-ciudad\/#primaryimage","url":"https:\/\/apuntesdesanluis.com\/wp-content\/uploads\/2024\/12\/dos_-bullrich-y-larreta.png","contentUrl":"https:\/\/apuntesdesanluis.com\/wp-content\/uploads\/2024\/12\/dos_-bullrich-y-larreta.png","width":870,"height":578},{"@type":"BreadcrumbList","@id":"https:\/\/apuntesdesanluis.com\/index.php\/2024\/12\/29\/siguen-los-cruces-entre-bullrich-y-rodriguez-larreta-por-la-fuga-de-presos-en-la-ciudad\/#breadcrumb","itemListElement":[{"@type":"ListItem","position":1,"name":"Inicio","item":"https:\/\/apuntesdesanluis.com\/"},{"@type":"ListItem","position":2,"name":"SIGUEN LOS CRUCES ENTRE BULLRICH Y RODR\u00cdGUEZ LARRETA POR LA FUGA DE PRESOS EN LA CIUDAD"}]},{"@type":"WebSite","@id":"https:\/\/apuntesdesanluis.com\/#website","url":"https:\/\/apuntesdesanluis.com\/","name":"Apuntes de San Luis","description":"","publisher":{"@id":"https:\/\/apuntesdesanluis.com\/#\/schema\/person\/b55151d52296fcce64d1a72538a70b90"},"potentialAction":[{"@type":"SearchAction","target":{"@type":"EntryPoint","urlTemplate":"https:\/\/apuntesdesanluis.com\/?s={search_term_string}"},"query-input":{"@type":"PropertyValueSpecification","valueRequired":true,"valueName":"search_term_string"}}],"inLanguage":"es-AR"},{"@type":["Person","Organization"],"@id":"https:\/\/apuntesdesanluis.com\/#\/schema\/person\/b55151d52296fcce64d1a72538a70b90","name":"apuntesdesanluis.com","image":{"@type":"ImageObject","inLanguage":"es-AR","@id":"https:\/\/apuntesdesanluis.com\/#\/schema\/person\/image\/","url":"https:\/\/apuntesdesanluis.com\/wp-content\/uploads\/2023\/07\/cropped-apuntesdesanluis.png","contentUrl":"https:\/\/apuntesdesanluis.com\/wp-content\/uploads\/2023\/07\/cropped-apuntesdesanluis.png","width":450,"height":112,"caption":"apuntesdesanluis.com"},"logo":{"@id":"https:\/\/apuntesdesanluis.com\/#\/schema\/person\/image\/"},"sameAs":["https:\/\/apuntesdesanluis.com"],"url":"https:\/\/apuntesdesanluis.com\/index.php\/author\/apuntesdesanluis-com\/"}]}},"featured_image_urls":{"full":["https:\/\/apuntesdesanluis.com\/wp-content\/uploads\/2024\/12\/dos_-bullrich-y-larreta.png",870,578,false],"thumbnail":["https:\/\/apuntesdesanluis.com\/wp-content\/uploads\/2024\/12\/dos_-bullrich-y-larreta-150x150.png",150,150,true],"medium":["https:\/\/apuntesdesanluis.com\/wp-content\/uploads\/2024\/12\/dos_-bullrich-y-larreta-300x199.png",300,199,true],"medium_large":["https:\/\/apuntesdesanluis.com\/wp-content\/uploads\/2024\/12\/dos_-bullrich-y-larreta-768x510.png",640,425,true],"large":["https:\/\/apuntesdesanluis.com\/wp-content\/uploads\/2024\/12\/dos_-bullrich-y-larreta.png",640,425,false],"1536x1536":["https:\/\/apuntesdesanluis.com\/wp-content\/uploads\/2024\/12\/dos_-bullrich-y-larreta.png",870,578,false],"2048x2048":["https:\/\/apuntesdesanluis.com\/wp-content\/uploads\/2024\/12\/dos_-bullrich-y-larreta.png",870,578,false],"newsever-slider-full":["https:\/\/apuntesdesanluis.com\/wp-content\/uploads\/2024\/12\/dos_-bullrich-y-larreta.png",870,578,false],"newsever-featured":["https:\/\/apuntesdesanluis.com\/wp-content\/uploads\/2024\/12\/dos_-bullrich-y-larreta.png",870,578,false],"newsever-medium":["https:\/\/apuntesdesanluis.com\/wp-content\/uploads\/2024\/12\/dos_-bullrich-y-larreta-720x475.png",720,475,true]},"author_info":{"display_name":"apuntesdesanluis.com","author_link":"https:\/\/apuntesdesanluis.com\/index.php\/author\/apuntesdesanluis-com\/"},"category_info":"<a href=\"https:\/\/apuntesdesanluis.com\/index.php\/category\/nacionales-internacionales\/\" rel=\"category tag\">Nacionales\/Internacionales<\/a>","tag_info":"Nacionales\/Internacionales","comment_count":"0","_links":{"self":[{"href":"https:\/\/apuntesdesanluis.com\/index.php\/wp-json\/wp\/v2\/posts\/27345","targetHints":{"allow":["GET"]}}],"collection":[{"href":"https:\/\/apuntesdesanluis.com\/index.php\/wp-json\/wp\/v2\/posts"}],"about":[{"href":"https:\/\/apuntesdesanluis.com\/index.php\/wp-json\/wp\/v2\/types\/post"}],"author":[{"embeddable":true,"href":"https:\/\/apuntesdesanluis.com\/index.php\/wp-json\/wp\/v2\/users\/1"}],"replies":[{"embeddable":true,"href":"https:\/\/apuntesdesanluis.com\/index.php\/wp-json\/wp\/v2\/comments?post=27345"}],"version-history":[{"count":1,"href":"https:\/\/apuntesdesanluis.com\/index.php\/wp-json\/wp\/v2\/posts\/27345\/revisions"}],"predecessor-version":[{"id":27351,"href":"https:\/\/apuntesdesanluis.com\/index.php\/wp-json\/wp\/v2\/posts\/27345\/revisions\/27351"}],"wp:featuredmedia":[{"embeddable":true,"href":"https:\/\/apuntesdesanluis.com\/index.php\/wp-json\/wp\/v2\/media\/27352"}],"wp:attachment":[{"href":"https:\/\/apuntesdesanluis.com\/index.php\/wp-json\/wp\/v2\/media?parent=27345"}],"wp:term":[{"taxonomy":"category","embeddable":true,"href":"https:\/\/apuntesdesanluis.com\/index.php\/wp-json\/wp\/v2\/categories?post=27345"},{"taxonomy":"post_tag","embeddable":true,"href":"https:\/\/apuntesdesanluis.com\/index.php\/wp-json\/wp\/v2\/tags?post=27345"}],"curies":[{"name":"wp","href":"https:\/\/api.w.org\/{rel}","templated":true}]}}