{"id":27370,"date":"2024-12-30T12:43:19","date_gmt":"2024-12-30T15:43:19","guid":{"rendered":"https:\/\/apuntesdesanluis.com\/?p=27370"},"modified":"2024-12-30T14:23:17","modified_gmt":"2024-12-30T17:23:17","slug":"dictaron-prision-preventiva-a-la-mujer-que-mato-a-su-pareja-en-villa-mercedes","status":"publish","type":"post","link":"https:\/\/apuntesdesanluis.com\/index.php\/2024\/12\/30\/dictaron-prision-preventiva-a-la-mujer-que-mato-a-su-pareja-en-villa-mercedes\/","title":{"rendered":"DICTARON PRISI\u00d3N PREVENTIVA A LA MUJER QUE MAT\u00d3 A SU PAREJA EN VILLA MERCEDES"},"content":{"rendered":"<h3>Vencida la pr\u00f3rroga de detenci\u00f3n solicitada por la Defensa, hoy se celebr\u00f3 una nueva audiencia donde la Dra. Mirta Ucelay de Garciarena dispuso el traslado de <strong>Brisa Brizuela<\/strong> al Servicio Penitenciario Provincial. Fue imputada como autora del delito de homicidio calificado por mediar relaci\u00f3n de pareja por el hecho registrado el s\u00e1bado 21 de diciembre en Villa Mercedes.<\/h3>\n<h3>Mientras contin\u00fae la Investigaci\u00f3n Penal Preparatoria (IPP), la mujer imputada deber\u00e1 cumplir prisi\u00f3n preventiva en el Servicio Penitenciario Provincial.<\/h3>\n<h3>As\u00ed lo dispuso hoy la Jueza de Garant\u00edas N\u00ba 3 de la Segunda Circunscripci\u00f3n Judicial, Dra. Mirta Ucelay de Garciarena. El Ministerio P\u00fablico Fiscal hab\u00eda solicitado la medida m\u00e1s gravosa, teniendo en cuenta el tipo delito, las pruebas pendientes de producci\u00f3n y los riesgos procesales existentes.<\/h3>\n<h3>El hecho se produjo el\u00a0 pasado 21 de diciembre en un domicilio del barrio La Ribera, donde la imputada y la v\u00edctima \u2013 <strong>Maximiliano Chavez<\/strong> \u2013\u00a0 conviv\u00edan desde hace aproximadamente seis meses.<\/h3>\n<h3>En representaci\u00f3n del Ministerio P\u00fablico Fiscal estuvieron presentes la Dra. Daniela Torres \u2013 Fiscal de Instrucci\u00f3n N\u00ba 2 \u2013 y por las Dras. Julieta Moyano y Mariana Olgu\u00edn \u2013 Fiscales Adjuntas \u2013; por la Querella, el Dr. Javier Darnay; y en la Defensa de la imputada, el Dr. Gustavo Reviglio. Intervino como secretaria la Dra. Natalia Pereyra Cardini.<\/h3>\n<p><img fetchpriority=\"high\" decoding=\"async\" class=\"wp-image-27372 aligncenter\" src=\"https:\/\/apuntesdesanluis.com\/wp-content\/uploads\/2024\/12\/REVIGLIO-Y-DARNAY-300x191.png\" alt=\"\" width=\"624\" height=\"397\" srcset=\"https:\/\/apuntesdesanluis.com\/wp-content\/uploads\/2024\/12\/REVIGLIO-Y-DARNAY-300x191.png 300w, https:\/\/apuntesdesanluis.com\/wp-content\/uploads\/2024\/12\/REVIGLIO-Y-DARNAY-768x488.png 768w, https:\/\/apuntesdesanluis.com\/wp-content\/uploads\/2024\/12\/REVIGLIO-Y-DARNAY.png 858w\" sizes=\"(max-width: 624px) 100vw, 624px\" \/><\/p>\n<h3>En la primera parte de la audiencia, el Dr. Reviglio ratific\u00f3 los argumentos defensivos expuestos en la formulaci\u00f3n de cargos y sostuvo que su asistida actu\u00f3 en leg\u00edtima defensa. Se refiri\u00f3 a los requisitos previstos en esta figura legal y al examen m\u00e9dico realizado a la imputada.<\/h3>\n<h3>El Dr. Reviglio asegur\u00f3 que su asistida fue tomada por el cuello por Ch\u00e1vez y que se defendi\u00f3. Consider\u00f3 que la mujer corri\u00f3 peligro de vida y mencion\u00f3 la desproporci\u00f3n f\u00edsica entre su defendida y la v\u00edctima.<\/h3>\n<h3>Entre sus argumentos, asegur\u00f3 que su asistida fue v\u00edctima de una agresi\u00f3n, no la agresora y que actu\u00f3 en leg\u00edtima defensa.<\/h3>\n<h3>Por su parte, la Dra. Daniela Torres consider\u00f3 subjetivo el relato formulado por la Defensa y asegur\u00f3 que no se dan los requisitos previstos en la\u00a0 leg\u00edtima defensa. En el mismo sentido se expres\u00f3 la Querella, quien adem\u00e1s se refiri\u00f3 al testimonio aportado por los padres de la v\u00edctima quienes dieron cuenta de una relaci\u00f3n conflictiva, con un car\u00e1cter dominante de la imputada.<\/h3>\n<h3>Luego de escuchar a las partes, la Dra. Ucelay confirm\u00f3 la formulaci\u00f3n de cargos \u2013 por el\u00a0 delito de\u00a0 homicidio calificado por mediar relaci\u00f3n de pareja- . Consider\u00f3 que no se dan los requisitos previstos en la figura de la leg\u00edtima defensa.<\/h3>\n<h3>En una segunda parte, Fiscal\u00eda solicit\u00f3 cuatro meses de prisi\u00f3n preventiva como medida de coerci\u00f3n. Entre los argumentos, la Dra. Torres mencion\u00f3 lo previsto en los arts. 202 y 204 del C\u00f3digo de Procedimiento Penal de la Provincia de San Luis. Mencion\u00f3 que hubo ocultamiento de elementos en el lugar del hecho y que podr\u00eda existir influencia en los testigos. Asimismo, mencion\u00f3 pruebas pendientes de producci\u00f3n.<\/h3>\n<h3>En el mismo sentido se expres\u00f3 la Querella.<\/h3>\n<h3>Por su parte, el Dr. Gustavo Reviglio dej\u00f3 planteado recurso de apelaci\u00f3n en relaci\u00f3n a la formulaci\u00f3n de cargos y recurso de revisi\u00f3n, frente a la medida de coerci\u00f3n.<\/h3>\n<h3>A la hora de disponer el encarcelamiento preventivo, la Dra. Ucelay consider\u00f3 lo previsto en los Arts. 22, 203, 204 y 205 del C\u00f3digo de Procedimiento Penal de la Provincia de San Luis.<\/h3>\n<h3>Por \u00faltimo, en la audiencia la Jueza hizo lugar frente a un pedido del Ministerio P\u00fablico Fiscal a fin de realizar una pericia sobre el tel\u00e9fono celular de un familiar de la imputada a fin de conocer llamadas, mensajes, telef\u00f3nicos y a trav\u00e9s de redes sociales, videos y fotograf\u00edas registradas el d\u00eda del hecho.<\/h3>\n<h3><\/h3>\n<h3><\/h3>\n<h3><\/h3>\n","protected":false},"excerpt":{"rendered":"<p>Vencida la pr\u00f3rroga de detenci\u00f3n solicitada por la Defensa, hoy se celebr\u00f3 una nueva audiencia&#8230;<\/p>\n","protected":false},"author":1,"featured_media":27371,"comment_status":"closed","ping_status":"closed","sticky":false,"template":"","format":"standard","meta":{"footnotes":""},"categories":[6],"tags":[],"class_list":["post-27370","post","type-post","status-publish","format-standard","has-post-thumbnail","hentry","category-ciudad-provincia"],"yoast_head":"<!-- This site is optimized with the Yoast SEO plugin v26.1.1 - https:\/\/yoast.com\/wordpress\/plugins\/seo\/ -->\n<title>DICTARON PRISI\u00d3N PREVENTIVA A LA MUJER QUE MAT\u00d3 A SU PAREJA EN VILLA MERCEDES - Apuntes de San Luis<\/title>\n<meta name=\"robots\" content=\"index, follow, max-snippet:-1, max-image-preview:large, max-video-preview:-1\" \/>\n<link rel=\"canonical\" href=\"https:\/\/apuntesdesanluis.com\/index.php\/2024\/12\/30\/dictaron-prision-preventiva-a-la-mujer-que-mato-a-su-pareja-en-villa-mercedes\/\" \/>\n<meta property=\"og:locale\" content=\"es_ES\" \/>\n<meta property=\"og:type\" content=\"article\" \/>\n<meta property=\"og:title\" content=\"DICTARON PRISI\u00d3N PREVENTIVA A LA MUJER QUE MAT\u00d3 A SU PAREJA EN VILLA MERCEDES - Apuntes de San Luis\" \/>\n<meta property=\"og:description\" content=\"Vencida la pr\u00f3rroga de detenci\u00f3n solicitada por la Defensa, hoy se celebr\u00f3 una nueva audiencia...\" \/>\n<meta property=\"og:url\" content=\"https:\/\/apuntesdesanluis.com\/index.php\/2024\/12\/30\/dictaron-prision-preventiva-a-la-mujer-que-mato-a-su-pareja-en-villa-mercedes\/\" \/>\n<meta property=\"og:site_name\" content=\"Apuntes de San Luis\" \/>\n<meta property=\"article:published_time\" content=\"2024-12-30T15:43:19+00:00\" \/>\n<meta property=\"article:modified_time\" content=\"2024-12-30T17:23:17+00:00\" \/>\n<meta property=\"og:image\" content=\"https:\/\/apuntesdesanluis.com\/wp-content\/uploads\/2024\/12\/MUJER-QUE-MATO-A-SU-PAREJA-EN-LA-RIBERA.png\" \/>\n\t<meta property=\"og:image:width\" content=\"770\" \/>\n\t<meta property=\"og:image:height\" content=\"448\" \/>\n\t<meta property=\"og:image:type\" content=\"image\/png\" \/>\n<meta name=\"author\" content=\"apuntesdesanluis.com\" \/>\n<meta name=\"twitter:card\" content=\"summary_large_image\" \/>\n<meta name=\"twitter:label1\" content=\"Escrito por\" \/>\n\t<meta name=\"twitter:data1\" content=\"apuntesdesanluis.com\" \/>\n\t<meta name=\"twitter:label2\" content=\"Tiempo de lectura\" \/>\n\t<meta name=\"twitter:data2\" content=\"4 minutos\" \/>\n<script type=\"application\/ld+json\" class=\"yoast-schema-graph\">{\"@context\":\"https:\/\/schema.org\",\"@graph\":[{\"@type\":\"Article\",\"@id\":\"https:\/\/apuntesdesanluis.com\/index.php\/2024\/12\/30\/dictaron-prision-preventiva-a-la-mujer-que-mato-a-su-pareja-en-villa-mercedes\/#article\",\"isPartOf\":{\"@id\":\"https:\/\/apuntesdesanluis.com\/index.php\/2024\/12\/30\/dictaron-prision-preventiva-a-la-mujer-que-mato-a-su-pareja-en-villa-mercedes\/\"},\"author\":{\"name\":\"apuntesdesanluis.com\",\"@id\":\"https:\/\/apuntesdesanluis.com\/#\/schema\/person\/b55151d52296fcce64d1a72538a70b90\"},\"headline\":\"DICTARON PRISI\u00d3N PREVENTIVA A LA MUJER QUE MAT\u00d3 A SU PAREJA EN VILLA MERCEDES\",\"datePublished\":\"2024-12-30T15:43:19+00:00\",\"dateModified\":\"2024-12-30T17:23:17+00:00\",\"mainEntityOfPage\":{\"@id\":\"https:\/\/apuntesdesanluis.com\/index.php\/2024\/12\/30\/dictaron-prision-preventiva-a-la-mujer-que-mato-a-su-pareja-en-villa-mercedes\/\"},\"wordCount\":665,\"publisher\":{\"@id\":\"https:\/\/apuntesdesanluis.com\/#\/schema\/person\/b55151d52296fcce64d1a72538a70b90\"},\"image\":{\"@id\":\"https:\/\/apuntesdesanluis.com\/index.php\/2024\/12\/30\/dictaron-prision-preventiva-a-la-mujer-que-mato-a-su-pareja-en-villa-mercedes\/#primaryimage\"},\"thumbnailUrl\":\"https:\/\/apuntesdesanluis.com\/wp-content\/uploads\/2024\/12\/MUJER-QUE-MATO-A-SU-PAREJA-EN-LA-RIBERA.png\",\"articleSection\":[\"Ciudad\/Provincia\"],\"inLanguage\":\"es-AR\"},{\"@type\":\"WebPage\",\"@id\":\"https:\/\/apuntesdesanluis.com\/index.php\/2024\/12\/30\/dictaron-prision-preventiva-a-la-mujer-que-mato-a-su-pareja-en-villa-mercedes\/\",\"url\":\"https:\/\/apuntesdesanluis.com\/index.php\/2024\/12\/30\/dictaron-prision-preventiva-a-la-mujer-que-mato-a-su-pareja-en-villa-mercedes\/\",\"name\":\"DICTARON PRISI\u00d3N PREVENTIVA A LA MUJER QUE MAT\u00d3 A SU PAREJA EN VILLA MERCEDES - Apuntes de San Luis\",\"isPartOf\":{\"@id\":\"https:\/\/apuntesdesanluis.com\/#website\"},\"primaryImageOfPage\":{\"@id\":\"https:\/\/apuntesdesanluis.com\/index.php\/2024\/12\/30\/dictaron-prision-preventiva-a-la-mujer-que-mato-a-su-pareja-en-villa-mercedes\/#primaryimage\"},\"image\":{\"@id\":\"https:\/\/apuntesdesanluis.com\/index.php\/2024\/12\/30\/dictaron-prision-preventiva-a-la-mujer-que-mato-a-su-pareja-en-villa-mercedes\/#primaryimage\"},\"thumbnailUrl\":\"https:\/\/apuntesdesanluis.com\/wp-content\/uploads\/2024\/12\/MUJER-QUE-MATO-A-SU-PAREJA-EN-LA-RIBERA.png\",\"datePublished\":\"2024-12-30T15:43:19+00:00\",\"dateModified\":\"2024-12-30T17:23:17+00:00\",\"breadcrumb\":{\"@id\":\"https:\/\/apuntesdesanluis.com\/index.php\/2024\/12\/30\/dictaron-prision-preventiva-a-la-mujer-que-mato-a-su-pareja-en-villa-mercedes\/#breadcrumb\"},\"inLanguage\":\"es-AR\",\"potentialAction\":[{\"@type\":\"ReadAction\",\"target\":[\"https:\/\/apuntesdesanluis.com\/index.php\/2024\/12\/30\/dictaron-prision-preventiva-a-la-mujer-que-mato-a-su-pareja-en-villa-mercedes\/\"]}]},{\"@type\":\"ImageObject\",\"inLanguage\":\"es-AR\",\"@id\":\"https:\/\/apuntesdesanluis.com\/index.php\/2024\/12\/30\/dictaron-prision-preventiva-a-la-mujer-que-mato-a-su-pareja-en-villa-mercedes\/#primaryimage\",\"url\":\"https:\/\/apuntesdesanluis.com\/wp-content\/uploads\/2024\/12\/MUJER-QUE-MATO-A-SU-PAREJA-EN-LA-RIBERA.png\",\"contentUrl\":\"https:\/\/apuntesdesanluis.com\/wp-content\/uploads\/2024\/12\/MUJER-QUE-MATO-A-SU-PAREJA-EN-LA-RIBERA.png\",\"width\":770,\"height\":448},{\"@type\":\"BreadcrumbList\",\"@id\":\"https:\/\/apuntesdesanluis.com\/index.php\/2024\/12\/30\/dictaron-prision-preventiva-a-la-mujer-que-mato-a-su-pareja-en-villa-mercedes\/#breadcrumb\",\"itemListElement\":[{\"@type\":\"ListItem\",\"position\":1,\"name\":\"Inicio\",\"item\":\"https:\/\/apuntesdesanluis.com\/\"},{\"@type\":\"ListItem\",\"position\":2,\"name\":\"DICTARON PRISI\u00d3N PREVENTIVA A LA MUJER QUE MAT\u00d3 A SU PAREJA EN VILLA MERCEDES\"}]},{\"@type\":\"WebSite\",\"@id\":\"https:\/\/apuntesdesanluis.com\/#website\",\"url\":\"https:\/\/apuntesdesanluis.com\/\",\"name\":\"Apuntes de San Luis\",\"description\":\"\",\"publisher\":{\"@id\":\"https:\/\/apuntesdesanluis.com\/#\/schema\/person\/b55151d52296fcce64d1a72538a70b90\"},\"potentialAction\":[{\"@type\":\"SearchAction\",\"target\":{\"@type\":\"EntryPoint\",\"urlTemplate\":\"https:\/\/apuntesdesanluis.com\/?s={search_term_string}\"},\"query-input\":{\"@type\":\"PropertyValueSpecification\",\"valueRequired\":true,\"valueName\":\"search_term_string\"}}],\"inLanguage\":\"es-AR\"},{\"@type\":[\"Person\",\"Organization\"],\"@id\":\"https:\/\/apuntesdesanluis.com\/#\/schema\/person\/b55151d52296fcce64d1a72538a70b90\",\"name\":\"apuntesdesanluis.com\",\"image\":{\"@type\":\"ImageObject\",\"inLanguage\":\"es-AR\",\"@id\":\"https:\/\/apuntesdesanluis.com\/#\/schema\/person\/image\/\",\"url\":\"https:\/\/apuntesdesanluis.com\/wp-content\/uploads\/2023\/07\/cropped-apuntesdesanluis.png\",\"contentUrl\":\"https:\/\/apuntesdesanluis.com\/wp-content\/uploads\/2023\/07\/cropped-apuntesdesanluis.png\",\"width\":450,\"height\":112,\"caption\":\"apuntesdesanluis.com\"},\"logo\":{\"@id\":\"https:\/\/apuntesdesanluis.com\/#\/schema\/person\/image\/\"},\"sameAs\":[\"https:\/\/apuntesdesanluis.com\"],\"url\":\"https:\/\/apuntesdesanluis.com\/index.php\/author\/apuntesdesanluis-com\/\"}]}<\/script>\n<!-- \/ Yoast SEO plugin. -->","yoast_head_json":{"title":"DICTARON PRISI\u00d3N PREVENTIVA A LA MUJER QUE MAT\u00d3 A SU PAREJA EN VILLA MERCEDES - Apuntes de San Luis","robots":{"index":"index","follow":"follow","max-snippet":"max-snippet:-1","max-image-preview":"max-image-preview:large","max-video-preview":"max-video-preview:-1"},"canonical":"https:\/\/apuntesdesanluis.com\/index.php\/2024\/12\/30\/dictaron-prision-preventiva-a-la-mujer-que-mato-a-su-pareja-en-villa-mercedes\/","og_locale":"es_ES","og_type":"article","og_title":"DICTARON PRISI\u00d3N PREVENTIVA A LA MUJER QUE MAT\u00d3 A SU PAREJA EN VILLA MERCEDES - Apuntes de San Luis","og_description":"Vencida la pr\u00f3rroga de detenci\u00f3n solicitada por la Defensa, hoy se celebr\u00f3 una nueva audiencia...","og_url":"https:\/\/apuntesdesanluis.com\/index.php\/2024\/12\/30\/dictaron-prision-preventiva-a-la-mujer-que-mato-a-su-pareja-en-villa-mercedes\/","og_site_name":"Apuntes de San Luis","article_published_time":"2024-12-30T15:43:19+00:00","article_modified_time":"2024-12-30T17:23:17+00:00","og_image":[{"width":770,"height":448,"url":"https:\/\/apuntesdesanluis.com\/wp-content\/uploads\/2024\/12\/MUJER-QUE-MATO-A-SU-PAREJA-EN-LA-RIBERA.png","type":"image\/png"}],"author":"apuntesdesanluis.com","twitter_card":"summary_large_image","twitter_misc":{"Escrito por":"apuntesdesanluis.com","Tiempo de lectura":"4 minutos"},"schema":{"@context":"https:\/\/schema.org","@graph":[{"@type":"Article","@id":"https:\/\/apuntesdesanluis.com\/index.php\/2024\/12\/30\/dictaron-prision-preventiva-a-la-mujer-que-mato-a-su-pareja-en-villa-mercedes\/#article","isPartOf":{"@id":"https:\/\/apuntesdesanluis.com\/index.php\/2024\/12\/30\/dictaron-prision-preventiva-a-la-mujer-que-mato-a-su-pareja-en-villa-mercedes\/"},"author":{"name":"apuntesdesanluis.com","@id":"https:\/\/apuntesdesanluis.com\/#\/schema\/person\/b55151d52296fcce64d1a72538a70b90"},"headline":"DICTARON PRISI\u00d3N PREVENTIVA A LA MUJER QUE MAT\u00d3 A SU PAREJA EN VILLA MERCEDES","datePublished":"2024-12-30T15:43:19+00:00","dateModified":"2024-12-30T17:23:17+00:00","mainEntityOfPage":{"@id":"https:\/\/apuntesdesanluis.com\/index.php\/2024\/12\/30\/dictaron-prision-preventiva-a-la-mujer-que-mato-a-su-pareja-en-villa-mercedes\/"},"wordCount":665,"publisher":{"@id":"https:\/\/apuntesdesanluis.com\/#\/schema\/person\/b55151d52296fcce64d1a72538a70b90"},"image":{"@id":"https:\/\/apuntesdesanluis.com\/index.php\/2024\/12\/30\/dictaron-prision-preventiva-a-la-mujer-que-mato-a-su-pareja-en-villa-mercedes\/#primaryimage"},"thumbnailUrl":"https:\/\/apuntesdesanluis.com\/wp-content\/uploads\/2024\/12\/MUJER-QUE-MATO-A-SU-PAREJA-EN-LA-RIBERA.png","articleSection":["Ciudad\/Provincia"],"inLanguage":"es-AR"},{"@type":"WebPage","@id":"https:\/\/apuntesdesanluis.com\/index.php\/2024\/12\/30\/dictaron-prision-preventiva-a-la-mujer-que-mato-a-su-pareja-en-villa-mercedes\/","url":"https:\/\/apuntesdesanluis.com\/index.php\/2024\/12\/30\/dictaron-prision-preventiva-a-la-mujer-que-mato-a-su-pareja-en-villa-mercedes\/","name":"DICTARON PRISI\u00d3N PREVENTIVA A LA MUJER QUE MAT\u00d3 A SU PAREJA EN VILLA MERCEDES - Apuntes de San Luis","isPartOf":{"@id":"https:\/\/apuntesdesanluis.com\/#website"},"primaryImageOfPage":{"@id":"https:\/\/apuntesdesanluis.com\/index.php\/2024\/12\/30\/dictaron-prision-preventiva-a-la-mujer-que-mato-a-su-pareja-en-villa-mercedes\/#primaryimage"},"image":{"@id":"https:\/\/apuntesdesanluis.com\/index.php\/2024\/12\/30\/dictaron-prision-preventiva-a-la-mujer-que-mato-a-su-pareja-en-villa-mercedes\/#primaryimage"},"thumbnailUrl":"https:\/\/apuntesdesanluis.com\/wp-content\/uploads\/2024\/12\/MUJER-QUE-MATO-A-SU-PAREJA-EN-LA-RIBERA.png","datePublished":"2024-12-30T15:43:19+00:00","dateModified":"2024-12-30T17:23:17+00:00","breadcrumb":{"@id":"https:\/\/apuntesdesanluis.com\/index.php\/2024\/12\/30\/dictaron-prision-preventiva-a-la-mujer-que-mato-a-su-pareja-en-villa-mercedes\/#breadcrumb"},"inLanguage":"es-AR","potentialAction":[{"@type":"ReadAction","target":["https:\/\/apuntesdesanluis.com\/index.php\/2024\/12\/30\/dictaron-prision-preventiva-a-la-mujer-que-mato-a-su-pareja-en-villa-mercedes\/"]}]},{"@type":"ImageObject","inLanguage":"es-AR","@id":"https:\/\/apuntesdesanluis.com\/index.php\/2024\/12\/30\/dictaron-prision-preventiva-a-la-mujer-que-mato-a-su-pareja-en-villa-mercedes\/#primaryimage","url":"https:\/\/apuntesdesanluis.com\/wp-content\/uploads\/2024\/12\/MUJER-QUE-MATO-A-SU-PAREJA-EN-LA-RIBERA.png","contentUrl":"https:\/\/apuntesdesanluis.com\/wp-content\/uploads\/2024\/12\/MUJER-QUE-MATO-A-SU-PAREJA-EN-LA-RIBERA.png","width":770,"height":448},{"@type":"BreadcrumbList","@id":"https:\/\/apuntesdesanluis.com\/index.php\/2024\/12\/30\/dictaron-prision-preventiva-a-la-mujer-que-mato-a-su-pareja-en-villa-mercedes\/#breadcrumb","itemListElement":[{"@type":"ListItem","position":1,"name":"Inicio","item":"https:\/\/apuntesdesanluis.com\/"},{"@type":"ListItem","position":2,"name":"DICTARON PRISI\u00d3N PREVENTIVA A LA MUJER QUE MAT\u00d3 A SU PAREJA EN VILLA MERCEDES"}]},{"@type":"WebSite","@id":"https:\/\/apuntesdesanluis.com\/#website","url":"https:\/\/apuntesdesanluis.com\/","name":"Apuntes de San Luis","description":"","publisher":{"@id":"https:\/\/apuntesdesanluis.com\/#\/schema\/person\/b55151d52296fcce64d1a72538a70b90"},"potentialAction":[{"@type":"SearchAction","target":{"@type":"EntryPoint","urlTemplate":"https:\/\/apuntesdesanluis.com\/?s={search_term_string}"},"query-input":{"@type":"PropertyValueSpecification","valueRequired":true,"valueName":"search_term_string"}}],"inLanguage":"es-AR"},{"@type":["Person","Organization"],"@id":"https:\/\/apuntesdesanluis.com\/#\/schema\/person\/b55151d52296fcce64d1a72538a70b90","name":"apuntesdesanluis.com","image":{"@type":"ImageObject","inLanguage":"es-AR","@id":"https:\/\/apuntesdesanluis.com\/#\/schema\/person\/image\/","url":"https:\/\/apuntesdesanluis.com\/wp-content\/uploads\/2023\/07\/cropped-apuntesdesanluis.png","contentUrl":"https:\/\/apuntesdesanluis.com\/wp-content\/uploads\/2023\/07\/cropped-apuntesdesanluis.png","width":450,"height":112,"caption":"apuntesdesanluis.com"},"logo":{"@id":"https:\/\/apuntesdesanluis.com\/#\/schema\/person\/image\/"},"sameAs":["https:\/\/apuntesdesanluis.com"],"url":"https:\/\/apuntesdesanluis.com\/index.php\/author\/apuntesdesanluis-com\/"}]}},"featured_image_urls":{"full":["https:\/\/apuntesdesanluis.com\/wp-content\/uploads\/2024\/12\/MUJER-QUE-MATO-A-SU-PAREJA-EN-LA-RIBERA.png",770,448,false],"thumbnail":["https:\/\/apuntesdesanluis.com\/wp-content\/uploads\/2024\/12\/MUJER-QUE-MATO-A-SU-PAREJA-EN-LA-RIBERA-150x150.png",150,150,true],"medium":["https:\/\/apuntesdesanluis.com\/wp-content\/uploads\/2024\/12\/MUJER-QUE-MATO-A-SU-PAREJA-EN-LA-RIBERA-300x175.png",300,175,true],"medium_large":["https:\/\/apuntesdesanluis.com\/wp-content\/uploads\/2024\/12\/MUJER-QUE-MATO-A-SU-PAREJA-EN-LA-RIBERA-768x447.png",640,373,true],"large":["https:\/\/apuntesdesanluis.com\/wp-content\/uploads\/2024\/12\/MUJER-QUE-MATO-A-SU-PAREJA-EN-LA-RIBERA.png",640,372,false],"1536x1536":["https:\/\/apuntesdesanluis.com\/wp-content\/uploads\/2024\/12\/MUJER-QUE-MATO-A-SU-PAREJA-EN-LA-RIBERA.png",770,448,false],"2048x2048":["https:\/\/apuntesdesanluis.com\/wp-content\/uploads\/2024\/12\/MUJER-QUE-MATO-A-SU-PAREJA-EN-LA-RIBERA.png",770,448,false],"newsever-slider-full":["https:\/\/apuntesdesanluis.com\/wp-content\/uploads\/2024\/12\/MUJER-QUE-MATO-A-SU-PAREJA-EN-LA-RIBERA.png",770,448,false],"newsever-featured":["https:\/\/apuntesdesanluis.com\/wp-content\/uploads\/2024\/12\/MUJER-QUE-MATO-A-SU-PAREJA-EN-LA-RIBERA.png",770,448,false],"newsever-medium":["https:\/\/apuntesdesanluis.com\/wp-content\/uploads\/2024\/12\/MUJER-QUE-MATO-A-SU-PAREJA-EN-LA-RIBERA-720x448.png",720,448,true]},"author_info":{"display_name":"apuntesdesanluis.com","author_link":"https:\/\/apuntesdesanluis.com\/index.php\/author\/apuntesdesanluis-com\/"},"category_info":"<a href=\"https:\/\/apuntesdesanluis.com\/index.php\/category\/ciudad-provincia\/\" rel=\"category tag\">Ciudad\/Provincia<\/a>","tag_info":"Ciudad\/Provincia","comment_count":"0","_links":{"self":[{"href":"https:\/\/apuntesdesanluis.com\/index.php\/wp-json\/wp\/v2\/posts\/27370","targetHints":{"allow":["GET"]}}],"collection":[{"href":"https:\/\/apuntesdesanluis.com\/index.php\/wp-json\/wp\/v2\/posts"}],"about":[{"href":"https:\/\/apuntesdesanluis.com\/index.php\/wp-json\/wp\/v2\/types\/post"}],"author":[{"embeddable":true,"href":"https:\/\/apuntesdesanluis.com\/index.php\/wp-json\/wp\/v2\/users\/1"}],"replies":[{"embeddable":true,"href":"https:\/\/apuntesdesanluis.com\/index.php\/wp-json\/wp\/v2\/comments?post=27370"}],"version-history":[{"count":2,"href":"https:\/\/apuntesdesanluis.com\/index.php\/wp-json\/wp\/v2\/posts\/27370\/revisions"}],"predecessor-version":[{"id":27374,"href":"https:\/\/apuntesdesanluis.com\/index.php\/wp-json\/wp\/v2\/posts\/27370\/revisions\/27374"}],"wp:featuredmedia":[{"embeddable":true,"href":"https:\/\/apuntesdesanluis.com\/index.php\/wp-json\/wp\/v2\/media\/27371"}],"wp:attachment":[{"href":"https:\/\/apuntesdesanluis.com\/index.php\/wp-json\/wp\/v2\/media?parent=27370"}],"wp:term":[{"taxonomy":"category","embeddable":true,"href":"https:\/\/apuntesdesanluis.com\/index.php\/wp-json\/wp\/v2\/categories?post=27370"},{"taxonomy":"post_tag","embeddable":true,"href":"https:\/\/apuntesdesanluis.com\/index.php\/wp-json\/wp\/v2\/tags?post=27370"}],"curies":[{"name":"wp","href":"https:\/\/api.w.org\/{rel}","templated":true}]}}