{"id":27378,"date":"2024-12-30T17:40:23","date_gmt":"2024-12-30T20:40:23","guid":{"rendered":"https:\/\/apuntesdesanluis.com\/?p=27378"},"modified":"2024-12-30T17:57:42","modified_gmt":"2024-12-30T20:57:42","slug":"confirmado-se-adelantan-las-elecciones-en-san-luis-para-el-11-de-mayo","status":"publish","type":"post","link":"https:\/\/apuntesdesanluis.com\/index.php\/2024\/12\/30\/confirmado-se-adelantan-las-elecciones-en-san-luis-para-el-11-de-mayo\/","title":{"rendered":"CONFIRMADO: SE ADELANTAN LAS ELECCIONES EN SAN LUIS PARA EL 11 DE MAYO"},"content":{"rendered":"<h3>El gobierno de la provincia de <strong>San Luis<\/strong> convoc\u00f3 para el segundo domingo de mayo a elecciones provinciales, destinadas a renovar la mitad de las bancas en la c\u00e1mara de Senadores y de Diputados de la Provincia. Se usar\u00e1 por primera vez la <strong>Boleta \u00danica Papel<\/strong> y ya no regir\u00e1 la Ley de Lemas.<\/h3>\n<h3>Confirmando el adelanto de <a href=\"https:\/\/apuntesdesanluis.com\/index.php\/2024\/12\/22\/exclusivo-se-hiper-adelantan-las-elecciones-de-2025-en-san-luis\/\" target=\"_blank\" rel=\"noopener\"><span style=\"color: #3366ff;\"><strong>Apuntes de San Luis<\/strong><\/span><\/a>, el gobernador <strong>Claudio Poggi<\/strong> dispuso que en la provincia se vote el <strong>D\u00eda del Himno Nacional Argentino<\/strong>, el <strong>11 de mayo<\/strong>, separando las legislativas locales con las nacionales, que se celebrar\u00e1n el 26 de octubre.<\/h3>\n<h3>La C\u00e1mara de Diputados provincial renovar\u00e1 la mitad de las bancas. Tambi\u00e9n habr\u00e1 elecciones para definir cuatro esca\u00f1os del Senado.<\/h3>\n<h3>En esa fecha, tambi\u00e9n se pondr\u00e1 en juego la renovaci\u00f3n de la mitad de los esca\u00f1os legislativos municipales y 10 municipios y comisionados municipales, elegir\u00e1n a sus m\u00e1ximas autoridades ejecutivas.<\/h3>\n<h3>En estas elecciones de medio t\u00e9rmino que se desarrollar\u00e1n el pr\u00f3ximo 11 de mayo, se usar\u00e1 por primera vez el sistema de <strong>Boleta \u00danica Papel<\/strong>, una herramienta para lograr, adem\u00e1s de un beneficio ambiental, la equidad y transparencia que generen confianza en nuestro sistema electoral, mayor igualdad entre las fuerzas pol\u00edticas que compiten en la elecci\u00f3n. Adem\u00e1s, ser\u00e1n sin la Ley de Lemas creada por la gesti\u00f3n anterior, lo que brinda un salto en la calidad institucional.<\/h3>\n<h3>No habr\u00e1 Primarias Abiertas Simult\u00e1neas y Obligatorias (PASO), ni su variante PAS, que en alg\u00fan momento rigieron en San Luis. Los partidos que quieran resolver sus candidaturas en elecciones internas deber\u00e1n hacerlo por su cuenta, ya que no ser\u00e1n solventadas por el Estado provincial.<\/h3>\n<h3>Los avances institucionales en materia electoral es fruto del trabajo realizado por la Comisi\u00f3n de An\u00e1lisis del Sistema Electoral Vigente, una iniciativa que habilit\u00f3 los consensos necesarios para generar la legislaci\u00f3n que permiti\u00f3 la actualizaci\u00f3n del sistema electoral y el ejercicio de los derechos pol\u00edticos.<\/h3>\n<h3><strong>\u00bfQu\u00e9 se elige?<\/strong><\/h3>\n<h3>Se renovar\u00e1n la mitad de las c\u00e1maras de Senadores y Diputados de San Luis, los mandatos de algunos intendentes e intendentes comisionados que vencen el 10 de diciembre de 2025 y tambi\u00e9n la mitad de los concejos deliberantes.<\/h3>\n<h3>Los cuatro departamentos que elegir\u00e1n un senador provincial titular y uno suplente son: <strong>Belgrano, San Mart\u00edn, Ayacucho<\/strong> y <strong>Pedernera<\/strong>. En tanto que la ciudadan\u00eda tambi\u00e9n deber\u00e1 elegir <strong>22 diputados provinciales<\/strong> titulares y 22 suplentes, divididos de la siguiente manera: <strong>10 por el departamento Pueyrred\u00f3n, tres por Dupuy, tres por Pringles, tres por Jun\u00edn y tres por Belgrano.<\/strong><\/h3>\n<h3>El Gobierno tambi\u00e9n invit\u00f3 a los intendentes municipales de la ciudad de San Luis, Juana Koslay, La Punta, Potrero de los Funes, El Volc\u00e1n, Villa Mercedes, Justo Daract, Buena Esperanza, Uni\u00f3n, Concar\u00e1n, Tilisarao, Naschel, Quines, San Francisco del Monte de Oro, Luj\u00e1n, Santa Rosa del Conlara, Villa de Merlo, Carpinter\u00eda, San Mart\u00edn, Los Manantiales, La Toma y El Trapiche a organizar las elecciones locales (ya sea para intendentes las que correspondiera, y para concejales) para el mismo 11 de mayo de 2025, en coincidencia con las provinciales.<\/h3>\n<h3>Se elige intendente en Juana Koslay, Potrero de los Funes, Uni\u00f3n, Naschel, Luj\u00e1n y Los Manantiales. En tanto que Beazley, La Calera, Nogol\u00ed y Renca tendr\u00e1n comicios para renovar a sus intendentes comisionados.<\/h3>\n<h3>En cuanto a concejales titulares y suplentes, renovar\u00e1n parcialmente San Luis (7), Juana Koslay (2), La Punta (5), Potrero de los Funes (3), El Volc\u00e1n (2), Villa Mercedes (6), Justo Daract (5), Buena Esperanza (2), Uni\u00f3n (2), Concar\u00e1n (3), Tilisarao (3), Naschel (2), Quines (3), San Francisco (3), Luj\u00e1n (2), Candelaria (2), Santa Rosa del conlara (3), Villa de Merlo (5), Carpinter\u00eda (2), San Mart\u00edn (2), Los Manantiales (2), La Toma (4) y El Trapiche (2).<\/h3>\n<h3><strong>NOTA RELACIONADA:<\/strong><\/h3>\n<p><a href=\"https:\/\/apuntesdesanluis.com\/index.php\/2024\/12\/22\/exclusivo-se-hiper-adelantan-las-elecciones-de-2025-en-san-luis\/\" target=\"_blank\" rel=\"noopener\"><img fetchpriority=\"high\" decoding=\"async\" class=\"alignnone wp-image-27381\" src=\"https:\/\/apuntesdesanluis.com\/wp-content\/uploads\/2024\/12\/PRIMICIA-300x245.png\" alt=\"\" width=\"474\" height=\"387\" srcset=\"https:\/\/apuntesdesanluis.com\/wp-content\/uploads\/2024\/12\/PRIMICIA-300x245.png 300w, https:\/\/apuntesdesanluis.com\/wp-content\/uploads\/2024\/12\/PRIMICIA.png 553w\" sizes=\"(max-width: 474px) 100vw, 474px\" \/><\/a><\/p>\n<p>&nbsp;<\/p>\n<p>&nbsp;<\/p>\n<p>&nbsp;<\/p>\n<p>&nbsp;<\/p>\n","protected":false},"excerpt":{"rendered":"<p>El gobierno de la provincia de San Luis convoc\u00f3 para el segundo domingo de mayo&#8230;<\/p>\n","protected":false},"author":1,"featured_media":27382,"comment_status":"closed","ping_status":"closed","sticky":false,"template":"","format":"standard","meta":{"footnotes":""},"categories":[9],"tags":[],"class_list":["post-27378","post","type-post","status-publish","format-standard","has-post-thumbnail","hentry","category-opinion"],"yoast_head":"<!-- This site is optimized with the Yoast SEO plugin v26.1.1 - https:\/\/yoast.com\/wordpress\/plugins\/seo\/ -->\n<title>CONFIRMADO: SE ADELANTAN LAS ELECCIONES EN SAN LUIS PARA EL 11 DE MAYO - Apuntes de San Luis<\/title>\n<meta name=\"robots\" content=\"index, follow, max-snippet:-1, max-image-preview:large, max-video-preview:-1\" \/>\n<link rel=\"canonical\" href=\"https:\/\/apuntesdesanluis.com\/index.php\/2024\/12\/30\/confirmado-se-adelantan-las-elecciones-en-san-luis-para-el-11-de-mayo\/\" \/>\n<meta property=\"og:locale\" content=\"es_ES\" \/>\n<meta property=\"og:type\" content=\"article\" \/>\n<meta property=\"og:title\" content=\"CONFIRMADO: SE ADELANTAN LAS ELECCIONES EN SAN LUIS PARA EL 11 DE MAYO - Apuntes de San Luis\" \/>\n<meta property=\"og:description\" content=\"El gobierno de la provincia de San Luis convoc\u00f3 para el segundo domingo de mayo...\" \/>\n<meta property=\"og:url\" content=\"https:\/\/apuntesdesanluis.com\/index.php\/2024\/12\/30\/confirmado-se-adelantan-las-elecciones-en-san-luis-para-el-11-de-mayo\/\" \/>\n<meta property=\"og:site_name\" content=\"Apuntes de San Luis\" \/>\n<meta property=\"article:published_time\" content=\"2024-12-30T20:40:23+00:00\" \/>\n<meta property=\"article:modified_time\" content=\"2024-12-30T20:57:42+00:00\" \/>\n<meta property=\"og:image\" content=\"https:\/\/apuntesdesanluis.com\/wp-content\/uploads\/2024\/12\/elecciones-en-san-luis.png\" \/>\n\t<meta property=\"og:image:width\" content=\"752\" \/>\n\t<meta property=\"og:image:height\" content=\"481\" \/>\n\t<meta property=\"og:image:type\" content=\"image\/png\" \/>\n<meta name=\"author\" content=\"apuntesdesanluis.com\" \/>\n<meta name=\"twitter:card\" content=\"summary_large_image\" \/>\n<meta name=\"twitter:label1\" content=\"Escrito por\" \/>\n\t<meta name=\"twitter:data1\" content=\"apuntesdesanluis.com\" \/>\n\t<meta name=\"twitter:label2\" content=\"Tiempo de lectura\" \/>\n\t<meta name=\"twitter:data2\" content=\"4 minutos\" \/>\n<script type=\"application\/ld+json\" class=\"yoast-schema-graph\">{\"@context\":\"https:\/\/schema.org\",\"@graph\":[{\"@type\":\"Article\",\"@id\":\"https:\/\/apuntesdesanluis.com\/index.php\/2024\/12\/30\/confirmado-se-adelantan-las-elecciones-en-san-luis-para-el-11-de-mayo\/#article\",\"isPartOf\":{\"@id\":\"https:\/\/apuntesdesanluis.com\/index.php\/2024\/12\/30\/confirmado-se-adelantan-las-elecciones-en-san-luis-para-el-11-de-mayo\/\"},\"author\":{\"name\":\"apuntesdesanluis.com\",\"@id\":\"https:\/\/apuntesdesanluis.com\/#\/schema\/person\/b55151d52296fcce64d1a72538a70b90\"},\"headline\":\"CONFIRMADO: SE ADELANTAN LAS ELECCIONES EN SAN LUIS PARA EL 11 DE MAYO\",\"datePublished\":\"2024-12-30T20:40:23+00:00\",\"dateModified\":\"2024-12-30T20:57:42+00:00\",\"mainEntityOfPage\":{\"@id\":\"https:\/\/apuntesdesanluis.com\/index.php\/2024\/12\/30\/confirmado-se-adelantan-las-elecciones-en-san-luis-para-el-11-de-mayo\/\"},\"wordCount\":646,\"publisher\":{\"@id\":\"https:\/\/apuntesdesanluis.com\/#\/schema\/person\/b55151d52296fcce64d1a72538a70b90\"},\"image\":{\"@id\":\"https:\/\/apuntesdesanluis.com\/index.php\/2024\/12\/30\/confirmado-se-adelantan-las-elecciones-en-san-luis-para-el-11-de-mayo\/#primaryimage\"},\"thumbnailUrl\":\"https:\/\/apuntesdesanluis.com\/wp-content\/uploads\/2024\/12\/elecciones-en-san-luis.png\",\"articleSection\":[\"Opini\u00f3n\"],\"inLanguage\":\"es-AR\"},{\"@type\":\"WebPage\",\"@id\":\"https:\/\/apuntesdesanluis.com\/index.php\/2024\/12\/30\/confirmado-se-adelantan-las-elecciones-en-san-luis-para-el-11-de-mayo\/\",\"url\":\"https:\/\/apuntesdesanluis.com\/index.php\/2024\/12\/30\/confirmado-se-adelantan-las-elecciones-en-san-luis-para-el-11-de-mayo\/\",\"name\":\"CONFIRMADO: SE ADELANTAN LAS ELECCIONES EN SAN LUIS PARA EL 11 DE MAYO - Apuntes de San Luis\",\"isPartOf\":{\"@id\":\"https:\/\/apuntesdesanluis.com\/#website\"},\"primaryImageOfPage\":{\"@id\":\"https:\/\/apuntesdesanluis.com\/index.php\/2024\/12\/30\/confirmado-se-adelantan-las-elecciones-en-san-luis-para-el-11-de-mayo\/#primaryimage\"},\"image\":{\"@id\":\"https:\/\/apuntesdesanluis.com\/index.php\/2024\/12\/30\/confirmado-se-adelantan-las-elecciones-en-san-luis-para-el-11-de-mayo\/#primaryimage\"},\"thumbnailUrl\":\"https:\/\/apuntesdesanluis.com\/wp-content\/uploads\/2024\/12\/elecciones-en-san-luis.png\",\"datePublished\":\"2024-12-30T20:40:23+00:00\",\"dateModified\":\"2024-12-30T20:57:42+00:00\",\"breadcrumb\":{\"@id\":\"https:\/\/apuntesdesanluis.com\/index.php\/2024\/12\/30\/confirmado-se-adelantan-las-elecciones-en-san-luis-para-el-11-de-mayo\/#breadcrumb\"},\"inLanguage\":\"es-AR\",\"potentialAction\":[{\"@type\":\"ReadAction\",\"target\":[\"https:\/\/apuntesdesanluis.com\/index.php\/2024\/12\/30\/confirmado-se-adelantan-las-elecciones-en-san-luis-para-el-11-de-mayo\/\"]}]},{\"@type\":\"ImageObject\",\"inLanguage\":\"es-AR\",\"@id\":\"https:\/\/apuntesdesanluis.com\/index.php\/2024\/12\/30\/confirmado-se-adelantan-las-elecciones-en-san-luis-para-el-11-de-mayo\/#primaryimage\",\"url\":\"https:\/\/apuntesdesanluis.com\/wp-content\/uploads\/2024\/12\/elecciones-en-san-luis.png\",\"contentUrl\":\"https:\/\/apuntesdesanluis.com\/wp-content\/uploads\/2024\/12\/elecciones-en-san-luis.png\",\"width\":752,\"height\":481},{\"@type\":\"BreadcrumbList\",\"@id\":\"https:\/\/apuntesdesanluis.com\/index.php\/2024\/12\/30\/confirmado-se-adelantan-las-elecciones-en-san-luis-para-el-11-de-mayo\/#breadcrumb\",\"itemListElement\":[{\"@type\":\"ListItem\",\"position\":1,\"name\":\"Inicio\",\"item\":\"https:\/\/apuntesdesanluis.com\/\"},{\"@type\":\"ListItem\",\"position\":2,\"name\":\"CONFIRMADO: SE ADELANTAN LAS ELECCIONES EN SAN LUIS PARA EL 11 DE MAYO\"}]},{\"@type\":\"WebSite\",\"@id\":\"https:\/\/apuntesdesanluis.com\/#website\",\"url\":\"https:\/\/apuntesdesanluis.com\/\",\"name\":\"Apuntes de San Luis\",\"description\":\"\",\"publisher\":{\"@id\":\"https:\/\/apuntesdesanluis.com\/#\/schema\/person\/b55151d52296fcce64d1a72538a70b90\"},\"potentialAction\":[{\"@type\":\"SearchAction\",\"target\":{\"@type\":\"EntryPoint\",\"urlTemplate\":\"https:\/\/apuntesdesanluis.com\/?s={search_term_string}\"},\"query-input\":{\"@type\":\"PropertyValueSpecification\",\"valueRequired\":true,\"valueName\":\"search_term_string\"}}],\"inLanguage\":\"es-AR\"},{\"@type\":[\"Person\",\"Organization\"],\"@id\":\"https:\/\/apuntesdesanluis.com\/#\/schema\/person\/b55151d52296fcce64d1a72538a70b90\",\"name\":\"apuntesdesanluis.com\",\"image\":{\"@type\":\"ImageObject\",\"inLanguage\":\"es-AR\",\"@id\":\"https:\/\/apuntesdesanluis.com\/#\/schema\/person\/image\/\",\"url\":\"https:\/\/apuntesdesanluis.com\/wp-content\/uploads\/2023\/07\/cropped-apuntesdesanluis.png\",\"contentUrl\":\"https:\/\/apuntesdesanluis.com\/wp-content\/uploads\/2023\/07\/cropped-apuntesdesanluis.png\",\"width\":450,\"height\":112,\"caption\":\"apuntesdesanluis.com\"},\"logo\":{\"@id\":\"https:\/\/apuntesdesanluis.com\/#\/schema\/person\/image\/\"},\"sameAs\":[\"https:\/\/apuntesdesanluis.com\"],\"url\":\"https:\/\/apuntesdesanluis.com\/index.php\/author\/apuntesdesanluis-com\/\"}]}<\/script>\n<!-- \/ Yoast SEO plugin. -->","yoast_head_json":{"title":"CONFIRMADO: SE ADELANTAN LAS ELECCIONES EN SAN LUIS PARA EL 11 DE MAYO - Apuntes de San Luis","robots":{"index":"index","follow":"follow","max-snippet":"max-snippet:-1","max-image-preview":"max-image-preview:large","max-video-preview":"max-video-preview:-1"},"canonical":"https:\/\/apuntesdesanluis.com\/index.php\/2024\/12\/30\/confirmado-se-adelantan-las-elecciones-en-san-luis-para-el-11-de-mayo\/","og_locale":"es_ES","og_type":"article","og_title":"CONFIRMADO: SE ADELANTAN LAS ELECCIONES EN SAN LUIS PARA EL 11 DE MAYO - Apuntes de San Luis","og_description":"El gobierno de la provincia de San Luis convoc\u00f3 para el segundo domingo de mayo...","og_url":"https:\/\/apuntesdesanluis.com\/index.php\/2024\/12\/30\/confirmado-se-adelantan-las-elecciones-en-san-luis-para-el-11-de-mayo\/","og_site_name":"Apuntes de San Luis","article_published_time":"2024-12-30T20:40:23+00:00","article_modified_time":"2024-12-30T20:57:42+00:00","og_image":[{"width":752,"height":481,"url":"https:\/\/apuntesdesanluis.com\/wp-content\/uploads\/2024\/12\/elecciones-en-san-luis.png","type":"image\/png"}],"author":"apuntesdesanluis.com","twitter_card":"summary_large_image","twitter_misc":{"Escrito por":"apuntesdesanluis.com","Tiempo de lectura":"4 minutos"},"schema":{"@context":"https:\/\/schema.org","@graph":[{"@type":"Article","@id":"https:\/\/apuntesdesanluis.com\/index.php\/2024\/12\/30\/confirmado-se-adelantan-las-elecciones-en-san-luis-para-el-11-de-mayo\/#article","isPartOf":{"@id":"https:\/\/apuntesdesanluis.com\/index.php\/2024\/12\/30\/confirmado-se-adelantan-las-elecciones-en-san-luis-para-el-11-de-mayo\/"},"author":{"name":"apuntesdesanluis.com","@id":"https:\/\/apuntesdesanluis.com\/#\/schema\/person\/b55151d52296fcce64d1a72538a70b90"},"headline":"CONFIRMADO: SE ADELANTAN LAS ELECCIONES EN SAN LUIS PARA EL 11 DE MAYO","datePublished":"2024-12-30T20:40:23+00:00","dateModified":"2024-12-30T20:57:42+00:00","mainEntityOfPage":{"@id":"https:\/\/apuntesdesanluis.com\/index.php\/2024\/12\/30\/confirmado-se-adelantan-las-elecciones-en-san-luis-para-el-11-de-mayo\/"},"wordCount":646,"publisher":{"@id":"https:\/\/apuntesdesanluis.com\/#\/schema\/person\/b55151d52296fcce64d1a72538a70b90"},"image":{"@id":"https:\/\/apuntesdesanluis.com\/index.php\/2024\/12\/30\/confirmado-se-adelantan-las-elecciones-en-san-luis-para-el-11-de-mayo\/#primaryimage"},"thumbnailUrl":"https:\/\/apuntesdesanluis.com\/wp-content\/uploads\/2024\/12\/elecciones-en-san-luis.png","articleSection":["Opini\u00f3n"],"inLanguage":"es-AR"},{"@type":"WebPage","@id":"https:\/\/apuntesdesanluis.com\/index.php\/2024\/12\/30\/confirmado-se-adelantan-las-elecciones-en-san-luis-para-el-11-de-mayo\/","url":"https:\/\/apuntesdesanluis.com\/index.php\/2024\/12\/30\/confirmado-se-adelantan-las-elecciones-en-san-luis-para-el-11-de-mayo\/","name":"CONFIRMADO: SE ADELANTAN LAS ELECCIONES EN SAN LUIS PARA EL 11 DE MAYO - Apuntes de San Luis","isPartOf":{"@id":"https:\/\/apuntesdesanluis.com\/#website"},"primaryImageOfPage":{"@id":"https:\/\/apuntesdesanluis.com\/index.php\/2024\/12\/30\/confirmado-se-adelantan-las-elecciones-en-san-luis-para-el-11-de-mayo\/#primaryimage"},"image":{"@id":"https:\/\/apuntesdesanluis.com\/index.php\/2024\/12\/30\/confirmado-se-adelantan-las-elecciones-en-san-luis-para-el-11-de-mayo\/#primaryimage"},"thumbnailUrl":"https:\/\/apuntesdesanluis.com\/wp-content\/uploads\/2024\/12\/elecciones-en-san-luis.png","datePublished":"2024-12-30T20:40:23+00:00","dateModified":"2024-12-30T20:57:42+00:00","breadcrumb":{"@id":"https:\/\/apuntesdesanluis.com\/index.php\/2024\/12\/30\/confirmado-se-adelantan-las-elecciones-en-san-luis-para-el-11-de-mayo\/#breadcrumb"},"inLanguage":"es-AR","potentialAction":[{"@type":"ReadAction","target":["https:\/\/apuntesdesanluis.com\/index.php\/2024\/12\/30\/confirmado-se-adelantan-las-elecciones-en-san-luis-para-el-11-de-mayo\/"]}]},{"@type":"ImageObject","inLanguage":"es-AR","@id":"https:\/\/apuntesdesanluis.com\/index.php\/2024\/12\/30\/confirmado-se-adelantan-las-elecciones-en-san-luis-para-el-11-de-mayo\/#primaryimage","url":"https:\/\/apuntesdesanluis.com\/wp-content\/uploads\/2024\/12\/elecciones-en-san-luis.png","contentUrl":"https:\/\/apuntesdesanluis.com\/wp-content\/uploads\/2024\/12\/elecciones-en-san-luis.png","width":752,"height":481},{"@type":"BreadcrumbList","@id":"https:\/\/apuntesdesanluis.com\/index.php\/2024\/12\/30\/confirmado-se-adelantan-las-elecciones-en-san-luis-para-el-11-de-mayo\/#breadcrumb","itemListElement":[{"@type":"ListItem","position":1,"name":"Inicio","item":"https:\/\/apuntesdesanluis.com\/"},{"@type":"ListItem","position":2,"name":"CONFIRMADO: SE ADELANTAN LAS ELECCIONES EN SAN LUIS PARA EL 11 DE MAYO"}]},{"@type":"WebSite","@id":"https:\/\/apuntesdesanluis.com\/#website","url":"https:\/\/apuntesdesanluis.com\/","name":"Apuntes de San Luis","description":"","publisher":{"@id":"https:\/\/apuntesdesanluis.com\/#\/schema\/person\/b55151d52296fcce64d1a72538a70b90"},"potentialAction":[{"@type":"SearchAction","target":{"@type":"EntryPoint","urlTemplate":"https:\/\/apuntesdesanluis.com\/?s={search_term_string}"},"query-input":{"@type":"PropertyValueSpecification","valueRequired":true,"valueName":"search_term_string"}}],"inLanguage":"es-AR"},{"@type":["Person","Organization"],"@id":"https:\/\/apuntesdesanluis.com\/#\/schema\/person\/b55151d52296fcce64d1a72538a70b90","name":"apuntesdesanluis.com","image":{"@type":"ImageObject","inLanguage":"es-AR","@id":"https:\/\/apuntesdesanluis.com\/#\/schema\/person\/image\/","url":"https:\/\/apuntesdesanluis.com\/wp-content\/uploads\/2023\/07\/cropped-apuntesdesanluis.png","contentUrl":"https:\/\/apuntesdesanluis.com\/wp-content\/uploads\/2023\/07\/cropped-apuntesdesanluis.png","width":450,"height":112,"caption":"apuntesdesanluis.com"},"logo":{"@id":"https:\/\/apuntesdesanluis.com\/#\/schema\/person\/image\/"},"sameAs":["https:\/\/apuntesdesanluis.com"],"url":"https:\/\/apuntesdesanluis.com\/index.php\/author\/apuntesdesanluis-com\/"}]}},"featured_image_urls":{"full":["https:\/\/apuntesdesanluis.com\/wp-content\/uploads\/2024\/12\/elecciones-en-san-luis.png",752,481,false],"thumbnail":["https:\/\/apuntesdesanluis.com\/wp-content\/uploads\/2024\/12\/elecciones-en-san-luis-150x150.png",150,150,true],"medium":["https:\/\/apuntesdesanluis.com\/wp-content\/uploads\/2024\/12\/elecciones-en-san-luis-300x192.png",300,192,true],"medium_large":["https:\/\/apuntesdesanluis.com\/wp-content\/uploads\/2024\/12\/elecciones-en-san-luis.png",640,409,false],"large":["https:\/\/apuntesdesanluis.com\/wp-content\/uploads\/2024\/12\/elecciones-en-san-luis.png",640,409,false],"1536x1536":["https:\/\/apuntesdesanluis.com\/wp-content\/uploads\/2024\/12\/elecciones-en-san-luis.png",752,481,false],"2048x2048":["https:\/\/apuntesdesanluis.com\/wp-content\/uploads\/2024\/12\/elecciones-en-san-luis.png",752,481,false],"newsever-slider-full":["https:\/\/apuntesdesanluis.com\/wp-content\/uploads\/2024\/12\/elecciones-en-san-luis.png",752,481,false],"newsever-featured":["https:\/\/apuntesdesanluis.com\/wp-content\/uploads\/2024\/12\/elecciones-en-san-luis.png",752,481,false],"newsever-medium":["https:\/\/apuntesdesanluis.com\/wp-content\/uploads\/2024\/12\/elecciones-en-san-luis-720x475.png",720,475,true]},"author_info":{"display_name":"apuntesdesanluis.com","author_link":"https:\/\/apuntesdesanluis.com\/index.php\/author\/apuntesdesanluis-com\/"},"category_info":"<a href=\"https:\/\/apuntesdesanluis.com\/index.php\/category\/opinion\/\" rel=\"category tag\">Opini\u00f3n<\/a>","tag_info":"Opini\u00f3n","comment_count":"0","_links":{"self":[{"href":"https:\/\/apuntesdesanluis.com\/index.php\/wp-json\/wp\/v2\/posts\/27378","targetHints":{"allow":["GET"]}}],"collection":[{"href":"https:\/\/apuntesdesanluis.com\/index.php\/wp-json\/wp\/v2\/posts"}],"about":[{"href":"https:\/\/apuntesdesanluis.com\/index.php\/wp-json\/wp\/v2\/types\/post"}],"author":[{"embeddable":true,"href":"https:\/\/apuntesdesanluis.com\/index.php\/wp-json\/wp\/v2\/users\/1"}],"replies":[{"embeddable":true,"href":"https:\/\/apuntesdesanluis.com\/index.php\/wp-json\/wp\/v2\/comments?post=27378"}],"version-history":[{"count":3,"href":"https:\/\/apuntesdesanluis.com\/index.php\/wp-json\/wp\/v2\/posts\/27378\/revisions"}],"predecessor-version":[{"id":27384,"href":"https:\/\/apuntesdesanluis.com\/index.php\/wp-json\/wp\/v2\/posts\/27378\/revisions\/27384"}],"wp:featuredmedia":[{"embeddable":true,"href":"https:\/\/apuntesdesanluis.com\/index.php\/wp-json\/wp\/v2\/media\/27382"}],"wp:attachment":[{"href":"https:\/\/apuntesdesanluis.com\/index.php\/wp-json\/wp\/v2\/media?parent=27378"}],"wp:term":[{"taxonomy":"category","embeddable":true,"href":"https:\/\/apuntesdesanluis.com\/index.php\/wp-json\/wp\/v2\/categories?post=27378"},{"taxonomy":"post_tag","embeddable":true,"href":"https:\/\/apuntesdesanluis.com\/index.php\/wp-json\/wp\/v2\/tags?post=27378"}],"curies":[{"name":"wp","href":"https:\/\/api.w.org\/{rel}","templated":true}]}}