{"id":27385,"date":"2024-12-30T18:14:54","date_gmt":"2024-12-30T21:14:54","guid":{"rendered":"https:\/\/apuntesdesanluis.com\/?p=27385"},"modified":"2024-12-30T18:14:54","modified_gmt":"2024-12-30T21:14:54","slug":"murio-el-periodista-jorge-lanata-tras-mas-de-seis-meses-de-internaciones","status":"publish","type":"post","link":"https:\/\/apuntesdesanluis.com\/index.php\/2024\/12\/30\/murio-el-periodista-jorge-lanata-tras-mas-de-seis-meses-de-internaciones\/","title":{"rendered":"MURI\u00d3 EL PERIODISTA JORGE LANATA, TRAS M\u00c1S DE SEIS MESES DE INTERNACIONES"},"content":{"rendered":"<h3>El periodista <strong>Jorge Lanata<\/strong> falleci\u00f3 a los 64 a\u00f1os en el Hospital Italiano, luego de que su estado de salud empeorara en las \u00faltimas horas, tras m\u00e1s de seis meses de internaciones.<\/h3>\n<h3>El afamado periodista de investigaci\u00f3n muri\u00f3 acompa\u00f1ado por su familia, su esposa Elba Marcovecchio, y sus dos hijas.<\/h3>\n<h3>Lanata estuvo internado m\u00e1s de seis meses, entre su estad\u00eda en el Hospital Italiano, la que comenz\u00f3 el 14 de junio, y la cl\u00ednica de rehabilitaci\u00f3n Santa Catalina.<\/h3>\n<h3><strong>QUI\u00c9N FUE Y QU\u00c9 HIZO<\/strong><\/h3>\n<h3>Jorge Ernesto Lanata naci\u00f3 el 12 de septiembre de 1960 en Mar del Plata. Fue adoptado y vivi\u00f3 una infancia muy dif\u00edcil por la enfermedad que tuvo su madre. Una operaci\u00f3n por un c\u00e1ncer la dej\u00f3 con par\u00e1lisis cerebral y estuvo postrada por 40 a\u00f1os. Su padre adoptivo se dedic\u00f3 a cuidarla y \u00e9l pas\u00f3 una gran cantidad de tiempo con su abuela y sus t\u00edas.<\/h3>\n<h3>El colegio fue clave para poder comenzar desde muy chico a desarrollar su vocaci\u00f3n. En la primaria hizo su primera entrevista y sinti\u00f3 la curiosidad por el periodismo. A los 14 a\u00f1os ya trabajaba en Radio Nacional.<\/h3>\n<h3>Continu\u00f3 su labor durante la dictadura militar. Fue mozo mientras escrib\u00eda para la Revista Siete D\u00edas y sum\u00f3 la experiencia necesaria para desarrollar proyectos propios con los que logr\u00f3 gran reconocimiento.<\/h3>\n<h3><strong>GR\u00c1FICA<\/strong><\/h3>\n<h3>Fue jefe de redacci\u00f3n a principios de la d\u00e9cada del \u201980 de la revista El Porte\u00f1o, mientras que en 1987 fund\u00f3 el diario P\u00e1gina\/12, del cual tambi\u00e9n fue su director period\u00edstico. Y en 1990 cre\u00f3 la revista P\u00e1gina\/30.<\/h3>\n<p><img fetchpriority=\"high\" decoding=\"async\" class=\"wp-image-27389 aligncenter\" src=\"https:\/\/apuntesdesanluis.com\/wp-content\/uploads\/2024\/12\/lanata-en-pagina-12-300x177.png\" alt=\"\" width=\"615\" height=\"363\" srcset=\"https:\/\/apuntesdesanluis.com\/wp-content\/uploads\/2024\/12\/lanata-en-pagina-12-300x177.png 300w, https:\/\/apuntesdesanluis.com\/wp-content\/uploads\/2024\/12\/lanata-en-pagina-12.png 566w\" sizes=\"(max-width: 615px) 100vw, 615px\" \/><\/p>\n<h3>M\u00e1s tarde, el periodista dio vida a la revista Veintitr\u00e9s, luego lleg\u00f3 EGO y el diario Cr\u00edtica de la Argentina, en 2007. Colabor\u00f3 con medios de varios pa\u00edses como Estados Unidos, Colombia y Venezuela, entre otros. Mientras que lo \u00faltimo que hizo en gr\u00e1fica fue su columna para el diario Clar\u00edn.<\/h3>\n<h3><strong>RADIO<\/strong><\/h3>\n<h3>Su primer trabajo fue en Radio Colonia donde escrib\u00eda informes a los 14 a\u00f1os.<\/h3>\n<h3>Pas\u00f3 por Radio Belgrano y su labor en Rock&amp;Pop fue el que le vali\u00f3 su primer Premio Mart\u00edn Fierro de la Radio en el a\u00f1o 1995 por mejor programa period\u00edstico.<\/h3>\n<h3>Lleg\u00f3 a Radio Colonia de Uruguay y tiempo despu\u00e9s desembarc\u00f3 en Radio del Plata con los ciclos \u201cLanata AM\u201d y \u201cLanata PM\u201d. En 2012 fue contratado por Radio Mitre para hacer su ciclo \u201cLanata sin filtro\u201d, uno de los m\u00e1s exitosos del medio, acaparando el mayor caudal de oyentes.<\/h3>\n<h3><strong>TELEVISI\u00d3N<\/strong><\/h3>\n<h3>Jorge Lanata hizo algunas apariciones en ficciones, pero su desempe\u00f1o en televisi\u00f3n fue b\u00e1sicamente en la conducci\u00f3n de programas period\u00edsticos, con mucho contenido propio y de investigaci\u00f3n. \u201cD\u00eda D\u201d, fue el programa que hizo en Am\u00e9rica TV y que le vali\u00f3 una gran cantidad de premios y de reconocimiento por parte del p\u00fablico y por parte de sus colegas.<\/h3>\n<h3>En 2012 inici\u00f3 por la pantalla de eltrece su ciclo \u201cPeriodismo para todos\u201d, un programa de investigaci\u00f3n muy cr\u00edtico a la pol\u00edtica kirchnerista, que por ese entonces estaba en el poder. El informe \u201cLa ruta del dinero K\u201d le vali\u00f3 buenas mediciones de audiencia y premios internacionales.<\/h3>\n<p><img decoding=\"async\" class=\"wp-image-27390 aligncenter\" src=\"https:\/\/apuntesdesanluis.com\/wp-content\/uploads\/2024\/12\/lanata-y-los-premios-300x186.png\" alt=\"\" width=\"608\" height=\"377\" srcset=\"https:\/\/apuntesdesanluis.com\/wp-content\/uploads\/2024\/12\/lanata-y-los-premios-300x186.png 300w, https:\/\/apuntesdesanluis.com\/wp-content\/uploads\/2024\/12\/lanata-y-los-premios.png 584w\" sizes=\"(max-width: 608px) 100vw, 608px\" \/><\/p>\n<h3><strong>PREMIOS<\/strong><\/h3>\n<h3>Triunf\u00f3 tanto en radio como en televisi\u00f3n y se alz\u00f3 con una cantidad muy grande de premios.<\/h3>\n<h3>Adem\u00e1s de llevarse estatuillas en los Premios Clar\u00edn, Konex, Tato y \u00c9ter, fue muy reconocido por APTRA en las entregas de los Premios Mart\u00edn Fierro, tanto por su trabajo en radio como en televisi\u00f3n.<\/h3>\n<h3>Lanata fue reconocido por sus ciclos. Fue distinguido por haber hecho el \u201cmejor programa period\u00edstico de radio\u201d en dos oportunidades, el \u201cmejor programa period\u00edstico en televisi\u00f3n\u201d en siete oportunidades. Adem\u00e1s gan\u00f3 once veces por \u201cmejor labor period\u00edstica\u201d y en 2015 se llev\u00f3 el Mart\u00edn Fierro de Oro.<\/h3>\n<h3><strong>VIDA PERSONAL<\/strong><\/h3>\n<h3>Su vida siempre llam\u00f3 la atenci\u00f3n. Desde su infancia dif\u00edcil hasta una adultez marcada por problemas graves de salud, al p\u00fablico le interes\u00f3 saber c\u00f3mo viv\u00eda su vida Jorge Lanata.<\/h3>\n<h3>El conductor tuvo a su hija B\u00e1rbara junto a Andrea Rodr\u00edguez, aunque despu\u00e9s se cas\u00f3 con Patricia Orlando, con quien estuvo desde 1984 hasta 1986. Despu\u00e9s mantuvo una relaci\u00f3n con la conductora Silvina Chediek durante los a\u00f1os 1990 y 1991.<\/h3>\n<h3>Junto a Sara Stewart Brown tuvo a su hija Lola. Ellos estuvieron juntos desde 1998 hasta 2016. Un a\u00f1o antes de la separaci\u00f3n, su mujer le don\u00f3 un ri\u00f1\u00f3n. Se trat\u00f3 del primer trasplante renal cruzado de Latinoam\u00e9rica. Sara le don\u00f3 el suyo a un joven y Lanata recibi\u00f3 el de la madre del receptor.<\/h3>\n<h3>Para ese entonces su salud ya hab\u00eda estado en el centro de la pol\u00e9mica en varias oportunidades. Nunca quiso dejar de fumar, a pesar de las indicaciones m\u00e9dicas.<\/h3>\n<p><img decoding=\"async\" class=\"wp-image-27386 aligncenter\" src=\"https:\/\/apuntesdesanluis.com\/wp-content\/uploads\/2024\/12\/lanata-y-su-mujer-300x194.png\" alt=\"\" width=\"588\" height=\"380\" srcset=\"https:\/\/apuntesdesanluis.com\/wp-content\/uploads\/2024\/12\/lanata-y-su-mujer-300x194.png 300w, https:\/\/apuntesdesanluis.com\/wp-content\/uploads\/2024\/12\/lanata-y-su-mujer.png 683w\" sizes=\"(max-width: 588px) 100vw, 588px\" \/><\/p>\n<h3>Su \u00faltima relaci\u00f3n fue con la abogada Elba Marcovecchio, desde 2020. Se casaron el 23 de abril de 2022. Tras la boda, la abogada hab\u00eda contado qu\u00e9 la enamoraba de \u00e9l: \u201cJorge es feminista, cree en la fuerza y en la energ\u00eda que tenemos las mujeres y eso me encanta de \u00e9l\u2026 Jorge es transparente, tal cual como se lo ve. Y yo me enamor\u00e9 de \u00e9l, con todo lo bueno y toda la cuesti\u00f3n que trae aparejada. Me parece muy importante que sea libre de poder expresarse libremente\u201d.<\/h3>\n<p>&nbsp;<\/p>\n<p>&nbsp;<\/p>\n<p>&nbsp;<\/p>\n","protected":false},"excerpt":{"rendered":"<p>El periodista Jorge Lanata falleci\u00f3 a los 64 a\u00f1os en el Hospital Italiano, luego de&#8230;<\/p>\n","protected":false},"author":1,"featured_media":17925,"comment_status":"closed","ping_status":"closed","sticky":false,"template":"","format":"standard","meta":{"footnotes":""},"categories":[5],"tags":[],"class_list":["post-27385","post","type-post","status-publish","format-standard","has-post-thumbnail","hentry","category-nacionales-internacionales"],"yoast_head":"<!-- This site is optimized with the Yoast SEO plugin v26.1.1 - https:\/\/yoast.com\/wordpress\/plugins\/seo\/ -->\n<title>MURI\u00d3 EL PERIODISTA JORGE LANATA, TRAS M\u00c1S DE SEIS MESES DE INTERNACIONES - Apuntes de San Luis<\/title>\n<meta name=\"robots\" content=\"index, follow, max-snippet:-1, max-image-preview:large, max-video-preview:-1\" \/>\n<link rel=\"canonical\" href=\"https:\/\/apuntesdesanluis.com\/index.php\/2024\/12\/30\/murio-el-periodista-jorge-lanata-tras-mas-de-seis-meses-de-internaciones\/\" \/>\n<meta property=\"og:locale\" content=\"es_ES\" \/>\n<meta property=\"og:type\" content=\"article\" \/>\n<meta property=\"og:title\" content=\"MURI\u00d3 EL PERIODISTA JORGE LANATA, TRAS M\u00c1S DE SEIS MESES DE INTERNACIONES - Apuntes de San Luis\" \/>\n<meta property=\"og:description\" content=\"El periodista Jorge Lanata falleci\u00f3 a los 64 a\u00f1os en el Hospital Italiano, luego de...\" \/>\n<meta property=\"og:url\" content=\"https:\/\/apuntesdesanluis.com\/index.php\/2024\/12\/30\/murio-el-periodista-jorge-lanata-tras-mas-de-seis-meses-de-internaciones\/\" \/>\n<meta property=\"og:site_name\" content=\"Apuntes de San Luis\" \/>\n<meta property=\"article:published_time\" content=\"2024-12-30T21:14:54+00:00\" \/>\n<meta property=\"og:image\" content=\"https:\/\/apuntesdesanluis.com\/wp-content\/uploads\/2024\/06\/jorge-lanata.png\" \/>\n\t<meta property=\"og:image:width\" content=\"708\" \/>\n\t<meta property=\"og:image:height\" content=\"445\" \/>\n\t<meta property=\"og:image:type\" content=\"image\/png\" \/>\n<meta name=\"author\" content=\"apuntesdesanluis.com\" \/>\n<meta name=\"twitter:card\" content=\"summary_large_image\" \/>\n<meta name=\"twitter:label1\" content=\"Escrito por\" \/>\n\t<meta name=\"twitter:data1\" content=\"apuntesdesanluis.com\" \/>\n\t<meta name=\"twitter:label2\" content=\"Tiempo de lectura\" \/>\n\t<meta name=\"twitter:data2\" content=\"5 minutos\" \/>\n<script type=\"application\/ld+json\" class=\"yoast-schema-graph\">{\"@context\":\"https:\/\/schema.org\",\"@graph\":[{\"@type\":\"Article\",\"@id\":\"https:\/\/apuntesdesanluis.com\/index.php\/2024\/12\/30\/murio-el-periodista-jorge-lanata-tras-mas-de-seis-meses-de-internaciones\/#article\",\"isPartOf\":{\"@id\":\"https:\/\/apuntesdesanluis.com\/index.php\/2024\/12\/30\/murio-el-periodista-jorge-lanata-tras-mas-de-seis-meses-de-internaciones\/\"},\"author\":{\"name\":\"apuntesdesanluis.com\",\"@id\":\"https:\/\/apuntesdesanluis.com\/#\/schema\/person\/b55151d52296fcce64d1a72538a70b90\"},\"headline\":\"MURI\u00d3 EL PERIODISTA JORGE LANATA, TRAS M\u00c1S DE SEIS MESES DE INTERNACIONES\",\"datePublished\":\"2024-12-30T21:14:54+00:00\",\"mainEntityOfPage\":{\"@id\":\"https:\/\/apuntesdesanluis.com\/index.php\/2024\/12\/30\/murio-el-periodista-jorge-lanata-tras-mas-de-seis-meses-de-internaciones\/\"},\"wordCount\":931,\"publisher\":{\"@id\":\"https:\/\/apuntesdesanluis.com\/#\/schema\/person\/b55151d52296fcce64d1a72538a70b90\"},\"image\":{\"@id\":\"https:\/\/apuntesdesanluis.com\/index.php\/2024\/12\/30\/murio-el-periodista-jorge-lanata-tras-mas-de-seis-meses-de-internaciones\/#primaryimage\"},\"thumbnailUrl\":\"https:\/\/apuntesdesanluis.com\/wp-content\/uploads\/2024\/06\/jorge-lanata.png\",\"articleSection\":[\"Nacionales\/Internacionales\"],\"inLanguage\":\"es-AR\"},{\"@type\":\"WebPage\",\"@id\":\"https:\/\/apuntesdesanluis.com\/index.php\/2024\/12\/30\/murio-el-periodista-jorge-lanata-tras-mas-de-seis-meses-de-internaciones\/\",\"url\":\"https:\/\/apuntesdesanluis.com\/index.php\/2024\/12\/30\/murio-el-periodista-jorge-lanata-tras-mas-de-seis-meses-de-internaciones\/\",\"name\":\"MURI\u00d3 EL PERIODISTA JORGE LANATA, TRAS M\u00c1S DE SEIS MESES DE INTERNACIONES - Apuntes de San Luis\",\"isPartOf\":{\"@id\":\"https:\/\/apuntesdesanluis.com\/#website\"},\"primaryImageOfPage\":{\"@id\":\"https:\/\/apuntesdesanluis.com\/index.php\/2024\/12\/30\/murio-el-periodista-jorge-lanata-tras-mas-de-seis-meses-de-internaciones\/#primaryimage\"},\"image\":{\"@id\":\"https:\/\/apuntesdesanluis.com\/index.php\/2024\/12\/30\/murio-el-periodista-jorge-lanata-tras-mas-de-seis-meses-de-internaciones\/#primaryimage\"},\"thumbnailUrl\":\"https:\/\/apuntesdesanluis.com\/wp-content\/uploads\/2024\/06\/jorge-lanata.png\",\"datePublished\":\"2024-12-30T21:14:54+00:00\",\"breadcrumb\":{\"@id\":\"https:\/\/apuntesdesanluis.com\/index.php\/2024\/12\/30\/murio-el-periodista-jorge-lanata-tras-mas-de-seis-meses-de-internaciones\/#breadcrumb\"},\"inLanguage\":\"es-AR\",\"potentialAction\":[{\"@type\":\"ReadAction\",\"target\":[\"https:\/\/apuntesdesanluis.com\/index.php\/2024\/12\/30\/murio-el-periodista-jorge-lanata-tras-mas-de-seis-meses-de-internaciones\/\"]}]},{\"@type\":\"ImageObject\",\"inLanguage\":\"es-AR\",\"@id\":\"https:\/\/apuntesdesanluis.com\/index.php\/2024\/12\/30\/murio-el-periodista-jorge-lanata-tras-mas-de-seis-meses-de-internaciones\/#primaryimage\",\"url\":\"https:\/\/apuntesdesanluis.com\/wp-content\/uploads\/2024\/06\/jorge-lanata.png\",\"contentUrl\":\"https:\/\/apuntesdesanluis.com\/wp-content\/uploads\/2024\/06\/jorge-lanata.png\",\"width\":708,\"height\":445},{\"@type\":\"BreadcrumbList\",\"@id\":\"https:\/\/apuntesdesanluis.com\/index.php\/2024\/12\/30\/murio-el-periodista-jorge-lanata-tras-mas-de-seis-meses-de-internaciones\/#breadcrumb\",\"itemListElement\":[{\"@type\":\"ListItem\",\"position\":1,\"name\":\"Inicio\",\"item\":\"https:\/\/apuntesdesanluis.com\/\"},{\"@type\":\"ListItem\",\"position\":2,\"name\":\"MURI\u00d3 EL PERIODISTA JORGE LANATA, TRAS M\u00c1S DE SEIS MESES DE INTERNACIONES\"}]},{\"@type\":\"WebSite\",\"@id\":\"https:\/\/apuntesdesanluis.com\/#website\",\"url\":\"https:\/\/apuntesdesanluis.com\/\",\"name\":\"Apuntes de San Luis\",\"description\":\"\",\"publisher\":{\"@id\":\"https:\/\/apuntesdesanluis.com\/#\/schema\/person\/b55151d52296fcce64d1a72538a70b90\"},\"potentialAction\":[{\"@type\":\"SearchAction\",\"target\":{\"@type\":\"EntryPoint\",\"urlTemplate\":\"https:\/\/apuntesdesanluis.com\/?s={search_term_string}\"},\"query-input\":{\"@type\":\"PropertyValueSpecification\",\"valueRequired\":true,\"valueName\":\"search_term_string\"}}],\"inLanguage\":\"es-AR\"},{\"@type\":[\"Person\",\"Organization\"],\"@id\":\"https:\/\/apuntesdesanluis.com\/#\/schema\/person\/b55151d52296fcce64d1a72538a70b90\",\"name\":\"apuntesdesanluis.com\",\"image\":{\"@type\":\"ImageObject\",\"inLanguage\":\"es-AR\",\"@id\":\"https:\/\/apuntesdesanluis.com\/#\/schema\/person\/image\/\",\"url\":\"https:\/\/apuntesdesanluis.com\/wp-content\/uploads\/2023\/07\/cropped-apuntesdesanluis.png\",\"contentUrl\":\"https:\/\/apuntesdesanluis.com\/wp-content\/uploads\/2023\/07\/cropped-apuntesdesanluis.png\",\"width\":450,\"height\":112,\"caption\":\"apuntesdesanluis.com\"},\"logo\":{\"@id\":\"https:\/\/apuntesdesanluis.com\/#\/schema\/person\/image\/\"},\"sameAs\":[\"https:\/\/apuntesdesanluis.com\"],\"url\":\"https:\/\/apuntesdesanluis.com\/index.php\/author\/apuntesdesanluis-com\/\"}]}<\/script>\n<!-- \/ Yoast SEO plugin. -->","yoast_head_json":{"title":"MURI\u00d3 EL PERIODISTA JORGE LANATA, TRAS M\u00c1S DE SEIS MESES DE INTERNACIONES - Apuntes de San Luis","robots":{"index":"index","follow":"follow","max-snippet":"max-snippet:-1","max-image-preview":"max-image-preview:large","max-video-preview":"max-video-preview:-1"},"canonical":"https:\/\/apuntesdesanluis.com\/index.php\/2024\/12\/30\/murio-el-periodista-jorge-lanata-tras-mas-de-seis-meses-de-internaciones\/","og_locale":"es_ES","og_type":"article","og_title":"MURI\u00d3 EL PERIODISTA JORGE LANATA, TRAS M\u00c1S DE SEIS MESES DE INTERNACIONES - Apuntes de San Luis","og_description":"El periodista Jorge Lanata falleci\u00f3 a los 64 a\u00f1os en el Hospital Italiano, luego de...","og_url":"https:\/\/apuntesdesanluis.com\/index.php\/2024\/12\/30\/murio-el-periodista-jorge-lanata-tras-mas-de-seis-meses-de-internaciones\/","og_site_name":"Apuntes de San Luis","article_published_time":"2024-12-30T21:14:54+00:00","og_image":[{"width":708,"height":445,"url":"https:\/\/apuntesdesanluis.com\/wp-content\/uploads\/2024\/06\/jorge-lanata.png","type":"image\/png"}],"author":"apuntesdesanluis.com","twitter_card":"summary_large_image","twitter_misc":{"Escrito por":"apuntesdesanluis.com","Tiempo de lectura":"5 minutos"},"schema":{"@context":"https:\/\/schema.org","@graph":[{"@type":"Article","@id":"https:\/\/apuntesdesanluis.com\/index.php\/2024\/12\/30\/murio-el-periodista-jorge-lanata-tras-mas-de-seis-meses-de-internaciones\/#article","isPartOf":{"@id":"https:\/\/apuntesdesanluis.com\/index.php\/2024\/12\/30\/murio-el-periodista-jorge-lanata-tras-mas-de-seis-meses-de-internaciones\/"},"author":{"name":"apuntesdesanluis.com","@id":"https:\/\/apuntesdesanluis.com\/#\/schema\/person\/b55151d52296fcce64d1a72538a70b90"},"headline":"MURI\u00d3 EL PERIODISTA JORGE LANATA, TRAS M\u00c1S DE SEIS MESES DE INTERNACIONES","datePublished":"2024-12-30T21:14:54+00:00","mainEntityOfPage":{"@id":"https:\/\/apuntesdesanluis.com\/index.php\/2024\/12\/30\/murio-el-periodista-jorge-lanata-tras-mas-de-seis-meses-de-internaciones\/"},"wordCount":931,"publisher":{"@id":"https:\/\/apuntesdesanluis.com\/#\/schema\/person\/b55151d52296fcce64d1a72538a70b90"},"image":{"@id":"https:\/\/apuntesdesanluis.com\/index.php\/2024\/12\/30\/murio-el-periodista-jorge-lanata-tras-mas-de-seis-meses-de-internaciones\/#primaryimage"},"thumbnailUrl":"https:\/\/apuntesdesanluis.com\/wp-content\/uploads\/2024\/06\/jorge-lanata.png","articleSection":["Nacionales\/Internacionales"],"inLanguage":"es-AR"},{"@type":"WebPage","@id":"https:\/\/apuntesdesanluis.com\/index.php\/2024\/12\/30\/murio-el-periodista-jorge-lanata-tras-mas-de-seis-meses-de-internaciones\/","url":"https:\/\/apuntesdesanluis.com\/index.php\/2024\/12\/30\/murio-el-periodista-jorge-lanata-tras-mas-de-seis-meses-de-internaciones\/","name":"MURI\u00d3 EL PERIODISTA JORGE LANATA, TRAS M\u00c1S DE SEIS MESES DE INTERNACIONES - Apuntes de San Luis","isPartOf":{"@id":"https:\/\/apuntesdesanluis.com\/#website"},"primaryImageOfPage":{"@id":"https:\/\/apuntesdesanluis.com\/index.php\/2024\/12\/30\/murio-el-periodista-jorge-lanata-tras-mas-de-seis-meses-de-internaciones\/#primaryimage"},"image":{"@id":"https:\/\/apuntesdesanluis.com\/index.php\/2024\/12\/30\/murio-el-periodista-jorge-lanata-tras-mas-de-seis-meses-de-internaciones\/#primaryimage"},"thumbnailUrl":"https:\/\/apuntesdesanluis.com\/wp-content\/uploads\/2024\/06\/jorge-lanata.png","datePublished":"2024-12-30T21:14:54+00:00","breadcrumb":{"@id":"https:\/\/apuntesdesanluis.com\/index.php\/2024\/12\/30\/murio-el-periodista-jorge-lanata-tras-mas-de-seis-meses-de-internaciones\/#breadcrumb"},"inLanguage":"es-AR","potentialAction":[{"@type":"ReadAction","target":["https:\/\/apuntesdesanluis.com\/index.php\/2024\/12\/30\/murio-el-periodista-jorge-lanata-tras-mas-de-seis-meses-de-internaciones\/"]}]},{"@type":"ImageObject","inLanguage":"es-AR","@id":"https:\/\/apuntesdesanluis.com\/index.php\/2024\/12\/30\/murio-el-periodista-jorge-lanata-tras-mas-de-seis-meses-de-internaciones\/#primaryimage","url":"https:\/\/apuntesdesanluis.com\/wp-content\/uploads\/2024\/06\/jorge-lanata.png","contentUrl":"https:\/\/apuntesdesanluis.com\/wp-content\/uploads\/2024\/06\/jorge-lanata.png","width":708,"height":445},{"@type":"BreadcrumbList","@id":"https:\/\/apuntesdesanluis.com\/index.php\/2024\/12\/30\/murio-el-periodista-jorge-lanata-tras-mas-de-seis-meses-de-internaciones\/#breadcrumb","itemListElement":[{"@type":"ListItem","position":1,"name":"Inicio","item":"https:\/\/apuntesdesanluis.com\/"},{"@type":"ListItem","position":2,"name":"MURI\u00d3 EL PERIODISTA JORGE LANATA, TRAS M\u00c1S DE SEIS MESES DE INTERNACIONES"}]},{"@type":"WebSite","@id":"https:\/\/apuntesdesanluis.com\/#website","url":"https:\/\/apuntesdesanluis.com\/","name":"Apuntes de San Luis","description":"","publisher":{"@id":"https:\/\/apuntesdesanluis.com\/#\/schema\/person\/b55151d52296fcce64d1a72538a70b90"},"potentialAction":[{"@type":"SearchAction","target":{"@type":"EntryPoint","urlTemplate":"https:\/\/apuntesdesanluis.com\/?s={search_term_string}"},"query-input":{"@type":"PropertyValueSpecification","valueRequired":true,"valueName":"search_term_string"}}],"inLanguage":"es-AR"},{"@type":["Person","Organization"],"@id":"https:\/\/apuntesdesanluis.com\/#\/schema\/person\/b55151d52296fcce64d1a72538a70b90","name":"apuntesdesanluis.com","image":{"@type":"ImageObject","inLanguage":"es-AR","@id":"https:\/\/apuntesdesanluis.com\/#\/schema\/person\/image\/","url":"https:\/\/apuntesdesanluis.com\/wp-content\/uploads\/2023\/07\/cropped-apuntesdesanluis.png","contentUrl":"https:\/\/apuntesdesanluis.com\/wp-content\/uploads\/2023\/07\/cropped-apuntesdesanluis.png","width":450,"height":112,"caption":"apuntesdesanluis.com"},"logo":{"@id":"https:\/\/apuntesdesanluis.com\/#\/schema\/person\/image\/"},"sameAs":["https:\/\/apuntesdesanluis.com"],"url":"https:\/\/apuntesdesanluis.com\/index.php\/author\/apuntesdesanluis-com\/"}]}},"featured_image_urls":{"full":["https:\/\/apuntesdesanluis.com\/wp-content\/uploads\/2024\/06\/jorge-lanata.png",708,445,false],"thumbnail":["https:\/\/apuntesdesanluis.com\/wp-content\/uploads\/2024\/06\/jorge-lanata-150x150.png",150,150,true],"medium":["https:\/\/apuntesdesanluis.com\/wp-content\/uploads\/2024\/06\/jorge-lanata-300x189.png",300,189,true],"medium_large":["https:\/\/apuntesdesanluis.com\/wp-content\/uploads\/2024\/06\/jorge-lanata.png",640,402,false],"large":["https:\/\/apuntesdesanluis.com\/wp-content\/uploads\/2024\/06\/jorge-lanata.png",640,402,false],"1536x1536":["https:\/\/apuntesdesanluis.com\/wp-content\/uploads\/2024\/06\/jorge-lanata.png",708,445,false],"2048x2048":["https:\/\/apuntesdesanluis.com\/wp-content\/uploads\/2024\/06\/jorge-lanata.png",708,445,false],"newsever-slider-full":["https:\/\/apuntesdesanluis.com\/wp-content\/uploads\/2024\/06\/jorge-lanata.png",708,445,false],"newsever-featured":["https:\/\/apuntesdesanluis.com\/wp-content\/uploads\/2024\/06\/jorge-lanata.png",708,445,false],"newsever-medium":["https:\/\/apuntesdesanluis.com\/wp-content\/uploads\/2024\/06\/jorge-lanata.png",708,445,false]},"author_info":{"display_name":"apuntesdesanluis.com","author_link":"https:\/\/apuntesdesanluis.com\/index.php\/author\/apuntesdesanluis-com\/"},"category_info":"<a href=\"https:\/\/apuntesdesanluis.com\/index.php\/category\/nacionales-internacionales\/\" rel=\"category tag\">Nacionales\/Internacionales<\/a>","tag_info":"Nacionales\/Internacionales","comment_count":"0","_links":{"self":[{"href":"https:\/\/apuntesdesanluis.com\/index.php\/wp-json\/wp\/v2\/posts\/27385","targetHints":{"allow":["GET"]}}],"collection":[{"href":"https:\/\/apuntesdesanluis.com\/index.php\/wp-json\/wp\/v2\/posts"}],"about":[{"href":"https:\/\/apuntesdesanluis.com\/index.php\/wp-json\/wp\/v2\/types\/post"}],"author":[{"embeddable":true,"href":"https:\/\/apuntesdesanluis.com\/index.php\/wp-json\/wp\/v2\/users\/1"}],"replies":[{"embeddable":true,"href":"https:\/\/apuntesdesanluis.com\/index.php\/wp-json\/wp\/v2\/comments?post=27385"}],"version-history":[{"count":2,"href":"https:\/\/apuntesdesanluis.com\/index.php\/wp-json\/wp\/v2\/posts\/27385\/revisions"}],"predecessor-version":[{"id":27391,"href":"https:\/\/apuntesdesanluis.com\/index.php\/wp-json\/wp\/v2\/posts\/27385\/revisions\/27391"}],"wp:featuredmedia":[{"embeddable":true,"href":"https:\/\/apuntesdesanluis.com\/index.php\/wp-json\/wp\/v2\/media\/17925"}],"wp:attachment":[{"href":"https:\/\/apuntesdesanluis.com\/index.php\/wp-json\/wp\/v2\/media?parent=27385"}],"wp:term":[{"taxonomy":"category","embeddable":true,"href":"https:\/\/apuntesdesanluis.com\/index.php\/wp-json\/wp\/v2\/categories?post=27385"},{"taxonomy":"post_tag","embeddable":true,"href":"https:\/\/apuntesdesanluis.com\/index.php\/wp-json\/wp\/v2\/tags?post=27385"}],"curies":[{"name":"wp","href":"https:\/\/api.w.org\/{rel}","templated":true}]}}