{"id":27398,"date":"2024-12-28T18:53:27","date_gmt":"2024-12-28T21:53:27","guid":{"rendered":"https:\/\/apuntesdesanluis.com\/?p=27398"},"modified":"2024-12-30T18:57:11","modified_gmt":"2024-12-30T21:57:11","slug":"las-abuelas-de-plaza-de-mayo-anunciaron-que-encontraron-al-nieto-138","status":"publish","type":"post","link":"https:\/\/apuntesdesanluis.com\/index.php\/2024\/12\/28\/las-abuelas-de-plaza-de-mayo-anunciaron-que-encontraron-al-nieto-138\/","title":{"rendered":"LAS ABUELAS DE PLAZA DE MAYO ANUNCIARON QUE ENCONTRARON AL NIETO 138"},"content":{"rendered":"<h3>A trav\u00e9s de un comunicado, las <strong>Abuelas de Plaza de Mayo<\/strong> anunciaron este viernes 27 que encontraron a un nuevo nieto.<\/h3>\n<h3>En una conferencia de prensa en el Espacio Memoria y Derechos Humanos, Ex ESMA, la agrupaci\u00f3n brind\u00f3 detalles &#8220;sobre el feliz encuentro&#8221;. &#8220;La verdad siempre sale a la luz&#8221;, expres\u00f3 Estela de Carlotto, presidenta de Abuelas.<\/h3>\n<h3>Seg\u00fan inform\u00f3 Manuel Gon\u00e7alves Granada, miembro de la Comisi\u00f3n Directiva de Abuelas y Secretario Ejecutivo de Comisi\u00f3n Nacional por el Derecho a la Identidad (CoNaDI), la persona &#8220;est\u00e1 muy conmovida&#8221; y asegur\u00f3 que se reencontrar\u00e1 con su familia.<\/h3>\n<h3>De acuerdo al comunicado que ley\u00f3 Carlotto, el nieto 138 es hijo de Marta Enriqueta Pourtal\u00e9 y Juan Carlos Villamayor, secuestrados y desaparecidos de su domicilio en la ciudad de Buenos Aires el 10 de diciembre de 1976, cuando Marta estaba embarazada de ocho meses y medio.<\/h3>\n<h3>Marta Enriqueta naci\u00f3 el 5 de mayo de 1946 en Azul, provincia de Buenos Aires y tuvo a Diego, en 1972, con su pareja de entonces.<\/h3>\n<h3>Villamayor naci\u00f3 el 28 de abril de 1955 en la ciudad de Buenos Aires.<\/h3>\n<h3>Marta y Juan Carlos militaban en la organizaci\u00f3n Montoneros. &#8220;La pareja fue vista en el centro clandestino de detenci\u00f3n ESMA, que funcion\u00f3 en este predio, donde posiblemente se haya producido el nacimiento del nieto 138&#8221;, declar\u00f3 Carlotto.<\/h3>\n<h3>La b\u00fasqueda fue iniciada por Mar\u00eda del Carmen Villamayor, hermana de Juan Carlos, y su madre, Carmen Antonia Morinigo. En septiembre de 1979, la madre de Juan Carlos present\u00f3 la denuncia ante la Comisi\u00f3n Interamericana de Derechos Humanos (CIDH).<\/h3>\n<h3>Pedro, el hermano de Marta, cri\u00f3 a Diego junto a su mam\u00e1 y denunci\u00f3 el caso ante la Comisi\u00f3n Nacional sobre la Desaparici\u00f3n de Personas (CONADEP). Diego continu\u00f3 la b\u00fasqueda desde el grupo de familiares de Abuelas. Diego envi\u00f3 un mensaje a Abuelas de Plaza de Mayo desde Espa\u00f1a y dijo: &#8220;Estoy embargado por la emoci\u00f3n, sos muy bienvenido&#8221;.<\/h3>\n<p><img fetchpriority=\"high\" decoding=\"async\" class=\"wp-image-27400 aligncenter\" src=\"https:\/\/apuntesdesanluis.com\/wp-content\/uploads\/2024\/12\/ABUELAS-300x213.png\" alt=\"\" width=\"597\" height=\"424\" srcset=\"https:\/\/apuntesdesanluis.com\/wp-content\/uploads\/2024\/12\/ABUELAS-300x213.png 300w, https:\/\/apuntesdesanluis.com\/wp-content\/uploads\/2024\/12\/ABUELAS.png 747w\" sizes=\"(max-width: 597px) 100vw, 597px\" \/><\/p>\n<h3><strong>LA B\u00daSQUEDA DEL NIETO 138<\/strong><\/h3>\n<h3>La investigaci\u00f3n del caso inici\u00f3 en 1988 con la presentaci\u00f3n de una denuncia. Desde 1999, la CoNaDi trabaj\u00f3 en el grupo Villamayor-Pourtal\u00e9 para que el Banco Nacional de Datos Gen\u00e9ticos (BNDG) incoporara las muestras de la familia. Al mismo tiempo, un joven convocado por la Justicia dio su muestra de ADN en el marco de la causa 198\/2000.<\/h3>\n<h3>Este jueves, el juez Daniel Rafecas, titular del Juzgado Criminal y Correccional Federal N.\u00ba 3 de CABA, le inform\u00f3 al nieto 138 los resultados. La presidenta de Abuelas destac\u00f3 que la importancia de la CoNaDi y el BNDG para la resoluci\u00f3n del caso.<\/h3>\n<h3><em>\u00a0<\/em>El anunci\u00f3 se transmiti\u00f3 en vivo desde el auditorio de la Casa por la Identidad, el espacio recuperado por Abuelas en uno de los edificios de la antigua ESMA. Hasta su desalojo en 2007, el predio era ocupado por la Marina.<\/h3>\n<h3>El \u00faltimo nieto restituido que recuper\u00f3 su identidad fue Daniel Santucho Navajas, el 133, en julio de 2023. Es hijo de Cristina Navajas, secuestrada en 1976, qui\u00e9n dio a luz en el Pozo de Banfield, uno de los centros clandestinos del Conurbano bonaerense. Su padre, Julio Santucho, lo busc\u00f3 por 46 a\u00f1os.<\/h3>\n<h3>M\u00e1s tarde, en septiembre de ese a\u00f1o, el Equipo Argentino de Antropolog\u00eda Forense (EAAF), la Comisi\u00f3n Nacional por el Derecho a la Identidad (CONADI) y el Poder Judicial resolvi\u00f3 los casos 134, 135, 136 y 137, cuatro mujeres embarazadas que fueron secuestradas por la dictadura y asesinadas antes de prir. Se trata de Dora Elena Vargas, Olga Liliana Vaccarini, Hilda Margarita Far\u00edas y Liliana Beatriz Girardi.<\/h3>\n<h3><strong>WADO DE PEDRO<\/strong><\/h3>\n<h3>El senador de Uni\u00f3n por la Patria Wado de Pedro celebr\u00f3 el hallazgo en su cuenta de la red social X y escribi\u00f3: &#8220;Cada nieto que se restituye es una alegr\u00eda inmensa que nos llena el coraz\u00f3n. Por quienes recuperan su identidad y porque se reconstruye una familia&#8221;.<\/h3>\n<h3>&#8220;La lucha de @abuelasdifusion es el ejemplo de que con perseverancia, amor y compromiso las cosas se logran&#8221;, destac\u00f3.<\/h3>\n<h3>De Pedro es hijo de desaparecidos durante la \u00faltima dictadura militar. Su padre, Enrique \u201cQuique\u201d de Pedro, fue secuestrado y asesinado en 1977. En 1978, su madre, Lucila Adela R\u00e9vora, fue desaparecida por un grupo de tareas.<\/h3>\n<p>&nbsp;<\/p>\n<p>&nbsp;<\/p>\n","protected":false},"excerpt":{"rendered":"<p>A trav\u00e9s de un comunicado, las Abuelas de Plaza de Mayo anunciaron este viernes 27&#8230;<\/p>\n","protected":false},"author":1,"featured_media":27399,"comment_status":"closed","ping_status":"closed","sticky":false,"template":"","format":"standard","meta":{"footnotes":""},"categories":[5],"tags":[],"class_list":["post-27398","post","type-post","status-publish","format-standard","has-post-thumbnail","hentry","category-nacionales-internacionales"],"yoast_head":"<!-- This site is optimized with the Yoast SEO plugin v26.1.1 - https:\/\/yoast.com\/wordpress\/plugins\/seo\/ -->\n<title>LAS ABUELAS DE PLAZA DE MAYO ANUNCIARON QUE ENCONTRARON AL NIETO 138 - Apuntes de San Luis<\/title>\n<meta name=\"robots\" content=\"index, follow, max-snippet:-1, max-image-preview:large, max-video-preview:-1\" \/>\n<link rel=\"canonical\" href=\"https:\/\/apuntesdesanluis.com\/index.php\/2024\/12\/28\/las-abuelas-de-plaza-de-mayo-anunciaron-que-encontraron-al-nieto-138\/\" \/>\n<meta property=\"og:locale\" content=\"es_ES\" \/>\n<meta property=\"og:type\" content=\"article\" \/>\n<meta property=\"og:title\" content=\"LAS ABUELAS DE PLAZA DE MAYO ANUNCIARON QUE ENCONTRARON AL NIETO 138 - Apuntes de San Luis\" \/>\n<meta property=\"og:description\" content=\"A trav\u00e9s de un comunicado, las Abuelas de Plaza de Mayo anunciaron este viernes 27...\" \/>\n<meta property=\"og:url\" content=\"https:\/\/apuntesdesanluis.com\/index.php\/2024\/12\/28\/las-abuelas-de-plaza-de-mayo-anunciaron-que-encontraron-al-nieto-138\/\" \/>\n<meta property=\"og:site_name\" content=\"Apuntes de San Luis\" \/>\n<meta property=\"article:published_time\" content=\"2024-12-28T21:53:27+00:00\" \/>\n<meta property=\"article:modified_time\" content=\"2024-12-30T21:57:11+00:00\" \/>\n<meta property=\"og:image\" content=\"https:\/\/apuntesdesanluis.com\/wp-content\/uploads\/2024\/12\/ABUELAS-NIETO-138.png\" \/>\n\t<meta property=\"og:image:width\" content=\"1054\" \/>\n\t<meta property=\"og:image:height\" content=\"600\" \/>\n\t<meta property=\"og:image:type\" content=\"image\/png\" \/>\n<meta name=\"author\" content=\"apuntesdesanluis.com\" \/>\n<meta name=\"twitter:card\" content=\"summary_large_image\" \/>\n<meta name=\"twitter:label1\" content=\"Escrito por\" \/>\n\t<meta name=\"twitter:data1\" content=\"apuntesdesanluis.com\" \/>\n\t<meta name=\"twitter:label2\" content=\"Tiempo de lectura\" \/>\n\t<meta name=\"twitter:data2\" content=\"4 minutos\" \/>\n<script type=\"application\/ld+json\" class=\"yoast-schema-graph\">{\"@context\":\"https:\/\/schema.org\",\"@graph\":[{\"@type\":\"Article\",\"@id\":\"https:\/\/apuntesdesanluis.com\/index.php\/2024\/12\/28\/las-abuelas-de-plaza-de-mayo-anunciaron-que-encontraron-al-nieto-138\/#article\",\"isPartOf\":{\"@id\":\"https:\/\/apuntesdesanluis.com\/index.php\/2024\/12\/28\/las-abuelas-de-plaza-de-mayo-anunciaron-que-encontraron-al-nieto-138\/\"},\"author\":{\"name\":\"apuntesdesanluis.com\",\"@id\":\"https:\/\/apuntesdesanluis.com\/#\/schema\/person\/b55151d52296fcce64d1a72538a70b90\"},\"headline\":\"LAS ABUELAS DE PLAZA DE MAYO ANUNCIARON QUE ENCONTRARON AL NIETO 138\",\"datePublished\":\"2024-12-28T21:53:27+00:00\",\"dateModified\":\"2024-12-30T21:57:11+00:00\",\"mainEntityOfPage\":{\"@id\":\"https:\/\/apuntesdesanluis.com\/index.php\/2024\/12\/28\/las-abuelas-de-plaza-de-mayo-anunciaron-que-encontraron-al-nieto-138\/\"},\"wordCount\":706,\"publisher\":{\"@id\":\"https:\/\/apuntesdesanluis.com\/#\/schema\/person\/b55151d52296fcce64d1a72538a70b90\"},\"image\":{\"@id\":\"https:\/\/apuntesdesanluis.com\/index.php\/2024\/12\/28\/las-abuelas-de-plaza-de-mayo-anunciaron-que-encontraron-al-nieto-138\/#primaryimage\"},\"thumbnailUrl\":\"https:\/\/apuntesdesanluis.com\/wp-content\/uploads\/2024\/12\/ABUELAS-NIETO-138.png\",\"articleSection\":[\"Nacionales\/Internacionales\"],\"inLanguage\":\"es-AR\"},{\"@type\":\"WebPage\",\"@id\":\"https:\/\/apuntesdesanluis.com\/index.php\/2024\/12\/28\/las-abuelas-de-plaza-de-mayo-anunciaron-que-encontraron-al-nieto-138\/\",\"url\":\"https:\/\/apuntesdesanluis.com\/index.php\/2024\/12\/28\/las-abuelas-de-plaza-de-mayo-anunciaron-que-encontraron-al-nieto-138\/\",\"name\":\"LAS ABUELAS DE PLAZA DE MAYO ANUNCIARON QUE ENCONTRARON AL NIETO 138 - Apuntes de San Luis\",\"isPartOf\":{\"@id\":\"https:\/\/apuntesdesanluis.com\/#website\"},\"primaryImageOfPage\":{\"@id\":\"https:\/\/apuntesdesanluis.com\/index.php\/2024\/12\/28\/las-abuelas-de-plaza-de-mayo-anunciaron-que-encontraron-al-nieto-138\/#primaryimage\"},\"image\":{\"@id\":\"https:\/\/apuntesdesanluis.com\/index.php\/2024\/12\/28\/las-abuelas-de-plaza-de-mayo-anunciaron-que-encontraron-al-nieto-138\/#primaryimage\"},\"thumbnailUrl\":\"https:\/\/apuntesdesanluis.com\/wp-content\/uploads\/2024\/12\/ABUELAS-NIETO-138.png\",\"datePublished\":\"2024-12-28T21:53:27+00:00\",\"dateModified\":\"2024-12-30T21:57:11+00:00\",\"breadcrumb\":{\"@id\":\"https:\/\/apuntesdesanluis.com\/index.php\/2024\/12\/28\/las-abuelas-de-plaza-de-mayo-anunciaron-que-encontraron-al-nieto-138\/#breadcrumb\"},\"inLanguage\":\"es-AR\",\"potentialAction\":[{\"@type\":\"ReadAction\",\"target\":[\"https:\/\/apuntesdesanluis.com\/index.php\/2024\/12\/28\/las-abuelas-de-plaza-de-mayo-anunciaron-que-encontraron-al-nieto-138\/\"]}]},{\"@type\":\"ImageObject\",\"inLanguage\":\"es-AR\",\"@id\":\"https:\/\/apuntesdesanluis.com\/index.php\/2024\/12\/28\/las-abuelas-de-plaza-de-mayo-anunciaron-que-encontraron-al-nieto-138\/#primaryimage\",\"url\":\"https:\/\/apuntesdesanluis.com\/wp-content\/uploads\/2024\/12\/ABUELAS-NIETO-138.png\",\"contentUrl\":\"https:\/\/apuntesdesanluis.com\/wp-content\/uploads\/2024\/12\/ABUELAS-NIETO-138.png\",\"width\":1054,\"height\":600},{\"@type\":\"BreadcrumbList\",\"@id\":\"https:\/\/apuntesdesanluis.com\/index.php\/2024\/12\/28\/las-abuelas-de-plaza-de-mayo-anunciaron-que-encontraron-al-nieto-138\/#breadcrumb\",\"itemListElement\":[{\"@type\":\"ListItem\",\"position\":1,\"name\":\"Inicio\",\"item\":\"https:\/\/apuntesdesanluis.com\/\"},{\"@type\":\"ListItem\",\"position\":2,\"name\":\"LAS ABUELAS DE PLAZA DE MAYO ANUNCIARON QUE ENCONTRARON AL NIETO 138\"}]},{\"@type\":\"WebSite\",\"@id\":\"https:\/\/apuntesdesanluis.com\/#website\",\"url\":\"https:\/\/apuntesdesanluis.com\/\",\"name\":\"Apuntes de San Luis\",\"description\":\"\",\"publisher\":{\"@id\":\"https:\/\/apuntesdesanluis.com\/#\/schema\/person\/b55151d52296fcce64d1a72538a70b90\"},\"potentialAction\":[{\"@type\":\"SearchAction\",\"target\":{\"@type\":\"EntryPoint\",\"urlTemplate\":\"https:\/\/apuntesdesanluis.com\/?s={search_term_string}\"},\"query-input\":{\"@type\":\"PropertyValueSpecification\",\"valueRequired\":true,\"valueName\":\"search_term_string\"}}],\"inLanguage\":\"es-AR\"},{\"@type\":[\"Person\",\"Organization\"],\"@id\":\"https:\/\/apuntesdesanluis.com\/#\/schema\/person\/b55151d52296fcce64d1a72538a70b90\",\"name\":\"apuntesdesanluis.com\",\"image\":{\"@type\":\"ImageObject\",\"inLanguage\":\"es-AR\",\"@id\":\"https:\/\/apuntesdesanluis.com\/#\/schema\/person\/image\/\",\"url\":\"https:\/\/apuntesdesanluis.com\/wp-content\/uploads\/2023\/07\/cropped-apuntesdesanluis.png\",\"contentUrl\":\"https:\/\/apuntesdesanluis.com\/wp-content\/uploads\/2023\/07\/cropped-apuntesdesanluis.png\",\"width\":450,\"height\":112,\"caption\":\"apuntesdesanluis.com\"},\"logo\":{\"@id\":\"https:\/\/apuntesdesanluis.com\/#\/schema\/person\/image\/\"},\"sameAs\":[\"https:\/\/apuntesdesanluis.com\"],\"url\":\"https:\/\/apuntesdesanluis.com\/index.php\/author\/apuntesdesanluis-com\/\"}]}<\/script>\n<!-- \/ Yoast SEO plugin. -->","yoast_head_json":{"title":"LAS ABUELAS DE PLAZA DE MAYO ANUNCIARON QUE ENCONTRARON AL NIETO 138 - Apuntes de San Luis","robots":{"index":"index","follow":"follow","max-snippet":"max-snippet:-1","max-image-preview":"max-image-preview:large","max-video-preview":"max-video-preview:-1"},"canonical":"https:\/\/apuntesdesanluis.com\/index.php\/2024\/12\/28\/las-abuelas-de-plaza-de-mayo-anunciaron-que-encontraron-al-nieto-138\/","og_locale":"es_ES","og_type":"article","og_title":"LAS ABUELAS DE PLAZA DE MAYO ANUNCIARON QUE ENCONTRARON AL NIETO 138 - Apuntes de San Luis","og_description":"A trav\u00e9s de un comunicado, las Abuelas de Plaza de Mayo anunciaron este viernes 27...","og_url":"https:\/\/apuntesdesanluis.com\/index.php\/2024\/12\/28\/las-abuelas-de-plaza-de-mayo-anunciaron-que-encontraron-al-nieto-138\/","og_site_name":"Apuntes de San Luis","article_published_time":"2024-12-28T21:53:27+00:00","article_modified_time":"2024-12-30T21:57:11+00:00","og_image":[{"width":1054,"height":600,"url":"https:\/\/apuntesdesanluis.com\/wp-content\/uploads\/2024\/12\/ABUELAS-NIETO-138.png","type":"image\/png"}],"author":"apuntesdesanluis.com","twitter_card":"summary_large_image","twitter_misc":{"Escrito por":"apuntesdesanluis.com","Tiempo de lectura":"4 minutos"},"schema":{"@context":"https:\/\/schema.org","@graph":[{"@type":"Article","@id":"https:\/\/apuntesdesanluis.com\/index.php\/2024\/12\/28\/las-abuelas-de-plaza-de-mayo-anunciaron-que-encontraron-al-nieto-138\/#article","isPartOf":{"@id":"https:\/\/apuntesdesanluis.com\/index.php\/2024\/12\/28\/las-abuelas-de-plaza-de-mayo-anunciaron-que-encontraron-al-nieto-138\/"},"author":{"name":"apuntesdesanluis.com","@id":"https:\/\/apuntesdesanluis.com\/#\/schema\/person\/b55151d52296fcce64d1a72538a70b90"},"headline":"LAS ABUELAS DE PLAZA DE MAYO ANUNCIARON QUE ENCONTRARON AL NIETO 138","datePublished":"2024-12-28T21:53:27+00:00","dateModified":"2024-12-30T21:57:11+00:00","mainEntityOfPage":{"@id":"https:\/\/apuntesdesanluis.com\/index.php\/2024\/12\/28\/las-abuelas-de-plaza-de-mayo-anunciaron-que-encontraron-al-nieto-138\/"},"wordCount":706,"publisher":{"@id":"https:\/\/apuntesdesanluis.com\/#\/schema\/person\/b55151d52296fcce64d1a72538a70b90"},"image":{"@id":"https:\/\/apuntesdesanluis.com\/index.php\/2024\/12\/28\/las-abuelas-de-plaza-de-mayo-anunciaron-que-encontraron-al-nieto-138\/#primaryimage"},"thumbnailUrl":"https:\/\/apuntesdesanluis.com\/wp-content\/uploads\/2024\/12\/ABUELAS-NIETO-138.png","articleSection":["Nacionales\/Internacionales"],"inLanguage":"es-AR"},{"@type":"WebPage","@id":"https:\/\/apuntesdesanluis.com\/index.php\/2024\/12\/28\/las-abuelas-de-plaza-de-mayo-anunciaron-que-encontraron-al-nieto-138\/","url":"https:\/\/apuntesdesanluis.com\/index.php\/2024\/12\/28\/las-abuelas-de-plaza-de-mayo-anunciaron-que-encontraron-al-nieto-138\/","name":"LAS ABUELAS DE PLAZA DE MAYO ANUNCIARON QUE ENCONTRARON AL NIETO 138 - Apuntes de San Luis","isPartOf":{"@id":"https:\/\/apuntesdesanluis.com\/#website"},"primaryImageOfPage":{"@id":"https:\/\/apuntesdesanluis.com\/index.php\/2024\/12\/28\/las-abuelas-de-plaza-de-mayo-anunciaron-que-encontraron-al-nieto-138\/#primaryimage"},"image":{"@id":"https:\/\/apuntesdesanluis.com\/index.php\/2024\/12\/28\/las-abuelas-de-plaza-de-mayo-anunciaron-que-encontraron-al-nieto-138\/#primaryimage"},"thumbnailUrl":"https:\/\/apuntesdesanluis.com\/wp-content\/uploads\/2024\/12\/ABUELAS-NIETO-138.png","datePublished":"2024-12-28T21:53:27+00:00","dateModified":"2024-12-30T21:57:11+00:00","breadcrumb":{"@id":"https:\/\/apuntesdesanluis.com\/index.php\/2024\/12\/28\/las-abuelas-de-plaza-de-mayo-anunciaron-que-encontraron-al-nieto-138\/#breadcrumb"},"inLanguage":"es-AR","potentialAction":[{"@type":"ReadAction","target":["https:\/\/apuntesdesanluis.com\/index.php\/2024\/12\/28\/las-abuelas-de-plaza-de-mayo-anunciaron-que-encontraron-al-nieto-138\/"]}]},{"@type":"ImageObject","inLanguage":"es-AR","@id":"https:\/\/apuntesdesanluis.com\/index.php\/2024\/12\/28\/las-abuelas-de-plaza-de-mayo-anunciaron-que-encontraron-al-nieto-138\/#primaryimage","url":"https:\/\/apuntesdesanluis.com\/wp-content\/uploads\/2024\/12\/ABUELAS-NIETO-138.png","contentUrl":"https:\/\/apuntesdesanluis.com\/wp-content\/uploads\/2024\/12\/ABUELAS-NIETO-138.png","width":1054,"height":600},{"@type":"BreadcrumbList","@id":"https:\/\/apuntesdesanluis.com\/index.php\/2024\/12\/28\/las-abuelas-de-plaza-de-mayo-anunciaron-que-encontraron-al-nieto-138\/#breadcrumb","itemListElement":[{"@type":"ListItem","position":1,"name":"Inicio","item":"https:\/\/apuntesdesanluis.com\/"},{"@type":"ListItem","position":2,"name":"LAS ABUELAS DE PLAZA DE MAYO ANUNCIARON QUE ENCONTRARON AL NIETO 138"}]},{"@type":"WebSite","@id":"https:\/\/apuntesdesanluis.com\/#website","url":"https:\/\/apuntesdesanluis.com\/","name":"Apuntes de San Luis","description":"","publisher":{"@id":"https:\/\/apuntesdesanluis.com\/#\/schema\/person\/b55151d52296fcce64d1a72538a70b90"},"potentialAction":[{"@type":"SearchAction","target":{"@type":"EntryPoint","urlTemplate":"https:\/\/apuntesdesanluis.com\/?s={search_term_string}"},"query-input":{"@type":"PropertyValueSpecification","valueRequired":true,"valueName":"search_term_string"}}],"inLanguage":"es-AR"},{"@type":["Person","Organization"],"@id":"https:\/\/apuntesdesanluis.com\/#\/schema\/person\/b55151d52296fcce64d1a72538a70b90","name":"apuntesdesanluis.com","image":{"@type":"ImageObject","inLanguage":"es-AR","@id":"https:\/\/apuntesdesanluis.com\/#\/schema\/person\/image\/","url":"https:\/\/apuntesdesanluis.com\/wp-content\/uploads\/2023\/07\/cropped-apuntesdesanluis.png","contentUrl":"https:\/\/apuntesdesanluis.com\/wp-content\/uploads\/2023\/07\/cropped-apuntesdesanluis.png","width":450,"height":112,"caption":"apuntesdesanluis.com"},"logo":{"@id":"https:\/\/apuntesdesanluis.com\/#\/schema\/person\/image\/"},"sameAs":["https:\/\/apuntesdesanluis.com"],"url":"https:\/\/apuntesdesanluis.com\/index.php\/author\/apuntesdesanluis-com\/"}]}},"featured_image_urls":{"full":["https:\/\/apuntesdesanluis.com\/wp-content\/uploads\/2024\/12\/ABUELAS-NIETO-138.png",1054,600,false],"thumbnail":["https:\/\/apuntesdesanluis.com\/wp-content\/uploads\/2024\/12\/ABUELAS-NIETO-138-150x150.png",150,150,true],"medium":["https:\/\/apuntesdesanluis.com\/wp-content\/uploads\/2024\/12\/ABUELAS-NIETO-138-300x171.png",300,171,true],"medium_large":["https:\/\/apuntesdesanluis.com\/wp-content\/uploads\/2024\/12\/ABUELAS-NIETO-138-768x437.png",640,364,true],"large":["https:\/\/apuntesdesanluis.com\/wp-content\/uploads\/2024\/12\/ABUELAS-NIETO-138-1024x583.png",640,364,true],"1536x1536":["https:\/\/apuntesdesanluis.com\/wp-content\/uploads\/2024\/12\/ABUELAS-NIETO-138.png",1054,600,false],"2048x2048":["https:\/\/apuntesdesanluis.com\/wp-content\/uploads\/2024\/12\/ABUELAS-NIETO-138.png",1054,600,false],"newsever-slider-full":["https:\/\/apuntesdesanluis.com\/wp-content\/uploads\/2024\/12\/ABUELAS-NIETO-138.png",1054,600,false],"newsever-featured":["https:\/\/apuntesdesanluis.com\/wp-content\/uploads\/2024\/12\/ABUELAS-NIETO-138-1024x583.png",1024,583,true],"newsever-medium":["https:\/\/apuntesdesanluis.com\/wp-content\/uploads\/2024\/12\/ABUELAS-NIETO-138-720x475.png",720,475,true]},"author_info":{"display_name":"apuntesdesanluis.com","author_link":"https:\/\/apuntesdesanluis.com\/index.php\/author\/apuntesdesanluis-com\/"},"category_info":"<a href=\"https:\/\/apuntesdesanluis.com\/index.php\/category\/nacionales-internacionales\/\" rel=\"category tag\">Nacionales\/Internacionales<\/a>","tag_info":"Nacionales\/Internacionales","comment_count":"0","_links":{"self":[{"href":"https:\/\/apuntesdesanluis.com\/index.php\/wp-json\/wp\/v2\/posts\/27398","targetHints":{"allow":["GET"]}}],"collection":[{"href":"https:\/\/apuntesdesanluis.com\/index.php\/wp-json\/wp\/v2\/posts"}],"about":[{"href":"https:\/\/apuntesdesanluis.com\/index.php\/wp-json\/wp\/v2\/types\/post"}],"author":[{"embeddable":true,"href":"https:\/\/apuntesdesanluis.com\/index.php\/wp-json\/wp\/v2\/users\/1"}],"replies":[{"embeddable":true,"href":"https:\/\/apuntesdesanluis.com\/index.php\/wp-json\/wp\/v2\/comments?post=27398"}],"version-history":[{"count":1,"href":"https:\/\/apuntesdesanluis.com\/index.php\/wp-json\/wp\/v2\/posts\/27398\/revisions"}],"predecessor-version":[{"id":27401,"href":"https:\/\/apuntesdesanluis.com\/index.php\/wp-json\/wp\/v2\/posts\/27398\/revisions\/27401"}],"wp:featuredmedia":[{"embeddable":true,"href":"https:\/\/apuntesdesanluis.com\/index.php\/wp-json\/wp\/v2\/media\/27399"}],"wp:attachment":[{"href":"https:\/\/apuntesdesanluis.com\/index.php\/wp-json\/wp\/v2\/media?parent=27398"}],"wp:term":[{"taxonomy":"category","embeddable":true,"href":"https:\/\/apuntesdesanluis.com\/index.php\/wp-json\/wp\/v2\/categories?post=27398"},{"taxonomy":"post_tag","embeddable":true,"href":"https:\/\/apuntesdesanluis.com\/index.php\/wp-json\/wp\/v2\/tags?post=27398"}],"curies":[{"name":"wp","href":"https:\/\/api.w.org\/{rel}","templated":true}]}}