{"id":27404,"date":"2024-12-30T20:31:08","date_gmt":"2024-12-30T23:31:08","guid":{"rendered":"https:\/\/apuntesdesanluis.com\/?p=27404"},"modified":"2024-12-30T20:31:08","modified_gmt":"2024-12-30T23:31:08","slug":"scioli-se-mileinizo-echo-a-la-subsecretaria-de-turismo-por-tomarse-vacaciones-en-europa","status":"publish","type":"post","link":"https:\/\/apuntesdesanluis.com\/index.php\/2024\/12\/30\/scioli-se-mileinizo-echo-a-la-subsecretaria-de-turismo-por-tomarse-vacaciones-en-europa\/","title":{"rendered":"SCIOLI SE MILEINIZ\u00d3: ECH\u00d3 A LA SUBSECRETARIA DE TURISMO POR TOMARSE VACACIONES EN EUROPA"},"content":{"rendered":"<h3>El secretario de Turismo, Ambiente y Deportes, <strong>Daniel Scioli<\/strong>, le pidi\u00f3 hoy la renuncia a la subsecretaria de su \u00e1rea, <strong>Yanina Mart\u00ednez<\/strong>, por haberse ido de vacaciones a Europa sin previa autorizaci\u00f3n.<\/h3>\n<h3>La funcionaria, una sobreviviente de la gesti\u00f3n de Alberto Fern\u00e1ndez, hab\u00eda cursado la solicitud de vacaciones la semana pasada, pero sin haberlo notificado a sus superiores ni tener una respuesta a su pedido.<\/h3>\n<h3>Scioli tom\u00f3 conocimiento del viaje cuando Mart\u00ednez ya estaba en Londres, Reino Unido (viaj\u00f3 el viernes pasado), algo que cay\u00f3 muy mal.<\/h3>\n<p><img fetchpriority=\"high\" decoding=\"async\" class=\"wp-image-27406 aligncenter\" src=\"https:\/\/apuntesdesanluis.com\/wp-content\/uploads\/2024\/12\/subsecretaria-300x194.png\" alt=\"\" width=\"615\" height=\"398\" srcset=\"https:\/\/apuntesdesanluis.com\/wp-content\/uploads\/2024\/12\/subsecretaria-300x194.png 300w, https:\/\/apuntesdesanluis.com\/wp-content\/uploads\/2024\/12\/subsecretaria.png 642w\" sizes=\"(max-width: 615px) 100vw, 615px\" \/><\/p>\n<h3>La ahora ex subsecretaria de Turismo, abogada de profesi\u00f3n, era resistida al interior de La Libertad Avanza por haber sido integrante del peronista Frente de Todos que gobern\u00f3 el pa\u00eds hasta hace un a\u00f1o atr\u00e1s, gobierno al que apoy\u00f3 hasta el \u00faltimo d\u00eda.<\/h3>\n<h3>El presidente Javier Milei, que permanecer\u00e1 el verano en Buenos Aires a cargo de la gesti\u00f3n, hab\u00eda bajado la l\u00ednea de no vacacionar en el exterior, aunque algunos funcionarios desoyeron la orden, como la ministra de Seguridad, Patricia Bullrich, que viajar\u00e1 a Disney, en la Florida, junto a sus nietos.<\/h3>\n<h3>Pese a que la sugerencia del presidente era clara, el vocero de la Casa Rosada, Manuel Adorni, justific\u00f3 la decisi\u00f3n de algunos funcionarios de irse de viaje al extranjero durante sus vacaciones.<\/h3>\n<h3>\u201dEl Presidente no impidi\u00f3 que viajemos al exterior, no recomienda a donde irnos, nos pidi\u00f3 l\u00f3gica austeridad y razonabilidad, ya sea los que se queden, los que vayan a pa\u00edses lim\u00edtrofes o a los que vayan al Congo. Quiz\u00e1s algunos no revisten de car\u00e1cter austero, pero no hubo ninguna prohibici\u00f3n. Algunos se van a ir al exterior\u201d, indic\u00f3.<\/h3>\n<h3>En este sentido, Adorni consider\u00f3 que el esp\u00edritu del Gobierno es que los funcionarios sean coherentes con \u201cc\u00f3mo ven\u00eda uno viviendo su din\u00e1mica familiar, la vida anterior\u201c, pero aclar\u00f3 que el mandatario nacional\u201d jam\u00e1s prohibir\u00eda un destino en particular porque no es su filosof\u00eda\u201d.<\/h3>\n<h3><\/h3>\n<h3><\/h3>\n<p>&nbsp;<\/p>\n","protected":false},"excerpt":{"rendered":"<p>El secretario de Turismo, Ambiente y Deportes, Daniel Scioli, le pidi\u00f3 hoy la renuncia a&#8230;<\/p>\n","protected":false},"author":1,"featured_media":27405,"comment_status":"closed","ping_status":"closed","sticky":false,"template":"","format":"standard","meta":{"footnotes":""},"categories":[5],"tags":[],"class_list":["post-27404","post","type-post","status-publish","format-standard","has-post-thumbnail","hentry","category-nacionales-internacionales"],"yoast_head":"<!-- This site is optimized with the Yoast SEO plugin v26.1.1 - https:\/\/yoast.com\/wordpress\/plugins\/seo\/ -->\n<title>SCIOLI SE MILEINIZ\u00d3: ECH\u00d3 A LA SUBSECRETARIA DE TURISMO POR TOMARSE VACACIONES EN EUROPA - Apuntes de San Luis<\/title>\n<meta name=\"robots\" content=\"index, follow, max-snippet:-1, max-image-preview:large, max-video-preview:-1\" \/>\n<link rel=\"canonical\" href=\"https:\/\/apuntesdesanluis.com\/index.php\/2024\/12\/30\/scioli-se-mileinizo-echo-a-la-subsecretaria-de-turismo-por-tomarse-vacaciones-en-europa\/\" \/>\n<meta property=\"og:locale\" content=\"es_ES\" \/>\n<meta property=\"og:type\" content=\"article\" \/>\n<meta property=\"og:title\" content=\"SCIOLI SE MILEINIZ\u00d3: ECH\u00d3 A LA SUBSECRETARIA DE TURISMO POR TOMARSE VACACIONES EN EUROPA - Apuntes de San Luis\" \/>\n<meta property=\"og:description\" content=\"El secretario de Turismo, Ambiente y Deportes, Daniel Scioli, le pidi\u00f3 hoy la renuncia a...\" \/>\n<meta property=\"og:url\" content=\"https:\/\/apuntesdesanluis.com\/index.php\/2024\/12\/30\/scioli-se-mileinizo-echo-a-la-subsecretaria-de-turismo-por-tomarse-vacaciones-en-europa\/\" \/>\n<meta property=\"og:site_name\" content=\"Apuntes de San Luis\" \/>\n<meta property=\"article:published_time\" content=\"2024-12-30T23:31:08+00:00\" \/>\n<meta property=\"og:image\" content=\"https:\/\/apuntesdesanluis.com\/wp-content\/uploads\/2024\/12\/scioli-y-martinez.png\" \/>\n\t<meta property=\"og:image:width\" content=\"554\" \/>\n\t<meta property=\"og:image:height\" content=\"406\" \/>\n\t<meta property=\"og:image:type\" content=\"image\/png\" \/>\n<meta name=\"author\" content=\"apuntesdesanluis.com\" \/>\n<meta name=\"twitter:card\" content=\"summary_large_image\" \/>\n<meta name=\"twitter:label1\" content=\"Escrito por\" \/>\n\t<meta name=\"twitter:data1\" content=\"apuntesdesanluis.com\" \/>\n\t<meta name=\"twitter:label2\" content=\"Tiempo de lectura\" \/>\n\t<meta name=\"twitter:data2\" content=\"2 minutos\" \/>\n<script type=\"application\/ld+json\" class=\"yoast-schema-graph\">{\"@context\":\"https:\/\/schema.org\",\"@graph\":[{\"@type\":\"Article\",\"@id\":\"https:\/\/apuntesdesanluis.com\/index.php\/2024\/12\/30\/scioli-se-mileinizo-echo-a-la-subsecretaria-de-turismo-por-tomarse-vacaciones-en-europa\/#article\",\"isPartOf\":{\"@id\":\"https:\/\/apuntesdesanluis.com\/index.php\/2024\/12\/30\/scioli-se-mileinizo-echo-a-la-subsecretaria-de-turismo-por-tomarse-vacaciones-en-europa\/\"},\"author\":{\"name\":\"apuntesdesanluis.com\",\"@id\":\"https:\/\/apuntesdesanluis.com\/#\/schema\/person\/b55151d52296fcce64d1a72538a70b90\"},\"headline\":\"SCIOLI SE MILEINIZ\u00d3: ECH\u00d3 A LA SUBSECRETARIA DE TURISMO POR TOMARSE VACACIONES EN EUROPA\",\"datePublished\":\"2024-12-30T23:31:08+00:00\",\"mainEntityOfPage\":{\"@id\":\"https:\/\/apuntesdesanluis.com\/index.php\/2024\/12\/30\/scioli-se-mileinizo-echo-a-la-subsecretaria-de-turismo-por-tomarse-vacaciones-en-europa\/\"},\"wordCount\":357,\"publisher\":{\"@id\":\"https:\/\/apuntesdesanluis.com\/#\/schema\/person\/b55151d52296fcce64d1a72538a70b90\"},\"image\":{\"@id\":\"https:\/\/apuntesdesanluis.com\/index.php\/2024\/12\/30\/scioli-se-mileinizo-echo-a-la-subsecretaria-de-turismo-por-tomarse-vacaciones-en-europa\/#primaryimage\"},\"thumbnailUrl\":\"https:\/\/apuntesdesanluis.com\/wp-content\/uploads\/2024\/12\/scioli-y-martinez.png\",\"articleSection\":[\"Nacionales\/Internacionales\"],\"inLanguage\":\"es-AR\"},{\"@type\":\"WebPage\",\"@id\":\"https:\/\/apuntesdesanluis.com\/index.php\/2024\/12\/30\/scioli-se-mileinizo-echo-a-la-subsecretaria-de-turismo-por-tomarse-vacaciones-en-europa\/\",\"url\":\"https:\/\/apuntesdesanluis.com\/index.php\/2024\/12\/30\/scioli-se-mileinizo-echo-a-la-subsecretaria-de-turismo-por-tomarse-vacaciones-en-europa\/\",\"name\":\"SCIOLI SE MILEINIZ\u00d3: ECH\u00d3 A LA SUBSECRETARIA DE TURISMO POR TOMARSE VACACIONES EN EUROPA - Apuntes de San Luis\",\"isPartOf\":{\"@id\":\"https:\/\/apuntesdesanluis.com\/#website\"},\"primaryImageOfPage\":{\"@id\":\"https:\/\/apuntesdesanluis.com\/index.php\/2024\/12\/30\/scioli-se-mileinizo-echo-a-la-subsecretaria-de-turismo-por-tomarse-vacaciones-en-europa\/#primaryimage\"},\"image\":{\"@id\":\"https:\/\/apuntesdesanluis.com\/index.php\/2024\/12\/30\/scioli-se-mileinizo-echo-a-la-subsecretaria-de-turismo-por-tomarse-vacaciones-en-europa\/#primaryimage\"},\"thumbnailUrl\":\"https:\/\/apuntesdesanluis.com\/wp-content\/uploads\/2024\/12\/scioli-y-martinez.png\",\"datePublished\":\"2024-12-30T23:31:08+00:00\",\"breadcrumb\":{\"@id\":\"https:\/\/apuntesdesanluis.com\/index.php\/2024\/12\/30\/scioli-se-mileinizo-echo-a-la-subsecretaria-de-turismo-por-tomarse-vacaciones-en-europa\/#breadcrumb\"},\"inLanguage\":\"es-AR\",\"potentialAction\":[{\"@type\":\"ReadAction\",\"target\":[\"https:\/\/apuntesdesanluis.com\/index.php\/2024\/12\/30\/scioli-se-mileinizo-echo-a-la-subsecretaria-de-turismo-por-tomarse-vacaciones-en-europa\/\"]}]},{\"@type\":\"ImageObject\",\"inLanguage\":\"es-AR\",\"@id\":\"https:\/\/apuntesdesanluis.com\/index.php\/2024\/12\/30\/scioli-se-mileinizo-echo-a-la-subsecretaria-de-turismo-por-tomarse-vacaciones-en-europa\/#primaryimage\",\"url\":\"https:\/\/apuntesdesanluis.com\/wp-content\/uploads\/2024\/12\/scioli-y-martinez.png\",\"contentUrl\":\"https:\/\/apuntesdesanluis.com\/wp-content\/uploads\/2024\/12\/scioli-y-martinez.png\",\"width\":554,\"height\":406},{\"@type\":\"BreadcrumbList\",\"@id\":\"https:\/\/apuntesdesanluis.com\/index.php\/2024\/12\/30\/scioli-se-mileinizo-echo-a-la-subsecretaria-de-turismo-por-tomarse-vacaciones-en-europa\/#breadcrumb\",\"itemListElement\":[{\"@type\":\"ListItem\",\"position\":1,\"name\":\"Inicio\",\"item\":\"https:\/\/apuntesdesanluis.com\/\"},{\"@type\":\"ListItem\",\"position\":2,\"name\":\"SCIOLI SE MILEINIZ\u00d3: ECH\u00d3 A LA SUBSECRETARIA DE TURISMO POR TOMARSE VACACIONES EN EUROPA\"}]},{\"@type\":\"WebSite\",\"@id\":\"https:\/\/apuntesdesanluis.com\/#website\",\"url\":\"https:\/\/apuntesdesanluis.com\/\",\"name\":\"Apuntes de San Luis\",\"description\":\"\",\"publisher\":{\"@id\":\"https:\/\/apuntesdesanluis.com\/#\/schema\/person\/b55151d52296fcce64d1a72538a70b90\"},\"potentialAction\":[{\"@type\":\"SearchAction\",\"target\":{\"@type\":\"EntryPoint\",\"urlTemplate\":\"https:\/\/apuntesdesanluis.com\/?s={search_term_string}\"},\"query-input\":{\"@type\":\"PropertyValueSpecification\",\"valueRequired\":true,\"valueName\":\"search_term_string\"}}],\"inLanguage\":\"es-AR\"},{\"@type\":[\"Person\",\"Organization\"],\"@id\":\"https:\/\/apuntesdesanluis.com\/#\/schema\/person\/b55151d52296fcce64d1a72538a70b90\",\"name\":\"apuntesdesanluis.com\",\"image\":{\"@type\":\"ImageObject\",\"inLanguage\":\"es-AR\",\"@id\":\"https:\/\/apuntesdesanluis.com\/#\/schema\/person\/image\/\",\"url\":\"https:\/\/apuntesdesanluis.com\/wp-content\/uploads\/2023\/07\/cropped-apuntesdesanluis.png\",\"contentUrl\":\"https:\/\/apuntesdesanluis.com\/wp-content\/uploads\/2023\/07\/cropped-apuntesdesanluis.png\",\"width\":450,\"height\":112,\"caption\":\"apuntesdesanluis.com\"},\"logo\":{\"@id\":\"https:\/\/apuntesdesanluis.com\/#\/schema\/person\/image\/\"},\"sameAs\":[\"https:\/\/apuntesdesanluis.com\"],\"url\":\"https:\/\/apuntesdesanluis.com\/index.php\/author\/apuntesdesanluis-com\/\"}]}<\/script>\n<!-- \/ Yoast SEO plugin. -->","yoast_head_json":{"title":"SCIOLI SE MILEINIZ\u00d3: ECH\u00d3 A LA SUBSECRETARIA DE TURISMO POR TOMARSE VACACIONES EN EUROPA - Apuntes de San Luis","robots":{"index":"index","follow":"follow","max-snippet":"max-snippet:-1","max-image-preview":"max-image-preview:large","max-video-preview":"max-video-preview:-1"},"canonical":"https:\/\/apuntesdesanluis.com\/index.php\/2024\/12\/30\/scioli-se-mileinizo-echo-a-la-subsecretaria-de-turismo-por-tomarse-vacaciones-en-europa\/","og_locale":"es_ES","og_type":"article","og_title":"SCIOLI SE MILEINIZ\u00d3: ECH\u00d3 A LA SUBSECRETARIA DE TURISMO POR TOMARSE VACACIONES EN EUROPA - Apuntes de San Luis","og_description":"El secretario de Turismo, Ambiente y Deportes, Daniel Scioli, le pidi\u00f3 hoy la renuncia a...","og_url":"https:\/\/apuntesdesanluis.com\/index.php\/2024\/12\/30\/scioli-se-mileinizo-echo-a-la-subsecretaria-de-turismo-por-tomarse-vacaciones-en-europa\/","og_site_name":"Apuntes de San Luis","article_published_time":"2024-12-30T23:31:08+00:00","og_image":[{"width":554,"height":406,"url":"https:\/\/apuntesdesanluis.com\/wp-content\/uploads\/2024\/12\/scioli-y-martinez.png","type":"image\/png"}],"author":"apuntesdesanluis.com","twitter_card":"summary_large_image","twitter_misc":{"Escrito por":"apuntesdesanluis.com","Tiempo de lectura":"2 minutos"},"schema":{"@context":"https:\/\/schema.org","@graph":[{"@type":"Article","@id":"https:\/\/apuntesdesanluis.com\/index.php\/2024\/12\/30\/scioli-se-mileinizo-echo-a-la-subsecretaria-de-turismo-por-tomarse-vacaciones-en-europa\/#article","isPartOf":{"@id":"https:\/\/apuntesdesanluis.com\/index.php\/2024\/12\/30\/scioli-se-mileinizo-echo-a-la-subsecretaria-de-turismo-por-tomarse-vacaciones-en-europa\/"},"author":{"name":"apuntesdesanluis.com","@id":"https:\/\/apuntesdesanluis.com\/#\/schema\/person\/b55151d52296fcce64d1a72538a70b90"},"headline":"SCIOLI SE MILEINIZ\u00d3: ECH\u00d3 A LA SUBSECRETARIA DE TURISMO POR TOMARSE VACACIONES EN EUROPA","datePublished":"2024-12-30T23:31:08+00:00","mainEntityOfPage":{"@id":"https:\/\/apuntesdesanluis.com\/index.php\/2024\/12\/30\/scioli-se-mileinizo-echo-a-la-subsecretaria-de-turismo-por-tomarse-vacaciones-en-europa\/"},"wordCount":357,"publisher":{"@id":"https:\/\/apuntesdesanluis.com\/#\/schema\/person\/b55151d52296fcce64d1a72538a70b90"},"image":{"@id":"https:\/\/apuntesdesanluis.com\/index.php\/2024\/12\/30\/scioli-se-mileinizo-echo-a-la-subsecretaria-de-turismo-por-tomarse-vacaciones-en-europa\/#primaryimage"},"thumbnailUrl":"https:\/\/apuntesdesanluis.com\/wp-content\/uploads\/2024\/12\/scioli-y-martinez.png","articleSection":["Nacionales\/Internacionales"],"inLanguage":"es-AR"},{"@type":"WebPage","@id":"https:\/\/apuntesdesanluis.com\/index.php\/2024\/12\/30\/scioli-se-mileinizo-echo-a-la-subsecretaria-de-turismo-por-tomarse-vacaciones-en-europa\/","url":"https:\/\/apuntesdesanluis.com\/index.php\/2024\/12\/30\/scioli-se-mileinizo-echo-a-la-subsecretaria-de-turismo-por-tomarse-vacaciones-en-europa\/","name":"SCIOLI SE MILEINIZ\u00d3: ECH\u00d3 A LA SUBSECRETARIA DE TURISMO POR TOMARSE VACACIONES EN EUROPA - Apuntes de San Luis","isPartOf":{"@id":"https:\/\/apuntesdesanluis.com\/#website"},"primaryImageOfPage":{"@id":"https:\/\/apuntesdesanluis.com\/index.php\/2024\/12\/30\/scioli-se-mileinizo-echo-a-la-subsecretaria-de-turismo-por-tomarse-vacaciones-en-europa\/#primaryimage"},"image":{"@id":"https:\/\/apuntesdesanluis.com\/index.php\/2024\/12\/30\/scioli-se-mileinizo-echo-a-la-subsecretaria-de-turismo-por-tomarse-vacaciones-en-europa\/#primaryimage"},"thumbnailUrl":"https:\/\/apuntesdesanluis.com\/wp-content\/uploads\/2024\/12\/scioli-y-martinez.png","datePublished":"2024-12-30T23:31:08+00:00","breadcrumb":{"@id":"https:\/\/apuntesdesanluis.com\/index.php\/2024\/12\/30\/scioli-se-mileinizo-echo-a-la-subsecretaria-de-turismo-por-tomarse-vacaciones-en-europa\/#breadcrumb"},"inLanguage":"es-AR","potentialAction":[{"@type":"ReadAction","target":["https:\/\/apuntesdesanluis.com\/index.php\/2024\/12\/30\/scioli-se-mileinizo-echo-a-la-subsecretaria-de-turismo-por-tomarse-vacaciones-en-europa\/"]}]},{"@type":"ImageObject","inLanguage":"es-AR","@id":"https:\/\/apuntesdesanluis.com\/index.php\/2024\/12\/30\/scioli-se-mileinizo-echo-a-la-subsecretaria-de-turismo-por-tomarse-vacaciones-en-europa\/#primaryimage","url":"https:\/\/apuntesdesanluis.com\/wp-content\/uploads\/2024\/12\/scioli-y-martinez.png","contentUrl":"https:\/\/apuntesdesanluis.com\/wp-content\/uploads\/2024\/12\/scioli-y-martinez.png","width":554,"height":406},{"@type":"BreadcrumbList","@id":"https:\/\/apuntesdesanluis.com\/index.php\/2024\/12\/30\/scioli-se-mileinizo-echo-a-la-subsecretaria-de-turismo-por-tomarse-vacaciones-en-europa\/#breadcrumb","itemListElement":[{"@type":"ListItem","position":1,"name":"Inicio","item":"https:\/\/apuntesdesanluis.com\/"},{"@type":"ListItem","position":2,"name":"SCIOLI SE MILEINIZ\u00d3: ECH\u00d3 A LA SUBSECRETARIA DE TURISMO POR TOMARSE VACACIONES EN EUROPA"}]},{"@type":"WebSite","@id":"https:\/\/apuntesdesanluis.com\/#website","url":"https:\/\/apuntesdesanluis.com\/","name":"Apuntes de San Luis","description":"","publisher":{"@id":"https:\/\/apuntesdesanluis.com\/#\/schema\/person\/b55151d52296fcce64d1a72538a70b90"},"potentialAction":[{"@type":"SearchAction","target":{"@type":"EntryPoint","urlTemplate":"https:\/\/apuntesdesanluis.com\/?s={search_term_string}"},"query-input":{"@type":"PropertyValueSpecification","valueRequired":true,"valueName":"search_term_string"}}],"inLanguage":"es-AR"},{"@type":["Person","Organization"],"@id":"https:\/\/apuntesdesanluis.com\/#\/schema\/person\/b55151d52296fcce64d1a72538a70b90","name":"apuntesdesanluis.com","image":{"@type":"ImageObject","inLanguage":"es-AR","@id":"https:\/\/apuntesdesanluis.com\/#\/schema\/person\/image\/","url":"https:\/\/apuntesdesanluis.com\/wp-content\/uploads\/2023\/07\/cropped-apuntesdesanluis.png","contentUrl":"https:\/\/apuntesdesanluis.com\/wp-content\/uploads\/2023\/07\/cropped-apuntesdesanluis.png","width":450,"height":112,"caption":"apuntesdesanluis.com"},"logo":{"@id":"https:\/\/apuntesdesanluis.com\/#\/schema\/person\/image\/"},"sameAs":["https:\/\/apuntesdesanluis.com"],"url":"https:\/\/apuntesdesanluis.com\/index.php\/author\/apuntesdesanluis-com\/"}]}},"featured_image_urls":{"full":["https:\/\/apuntesdesanluis.com\/wp-content\/uploads\/2024\/12\/scioli-y-martinez.png",554,406,false],"thumbnail":["https:\/\/apuntesdesanluis.com\/wp-content\/uploads\/2024\/12\/scioli-y-martinez-150x150.png",150,150,true],"medium":["https:\/\/apuntesdesanluis.com\/wp-content\/uploads\/2024\/12\/scioli-y-martinez-300x220.png",300,220,true],"medium_large":["https:\/\/apuntesdesanluis.com\/wp-content\/uploads\/2024\/12\/scioli-y-martinez.png",554,406,false],"large":["https:\/\/apuntesdesanluis.com\/wp-content\/uploads\/2024\/12\/scioli-y-martinez.png",554,406,false],"1536x1536":["https:\/\/apuntesdesanluis.com\/wp-content\/uploads\/2024\/12\/scioli-y-martinez.png",554,406,false],"2048x2048":["https:\/\/apuntesdesanluis.com\/wp-content\/uploads\/2024\/12\/scioli-y-martinez.png",554,406,false],"newsever-slider-full":["https:\/\/apuntesdesanluis.com\/wp-content\/uploads\/2024\/12\/scioli-y-martinez.png",554,406,false],"newsever-featured":["https:\/\/apuntesdesanluis.com\/wp-content\/uploads\/2024\/12\/scioli-y-martinez.png",554,406,false],"newsever-medium":["https:\/\/apuntesdesanluis.com\/wp-content\/uploads\/2024\/12\/scioli-y-martinez.png",554,406,false]},"author_info":{"display_name":"apuntesdesanluis.com","author_link":"https:\/\/apuntesdesanluis.com\/index.php\/author\/apuntesdesanluis-com\/"},"category_info":"<a href=\"https:\/\/apuntesdesanluis.com\/index.php\/category\/nacionales-internacionales\/\" rel=\"category tag\">Nacionales\/Internacionales<\/a>","tag_info":"Nacionales\/Internacionales","comment_count":"0","_links":{"self":[{"href":"https:\/\/apuntesdesanluis.com\/index.php\/wp-json\/wp\/v2\/posts\/27404","targetHints":{"allow":["GET"]}}],"collection":[{"href":"https:\/\/apuntesdesanluis.com\/index.php\/wp-json\/wp\/v2\/posts"}],"about":[{"href":"https:\/\/apuntesdesanluis.com\/index.php\/wp-json\/wp\/v2\/types\/post"}],"author":[{"embeddable":true,"href":"https:\/\/apuntesdesanluis.com\/index.php\/wp-json\/wp\/v2\/users\/1"}],"replies":[{"embeddable":true,"href":"https:\/\/apuntesdesanluis.com\/index.php\/wp-json\/wp\/v2\/comments?post=27404"}],"version-history":[{"count":1,"href":"https:\/\/apuntesdesanluis.com\/index.php\/wp-json\/wp\/v2\/posts\/27404\/revisions"}],"predecessor-version":[{"id":27407,"href":"https:\/\/apuntesdesanluis.com\/index.php\/wp-json\/wp\/v2\/posts\/27404\/revisions\/27407"}],"wp:featuredmedia":[{"embeddable":true,"href":"https:\/\/apuntesdesanluis.com\/index.php\/wp-json\/wp\/v2\/media\/27405"}],"wp:attachment":[{"href":"https:\/\/apuntesdesanluis.com\/index.php\/wp-json\/wp\/v2\/media?parent=27404"}],"wp:term":[{"taxonomy":"category","embeddable":true,"href":"https:\/\/apuntesdesanluis.com\/index.php\/wp-json\/wp\/v2\/categories?post=27404"},{"taxonomy":"post_tag","embeddable":true,"href":"https:\/\/apuntesdesanluis.com\/index.php\/wp-json\/wp\/v2\/tags?post=27404"}],"curies":[{"name":"wp","href":"https:\/\/api.w.org\/{rel}","templated":true}]}}