{"id":2741,"date":"2023-09-06T02:36:36","date_gmt":"2023-09-06T05:36:36","guid":{"rendered":"https:\/\/apuntesdesanluis.com\/?p=2741"},"modified":"2023-09-06T02:36:36","modified_gmt":"2023-09-06T05:36:36","slug":"crimen-del-ingeniero-liberaron-al-extranjero-detenido-mientras-el-argentino-quedo-muy-complicado","status":"publish","type":"post","link":"https:\/\/apuntesdesanluis.com\/index.php\/2023\/09\/06\/crimen-del-ingeniero-liberaron-al-extranjero-detenido-mientras-el-argentino-quedo-muy-complicado\/","title":{"rendered":"CRIMEN DEL INGENIERO: LIBERARON AL EXTRANJERO DETENIDO, MIENTRAS EL ARGENTINO QUED\u00d3 MUY COMPLICADO"},"content":{"rendered":"<h3 class=\"yiv7409174924ydp6329976emsonormal\" style=\"text-align: justify; background: white;\"><span style=\"font-family: 'Arial','sans-serif'; color: #1d2228;\">El sospechoso de nacionalidad argentina qued\u00f3 detenido tras ser acusado de manera formal por el crimen del ingeniero Mariano Barbieri, ocurrido el mi\u00e9rcoles pasado en Palermo, mientras que el ciudadano venezolano finalmente fue liberado.<\/span><\/h3>\n<h3 class=\"yiv7409174924ydp6329976emsonormal\" style=\"text-align: justify; background: white;\"><span style=\"font-family: 'Arial','sans-serif'; color: #1d2228;\">El sujeto que le dio el &#8220;puntazo&#8221; a Barbieri fue identificado como Isa\u00edas Jos\u00e9 Su\u00e1rez, de 29 a\u00f1os y un frondoso prontuario penal. &#8220;Voy a declarar, yo no hice nada. Soy inocente. No voy a responder preguntas&#8221;, indic\u00f3 Su\u00e1rez en la indagatoria.<\/span><\/h3>\n<h3 class=\"yiv7409174924ydp6329976emsonormal\" style=\"text-align: justify; background: white;\"><span style=\"font-family: 'Arial','sans-serif'; color: #1d2228;\">Adem\u00e1s de una gorra y una bufanda que llevaba al momento del crimen de Barbieri, a este sospechoso lo complic\u00f3 la confesi\u00f3n que hizo en una &#8220;ranchada&#8221; de la cual particip\u00f3 el s\u00e1bado pasado.<\/span><\/h3>\n<h3 class=\"yiv7409174924ydp6329976emsonormal\" style=\"text-align: justify; background: white;\"><span style=\"font-family: 'Arial','sans-serif'; color: #1d2228;\">&#8220;Uno se me par\u00f3 de manos y le tuve que dar un puntazo&#8221;, dicen que revel\u00f3 Su\u00e1rez, seg\u00fan fuentes judiciales, al tiempo que fue sometido a un reconocimiento por datos scopom\u00e9tricos (lo hicieron caminar) y el testigo lo reconoci\u00f3 como el hombre que forcejeaba con la v\u00edctima.<\/span><\/h3>\n<h3 class=\"yiv7409174924ydp6329976emsonormal\" style=\"text-align: justify; background: white;\"><span style=\"font-family: 'Arial','sans-serif'; color: #1d2228;\">El sospechoso, al igual que el ciudadano venezolano, fueron indagados este martes, pero la investigaci\u00f3n parece, en principio, que descartaba la participaci\u00f3n del extranjero en el hecho (no tiene v\u00ednculos con el otro detenido), por lo que finalmente qued\u00f3 en libertad.<\/span><\/h3>\n<h3 class=\"yiv7409174924ydp6329976emsonormal\" style=\"text-align: justify; background: white;\"><span style=\"font-family: 'Arial','sans-serif'; color: #1d2228;\">Las detenciones se produjeron como consecuencia de un seguimiento de c\u00e1maras de seguridad sobre el momento en el que ingresaron al parque en el que se produjo el ataque y el seguimiento posterior despu\u00e9s de que egresara de \u00e9l.<\/span><\/h3>\n<h3 class=\"yiv7409174924ydp6329976emsonormal\" style=\"text-align: justify; background: white;\"><span style=\"font-family: 'Arial','sans-serif'; color: #1d2228;\">El relato de un testigo permiti\u00f3 establecer las caracter\u00edsticas f\u00edsicas del agresor del joven ingeniero, de 42 a\u00f1os, en Palermo para robarle el celular.<\/span><\/h3>\n<h3 class=\"yiv7409174924ydp6329976emsonormal\" style=\"text-align: justify; background: white;\"><span style=\"font-family: 'Arial','sans-serif'; color: #1d2228;\">Ambos fueron capturados en la Villa 31 de Retiro por orden del juzgado de Yamile Bernan y el fiscal Marcelo Munilla Lacasa.<\/span><\/h3>\n<h3 class=\"yiv7409174924ydp6329976emsonormal\" style=\"text-align: justify; background: white;\"><span style=\"font-family: 'Arial','sans-serif'; color: #1d2228;\">El principal sospechoso es Isa\u00edas Jos\u00e9 Su\u00e1rez, de 29 a\u00f1os, un cartonero que vive en Grand Bourg pero frecuenta la Villa 31.<\/span><\/h3>\n<h3 class=\"yiv7409174924ydp6329976emsonormal\" style=\"text-align: justify; background: white;\"><span style=\"font-family: 'Arial','sans-serif'; color: #1d2228;\">Incluso, quienes hacen &#8220;ranchada&#8221; con \u00e9l en un sector de la Villa declararon que esa noche tras el crimen \u00e9l les dijo: &#8220;Uno se me par\u00f3 de manos y le tuve que dar un puntazo&#8221;.<\/span><\/h3>\n<h3 class=\"yiv7409174924ydp6329976emsonormal\" style=\"text-align: justify; background: white;\"><span style=\"font-family: 'Arial','sans-serif'; color: #1d2228;\">Seg\u00fan los investigadores, Su\u00e1rez, quien tiene varias entradas en la comisar\u00eda y estuvo preso en un penal por robo, sol\u00eda tener un modus operandi de salir a robar por la Capital Federal y luego &#8220;refugiarse&#8221; en la Villa 31.<\/span><\/h3>\n<h3 class=\"yiv7409174924ydp6329976emsonormal\" style=\"text-align: justify; background: white;\"><span style=\"font-family: 'Arial','sans-serif'; color: #1d2228;\">Los investigadores pudieron determinar que presenta lesiones t\u00edpicas de una situaci\u00f3n de lucha, con hematomas y rasgu\u00f1os en el cuello.<\/span><\/h3>\n<h3 class=\"yiv7409174924ydp6329976emsonormal\" style=\"text-align: justify; background: white;\"><span style=\"font-family: 'Arial','sans-serif'; color: #1d2228;\">Adem\u00e1s, en una bufanda que le fue secuestrada y que aparece vistiendo en las c\u00e1maras de seguridad que lo captaron cuando egresaba del parque, tienen manchas de sangre que ya fueron enviadas a peritar.<\/span><\/h3>\n<h3 class=\"yiv7409174924ydp6329976emsonormal\" style=\"text-align: justify; background: white;\"><span style=\"font-family: 'Arial','sans-serif'; color: #1d2228;\">El individuo tiene otras causas anteriores por robo y sali\u00f3 en libertad el a\u00f1o pasado.<\/span><\/h3>\n<h3 class=\"yiv7409174924ydp6329976emsonormal\" style=\"text-align: justify; background: white;\"><span style=\"font-family: 'Arial','sans-serif'; color: #1d2228;\">LOS ANTECEDENTES DEL SOSPECHOSO<\/span><\/h3>\n<h3 class=\"yiv7409174924ydp6329976emsonormal\" style=\"text-align: justify; background: white;\"><span style=\"font-family: 'Arial','sans-serif'; color: #1d2228;\">Su\u00e1rez reci\u00e9n tuvo un DNI con su identidad ocho a\u00f1os atr\u00e1s cuando estuvo preso en una c\u00e1rcel federal con el n\u00famero 62 millones, usado para los privados de su libertad.<\/span><\/h3>\n<h3 class=\"yiv7409174924ydp6329976emsonormal\" style=\"text-align: justify; background: white;\"><span style=\"font-family: 'Arial','sans-serif'; color: #1d2228;\">Al cumplir la mayor\u00eda de edad, este sujeto acumul\u00f3 13 causas por robos con distinta modalidad y hurtos hasta que se lo vincul\u00f3 con el crimen del ingeniero.<\/span><\/h3>\n<h3 class=\"yiv7409174924ydp6329976emsonormal\" style=\"text-align: justify; background: white;\"><span style=\"font-family: 'Arial','sans-serif'; color: #1d2228;\">En 2012 rob\u00f3 en una obra en construcci\u00f3n, cuya causa radic\u00f3 en el Juzgado n\u00famero 29 y fue elevada a juicio.<\/span><\/h3>\n<h3 class=\"yiv7409174924ydp6329976emsonormal\" style=\"text-align: justify; background: white;\"><span style=\"font-family: 'Arial','sans-serif'; color: #1d2228;\">En 2019, fue acusado en el Juzgado n\u00famero 53 de meterse a robar a una escuela porte\u00f1a, mientras que el a\u00f1o pasado tuvo otras dos causas por robo a mano armada.<\/span><\/h3>\n<h3 class=\"yiv7409174924ydp6329976emsonormal\" style=\"text-align: justify; background: white;\"><span style=\"font-family: 'Arial','sans-serif'; color: #1d2228;\">Las v\u00edctimas de Su\u00e1rez, en su mayor\u00eda, fueron mujeres, se\u00f1alaron fuentes judiciales.<\/span><\/h3>\n<h3 class=\"yiv7409174924ydp6329976emsonormal\" style=\"text-align: justify; background: white;\"><span style=\"font-family: 'Arial','sans-serif'; color: #1d2228;\">El 20 de abril de 2023, el Juzgado Federal en lo Criminal y Correccional n\u00famero 3 de Mor\u00f3n lo proces\u00f3 por el delito de da\u00f1o agravado, luego de que incendiara un colch\u00f3n en su celda del penal de Marcos Paz, una decisi\u00f3n judicial ratificada por la Sala II de la C\u00e1mara Federal de San Mart\u00edn.<\/span><\/h3>\n<h3 class=\"yiv7409174924ydp6329976emsonormal\" style=\"text-align: justify; background: white;\"><span style=\"font-family: 'Arial','sans-serif'; color: #1d2228;\">La defensa de este hombre adujo que prendi\u00f3 fuego el colch\u00f3n &#8220;bajo los efectos de medicaci\u00f3n mencionada, lo cual le habr\u00eda ocasionado un estado de inimputabilidad&#8221;.<\/span><\/h3>\n<h3 class=\"yiv7409174924ydp6329976emsonormal\" style=\"text-align: justify; background: white;\"><span style=\"font-family: 'Arial','sans-serif'; color: #1d2228;\">La Sala II de la C\u00e1mara asegur\u00f3 en su escrito que &#8220;es menester se\u00f1alar que, tanto las actuaciones labradas por la instituci\u00f3n carcelaria como los dichos en declaraci\u00f3n indagatoria del causante, dan cuenta de un accionar libre y voluntario, dirigido a concretar la acci\u00f3n t\u00edpica que se le enrostra, siendo el motivo que lo impuls\u00f3 a ello -seg\u00fan sus propias palabras-, quitarse la vida&#8221;.<\/span><\/h3>\n<h3 class=\"yiv7409174924ydp6329976emsonormal\" style=\"text-align: justify; background: white;\"><span style=\"font-family: 'Arial','sans-serif'; color: #1d2228;\">&#8220;Prend\u00ed fuego el colch\u00f3n porque me quiero quitar la vida&#8221;, hab\u00eda revelado Su\u00e1rez, algo que fue corroborado y convalidado por psic\u00f3logas de la Unidad M\u00e9dica Asistencial del Servicio Penitenciario Federal.<\/span><\/h3>\n<p>&nbsp;<\/p>\n<p>&nbsp;<\/p>\n<p>&nbsp;<\/p>\n","protected":false},"excerpt":{"rendered":"<p>El sospechoso de nacionalidad argentina qued\u00f3 detenido tras ser acusado de manera formal por el&#8230;<\/p>\n","protected":false},"author":1,"featured_media":2742,"comment_status":"closed","ping_status":"closed","sticky":false,"template":"","format":"standard","meta":{"footnotes":""},"categories":[5],"tags":[],"class_list":["post-2741","post","type-post","status-publish","format-standard","has-post-thumbnail","hentry","category-nacionales-internacionales"],"yoast_head":"<!-- This site is optimized with the Yoast SEO plugin v26.1.1 - https:\/\/yoast.com\/wordpress\/plugins\/seo\/ -->\n<title>CRIMEN DEL INGENIERO: LIBERARON AL EXTRANJERO DETENIDO, MIENTRAS EL ARGENTINO QUED\u00d3 MUY COMPLICADO - Apuntes de San Luis<\/title>\n<meta name=\"robots\" content=\"index, follow, max-snippet:-1, max-image-preview:large, max-video-preview:-1\" \/>\n<link rel=\"canonical\" href=\"https:\/\/apuntesdesanluis.com\/index.php\/2023\/09\/06\/crimen-del-ingeniero-liberaron-al-extranjero-detenido-mientras-el-argentino-quedo-muy-complicado\/\" \/>\n<meta property=\"og:locale\" content=\"es_ES\" \/>\n<meta property=\"og:type\" content=\"article\" \/>\n<meta property=\"og:title\" content=\"CRIMEN DEL INGENIERO: LIBERARON AL EXTRANJERO DETENIDO, MIENTRAS EL ARGENTINO QUED\u00d3 MUY COMPLICADO - Apuntes de San Luis\" \/>\n<meta property=\"og:description\" content=\"El sospechoso de nacionalidad argentina qued\u00f3 detenido tras ser acusado de manera formal por el...\" \/>\n<meta property=\"og:url\" content=\"https:\/\/apuntesdesanluis.com\/index.php\/2023\/09\/06\/crimen-del-ingeniero-liberaron-al-extranjero-detenido-mientras-el-argentino-quedo-muy-complicado\/\" \/>\n<meta property=\"og:site_name\" content=\"Apuntes de San Luis\" \/>\n<meta property=\"article:published_time\" content=\"2023-09-06T05:36:36+00:00\" \/>\n<meta property=\"og:image\" content=\"https:\/\/apuntesdesanluis.com\/wp-content\/uploads\/2023\/09\/detenido-1.png\" \/>\n\t<meta property=\"og:image:width\" content=\"838\" \/>\n\t<meta property=\"og:image:height\" content=\"487\" \/>\n\t<meta property=\"og:image:type\" content=\"image\/png\" \/>\n<meta name=\"author\" content=\"apuntesdesanluis.com\" \/>\n<meta name=\"twitter:card\" content=\"summary_large_image\" \/>\n<meta name=\"twitter:label1\" content=\"Escrito por\" \/>\n\t<meta name=\"twitter:data1\" content=\"apuntesdesanluis.com\" \/>\n\t<meta name=\"twitter:label2\" content=\"Tiempo de lectura\" \/>\n\t<meta name=\"twitter:data2\" content=\"4 minutos\" \/>\n<script type=\"application\/ld+json\" class=\"yoast-schema-graph\">{\"@context\":\"https:\/\/schema.org\",\"@graph\":[{\"@type\":\"Article\",\"@id\":\"https:\/\/apuntesdesanluis.com\/index.php\/2023\/09\/06\/crimen-del-ingeniero-liberaron-al-extranjero-detenido-mientras-el-argentino-quedo-muy-complicado\/#article\",\"isPartOf\":{\"@id\":\"https:\/\/apuntesdesanluis.com\/index.php\/2023\/09\/06\/crimen-del-ingeniero-liberaron-al-extranjero-detenido-mientras-el-argentino-quedo-muy-complicado\/\"},\"author\":{\"name\":\"apuntesdesanluis.com\",\"@id\":\"https:\/\/apuntesdesanluis.com\/#\/schema\/person\/b55151d52296fcce64d1a72538a70b90\"},\"headline\":\"CRIMEN DEL INGENIERO: LIBERARON AL EXTRANJERO DETENIDO, MIENTRAS EL ARGENTINO QUED\u00d3 MUY COMPLICADO\",\"datePublished\":\"2023-09-06T05:36:36+00:00\",\"mainEntityOfPage\":{\"@id\":\"https:\/\/apuntesdesanluis.com\/index.php\/2023\/09\/06\/crimen-del-ingeniero-liberaron-al-extranjero-detenido-mientras-el-argentino-quedo-muy-complicado\/\"},\"wordCount\":821,\"publisher\":{\"@id\":\"https:\/\/apuntesdesanluis.com\/#\/schema\/person\/b55151d52296fcce64d1a72538a70b90\"},\"image\":{\"@id\":\"https:\/\/apuntesdesanluis.com\/index.php\/2023\/09\/06\/crimen-del-ingeniero-liberaron-al-extranjero-detenido-mientras-el-argentino-quedo-muy-complicado\/#primaryimage\"},\"thumbnailUrl\":\"https:\/\/apuntesdesanluis.com\/wp-content\/uploads\/2023\/09\/detenido-1.png\",\"articleSection\":[\"Nacionales\/Internacionales\"],\"inLanguage\":\"es-AR\"},{\"@type\":\"WebPage\",\"@id\":\"https:\/\/apuntesdesanluis.com\/index.php\/2023\/09\/06\/crimen-del-ingeniero-liberaron-al-extranjero-detenido-mientras-el-argentino-quedo-muy-complicado\/\",\"url\":\"https:\/\/apuntesdesanluis.com\/index.php\/2023\/09\/06\/crimen-del-ingeniero-liberaron-al-extranjero-detenido-mientras-el-argentino-quedo-muy-complicado\/\",\"name\":\"CRIMEN DEL INGENIERO: LIBERARON AL EXTRANJERO DETENIDO, MIENTRAS EL ARGENTINO QUED\u00d3 MUY COMPLICADO - Apuntes de San Luis\",\"isPartOf\":{\"@id\":\"https:\/\/apuntesdesanluis.com\/#website\"},\"primaryImageOfPage\":{\"@id\":\"https:\/\/apuntesdesanluis.com\/index.php\/2023\/09\/06\/crimen-del-ingeniero-liberaron-al-extranjero-detenido-mientras-el-argentino-quedo-muy-complicado\/#primaryimage\"},\"image\":{\"@id\":\"https:\/\/apuntesdesanluis.com\/index.php\/2023\/09\/06\/crimen-del-ingeniero-liberaron-al-extranjero-detenido-mientras-el-argentino-quedo-muy-complicado\/#primaryimage\"},\"thumbnailUrl\":\"https:\/\/apuntesdesanluis.com\/wp-content\/uploads\/2023\/09\/detenido-1.png\",\"datePublished\":\"2023-09-06T05:36:36+00:00\",\"breadcrumb\":{\"@id\":\"https:\/\/apuntesdesanluis.com\/index.php\/2023\/09\/06\/crimen-del-ingeniero-liberaron-al-extranjero-detenido-mientras-el-argentino-quedo-muy-complicado\/#breadcrumb\"},\"inLanguage\":\"es-AR\",\"potentialAction\":[{\"@type\":\"ReadAction\",\"target\":[\"https:\/\/apuntesdesanluis.com\/index.php\/2023\/09\/06\/crimen-del-ingeniero-liberaron-al-extranjero-detenido-mientras-el-argentino-quedo-muy-complicado\/\"]}]},{\"@type\":\"ImageObject\",\"inLanguage\":\"es-AR\",\"@id\":\"https:\/\/apuntesdesanluis.com\/index.php\/2023\/09\/06\/crimen-del-ingeniero-liberaron-al-extranjero-detenido-mientras-el-argentino-quedo-muy-complicado\/#primaryimage\",\"url\":\"https:\/\/apuntesdesanluis.com\/wp-content\/uploads\/2023\/09\/detenido-1.png\",\"contentUrl\":\"https:\/\/apuntesdesanluis.com\/wp-content\/uploads\/2023\/09\/detenido-1.png\",\"width\":838,\"height\":487},{\"@type\":\"BreadcrumbList\",\"@id\":\"https:\/\/apuntesdesanluis.com\/index.php\/2023\/09\/06\/crimen-del-ingeniero-liberaron-al-extranjero-detenido-mientras-el-argentino-quedo-muy-complicado\/#breadcrumb\",\"itemListElement\":[{\"@type\":\"ListItem\",\"position\":1,\"name\":\"Inicio\",\"item\":\"https:\/\/apuntesdesanluis.com\/\"},{\"@type\":\"ListItem\",\"position\":2,\"name\":\"CRIMEN DEL INGENIERO: LIBERARON AL EXTRANJERO DETENIDO, MIENTRAS EL ARGENTINO QUED\u00d3 MUY COMPLICADO\"}]},{\"@type\":\"WebSite\",\"@id\":\"https:\/\/apuntesdesanluis.com\/#website\",\"url\":\"https:\/\/apuntesdesanluis.com\/\",\"name\":\"Apuntes de San Luis\",\"description\":\"\",\"publisher\":{\"@id\":\"https:\/\/apuntesdesanluis.com\/#\/schema\/person\/b55151d52296fcce64d1a72538a70b90\"},\"potentialAction\":[{\"@type\":\"SearchAction\",\"target\":{\"@type\":\"EntryPoint\",\"urlTemplate\":\"https:\/\/apuntesdesanluis.com\/?s={search_term_string}\"},\"query-input\":{\"@type\":\"PropertyValueSpecification\",\"valueRequired\":true,\"valueName\":\"search_term_string\"}}],\"inLanguage\":\"es-AR\"},{\"@type\":[\"Person\",\"Organization\"],\"@id\":\"https:\/\/apuntesdesanluis.com\/#\/schema\/person\/b55151d52296fcce64d1a72538a70b90\",\"name\":\"apuntesdesanluis.com\",\"image\":{\"@type\":\"ImageObject\",\"inLanguage\":\"es-AR\",\"@id\":\"https:\/\/apuntesdesanluis.com\/#\/schema\/person\/image\/\",\"url\":\"https:\/\/apuntesdesanluis.com\/wp-content\/uploads\/2023\/07\/cropped-apuntesdesanluis.png\",\"contentUrl\":\"https:\/\/apuntesdesanluis.com\/wp-content\/uploads\/2023\/07\/cropped-apuntesdesanluis.png\",\"width\":450,\"height\":112,\"caption\":\"apuntesdesanluis.com\"},\"logo\":{\"@id\":\"https:\/\/apuntesdesanluis.com\/#\/schema\/person\/image\/\"},\"sameAs\":[\"https:\/\/apuntesdesanluis.com\"],\"url\":\"https:\/\/apuntesdesanluis.com\/index.php\/author\/apuntesdesanluis-com\/\"}]}<\/script>\n<!-- \/ Yoast SEO plugin. -->","yoast_head_json":{"title":"CRIMEN DEL INGENIERO: LIBERARON AL EXTRANJERO DETENIDO, MIENTRAS EL ARGENTINO QUED\u00d3 MUY COMPLICADO - Apuntes de San Luis","robots":{"index":"index","follow":"follow","max-snippet":"max-snippet:-1","max-image-preview":"max-image-preview:large","max-video-preview":"max-video-preview:-1"},"canonical":"https:\/\/apuntesdesanluis.com\/index.php\/2023\/09\/06\/crimen-del-ingeniero-liberaron-al-extranjero-detenido-mientras-el-argentino-quedo-muy-complicado\/","og_locale":"es_ES","og_type":"article","og_title":"CRIMEN DEL INGENIERO: LIBERARON AL EXTRANJERO DETENIDO, MIENTRAS EL ARGENTINO QUED\u00d3 MUY COMPLICADO - Apuntes de San Luis","og_description":"El sospechoso de nacionalidad argentina qued\u00f3 detenido tras ser acusado de manera formal por el...","og_url":"https:\/\/apuntesdesanluis.com\/index.php\/2023\/09\/06\/crimen-del-ingeniero-liberaron-al-extranjero-detenido-mientras-el-argentino-quedo-muy-complicado\/","og_site_name":"Apuntes de San Luis","article_published_time":"2023-09-06T05:36:36+00:00","og_image":[{"width":838,"height":487,"url":"https:\/\/apuntesdesanluis.com\/wp-content\/uploads\/2023\/09\/detenido-1.png","type":"image\/png"}],"author":"apuntesdesanluis.com","twitter_card":"summary_large_image","twitter_misc":{"Escrito por":"apuntesdesanluis.com","Tiempo de lectura":"4 minutos"},"schema":{"@context":"https:\/\/schema.org","@graph":[{"@type":"Article","@id":"https:\/\/apuntesdesanluis.com\/index.php\/2023\/09\/06\/crimen-del-ingeniero-liberaron-al-extranjero-detenido-mientras-el-argentino-quedo-muy-complicado\/#article","isPartOf":{"@id":"https:\/\/apuntesdesanluis.com\/index.php\/2023\/09\/06\/crimen-del-ingeniero-liberaron-al-extranjero-detenido-mientras-el-argentino-quedo-muy-complicado\/"},"author":{"name":"apuntesdesanluis.com","@id":"https:\/\/apuntesdesanluis.com\/#\/schema\/person\/b55151d52296fcce64d1a72538a70b90"},"headline":"CRIMEN DEL INGENIERO: LIBERARON AL EXTRANJERO DETENIDO, MIENTRAS EL ARGENTINO QUED\u00d3 MUY COMPLICADO","datePublished":"2023-09-06T05:36:36+00:00","mainEntityOfPage":{"@id":"https:\/\/apuntesdesanluis.com\/index.php\/2023\/09\/06\/crimen-del-ingeniero-liberaron-al-extranjero-detenido-mientras-el-argentino-quedo-muy-complicado\/"},"wordCount":821,"publisher":{"@id":"https:\/\/apuntesdesanluis.com\/#\/schema\/person\/b55151d52296fcce64d1a72538a70b90"},"image":{"@id":"https:\/\/apuntesdesanluis.com\/index.php\/2023\/09\/06\/crimen-del-ingeniero-liberaron-al-extranjero-detenido-mientras-el-argentino-quedo-muy-complicado\/#primaryimage"},"thumbnailUrl":"https:\/\/apuntesdesanluis.com\/wp-content\/uploads\/2023\/09\/detenido-1.png","articleSection":["Nacionales\/Internacionales"],"inLanguage":"es-AR"},{"@type":"WebPage","@id":"https:\/\/apuntesdesanluis.com\/index.php\/2023\/09\/06\/crimen-del-ingeniero-liberaron-al-extranjero-detenido-mientras-el-argentino-quedo-muy-complicado\/","url":"https:\/\/apuntesdesanluis.com\/index.php\/2023\/09\/06\/crimen-del-ingeniero-liberaron-al-extranjero-detenido-mientras-el-argentino-quedo-muy-complicado\/","name":"CRIMEN DEL INGENIERO: LIBERARON AL EXTRANJERO DETENIDO, MIENTRAS EL ARGENTINO QUED\u00d3 MUY COMPLICADO - Apuntes de San Luis","isPartOf":{"@id":"https:\/\/apuntesdesanluis.com\/#website"},"primaryImageOfPage":{"@id":"https:\/\/apuntesdesanluis.com\/index.php\/2023\/09\/06\/crimen-del-ingeniero-liberaron-al-extranjero-detenido-mientras-el-argentino-quedo-muy-complicado\/#primaryimage"},"image":{"@id":"https:\/\/apuntesdesanluis.com\/index.php\/2023\/09\/06\/crimen-del-ingeniero-liberaron-al-extranjero-detenido-mientras-el-argentino-quedo-muy-complicado\/#primaryimage"},"thumbnailUrl":"https:\/\/apuntesdesanluis.com\/wp-content\/uploads\/2023\/09\/detenido-1.png","datePublished":"2023-09-06T05:36:36+00:00","breadcrumb":{"@id":"https:\/\/apuntesdesanluis.com\/index.php\/2023\/09\/06\/crimen-del-ingeniero-liberaron-al-extranjero-detenido-mientras-el-argentino-quedo-muy-complicado\/#breadcrumb"},"inLanguage":"es-AR","potentialAction":[{"@type":"ReadAction","target":["https:\/\/apuntesdesanluis.com\/index.php\/2023\/09\/06\/crimen-del-ingeniero-liberaron-al-extranjero-detenido-mientras-el-argentino-quedo-muy-complicado\/"]}]},{"@type":"ImageObject","inLanguage":"es-AR","@id":"https:\/\/apuntesdesanluis.com\/index.php\/2023\/09\/06\/crimen-del-ingeniero-liberaron-al-extranjero-detenido-mientras-el-argentino-quedo-muy-complicado\/#primaryimage","url":"https:\/\/apuntesdesanluis.com\/wp-content\/uploads\/2023\/09\/detenido-1.png","contentUrl":"https:\/\/apuntesdesanluis.com\/wp-content\/uploads\/2023\/09\/detenido-1.png","width":838,"height":487},{"@type":"BreadcrumbList","@id":"https:\/\/apuntesdesanluis.com\/index.php\/2023\/09\/06\/crimen-del-ingeniero-liberaron-al-extranjero-detenido-mientras-el-argentino-quedo-muy-complicado\/#breadcrumb","itemListElement":[{"@type":"ListItem","position":1,"name":"Inicio","item":"https:\/\/apuntesdesanluis.com\/"},{"@type":"ListItem","position":2,"name":"CRIMEN DEL INGENIERO: LIBERARON AL EXTRANJERO DETENIDO, MIENTRAS EL ARGENTINO QUED\u00d3 MUY COMPLICADO"}]},{"@type":"WebSite","@id":"https:\/\/apuntesdesanluis.com\/#website","url":"https:\/\/apuntesdesanluis.com\/","name":"Apuntes de San Luis","description":"","publisher":{"@id":"https:\/\/apuntesdesanluis.com\/#\/schema\/person\/b55151d52296fcce64d1a72538a70b90"},"potentialAction":[{"@type":"SearchAction","target":{"@type":"EntryPoint","urlTemplate":"https:\/\/apuntesdesanluis.com\/?s={search_term_string}"},"query-input":{"@type":"PropertyValueSpecification","valueRequired":true,"valueName":"search_term_string"}}],"inLanguage":"es-AR"},{"@type":["Person","Organization"],"@id":"https:\/\/apuntesdesanluis.com\/#\/schema\/person\/b55151d52296fcce64d1a72538a70b90","name":"apuntesdesanluis.com","image":{"@type":"ImageObject","inLanguage":"es-AR","@id":"https:\/\/apuntesdesanluis.com\/#\/schema\/person\/image\/","url":"https:\/\/apuntesdesanluis.com\/wp-content\/uploads\/2023\/07\/cropped-apuntesdesanluis.png","contentUrl":"https:\/\/apuntesdesanluis.com\/wp-content\/uploads\/2023\/07\/cropped-apuntesdesanluis.png","width":450,"height":112,"caption":"apuntesdesanluis.com"},"logo":{"@id":"https:\/\/apuntesdesanluis.com\/#\/schema\/person\/image\/"},"sameAs":["https:\/\/apuntesdesanluis.com"],"url":"https:\/\/apuntesdesanluis.com\/index.php\/author\/apuntesdesanluis-com\/"}]}},"featured_image_urls":{"full":["https:\/\/apuntesdesanluis.com\/wp-content\/uploads\/2023\/09\/detenido-1.png",838,487,false],"thumbnail":["https:\/\/apuntesdesanluis.com\/wp-content\/uploads\/2023\/09\/detenido-1-150x150.png",150,150,true],"medium":["https:\/\/apuntesdesanluis.com\/wp-content\/uploads\/2023\/09\/detenido-1-300x174.png",300,174,true],"medium_large":["https:\/\/apuntesdesanluis.com\/wp-content\/uploads\/2023\/09\/detenido-1-768x446.png",640,372,true],"large":["https:\/\/apuntesdesanluis.com\/wp-content\/uploads\/2023\/09\/detenido-1.png",640,372,false],"1536x1536":["https:\/\/apuntesdesanluis.com\/wp-content\/uploads\/2023\/09\/detenido-1.png",838,487,false],"2048x2048":["https:\/\/apuntesdesanluis.com\/wp-content\/uploads\/2023\/09\/detenido-1.png",838,487,false],"newsever-slider-full":["https:\/\/apuntesdesanluis.com\/wp-content\/uploads\/2023\/09\/detenido-1.png",838,487,false],"newsever-featured":["https:\/\/apuntesdesanluis.com\/wp-content\/uploads\/2023\/09\/detenido-1.png",838,487,false],"newsever-medium":["https:\/\/apuntesdesanluis.com\/wp-content\/uploads\/2023\/09\/detenido-1-720x475.png",720,475,true]},"author_info":{"display_name":"apuntesdesanluis.com","author_link":"https:\/\/apuntesdesanluis.com\/index.php\/author\/apuntesdesanluis-com\/"},"category_info":"<a href=\"https:\/\/apuntesdesanluis.com\/index.php\/category\/nacionales-internacionales\/\" rel=\"category tag\">Nacionales\/Internacionales<\/a>","tag_info":"Nacionales\/Internacionales","comment_count":"0","_links":{"self":[{"href":"https:\/\/apuntesdesanluis.com\/index.php\/wp-json\/wp\/v2\/posts\/2741","targetHints":{"allow":["GET"]}}],"collection":[{"href":"https:\/\/apuntesdesanluis.com\/index.php\/wp-json\/wp\/v2\/posts"}],"about":[{"href":"https:\/\/apuntesdesanluis.com\/index.php\/wp-json\/wp\/v2\/types\/post"}],"author":[{"embeddable":true,"href":"https:\/\/apuntesdesanluis.com\/index.php\/wp-json\/wp\/v2\/users\/1"}],"replies":[{"embeddable":true,"href":"https:\/\/apuntesdesanluis.com\/index.php\/wp-json\/wp\/v2\/comments?post=2741"}],"version-history":[{"count":1,"href":"https:\/\/apuntesdesanluis.com\/index.php\/wp-json\/wp\/v2\/posts\/2741\/revisions"}],"predecessor-version":[{"id":2743,"href":"https:\/\/apuntesdesanluis.com\/index.php\/wp-json\/wp\/v2\/posts\/2741\/revisions\/2743"}],"wp:featuredmedia":[{"embeddable":true,"href":"https:\/\/apuntesdesanluis.com\/index.php\/wp-json\/wp\/v2\/media\/2742"}],"wp:attachment":[{"href":"https:\/\/apuntesdesanluis.com\/index.php\/wp-json\/wp\/v2\/media?parent=2741"}],"wp:term":[{"taxonomy":"category","embeddable":true,"href":"https:\/\/apuntesdesanluis.com\/index.php\/wp-json\/wp\/v2\/categories?post=2741"},{"taxonomy":"post_tag","embeddable":true,"href":"https:\/\/apuntesdesanluis.com\/index.php\/wp-json\/wp\/v2\/tags?post=2741"}],"curies":[{"name":"wp","href":"https:\/\/api.w.org\/{rel}","templated":true}]}}