{"id":27433,"date":"2024-12-31T13:48:20","date_gmt":"2024-12-31T16:48:20","guid":{"rendered":"https:\/\/apuntesdesanluis.com\/?p=27433"},"modified":"2024-12-31T15:01:10","modified_gmt":"2024-12-31T18:01:10","slug":"a-pesar-de-todo-esta-noche-invito-a-brindar-por-la-esperanza","status":"publish","type":"post","link":"https:\/\/apuntesdesanluis.com\/index.php\/2024\/12\/31\/a-pesar-de-todo-esta-noche-invito-a-brindar-por-la-esperanza\/","title":{"rendered":"\u201cA PESAR DE TODO, ESTA NOCHE INVITO A BRINDAR POR LA ESPERANZA\u201d"},"content":{"rendered":"<h3>As\u00ed se expres\u00f3 el Secretario General del Sindicato de la Carne, <strong>Marcelo Periale<\/strong>, en el \u00faltimo d\u00eda del 2024.<\/h3>\n<h3>\u201cA modo de balance, quiero agradecer a cada uno de mis compa\u00f1eros por su trabajo, su afecto y confianza, el apoyo permanente. Tambi\u00e9n el reconocimiento a todos los integrantes de la Comisi\u00f3n Directiva y a quienes colaboran todos los d\u00edas, a veces silenciosamente, porque esto no lo hace una persona, sino un conjunto comprometido con nuestra organizaci\u00f3n gremial\u201d, agreg\u00f3.<\/h3>\n<p><img fetchpriority=\"high\" decoding=\"async\" class=\"wp-image-27435 aligncenter\" src=\"https:\/\/apuntesdesanluis.com\/wp-content\/uploads\/2024\/12\/marcelo-periale-del-sindicato-de-la-carne-246x300.png\" alt=\"\" width=\"525\" height=\"640\" srcset=\"https:\/\/apuntesdesanluis.com\/wp-content\/uploads\/2024\/12\/marcelo-periale-del-sindicato-de-la-carne-246x300.png 246w, https:\/\/apuntesdesanluis.com\/wp-content\/uploads\/2024\/12\/marcelo-periale-del-sindicato-de-la-carne.png 283w\" sizes=\"(max-width: 525px) 100vw, 525px\" \/><\/p>\n<h3>Por otro lado, reconoci\u00f3 que \u201cel 2024 fue embromado, un a\u00f1o complicado, pero gracias a cuidar nuestros recursos, a la buena administraci\u00f3n, estamos terminando esperanzados. Hemos podido darle un fuerte impulso a la construcci\u00f3n de nuestro hermoso Sal\u00f3n de Usos M\u00faltiples, que podremos disfrutar con nuestros seres queridos. Y hemos podido conservar todas las fuentes de trabajo, que son siempre nuestra principal preocupaci\u00f3n\u201d.<\/h3>\n<h3>Finalmente Periale se\u00f1al\u00f3: \u201cQuiero pedirles que sigamos apostando al trabajo en equipo, m\u00e1s unidos que nunca, siendo solidarios. Que reforcemos nuestro sentido de pertenencia a la gran Familia de la Carne, para seguir creciendo desde el respeto y el afecto. Eso es lo que nos va a permitir superar cada uno de los obst\u00e1culos que se nos presenten. Brindemos por la salud de nuestra familia, por el trabajo y la amistad. Le mando un fuerte abrazo a cada compa\u00f1ero y a cada vecino de Villa Mercedes\u201d, se despidi\u00f3.<\/h3>\n<p>&nbsp;<\/p>\n<p>&nbsp;<\/p>\n<p>&nbsp;<\/p>\n<p>&nbsp;<\/p>\n<p>&nbsp;<\/p>\n<p>&nbsp;<\/p>\n","protected":false},"excerpt":{"rendered":"<p>As\u00ed se expres\u00f3 el Secretario General del Sindicato de la Carne, Marcelo Periale, en el&#8230;<\/p>\n","protected":false},"author":1,"featured_media":27437,"comment_status":"closed","ping_status":"closed","sticky":false,"template":"","format":"standard","meta":{"footnotes":""},"categories":[6],"tags":[],"class_list":["post-27433","post","type-post","status-publish","format-standard","has-post-thumbnail","hentry","category-ciudad-provincia"],"yoast_head":"<!-- This site is optimized with the Yoast SEO plugin v26.1.1 - https:\/\/yoast.com\/wordpress\/plugins\/seo\/ -->\n<title>\u201cA PESAR DE TODO, ESTA NOCHE INVITO A BRINDAR POR LA ESPERANZA\u201d - Apuntes de San Luis<\/title>\n<meta name=\"robots\" content=\"index, follow, max-snippet:-1, max-image-preview:large, max-video-preview:-1\" \/>\n<link rel=\"canonical\" href=\"https:\/\/apuntesdesanluis.com\/index.php\/2024\/12\/31\/a-pesar-de-todo-esta-noche-invito-a-brindar-por-la-esperanza\/\" \/>\n<meta property=\"og:locale\" content=\"es_ES\" \/>\n<meta property=\"og:type\" content=\"article\" \/>\n<meta property=\"og:title\" content=\"\u201cA PESAR DE TODO, ESTA NOCHE INVITO A BRINDAR POR LA ESPERANZA\u201d - Apuntes de San Luis\" \/>\n<meta property=\"og:description\" content=\"As\u00ed se expres\u00f3 el Secretario General del Sindicato de la Carne, Marcelo Periale, en el...\" \/>\n<meta property=\"og:url\" content=\"https:\/\/apuntesdesanluis.com\/index.php\/2024\/12\/31\/a-pesar-de-todo-esta-noche-invito-a-brindar-por-la-esperanza\/\" \/>\n<meta property=\"og:site_name\" content=\"Apuntes de San Luis\" \/>\n<meta property=\"article:published_time\" content=\"2024-12-31T16:48:20+00:00\" \/>\n<meta property=\"article:modified_time\" content=\"2024-12-31T18:01:10+00:00\" \/>\n<meta property=\"og:image\" content=\"https:\/\/apuntesdesanluis.com\/wp-content\/uploads\/2024\/12\/Imagen-de-WhatsApp-2024-12-31-a-las-13.59.22_660d03c4.jpg\" \/>\n\t<meta property=\"og:image:width\" content=\"1080\" \/>\n\t<meta property=\"og:image:height\" content=\"720\" \/>\n\t<meta property=\"og:image:type\" content=\"image\/jpeg\" \/>\n<meta name=\"author\" content=\"apuntesdesanluis.com\" \/>\n<meta name=\"twitter:card\" content=\"summary_large_image\" \/>\n<meta name=\"twitter:label1\" content=\"Escrito por\" \/>\n\t<meta name=\"twitter:data1\" content=\"apuntesdesanluis.com\" \/>\n\t<meta name=\"twitter:label2\" content=\"Tiempo de lectura\" \/>\n\t<meta name=\"twitter:data2\" content=\"2 minutos\" \/>\n<script type=\"application\/ld+json\" class=\"yoast-schema-graph\">{\"@context\":\"https:\/\/schema.org\",\"@graph\":[{\"@type\":\"Article\",\"@id\":\"https:\/\/apuntesdesanluis.com\/index.php\/2024\/12\/31\/a-pesar-de-todo-esta-noche-invito-a-brindar-por-la-esperanza\/#article\",\"isPartOf\":{\"@id\":\"https:\/\/apuntesdesanluis.com\/index.php\/2024\/12\/31\/a-pesar-de-todo-esta-noche-invito-a-brindar-por-la-esperanza\/\"},\"author\":{\"name\":\"apuntesdesanluis.com\",\"@id\":\"https:\/\/apuntesdesanluis.com\/#\/schema\/person\/b55151d52296fcce64d1a72538a70b90\"},\"headline\":\"\u201cA PESAR DE TODO, ESTA NOCHE INVITO A BRINDAR POR LA ESPERANZA\u201d\",\"datePublished\":\"2024-12-31T16:48:20+00:00\",\"dateModified\":\"2024-12-31T18:01:10+00:00\",\"mainEntityOfPage\":{\"@id\":\"https:\/\/apuntesdesanluis.com\/index.php\/2024\/12\/31\/a-pesar-de-todo-esta-noche-invito-a-brindar-por-la-esperanza\/\"},\"wordCount\":261,\"publisher\":{\"@id\":\"https:\/\/apuntesdesanluis.com\/#\/schema\/person\/b55151d52296fcce64d1a72538a70b90\"},\"image\":{\"@id\":\"https:\/\/apuntesdesanluis.com\/index.php\/2024\/12\/31\/a-pesar-de-todo-esta-noche-invito-a-brindar-por-la-esperanza\/#primaryimage\"},\"thumbnailUrl\":\"https:\/\/apuntesdesanluis.com\/wp-content\/uploads\/2024\/12\/Imagen-de-WhatsApp-2024-12-31-a-las-13.59.22_660d03c4.jpg\",\"articleSection\":[\"Ciudad\/Provincia\"],\"inLanguage\":\"es-AR\"},{\"@type\":\"WebPage\",\"@id\":\"https:\/\/apuntesdesanluis.com\/index.php\/2024\/12\/31\/a-pesar-de-todo-esta-noche-invito-a-brindar-por-la-esperanza\/\",\"url\":\"https:\/\/apuntesdesanluis.com\/index.php\/2024\/12\/31\/a-pesar-de-todo-esta-noche-invito-a-brindar-por-la-esperanza\/\",\"name\":\"\u201cA PESAR DE TODO, ESTA NOCHE INVITO A BRINDAR POR LA ESPERANZA\u201d - Apuntes de San Luis\",\"isPartOf\":{\"@id\":\"https:\/\/apuntesdesanluis.com\/#website\"},\"primaryImageOfPage\":{\"@id\":\"https:\/\/apuntesdesanluis.com\/index.php\/2024\/12\/31\/a-pesar-de-todo-esta-noche-invito-a-brindar-por-la-esperanza\/#primaryimage\"},\"image\":{\"@id\":\"https:\/\/apuntesdesanluis.com\/index.php\/2024\/12\/31\/a-pesar-de-todo-esta-noche-invito-a-brindar-por-la-esperanza\/#primaryimage\"},\"thumbnailUrl\":\"https:\/\/apuntesdesanluis.com\/wp-content\/uploads\/2024\/12\/Imagen-de-WhatsApp-2024-12-31-a-las-13.59.22_660d03c4.jpg\",\"datePublished\":\"2024-12-31T16:48:20+00:00\",\"dateModified\":\"2024-12-31T18:01:10+00:00\",\"breadcrumb\":{\"@id\":\"https:\/\/apuntesdesanluis.com\/index.php\/2024\/12\/31\/a-pesar-de-todo-esta-noche-invito-a-brindar-por-la-esperanza\/#breadcrumb\"},\"inLanguage\":\"es-AR\",\"potentialAction\":[{\"@type\":\"ReadAction\",\"target\":[\"https:\/\/apuntesdesanluis.com\/index.php\/2024\/12\/31\/a-pesar-de-todo-esta-noche-invito-a-brindar-por-la-esperanza\/\"]}]},{\"@type\":\"ImageObject\",\"inLanguage\":\"es-AR\",\"@id\":\"https:\/\/apuntesdesanluis.com\/index.php\/2024\/12\/31\/a-pesar-de-todo-esta-noche-invito-a-brindar-por-la-esperanza\/#primaryimage\",\"url\":\"https:\/\/apuntesdesanluis.com\/wp-content\/uploads\/2024\/12\/Imagen-de-WhatsApp-2024-12-31-a-las-13.59.22_660d03c4.jpg\",\"contentUrl\":\"https:\/\/apuntesdesanluis.com\/wp-content\/uploads\/2024\/12\/Imagen-de-WhatsApp-2024-12-31-a-las-13.59.22_660d03c4.jpg\",\"width\":1080,\"height\":720},{\"@type\":\"BreadcrumbList\",\"@id\":\"https:\/\/apuntesdesanluis.com\/index.php\/2024\/12\/31\/a-pesar-de-todo-esta-noche-invito-a-brindar-por-la-esperanza\/#breadcrumb\",\"itemListElement\":[{\"@type\":\"ListItem\",\"position\":1,\"name\":\"Inicio\",\"item\":\"https:\/\/apuntesdesanluis.com\/\"},{\"@type\":\"ListItem\",\"position\":2,\"name\":\"\u201cA PESAR DE TODO, ESTA NOCHE INVITO A BRINDAR POR LA ESPERANZA\u201d\"}]},{\"@type\":\"WebSite\",\"@id\":\"https:\/\/apuntesdesanluis.com\/#website\",\"url\":\"https:\/\/apuntesdesanluis.com\/\",\"name\":\"Apuntes de San Luis\",\"description\":\"\",\"publisher\":{\"@id\":\"https:\/\/apuntesdesanluis.com\/#\/schema\/person\/b55151d52296fcce64d1a72538a70b90\"},\"potentialAction\":[{\"@type\":\"SearchAction\",\"target\":{\"@type\":\"EntryPoint\",\"urlTemplate\":\"https:\/\/apuntesdesanluis.com\/?s={search_term_string}\"},\"query-input\":{\"@type\":\"PropertyValueSpecification\",\"valueRequired\":true,\"valueName\":\"search_term_string\"}}],\"inLanguage\":\"es-AR\"},{\"@type\":[\"Person\",\"Organization\"],\"@id\":\"https:\/\/apuntesdesanluis.com\/#\/schema\/person\/b55151d52296fcce64d1a72538a70b90\",\"name\":\"apuntesdesanluis.com\",\"image\":{\"@type\":\"ImageObject\",\"inLanguage\":\"es-AR\",\"@id\":\"https:\/\/apuntesdesanluis.com\/#\/schema\/person\/image\/\",\"url\":\"https:\/\/apuntesdesanluis.com\/wp-content\/uploads\/2023\/07\/cropped-apuntesdesanluis.png\",\"contentUrl\":\"https:\/\/apuntesdesanluis.com\/wp-content\/uploads\/2023\/07\/cropped-apuntesdesanluis.png\",\"width\":450,\"height\":112,\"caption\":\"apuntesdesanluis.com\"},\"logo\":{\"@id\":\"https:\/\/apuntesdesanluis.com\/#\/schema\/person\/image\/\"},\"sameAs\":[\"https:\/\/apuntesdesanluis.com\"],\"url\":\"https:\/\/apuntesdesanluis.com\/index.php\/author\/apuntesdesanluis-com\/\"}]}<\/script>\n<!-- \/ Yoast SEO plugin. -->","yoast_head_json":{"title":"\u201cA PESAR DE TODO, ESTA NOCHE INVITO A BRINDAR POR LA ESPERANZA\u201d - Apuntes de San Luis","robots":{"index":"index","follow":"follow","max-snippet":"max-snippet:-1","max-image-preview":"max-image-preview:large","max-video-preview":"max-video-preview:-1"},"canonical":"https:\/\/apuntesdesanluis.com\/index.php\/2024\/12\/31\/a-pesar-de-todo-esta-noche-invito-a-brindar-por-la-esperanza\/","og_locale":"es_ES","og_type":"article","og_title":"\u201cA PESAR DE TODO, ESTA NOCHE INVITO A BRINDAR POR LA ESPERANZA\u201d - Apuntes de San Luis","og_description":"As\u00ed se expres\u00f3 el Secretario General del Sindicato de la Carne, Marcelo Periale, en el...","og_url":"https:\/\/apuntesdesanluis.com\/index.php\/2024\/12\/31\/a-pesar-de-todo-esta-noche-invito-a-brindar-por-la-esperanza\/","og_site_name":"Apuntes de San Luis","article_published_time":"2024-12-31T16:48:20+00:00","article_modified_time":"2024-12-31T18:01:10+00:00","og_image":[{"width":1080,"height":720,"url":"https:\/\/apuntesdesanluis.com\/wp-content\/uploads\/2024\/12\/Imagen-de-WhatsApp-2024-12-31-a-las-13.59.22_660d03c4.jpg","type":"image\/jpeg"}],"author":"apuntesdesanluis.com","twitter_card":"summary_large_image","twitter_misc":{"Escrito por":"apuntesdesanluis.com","Tiempo de lectura":"2 minutos"},"schema":{"@context":"https:\/\/schema.org","@graph":[{"@type":"Article","@id":"https:\/\/apuntesdesanluis.com\/index.php\/2024\/12\/31\/a-pesar-de-todo-esta-noche-invito-a-brindar-por-la-esperanza\/#article","isPartOf":{"@id":"https:\/\/apuntesdesanluis.com\/index.php\/2024\/12\/31\/a-pesar-de-todo-esta-noche-invito-a-brindar-por-la-esperanza\/"},"author":{"name":"apuntesdesanluis.com","@id":"https:\/\/apuntesdesanluis.com\/#\/schema\/person\/b55151d52296fcce64d1a72538a70b90"},"headline":"\u201cA PESAR DE TODO, ESTA NOCHE INVITO A BRINDAR POR LA ESPERANZA\u201d","datePublished":"2024-12-31T16:48:20+00:00","dateModified":"2024-12-31T18:01:10+00:00","mainEntityOfPage":{"@id":"https:\/\/apuntesdesanluis.com\/index.php\/2024\/12\/31\/a-pesar-de-todo-esta-noche-invito-a-brindar-por-la-esperanza\/"},"wordCount":261,"publisher":{"@id":"https:\/\/apuntesdesanluis.com\/#\/schema\/person\/b55151d52296fcce64d1a72538a70b90"},"image":{"@id":"https:\/\/apuntesdesanluis.com\/index.php\/2024\/12\/31\/a-pesar-de-todo-esta-noche-invito-a-brindar-por-la-esperanza\/#primaryimage"},"thumbnailUrl":"https:\/\/apuntesdesanluis.com\/wp-content\/uploads\/2024\/12\/Imagen-de-WhatsApp-2024-12-31-a-las-13.59.22_660d03c4.jpg","articleSection":["Ciudad\/Provincia"],"inLanguage":"es-AR"},{"@type":"WebPage","@id":"https:\/\/apuntesdesanluis.com\/index.php\/2024\/12\/31\/a-pesar-de-todo-esta-noche-invito-a-brindar-por-la-esperanza\/","url":"https:\/\/apuntesdesanluis.com\/index.php\/2024\/12\/31\/a-pesar-de-todo-esta-noche-invito-a-brindar-por-la-esperanza\/","name":"\u201cA PESAR DE TODO, ESTA NOCHE INVITO A BRINDAR POR LA ESPERANZA\u201d - Apuntes de San Luis","isPartOf":{"@id":"https:\/\/apuntesdesanluis.com\/#website"},"primaryImageOfPage":{"@id":"https:\/\/apuntesdesanluis.com\/index.php\/2024\/12\/31\/a-pesar-de-todo-esta-noche-invito-a-brindar-por-la-esperanza\/#primaryimage"},"image":{"@id":"https:\/\/apuntesdesanluis.com\/index.php\/2024\/12\/31\/a-pesar-de-todo-esta-noche-invito-a-brindar-por-la-esperanza\/#primaryimage"},"thumbnailUrl":"https:\/\/apuntesdesanluis.com\/wp-content\/uploads\/2024\/12\/Imagen-de-WhatsApp-2024-12-31-a-las-13.59.22_660d03c4.jpg","datePublished":"2024-12-31T16:48:20+00:00","dateModified":"2024-12-31T18:01:10+00:00","breadcrumb":{"@id":"https:\/\/apuntesdesanluis.com\/index.php\/2024\/12\/31\/a-pesar-de-todo-esta-noche-invito-a-brindar-por-la-esperanza\/#breadcrumb"},"inLanguage":"es-AR","potentialAction":[{"@type":"ReadAction","target":["https:\/\/apuntesdesanluis.com\/index.php\/2024\/12\/31\/a-pesar-de-todo-esta-noche-invito-a-brindar-por-la-esperanza\/"]}]},{"@type":"ImageObject","inLanguage":"es-AR","@id":"https:\/\/apuntesdesanluis.com\/index.php\/2024\/12\/31\/a-pesar-de-todo-esta-noche-invito-a-brindar-por-la-esperanza\/#primaryimage","url":"https:\/\/apuntesdesanluis.com\/wp-content\/uploads\/2024\/12\/Imagen-de-WhatsApp-2024-12-31-a-las-13.59.22_660d03c4.jpg","contentUrl":"https:\/\/apuntesdesanluis.com\/wp-content\/uploads\/2024\/12\/Imagen-de-WhatsApp-2024-12-31-a-las-13.59.22_660d03c4.jpg","width":1080,"height":720},{"@type":"BreadcrumbList","@id":"https:\/\/apuntesdesanluis.com\/index.php\/2024\/12\/31\/a-pesar-de-todo-esta-noche-invito-a-brindar-por-la-esperanza\/#breadcrumb","itemListElement":[{"@type":"ListItem","position":1,"name":"Inicio","item":"https:\/\/apuntesdesanluis.com\/"},{"@type":"ListItem","position":2,"name":"\u201cA PESAR DE TODO, ESTA NOCHE INVITO A BRINDAR POR LA ESPERANZA\u201d"}]},{"@type":"WebSite","@id":"https:\/\/apuntesdesanluis.com\/#website","url":"https:\/\/apuntesdesanluis.com\/","name":"Apuntes de San Luis","description":"","publisher":{"@id":"https:\/\/apuntesdesanluis.com\/#\/schema\/person\/b55151d52296fcce64d1a72538a70b90"},"potentialAction":[{"@type":"SearchAction","target":{"@type":"EntryPoint","urlTemplate":"https:\/\/apuntesdesanluis.com\/?s={search_term_string}"},"query-input":{"@type":"PropertyValueSpecification","valueRequired":true,"valueName":"search_term_string"}}],"inLanguage":"es-AR"},{"@type":["Person","Organization"],"@id":"https:\/\/apuntesdesanluis.com\/#\/schema\/person\/b55151d52296fcce64d1a72538a70b90","name":"apuntesdesanluis.com","image":{"@type":"ImageObject","inLanguage":"es-AR","@id":"https:\/\/apuntesdesanluis.com\/#\/schema\/person\/image\/","url":"https:\/\/apuntesdesanluis.com\/wp-content\/uploads\/2023\/07\/cropped-apuntesdesanluis.png","contentUrl":"https:\/\/apuntesdesanluis.com\/wp-content\/uploads\/2023\/07\/cropped-apuntesdesanluis.png","width":450,"height":112,"caption":"apuntesdesanluis.com"},"logo":{"@id":"https:\/\/apuntesdesanluis.com\/#\/schema\/person\/image\/"},"sameAs":["https:\/\/apuntesdesanluis.com"],"url":"https:\/\/apuntesdesanluis.com\/index.php\/author\/apuntesdesanluis-com\/"}]}},"featured_image_urls":{"full":["https:\/\/apuntesdesanluis.com\/wp-content\/uploads\/2024\/12\/Imagen-de-WhatsApp-2024-12-31-a-las-13.59.22_660d03c4.jpg",1080,720,false],"thumbnail":["https:\/\/apuntesdesanluis.com\/wp-content\/uploads\/2024\/12\/Imagen-de-WhatsApp-2024-12-31-a-las-13.59.22_660d03c4-150x150.jpg",150,150,true],"medium":["https:\/\/apuntesdesanluis.com\/wp-content\/uploads\/2024\/12\/Imagen-de-WhatsApp-2024-12-31-a-las-13.59.22_660d03c4-300x200.jpg",300,200,true],"medium_large":["https:\/\/apuntesdesanluis.com\/wp-content\/uploads\/2024\/12\/Imagen-de-WhatsApp-2024-12-31-a-las-13.59.22_660d03c4-768x512.jpg",640,427,true],"large":["https:\/\/apuntesdesanluis.com\/wp-content\/uploads\/2024\/12\/Imagen-de-WhatsApp-2024-12-31-a-las-13.59.22_660d03c4-1024x683.jpg",640,427,true],"1536x1536":["https:\/\/apuntesdesanluis.com\/wp-content\/uploads\/2024\/12\/Imagen-de-WhatsApp-2024-12-31-a-las-13.59.22_660d03c4.jpg",1080,720,false],"2048x2048":["https:\/\/apuntesdesanluis.com\/wp-content\/uploads\/2024\/12\/Imagen-de-WhatsApp-2024-12-31-a-las-13.59.22_660d03c4.jpg",1080,720,false],"newsever-slider-full":["https:\/\/apuntesdesanluis.com\/wp-content\/uploads\/2024\/12\/Imagen-de-WhatsApp-2024-12-31-a-las-13.59.22_660d03c4.jpg",1080,720,false],"newsever-featured":["https:\/\/apuntesdesanluis.com\/wp-content\/uploads\/2024\/12\/Imagen-de-WhatsApp-2024-12-31-a-las-13.59.22_660d03c4-1024x683.jpg",1024,683,true],"newsever-medium":["https:\/\/apuntesdesanluis.com\/wp-content\/uploads\/2024\/12\/Imagen-de-WhatsApp-2024-12-31-a-las-13.59.22_660d03c4-720x475.jpg",720,475,true]},"author_info":{"display_name":"apuntesdesanluis.com","author_link":"https:\/\/apuntesdesanluis.com\/index.php\/author\/apuntesdesanluis-com\/"},"category_info":"<a href=\"https:\/\/apuntesdesanluis.com\/index.php\/category\/ciudad-provincia\/\" rel=\"category tag\">Ciudad\/Provincia<\/a>","tag_info":"Ciudad\/Provincia","comment_count":"0","_links":{"self":[{"href":"https:\/\/apuntesdesanluis.com\/index.php\/wp-json\/wp\/v2\/posts\/27433","targetHints":{"allow":["GET"]}}],"collection":[{"href":"https:\/\/apuntesdesanluis.com\/index.php\/wp-json\/wp\/v2\/posts"}],"about":[{"href":"https:\/\/apuntesdesanluis.com\/index.php\/wp-json\/wp\/v2\/types\/post"}],"author":[{"embeddable":true,"href":"https:\/\/apuntesdesanluis.com\/index.php\/wp-json\/wp\/v2\/users\/1"}],"replies":[{"embeddable":true,"href":"https:\/\/apuntesdesanluis.com\/index.php\/wp-json\/wp\/v2\/comments?post=27433"}],"version-history":[{"count":1,"href":"https:\/\/apuntesdesanluis.com\/index.php\/wp-json\/wp\/v2\/posts\/27433\/revisions"}],"predecessor-version":[{"id":27436,"href":"https:\/\/apuntesdesanluis.com\/index.php\/wp-json\/wp\/v2\/posts\/27433\/revisions\/27436"}],"wp:featuredmedia":[{"embeddable":true,"href":"https:\/\/apuntesdesanluis.com\/index.php\/wp-json\/wp\/v2\/media\/27437"}],"wp:attachment":[{"href":"https:\/\/apuntesdesanluis.com\/index.php\/wp-json\/wp\/v2\/media?parent=27433"}],"wp:term":[{"taxonomy":"category","embeddable":true,"href":"https:\/\/apuntesdesanluis.com\/index.php\/wp-json\/wp\/v2\/categories?post=27433"},{"taxonomy":"post_tag","embeddable":true,"href":"https:\/\/apuntesdesanluis.com\/index.php\/wp-json\/wp\/v2\/tags?post=27433"}],"curies":[{"name":"wp","href":"https:\/\/api.w.org\/{rel}","templated":true}]}}