{"id":27438,"date":"2024-12-31T15:08:54","date_gmt":"2024-12-31T18:08:54","guid":{"rendered":"https:\/\/apuntesdesanluis.com\/?p=27438"},"modified":"2024-12-31T15:08:54","modified_gmt":"2024-12-31T18:08:54","slug":"una-familia-de-buenos-aires-volco-en-la-autopista-de-las-serranias-puntanas","status":"publish","type":"post","link":"https:\/\/apuntesdesanluis.com\/index.php\/2024\/12\/31\/una-familia-de-buenos-aires-volco-en-la-autopista-de-las-serranias-puntanas\/","title":{"rendered":"UNA FAMILIA DE BUENOS AIRES VOLC\u00d3 EN LA AUTOPISTA DE LAS SERRAN\u00cdAS PUNTANAS"},"content":{"rendered":"<h3>Este martes, alrededor de las 6:30, se produjo un accidente de tr\u00e1nsito en la Autopista de las Serran\u00edas Puntanas, a la altura del kil\u00f3metro 726, cerca de la localidad de Fraga.<\/h3>\n<h3>De acuerdo a las averiguaciones, un hombre de 55 a\u00f1os que conduc\u00eda un autom\u00f3vil Renault Fluence (con domicilio en Luj\u00e1n, provincia de Buenos Aires) y que viajaba en compa\u00f1\u00eda de una mujer mayor de edad y dos menores, perdi\u00f3 el control del veh\u00edculo -por razones que se tratan de establecer- y volc\u00f3, quedando sobre el costado de la banquina.<\/h3>\n<p><img fetchpriority=\"high\" decoding=\"async\" class=\"wp-image-27440 aligncenter\" src=\"https:\/\/apuntesdesanluis.com\/wp-content\/uploads\/2024\/12\/Imagen-de-WhatsApp-2024-12-31-a-las-12.30.37_3b12ee24-300x180.jpg\" alt=\"\" width=\"632\" height=\"379\" srcset=\"https:\/\/apuntesdesanluis.com\/wp-content\/uploads\/2024\/12\/Imagen-de-WhatsApp-2024-12-31-a-las-12.30.37_3b12ee24-300x180.jpg 300w, https:\/\/apuntesdesanluis.com\/wp-content\/uploads\/2024\/12\/Imagen-de-WhatsApp-2024-12-31-a-las-12.30.37_3b12ee24.jpg 700w\" sizes=\"(max-width: 632px) 100vw, 632px\" \/><\/p>\n<h3>El veh\u00edculo se dirig\u00eda hacia la provincia de Mendoza.<\/h3>\n<h3>Al lugar acudi\u00f3 personal de salud en una ambulancia del Sempro, quienes brindaron asistencia m\u00e9dica a los ocupantes del autom\u00f3vil, no requiriendo ser trasladados a alg\u00fan hospital debido a que no presentaban heridas de gravedad.<\/h3>\n<h3><\/h3>\n<h3><\/h3>\n<p>&nbsp;<\/p>\n","protected":false},"excerpt":{"rendered":"<p>Este martes, alrededor de las 6:30, se produjo un accidente de tr\u00e1nsito en la Autopista&#8230;<\/p>\n","protected":false},"author":1,"featured_media":27439,"comment_status":"closed","ping_status":"closed","sticky":false,"template":"","format":"standard","meta":{"footnotes":""},"categories":[6],"tags":[],"class_list":["post-27438","post","type-post","status-publish","format-standard","has-post-thumbnail","hentry","category-ciudad-provincia"],"yoast_head":"<!-- This site is optimized with the Yoast SEO plugin v26.1.1 - https:\/\/yoast.com\/wordpress\/plugins\/seo\/ -->\n<title>UNA FAMILIA DE BUENOS AIRES VOLC\u00d3 EN LA AUTOPISTA DE LAS SERRAN\u00cdAS PUNTANAS - Apuntes de San Luis<\/title>\n<meta name=\"robots\" content=\"index, follow, max-snippet:-1, max-image-preview:large, max-video-preview:-1\" \/>\n<link rel=\"canonical\" href=\"https:\/\/apuntesdesanluis.com\/index.php\/2024\/12\/31\/una-familia-de-buenos-aires-volco-en-la-autopista-de-las-serranias-puntanas\/\" \/>\n<meta property=\"og:locale\" content=\"es_ES\" \/>\n<meta property=\"og:type\" content=\"article\" \/>\n<meta property=\"og:title\" content=\"UNA FAMILIA DE BUENOS AIRES VOLC\u00d3 EN LA AUTOPISTA DE LAS SERRAN\u00cdAS PUNTANAS - Apuntes de San Luis\" \/>\n<meta property=\"og:description\" content=\"Este martes, alrededor de las 6:30, se produjo un accidente de tr\u00e1nsito en la Autopista...\" \/>\n<meta property=\"og:url\" content=\"https:\/\/apuntesdesanluis.com\/index.php\/2024\/12\/31\/una-familia-de-buenos-aires-volco-en-la-autopista-de-las-serranias-puntanas\/\" \/>\n<meta property=\"og:site_name\" content=\"Apuntes de San Luis\" \/>\n<meta property=\"article:published_time\" content=\"2024-12-31T18:08:54+00:00\" \/>\n<meta property=\"og:image\" content=\"https:\/\/apuntesdesanluis.com\/wp-content\/uploads\/2024\/12\/Imagen-de-WhatsApp-2024-12-31-a-las-12.30.37_74419de4.jpg\" \/>\n\t<meta property=\"og:image:width\" content=\"651\" \/>\n\t<meta property=\"og:image:height\" content=\"409\" \/>\n\t<meta property=\"og:image:type\" content=\"image\/jpeg\" \/>\n<meta name=\"author\" content=\"apuntesdesanluis.com\" \/>\n<meta name=\"twitter:card\" content=\"summary_large_image\" \/>\n<meta name=\"twitter:label1\" content=\"Escrito por\" \/>\n\t<meta name=\"twitter:data1\" content=\"apuntesdesanluis.com\" \/>\n\t<meta name=\"twitter:label2\" content=\"Tiempo de lectura\" \/>\n\t<meta name=\"twitter:data2\" content=\"2 minutos\" \/>\n<script type=\"application\/ld+json\" class=\"yoast-schema-graph\">{\"@context\":\"https:\/\/schema.org\",\"@graph\":[{\"@type\":\"Article\",\"@id\":\"https:\/\/apuntesdesanluis.com\/index.php\/2024\/12\/31\/una-familia-de-buenos-aires-volco-en-la-autopista-de-las-serranias-puntanas\/#article\",\"isPartOf\":{\"@id\":\"https:\/\/apuntesdesanluis.com\/index.php\/2024\/12\/31\/una-familia-de-buenos-aires-volco-en-la-autopista-de-las-serranias-puntanas\/\"},\"author\":{\"name\":\"apuntesdesanluis.com\",\"@id\":\"https:\/\/apuntesdesanluis.com\/#\/schema\/person\/b55151d52296fcce64d1a72538a70b90\"},\"headline\":\"UNA FAMILIA DE BUENOS AIRES VOLC\u00d3 EN LA AUTOPISTA DE LAS SERRAN\u00cdAS PUNTANAS\",\"datePublished\":\"2024-12-31T18:08:54+00:00\",\"mainEntityOfPage\":{\"@id\":\"https:\/\/apuntesdesanluis.com\/index.php\/2024\/12\/31\/una-familia-de-buenos-aires-volco-en-la-autopista-de-las-serranias-puntanas\/\"},\"wordCount\":160,\"publisher\":{\"@id\":\"https:\/\/apuntesdesanluis.com\/#\/schema\/person\/b55151d52296fcce64d1a72538a70b90\"},\"image\":{\"@id\":\"https:\/\/apuntesdesanluis.com\/index.php\/2024\/12\/31\/una-familia-de-buenos-aires-volco-en-la-autopista-de-las-serranias-puntanas\/#primaryimage\"},\"thumbnailUrl\":\"https:\/\/apuntesdesanluis.com\/wp-content\/uploads\/2024\/12\/Imagen-de-WhatsApp-2024-12-31-a-las-12.30.37_74419de4.jpg\",\"articleSection\":[\"Ciudad\/Provincia\"],\"inLanguage\":\"es-AR\"},{\"@type\":\"WebPage\",\"@id\":\"https:\/\/apuntesdesanluis.com\/index.php\/2024\/12\/31\/una-familia-de-buenos-aires-volco-en-la-autopista-de-las-serranias-puntanas\/\",\"url\":\"https:\/\/apuntesdesanluis.com\/index.php\/2024\/12\/31\/una-familia-de-buenos-aires-volco-en-la-autopista-de-las-serranias-puntanas\/\",\"name\":\"UNA FAMILIA DE BUENOS AIRES VOLC\u00d3 EN LA AUTOPISTA DE LAS SERRAN\u00cdAS PUNTANAS - Apuntes de San Luis\",\"isPartOf\":{\"@id\":\"https:\/\/apuntesdesanluis.com\/#website\"},\"primaryImageOfPage\":{\"@id\":\"https:\/\/apuntesdesanluis.com\/index.php\/2024\/12\/31\/una-familia-de-buenos-aires-volco-en-la-autopista-de-las-serranias-puntanas\/#primaryimage\"},\"image\":{\"@id\":\"https:\/\/apuntesdesanluis.com\/index.php\/2024\/12\/31\/una-familia-de-buenos-aires-volco-en-la-autopista-de-las-serranias-puntanas\/#primaryimage\"},\"thumbnailUrl\":\"https:\/\/apuntesdesanluis.com\/wp-content\/uploads\/2024\/12\/Imagen-de-WhatsApp-2024-12-31-a-las-12.30.37_74419de4.jpg\",\"datePublished\":\"2024-12-31T18:08:54+00:00\",\"breadcrumb\":{\"@id\":\"https:\/\/apuntesdesanluis.com\/index.php\/2024\/12\/31\/una-familia-de-buenos-aires-volco-en-la-autopista-de-las-serranias-puntanas\/#breadcrumb\"},\"inLanguage\":\"es-AR\",\"potentialAction\":[{\"@type\":\"ReadAction\",\"target\":[\"https:\/\/apuntesdesanluis.com\/index.php\/2024\/12\/31\/una-familia-de-buenos-aires-volco-en-la-autopista-de-las-serranias-puntanas\/\"]}]},{\"@type\":\"ImageObject\",\"inLanguage\":\"es-AR\",\"@id\":\"https:\/\/apuntesdesanluis.com\/index.php\/2024\/12\/31\/una-familia-de-buenos-aires-volco-en-la-autopista-de-las-serranias-puntanas\/#primaryimage\",\"url\":\"https:\/\/apuntesdesanluis.com\/wp-content\/uploads\/2024\/12\/Imagen-de-WhatsApp-2024-12-31-a-las-12.30.37_74419de4.jpg\",\"contentUrl\":\"https:\/\/apuntesdesanluis.com\/wp-content\/uploads\/2024\/12\/Imagen-de-WhatsApp-2024-12-31-a-las-12.30.37_74419de4.jpg\",\"width\":651,\"height\":409},{\"@type\":\"BreadcrumbList\",\"@id\":\"https:\/\/apuntesdesanluis.com\/index.php\/2024\/12\/31\/una-familia-de-buenos-aires-volco-en-la-autopista-de-las-serranias-puntanas\/#breadcrumb\",\"itemListElement\":[{\"@type\":\"ListItem\",\"position\":1,\"name\":\"Inicio\",\"item\":\"https:\/\/apuntesdesanluis.com\/\"},{\"@type\":\"ListItem\",\"position\":2,\"name\":\"UNA FAMILIA DE BUENOS AIRES VOLC\u00d3 EN LA AUTOPISTA DE LAS SERRAN\u00cdAS PUNTANAS\"}]},{\"@type\":\"WebSite\",\"@id\":\"https:\/\/apuntesdesanluis.com\/#website\",\"url\":\"https:\/\/apuntesdesanluis.com\/\",\"name\":\"Apuntes de San Luis\",\"description\":\"\",\"publisher\":{\"@id\":\"https:\/\/apuntesdesanluis.com\/#\/schema\/person\/b55151d52296fcce64d1a72538a70b90\"},\"potentialAction\":[{\"@type\":\"SearchAction\",\"target\":{\"@type\":\"EntryPoint\",\"urlTemplate\":\"https:\/\/apuntesdesanluis.com\/?s={search_term_string}\"},\"query-input\":{\"@type\":\"PropertyValueSpecification\",\"valueRequired\":true,\"valueName\":\"search_term_string\"}}],\"inLanguage\":\"es-AR\"},{\"@type\":[\"Person\",\"Organization\"],\"@id\":\"https:\/\/apuntesdesanluis.com\/#\/schema\/person\/b55151d52296fcce64d1a72538a70b90\",\"name\":\"apuntesdesanluis.com\",\"image\":{\"@type\":\"ImageObject\",\"inLanguage\":\"es-AR\",\"@id\":\"https:\/\/apuntesdesanluis.com\/#\/schema\/person\/image\/\",\"url\":\"https:\/\/apuntesdesanluis.com\/wp-content\/uploads\/2023\/07\/cropped-apuntesdesanluis.png\",\"contentUrl\":\"https:\/\/apuntesdesanluis.com\/wp-content\/uploads\/2023\/07\/cropped-apuntesdesanluis.png\",\"width\":450,\"height\":112,\"caption\":\"apuntesdesanluis.com\"},\"logo\":{\"@id\":\"https:\/\/apuntesdesanluis.com\/#\/schema\/person\/image\/\"},\"sameAs\":[\"https:\/\/apuntesdesanluis.com\"],\"url\":\"https:\/\/apuntesdesanluis.com\/index.php\/author\/apuntesdesanluis-com\/\"}]}<\/script>\n<!-- \/ Yoast SEO plugin. -->","yoast_head_json":{"title":"UNA FAMILIA DE BUENOS AIRES VOLC\u00d3 EN LA AUTOPISTA DE LAS SERRAN\u00cdAS PUNTANAS - Apuntes de San Luis","robots":{"index":"index","follow":"follow","max-snippet":"max-snippet:-1","max-image-preview":"max-image-preview:large","max-video-preview":"max-video-preview:-1"},"canonical":"https:\/\/apuntesdesanluis.com\/index.php\/2024\/12\/31\/una-familia-de-buenos-aires-volco-en-la-autopista-de-las-serranias-puntanas\/","og_locale":"es_ES","og_type":"article","og_title":"UNA FAMILIA DE BUENOS AIRES VOLC\u00d3 EN LA AUTOPISTA DE LAS SERRAN\u00cdAS PUNTANAS - Apuntes de San Luis","og_description":"Este martes, alrededor de las 6:30, se produjo un accidente de tr\u00e1nsito en la Autopista...","og_url":"https:\/\/apuntesdesanluis.com\/index.php\/2024\/12\/31\/una-familia-de-buenos-aires-volco-en-la-autopista-de-las-serranias-puntanas\/","og_site_name":"Apuntes de San Luis","article_published_time":"2024-12-31T18:08:54+00:00","og_image":[{"width":651,"height":409,"url":"https:\/\/apuntesdesanluis.com\/wp-content\/uploads\/2024\/12\/Imagen-de-WhatsApp-2024-12-31-a-las-12.30.37_74419de4.jpg","type":"image\/jpeg"}],"author":"apuntesdesanluis.com","twitter_card":"summary_large_image","twitter_misc":{"Escrito por":"apuntesdesanluis.com","Tiempo de lectura":"2 minutos"},"schema":{"@context":"https:\/\/schema.org","@graph":[{"@type":"Article","@id":"https:\/\/apuntesdesanluis.com\/index.php\/2024\/12\/31\/una-familia-de-buenos-aires-volco-en-la-autopista-de-las-serranias-puntanas\/#article","isPartOf":{"@id":"https:\/\/apuntesdesanluis.com\/index.php\/2024\/12\/31\/una-familia-de-buenos-aires-volco-en-la-autopista-de-las-serranias-puntanas\/"},"author":{"name":"apuntesdesanluis.com","@id":"https:\/\/apuntesdesanluis.com\/#\/schema\/person\/b55151d52296fcce64d1a72538a70b90"},"headline":"UNA FAMILIA DE BUENOS AIRES VOLC\u00d3 EN LA AUTOPISTA DE LAS SERRAN\u00cdAS PUNTANAS","datePublished":"2024-12-31T18:08:54+00:00","mainEntityOfPage":{"@id":"https:\/\/apuntesdesanluis.com\/index.php\/2024\/12\/31\/una-familia-de-buenos-aires-volco-en-la-autopista-de-las-serranias-puntanas\/"},"wordCount":160,"publisher":{"@id":"https:\/\/apuntesdesanluis.com\/#\/schema\/person\/b55151d52296fcce64d1a72538a70b90"},"image":{"@id":"https:\/\/apuntesdesanluis.com\/index.php\/2024\/12\/31\/una-familia-de-buenos-aires-volco-en-la-autopista-de-las-serranias-puntanas\/#primaryimage"},"thumbnailUrl":"https:\/\/apuntesdesanluis.com\/wp-content\/uploads\/2024\/12\/Imagen-de-WhatsApp-2024-12-31-a-las-12.30.37_74419de4.jpg","articleSection":["Ciudad\/Provincia"],"inLanguage":"es-AR"},{"@type":"WebPage","@id":"https:\/\/apuntesdesanluis.com\/index.php\/2024\/12\/31\/una-familia-de-buenos-aires-volco-en-la-autopista-de-las-serranias-puntanas\/","url":"https:\/\/apuntesdesanluis.com\/index.php\/2024\/12\/31\/una-familia-de-buenos-aires-volco-en-la-autopista-de-las-serranias-puntanas\/","name":"UNA FAMILIA DE BUENOS AIRES VOLC\u00d3 EN LA AUTOPISTA DE LAS SERRAN\u00cdAS PUNTANAS - Apuntes de San Luis","isPartOf":{"@id":"https:\/\/apuntesdesanluis.com\/#website"},"primaryImageOfPage":{"@id":"https:\/\/apuntesdesanluis.com\/index.php\/2024\/12\/31\/una-familia-de-buenos-aires-volco-en-la-autopista-de-las-serranias-puntanas\/#primaryimage"},"image":{"@id":"https:\/\/apuntesdesanluis.com\/index.php\/2024\/12\/31\/una-familia-de-buenos-aires-volco-en-la-autopista-de-las-serranias-puntanas\/#primaryimage"},"thumbnailUrl":"https:\/\/apuntesdesanluis.com\/wp-content\/uploads\/2024\/12\/Imagen-de-WhatsApp-2024-12-31-a-las-12.30.37_74419de4.jpg","datePublished":"2024-12-31T18:08:54+00:00","breadcrumb":{"@id":"https:\/\/apuntesdesanluis.com\/index.php\/2024\/12\/31\/una-familia-de-buenos-aires-volco-en-la-autopista-de-las-serranias-puntanas\/#breadcrumb"},"inLanguage":"es-AR","potentialAction":[{"@type":"ReadAction","target":["https:\/\/apuntesdesanluis.com\/index.php\/2024\/12\/31\/una-familia-de-buenos-aires-volco-en-la-autopista-de-las-serranias-puntanas\/"]}]},{"@type":"ImageObject","inLanguage":"es-AR","@id":"https:\/\/apuntesdesanluis.com\/index.php\/2024\/12\/31\/una-familia-de-buenos-aires-volco-en-la-autopista-de-las-serranias-puntanas\/#primaryimage","url":"https:\/\/apuntesdesanluis.com\/wp-content\/uploads\/2024\/12\/Imagen-de-WhatsApp-2024-12-31-a-las-12.30.37_74419de4.jpg","contentUrl":"https:\/\/apuntesdesanluis.com\/wp-content\/uploads\/2024\/12\/Imagen-de-WhatsApp-2024-12-31-a-las-12.30.37_74419de4.jpg","width":651,"height":409},{"@type":"BreadcrumbList","@id":"https:\/\/apuntesdesanluis.com\/index.php\/2024\/12\/31\/una-familia-de-buenos-aires-volco-en-la-autopista-de-las-serranias-puntanas\/#breadcrumb","itemListElement":[{"@type":"ListItem","position":1,"name":"Inicio","item":"https:\/\/apuntesdesanluis.com\/"},{"@type":"ListItem","position":2,"name":"UNA FAMILIA DE BUENOS AIRES VOLC\u00d3 EN LA AUTOPISTA DE LAS SERRAN\u00cdAS PUNTANAS"}]},{"@type":"WebSite","@id":"https:\/\/apuntesdesanluis.com\/#website","url":"https:\/\/apuntesdesanluis.com\/","name":"Apuntes de San Luis","description":"","publisher":{"@id":"https:\/\/apuntesdesanluis.com\/#\/schema\/person\/b55151d52296fcce64d1a72538a70b90"},"potentialAction":[{"@type":"SearchAction","target":{"@type":"EntryPoint","urlTemplate":"https:\/\/apuntesdesanluis.com\/?s={search_term_string}"},"query-input":{"@type":"PropertyValueSpecification","valueRequired":true,"valueName":"search_term_string"}}],"inLanguage":"es-AR"},{"@type":["Person","Organization"],"@id":"https:\/\/apuntesdesanluis.com\/#\/schema\/person\/b55151d52296fcce64d1a72538a70b90","name":"apuntesdesanluis.com","image":{"@type":"ImageObject","inLanguage":"es-AR","@id":"https:\/\/apuntesdesanluis.com\/#\/schema\/person\/image\/","url":"https:\/\/apuntesdesanluis.com\/wp-content\/uploads\/2023\/07\/cropped-apuntesdesanluis.png","contentUrl":"https:\/\/apuntesdesanluis.com\/wp-content\/uploads\/2023\/07\/cropped-apuntesdesanluis.png","width":450,"height":112,"caption":"apuntesdesanluis.com"},"logo":{"@id":"https:\/\/apuntesdesanluis.com\/#\/schema\/person\/image\/"},"sameAs":["https:\/\/apuntesdesanluis.com"],"url":"https:\/\/apuntesdesanluis.com\/index.php\/author\/apuntesdesanluis-com\/"}]}},"featured_image_urls":{"full":["https:\/\/apuntesdesanluis.com\/wp-content\/uploads\/2024\/12\/Imagen-de-WhatsApp-2024-12-31-a-las-12.30.37_74419de4.jpg",651,409,false],"thumbnail":["https:\/\/apuntesdesanluis.com\/wp-content\/uploads\/2024\/12\/Imagen-de-WhatsApp-2024-12-31-a-las-12.30.37_74419de4-150x150.jpg",150,150,true],"medium":["https:\/\/apuntesdesanluis.com\/wp-content\/uploads\/2024\/12\/Imagen-de-WhatsApp-2024-12-31-a-las-12.30.37_74419de4-300x188.jpg",300,188,true],"medium_large":["https:\/\/apuntesdesanluis.com\/wp-content\/uploads\/2024\/12\/Imagen-de-WhatsApp-2024-12-31-a-las-12.30.37_74419de4.jpg",640,402,false],"large":["https:\/\/apuntesdesanluis.com\/wp-content\/uploads\/2024\/12\/Imagen-de-WhatsApp-2024-12-31-a-las-12.30.37_74419de4.jpg",640,402,false],"1536x1536":["https:\/\/apuntesdesanluis.com\/wp-content\/uploads\/2024\/12\/Imagen-de-WhatsApp-2024-12-31-a-las-12.30.37_74419de4.jpg",651,409,false],"2048x2048":["https:\/\/apuntesdesanluis.com\/wp-content\/uploads\/2024\/12\/Imagen-de-WhatsApp-2024-12-31-a-las-12.30.37_74419de4.jpg",651,409,false],"newsever-slider-full":["https:\/\/apuntesdesanluis.com\/wp-content\/uploads\/2024\/12\/Imagen-de-WhatsApp-2024-12-31-a-las-12.30.37_74419de4.jpg",651,409,false],"newsever-featured":["https:\/\/apuntesdesanluis.com\/wp-content\/uploads\/2024\/12\/Imagen-de-WhatsApp-2024-12-31-a-las-12.30.37_74419de4.jpg",651,409,false],"newsever-medium":["https:\/\/apuntesdesanluis.com\/wp-content\/uploads\/2024\/12\/Imagen-de-WhatsApp-2024-12-31-a-las-12.30.37_74419de4.jpg",651,409,false]},"author_info":{"display_name":"apuntesdesanluis.com","author_link":"https:\/\/apuntesdesanluis.com\/index.php\/author\/apuntesdesanluis-com\/"},"category_info":"<a href=\"https:\/\/apuntesdesanluis.com\/index.php\/category\/ciudad-provincia\/\" rel=\"category tag\">Ciudad\/Provincia<\/a>","tag_info":"Ciudad\/Provincia","comment_count":"0","_links":{"self":[{"href":"https:\/\/apuntesdesanluis.com\/index.php\/wp-json\/wp\/v2\/posts\/27438","targetHints":{"allow":["GET"]}}],"collection":[{"href":"https:\/\/apuntesdesanluis.com\/index.php\/wp-json\/wp\/v2\/posts"}],"about":[{"href":"https:\/\/apuntesdesanluis.com\/index.php\/wp-json\/wp\/v2\/types\/post"}],"author":[{"embeddable":true,"href":"https:\/\/apuntesdesanluis.com\/index.php\/wp-json\/wp\/v2\/users\/1"}],"replies":[{"embeddable":true,"href":"https:\/\/apuntesdesanluis.com\/index.php\/wp-json\/wp\/v2\/comments?post=27438"}],"version-history":[{"count":1,"href":"https:\/\/apuntesdesanluis.com\/index.php\/wp-json\/wp\/v2\/posts\/27438\/revisions"}],"predecessor-version":[{"id":27441,"href":"https:\/\/apuntesdesanluis.com\/index.php\/wp-json\/wp\/v2\/posts\/27438\/revisions\/27441"}],"wp:featuredmedia":[{"embeddable":true,"href":"https:\/\/apuntesdesanluis.com\/index.php\/wp-json\/wp\/v2\/media\/27439"}],"wp:attachment":[{"href":"https:\/\/apuntesdesanluis.com\/index.php\/wp-json\/wp\/v2\/media?parent=27438"}],"wp:term":[{"taxonomy":"category","embeddable":true,"href":"https:\/\/apuntesdesanluis.com\/index.php\/wp-json\/wp\/v2\/categories?post=27438"},{"taxonomy":"post_tag","embeddable":true,"href":"https:\/\/apuntesdesanluis.com\/index.php\/wp-json\/wp\/v2\/tags?post=27438"}],"curies":[{"name":"wp","href":"https:\/\/api.w.org\/{rel}","templated":true}]}}