{"id":27442,"date":"2024-12-31T15:17:37","date_gmt":"2024-12-31T18:17:37","guid":{"rendered":"https:\/\/apuntesdesanluis.com\/?p=27442"},"modified":"2024-12-31T15:17:37","modified_gmt":"2024-12-31T18:17:37","slug":"la-escuela-tecnica-v-brigada-aerea-recibio-aeronave-para-las-practicas-profesionalizantes","status":"publish","type":"post","link":"https:\/\/apuntesdesanluis.com\/index.php\/2024\/12\/31\/la-escuela-tecnica-v-brigada-aerea-recibio-aeronave-para-las-practicas-profesionalizantes\/","title":{"rendered":"LA ESCUELA T\u00c9CNICA \u2018V BRIGADA A\u00c9REA\u2019 RECIBI\u00d3 AERONAVE PARA LAS PR\u00c1CTICAS PROFESIONALIZANTES"},"content":{"rendered":"<h3>En un avance significativo para la educaci\u00f3n t\u00e9cnica aeron\u00e1utica, el establecimiento educativo <strong>N\u00b017 de Villa Reynolds <\/strong>recibi\u00f3 desde la provincia de Corrientes una aeronave Cessna 210N, que viene a complementar la formaci\u00f3n de sus estudiantes.<\/h3>\n<h3>Este logro se concret\u00f3 gracias a la colaboraci\u00f3n de diversas instituciones que impulsan el reaprovechamiento de aviones secuestrados en causas judiciales.<\/h3>\n<h3>En la semana anterior, un equipo integrado por docentes y el director de la escuela, el ingeniero <strong>Juan Omar Ib\u00e1\u00f1ez<\/strong>, viaj\u00f3 a la localidad de It\u00e1 Ibat\u00e9, en la provincia de Corrientes, para gestionar la recepci\u00f3n del avi\u00f3n.<\/h3>\n<p><img fetchpriority=\"high\" decoding=\"async\" class=\"wp-image-27444 aligncenter\" src=\"https:\/\/apuntesdesanluis.com\/wp-content\/uploads\/2024\/12\/AERONAVE-300x207.png\" alt=\"\" width=\"619\" height=\"427\" srcset=\"https:\/\/apuntesdesanluis.com\/wp-content\/uploads\/2024\/12\/AERONAVE-300x207.png 300w, https:\/\/apuntesdesanluis.com\/wp-content\/uploads\/2024\/12\/AERONAVE.png 700w\" sizes=\"(max-width: 619px) 100vw, 619px\" \/><\/p>\n<h3>La aeronave fue cedida en calidad de depositario judicial, en una decisi\u00f3n tomada por el Juzgado Federal de Primera Instancia N\u00b02 de Corrientes. Este programa, promovido por la Junta de Seguridad en el Transporte (JST) y la Procuradur\u00eda de Narcocriminalidad (PROCUNAR), entre otros organismos, tiene como objetivo reaprovechar aeronaves previamente secuestradas en causas judiciales, poniendo estos recursos al servicio de la educaci\u00f3n.<\/h3>\n<h3>Para los estudiantes de la Escuela T\u00e9cnica \u2018V Brigada A\u00e9rea\u2019 contar con un avi\u00f3n real en el que podr\u00e1n realizar sus pr\u00e1cticas profesionalizantes significa dar un salto cualitativo en su aprendizaje. Esta acci\u00f3n permitir\u00e1 que los j\u00f3venes consoliden sus habilidades y conocimientos te\u00f3ricos adquiridos en las aulas para ejercer a futuro la profesi\u00f3n de t\u00e9cnico aeron\u00e1utico.<\/h3>\n<h3>En cuanto al financiamiento de esta iniciativa, la subdirecci\u00f3n de Educaci\u00f3n T\u00e9cnica elabor\u00f3 un plan de mejora para cubrir los costos asociados, asegurando que la comunidad educativa pueda aprovechar este recurso sin ning\u00fan problema.<\/h3>\n<h3><\/h3>\n<h3><\/h3>\n<p>&nbsp;<\/p>\n<p>&nbsp;<\/p>\n","protected":false},"excerpt":{"rendered":"<p>En un avance significativo para la educaci\u00f3n t\u00e9cnica aeron\u00e1utica, el establecimiento educativo N\u00b017 de Villa&#8230;<\/p>\n","protected":false},"author":1,"featured_media":27443,"comment_status":"closed","ping_status":"closed","sticky":false,"template":"","format":"standard","meta":{"footnotes":""},"categories":[6],"tags":[],"class_list":["post-27442","post","type-post","status-publish","format-standard","has-post-thumbnail","hentry","category-ciudad-provincia"],"yoast_head":"<!-- This site is optimized with the Yoast SEO plugin v26.1.1 - https:\/\/yoast.com\/wordpress\/plugins\/seo\/ -->\n<title>LA ESCUELA T\u00c9CNICA \u2018V BRIGADA A\u00c9REA\u2019 RECIBI\u00d3 AERONAVE PARA LAS PR\u00c1CTICAS PROFESIONALIZANTES - Apuntes de San Luis<\/title>\n<meta name=\"robots\" content=\"index, follow, max-snippet:-1, max-image-preview:large, max-video-preview:-1\" \/>\n<link rel=\"canonical\" href=\"https:\/\/apuntesdesanluis.com\/index.php\/2024\/12\/31\/la-escuela-tecnica-v-brigada-aerea-recibio-aeronave-para-las-practicas-profesionalizantes\/\" \/>\n<meta property=\"og:locale\" content=\"es_ES\" \/>\n<meta property=\"og:type\" content=\"article\" \/>\n<meta property=\"og:title\" content=\"LA ESCUELA T\u00c9CNICA \u2018V BRIGADA A\u00c9REA\u2019 RECIBI\u00d3 AERONAVE PARA LAS PR\u00c1CTICAS PROFESIONALIZANTES - Apuntes de San Luis\" \/>\n<meta property=\"og:description\" content=\"En un avance significativo para la educaci\u00f3n t\u00e9cnica aeron\u00e1utica, el establecimiento educativo N\u00b017 de Villa...\" \/>\n<meta property=\"og:url\" content=\"https:\/\/apuntesdesanluis.com\/index.php\/2024\/12\/31\/la-escuela-tecnica-v-brigada-aerea-recibio-aeronave-para-las-practicas-profesionalizantes\/\" \/>\n<meta property=\"og:site_name\" content=\"Apuntes de San Luis\" \/>\n<meta property=\"article:published_time\" content=\"2024-12-31T18:17:37+00:00\" \/>\n<meta property=\"og:image\" content=\"https:\/\/apuntesdesanluis.com\/wp-content\/uploads\/2024\/12\/AVIONETA-SECUESTRADA.png\" \/>\n\t<meta property=\"og:image:width\" content=\"625\" \/>\n\t<meta property=\"og:image:height\" content=\"423\" \/>\n\t<meta property=\"og:image:type\" content=\"image\/png\" \/>\n<meta name=\"author\" content=\"apuntesdesanluis.com\" \/>\n<meta name=\"twitter:card\" content=\"summary_large_image\" \/>\n<meta name=\"twitter:label1\" content=\"Escrito por\" \/>\n\t<meta name=\"twitter:data1\" content=\"apuntesdesanluis.com\" \/>\n\t<meta name=\"twitter:label2\" content=\"Tiempo de lectura\" \/>\n\t<meta name=\"twitter:data2\" content=\"2 minutos\" \/>\n<script type=\"application\/ld+json\" class=\"yoast-schema-graph\">{\"@context\":\"https:\/\/schema.org\",\"@graph\":[{\"@type\":\"Article\",\"@id\":\"https:\/\/apuntesdesanluis.com\/index.php\/2024\/12\/31\/la-escuela-tecnica-v-brigada-aerea-recibio-aeronave-para-las-practicas-profesionalizantes\/#article\",\"isPartOf\":{\"@id\":\"https:\/\/apuntesdesanluis.com\/index.php\/2024\/12\/31\/la-escuela-tecnica-v-brigada-aerea-recibio-aeronave-para-las-practicas-profesionalizantes\/\"},\"author\":{\"name\":\"apuntesdesanluis.com\",\"@id\":\"https:\/\/apuntesdesanluis.com\/#\/schema\/person\/b55151d52296fcce64d1a72538a70b90\"},\"headline\":\"LA ESCUELA T\u00c9CNICA \u2018V BRIGADA A\u00c9REA\u2019 RECIBI\u00d3 AERONAVE PARA LAS PR\u00c1CTICAS PROFESIONALIZANTES\",\"datePublished\":\"2024-12-31T18:17:37+00:00\",\"mainEntityOfPage\":{\"@id\":\"https:\/\/apuntesdesanluis.com\/index.php\/2024\/12\/31\/la-escuela-tecnica-v-brigada-aerea-recibio-aeronave-para-las-practicas-profesionalizantes\/\"},\"wordCount\":289,\"publisher\":{\"@id\":\"https:\/\/apuntesdesanluis.com\/#\/schema\/person\/b55151d52296fcce64d1a72538a70b90\"},\"image\":{\"@id\":\"https:\/\/apuntesdesanluis.com\/index.php\/2024\/12\/31\/la-escuela-tecnica-v-brigada-aerea-recibio-aeronave-para-las-practicas-profesionalizantes\/#primaryimage\"},\"thumbnailUrl\":\"https:\/\/apuntesdesanluis.com\/wp-content\/uploads\/2024\/12\/AVIONETA-SECUESTRADA.png\",\"articleSection\":[\"Ciudad\/Provincia\"],\"inLanguage\":\"es-AR\"},{\"@type\":\"WebPage\",\"@id\":\"https:\/\/apuntesdesanluis.com\/index.php\/2024\/12\/31\/la-escuela-tecnica-v-brigada-aerea-recibio-aeronave-para-las-practicas-profesionalizantes\/\",\"url\":\"https:\/\/apuntesdesanluis.com\/index.php\/2024\/12\/31\/la-escuela-tecnica-v-brigada-aerea-recibio-aeronave-para-las-practicas-profesionalizantes\/\",\"name\":\"LA ESCUELA T\u00c9CNICA \u2018V BRIGADA A\u00c9REA\u2019 RECIBI\u00d3 AERONAVE PARA LAS PR\u00c1CTICAS PROFESIONALIZANTES - Apuntes de San Luis\",\"isPartOf\":{\"@id\":\"https:\/\/apuntesdesanluis.com\/#website\"},\"primaryImageOfPage\":{\"@id\":\"https:\/\/apuntesdesanluis.com\/index.php\/2024\/12\/31\/la-escuela-tecnica-v-brigada-aerea-recibio-aeronave-para-las-practicas-profesionalizantes\/#primaryimage\"},\"image\":{\"@id\":\"https:\/\/apuntesdesanluis.com\/index.php\/2024\/12\/31\/la-escuela-tecnica-v-brigada-aerea-recibio-aeronave-para-las-practicas-profesionalizantes\/#primaryimage\"},\"thumbnailUrl\":\"https:\/\/apuntesdesanluis.com\/wp-content\/uploads\/2024\/12\/AVIONETA-SECUESTRADA.png\",\"datePublished\":\"2024-12-31T18:17:37+00:00\",\"breadcrumb\":{\"@id\":\"https:\/\/apuntesdesanluis.com\/index.php\/2024\/12\/31\/la-escuela-tecnica-v-brigada-aerea-recibio-aeronave-para-las-practicas-profesionalizantes\/#breadcrumb\"},\"inLanguage\":\"es-AR\",\"potentialAction\":[{\"@type\":\"ReadAction\",\"target\":[\"https:\/\/apuntesdesanluis.com\/index.php\/2024\/12\/31\/la-escuela-tecnica-v-brigada-aerea-recibio-aeronave-para-las-practicas-profesionalizantes\/\"]}]},{\"@type\":\"ImageObject\",\"inLanguage\":\"es-AR\",\"@id\":\"https:\/\/apuntesdesanluis.com\/index.php\/2024\/12\/31\/la-escuela-tecnica-v-brigada-aerea-recibio-aeronave-para-las-practicas-profesionalizantes\/#primaryimage\",\"url\":\"https:\/\/apuntesdesanluis.com\/wp-content\/uploads\/2024\/12\/AVIONETA-SECUESTRADA.png\",\"contentUrl\":\"https:\/\/apuntesdesanluis.com\/wp-content\/uploads\/2024\/12\/AVIONETA-SECUESTRADA.png\",\"width\":625,\"height\":423},{\"@type\":\"BreadcrumbList\",\"@id\":\"https:\/\/apuntesdesanluis.com\/index.php\/2024\/12\/31\/la-escuela-tecnica-v-brigada-aerea-recibio-aeronave-para-las-practicas-profesionalizantes\/#breadcrumb\",\"itemListElement\":[{\"@type\":\"ListItem\",\"position\":1,\"name\":\"Inicio\",\"item\":\"https:\/\/apuntesdesanluis.com\/\"},{\"@type\":\"ListItem\",\"position\":2,\"name\":\"LA ESCUELA T\u00c9CNICA \u2018V BRIGADA A\u00c9REA\u2019 RECIBI\u00d3 AERONAVE PARA LAS PR\u00c1CTICAS PROFESIONALIZANTES\"}]},{\"@type\":\"WebSite\",\"@id\":\"https:\/\/apuntesdesanluis.com\/#website\",\"url\":\"https:\/\/apuntesdesanluis.com\/\",\"name\":\"Apuntes de San Luis\",\"description\":\"\",\"publisher\":{\"@id\":\"https:\/\/apuntesdesanluis.com\/#\/schema\/person\/b55151d52296fcce64d1a72538a70b90\"},\"potentialAction\":[{\"@type\":\"SearchAction\",\"target\":{\"@type\":\"EntryPoint\",\"urlTemplate\":\"https:\/\/apuntesdesanluis.com\/?s={search_term_string}\"},\"query-input\":{\"@type\":\"PropertyValueSpecification\",\"valueRequired\":true,\"valueName\":\"search_term_string\"}}],\"inLanguage\":\"es-AR\"},{\"@type\":[\"Person\",\"Organization\"],\"@id\":\"https:\/\/apuntesdesanluis.com\/#\/schema\/person\/b55151d52296fcce64d1a72538a70b90\",\"name\":\"apuntesdesanluis.com\",\"image\":{\"@type\":\"ImageObject\",\"inLanguage\":\"es-AR\",\"@id\":\"https:\/\/apuntesdesanluis.com\/#\/schema\/person\/image\/\",\"url\":\"https:\/\/apuntesdesanluis.com\/wp-content\/uploads\/2023\/07\/cropped-apuntesdesanluis.png\",\"contentUrl\":\"https:\/\/apuntesdesanluis.com\/wp-content\/uploads\/2023\/07\/cropped-apuntesdesanluis.png\",\"width\":450,\"height\":112,\"caption\":\"apuntesdesanluis.com\"},\"logo\":{\"@id\":\"https:\/\/apuntesdesanluis.com\/#\/schema\/person\/image\/\"},\"sameAs\":[\"https:\/\/apuntesdesanluis.com\"],\"url\":\"https:\/\/apuntesdesanluis.com\/index.php\/author\/apuntesdesanluis-com\/\"}]}<\/script>\n<!-- \/ Yoast SEO plugin. -->","yoast_head_json":{"title":"LA ESCUELA T\u00c9CNICA \u2018V BRIGADA A\u00c9REA\u2019 RECIBI\u00d3 AERONAVE PARA LAS PR\u00c1CTICAS PROFESIONALIZANTES - Apuntes de San Luis","robots":{"index":"index","follow":"follow","max-snippet":"max-snippet:-1","max-image-preview":"max-image-preview:large","max-video-preview":"max-video-preview:-1"},"canonical":"https:\/\/apuntesdesanluis.com\/index.php\/2024\/12\/31\/la-escuela-tecnica-v-brigada-aerea-recibio-aeronave-para-las-practicas-profesionalizantes\/","og_locale":"es_ES","og_type":"article","og_title":"LA ESCUELA T\u00c9CNICA \u2018V BRIGADA A\u00c9REA\u2019 RECIBI\u00d3 AERONAVE PARA LAS PR\u00c1CTICAS PROFESIONALIZANTES - Apuntes de San Luis","og_description":"En un avance significativo para la educaci\u00f3n t\u00e9cnica aeron\u00e1utica, el establecimiento educativo N\u00b017 de Villa...","og_url":"https:\/\/apuntesdesanluis.com\/index.php\/2024\/12\/31\/la-escuela-tecnica-v-brigada-aerea-recibio-aeronave-para-las-practicas-profesionalizantes\/","og_site_name":"Apuntes de San Luis","article_published_time":"2024-12-31T18:17:37+00:00","og_image":[{"width":625,"height":423,"url":"https:\/\/apuntesdesanluis.com\/wp-content\/uploads\/2024\/12\/AVIONETA-SECUESTRADA.png","type":"image\/png"}],"author":"apuntesdesanluis.com","twitter_card":"summary_large_image","twitter_misc":{"Escrito por":"apuntesdesanluis.com","Tiempo de lectura":"2 minutos"},"schema":{"@context":"https:\/\/schema.org","@graph":[{"@type":"Article","@id":"https:\/\/apuntesdesanluis.com\/index.php\/2024\/12\/31\/la-escuela-tecnica-v-brigada-aerea-recibio-aeronave-para-las-practicas-profesionalizantes\/#article","isPartOf":{"@id":"https:\/\/apuntesdesanluis.com\/index.php\/2024\/12\/31\/la-escuela-tecnica-v-brigada-aerea-recibio-aeronave-para-las-practicas-profesionalizantes\/"},"author":{"name":"apuntesdesanluis.com","@id":"https:\/\/apuntesdesanluis.com\/#\/schema\/person\/b55151d52296fcce64d1a72538a70b90"},"headline":"LA ESCUELA T\u00c9CNICA \u2018V BRIGADA A\u00c9REA\u2019 RECIBI\u00d3 AERONAVE PARA LAS PR\u00c1CTICAS PROFESIONALIZANTES","datePublished":"2024-12-31T18:17:37+00:00","mainEntityOfPage":{"@id":"https:\/\/apuntesdesanluis.com\/index.php\/2024\/12\/31\/la-escuela-tecnica-v-brigada-aerea-recibio-aeronave-para-las-practicas-profesionalizantes\/"},"wordCount":289,"publisher":{"@id":"https:\/\/apuntesdesanluis.com\/#\/schema\/person\/b55151d52296fcce64d1a72538a70b90"},"image":{"@id":"https:\/\/apuntesdesanluis.com\/index.php\/2024\/12\/31\/la-escuela-tecnica-v-brigada-aerea-recibio-aeronave-para-las-practicas-profesionalizantes\/#primaryimage"},"thumbnailUrl":"https:\/\/apuntesdesanluis.com\/wp-content\/uploads\/2024\/12\/AVIONETA-SECUESTRADA.png","articleSection":["Ciudad\/Provincia"],"inLanguage":"es-AR"},{"@type":"WebPage","@id":"https:\/\/apuntesdesanluis.com\/index.php\/2024\/12\/31\/la-escuela-tecnica-v-brigada-aerea-recibio-aeronave-para-las-practicas-profesionalizantes\/","url":"https:\/\/apuntesdesanluis.com\/index.php\/2024\/12\/31\/la-escuela-tecnica-v-brigada-aerea-recibio-aeronave-para-las-practicas-profesionalizantes\/","name":"LA ESCUELA T\u00c9CNICA \u2018V BRIGADA A\u00c9REA\u2019 RECIBI\u00d3 AERONAVE PARA LAS PR\u00c1CTICAS PROFESIONALIZANTES - Apuntes de San Luis","isPartOf":{"@id":"https:\/\/apuntesdesanluis.com\/#website"},"primaryImageOfPage":{"@id":"https:\/\/apuntesdesanluis.com\/index.php\/2024\/12\/31\/la-escuela-tecnica-v-brigada-aerea-recibio-aeronave-para-las-practicas-profesionalizantes\/#primaryimage"},"image":{"@id":"https:\/\/apuntesdesanluis.com\/index.php\/2024\/12\/31\/la-escuela-tecnica-v-brigada-aerea-recibio-aeronave-para-las-practicas-profesionalizantes\/#primaryimage"},"thumbnailUrl":"https:\/\/apuntesdesanluis.com\/wp-content\/uploads\/2024\/12\/AVIONETA-SECUESTRADA.png","datePublished":"2024-12-31T18:17:37+00:00","breadcrumb":{"@id":"https:\/\/apuntesdesanluis.com\/index.php\/2024\/12\/31\/la-escuela-tecnica-v-brigada-aerea-recibio-aeronave-para-las-practicas-profesionalizantes\/#breadcrumb"},"inLanguage":"es-AR","potentialAction":[{"@type":"ReadAction","target":["https:\/\/apuntesdesanluis.com\/index.php\/2024\/12\/31\/la-escuela-tecnica-v-brigada-aerea-recibio-aeronave-para-las-practicas-profesionalizantes\/"]}]},{"@type":"ImageObject","inLanguage":"es-AR","@id":"https:\/\/apuntesdesanluis.com\/index.php\/2024\/12\/31\/la-escuela-tecnica-v-brigada-aerea-recibio-aeronave-para-las-practicas-profesionalizantes\/#primaryimage","url":"https:\/\/apuntesdesanluis.com\/wp-content\/uploads\/2024\/12\/AVIONETA-SECUESTRADA.png","contentUrl":"https:\/\/apuntesdesanluis.com\/wp-content\/uploads\/2024\/12\/AVIONETA-SECUESTRADA.png","width":625,"height":423},{"@type":"BreadcrumbList","@id":"https:\/\/apuntesdesanluis.com\/index.php\/2024\/12\/31\/la-escuela-tecnica-v-brigada-aerea-recibio-aeronave-para-las-practicas-profesionalizantes\/#breadcrumb","itemListElement":[{"@type":"ListItem","position":1,"name":"Inicio","item":"https:\/\/apuntesdesanluis.com\/"},{"@type":"ListItem","position":2,"name":"LA ESCUELA T\u00c9CNICA \u2018V BRIGADA A\u00c9REA\u2019 RECIBI\u00d3 AERONAVE PARA LAS PR\u00c1CTICAS PROFESIONALIZANTES"}]},{"@type":"WebSite","@id":"https:\/\/apuntesdesanluis.com\/#website","url":"https:\/\/apuntesdesanluis.com\/","name":"Apuntes de San Luis","description":"","publisher":{"@id":"https:\/\/apuntesdesanluis.com\/#\/schema\/person\/b55151d52296fcce64d1a72538a70b90"},"potentialAction":[{"@type":"SearchAction","target":{"@type":"EntryPoint","urlTemplate":"https:\/\/apuntesdesanluis.com\/?s={search_term_string}"},"query-input":{"@type":"PropertyValueSpecification","valueRequired":true,"valueName":"search_term_string"}}],"inLanguage":"es-AR"},{"@type":["Person","Organization"],"@id":"https:\/\/apuntesdesanluis.com\/#\/schema\/person\/b55151d52296fcce64d1a72538a70b90","name":"apuntesdesanluis.com","image":{"@type":"ImageObject","inLanguage":"es-AR","@id":"https:\/\/apuntesdesanluis.com\/#\/schema\/person\/image\/","url":"https:\/\/apuntesdesanluis.com\/wp-content\/uploads\/2023\/07\/cropped-apuntesdesanluis.png","contentUrl":"https:\/\/apuntesdesanluis.com\/wp-content\/uploads\/2023\/07\/cropped-apuntesdesanluis.png","width":450,"height":112,"caption":"apuntesdesanluis.com"},"logo":{"@id":"https:\/\/apuntesdesanluis.com\/#\/schema\/person\/image\/"},"sameAs":["https:\/\/apuntesdesanluis.com"],"url":"https:\/\/apuntesdesanluis.com\/index.php\/author\/apuntesdesanluis-com\/"}]}},"featured_image_urls":{"full":["https:\/\/apuntesdesanluis.com\/wp-content\/uploads\/2024\/12\/AVIONETA-SECUESTRADA.png",625,423,false],"thumbnail":["https:\/\/apuntesdesanluis.com\/wp-content\/uploads\/2024\/12\/AVIONETA-SECUESTRADA-150x150.png",150,150,true],"medium":["https:\/\/apuntesdesanluis.com\/wp-content\/uploads\/2024\/12\/AVIONETA-SECUESTRADA-300x203.png",300,203,true],"medium_large":["https:\/\/apuntesdesanluis.com\/wp-content\/uploads\/2024\/12\/AVIONETA-SECUESTRADA.png",625,423,false],"large":["https:\/\/apuntesdesanluis.com\/wp-content\/uploads\/2024\/12\/AVIONETA-SECUESTRADA.png",625,423,false],"1536x1536":["https:\/\/apuntesdesanluis.com\/wp-content\/uploads\/2024\/12\/AVIONETA-SECUESTRADA.png",625,423,false],"2048x2048":["https:\/\/apuntesdesanluis.com\/wp-content\/uploads\/2024\/12\/AVIONETA-SECUESTRADA.png",625,423,false],"newsever-slider-full":["https:\/\/apuntesdesanluis.com\/wp-content\/uploads\/2024\/12\/AVIONETA-SECUESTRADA.png",625,423,false],"newsever-featured":["https:\/\/apuntesdesanluis.com\/wp-content\/uploads\/2024\/12\/AVIONETA-SECUESTRADA.png",625,423,false],"newsever-medium":["https:\/\/apuntesdesanluis.com\/wp-content\/uploads\/2024\/12\/AVIONETA-SECUESTRADA.png",625,423,false]},"author_info":{"display_name":"apuntesdesanluis.com","author_link":"https:\/\/apuntesdesanluis.com\/index.php\/author\/apuntesdesanluis-com\/"},"category_info":"<a href=\"https:\/\/apuntesdesanluis.com\/index.php\/category\/ciudad-provincia\/\" rel=\"category tag\">Ciudad\/Provincia<\/a>","tag_info":"Ciudad\/Provincia","comment_count":"0","_links":{"self":[{"href":"https:\/\/apuntesdesanluis.com\/index.php\/wp-json\/wp\/v2\/posts\/27442","targetHints":{"allow":["GET"]}}],"collection":[{"href":"https:\/\/apuntesdesanluis.com\/index.php\/wp-json\/wp\/v2\/posts"}],"about":[{"href":"https:\/\/apuntesdesanluis.com\/index.php\/wp-json\/wp\/v2\/types\/post"}],"author":[{"embeddable":true,"href":"https:\/\/apuntesdesanluis.com\/index.php\/wp-json\/wp\/v2\/users\/1"}],"replies":[{"embeddable":true,"href":"https:\/\/apuntesdesanluis.com\/index.php\/wp-json\/wp\/v2\/comments?post=27442"}],"version-history":[{"count":1,"href":"https:\/\/apuntesdesanluis.com\/index.php\/wp-json\/wp\/v2\/posts\/27442\/revisions"}],"predecessor-version":[{"id":27445,"href":"https:\/\/apuntesdesanluis.com\/index.php\/wp-json\/wp\/v2\/posts\/27442\/revisions\/27445"}],"wp:featuredmedia":[{"embeddable":true,"href":"https:\/\/apuntesdesanluis.com\/index.php\/wp-json\/wp\/v2\/media\/27443"}],"wp:attachment":[{"href":"https:\/\/apuntesdesanluis.com\/index.php\/wp-json\/wp\/v2\/media?parent=27442"}],"wp:term":[{"taxonomy":"category","embeddable":true,"href":"https:\/\/apuntesdesanluis.com\/index.php\/wp-json\/wp\/v2\/categories?post=27442"},{"taxonomy":"post_tag","embeddable":true,"href":"https:\/\/apuntesdesanluis.com\/index.php\/wp-json\/wp\/v2\/tags?post=27442"}],"curies":[{"name":"wp","href":"https:\/\/api.w.org\/{rel}","templated":true}]}}