{"id":27446,"date":"2024-12-31T20:21:43","date_gmt":"2024-12-31T23:21:43","guid":{"rendered":"https:\/\/apuntesdesanluis.com\/?p=27446"},"modified":"2024-12-31T20:24:54","modified_gmt":"2024-12-31T23:24:54","slug":"insolito-con-tobillera-electronica-un-fiscal-atendera-durante-la-feria-aunque-no-cuestiones-de-genero","status":"publish","type":"post","link":"https:\/\/apuntesdesanluis.com\/index.php\/2024\/12\/31\/insolito-con-tobillera-electronica-un-fiscal-atendera-durante-la-feria-aunque-no-cuestiones-de-genero\/","title":{"rendered":"INS\u00d3LITO: CON TOBILLERA ELECTR\u00d3NICA, UN FISCAL ATENDER\u00c1 DURANTE LA FERIA, AUNQUE NO CUESTIONES \u201cDE G\u00c9NERO\u201d"},"content":{"rendered":"<h3>As\u00ed como lo lee. Se trata del Fiscal Adjunto de la Primera Circunscripci\u00f3n, <strong>Fernando Andr\u00e9s Salas<\/strong>, quien ir\u00e1 a juicio oral el pr\u00f3ximo a\u00f1o, imputado por cinco hechos de amenazas y cinco de desobediencia, todos en un contexto de violencia de g\u00e9nero y en concurso real.<\/h3>\n<h3>As\u00ed lo dispuso el pasado martes 17 la jueza de Garant\u00eda, Agustina Dopazo Samper, al final de la audiencia de formulaci\u00f3n de cargos.<\/h3>\n<h3>Por delitos similares, y por reincidencia, en muchos casos a los imputados &#8220;sin coronita&#8221; se les dicta prisi\u00f3n preventiva y son destinados al Servicio Penitenciario Provincial, mientras se sustancia la prueba. En nuestra provincia, no obstante, los hombres de leyes conservan ciertos privilegios y pueden continuar en funciones&#8230;<\/h3>\n<p><img fetchpriority=\"high\" decoding=\"async\" class=\"wp-image-27449 aligncenter\" src=\"https:\/\/apuntesdesanluis.com\/wp-content\/uploads\/2024\/12\/trabajo-de-salas-298x300.png\" alt=\"\" width=\"589\" height=\"593\" srcset=\"https:\/\/apuntesdesanluis.com\/wp-content\/uploads\/2024\/12\/trabajo-de-salas-298x300.png 298w, https:\/\/apuntesdesanluis.com\/wp-content\/uploads\/2024\/12\/trabajo-de-salas-150x150.png 150w, https:\/\/apuntesdesanluis.com\/wp-content\/uploads\/2024\/12\/trabajo-de-salas.png 606w\" sizes=\"(max-width: 589px) 100vw, 589px\" \/><\/p>\n<h3><strong>ANTECEDENTES<\/strong><\/h3>\n<h3>Salas desempe\u00f1a sus funciones de manera remota y bajo monitoreo electr\u00f3nico. Fue denunciado el a\u00f1o pasado por hechos de violencia que involucran tanto a su expareja como a sus hijas. Sin embargo, durante el proceso, se registraron nuevos episodios.<\/h3>\n<h3>El fiscal Maximiliano Bazla Cassina ratific\u00f3 el pedido de una condena de dos a\u00f1os de prisi\u00f3n en suspenso. Por otro lado, a pedido del abogado querellante, Santiago Calder\u00f3n Salom\u00f3n, la jueza decidi\u00f3 extender por tres meses m\u00e1s la prohibici\u00f3n de acercamiento y el uso de tobillera electr\u00f3nica, al considerarse que existe un riesgo vigente en el caso.<\/h3>\n<h3>Durante la investigaci\u00f3n, se reunieron pruebas que evidencian \u201cviolencia psicol\u00f3gica, amenazas, agresiones verbales, hostigamiento, control y descalificaciones hacia su expareja y sus hijas\u201d.<\/h3>\n<h3>Cabe recordar que en agosto se hab\u00eda planteado una suspensi\u00f3n del juicio a prueba, bajo la condici\u00f3n de que Salas cumpliera ciertas medidas, incluida su internaci\u00f3n en una cl\u00ednica privada fuera de San Luis. Sin embargo, esta propuesta fue rechazada debido a la oposici\u00f3n de la defensora de Ni\u00f1ez, Adolescencia e Incapaces, Marcela Torres Cappiello, lo que motiv\u00f3 la decisi\u00f3n final de la jueza Dopazo Samper.<\/h3>\n<h3>Tras finalizar Audiencia de Control de Acusaci\u00f3n, la <strong>Procuraci\u00f3n General<\/strong> de la Provincia inform\u00f3 la remisi\u00f3n de la causa contra el cuestionado fiscal Fernando Salas, al <strong>Jurado de Enjuiciamiento de Magistrados y Funcionarios Judiciales<\/strong>, \u201cen virtud de las causales de remoci\u00f3n establecidas en los apartados III y V del art\u00edculo 22 de la Ley N\u00ba VI-0478-2005\u201d.<\/h3>\n<h3>Tales causales son:<\/h3>\n<h3><strong>Inconducta:<\/strong> espec\u00edficamente por la presunta comisi\u00f3n de actos inmorales o indecorosos que podr\u00edan generar descr\u00e9dito p\u00fablico.<\/h3>\n<h3><strong>Comisi\u00f3n de delitos comunes<\/strong> <strong>y otras posibles causales<\/strong> que surjan de los hechos expuestos en la acusaci\u00f3n fiscal.<\/h3>\n<h3>La remisi\u00f3n al Jurado de Enjuiciamiento constituye un paso procesal clave en este tipo de casos, donde se evaluar\u00e1 la conducta y las responsabilidades del funcionario denunciado en el ejercicio de sus funciones.<\/h3>\n<p><img decoding=\"async\" class=\"wp-image-26873 aligncenter\" src=\"https:\/\/apuntesdesanluis.com\/wp-content\/uploads\/2024\/12\/PROCURADOR-LUIS-MARTINEZ-300x186.png\" alt=\"\" width=\"686\" height=\"425\" srcset=\"https:\/\/apuntesdesanluis.com\/wp-content\/uploads\/2024\/12\/PROCURADOR-LUIS-MARTINEZ-300x186.png 300w, https:\/\/apuntesdesanluis.com\/wp-content\/uploads\/2024\/12\/PROCURADOR-LUIS-MARTINEZ.png 700w\" sizes=\"(max-width: 686px) 100vw, 686px\" \/><\/p>\n<h3>Por sentido com\u00fan, un fiscal procesado y en la mira del Jury, se supone que ya deber\u00eda encontrarse suspendido en sus funciones. Pero no, en el mundillo judicial puntano nada es lo que parece ni se ajusta a la l\u00f3gica.<\/h3>\n<h3>Al d\u00eda siguiente de conocerse la elevaci\u00f3n de la causa a juicio oral, el Procurador General <strong>Luis Martinez<\/strong> dispuso que seguir\u00e1 trabajando, durante la feria judicial. Cosa de locos, mire vea\u2026<\/h3>\n<h3><\/h3>\n<p>&nbsp;<\/p>\n<h3><strong>VER: <a href=\"https:\/\/apuntesdesanluis.com\/wp-content\/uploads\/2024\/12\/RESOLUCION-No-26-MPF-2024-DR-SALAS-ANDRES.pdf\" target=\"_blank\" rel=\"noopener\"><span style=\"color: #3366ff;\">RESOLUCI\u00d3N N\u00b0 26 DE LA PROCURACI\u00d3N GENERAL<\/span><\/a><\/strong><\/h3>\n<p>&nbsp;<\/p>\n<p>&nbsp;<\/p>\n<p>&nbsp;<\/p>\n","protected":false},"excerpt":{"rendered":"<p>As\u00ed como lo lee. Se trata del Fiscal Adjunto de la Primera Circunscripci\u00f3n, Fernando Andr\u00e9s&#8230;<\/p>\n","protected":false},"author":1,"featured_media":20762,"comment_status":"closed","ping_status":"closed","sticky":false,"template":"","format":"standard","meta":{"footnotes":""},"categories":[9],"tags":[],"class_list":["post-27446","post","type-post","status-publish","format-standard","has-post-thumbnail","hentry","category-opinion"],"yoast_head":"<!-- This site is optimized with the Yoast SEO plugin v26.1.1 - https:\/\/yoast.com\/wordpress\/plugins\/seo\/ -->\n<title>INS\u00d3LITO: CON TOBILLERA ELECTR\u00d3NICA, UN FISCAL ATENDER\u00c1 DURANTE LA FERIA, AUNQUE NO CUESTIONES \u201cDE G\u00c9NERO\u201d - Apuntes de San Luis<\/title>\n<meta name=\"robots\" content=\"index, follow, max-snippet:-1, max-image-preview:large, max-video-preview:-1\" \/>\n<link rel=\"canonical\" href=\"https:\/\/apuntesdesanluis.com\/index.php\/2024\/12\/31\/insolito-con-tobillera-electronica-un-fiscal-atendera-durante-la-feria-aunque-no-cuestiones-de-genero\/\" \/>\n<meta property=\"og:locale\" content=\"es_ES\" \/>\n<meta property=\"og:type\" content=\"article\" \/>\n<meta property=\"og:title\" content=\"INS\u00d3LITO: CON TOBILLERA ELECTR\u00d3NICA, UN FISCAL ATENDER\u00c1 DURANTE LA FERIA, AUNQUE NO CUESTIONES \u201cDE G\u00c9NERO\u201d - Apuntes de San Luis\" \/>\n<meta property=\"og:description\" content=\"As\u00ed como lo lee. Se trata del Fiscal Adjunto de la Primera Circunscripci\u00f3n, Fernando Andr\u00e9s...\" \/>\n<meta property=\"og:url\" content=\"https:\/\/apuntesdesanluis.com\/index.php\/2024\/12\/31\/insolito-con-tobillera-electronica-un-fiscal-atendera-durante-la-feria-aunque-no-cuestiones-de-genero\/\" \/>\n<meta property=\"og:site_name\" content=\"Apuntes de San Luis\" \/>\n<meta property=\"article:published_time\" content=\"2024-12-31T23:21:43+00:00\" \/>\n<meta property=\"article:modified_time\" content=\"2024-12-31T23:24:54+00:00\" \/>\n<meta property=\"og:image\" content=\"https:\/\/apuntesdesanluis.com\/wp-content\/uploads\/2024\/08\/fernando-salas.png\" \/>\n\t<meta property=\"og:image:width\" content=\"700\" \/>\n\t<meta property=\"og:image:height\" content=\"446\" \/>\n\t<meta property=\"og:image:type\" content=\"image\/png\" \/>\n<meta name=\"author\" content=\"apuntesdesanluis.com\" \/>\n<meta name=\"twitter:card\" content=\"summary_large_image\" \/>\n<meta name=\"twitter:label1\" content=\"Escrito por\" \/>\n\t<meta name=\"twitter:data1\" content=\"apuntesdesanluis.com\" \/>\n\t<meta name=\"twitter:label2\" content=\"Tiempo de lectura\" \/>\n\t<meta name=\"twitter:data2\" content=\"3 minutos\" \/>\n<script type=\"application\/ld+json\" class=\"yoast-schema-graph\">{\"@context\":\"https:\/\/schema.org\",\"@graph\":[{\"@type\":\"Article\",\"@id\":\"https:\/\/apuntesdesanluis.com\/index.php\/2024\/12\/31\/insolito-con-tobillera-electronica-un-fiscal-atendera-durante-la-feria-aunque-no-cuestiones-de-genero\/#article\",\"isPartOf\":{\"@id\":\"https:\/\/apuntesdesanluis.com\/index.php\/2024\/12\/31\/insolito-con-tobillera-electronica-un-fiscal-atendera-durante-la-feria-aunque-no-cuestiones-de-genero\/\"},\"author\":{\"name\":\"apuntesdesanluis.com\",\"@id\":\"https:\/\/apuntesdesanluis.com\/#\/schema\/person\/b55151d52296fcce64d1a72538a70b90\"},\"headline\":\"INS\u00d3LITO: CON TOBILLERA ELECTR\u00d3NICA, UN FISCAL ATENDER\u00c1 DURANTE LA FERIA, AUNQUE NO CUESTIONES \u201cDE G\u00c9NERO\u201d\",\"datePublished\":\"2024-12-31T23:21:43+00:00\",\"dateModified\":\"2024-12-31T23:24:54+00:00\",\"mainEntityOfPage\":{\"@id\":\"https:\/\/apuntesdesanluis.com\/index.php\/2024\/12\/31\/insolito-con-tobillera-electronica-un-fiscal-atendera-durante-la-feria-aunque-no-cuestiones-de-genero\/\"},\"wordCount\":576,\"publisher\":{\"@id\":\"https:\/\/apuntesdesanluis.com\/#\/schema\/person\/b55151d52296fcce64d1a72538a70b90\"},\"image\":{\"@id\":\"https:\/\/apuntesdesanluis.com\/index.php\/2024\/12\/31\/insolito-con-tobillera-electronica-un-fiscal-atendera-durante-la-feria-aunque-no-cuestiones-de-genero\/#primaryimage\"},\"thumbnailUrl\":\"https:\/\/apuntesdesanluis.com\/wp-content\/uploads\/2024\/08\/fernando-salas.png\",\"articleSection\":[\"Opini\u00f3n\"],\"inLanguage\":\"es-AR\"},{\"@type\":\"WebPage\",\"@id\":\"https:\/\/apuntesdesanluis.com\/index.php\/2024\/12\/31\/insolito-con-tobillera-electronica-un-fiscal-atendera-durante-la-feria-aunque-no-cuestiones-de-genero\/\",\"url\":\"https:\/\/apuntesdesanluis.com\/index.php\/2024\/12\/31\/insolito-con-tobillera-electronica-un-fiscal-atendera-durante-la-feria-aunque-no-cuestiones-de-genero\/\",\"name\":\"INS\u00d3LITO: CON TOBILLERA ELECTR\u00d3NICA, UN FISCAL ATENDER\u00c1 DURANTE LA FERIA, AUNQUE NO CUESTIONES \u201cDE G\u00c9NERO\u201d - Apuntes de San Luis\",\"isPartOf\":{\"@id\":\"https:\/\/apuntesdesanluis.com\/#website\"},\"primaryImageOfPage\":{\"@id\":\"https:\/\/apuntesdesanluis.com\/index.php\/2024\/12\/31\/insolito-con-tobillera-electronica-un-fiscal-atendera-durante-la-feria-aunque-no-cuestiones-de-genero\/#primaryimage\"},\"image\":{\"@id\":\"https:\/\/apuntesdesanluis.com\/index.php\/2024\/12\/31\/insolito-con-tobillera-electronica-un-fiscal-atendera-durante-la-feria-aunque-no-cuestiones-de-genero\/#primaryimage\"},\"thumbnailUrl\":\"https:\/\/apuntesdesanluis.com\/wp-content\/uploads\/2024\/08\/fernando-salas.png\",\"datePublished\":\"2024-12-31T23:21:43+00:00\",\"dateModified\":\"2024-12-31T23:24:54+00:00\",\"breadcrumb\":{\"@id\":\"https:\/\/apuntesdesanluis.com\/index.php\/2024\/12\/31\/insolito-con-tobillera-electronica-un-fiscal-atendera-durante-la-feria-aunque-no-cuestiones-de-genero\/#breadcrumb\"},\"inLanguage\":\"es-AR\",\"potentialAction\":[{\"@type\":\"ReadAction\",\"target\":[\"https:\/\/apuntesdesanluis.com\/index.php\/2024\/12\/31\/insolito-con-tobillera-electronica-un-fiscal-atendera-durante-la-feria-aunque-no-cuestiones-de-genero\/\"]}]},{\"@type\":\"ImageObject\",\"inLanguage\":\"es-AR\",\"@id\":\"https:\/\/apuntesdesanluis.com\/index.php\/2024\/12\/31\/insolito-con-tobillera-electronica-un-fiscal-atendera-durante-la-feria-aunque-no-cuestiones-de-genero\/#primaryimage\",\"url\":\"https:\/\/apuntesdesanluis.com\/wp-content\/uploads\/2024\/08\/fernando-salas.png\",\"contentUrl\":\"https:\/\/apuntesdesanluis.com\/wp-content\/uploads\/2024\/08\/fernando-salas.png\",\"width\":700,\"height\":446},{\"@type\":\"BreadcrumbList\",\"@id\":\"https:\/\/apuntesdesanluis.com\/index.php\/2024\/12\/31\/insolito-con-tobillera-electronica-un-fiscal-atendera-durante-la-feria-aunque-no-cuestiones-de-genero\/#breadcrumb\",\"itemListElement\":[{\"@type\":\"ListItem\",\"position\":1,\"name\":\"Inicio\",\"item\":\"https:\/\/apuntesdesanluis.com\/\"},{\"@type\":\"ListItem\",\"position\":2,\"name\":\"INS\u00d3LITO: CON TOBILLERA ELECTR\u00d3NICA, UN FISCAL ATENDER\u00c1 DURANTE LA FERIA, AUNQUE NO CUESTIONES \u201cDE G\u00c9NERO\u201d\"}]},{\"@type\":\"WebSite\",\"@id\":\"https:\/\/apuntesdesanluis.com\/#website\",\"url\":\"https:\/\/apuntesdesanluis.com\/\",\"name\":\"Apuntes de San Luis\",\"description\":\"\",\"publisher\":{\"@id\":\"https:\/\/apuntesdesanluis.com\/#\/schema\/person\/b55151d52296fcce64d1a72538a70b90\"},\"potentialAction\":[{\"@type\":\"SearchAction\",\"target\":{\"@type\":\"EntryPoint\",\"urlTemplate\":\"https:\/\/apuntesdesanluis.com\/?s={search_term_string}\"},\"query-input\":{\"@type\":\"PropertyValueSpecification\",\"valueRequired\":true,\"valueName\":\"search_term_string\"}}],\"inLanguage\":\"es-AR\"},{\"@type\":[\"Person\",\"Organization\"],\"@id\":\"https:\/\/apuntesdesanluis.com\/#\/schema\/person\/b55151d52296fcce64d1a72538a70b90\",\"name\":\"apuntesdesanluis.com\",\"image\":{\"@type\":\"ImageObject\",\"inLanguage\":\"es-AR\",\"@id\":\"https:\/\/apuntesdesanluis.com\/#\/schema\/person\/image\/\",\"url\":\"https:\/\/apuntesdesanluis.com\/wp-content\/uploads\/2023\/07\/cropped-apuntesdesanluis.png\",\"contentUrl\":\"https:\/\/apuntesdesanluis.com\/wp-content\/uploads\/2023\/07\/cropped-apuntesdesanluis.png\",\"width\":450,\"height\":112,\"caption\":\"apuntesdesanluis.com\"},\"logo\":{\"@id\":\"https:\/\/apuntesdesanluis.com\/#\/schema\/person\/image\/\"},\"sameAs\":[\"https:\/\/apuntesdesanluis.com\"],\"url\":\"https:\/\/apuntesdesanluis.com\/index.php\/author\/apuntesdesanluis-com\/\"}]}<\/script>\n<!-- \/ Yoast SEO plugin. -->","yoast_head_json":{"title":"INS\u00d3LITO: CON TOBILLERA ELECTR\u00d3NICA, UN FISCAL ATENDER\u00c1 DURANTE LA FERIA, AUNQUE NO CUESTIONES \u201cDE G\u00c9NERO\u201d - Apuntes de San Luis","robots":{"index":"index","follow":"follow","max-snippet":"max-snippet:-1","max-image-preview":"max-image-preview:large","max-video-preview":"max-video-preview:-1"},"canonical":"https:\/\/apuntesdesanluis.com\/index.php\/2024\/12\/31\/insolito-con-tobillera-electronica-un-fiscal-atendera-durante-la-feria-aunque-no-cuestiones-de-genero\/","og_locale":"es_ES","og_type":"article","og_title":"INS\u00d3LITO: CON TOBILLERA ELECTR\u00d3NICA, UN FISCAL ATENDER\u00c1 DURANTE LA FERIA, AUNQUE NO CUESTIONES \u201cDE G\u00c9NERO\u201d - Apuntes de San Luis","og_description":"As\u00ed como lo lee. Se trata del Fiscal Adjunto de la Primera Circunscripci\u00f3n, Fernando Andr\u00e9s...","og_url":"https:\/\/apuntesdesanluis.com\/index.php\/2024\/12\/31\/insolito-con-tobillera-electronica-un-fiscal-atendera-durante-la-feria-aunque-no-cuestiones-de-genero\/","og_site_name":"Apuntes de San Luis","article_published_time":"2024-12-31T23:21:43+00:00","article_modified_time":"2024-12-31T23:24:54+00:00","og_image":[{"width":700,"height":446,"url":"https:\/\/apuntesdesanluis.com\/wp-content\/uploads\/2024\/08\/fernando-salas.png","type":"image\/png"}],"author":"apuntesdesanluis.com","twitter_card":"summary_large_image","twitter_misc":{"Escrito por":"apuntesdesanluis.com","Tiempo de lectura":"3 minutos"},"schema":{"@context":"https:\/\/schema.org","@graph":[{"@type":"Article","@id":"https:\/\/apuntesdesanluis.com\/index.php\/2024\/12\/31\/insolito-con-tobillera-electronica-un-fiscal-atendera-durante-la-feria-aunque-no-cuestiones-de-genero\/#article","isPartOf":{"@id":"https:\/\/apuntesdesanluis.com\/index.php\/2024\/12\/31\/insolito-con-tobillera-electronica-un-fiscal-atendera-durante-la-feria-aunque-no-cuestiones-de-genero\/"},"author":{"name":"apuntesdesanluis.com","@id":"https:\/\/apuntesdesanluis.com\/#\/schema\/person\/b55151d52296fcce64d1a72538a70b90"},"headline":"INS\u00d3LITO: CON TOBILLERA ELECTR\u00d3NICA, UN FISCAL ATENDER\u00c1 DURANTE LA FERIA, AUNQUE NO CUESTIONES \u201cDE G\u00c9NERO\u201d","datePublished":"2024-12-31T23:21:43+00:00","dateModified":"2024-12-31T23:24:54+00:00","mainEntityOfPage":{"@id":"https:\/\/apuntesdesanluis.com\/index.php\/2024\/12\/31\/insolito-con-tobillera-electronica-un-fiscal-atendera-durante-la-feria-aunque-no-cuestiones-de-genero\/"},"wordCount":576,"publisher":{"@id":"https:\/\/apuntesdesanluis.com\/#\/schema\/person\/b55151d52296fcce64d1a72538a70b90"},"image":{"@id":"https:\/\/apuntesdesanluis.com\/index.php\/2024\/12\/31\/insolito-con-tobillera-electronica-un-fiscal-atendera-durante-la-feria-aunque-no-cuestiones-de-genero\/#primaryimage"},"thumbnailUrl":"https:\/\/apuntesdesanluis.com\/wp-content\/uploads\/2024\/08\/fernando-salas.png","articleSection":["Opini\u00f3n"],"inLanguage":"es-AR"},{"@type":"WebPage","@id":"https:\/\/apuntesdesanluis.com\/index.php\/2024\/12\/31\/insolito-con-tobillera-electronica-un-fiscal-atendera-durante-la-feria-aunque-no-cuestiones-de-genero\/","url":"https:\/\/apuntesdesanluis.com\/index.php\/2024\/12\/31\/insolito-con-tobillera-electronica-un-fiscal-atendera-durante-la-feria-aunque-no-cuestiones-de-genero\/","name":"INS\u00d3LITO: CON TOBILLERA ELECTR\u00d3NICA, UN FISCAL ATENDER\u00c1 DURANTE LA FERIA, AUNQUE NO CUESTIONES \u201cDE G\u00c9NERO\u201d - Apuntes de San Luis","isPartOf":{"@id":"https:\/\/apuntesdesanluis.com\/#website"},"primaryImageOfPage":{"@id":"https:\/\/apuntesdesanluis.com\/index.php\/2024\/12\/31\/insolito-con-tobillera-electronica-un-fiscal-atendera-durante-la-feria-aunque-no-cuestiones-de-genero\/#primaryimage"},"image":{"@id":"https:\/\/apuntesdesanluis.com\/index.php\/2024\/12\/31\/insolito-con-tobillera-electronica-un-fiscal-atendera-durante-la-feria-aunque-no-cuestiones-de-genero\/#primaryimage"},"thumbnailUrl":"https:\/\/apuntesdesanluis.com\/wp-content\/uploads\/2024\/08\/fernando-salas.png","datePublished":"2024-12-31T23:21:43+00:00","dateModified":"2024-12-31T23:24:54+00:00","breadcrumb":{"@id":"https:\/\/apuntesdesanluis.com\/index.php\/2024\/12\/31\/insolito-con-tobillera-electronica-un-fiscal-atendera-durante-la-feria-aunque-no-cuestiones-de-genero\/#breadcrumb"},"inLanguage":"es-AR","potentialAction":[{"@type":"ReadAction","target":["https:\/\/apuntesdesanluis.com\/index.php\/2024\/12\/31\/insolito-con-tobillera-electronica-un-fiscal-atendera-durante-la-feria-aunque-no-cuestiones-de-genero\/"]}]},{"@type":"ImageObject","inLanguage":"es-AR","@id":"https:\/\/apuntesdesanluis.com\/index.php\/2024\/12\/31\/insolito-con-tobillera-electronica-un-fiscal-atendera-durante-la-feria-aunque-no-cuestiones-de-genero\/#primaryimage","url":"https:\/\/apuntesdesanluis.com\/wp-content\/uploads\/2024\/08\/fernando-salas.png","contentUrl":"https:\/\/apuntesdesanluis.com\/wp-content\/uploads\/2024\/08\/fernando-salas.png","width":700,"height":446},{"@type":"BreadcrumbList","@id":"https:\/\/apuntesdesanluis.com\/index.php\/2024\/12\/31\/insolito-con-tobillera-electronica-un-fiscal-atendera-durante-la-feria-aunque-no-cuestiones-de-genero\/#breadcrumb","itemListElement":[{"@type":"ListItem","position":1,"name":"Inicio","item":"https:\/\/apuntesdesanluis.com\/"},{"@type":"ListItem","position":2,"name":"INS\u00d3LITO: CON TOBILLERA ELECTR\u00d3NICA, UN FISCAL ATENDER\u00c1 DURANTE LA FERIA, AUNQUE NO CUESTIONES \u201cDE G\u00c9NERO\u201d"}]},{"@type":"WebSite","@id":"https:\/\/apuntesdesanluis.com\/#website","url":"https:\/\/apuntesdesanluis.com\/","name":"Apuntes de San Luis","description":"","publisher":{"@id":"https:\/\/apuntesdesanluis.com\/#\/schema\/person\/b55151d52296fcce64d1a72538a70b90"},"potentialAction":[{"@type":"SearchAction","target":{"@type":"EntryPoint","urlTemplate":"https:\/\/apuntesdesanluis.com\/?s={search_term_string}"},"query-input":{"@type":"PropertyValueSpecification","valueRequired":true,"valueName":"search_term_string"}}],"inLanguage":"es-AR"},{"@type":["Person","Organization"],"@id":"https:\/\/apuntesdesanluis.com\/#\/schema\/person\/b55151d52296fcce64d1a72538a70b90","name":"apuntesdesanluis.com","image":{"@type":"ImageObject","inLanguage":"es-AR","@id":"https:\/\/apuntesdesanluis.com\/#\/schema\/person\/image\/","url":"https:\/\/apuntesdesanluis.com\/wp-content\/uploads\/2023\/07\/cropped-apuntesdesanluis.png","contentUrl":"https:\/\/apuntesdesanluis.com\/wp-content\/uploads\/2023\/07\/cropped-apuntesdesanluis.png","width":450,"height":112,"caption":"apuntesdesanluis.com"},"logo":{"@id":"https:\/\/apuntesdesanluis.com\/#\/schema\/person\/image\/"},"sameAs":["https:\/\/apuntesdesanluis.com"],"url":"https:\/\/apuntesdesanluis.com\/index.php\/author\/apuntesdesanluis-com\/"}]}},"featured_image_urls":{"full":["https:\/\/apuntesdesanluis.com\/wp-content\/uploads\/2024\/08\/fernando-salas.png",700,446,false],"thumbnail":["https:\/\/apuntesdesanluis.com\/wp-content\/uploads\/2024\/08\/fernando-salas-150x150.png",150,150,true],"medium":["https:\/\/apuntesdesanluis.com\/wp-content\/uploads\/2024\/08\/fernando-salas-300x191.png",300,191,true],"medium_large":["https:\/\/apuntesdesanluis.com\/wp-content\/uploads\/2024\/08\/fernando-salas.png",640,408,false],"large":["https:\/\/apuntesdesanluis.com\/wp-content\/uploads\/2024\/08\/fernando-salas.png",640,408,false],"1536x1536":["https:\/\/apuntesdesanluis.com\/wp-content\/uploads\/2024\/08\/fernando-salas.png",700,446,false],"2048x2048":["https:\/\/apuntesdesanluis.com\/wp-content\/uploads\/2024\/08\/fernando-salas.png",700,446,false],"newsever-slider-full":["https:\/\/apuntesdesanluis.com\/wp-content\/uploads\/2024\/08\/fernando-salas.png",700,446,false],"newsever-featured":["https:\/\/apuntesdesanluis.com\/wp-content\/uploads\/2024\/08\/fernando-salas.png",700,446,false],"newsever-medium":["https:\/\/apuntesdesanluis.com\/wp-content\/uploads\/2024\/08\/fernando-salas.png",700,446,false]},"author_info":{"display_name":"apuntesdesanluis.com","author_link":"https:\/\/apuntesdesanluis.com\/index.php\/author\/apuntesdesanluis-com\/"},"category_info":"<a href=\"https:\/\/apuntesdesanluis.com\/index.php\/category\/opinion\/\" rel=\"category tag\">Opini\u00f3n<\/a>","tag_info":"Opini\u00f3n","comment_count":"0","_links":{"self":[{"href":"https:\/\/apuntesdesanluis.com\/index.php\/wp-json\/wp\/v2\/posts\/27446","targetHints":{"allow":["GET"]}}],"collection":[{"href":"https:\/\/apuntesdesanluis.com\/index.php\/wp-json\/wp\/v2\/posts"}],"about":[{"href":"https:\/\/apuntesdesanluis.com\/index.php\/wp-json\/wp\/v2\/types\/post"}],"author":[{"embeddable":true,"href":"https:\/\/apuntesdesanluis.com\/index.php\/wp-json\/wp\/v2\/users\/1"}],"replies":[{"embeddable":true,"href":"https:\/\/apuntesdesanluis.com\/index.php\/wp-json\/wp\/v2\/comments?post=27446"}],"version-history":[{"count":6,"href":"https:\/\/apuntesdesanluis.com\/index.php\/wp-json\/wp\/v2\/posts\/27446\/revisions"}],"predecessor-version":[{"id":27454,"href":"https:\/\/apuntesdesanluis.com\/index.php\/wp-json\/wp\/v2\/posts\/27446\/revisions\/27454"}],"wp:featuredmedia":[{"embeddable":true,"href":"https:\/\/apuntesdesanluis.com\/index.php\/wp-json\/wp\/v2\/media\/20762"}],"wp:attachment":[{"href":"https:\/\/apuntesdesanluis.com\/index.php\/wp-json\/wp\/v2\/media?parent=27446"}],"wp:term":[{"taxonomy":"category","embeddable":true,"href":"https:\/\/apuntesdesanluis.com\/index.php\/wp-json\/wp\/v2\/categories?post=27446"},{"taxonomy":"post_tag","embeddable":true,"href":"https:\/\/apuntesdesanluis.com\/index.php\/wp-json\/wp\/v2\/tags?post=27446"}],"curies":[{"name":"wp","href":"https:\/\/api.w.org\/{rel}","templated":true}]}}