{"id":2748,"date":"2023-09-06T03:04:39","date_gmt":"2023-09-06T06:04:39","guid":{"rendered":"https:\/\/apuntesdesanluis.com\/?p=2748"},"modified":"2023-09-06T08:56:21","modified_gmt":"2023-09-06T11:56:21","slug":"senadores-dio-media-sancion-a-la-modificacion-del-presupuesto-provincial-2023","status":"publish","type":"post","link":"https:\/\/apuntesdesanluis.com\/index.php\/2023\/09\/06\/senadores-dio-media-sancion-a-la-modificacion-del-presupuesto-provincial-2023\/","title":{"rendered":"SENADORES DIO MEDIA SANCI\u00d3N A LA MODIFICACI\u00d3N DEL PRESUPUESTO PROVINCIAL 2023"},"content":{"rendered":"<h3>A pesar de las cr\u00edticas opositoras, la C\u00e1mara de Senadores de la provincia, con el voto mayoritario del bloque oficialista, aprob\u00f3 este martes la modificaci\u00f3n del Art\u00edculo 11 del Presupuesto General de Gastos y Recursos 2023, que se refiere a la cantidad de cargos en la administraci\u00f3n p\u00fablica.<\/h3>\n<h3>El proyecto se trat\u00f3 en tiempo r\u00e9cord y est\u00e1 dirigido a cumplir con el compromiso que asumi\u00f3 el gobierno antes de las pasadas elecciones del 11 de junio, cuando adelant\u00f3 a los integrantes de planes sociales que serian pasados a planta contratada.<\/h3>\n<h3>Precisamente en la \u00faltima semana se produjeron protestas y manifestaciones en San Luis y Villa Mercedes de integrantes del Plan de Inclusi\u00f3n Social, exigiendo que el Ejecutivo de una respuesta a la promesa efectuada en tiempos electorales.<\/h3>\n<h3>Con la modificaci\u00f3n efectuada al presupuesto actual, cuando la C\u00e1mara de Diputados le d\u00e9 la media sanci\u00f3n restante, el gobierno podr\u00e1 designar los cargos que desee y ampliar las horas c\u00e1tedra como considere conveniente, a su total arbitrio.<\/h3>\n<h3>El art. 11 quedar\u00e1 redactado de la siguiente manera:<\/h3>\n<h3>\u201cEstablecer el n\u00famero de cargos de la Administraci\u00f3n Central y Organismos Descentralizados en TREINTA Y TRES MIL SETECIENTOS CINCUENTA Y SIETE (33.757), el n\u00famero de horas c\u00e1tedra en SETENTA MIL QUINIENTOS NOVENTA Y SEIS (70.596) y el n\u00famero de cargos del Poder Judicial en UN MIL CUATROCIENTOS TREINTA Y UNO (1.431), los que se encuentran detallados en las Planillas Anexas que forman parte integrante de la presente Ley.<\/h3>\n<h3>El Poder Ejecutivo Provincial podr\u00e1 aumentar el n\u00famero total de cargos y horas c\u00e1tedra antes establecidos, y deber\u00e1 priorizar la designaci\u00f3n de aquellas personas beneficiarias del Plan Inclusi\u00f3n Social que se encuentren cumpliendo funciones en los establecimientos p\u00fablicos, y que re\u00fanan el perfil y funci\u00f3n requerida. El aumento s\u00f3lo podr\u00e1 realizarse cuando se cuente con el recurso presupuestario correspondiente; asimismo podr\u00e1 disponer modificaciones en la distribuci\u00f3n de los mismos. Toda reestructuraci\u00f3n que disponga el Poder Ejecutivo en este sentido deber\u00e1 ser comunicada dentro de los TREINTA (30) d\u00edas de producida, a la Legislatura, para su conocimiento\u201d.<\/h3>\n<h3>El senador del Bloque Justicialista, Daniel Camilli, explic\u00f3 los fundamentos del proyecto y defendi\u00f3 su aprobaci\u00f3n.<\/h3>\n<p><iframe title=\"Entrevista Senador Daniel Camilli\" width=\"640\" height=\"360\" src=\"https:\/\/www.youtube.com\/embed\/gWvEVueHgF8?feature=oembed\" frameborder=\"0\" allow=\"accelerometer; autoplay; clipboard-write; encrypted-media; gyroscope; picture-in-picture; web-share\" referrerpolicy=\"strict-origin-when-cross-origin\" allowfullscreen><\/iframe><\/p>\n<h3 dir=\"auto\"><\/h3>\n<h3 dir=\"auto\"><strong>PROYECTO DE LEY TEA<\/strong><\/h3>\n<h3 dir=\"auto\">Por otro lado, en la sesi\u00f3n de este martes el Senado dio sanci\u00f3n definitiva por unanimidad, al Proyecto de Ley en revisi\u00f3n sobre Adhesi\u00f3n de la Provincia a la Ley Nacional N\u00b0 27.043 Abordaje Integral e Interdisciplinario de las Personas que presentan Trastornos del Espectro Autista (TEA).<\/h3>\n<p>&nbsp;<\/p>\n<p><iframe title=\"Senador Diego Garc\u00eda: Adhesi\u00f3n Ley Nacional TEA\" width=\"640\" height=\"480\" src=\"https:\/\/www.youtube.com\/embed\/R1ZtQrfSrTc?feature=oembed\" frameborder=\"0\" allow=\"accelerometer; autoplay; clipboard-write; encrypted-media; gyroscope; picture-in-picture; web-share\" referrerpolicy=\"strict-origin-when-cross-origin\" allowfullscreen><\/iframe><\/p>\n","protected":false},"excerpt":{"rendered":"<p>A pesar de las cr\u00edticas opositoras, la C\u00e1mara de Senadores de la provincia, con el&#8230;<\/p>\n","protected":false},"author":1,"featured_media":2749,"comment_status":"closed","ping_status":"closed","sticky":false,"template":"","format":"standard","meta":{"footnotes":""},"categories":[6],"tags":[],"class_list":["post-2748","post","type-post","status-publish","format-standard","has-post-thumbnail","hentry","category-ciudad-provincia"],"yoast_head":"<!-- This site is optimized with the Yoast SEO plugin v26.1.1 - https:\/\/yoast.com\/wordpress\/plugins\/seo\/ -->\n<title>SENADORES DIO MEDIA SANCI\u00d3N A LA MODIFICACI\u00d3N DEL PRESUPUESTO PROVINCIAL 2023 - Apuntes de San Luis<\/title>\n<meta name=\"robots\" content=\"index, follow, max-snippet:-1, max-image-preview:large, max-video-preview:-1\" \/>\n<link rel=\"canonical\" href=\"https:\/\/apuntesdesanluis.com\/index.php\/2023\/09\/06\/senadores-dio-media-sancion-a-la-modificacion-del-presupuesto-provincial-2023\/\" \/>\n<meta property=\"og:locale\" content=\"es_ES\" \/>\n<meta property=\"og:type\" content=\"article\" \/>\n<meta property=\"og:title\" content=\"SENADORES DIO MEDIA SANCI\u00d3N A LA MODIFICACI\u00d3N DEL PRESUPUESTO PROVINCIAL 2023 - Apuntes de San Luis\" \/>\n<meta property=\"og:description\" content=\"A pesar de las cr\u00edticas opositoras, la C\u00e1mara de Senadores de la provincia, con el...\" \/>\n<meta property=\"og:url\" content=\"https:\/\/apuntesdesanluis.com\/index.php\/2023\/09\/06\/senadores-dio-media-sancion-a-la-modificacion-del-presupuesto-provincial-2023\/\" \/>\n<meta property=\"og:site_name\" content=\"Apuntes de San Luis\" \/>\n<meta property=\"article:published_time\" content=\"2023-09-06T06:04:39+00:00\" \/>\n<meta property=\"article:modified_time\" content=\"2023-09-06T11:56:21+00:00\" \/>\n<meta property=\"og:image\" content=\"https:\/\/apuntesdesanluis.com\/wp-content\/uploads\/2023\/09\/camara-de-senadores.png\" \/>\n\t<meta property=\"og:image:width\" content=\"600\" \/>\n\t<meta property=\"og:image:height\" content=\"328\" \/>\n\t<meta property=\"og:image:type\" content=\"image\/png\" \/>\n<meta name=\"author\" content=\"apuntesdesanluis.com\" \/>\n<meta name=\"twitter:card\" content=\"summary_large_image\" \/>\n<meta name=\"twitter:label1\" content=\"Escrito por\" \/>\n\t<meta name=\"twitter:data1\" content=\"apuntesdesanluis.com\" \/>\n\t<meta name=\"twitter:label2\" content=\"Tiempo de lectura\" \/>\n\t<meta name=\"twitter:data2\" content=\"2 minutos\" \/>\n<script type=\"application\/ld+json\" class=\"yoast-schema-graph\">{\"@context\":\"https:\/\/schema.org\",\"@graph\":[{\"@type\":\"Article\",\"@id\":\"https:\/\/apuntesdesanluis.com\/index.php\/2023\/09\/06\/senadores-dio-media-sancion-a-la-modificacion-del-presupuesto-provincial-2023\/#article\",\"isPartOf\":{\"@id\":\"https:\/\/apuntesdesanluis.com\/index.php\/2023\/09\/06\/senadores-dio-media-sancion-a-la-modificacion-del-presupuesto-provincial-2023\/\"},\"author\":{\"name\":\"apuntesdesanluis.com\",\"@id\":\"https:\/\/apuntesdesanluis.com\/#\/schema\/person\/b55151d52296fcce64d1a72538a70b90\"},\"headline\":\"SENADORES DIO MEDIA SANCI\u00d3N A LA MODIFICACI\u00d3N DEL PRESUPUESTO PROVINCIAL 2023\",\"datePublished\":\"2023-09-06T06:04:39+00:00\",\"dateModified\":\"2023-09-06T11:56:21+00:00\",\"mainEntityOfPage\":{\"@id\":\"https:\/\/apuntesdesanluis.com\/index.php\/2023\/09\/06\/senadores-dio-media-sancion-a-la-modificacion-del-presupuesto-provincial-2023\/\"},\"wordCount\":461,\"publisher\":{\"@id\":\"https:\/\/apuntesdesanluis.com\/#\/schema\/person\/b55151d52296fcce64d1a72538a70b90\"},\"image\":{\"@id\":\"https:\/\/apuntesdesanluis.com\/index.php\/2023\/09\/06\/senadores-dio-media-sancion-a-la-modificacion-del-presupuesto-provincial-2023\/#primaryimage\"},\"thumbnailUrl\":\"https:\/\/apuntesdesanluis.com\/wp-content\/uploads\/2023\/09\/camara-de-senadores.png\",\"articleSection\":[\"Ciudad\/Provincia\"],\"inLanguage\":\"es-AR\"},{\"@type\":\"WebPage\",\"@id\":\"https:\/\/apuntesdesanluis.com\/index.php\/2023\/09\/06\/senadores-dio-media-sancion-a-la-modificacion-del-presupuesto-provincial-2023\/\",\"url\":\"https:\/\/apuntesdesanluis.com\/index.php\/2023\/09\/06\/senadores-dio-media-sancion-a-la-modificacion-del-presupuesto-provincial-2023\/\",\"name\":\"SENADORES DIO MEDIA SANCI\u00d3N A LA MODIFICACI\u00d3N DEL PRESUPUESTO PROVINCIAL 2023 - Apuntes de San Luis\",\"isPartOf\":{\"@id\":\"https:\/\/apuntesdesanluis.com\/#website\"},\"primaryImageOfPage\":{\"@id\":\"https:\/\/apuntesdesanluis.com\/index.php\/2023\/09\/06\/senadores-dio-media-sancion-a-la-modificacion-del-presupuesto-provincial-2023\/#primaryimage\"},\"image\":{\"@id\":\"https:\/\/apuntesdesanluis.com\/index.php\/2023\/09\/06\/senadores-dio-media-sancion-a-la-modificacion-del-presupuesto-provincial-2023\/#primaryimage\"},\"thumbnailUrl\":\"https:\/\/apuntesdesanluis.com\/wp-content\/uploads\/2023\/09\/camara-de-senadores.png\",\"datePublished\":\"2023-09-06T06:04:39+00:00\",\"dateModified\":\"2023-09-06T11:56:21+00:00\",\"breadcrumb\":{\"@id\":\"https:\/\/apuntesdesanluis.com\/index.php\/2023\/09\/06\/senadores-dio-media-sancion-a-la-modificacion-del-presupuesto-provincial-2023\/#breadcrumb\"},\"inLanguage\":\"es-AR\",\"potentialAction\":[{\"@type\":\"ReadAction\",\"target\":[\"https:\/\/apuntesdesanluis.com\/index.php\/2023\/09\/06\/senadores-dio-media-sancion-a-la-modificacion-del-presupuesto-provincial-2023\/\"]}]},{\"@type\":\"ImageObject\",\"inLanguage\":\"es-AR\",\"@id\":\"https:\/\/apuntesdesanluis.com\/index.php\/2023\/09\/06\/senadores-dio-media-sancion-a-la-modificacion-del-presupuesto-provincial-2023\/#primaryimage\",\"url\":\"https:\/\/apuntesdesanluis.com\/wp-content\/uploads\/2023\/09\/camara-de-senadores.png\",\"contentUrl\":\"https:\/\/apuntesdesanluis.com\/wp-content\/uploads\/2023\/09\/camara-de-senadores.png\",\"width\":600,\"height\":328},{\"@type\":\"BreadcrumbList\",\"@id\":\"https:\/\/apuntesdesanluis.com\/index.php\/2023\/09\/06\/senadores-dio-media-sancion-a-la-modificacion-del-presupuesto-provincial-2023\/#breadcrumb\",\"itemListElement\":[{\"@type\":\"ListItem\",\"position\":1,\"name\":\"Inicio\",\"item\":\"https:\/\/apuntesdesanluis.com\/\"},{\"@type\":\"ListItem\",\"position\":2,\"name\":\"SENADORES DIO MEDIA SANCI\u00d3N A LA MODIFICACI\u00d3N DEL PRESUPUESTO PROVINCIAL 2023\"}]},{\"@type\":\"WebSite\",\"@id\":\"https:\/\/apuntesdesanluis.com\/#website\",\"url\":\"https:\/\/apuntesdesanluis.com\/\",\"name\":\"Apuntes de San Luis\",\"description\":\"\",\"publisher\":{\"@id\":\"https:\/\/apuntesdesanluis.com\/#\/schema\/person\/b55151d52296fcce64d1a72538a70b90\"},\"potentialAction\":[{\"@type\":\"SearchAction\",\"target\":{\"@type\":\"EntryPoint\",\"urlTemplate\":\"https:\/\/apuntesdesanluis.com\/?s={search_term_string}\"},\"query-input\":{\"@type\":\"PropertyValueSpecification\",\"valueRequired\":true,\"valueName\":\"search_term_string\"}}],\"inLanguage\":\"es-AR\"},{\"@type\":[\"Person\",\"Organization\"],\"@id\":\"https:\/\/apuntesdesanluis.com\/#\/schema\/person\/b55151d52296fcce64d1a72538a70b90\",\"name\":\"apuntesdesanluis.com\",\"image\":{\"@type\":\"ImageObject\",\"inLanguage\":\"es-AR\",\"@id\":\"https:\/\/apuntesdesanluis.com\/#\/schema\/person\/image\/\",\"url\":\"https:\/\/apuntesdesanluis.com\/wp-content\/uploads\/2023\/07\/cropped-apuntesdesanluis.png\",\"contentUrl\":\"https:\/\/apuntesdesanluis.com\/wp-content\/uploads\/2023\/07\/cropped-apuntesdesanluis.png\",\"width\":450,\"height\":112,\"caption\":\"apuntesdesanluis.com\"},\"logo\":{\"@id\":\"https:\/\/apuntesdesanluis.com\/#\/schema\/person\/image\/\"},\"sameAs\":[\"https:\/\/apuntesdesanluis.com\"],\"url\":\"https:\/\/apuntesdesanluis.com\/index.php\/author\/apuntesdesanluis-com\/\"}]}<\/script>\n<!-- \/ Yoast SEO plugin. -->","yoast_head_json":{"title":"SENADORES DIO MEDIA SANCI\u00d3N A LA MODIFICACI\u00d3N DEL PRESUPUESTO PROVINCIAL 2023 - Apuntes de San Luis","robots":{"index":"index","follow":"follow","max-snippet":"max-snippet:-1","max-image-preview":"max-image-preview:large","max-video-preview":"max-video-preview:-1"},"canonical":"https:\/\/apuntesdesanluis.com\/index.php\/2023\/09\/06\/senadores-dio-media-sancion-a-la-modificacion-del-presupuesto-provincial-2023\/","og_locale":"es_ES","og_type":"article","og_title":"SENADORES DIO MEDIA SANCI\u00d3N A LA MODIFICACI\u00d3N DEL PRESUPUESTO PROVINCIAL 2023 - Apuntes de San Luis","og_description":"A pesar de las cr\u00edticas opositoras, la C\u00e1mara de Senadores de la provincia, con el...","og_url":"https:\/\/apuntesdesanluis.com\/index.php\/2023\/09\/06\/senadores-dio-media-sancion-a-la-modificacion-del-presupuesto-provincial-2023\/","og_site_name":"Apuntes de San Luis","article_published_time":"2023-09-06T06:04:39+00:00","article_modified_time":"2023-09-06T11:56:21+00:00","og_image":[{"width":600,"height":328,"url":"https:\/\/apuntesdesanluis.com\/wp-content\/uploads\/2023\/09\/camara-de-senadores.png","type":"image\/png"}],"author":"apuntesdesanluis.com","twitter_card":"summary_large_image","twitter_misc":{"Escrito por":"apuntesdesanluis.com","Tiempo de lectura":"2 minutos"},"schema":{"@context":"https:\/\/schema.org","@graph":[{"@type":"Article","@id":"https:\/\/apuntesdesanluis.com\/index.php\/2023\/09\/06\/senadores-dio-media-sancion-a-la-modificacion-del-presupuesto-provincial-2023\/#article","isPartOf":{"@id":"https:\/\/apuntesdesanluis.com\/index.php\/2023\/09\/06\/senadores-dio-media-sancion-a-la-modificacion-del-presupuesto-provincial-2023\/"},"author":{"name":"apuntesdesanluis.com","@id":"https:\/\/apuntesdesanluis.com\/#\/schema\/person\/b55151d52296fcce64d1a72538a70b90"},"headline":"SENADORES DIO MEDIA SANCI\u00d3N A LA MODIFICACI\u00d3N DEL PRESUPUESTO PROVINCIAL 2023","datePublished":"2023-09-06T06:04:39+00:00","dateModified":"2023-09-06T11:56:21+00:00","mainEntityOfPage":{"@id":"https:\/\/apuntesdesanluis.com\/index.php\/2023\/09\/06\/senadores-dio-media-sancion-a-la-modificacion-del-presupuesto-provincial-2023\/"},"wordCount":461,"publisher":{"@id":"https:\/\/apuntesdesanluis.com\/#\/schema\/person\/b55151d52296fcce64d1a72538a70b90"},"image":{"@id":"https:\/\/apuntesdesanluis.com\/index.php\/2023\/09\/06\/senadores-dio-media-sancion-a-la-modificacion-del-presupuesto-provincial-2023\/#primaryimage"},"thumbnailUrl":"https:\/\/apuntesdesanluis.com\/wp-content\/uploads\/2023\/09\/camara-de-senadores.png","articleSection":["Ciudad\/Provincia"],"inLanguage":"es-AR"},{"@type":"WebPage","@id":"https:\/\/apuntesdesanluis.com\/index.php\/2023\/09\/06\/senadores-dio-media-sancion-a-la-modificacion-del-presupuesto-provincial-2023\/","url":"https:\/\/apuntesdesanluis.com\/index.php\/2023\/09\/06\/senadores-dio-media-sancion-a-la-modificacion-del-presupuesto-provincial-2023\/","name":"SENADORES DIO MEDIA SANCI\u00d3N A LA MODIFICACI\u00d3N DEL PRESUPUESTO PROVINCIAL 2023 - Apuntes de San Luis","isPartOf":{"@id":"https:\/\/apuntesdesanluis.com\/#website"},"primaryImageOfPage":{"@id":"https:\/\/apuntesdesanluis.com\/index.php\/2023\/09\/06\/senadores-dio-media-sancion-a-la-modificacion-del-presupuesto-provincial-2023\/#primaryimage"},"image":{"@id":"https:\/\/apuntesdesanluis.com\/index.php\/2023\/09\/06\/senadores-dio-media-sancion-a-la-modificacion-del-presupuesto-provincial-2023\/#primaryimage"},"thumbnailUrl":"https:\/\/apuntesdesanluis.com\/wp-content\/uploads\/2023\/09\/camara-de-senadores.png","datePublished":"2023-09-06T06:04:39+00:00","dateModified":"2023-09-06T11:56:21+00:00","breadcrumb":{"@id":"https:\/\/apuntesdesanluis.com\/index.php\/2023\/09\/06\/senadores-dio-media-sancion-a-la-modificacion-del-presupuesto-provincial-2023\/#breadcrumb"},"inLanguage":"es-AR","potentialAction":[{"@type":"ReadAction","target":["https:\/\/apuntesdesanluis.com\/index.php\/2023\/09\/06\/senadores-dio-media-sancion-a-la-modificacion-del-presupuesto-provincial-2023\/"]}]},{"@type":"ImageObject","inLanguage":"es-AR","@id":"https:\/\/apuntesdesanluis.com\/index.php\/2023\/09\/06\/senadores-dio-media-sancion-a-la-modificacion-del-presupuesto-provincial-2023\/#primaryimage","url":"https:\/\/apuntesdesanluis.com\/wp-content\/uploads\/2023\/09\/camara-de-senadores.png","contentUrl":"https:\/\/apuntesdesanluis.com\/wp-content\/uploads\/2023\/09\/camara-de-senadores.png","width":600,"height":328},{"@type":"BreadcrumbList","@id":"https:\/\/apuntesdesanluis.com\/index.php\/2023\/09\/06\/senadores-dio-media-sancion-a-la-modificacion-del-presupuesto-provincial-2023\/#breadcrumb","itemListElement":[{"@type":"ListItem","position":1,"name":"Inicio","item":"https:\/\/apuntesdesanluis.com\/"},{"@type":"ListItem","position":2,"name":"SENADORES DIO MEDIA SANCI\u00d3N A LA MODIFICACI\u00d3N DEL PRESUPUESTO PROVINCIAL 2023"}]},{"@type":"WebSite","@id":"https:\/\/apuntesdesanluis.com\/#website","url":"https:\/\/apuntesdesanluis.com\/","name":"Apuntes de San Luis","description":"","publisher":{"@id":"https:\/\/apuntesdesanluis.com\/#\/schema\/person\/b55151d52296fcce64d1a72538a70b90"},"potentialAction":[{"@type":"SearchAction","target":{"@type":"EntryPoint","urlTemplate":"https:\/\/apuntesdesanluis.com\/?s={search_term_string}"},"query-input":{"@type":"PropertyValueSpecification","valueRequired":true,"valueName":"search_term_string"}}],"inLanguage":"es-AR"},{"@type":["Person","Organization"],"@id":"https:\/\/apuntesdesanluis.com\/#\/schema\/person\/b55151d52296fcce64d1a72538a70b90","name":"apuntesdesanluis.com","image":{"@type":"ImageObject","inLanguage":"es-AR","@id":"https:\/\/apuntesdesanluis.com\/#\/schema\/person\/image\/","url":"https:\/\/apuntesdesanluis.com\/wp-content\/uploads\/2023\/07\/cropped-apuntesdesanluis.png","contentUrl":"https:\/\/apuntesdesanluis.com\/wp-content\/uploads\/2023\/07\/cropped-apuntesdesanluis.png","width":450,"height":112,"caption":"apuntesdesanluis.com"},"logo":{"@id":"https:\/\/apuntesdesanluis.com\/#\/schema\/person\/image\/"},"sameAs":["https:\/\/apuntesdesanluis.com"],"url":"https:\/\/apuntesdesanluis.com\/index.php\/author\/apuntesdesanluis-com\/"}]}},"featured_image_urls":{"full":["https:\/\/apuntesdesanluis.com\/wp-content\/uploads\/2023\/09\/camara-de-senadores.png",600,328,false],"thumbnail":["https:\/\/apuntesdesanluis.com\/wp-content\/uploads\/2023\/09\/camara-de-senadores-150x150.png",150,150,true],"medium":["https:\/\/apuntesdesanluis.com\/wp-content\/uploads\/2023\/09\/camara-de-senadores-300x164.png",300,164,true],"medium_large":["https:\/\/apuntesdesanluis.com\/wp-content\/uploads\/2023\/09\/camara-de-senadores.png",600,328,false],"large":["https:\/\/apuntesdesanluis.com\/wp-content\/uploads\/2023\/09\/camara-de-senadores.png",600,328,false],"1536x1536":["https:\/\/apuntesdesanluis.com\/wp-content\/uploads\/2023\/09\/camara-de-senadores.png",600,328,false],"2048x2048":["https:\/\/apuntesdesanluis.com\/wp-content\/uploads\/2023\/09\/camara-de-senadores.png",600,328,false],"newsever-slider-full":["https:\/\/apuntesdesanluis.com\/wp-content\/uploads\/2023\/09\/camara-de-senadores.png",600,328,false],"newsever-featured":["https:\/\/apuntesdesanluis.com\/wp-content\/uploads\/2023\/09\/camara-de-senadores.png",600,328,false],"newsever-medium":["https:\/\/apuntesdesanluis.com\/wp-content\/uploads\/2023\/09\/camara-de-senadores.png",600,328,false]},"author_info":{"display_name":"apuntesdesanluis.com","author_link":"https:\/\/apuntesdesanluis.com\/index.php\/author\/apuntesdesanluis-com\/"},"category_info":"<a href=\"https:\/\/apuntesdesanluis.com\/index.php\/category\/ciudad-provincia\/\" rel=\"category tag\">Ciudad\/Provincia<\/a>","tag_info":"Ciudad\/Provincia","comment_count":"0","_links":{"self":[{"href":"https:\/\/apuntesdesanluis.com\/index.php\/wp-json\/wp\/v2\/posts\/2748","targetHints":{"allow":["GET"]}}],"collection":[{"href":"https:\/\/apuntesdesanluis.com\/index.php\/wp-json\/wp\/v2\/posts"}],"about":[{"href":"https:\/\/apuntesdesanluis.com\/index.php\/wp-json\/wp\/v2\/types\/post"}],"author":[{"embeddable":true,"href":"https:\/\/apuntesdesanluis.com\/index.php\/wp-json\/wp\/v2\/users\/1"}],"replies":[{"embeddable":true,"href":"https:\/\/apuntesdesanluis.com\/index.php\/wp-json\/wp\/v2\/comments?post=2748"}],"version-history":[{"count":6,"href":"https:\/\/apuntesdesanluis.com\/index.php\/wp-json\/wp\/v2\/posts\/2748\/revisions"}],"predecessor-version":[{"id":2770,"href":"https:\/\/apuntesdesanluis.com\/index.php\/wp-json\/wp\/v2\/posts\/2748\/revisions\/2770"}],"wp:featuredmedia":[{"embeddable":true,"href":"https:\/\/apuntesdesanluis.com\/index.php\/wp-json\/wp\/v2\/media\/2749"}],"wp:attachment":[{"href":"https:\/\/apuntesdesanluis.com\/index.php\/wp-json\/wp\/v2\/media?parent=2748"}],"wp:term":[{"taxonomy":"category","embeddable":true,"href":"https:\/\/apuntesdesanluis.com\/index.php\/wp-json\/wp\/v2\/categories?post=2748"},{"taxonomy":"post_tag","embeddable":true,"href":"https:\/\/apuntesdesanluis.com\/index.php\/wp-json\/wp\/v2\/tags?post=2748"}],"curies":[{"name":"wp","href":"https:\/\/api.w.org\/{rel}","templated":true}]}}