{"id":27518,"date":"2025-01-02T17:06:06","date_gmt":"2025-01-02T20:06:06","guid":{"rendered":"https:\/\/apuntesdesanluis.com\/?p=27518"},"modified":"2025-01-03T09:10:03","modified_gmt":"2025-01-03T12:10:03","slug":"se-fue-en-su-camioneta-el-sabado-28-y-no-lo-volvieron-a-ver","status":"publish","type":"post","link":"https:\/\/apuntesdesanluis.com\/index.php\/2025\/01\/02\/se-fue-en-su-camioneta-el-sabado-28-y-no-lo-volvieron-a-ver\/","title":{"rendered":"SE FUE EN SU CAMIONETA EL S\u00c1BADO 28 Y NO LO VOLVIERON A VER HASTA AYER"},"content":{"rendered":"<h3>Polic\u00edas de la Comisar\u00eda Seccional 6\u00b0 dejaron sin efecto la solicitud de paradero de <strong>Felipe Marcos Merlos<\/strong>, de 64 a\u00f1os de edad, con domicilio en calle Panam\u00e1 y 1\u00b0 de Agosto, ciudad de San Luis.<\/h3>\n<h3>El mismo se ausent\u00f3 del domicilio de su amigo, calle Avda. Sucre y Mart\u00edn de Loyola, desde el s\u00e1bado 28 de diciembre del corriente a\u00f1o, desde la hora 20:40 aproximadamente, cuando sali\u00f3 en su camioneta Ford F100, color azul con gris.<\/h3>\n<h3>Su hijo hab\u00eda radicado el escrito formal en la dependencia policial.<\/h3>\n<h3>Ayer jueves la polic\u00eda inform\u00f3 que la b\u00fasqueda quedaba sin efecto, agregando que el hombre realiz\u00f3 un viaje por voluntad propia.<\/h3>\n<p>&nbsp;<\/p>\n<p>&nbsp;<\/p>\n<p>&nbsp;<\/p>\n<p>&nbsp;<\/p>\n<p>&nbsp;<\/p>\n<p>&nbsp;<\/p>\n<p>&nbsp;<\/p>\n<p>&nbsp;<\/p>\n<p>&nbsp;<\/p>\n","protected":false},"excerpt":{"rendered":"<p>Polic\u00edas de la Comisar\u00eda Seccional 6\u00b0 dejaron sin efecto la solicitud de paradero de Felipe&#8230;<\/p>\n","protected":false},"author":1,"featured_media":27519,"comment_status":"closed","ping_status":"closed","sticky":false,"template":"","format":"standard","meta":{"footnotes":""},"categories":[6],"tags":[],"class_list":["post-27518","post","type-post","status-publish","format-standard","has-post-thumbnail","hentry","category-ciudad-provincia"],"yoast_head":"<!-- This site is optimized with the Yoast SEO plugin v26.1.1 - https:\/\/yoast.com\/wordpress\/plugins\/seo\/ -->\n<title>SE FUE EN SU CAMIONETA EL S\u00c1BADO 28 Y NO LO VOLVIERON A VER HASTA AYER - Apuntes de San Luis<\/title>\n<meta name=\"robots\" content=\"index, follow, max-snippet:-1, max-image-preview:large, max-video-preview:-1\" \/>\n<link rel=\"canonical\" href=\"https:\/\/apuntesdesanluis.com\/index.php\/2025\/01\/02\/se-fue-en-su-camioneta-el-sabado-28-y-no-lo-volvieron-a-ver\/\" \/>\n<meta property=\"og:locale\" content=\"es_ES\" \/>\n<meta property=\"og:type\" content=\"article\" \/>\n<meta property=\"og:title\" content=\"SE FUE EN SU CAMIONETA EL S\u00c1BADO 28 Y NO LO VOLVIERON A VER HASTA AYER - Apuntes de San Luis\" \/>\n<meta property=\"og:description\" content=\"Polic\u00edas de la Comisar\u00eda Seccional 6\u00b0 dejaron sin efecto la solicitud de paradero de Felipe...\" \/>\n<meta property=\"og:url\" content=\"https:\/\/apuntesdesanluis.com\/index.php\/2025\/01\/02\/se-fue-en-su-camioneta-el-sabado-28-y-no-lo-volvieron-a-ver\/\" \/>\n<meta property=\"og:site_name\" content=\"Apuntes de San Luis\" \/>\n<meta property=\"article:published_time\" content=\"2025-01-02T20:06:06+00:00\" \/>\n<meta property=\"article:modified_time\" content=\"2025-01-03T12:10:03+00:00\" \/>\n<meta property=\"og:image\" content=\"https:\/\/apuntesdesanluis.com\/wp-content\/uploads\/2025\/01\/HOMBRE-Y-CAMIONETA.png\" \/>\n\t<meta property=\"og:image:width\" content=\"700\" \/>\n\t<meta property=\"og:image:height\" content=\"402\" \/>\n\t<meta property=\"og:image:type\" content=\"image\/png\" \/>\n<meta name=\"author\" content=\"apuntesdesanluis.com\" \/>\n<meta name=\"twitter:card\" content=\"summary_large_image\" \/>\n<meta name=\"twitter:label1\" content=\"Escrito por\" \/>\n\t<meta name=\"twitter:data1\" content=\"apuntesdesanluis.com\" \/>\n\t<meta name=\"twitter:label2\" content=\"Tiempo de lectura\" \/>\n\t<meta name=\"twitter:data2\" content=\"1 minuto\" \/>\n<script type=\"application\/ld+json\" class=\"yoast-schema-graph\">{\"@context\":\"https:\/\/schema.org\",\"@graph\":[{\"@type\":\"Article\",\"@id\":\"https:\/\/apuntesdesanluis.com\/index.php\/2025\/01\/02\/se-fue-en-su-camioneta-el-sabado-28-y-no-lo-volvieron-a-ver\/#article\",\"isPartOf\":{\"@id\":\"https:\/\/apuntesdesanluis.com\/index.php\/2025\/01\/02\/se-fue-en-su-camioneta-el-sabado-28-y-no-lo-volvieron-a-ver\/\"},\"author\":{\"name\":\"apuntesdesanluis.com\",\"@id\":\"https:\/\/apuntesdesanluis.com\/#\/schema\/person\/b55151d52296fcce64d1a72538a70b90\"},\"headline\":\"SE FUE EN SU CAMIONETA EL S\u00c1BADO 28 Y NO LO VOLVIERON A VER HASTA AYER\",\"datePublished\":\"2025-01-02T20:06:06+00:00\",\"dateModified\":\"2025-01-03T12:10:03+00:00\",\"mainEntityOfPage\":{\"@id\":\"https:\/\/apuntesdesanluis.com\/index.php\/2025\/01\/02\/se-fue-en-su-camioneta-el-sabado-28-y-no-lo-volvieron-a-ver\/\"},\"wordCount\":137,\"publisher\":{\"@id\":\"https:\/\/apuntesdesanluis.com\/#\/schema\/person\/b55151d52296fcce64d1a72538a70b90\"},\"image\":{\"@id\":\"https:\/\/apuntesdesanluis.com\/index.php\/2025\/01\/02\/se-fue-en-su-camioneta-el-sabado-28-y-no-lo-volvieron-a-ver\/#primaryimage\"},\"thumbnailUrl\":\"https:\/\/apuntesdesanluis.com\/wp-content\/uploads\/2025\/01\/HOMBRE-Y-CAMIONETA.png\",\"articleSection\":[\"Ciudad\/Provincia\"],\"inLanguage\":\"es-AR\"},{\"@type\":\"WebPage\",\"@id\":\"https:\/\/apuntesdesanluis.com\/index.php\/2025\/01\/02\/se-fue-en-su-camioneta-el-sabado-28-y-no-lo-volvieron-a-ver\/\",\"url\":\"https:\/\/apuntesdesanluis.com\/index.php\/2025\/01\/02\/se-fue-en-su-camioneta-el-sabado-28-y-no-lo-volvieron-a-ver\/\",\"name\":\"SE FUE EN SU CAMIONETA EL S\u00c1BADO 28 Y NO LO VOLVIERON A VER HASTA AYER - Apuntes de San Luis\",\"isPartOf\":{\"@id\":\"https:\/\/apuntesdesanluis.com\/#website\"},\"primaryImageOfPage\":{\"@id\":\"https:\/\/apuntesdesanluis.com\/index.php\/2025\/01\/02\/se-fue-en-su-camioneta-el-sabado-28-y-no-lo-volvieron-a-ver\/#primaryimage\"},\"image\":{\"@id\":\"https:\/\/apuntesdesanluis.com\/index.php\/2025\/01\/02\/se-fue-en-su-camioneta-el-sabado-28-y-no-lo-volvieron-a-ver\/#primaryimage\"},\"thumbnailUrl\":\"https:\/\/apuntesdesanluis.com\/wp-content\/uploads\/2025\/01\/HOMBRE-Y-CAMIONETA.png\",\"datePublished\":\"2025-01-02T20:06:06+00:00\",\"dateModified\":\"2025-01-03T12:10:03+00:00\",\"breadcrumb\":{\"@id\":\"https:\/\/apuntesdesanluis.com\/index.php\/2025\/01\/02\/se-fue-en-su-camioneta-el-sabado-28-y-no-lo-volvieron-a-ver\/#breadcrumb\"},\"inLanguage\":\"es-AR\",\"potentialAction\":[{\"@type\":\"ReadAction\",\"target\":[\"https:\/\/apuntesdesanluis.com\/index.php\/2025\/01\/02\/se-fue-en-su-camioneta-el-sabado-28-y-no-lo-volvieron-a-ver\/\"]}]},{\"@type\":\"ImageObject\",\"inLanguage\":\"es-AR\",\"@id\":\"https:\/\/apuntesdesanluis.com\/index.php\/2025\/01\/02\/se-fue-en-su-camioneta-el-sabado-28-y-no-lo-volvieron-a-ver\/#primaryimage\",\"url\":\"https:\/\/apuntesdesanluis.com\/wp-content\/uploads\/2025\/01\/HOMBRE-Y-CAMIONETA.png\",\"contentUrl\":\"https:\/\/apuntesdesanluis.com\/wp-content\/uploads\/2025\/01\/HOMBRE-Y-CAMIONETA.png\",\"width\":700,\"height\":402},{\"@type\":\"BreadcrumbList\",\"@id\":\"https:\/\/apuntesdesanluis.com\/index.php\/2025\/01\/02\/se-fue-en-su-camioneta-el-sabado-28-y-no-lo-volvieron-a-ver\/#breadcrumb\",\"itemListElement\":[{\"@type\":\"ListItem\",\"position\":1,\"name\":\"Inicio\",\"item\":\"https:\/\/apuntesdesanluis.com\/\"},{\"@type\":\"ListItem\",\"position\":2,\"name\":\"SE FUE EN SU CAMIONETA EL S\u00c1BADO 28 Y NO LO VOLVIERON A VER HASTA AYER\"}]},{\"@type\":\"WebSite\",\"@id\":\"https:\/\/apuntesdesanluis.com\/#website\",\"url\":\"https:\/\/apuntesdesanluis.com\/\",\"name\":\"Apuntes de San Luis\",\"description\":\"\",\"publisher\":{\"@id\":\"https:\/\/apuntesdesanluis.com\/#\/schema\/person\/b55151d52296fcce64d1a72538a70b90\"},\"potentialAction\":[{\"@type\":\"SearchAction\",\"target\":{\"@type\":\"EntryPoint\",\"urlTemplate\":\"https:\/\/apuntesdesanluis.com\/?s={search_term_string}\"},\"query-input\":{\"@type\":\"PropertyValueSpecification\",\"valueRequired\":true,\"valueName\":\"search_term_string\"}}],\"inLanguage\":\"es-AR\"},{\"@type\":[\"Person\",\"Organization\"],\"@id\":\"https:\/\/apuntesdesanluis.com\/#\/schema\/person\/b55151d52296fcce64d1a72538a70b90\",\"name\":\"apuntesdesanluis.com\",\"image\":{\"@type\":\"ImageObject\",\"inLanguage\":\"es-AR\",\"@id\":\"https:\/\/apuntesdesanluis.com\/#\/schema\/person\/image\/\",\"url\":\"https:\/\/apuntesdesanluis.com\/wp-content\/uploads\/2023\/07\/cropped-apuntesdesanluis.png\",\"contentUrl\":\"https:\/\/apuntesdesanluis.com\/wp-content\/uploads\/2023\/07\/cropped-apuntesdesanluis.png\",\"width\":450,\"height\":112,\"caption\":\"apuntesdesanluis.com\"},\"logo\":{\"@id\":\"https:\/\/apuntesdesanluis.com\/#\/schema\/person\/image\/\"},\"sameAs\":[\"https:\/\/apuntesdesanluis.com\"],\"url\":\"https:\/\/apuntesdesanluis.com\/index.php\/author\/apuntesdesanluis-com\/\"}]}<\/script>\n<!-- \/ Yoast SEO plugin. -->","yoast_head_json":{"title":"SE FUE EN SU CAMIONETA EL S\u00c1BADO 28 Y NO LO VOLVIERON A VER HASTA AYER - Apuntes de San Luis","robots":{"index":"index","follow":"follow","max-snippet":"max-snippet:-1","max-image-preview":"max-image-preview:large","max-video-preview":"max-video-preview:-1"},"canonical":"https:\/\/apuntesdesanluis.com\/index.php\/2025\/01\/02\/se-fue-en-su-camioneta-el-sabado-28-y-no-lo-volvieron-a-ver\/","og_locale":"es_ES","og_type":"article","og_title":"SE FUE EN SU CAMIONETA EL S\u00c1BADO 28 Y NO LO VOLVIERON A VER HASTA AYER - Apuntes de San Luis","og_description":"Polic\u00edas de la Comisar\u00eda Seccional 6\u00b0 dejaron sin efecto la solicitud de paradero de Felipe...","og_url":"https:\/\/apuntesdesanluis.com\/index.php\/2025\/01\/02\/se-fue-en-su-camioneta-el-sabado-28-y-no-lo-volvieron-a-ver\/","og_site_name":"Apuntes de San Luis","article_published_time":"2025-01-02T20:06:06+00:00","article_modified_time":"2025-01-03T12:10:03+00:00","og_image":[{"width":700,"height":402,"url":"https:\/\/apuntesdesanluis.com\/wp-content\/uploads\/2025\/01\/HOMBRE-Y-CAMIONETA.png","type":"image\/png"}],"author":"apuntesdesanluis.com","twitter_card":"summary_large_image","twitter_misc":{"Escrito por":"apuntesdesanluis.com","Tiempo de lectura":"1 minuto"},"schema":{"@context":"https:\/\/schema.org","@graph":[{"@type":"Article","@id":"https:\/\/apuntesdesanluis.com\/index.php\/2025\/01\/02\/se-fue-en-su-camioneta-el-sabado-28-y-no-lo-volvieron-a-ver\/#article","isPartOf":{"@id":"https:\/\/apuntesdesanluis.com\/index.php\/2025\/01\/02\/se-fue-en-su-camioneta-el-sabado-28-y-no-lo-volvieron-a-ver\/"},"author":{"name":"apuntesdesanluis.com","@id":"https:\/\/apuntesdesanluis.com\/#\/schema\/person\/b55151d52296fcce64d1a72538a70b90"},"headline":"SE FUE EN SU CAMIONETA EL S\u00c1BADO 28 Y NO LO VOLVIERON A VER HASTA AYER","datePublished":"2025-01-02T20:06:06+00:00","dateModified":"2025-01-03T12:10:03+00:00","mainEntityOfPage":{"@id":"https:\/\/apuntesdesanluis.com\/index.php\/2025\/01\/02\/se-fue-en-su-camioneta-el-sabado-28-y-no-lo-volvieron-a-ver\/"},"wordCount":137,"publisher":{"@id":"https:\/\/apuntesdesanluis.com\/#\/schema\/person\/b55151d52296fcce64d1a72538a70b90"},"image":{"@id":"https:\/\/apuntesdesanluis.com\/index.php\/2025\/01\/02\/se-fue-en-su-camioneta-el-sabado-28-y-no-lo-volvieron-a-ver\/#primaryimage"},"thumbnailUrl":"https:\/\/apuntesdesanluis.com\/wp-content\/uploads\/2025\/01\/HOMBRE-Y-CAMIONETA.png","articleSection":["Ciudad\/Provincia"],"inLanguage":"es-AR"},{"@type":"WebPage","@id":"https:\/\/apuntesdesanluis.com\/index.php\/2025\/01\/02\/se-fue-en-su-camioneta-el-sabado-28-y-no-lo-volvieron-a-ver\/","url":"https:\/\/apuntesdesanluis.com\/index.php\/2025\/01\/02\/se-fue-en-su-camioneta-el-sabado-28-y-no-lo-volvieron-a-ver\/","name":"SE FUE EN SU CAMIONETA EL S\u00c1BADO 28 Y NO LO VOLVIERON A VER HASTA AYER - Apuntes de San Luis","isPartOf":{"@id":"https:\/\/apuntesdesanluis.com\/#website"},"primaryImageOfPage":{"@id":"https:\/\/apuntesdesanluis.com\/index.php\/2025\/01\/02\/se-fue-en-su-camioneta-el-sabado-28-y-no-lo-volvieron-a-ver\/#primaryimage"},"image":{"@id":"https:\/\/apuntesdesanluis.com\/index.php\/2025\/01\/02\/se-fue-en-su-camioneta-el-sabado-28-y-no-lo-volvieron-a-ver\/#primaryimage"},"thumbnailUrl":"https:\/\/apuntesdesanluis.com\/wp-content\/uploads\/2025\/01\/HOMBRE-Y-CAMIONETA.png","datePublished":"2025-01-02T20:06:06+00:00","dateModified":"2025-01-03T12:10:03+00:00","breadcrumb":{"@id":"https:\/\/apuntesdesanluis.com\/index.php\/2025\/01\/02\/se-fue-en-su-camioneta-el-sabado-28-y-no-lo-volvieron-a-ver\/#breadcrumb"},"inLanguage":"es-AR","potentialAction":[{"@type":"ReadAction","target":["https:\/\/apuntesdesanluis.com\/index.php\/2025\/01\/02\/se-fue-en-su-camioneta-el-sabado-28-y-no-lo-volvieron-a-ver\/"]}]},{"@type":"ImageObject","inLanguage":"es-AR","@id":"https:\/\/apuntesdesanluis.com\/index.php\/2025\/01\/02\/se-fue-en-su-camioneta-el-sabado-28-y-no-lo-volvieron-a-ver\/#primaryimage","url":"https:\/\/apuntesdesanluis.com\/wp-content\/uploads\/2025\/01\/HOMBRE-Y-CAMIONETA.png","contentUrl":"https:\/\/apuntesdesanluis.com\/wp-content\/uploads\/2025\/01\/HOMBRE-Y-CAMIONETA.png","width":700,"height":402},{"@type":"BreadcrumbList","@id":"https:\/\/apuntesdesanluis.com\/index.php\/2025\/01\/02\/se-fue-en-su-camioneta-el-sabado-28-y-no-lo-volvieron-a-ver\/#breadcrumb","itemListElement":[{"@type":"ListItem","position":1,"name":"Inicio","item":"https:\/\/apuntesdesanluis.com\/"},{"@type":"ListItem","position":2,"name":"SE FUE EN SU CAMIONETA EL S\u00c1BADO 28 Y NO LO VOLVIERON A VER HASTA AYER"}]},{"@type":"WebSite","@id":"https:\/\/apuntesdesanluis.com\/#website","url":"https:\/\/apuntesdesanluis.com\/","name":"Apuntes de San Luis","description":"","publisher":{"@id":"https:\/\/apuntesdesanluis.com\/#\/schema\/person\/b55151d52296fcce64d1a72538a70b90"},"potentialAction":[{"@type":"SearchAction","target":{"@type":"EntryPoint","urlTemplate":"https:\/\/apuntesdesanluis.com\/?s={search_term_string}"},"query-input":{"@type":"PropertyValueSpecification","valueRequired":true,"valueName":"search_term_string"}}],"inLanguage":"es-AR"},{"@type":["Person","Organization"],"@id":"https:\/\/apuntesdesanluis.com\/#\/schema\/person\/b55151d52296fcce64d1a72538a70b90","name":"apuntesdesanluis.com","image":{"@type":"ImageObject","inLanguage":"es-AR","@id":"https:\/\/apuntesdesanluis.com\/#\/schema\/person\/image\/","url":"https:\/\/apuntesdesanluis.com\/wp-content\/uploads\/2023\/07\/cropped-apuntesdesanluis.png","contentUrl":"https:\/\/apuntesdesanluis.com\/wp-content\/uploads\/2023\/07\/cropped-apuntesdesanluis.png","width":450,"height":112,"caption":"apuntesdesanluis.com"},"logo":{"@id":"https:\/\/apuntesdesanluis.com\/#\/schema\/person\/image\/"},"sameAs":["https:\/\/apuntesdesanluis.com"],"url":"https:\/\/apuntesdesanluis.com\/index.php\/author\/apuntesdesanluis-com\/"}]}},"featured_image_urls":{"full":["https:\/\/apuntesdesanluis.com\/wp-content\/uploads\/2025\/01\/HOMBRE-Y-CAMIONETA.png",700,402,false],"thumbnail":["https:\/\/apuntesdesanluis.com\/wp-content\/uploads\/2025\/01\/HOMBRE-Y-CAMIONETA-150x150.png",150,150,true],"medium":["https:\/\/apuntesdesanluis.com\/wp-content\/uploads\/2025\/01\/HOMBRE-Y-CAMIONETA-300x172.png",300,172,true],"medium_large":["https:\/\/apuntesdesanluis.com\/wp-content\/uploads\/2025\/01\/HOMBRE-Y-CAMIONETA.png",640,368,false],"large":["https:\/\/apuntesdesanluis.com\/wp-content\/uploads\/2025\/01\/HOMBRE-Y-CAMIONETA.png",640,368,false],"1536x1536":["https:\/\/apuntesdesanluis.com\/wp-content\/uploads\/2025\/01\/HOMBRE-Y-CAMIONETA.png",700,402,false],"2048x2048":["https:\/\/apuntesdesanluis.com\/wp-content\/uploads\/2025\/01\/HOMBRE-Y-CAMIONETA.png",700,402,false],"newsever-slider-full":["https:\/\/apuntesdesanluis.com\/wp-content\/uploads\/2025\/01\/HOMBRE-Y-CAMIONETA.png",700,402,false],"newsever-featured":["https:\/\/apuntesdesanluis.com\/wp-content\/uploads\/2025\/01\/HOMBRE-Y-CAMIONETA.png",700,402,false],"newsever-medium":["https:\/\/apuntesdesanluis.com\/wp-content\/uploads\/2025\/01\/HOMBRE-Y-CAMIONETA.png",700,402,false]},"author_info":{"display_name":"apuntesdesanluis.com","author_link":"https:\/\/apuntesdesanluis.com\/index.php\/author\/apuntesdesanluis-com\/"},"category_info":"<a href=\"https:\/\/apuntesdesanluis.com\/index.php\/category\/ciudad-provincia\/\" rel=\"category tag\">Ciudad\/Provincia<\/a>","tag_info":"Ciudad\/Provincia","comment_count":"0","_links":{"self":[{"href":"https:\/\/apuntesdesanluis.com\/index.php\/wp-json\/wp\/v2\/posts\/27518","targetHints":{"allow":["GET"]}}],"collection":[{"href":"https:\/\/apuntesdesanluis.com\/index.php\/wp-json\/wp\/v2\/posts"}],"about":[{"href":"https:\/\/apuntesdesanluis.com\/index.php\/wp-json\/wp\/v2\/types\/post"}],"author":[{"embeddable":true,"href":"https:\/\/apuntesdesanluis.com\/index.php\/wp-json\/wp\/v2\/users\/1"}],"replies":[{"embeddable":true,"href":"https:\/\/apuntesdesanluis.com\/index.php\/wp-json\/wp\/v2\/comments?post=27518"}],"version-history":[{"count":3,"href":"https:\/\/apuntesdesanluis.com\/index.php\/wp-json\/wp\/v2\/posts\/27518\/revisions"}],"predecessor-version":[{"id":27535,"href":"https:\/\/apuntesdesanluis.com\/index.php\/wp-json\/wp\/v2\/posts\/27518\/revisions\/27535"}],"wp:featuredmedia":[{"embeddable":true,"href":"https:\/\/apuntesdesanluis.com\/index.php\/wp-json\/wp\/v2\/media\/27519"}],"wp:attachment":[{"href":"https:\/\/apuntesdesanluis.com\/index.php\/wp-json\/wp\/v2\/media?parent=27518"}],"wp:term":[{"taxonomy":"category","embeddable":true,"href":"https:\/\/apuntesdesanluis.com\/index.php\/wp-json\/wp\/v2\/categories?post=27518"},{"taxonomy":"post_tag","embeddable":true,"href":"https:\/\/apuntesdesanluis.com\/index.php\/wp-json\/wp\/v2\/tags?post=27518"}],"curies":[{"name":"wp","href":"https:\/\/api.w.org\/{rel}","templated":true}]}}