{"id":2753,"date":"2023-09-06T03:10:23","date_gmt":"2023-09-06T06:10:23","guid":{"rendered":"https:\/\/apuntesdesanluis.com\/?p=2753"},"modified":"2023-09-06T08:36:04","modified_gmt":"2023-09-06T11:36:04","slug":"gravedad-institucional-irresponsabilidad-fiscal-y-encubrimiento-delictivo","status":"publish","type":"post","link":"https:\/\/apuntesdesanluis.com\/index.php\/2023\/09\/06\/gravedad-institucional-irresponsabilidad-fiscal-y-encubrimiento-delictivo\/","title":{"rendered":"\u201cGRAVEDAD INSTITUCIONAL, IRRESPONSABILIDAD FISCAL Y ENCUBRIMIENTO DELICTIVO\u201d"},"content":{"rendered":"<h3>As\u00ed calific\u00f3 el <strong>Bloque de Senadores Unidos por San Luis<\/strong> a la modificaci\u00f3n del presupuesto provincial que aprob\u00f3 este martes la C\u00e1mara de Senadores de la provincia, para poder designar en planta a los trabajadores del Plan de Inclusi\u00f3n Social.<\/h3>\n<h3>El comunicado firmado por los senadores <strong>Adolfo Castro Luna<\/strong> (Pedernera) y <strong>Sergio Guardia<\/strong> (Jun\u00edn), expresa en forma textual:<\/h3>\n<h3>\u201cExpresamos nuestra m\u00e1s profunda preocupaci\u00f3n y rechazo a la reciente media sanci\u00f3n legislativa que autoriza ileg\u00edtimamente al Poder Ejecutivo Provincial a modificar el presupuesto 2023 en el n\u00famero de cargos p\u00fablicos.<\/h3>\n<h3>Dicha resoluci\u00f3n viola nuestra Constituci\u00f3n que proh\u00edbe la delegaci\u00f3n de facultades de un poder del Estado al otro (art. 8 de nuestra Constituci\u00f3n) a fin de evitar el otorgamiento de la suma del poder p\u00fablico a una persona. El Poder Legislativo es el encargado de sancionar el presupuesto p\u00fablico (cfr. inc. 4 del art. 144 de la Constituci\u00f3n Provincial), instrumento que hace las veces de l\u00edmite al Poder Ejecutivo para efectuar las contrataciones y ejecutar el gasto estatal (art. 34 de la Ley de Contabilidad Provincial). En el caso, la decisi\u00f3n adoptada coloca al propio Gobernador como el responsable facultado para auto establecerse un l\u00edmite al gasto que \u00e9l mismo ejecutar\u00e1.<\/h3>\n<h3>Adem\u00e1s, la iniciativa colisiona con las disposiciones del art. 92 de la Constituci\u00f3n que proh\u00edbe la sanci\u00f3n de leyes que no indiquen expresamente sus fuentes de financiamiento.<\/h3>\n<h3>Lo anterior reviste una irresponsabilidad fiscal sin antecedentes puesto que se autorizaron aumentos de gastos sin los fondos suficientes para poder afrontarlos poniendo en riesgo y comprometiendo el erario p\u00fablico que, como es sabido, se encuentra en una delicada situaci\u00f3n resultado de un d\u00e9ficit sistem\u00e1tico y cr\u00f3nico registrado en los \u00faltimos a\u00f1os.<\/h3>\n<h3>Asimismo, la pretensi\u00f3n del Poder Ejecutivo es \u2013por lo menos\u2013 incongruente e inconsistente con el proyecto de presupuesto para el a\u00f1o 2024 en donde se fija un total de cargos que \u2013para el mismo administrador\u2013 es suficiente para hacer frente a los servicios estatales, pero fundamentalmente, es la cantidad de cargos m\u00e1xima que pueden afrontarse con los recursos que estar\u00e1n disponibles.\u00a0 De esta manera, y en caso de aprobarse cargos por encima de lo previsto presupuestariamente para el 2024, no habr\u00e1 fondos para hacer frente a los salarios de docentes, m\u00e9dicos, polic\u00edas, entre otros, ni tampoco para otorgar aumentos para la planta de personal existente, poni\u00e9ndose en riesgo las prestaciones de los servicios p\u00fablicos esenciales del Estado.<\/h3>\n<h3>Finalmente, la maniobra del Poder Ejecutivo que promueve la sanci\u00f3n legislativa no es sino una manera de intentar encubrir y pretender subsanar la comisi\u00f3n de delitos efectuados por ministros y funcionarios p\u00fablicos consistentes en la ilegal suscripci\u00f3n de contratos sin la correspondiente previsi\u00f3n presupuestaria y con una finalidad estrictamente proselitista.<\/h3>\n<h3>Expresamos nuestra m\u00e1s profunda preocupaci\u00f3n y ponemos en conocimiento de la opini\u00f3n p\u00fablica, la gravedad institucional en que se encuentra la provincia de San Luis en caso que la C\u00e1mara de Diputados apruebe la Ley, tal cual fue girada en el d\u00eda de la fecha por el Senado\u201d.<\/h3>\n<p>&nbsp;<\/p>\n<h3><strong>INTERVENCIONES DE LOS SENADORES OPOSITORES<\/strong><\/h3>\n<p><iframe title=\"Senador Sergio Guardia:  Modificaci\u00f3n Art\u00edculo11 Presupuesto de la Administraci\u00f3n Provincial 2023\" width=\"640\" height=\"480\" src=\"https:\/\/www.youtube.com\/embed\/V1z6mrsyPBI?feature=oembed\" frameborder=\"0\" allow=\"accelerometer; autoplay; clipboard-write; encrypted-media; gyroscope; picture-in-picture; web-share\" referrerpolicy=\"strict-origin-when-cross-origin\" allowfullscreen><\/iframe><\/p>\n<p><iframe title=\"Senador Castro Luna:  Modificaci\u00f3n Art\u00edculo11 Presupuesto de la Administraci\u00f3n Provincial 2023\" width=\"640\" height=\"480\" src=\"https:\/\/www.youtube.com\/embed\/cZpo_smLqk8?feature=oembed\" frameborder=\"0\" allow=\"accelerometer; autoplay; clipboard-write; encrypted-media; gyroscope; picture-in-picture; web-share\" referrerpolicy=\"strict-origin-when-cross-origin\" allowfullscreen><\/iframe><\/p>\n","protected":false},"excerpt":{"rendered":"<p>As\u00ed calific\u00f3 el Bloque de Senadores Unidos por San Luis a la modificaci\u00f3n del presupuesto&#8230;<\/p>\n","protected":false},"author":1,"featured_media":2754,"comment_status":"closed","ping_status":"closed","sticky":false,"template":"","format":"standard","meta":{"footnotes":""},"categories":[6],"tags":[],"class_list":["post-2753","post","type-post","status-publish","format-standard","has-post-thumbnail","hentry","category-ciudad-provincia"],"yoast_head":"<!-- This site is optimized with the Yoast SEO plugin v26.1.1 - https:\/\/yoast.com\/wordpress\/plugins\/seo\/ -->\n<title>\u201cGRAVEDAD INSTITUCIONAL, IRRESPONSABILIDAD FISCAL Y ENCUBRIMIENTO DELICTIVO\u201d - Apuntes de San Luis<\/title>\n<meta name=\"robots\" content=\"index, follow, max-snippet:-1, max-image-preview:large, max-video-preview:-1\" \/>\n<link rel=\"canonical\" href=\"https:\/\/apuntesdesanluis.com\/index.php\/2023\/09\/06\/gravedad-institucional-irresponsabilidad-fiscal-y-encubrimiento-delictivo\/\" \/>\n<meta property=\"og:locale\" content=\"es_ES\" \/>\n<meta property=\"og:type\" content=\"article\" \/>\n<meta property=\"og:title\" content=\"\u201cGRAVEDAD INSTITUCIONAL, IRRESPONSABILIDAD FISCAL Y ENCUBRIMIENTO DELICTIVO\u201d - Apuntes de San Luis\" \/>\n<meta property=\"og:description\" content=\"As\u00ed calific\u00f3 el Bloque de Senadores Unidos por San Luis a la modificaci\u00f3n del presupuesto...\" \/>\n<meta property=\"og:url\" content=\"https:\/\/apuntesdesanluis.com\/index.php\/2023\/09\/06\/gravedad-institucional-irresponsabilidad-fiscal-y-encubrimiento-delictivo\/\" \/>\n<meta property=\"og:site_name\" content=\"Apuntes de San Luis\" \/>\n<meta property=\"article:published_time\" content=\"2023-09-06T06:10:23+00:00\" \/>\n<meta property=\"article:modified_time\" content=\"2023-09-06T11:36:04+00:00\" \/>\n<meta property=\"og:image\" content=\"https:\/\/apuntesdesanluis.com\/wp-content\/uploads\/2023\/09\/guardia-y-castro-luna.png\" \/>\n\t<meta property=\"og:image:width\" content=\"557\" \/>\n\t<meta property=\"og:image:height\" content=\"337\" \/>\n\t<meta property=\"og:image:type\" content=\"image\/png\" \/>\n<meta name=\"author\" content=\"apuntesdesanluis.com\" \/>\n<meta name=\"twitter:card\" content=\"summary_large_image\" \/>\n<meta name=\"twitter:label1\" content=\"Escrito por\" \/>\n\t<meta name=\"twitter:data1\" content=\"apuntesdesanluis.com\" \/>\n\t<meta name=\"twitter:label2\" content=\"Tiempo de lectura\" \/>\n\t<meta name=\"twitter:data2\" content=\"3 minutos\" \/>\n<script type=\"application\/ld+json\" class=\"yoast-schema-graph\">{\"@context\":\"https:\/\/schema.org\",\"@graph\":[{\"@type\":\"Article\",\"@id\":\"https:\/\/apuntesdesanluis.com\/index.php\/2023\/09\/06\/gravedad-institucional-irresponsabilidad-fiscal-y-encubrimiento-delictivo\/#article\",\"isPartOf\":{\"@id\":\"https:\/\/apuntesdesanluis.com\/index.php\/2023\/09\/06\/gravedad-institucional-irresponsabilidad-fiscal-y-encubrimiento-delictivo\/\"},\"author\":{\"name\":\"apuntesdesanluis.com\",\"@id\":\"https:\/\/apuntesdesanluis.com\/#\/schema\/person\/b55151d52296fcce64d1a72538a70b90\"},\"headline\":\"\u201cGRAVEDAD INSTITUCIONAL, IRRESPONSABILIDAD FISCAL Y ENCUBRIMIENTO DELICTIVO\u201d\",\"datePublished\":\"2023-09-06T06:10:23+00:00\",\"dateModified\":\"2023-09-06T11:36:04+00:00\",\"mainEntityOfPage\":{\"@id\":\"https:\/\/apuntesdesanluis.com\/index.php\/2023\/09\/06\/gravedad-institucional-irresponsabilidad-fiscal-y-encubrimiento-delictivo\/\"},\"wordCount\":570,\"publisher\":{\"@id\":\"https:\/\/apuntesdesanluis.com\/#\/schema\/person\/b55151d52296fcce64d1a72538a70b90\"},\"image\":{\"@id\":\"https:\/\/apuntesdesanluis.com\/index.php\/2023\/09\/06\/gravedad-institucional-irresponsabilidad-fiscal-y-encubrimiento-delictivo\/#primaryimage\"},\"thumbnailUrl\":\"https:\/\/apuntesdesanluis.com\/wp-content\/uploads\/2023\/09\/guardia-y-castro-luna.png\",\"articleSection\":[\"Ciudad\/Provincia\"],\"inLanguage\":\"es-AR\"},{\"@type\":\"WebPage\",\"@id\":\"https:\/\/apuntesdesanluis.com\/index.php\/2023\/09\/06\/gravedad-institucional-irresponsabilidad-fiscal-y-encubrimiento-delictivo\/\",\"url\":\"https:\/\/apuntesdesanluis.com\/index.php\/2023\/09\/06\/gravedad-institucional-irresponsabilidad-fiscal-y-encubrimiento-delictivo\/\",\"name\":\"\u201cGRAVEDAD INSTITUCIONAL, IRRESPONSABILIDAD FISCAL Y ENCUBRIMIENTO DELICTIVO\u201d - Apuntes de San Luis\",\"isPartOf\":{\"@id\":\"https:\/\/apuntesdesanluis.com\/#website\"},\"primaryImageOfPage\":{\"@id\":\"https:\/\/apuntesdesanluis.com\/index.php\/2023\/09\/06\/gravedad-institucional-irresponsabilidad-fiscal-y-encubrimiento-delictivo\/#primaryimage\"},\"image\":{\"@id\":\"https:\/\/apuntesdesanluis.com\/index.php\/2023\/09\/06\/gravedad-institucional-irresponsabilidad-fiscal-y-encubrimiento-delictivo\/#primaryimage\"},\"thumbnailUrl\":\"https:\/\/apuntesdesanluis.com\/wp-content\/uploads\/2023\/09\/guardia-y-castro-luna.png\",\"datePublished\":\"2023-09-06T06:10:23+00:00\",\"dateModified\":\"2023-09-06T11:36:04+00:00\",\"breadcrumb\":{\"@id\":\"https:\/\/apuntesdesanluis.com\/index.php\/2023\/09\/06\/gravedad-institucional-irresponsabilidad-fiscal-y-encubrimiento-delictivo\/#breadcrumb\"},\"inLanguage\":\"es-AR\",\"potentialAction\":[{\"@type\":\"ReadAction\",\"target\":[\"https:\/\/apuntesdesanluis.com\/index.php\/2023\/09\/06\/gravedad-institucional-irresponsabilidad-fiscal-y-encubrimiento-delictivo\/\"]}]},{\"@type\":\"ImageObject\",\"inLanguage\":\"es-AR\",\"@id\":\"https:\/\/apuntesdesanluis.com\/index.php\/2023\/09\/06\/gravedad-institucional-irresponsabilidad-fiscal-y-encubrimiento-delictivo\/#primaryimage\",\"url\":\"https:\/\/apuntesdesanluis.com\/wp-content\/uploads\/2023\/09\/guardia-y-castro-luna.png\",\"contentUrl\":\"https:\/\/apuntesdesanluis.com\/wp-content\/uploads\/2023\/09\/guardia-y-castro-luna.png\",\"width\":557,\"height\":337},{\"@type\":\"BreadcrumbList\",\"@id\":\"https:\/\/apuntesdesanluis.com\/index.php\/2023\/09\/06\/gravedad-institucional-irresponsabilidad-fiscal-y-encubrimiento-delictivo\/#breadcrumb\",\"itemListElement\":[{\"@type\":\"ListItem\",\"position\":1,\"name\":\"Inicio\",\"item\":\"https:\/\/apuntesdesanluis.com\/\"},{\"@type\":\"ListItem\",\"position\":2,\"name\":\"\u201cGRAVEDAD INSTITUCIONAL, IRRESPONSABILIDAD FISCAL Y ENCUBRIMIENTO DELICTIVO\u201d\"}]},{\"@type\":\"WebSite\",\"@id\":\"https:\/\/apuntesdesanluis.com\/#website\",\"url\":\"https:\/\/apuntesdesanluis.com\/\",\"name\":\"Apuntes de San Luis\",\"description\":\"\",\"publisher\":{\"@id\":\"https:\/\/apuntesdesanluis.com\/#\/schema\/person\/b55151d52296fcce64d1a72538a70b90\"},\"potentialAction\":[{\"@type\":\"SearchAction\",\"target\":{\"@type\":\"EntryPoint\",\"urlTemplate\":\"https:\/\/apuntesdesanluis.com\/?s={search_term_string}\"},\"query-input\":{\"@type\":\"PropertyValueSpecification\",\"valueRequired\":true,\"valueName\":\"search_term_string\"}}],\"inLanguage\":\"es-AR\"},{\"@type\":[\"Person\",\"Organization\"],\"@id\":\"https:\/\/apuntesdesanluis.com\/#\/schema\/person\/b55151d52296fcce64d1a72538a70b90\",\"name\":\"apuntesdesanluis.com\",\"image\":{\"@type\":\"ImageObject\",\"inLanguage\":\"es-AR\",\"@id\":\"https:\/\/apuntesdesanluis.com\/#\/schema\/person\/image\/\",\"url\":\"https:\/\/apuntesdesanluis.com\/wp-content\/uploads\/2023\/07\/cropped-apuntesdesanluis.png\",\"contentUrl\":\"https:\/\/apuntesdesanluis.com\/wp-content\/uploads\/2023\/07\/cropped-apuntesdesanluis.png\",\"width\":450,\"height\":112,\"caption\":\"apuntesdesanluis.com\"},\"logo\":{\"@id\":\"https:\/\/apuntesdesanluis.com\/#\/schema\/person\/image\/\"},\"sameAs\":[\"https:\/\/apuntesdesanluis.com\"],\"url\":\"https:\/\/apuntesdesanluis.com\/index.php\/author\/apuntesdesanluis-com\/\"}]}<\/script>\n<!-- \/ Yoast SEO plugin. -->","yoast_head_json":{"title":"\u201cGRAVEDAD INSTITUCIONAL, IRRESPONSABILIDAD FISCAL Y ENCUBRIMIENTO DELICTIVO\u201d - Apuntes de San Luis","robots":{"index":"index","follow":"follow","max-snippet":"max-snippet:-1","max-image-preview":"max-image-preview:large","max-video-preview":"max-video-preview:-1"},"canonical":"https:\/\/apuntesdesanluis.com\/index.php\/2023\/09\/06\/gravedad-institucional-irresponsabilidad-fiscal-y-encubrimiento-delictivo\/","og_locale":"es_ES","og_type":"article","og_title":"\u201cGRAVEDAD INSTITUCIONAL, IRRESPONSABILIDAD FISCAL Y ENCUBRIMIENTO DELICTIVO\u201d - Apuntes de San Luis","og_description":"As\u00ed calific\u00f3 el Bloque de Senadores Unidos por San Luis a la modificaci\u00f3n del presupuesto...","og_url":"https:\/\/apuntesdesanluis.com\/index.php\/2023\/09\/06\/gravedad-institucional-irresponsabilidad-fiscal-y-encubrimiento-delictivo\/","og_site_name":"Apuntes de San Luis","article_published_time":"2023-09-06T06:10:23+00:00","article_modified_time":"2023-09-06T11:36:04+00:00","og_image":[{"width":557,"height":337,"url":"https:\/\/apuntesdesanluis.com\/wp-content\/uploads\/2023\/09\/guardia-y-castro-luna.png","type":"image\/png"}],"author":"apuntesdesanluis.com","twitter_card":"summary_large_image","twitter_misc":{"Escrito por":"apuntesdesanluis.com","Tiempo de lectura":"3 minutos"},"schema":{"@context":"https:\/\/schema.org","@graph":[{"@type":"Article","@id":"https:\/\/apuntesdesanluis.com\/index.php\/2023\/09\/06\/gravedad-institucional-irresponsabilidad-fiscal-y-encubrimiento-delictivo\/#article","isPartOf":{"@id":"https:\/\/apuntesdesanluis.com\/index.php\/2023\/09\/06\/gravedad-institucional-irresponsabilidad-fiscal-y-encubrimiento-delictivo\/"},"author":{"name":"apuntesdesanluis.com","@id":"https:\/\/apuntesdesanluis.com\/#\/schema\/person\/b55151d52296fcce64d1a72538a70b90"},"headline":"\u201cGRAVEDAD INSTITUCIONAL, IRRESPONSABILIDAD FISCAL Y ENCUBRIMIENTO DELICTIVO\u201d","datePublished":"2023-09-06T06:10:23+00:00","dateModified":"2023-09-06T11:36:04+00:00","mainEntityOfPage":{"@id":"https:\/\/apuntesdesanluis.com\/index.php\/2023\/09\/06\/gravedad-institucional-irresponsabilidad-fiscal-y-encubrimiento-delictivo\/"},"wordCount":570,"publisher":{"@id":"https:\/\/apuntesdesanluis.com\/#\/schema\/person\/b55151d52296fcce64d1a72538a70b90"},"image":{"@id":"https:\/\/apuntesdesanluis.com\/index.php\/2023\/09\/06\/gravedad-institucional-irresponsabilidad-fiscal-y-encubrimiento-delictivo\/#primaryimage"},"thumbnailUrl":"https:\/\/apuntesdesanluis.com\/wp-content\/uploads\/2023\/09\/guardia-y-castro-luna.png","articleSection":["Ciudad\/Provincia"],"inLanguage":"es-AR"},{"@type":"WebPage","@id":"https:\/\/apuntesdesanluis.com\/index.php\/2023\/09\/06\/gravedad-institucional-irresponsabilidad-fiscal-y-encubrimiento-delictivo\/","url":"https:\/\/apuntesdesanluis.com\/index.php\/2023\/09\/06\/gravedad-institucional-irresponsabilidad-fiscal-y-encubrimiento-delictivo\/","name":"\u201cGRAVEDAD INSTITUCIONAL, IRRESPONSABILIDAD FISCAL Y ENCUBRIMIENTO DELICTIVO\u201d - Apuntes de San Luis","isPartOf":{"@id":"https:\/\/apuntesdesanluis.com\/#website"},"primaryImageOfPage":{"@id":"https:\/\/apuntesdesanluis.com\/index.php\/2023\/09\/06\/gravedad-institucional-irresponsabilidad-fiscal-y-encubrimiento-delictivo\/#primaryimage"},"image":{"@id":"https:\/\/apuntesdesanluis.com\/index.php\/2023\/09\/06\/gravedad-institucional-irresponsabilidad-fiscal-y-encubrimiento-delictivo\/#primaryimage"},"thumbnailUrl":"https:\/\/apuntesdesanluis.com\/wp-content\/uploads\/2023\/09\/guardia-y-castro-luna.png","datePublished":"2023-09-06T06:10:23+00:00","dateModified":"2023-09-06T11:36:04+00:00","breadcrumb":{"@id":"https:\/\/apuntesdesanluis.com\/index.php\/2023\/09\/06\/gravedad-institucional-irresponsabilidad-fiscal-y-encubrimiento-delictivo\/#breadcrumb"},"inLanguage":"es-AR","potentialAction":[{"@type":"ReadAction","target":["https:\/\/apuntesdesanluis.com\/index.php\/2023\/09\/06\/gravedad-institucional-irresponsabilidad-fiscal-y-encubrimiento-delictivo\/"]}]},{"@type":"ImageObject","inLanguage":"es-AR","@id":"https:\/\/apuntesdesanluis.com\/index.php\/2023\/09\/06\/gravedad-institucional-irresponsabilidad-fiscal-y-encubrimiento-delictivo\/#primaryimage","url":"https:\/\/apuntesdesanluis.com\/wp-content\/uploads\/2023\/09\/guardia-y-castro-luna.png","contentUrl":"https:\/\/apuntesdesanluis.com\/wp-content\/uploads\/2023\/09\/guardia-y-castro-luna.png","width":557,"height":337},{"@type":"BreadcrumbList","@id":"https:\/\/apuntesdesanluis.com\/index.php\/2023\/09\/06\/gravedad-institucional-irresponsabilidad-fiscal-y-encubrimiento-delictivo\/#breadcrumb","itemListElement":[{"@type":"ListItem","position":1,"name":"Inicio","item":"https:\/\/apuntesdesanluis.com\/"},{"@type":"ListItem","position":2,"name":"\u201cGRAVEDAD INSTITUCIONAL, IRRESPONSABILIDAD FISCAL Y ENCUBRIMIENTO DELICTIVO\u201d"}]},{"@type":"WebSite","@id":"https:\/\/apuntesdesanluis.com\/#website","url":"https:\/\/apuntesdesanluis.com\/","name":"Apuntes de San Luis","description":"","publisher":{"@id":"https:\/\/apuntesdesanluis.com\/#\/schema\/person\/b55151d52296fcce64d1a72538a70b90"},"potentialAction":[{"@type":"SearchAction","target":{"@type":"EntryPoint","urlTemplate":"https:\/\/apuntesdesanluis.com\/?s={search_term_string}"},"query-input":{"@type":"PropertyValueSpecification","valueRequired":true,"valueName":"search_term_string"}}],"inLanguage":"es-AR"},{"@type":["Person","Organization"],"@id":"https:\/\/apuntesdesanluis.com\/#\/schema\/person\/b55151d52296fcce64d1a72538a70b90","name":"apuntesdesanluis.com","image":{"@type":"ImageObject","inLanguage":"es-AR","@id":"https:\/\/apuntesdesanluis.com\/#\/schema\/person\/image\/","url":"https:\/\/apuntesdesanluis.com\/wp-content\/uploads\/2023\/07\/cropped-apuntesdesanluis.png","contentUrl":"https:\/\/apuntesdesanluis.com\/wp-content\/uploads\/2023\/07\/cropped-apuntesdesanluis.png","width":450,"height":112,"caption":"apuntesdesanluis.com"},"logo":{"@id":"https:\/\/apuntesdesanluis.com\/#\/schema\/person\/image\/"},"sameAs":["https:\/\/apuntesdesanluis.com"],"url":"https:\/\/apuntesdesanluis.com\/index.php\/author\/apuntesdesanluis-com\/"}]}},"featured_image_urls":{"full":["https:\/\/apuntesdesanluis.com\/wp-content\/uploads\/2023\/09\/guardia-y-castro-luna.png",557,337,false],"thumbnail":["https:\/\/apuntesdesanluis.com\/wp-content\/uploads\/2023\/09\/guardia-y-castro-luna-150x150.png",150,150,true],"medium":["https:\/\/apuntesdesanluis.com\/wp-content\/uploads\/2023\/09\/guardia-y-castro-luna-300x182.png",300,182,true],"medium_large":["https:\/\/apuntesdesanluis.com\/wp-content\/uploads\/2023\/09\/guardia-y-castro-luna.png",557,337,false],"large":["https:\/\/apuntesdesanluis.com\/wp-content\/uploads\/2023\/09\/guardia-y-castro-luna.png",557,337,false],"1536x1536":["https:\/\/apuntesdesanluis.com\/wp-content\/uploads\/2023\/09\/guardia-y-castro-luna.png",557,337,false],"2048x2048":["https:\/\/apuntesdesanluis.com\/wp-content\/uploads\/2023\/09\/guardia-y-castro-luna.png",557,337,false],"newsever-slider-full":["https:\/\/apuntesdesanluis.com\/wp-content\/uploads\/2023\/09\/guardia-y-castro-luna.png",557,337,false],"newsever-featured":["https:\/\/apuntesdesanluis.com\/wp-content\/uploads\/2023\/09\/guardia-y-castro-luna.png",557,337,false],"newsever-medium":["https:\/\/apuntesdesanluis.com\/wp-content\/uploads\/2023\/09\/guardia-y-castro-luna.png",557,337,false]},"author_info":{"display_name":"apuntesdesanluis.com","author_link":"https:\/\/apuntesdesanluis.com\/index.php\/author\/apuntesdesanluis-com\/"},"category_info":"<a href=\"https:\/\/apuntesdesanluis.com\/index.php\/category\/ciudad-provincia\/\" rel=\"category tag\">Ciudad\/Provincia<\/a>","tag_info":"Ciudad\/Provincia","comment_count":"0","_links":{"self":[{"href":"https:\/\/apuntesdesanluis.com\/index.php\/wp-json\/wp\/v2\/posts\/2753","targetHints":{"allow":["GET"]}}],"collection":[{"href":"https:\/\/apuntesdesanluis.com\/index.php\/wp-json\/wp\/v2\/posts"}],"about":[{"href":"https:\/\/apuntesdesanluis.com\/index.php\/wp-json\/wp\/v2\/types\/post"}],"author":[{"embeddable":true,"href":"https:\/\/apuntesdesanluis.com\/index.php\/wp-json\/wp\/v2\/users\/1"}],"replies":[{"embeddable":true,"href":"https:\/\/apuntesdesanluis.com\/index.php\/wp-json\/wp\/v2\/comments?post=2753"}],"version-history":[{"count":3,"href":"https:\/\/apuntesdesanluis.com\/index.php\/wp-json\/wp\/v2\/posts\/2753\/revisions"}],"predecessor-version":[{"id":2767,"href":"https:\/\/apuntesdesanluis.com\/index.php\/wp-json\/wp\/v2\/posts\/2753\/revisions\/2767"}],"wp:featuredmedia":[{"embeddable":true,"href":"https:\/\/apuntesdesanluis.com\/index.php\/wp-json\/wp\/v2\/media\/2754"}],"wp:attachment":[{"href":"https:\/\/apuntesdesanluis.com\/index.php\/wp-json\/wp\/v2\/media?parent=2753"}],"wp:term":[{"taxonomy":"category","embeddable":true,"href":"https:\/\/apuntesdesanluis.com\/index.php\/wp-json\/wp\/v2\/categories?post=2753"},{"taxonomy":"post_tag","embeddable":true,"href":"https:\/\/apuntesdesanluis.com\/index.php\/wp-json\/wp\/v2\/tags?post=2753"}],"curies":[{"name":"wp","href":"https:\/\/api.w.org\/{rel}","templated":true}]}}