{"id":27545,"date":"2025-01-03T11:31:24","date_gmt":"2025-01-03T14:31:24","guid":{"rendered":"https:\/\/apuntesdesanluis.com\/?p=27545"},"modified":"2025-01-03T11:31:24","modified_gmt":"2025-01-03T14:31:24","slug":"fue-un-ano-de-resistencia-de-todo-el-sistema-de-universidades-nacionales","status":"publish","type":"post","link":"https:\/\/apuntesdesanluis.com\/index.php\/2025\/01\/03\/fue-un-ano-de-resistencia-de-todo-el-sistema-de-universidades-nacionales\/","title":{"rendered":"\u00abFUE UN A\u00d1O DE RESISTENCIA DE TODO EL SISTEMA DE UNIVERSIDADES NACIONALES\u00bb"},"content":{"rendered":"<h3>En di\u00e1logo con <strong>Noticias UNSL<\/strong>, el rector de la Instituci\u00f3n y presidente del Consejo Interuniversitario Nacional (CIN), C.P.N. <strong>V\u00edctor Mori\u00f1igo<\/strong>, coment\u00f3 cu\u00e1les fueron los desaf\u00edos que tuvo que enfrentar el sistema universitario argentino en el 2024. Al mismo tiempo, comparti+o sus deseos y expectativas en este nuevo a\u00f1o acad\u00e9mico que comienza.<\/h3>\n<h3><strong>Termin\u00f3 el 2024, un a\u00f1o muy dif\u00edcil para la Universidad Argentina, \u00bfc\u00f3mo lo viviste como Rector de la UNSL y Presidente del CIN?<\/strong><\/h3>\n<h3>Sin duda me parece que fue un a\u00f1o de resistencia de todo el sistema de universidades nacionales argentinas, en particular de la UNSL. A finales del 2023 ten\u00edamos mucha incertidumbre sobre c\u00f3mo iba a ser la aplicabilidad del plan del Presidente. Cuando empezamos a tener certezas, el a\u00f1o 2024 empez\u00f3 con un retraso en el pago de salarios, porque no hab\u00edan dejado que el Banco Naci\u00f3n ejecutara los convenios del Plan Sueldo. Con eso empezamos mal, con mucho desconocimiento y mucho prejuicio del Gobierno hacia el Estado en general y a la Universidad en particular.<\/h3>\n<h3>En febrero y marzo la discusi\u00f3n fue c\u00f3mo el Estado nacional iba a ejecutar un presupuesto 2023 con una inflaci\u00f3n del 200%. Eso nos llev\u00f3 todo el primer cuatrimestre, con una marcha hist\u00f3rica el 23 de abril, que llev\u00f3 a recapacitar al Gobierno, que termin\u00f3 dando los fondos que se ped\u00edan, en c\u00f3modas cuotas, pero lo hizo y nosotros aceptamos porque sabemos que el Estado est\u00e1 pasando una \u00e9poca complicada. Ese fue un semestre de muchos problemas.<\/h3>\n<h3>La Universidad, en un Consejo Superior en la Escuela Normal, tom\u00f3 medidas de manera acertada. No fueron medidas simp\u00e1ticas, pero s\u00ed de mucha austeridad, por ejemplo que no haya m\u00e1s horas extras, ni ingreso de personal, ni cobertura de cargos dentro del personal, que son cosas en las que siempre hay expectativa, sin embargo hubo que hacer eso para poder sostener toda la fuente de trabajo. La Universidad tom\u00f3 la decisi\u00f3n con los gremios de no alterar la fuente laboral. Nosotros no despedimos a ninguna persona y eso fue muy importante.<\/h3>\n<h3>Luego, tuvimos un segundo semestre con una nueva marcha el 2 de octubre, donde el tema pas\u00f3 a ser m\u00e1s lo salarial que el funcionamiento. All\u00ed no tuvimos el mismo \u00e9xito. Tuvimos una ley que fue sancionada por ambas c\u00e1maras, que luego el Presidente vet\u00f3 y no pudimos sostener por los dos (2) tercios. Despu\u00e9s entramos en un mes de noviembre muy tumultuoso, con toma de edificios y protestas, fruto de la desesperanza que el Gobierno no entendiera la urgente necesidad de recomponer salarios. Tuvimos un final de cuatrimestre bastante tumultuoso pero fruct\u00edfero, porque los chicos pudieron terminar un a\u00f1o muy complicado.<\/h3>\n<h3>En balance, fue un a\u00f1o de resistencia, pero creo que hay que valorar que la Universidad estuvo abierta y eso es el resumen de un a\u00f1o tan plagado de novedades. Despu\u00e9s, la relaci\u00f3n con el Gobierno nacional es lo que se puede ver en la tele, como una monta\u00f1a rusa, donde todo el tiempo hay que explicar lo inexplicable, donde el Gobierno no hace nada pero instala temas. Hemos aprendido a medirnos entre el Gobierno y las Universidades y as\u00ed est\u00e1 la relaci\u00f3n a un cuarto de gesti\u00f3n del Presidente.<\/h3>\n<h3><strong>Como dijiste reci\u00e9n, a pesar de todo la Universidad sigui\u00f3 funcionando, brindando becas, abriendo el Comedor a la noche, siguiendo con programas o proyectos acad\u00e9micos y desde ciencia y t\u00e9cnica. \u00bfC\u00f3mo analiz\u00e1s esto al interior de la Universidad?\u00bfc\u00f3mo ha sido este trabajo.<\/strong><\/h3>\n<h3>Todo eso empez\u00f3 a cambiar despu\u00e9s del 23 de abril cuando nos lleg\u00f3 la reconstituci\u00f3n de los gastos que ped\u00edamos. All\u00ed armamos un programa muy importante: Universidad de pie, donde volvi\u00f3 el Comedor de noche, se empezaron a pagar mejor las becas, las Facultades empezaron a tener sus gastos de funcionamiento, pudimos hacer un plan de obras que anunciamos en el \u00faltimo Consejo Superior c\u00f3mo estaba su estado, de casi 700 millones de pesos.<\/h3>\n<h3>Es un orgullo tener una administraci\u00f3n austera funcionando, eso me parece muy importante. Cobramos nuestros salarios de manera normal los d\u00edas 30 y 31, eso parece un derecho adquirido, pero para eso hay muchas personas trabajando, con instructivos que llegaban sobre la hora, con paritarias que se hac\u00edan unilateralmente.<\/h3>\n<h3>Hay una parte de la Universidad que trabaja muy bien, con profesionales que saben muy bien qu\u00e9 hacer en la Secretar\u00eda de Hacienda, Administraci\u00f3n e Infraestructura, de Ciencia y Tecnolog\u00eda, de Asuntos Estudiantiles y Bienestar Universitario. Al mismo tiempo, los sistemas que hoy tenemos, gracias al centro de c\u00f3mputos, al \u00e1rea del DATSI, hacen que tengamos una velocidad en la comunicaci\u00f3n. Junto a esto, han pasado cosas hist\u00f3ricas, como la digitalizaci\u00f3n de toda la Universidad, que era algo impensado hace cinco (5) a\u00f1os atr\u00e1s.<\/h3>\n<h3>El problema no es solo Milei ahora, fue la inflaci\u00f3n durante los cuatro (4) a\u00f1os anteriores. Venimos de diez (10) a\u00f1os muy tumultuosos y la Universidad ha seguido creciendo, porque han dado la cara docentes y nodocentes en funci\u00f3n del sostenimiento de una Universidad que se proyect\u00f3 internacionalmente, que tenemos cada d\u00eda m\u00e1s graduados, una calidad para sostener. En el saldo hay mucho por lo que estar orgulloso<\/h3>\n<h3><strong>\u00bfCu\u00e1les son los desaf\u00edos en los \u00faltimos tramos de tu gesti\u00f3n en la UNSL y en el CIN?<\/strong><\/h3>\n<h3>Tenemos fechas del Plenario del CIN, que ser\u00e1 los d\u00edas 3 y 4 de abril en la UNSL, donde se elegir\u00e1n las nuevas autoridades. Ha sido una tarea de much\u00edsima responsabilidad, un lugar donde generalmente no pasaban muchas cosas, pero termin\u00f3 siendo un a\u00f1o en el que s\u00ed pasaron.<\/h3>\n<h3>No ha sido f\u00e1cil ser noticia en los prime time todo el tiempo, no ha sido f\u00e1cil representar a todas las universidades del pa\u00eds por su tama\u00f1o, por su escala, su idiosincrasia. Creo que lo hemos hecho de la mejor manera.<\/h3>\n<h3>Los desaf\u00edos son de mucha incertidumbre para el inicio del cuatrimestre, porque dependemos que el Gobierno nacional acerque una oferta salarial en febrero\/marzo que destrabe el inicio. Eso puede ser vital, porque si se destraba todo empieza a ser de otra manera y si no es as\u00ed, iniciamos un a\u00f1o muy complicado. Eso no depende de nosotros, sino que el Gobierno acerque una oferta salarial de al menos tres (3) o cuatro (4) meses, que no solo supere la inflaci\u00f3n del mes que estamos corriendo, sino de todo lo perdido en el 2024. Si eso ocurre, creo que los empleados universitarios entender\u00e1n que empezamos a transitar una senda de recuperaci\u00f3n, que ser\u00e1 lenta, pero al menos lo ser\u00e1. Si no sucede, me parece que ser\u00e1 una ratificaci\u00f3n que todo lo perdido est\u00e1 perdido y que en el 2025 seguiremos perdiendo. Toda la expectativa est\u00e1 en ver c\u00f3mo salimos de ese nudo en febrero, por ello le hemos dicho al Gobierno que por favor haga esos esfuerzos.<\/h3>\n<h3>En cuanto al CIN, la expectativa es que en abril ojal\u00e1 estemos discutiendo cuestiones cient\u00edficas y acad\u00e9micas y no salariales, esa ser\u00eda la esperanza.<\/h3>\n<h3>Con respecto al final de la gesti\u00f3n, la UNSL empieza con un a\u00f1o electoral, eso tiene toda una particularidad. Por primera vez en 25 a\u00f1os estoy un poco corrido de los detalles, las alianzas y las gestiones. He tomado una decisi\u00f3n de no estar m\u00e1s en la gesti\u00f3n universitaria y me parece bien. Tiene que venir gente joven con nuevas ideas, estilos y formas. Me parece que en la Argentina en la que hoy vivimos, donde los l\u00edderes siguen siendo los mismos que cometieron errores, oxigenar una instituci\u00f3n est\u00e1 muy bien. Tengo mucha fe que lo que la gente elija en la Universidad ser\u00e1 lo correcto.<\/h3>\n<h3>Si me pregunt\u00e1s cu\u00e1l es mi objetivo el a\u00f1o que viene, es que el proceso electoral sea tranquilo, correcto y que la Universidad d\u00e9 muestras de algo que hace mucho no se da muestra en San Luis, que es una transici\u00f3n ordenada. Tendremos nuevo rector seguramente en el mes de mayo, en la primera vuelta. Desde mayo a septiembre le quiero traer tranquilidad a la comunidad universitaria que seguir\u00e1n cobrando sus salarios, que el Comedor seguir\u00e1 funcionando, que seguir\u00e1n los proyectos de ciencia y tecnolog\u00eda, que inauguraremos todas las obras que presentamos en el Consejo Superior en diciembre, que el nuevo rector pueda elegir su grupo de trabajo que coordine con mi grupo de trabajo, que la gente vea que se puede hacer una transici\u00f3n ordenada, dejar unas finanzas de la Universidad robustas y como corresponde, para que haya tranquilidad ante cualquier vicisitud con las que nos sorprenda el Presidente. Esa es mi idea, dejar la Universidad con un orden que le d\u00e9 paz y tranquilidad a los universitarios.<\/h3>\n<h3><strong>\u00bfQu\u00e9 le dir\u00edas a las personas que siguen apostando y apoyando a la Universidad P\u00fablica, tanto a quienes ingresar\u00e1n como a los\/as trabajadores, docentes e investigadores que la conforman?<\/strong><\/h3>\n<h3>Como mensaje, que la Universidad argentina ha resistido peores momentos que estos. Somos la Universidad de Mauricio L\u00f3pez. La Universidad argentina ha tenido desaparici\u00f3n de docentes, estudiantes, hemos vivido \u00e9pocas muy oscuras de la historia argentina. Esta ser\u00e1 una \u00e9poca oscura desde la gesti\u00f3n presupuestaria y creo que la Universidad lo va a resistir, va a salir adelante, habr\u00e1 Universidad siempre.<\/h3>\n<h3>Lo que debe saber la comunidad universitaria y quienes vayan a sumarse como ingresantes, es que aprovechen la enorme oportunidad de tener a la educaci\u00f3n superior como un derecho, que la usen bien y que transiten por la Universidad de manera r\u00e1pida. Tambi\u00e9n que sean embajadores de defenderla, en cualquier situaci\u00f3n social y familiar, que pongan en valor a la Universidad.<\/h3>\n<h3>Nosotros la defendemos porque sabemos que sirve para hacer un pa\u00eds mejor, incluso para el pa\u00eds que piensa el presidente Milei, la Universidad puede ponerse al servicio de esa forma de pensar la econom\u00eda, que te puede gustar o no, pero es la que votaron la mayor\u00eda de los argentinos.<\/h3>\n<h3>Ser\u00eda un activo para la Argentina el acuerdo, el di\u00e1logo, el tratarnos bien, por eso creo que la Universidad debe construir civismo, democracia, pluralidad, ciencia, conocimiento, todo eso es la Universidad, as\u00ed que vale la pena defenderla y lo vamos a lograr.<\/h3>\n<h3><\/h3>\n<h3><\/h3>\n<p>&nbsp;<\/p>\n","protected":false},"excerpt":{"rendered":"<p>En di\u00e1logo con Noticias UNSL, el rector de la Instituci\u00f3n y presidente del Consejo Interuniversitario&#8230;<\/p>\n","protected":false},"author":1,"featured_media":27546,"comment_status":"closed","ping_status":"closed","sticky":false,"template":"","format":"standard","meta":{"footnotes":""},"categories":[6],"tags":[],"class_list":["post-27545","post","type-post","status-publish","format-standard","has-post-thumbnail","hentry","category-ciudad-provincia"],"yoast_head":"<!-- This site is optimized with the Yoast SEO plugin v26.1.1 - https:\/\/yoast.com\/wordpress\/plugins\/seo\/ -->\n<title>\u00abFUE UN A\u00d1O DE RESISTENCIA DE TODO EL SISTEMA DE UNIVERSIDADES NACIONALES\u00bb - Apuntes de San Luis<\/title>\n<meta name=\"robots\" content=\"index, follow, max-snippet:-1, max-image-preview:large, max-video-preview:-1\" \/>\n<link rel=\"canonical\" href=\"https:\/\/apuntesdesanluis.com\/index.php\/2025\/01\/03\/fue-un-ano-de-resistencia-de-todo-el-sistema-de-universidades-nacionales\/\" \/>\n<meta property=\"og:locale\" content=\"es_ES\" \/>\n<meta property=\"og:type\" content=\"article\" \/>\n<meta property=\"og:title\" content=\"\u00abFUE UN A\u00d1O DE RESISTENCIA DE TODO EL SISTEMA DE UNIVERSIDADES NACIONALES\u00bb - Apuntes de San Luis\" \/>\n<meta property=\"og:description\" content=\"En di\u00e1logo con Noticias UNSL, el rector de la Instituci\u00f3n y presidente del Consejo Interuniversitario...\" \/>\n<meta property=\"og:url\" content=\"https:\/\/apuntesdesanluis.com\/index.php\/2025\/01\/03\/fue-un-ano-de-resistencia-de-todo-el-sistema-de-universidades-nacionales\/\" \/>\n<meta property=\"og:site_name\" content=\"Apuntes de San Luis\" \/>\n<meta property=\"article:published_time\" content=\"2025-01-03T14:31:24+00:00\" \/>\n<meta property=\"og:image\" content=\"https:\/\/apuntesdesanluis.com\/wp-content\/uploads\/2025\/01\/morinigo.png\" \/>\n\t<meta property=\"og:image:width\" content=\"816\" \/>\n\t<meta property=\"og:image:height\" content=\"546\" \/>\n\t<meta property=\"og:image:type\" content=\"image\/png\" \/>\n<meta name=\"author\" content=\"apuntesdesanluis.com\" \/>\n<meta name=\"twitter:card\" content=\"summary_large_image\" \/>\n<meta name=\"twitter:label1\" content=\"Escrito por\" \/>\n\t<meta name=\"twitter:data1\" content=\"apuntesdesanluis.com\" \/>\n\t<meta name=\"twitter:label2\" content=\"Tiempo de lectura\" \/>\n\t<meta name=\"twitter:data2\" content=\"8 minutos\" \/>\n<script type=\"application\/ld+json\" class=\"yoast-schema-graph\">{\"@context\":\"https:\/\/schema.org\",\"@graph\":[{\"@type\":\"Article\",\"@id\":\"https:\/\/apuntesdesanluis.com\/index.php\/2025\/01\/03\/fue-un-ano-de-resistencia-de-todo-el-sistema-de-universidades-nacionales\/#article\",\"isPartOf\":{\"@id\":\"https:\/\/apuntesdesanluis.com\/index.php\/2025\/01\/03\/fue-un-ano-de-resistencia-de-todo-el-sistema-de-universidades-nacionales\/\"},\"author\":{\"name\":\"apuntesdesanluis.com\",\"@id\":\"https:\/\/apuntesdesanluis.com\/#\/schema\/person\/b55151d52296fcce64d1a72538a70b90\"},\"headline\":\"\u00abFUE UN A\u00d1O DE RESISTENCIA DE TODO EL SISTEMA DE UNIVERSIDADES NACIONALES\u00bb\",\"datePublished\":\"2025-01-03T14:31:24+00:00\",\"mainEntityOfPage\":{\"@id\":\"https:\/\/apuntesdesanluis.com\/index.php\/2025\/01\/03\/fue-un-ano-de-resistencia-de-todo-el-sistema-de-universidades-nacionales\/\"},\"wordCount\":1778,\"publisher\":{\"@id\":\"https:\/\/apuntesdesanluis.com\/#\/schema\/person\/b55151d52296fcce64d1a72538a70b90\"},\"image\":{\"@id\":\"https:\/\/apuntesdesanluis.com\/index.php\/2025\/01\/03\/fue-un-ano-de-resistencia-de-todo-el-sistema-de-universidades-nacionales\/#primaryimage\"},\"thumbnailUrl\":\"https:\/\/apuntesdesanluis.com\/wp-content\/uploads\/2025\/01\/morinigo.png\",\"articleSection\":[\"Ciudad\/Provincia\"],\"inLanguage\":\"es-AR\"},{\"@type\":\"WebPage\",\"@id\":\"https:\/\/apuntesdesanluis.com\/index.php\/2025\/01\/03\/fue-un-ano-de-resistencia-de-todo-el-sistema-de-universidades-nacionales\/\",\"url\":\"https:\/\/apuntesdesanluis.com\/index.php\/2025\/01\/03\/fue-un-ano-de-resistencia-de-todo-el-sistema-de-universidades-nacionales\/\",\"name\":\"\u00abFUE UN A\u00d1O DE RESISTENCIA DE TODO EL SISTEMA DE UNIVERSIDADES NACIONALES\u00bb - Apuntes de San Luis\",\"isPartOf\":{\"@id\":\"https:\/\/apuntesdesanluis.com\/#website\"},\"primaryImageOfPage\":{\"@id\":\"https:\/\/apuntesdesanluis.com\/index.php\/2025\/01\/03\/fue-un-ano-de-resistencia-de-todo-el-sistema-de-universidades-nacionales\/#primaryimage\"},\"image\":{\"@id\":\"https:\/\/apuntesdesanluis.com\/index.php\/2025\/01\/03\/fue-un-ano-de-resistencia-de-todo-el-sistema-de-universidades-nacionales\/#primaryimage\"},\"thumbnailUrl\":\"https:\/\/apuntesdesanluis.com\/wp-content\/uploads\/2025\/01\/morinigo.png\",\"datePublished\":\"2025-01-03T14:31:24+00:00\",\"breadcrumb\":{\"@id\":\"https:\/\/apuntesdesanluis.com\/index.php\/2025\/01\/03\/fue-un-ano-de-resistencia-de-todo-el-sistema-de-universidades-nacionales\/#breadcrumb\"},\"inLanguage\":\"es-AR\",\"potentialAction\":[{\"@type\":\"ReadAction\",\"target\":[\"https:\/\/apuntesdesanluis.com\/index.php\/2025\/01\/03\/fue-un-ano-de-resistencia-de-todo-el-sistema-de-universidades-nacionales\/\"]}]},{\"@type\":\"ImageObject\",\"inLanguage\":\"es-AR\",\"@id\":\"https:\/\/apuntesdesanluis.com\/index.php\/2025\/01\/03\/fue-un-ano-de-resistencia-de-todo-el-sistema-de-universidades-nacionales\/#primaryimage\",\"url\":\"https:\/\/apuntesdesanluis.com\/wp-content\/uploads\/2025\/01\/morinigo.png\",\"contentUrl\":\"https:\/\/apuntesdesanluis.com\/wp-content\/uploads\/2025\/01\/morinigo.png\",\"width\":816,\"height\":546},{\"@type\":\"BreadcrumbList\",\"@id\":\"https:\/\/apuntesdesanluis.com\/index.php\/2025\/01\/03\/fue-un-ano-de-resistencia-de-todo-el-sistema-de-universidades-nacionales\/#breadcrumb\",\"itemListElement\":[{\"@type\":\"ListItem\",\"position\":1,\"name\":\"Inicio\",\"item\":\"https:\/\/apuntesdesanluis.com\/\"},{\"@type\":\"ListItem\",\"position\":2,\"name\":\"\u00abFUE UN A\u00d1O DE RESISTENCIA DE TODO EL SISTEMA DE UNIVERSIDADES NACIONALES\u00bb\"}]},{\"@type\":\"WebSite\",\"@id\":\"https:\/\/apuntesdesanluis.com\/#website\",\"url\":\"https:\/\/apuntesdesanluis.com\/\",\"name\":\"Apuntes de San Luis\",\"description\":\"\",\"publisher\":{\"@id\":\"https:\/\/apuntesdesanluis.com\/#\/schema\/person\/b55151d52296fcce64d1a72538a70b90\"},\"potentialAction\":[{\"@type\":\"SearchAction\",\"target\":{\"@type\":\"EntryPoint\",\"urlTemplate\":\"https:\/\/apuntesdesanluis.com\/?s={search_term_string}\"},\"query-input\":{\"@type\":\"PropertyValueSpecification\",\"valueRequired\":true,\"valueName\":\"search_term_string\"}}],\"inLanguage\":\"es-AR\"},{\"@type\":[\"Person\",\"Organization\"],\"@id\":\"https:\/\/apuntesdesanluis.com\/#\/schema\/person\/b55151d52296fcce64d1a72538a70b90\",\"name\":\"apuntesdesanluis.com\",\"image\":{\"@type\":\"ImageObject\",\"inLanguage\":\"es-AR\",\"@id\":\"https:\/\/apuntesdesanluis.com\/#\/schema\/person\/image\/\",\"url\":\"https:\/\/apuntesdesanluis.com\/wp-content\/uploads\/2023\/07\/cropped-apuntesdesanluis.png\",\"contentUrl\":\"https:\/\/apuntesdesanluis.com\/wp-content\/uploads\/2023\/07\/cropped-apuntesdesanluis.png\",\"width\":450,\"height\":112,\"caption\":\"apuntesdesanluis.com\"},\"logo\":{\"@id\":\"https:\/\/apuntesdesanluis.com\/#\/schema\/person\/image\/\"},\"sameAs\":[\"https:\/\/apuntesdesanluis.com\"],\"url\":\"https:\/\/apuntesdesanluis.com\/index.php\/author\/apuntesdesanluis-com\/\"}]}<\/script>\n<!-- \/ Yoast SEO plugin. -->","yoast_head_json":{"title":"\u00abFUE UN A\u00d1O DE RESISTENCIA DE TODO EL SISTEMA DE UNIVERSIDADES NACIONALES\u00bb - Apuntes de San Luis","robots":{"index":"index","follow":"follow","max-snippet":"max-snippet:-1","max-image-preview":"max-image-preview:large","max-video-preview":"max-video-preview:-1"},"canonical":"https:\/\/apuntesdesanluis.com\/index.php\/2025\/01\/03\/fue-un-ano-de-resistencia-de-todo-el-sistema-de-universidades-nacionales\/","og_locale":"es_ES","og_type":"article","og_title":"\u00abFUE UN A\u00d1O DE RESISTENCIA DE TODO EL SISTEMA DE UNIVERSIDADES NACIONALES\u00bb - Apuntes de San Luis","og_description":"En di\u00e1logo con Noticias UNSL, el rector de la Instituci\u00f3n y presidente del Consejo Interuniversitario...","og_url":"https:\/\/apuntesdesanluis.com\/index.php\/2025\/01\/03\/fue-un-ano-de-resistencia-de-todo-el-sistema-de-universidades-nacionales\/","og_site_name":"Apuntes de San Luis","article_published_time":"2025-01-03T14:31:24+00:00","og_image":[{"width":816,"height":546,"url":"https:\/\/apuntesdesanluis.com\/wp-content\/uploads\/2025\/01\/morinigo.png","type":"image\/png"}],"author":"apuntesdesanluis.com","twitter_card":"summary_large_image","twitter_misc":{"Escrito por":"apuntesdesanluis.com","Tiempo de lectura":"8 minutos"},"schema":{"@context":"https:\/\/schema.org","@graph":[{"@type":"Article","@id":"https:\/\/apuntesdesanluis.com\/index.php\/2025\/01\/03\/fue-un-ano-de-resistencia-de-todo-el-sistema-de-universidades-nacionales\/#article","isPartOf":{"@id":"https:\/\/apuntesdesanluis.com\/index.php\/2025\/01\/03\/fue-un-ano-de-resistencia-de-todo-el-sistema-de-universidades-nacionales\/"},"author":{"name":"apuntesdesanluis.com","@id":"https:\/\/apuntesdesanluis.com\/#\/schema\/person\/b55151d52296fcce64d1a72538a70b90"},"headline":"\u00abFUE UN A\u00d1O DE RESISTENCIA DE TODO EL SISTEMA DE UNIVERSIDADES NACIONALES\u00bb","datePublished":"2025-01-03T14:31:24+00:00","mainEntityOfPage":{"@id":"https:\/\/apuntesdesanluis.com\/index.php\/2025\/01\/03\/fue-un-ano-de-resistencia-de-todo-el-sistema-de-universidades-nacionales\/"},"wordCount":1778,"publisher":{"@id":"https:\/\/apuntesdesanluis.com\/#\/schema\/person\/b55151d52296fcce64d1a72538a70b90"},"image":{"@id":"https:\/\/apuntesdesanluis.com\/index.php\/2025\/01\/03\/fue-un-ano-de-resistencia-de-todo-el-sistema-de-universidades-nacionales\/#primaryimage"},"thumbnailUrl":"https:\/\/apuntesdesanluis.com\/wp-content\/uploads\/2025\/01\/morinigo.png","articleSection":["Ciudad\/Provincia"],"inLanguage":"es-AR"},{"@type":"WebPage","@id":"https:\/\/apuntesdesanluis.com\/index.php\/2025\/01\/03\/fue-un-ano-de-resistencia-de-todo-el-sistema-de-universidades-nacionales\/","url":"https:\/\/apuntesdesanluis.com\/index.php\/2025\/01\/03\/fue-un-ano-de-resistencia-de-todo-el-sistema-de-universidades-nacionales\/","name":"\u00abFUE UN A\u00d1O DE RESISTENCIA DE TODO EL SISTEMA DE UNIVERSIDADES NACIONALES\u00bb - Apuntes de San Luis","isPartOf":{"@id":"https:\/\/apuntesdesanluis.com\/#website"},"primaryImageOfPage":{"@id":"https:\/\/apuntesdesanluis.com\/index.php\/2025\/01\/03\/fue-un-ano-de-resistencia-de-todo-el-sistema-de-universidades-nacionales\/#primaryimage"},"image":{"@id":"https:\/\/apuntesdesanluis.com\/index.php\/2025\/01\/03\/fue-un-ano-de-resistencia-de-todo-el-sistema-de-universidades-nacionales\/#primaryimage"},"thumbnailUrl":"https:\/\/apuntesdesanluis.com\/wp-content\/uploads\/2025\/01\/morinigo.png","datePublished":"2025-01-03T14:31:24+00:00","breadcrumb":{"@id":"https:\/\/apuntesdesanluis.com\/index.php\/2025\/01\/03\/fue-un-ano-de-resistencia-de-todo-el-sistema-de-universidades-nacionales\/#breadcrumb"},"inLanguage":"es-AR","potentialAction":[{"@type":"ReadAction","target":["https:\/\/apuntesdesanluis.com\/index.php\/2025\/01\/03\/fue-un-ano-de-resistencia-de-todo-el-sistema-de-universidades-nacionales\/"]}]},{"@type":"ImageObject","inLanguage":"es-AR","@id":"https:\/\/apuntesdesanluis.com\/index.php\/2025\/01\/03\/fue-un-ano-de-resistencia-de-todo-el-sistema-de-universidades-nacionales\/#primaryimage","url":"https:\/\/apuntesdesanluis.com\/wp-content\/uploads\/2025\/01\/morinigo.png","contentUrl":"https:\/\/apuntesdesanluis.com\/wp-content\/uploads\/2025\/01\/morinigo.png","width":816,"height":546},{"@type":"BreadcrumbList","@id":"https:\/\/apuntesdesanluis.com\/index.php\/2025\/01\/03\/fue-un-ano-de-resistencia-de-todo-el-sistema-de-universidades-nacionales\/#breadcrumb","itemListElement":[{"@type":"ListItem","position":1,"name":"Inicio","item":"https:\/\/apuntesdesanluis.com\/"},{"@type":"ListItem","position":2,"name":"\u00abFUE UN A\u00d1O DE RESISTENCIA DE TODO EL SISTEMA DE UNIVERSIDADES NACIONALES\u00bb"}]},{"@type":"WebSite","@id":"https:\/\/apuntesdesanluis.com\/#website","url":"https:\/\/apuntesdesanluis.com\/","name":"Apuntes de San Luis","description":"","publisher":{"@id":"https:\/\/apuntesdesanluis.com\/#\/schema\/person\/b55151d52296fcce64d1a72538a70b90"},"potentialAction":[{"@type":"SearchAction","target":{"@type":"EntryPoint","urlTemplate":"https:\/\/apuntesdesanluis.com\/?s={search_term_string}"},"query-input":{"@type":"PropertyValueSpecification","valueRequired":true,"valueName":"search_term_string"}}],"inLanguage":"es-AR"},{"@type":["Person","Organization"],"@id":"https:\/\/apuntesdesanluis.com\/#\/schema\/person\/b55151d52296fcce64d1a72538a70b90","name":"apuntesdesanluis.com","image":{"@type":"ImageObject","inLanguage":"es-AR","@id":"https:\/\/apuntesdesanluis.com\/#\/schema\/person\/image\/","url":"https:\/\/apuntesdesanluis.com\/wp-content\/uploads\/2023\/07\/cropped-apuntesdesanluis.png","contentUrl":"https:\/\/apuntesdesanluis.com\/wp-content\/uploads\/2023\/07\/cropped-apuntesdesanluis.png","width":450,"height":112,"caption":"apuntesdesanluis.com"},"logo":{"@id":"https:\/\/apuntesdesanluis.com\/#\/schema\/person\/image\/"},"sameAs":["https:\/\/apuntesdesanluis.com"],"url":"https:\/\/apuntesdesanluis.com\/index.php\/author\/apuntesdesanluis-com\/"}]}},"featured_image_urls":{"full":["https:\/\/apuntesdesanluis.com\/wp-content\/uploads\/2025\/01\/morinigo.png",816,546,false],"thumbnail":["https:\/\/apuntesdesanluis.com\/wp-content\/uploads\/2025\/01\/morinigo-150x150.png",150,150,true],"medium":["https:\/\/apuntesdesanluis.com\/wp-content\/uploads\/2025\/01\/morinigo-300x201.png",300,201,true],"medium_large":["https:\/\/apuntesdesanluis.com\/wp-content\/uploads\/2025\/01\/morinigo-768x514.png",640,428,true],"large":["https:\/\/apuntesdesanluis.com\/wp-content\/uploads\/2025\/01\/morinigo.png",640,428,false],"1536x1536":["https:\/\/apuntesdesanluis.com\/wp-content\/uploads\/2025\/01\/morinigo.png",816,546,false],"2048x2048":["https:\/\/apuntesdesanluis.com\/wp-content\/uploads\/2025\/01\/morinigo.png",816,546,false],"newsever-slider-full":["https:\/\/apuntesdesanluis.com\/wp-content\/uploads\/2025\/01\/morinigo.png",816,546,false],"newsever-featured":["https:\/\/apuntesdesanluis.com\/wp-content\/uploads\/2025\/01\/morinigo.png",816,546,false],"newsever-medium":["https:\/\/apuntesdesanluis.com\/wp-content\/uploads\/2025\/01\/morinigo-720x475.png",720,475,true]},"author_info":{"display_name":"apuntesdesanluis.com","author_link":"https:\/\/apuntesdesanluis.com\/index.php\/author\/apuntesdesanluis-com\/"},"category_info":"<a href=\"https:\/\/apuntesdesanluis.com\/index.php\/category\/ciudad-provincia\/\" rel=\"category tag\">Ciudad\/Provincia<\/a>","tag_info":"Ciudad\/Provincia","comment_count":"0","_links":{"self":[{"href":"https:\/\/apuntesdesanluis.com\/index.php\/wp-json\/wp\/v2\/posts\/27545","targetHints":{"allow":["GET"]}}],"collection":[{"href":"https:\/\/apuntesdesanluis.com\/index.php\/wp-json\/wp\/v2\/posts"}],"about":[{"href":"https:\/\/apuntesdesanluis.com\/index.php\/wp-json\/wp\/v2\/types\/post"}],"author":[{"embeddable":true,"href":"https:\/\/apuntesdesanluis.com\/index.php\/wp-json\/wp\/v2\/users\/1"}],"replies":[{"embeddable":true,"href":"https:\/\/apuntesdesanluis.com\/index.php\/wp-json\/wp\/v2\/comments?post=27545"}],"version-history":[{"count":1,"href":"https:\/\/apuntesdesanluis.com\/index.php\/wp-json\/wp\/v2\/posts\/27545\/revisions"}],"predecessor-version":[{"id":27547,"href":"https:\/\/apuntesdesanluis.com\/index.php\/wp-json\/wp\/v2\/posts\/27545\/revisions\/27547"}],"wp:featuredmedia":[{"embeddable":true,"href":"https:\/\/apuntesdesanluis.com\/index.php\/wp-json\/wp\/v2\/media\/27546"}],"wp:attachment":[{"href":"https:\/\/apuntesdesanluis.com\/index.php\/wp-json\/wp\/v2\/media?parent=27545"}],"wp:term":[{"taxonomy":"category","embeddable":true,"href":"https:\/\/apuntesdesanluis.com\/index.php\/wp-json\/wp\/v2\/categories?post=27545"},{"taxonomy":"post_tag","embeddable":true,"href":"https:\/\/apuntesdesanluis.com\/index.php\/wp-json\/wp\/v2\/tags?post=27545"}],"curies":[{"name":"wp","href":"https:\/\/api.w.org\/{rel}","templated":true}]}}