{"id":27572,"date":"2025-01-04T00:03:40","date_gmt":"2025-01-04T03:03:40","guid":{"rendered":"https:\/\/apuntesdesanluis.com\/?p=27572"},"modified":"2025-01-04T00:03:40","modified_gmt":"2025-01-04T03:03:40","slug":"homicidio-de-lucas-pastran-cuatro-meses-de-prision-preventiva-para-el-imputado","status":"publish","type":"post","link":"https:\/\/apuntesdesanluis.com\/index.php\/2025\/01\/04\/homicidio-de-lucas-pastran-cuatro-meses-de-prision-preventiva-para-el-imputado\/","title":{"rendered":"HOMICIDIO DE LUCAS PASTR\u00c1N: CUATRO MESES DE PRISI\u00d3N PREVENTIVA PARA EL IMPUTADO"},"content":{"rendered":"<h3>Vencida la pr\u00f3rroga de detenci\u00f3n solicitada por la Defensa, este viernes se celebr\u00f3 una nueva audiencia donde el Dr. Santiago Ort\u00edz, Juez de Garant\u00edas N\u00b0 4, dispuso el traslado del hombre al Servicio Penitenciario Provincial. Fue imputado como autor del delito de Homicidio Calificado por cometerse con Alevos\u00eda y el uso de un Arma de Fuego, previsto y penado en el Art. 80 Inc 2\u00b0; 45 y 41 bis del CPN, por un hecho registrado el mi\u00e9rcoles 25 de diciembre en Villa Mercedes.<\/h3>\n<h3>Durante la audiencia, el fiscal adjunto Marcelo Palacio present\u00f3 como evidencia preliminar un informe que confirma la presencia de restos de p\u00f3lvora en las manos del imputado, se\u00f1al\u00e1ndolo como autor del disparo que impact\u00f3 en la espalda de la v\u00edctima. El representante del Ministerio P\u00fablico subray\u00f3 que el ataque, por su naturaleza, dej\u00f3 a la v\u00edctima sin posibilidad de defensa, constituyendo alevos\u00eda.<\/h3>\n<h3>Por su parte, el defensor particular Pascual Celdr\u00e1n argument\u00f3 que las circunstancias del hecho no encajan en el agravante de alevos\u00eda y cuestion\u00f3 la solidez de la imputaci\u00f3n. Asimismo, se opuso a la medida de prisi\u00f3n preventiva, alegando que su cliente tiene arraigo familiar y no representa un peligro de fuga.<\/h3>\n<h3>Tras evaluar las posturas, el juez Ortiz concluy\u00f3 que las pruebas presentadas, junto con la gravedad del delito y la pena en expectativa, justifican la imposici\u00f3n de prisi\u00f3n preventiva. La medida tendr\u00e1 una duraci\u00f3n de cuatro meses, con vencimiento el 3 de mayo de 2025, y ser\u00e1 cumplida en el Servicio Penitenciario Provincial.<\/h3>\n<p><img fetchpriority=\"high\" decoding=\"async\" class=\"wp-image-27197 aligncenter\" src=\"https:\/\/apuntesdesanluis.com\/wp-content\/uploads\/2024\/12\/pastran-300x219.png\" alt=\"\" width=\"668\" height=\"488\" srcset=\"https:\/\/apuntesdesanluis.com\/wp-content\/uploads\/2024\/12\/pastran-300x219.png 300w, https:\/\/apuntesdesanluis.com\/wp-content\/uploads\/2024\/12\/pastran.png 700w\" sizes=\"(max-width: 668px) 100vw, 668px\" \/><\/p>\n<h4 style=\"text-align: center;\"><em>Lucas Pastr\u00e1n, fan\u00e1tico de Boca y con antecedentes.<\/em><\/h4>\n<h3><strong>EL CASO<\/strong><\/h3>\n<h3>Seg\u00fan lo relatado por el Fiscal de Instrucci\u00f3n N\u00ba 3, Dr. Jos\u00e9 Olgu\u00edn, en la audiencia de formulaci\u00f3n de cargos que tuvo lugar el viernes 27 de diciembre, explic\u00f3 que le hecho ocurri\u00f3 el 25 de diciembre, aproximadamente a las 9:20 horas. En ese horario, Pastr\u00e1n y el imputado se acercaron a un domicilio ubicado en Guayaquil y Milone para realizar una transacci\u00f3n no determinada. Fue en esa circunstancia en la que se habr\u00eda producido una discusi\u00f3n.<\/h3>\n<h3>El Fiscal explic\u00f3 que Pastr\u00e1n le peg\u00f3 un golpe de pu\u00f1o al imputado, quien se encontraba a bordo de su motocicleta. Al momento de alejarse del lugar, el imputado sac\u00f3 un rev\u00f3lver que ten\u00eda en su pantal\u00f3n y produjo dos disparos, uno de ellos impact\u00f3 en la espalda de Pastr\u00e1n, quien fue trasladado al Policl\u00ednico Regional, donde minutos m\u00e1s tarde falleci\u00f3 producto de la herida recibida.<\/h3>\n<h3><\/h3>\n<h3><\/h3>\n<h3><\/h3>\n<p>&nbsp;<\/p>\n","protected":false},"excerpt":{"rendered":"<p>Vencida la pr\u00f3rroga de detenci\u00f3n solicitada por la Defensa, este viernes se celebr\u00f3 una nueva&#8230;<\/p>\n","protected":false},"author":1,"featured_media":27240,"comment_status":"closed","ping_status":"closed","sticky":false,"template":"","format":"standard","meta":{"footnotes":""},"categories":[6],"tags":[],"class_list":["post-27572","post","type-post","status-publish","format-standard","has-post-thumbnail","hentry","category-ciudad-provincia"],"yoast_head":"<!-- This site is optimized with the Yoast SEO plugin v26.1.1 - https:\/\/yoast.com\/wordpress\/plugins\/seo\/ -->\n<title>HOMICIDIO DE LUCAS PASTR\u00c1N: CUATRO MESES DE PRISI\u00d3N PREVENTIVA PARA EL IMPUTADO - Apuntes de San Luis<\/title>\n<meta name=\"robots\" content=\"index, follow, max-snippet:-1, max-image-preview:large, max-video-preview:-1\" \/>\n<link rel=\"canonical\" href=\"https:\/\/apuntesdesanluis.com\/index.php\/2025\/01\/04\/homicidio-de-lucas-pastran-cuatro-meses-de-prision-preventiva-para-el-imputado\/\" \/>\n<meta property=\"og:locale\" content=\"es_ES\" \/>\n<meta property=\"og:type\" content=\"article\" \/>\n<meta property=\"og:title\" content=\"HOMICIDIO DE LUCAS PASTR\u00c1N: CUATRO MESES DE PRISI\u00d3N PREVENTIVA PARA EL IMPUTADO - Apuntes de San Luis\" \/>\n<meta property=\"og:description\" content=\"Vencida la pr\u00f3rroga de detenci\u00f3n solicitada por la Defensa, este viernes se celebr\u00f3 una nueva...\" \/>\n<meta property=\"og:url\" content=\"https:\/\/apuntesdesanluis.com\/index.php\/2025\/01\/04\/homicidio-de-lucas-pastran-cuatro-meses-de-prision-preventiva-para-el-imputado\/\" \/>\n<meta property=\"og:site_name\" content=\"Apuntes de San Luis\" \/>\n<meta property=\"article:published_time\" content=\"2025-01-04T03:03:40+00:00\" \/>\n<meta property=\"og:image\" content=\"https:\/\/apuntesdesanluis.com\/wp-content\/uploads\/2024\/12\/detenido-x-muerte-de-pastran.jpg\" \/>\n\t<meta property=\"og:image:width\" content=\"691\" \/>\n\t<meta property=\"og:image:height\" content=\"478\" \/>\n\t<meta property=\"og:image:type\" content=\"image\/jpeg\" \/>\n<meta name=\"author\" content=\"apuntesdesanluis.com\" \/>\n<meta name=\"twitter:card\" content=\"summary_large_image\" \/>\n<meta name=\"twitter:label1\" content=\"Escrito por\" \/>\n\t<meta name=\"twitter:data1\" content=\"apuntesdesanluis.com\" \/>\n\t<meta name=\"twitter:label2\" content=\"Tiempo de lectura\" \/>\n\t<meta name=\"twitter:data2\" content=\"3 minutos\" \/>\n<script type=\"application\/ld+json\" class=\"yoast-schema-graph\">{\"@context\":\"https:\/\/schema.org\",\"@graph\":[{\"@type\":\"Article\",\"@id\":\"https:\/\/apuntesdesanluis.com\/index.php\/2025\/01\/04\/homicidio-de-lucas-pastran-cuatro-meses-de-prision-preventiva-para-el-imputado\/#article\",\"isPartOf\":{\"@id\":\"https:\/\/apuntesdesanluis.com\/index.php\/2025\/01\/04\/homicidio-de-lucas-pastran-cuatro-meses-de-prision-preventiva-para-el-imputado\/\"},\"author\":{\"name\":\"apuntesdesanluis.com\",\"@id\":\"https:\/\/apuntesdesanluis.com\/#\/schema\/person\/b55151d52296fcce64d1a72538a70b90\"},\"headline\":\"HOMICIDIO DE LUCAS PASTR\u00c1N: CUATRO MESES DE PRISI\u00d3N PREVENTIVA PARA EL IMPUTADO\",\"datePublished\":\"2025-01-04T03:03:40+00:00\",\"mainEntityOfPage\":{\"@id\":\"https:\/\/apuntesdesanluis.com\/index.php\/2025\/01\/04\/homicidio-de-lucas-pastran-cuatro-meses-de-prision-preventiva-para-el-imputado\/\"},\"wordCount\":443,\"publisher\":{\"@id\":\"https:\/\/apuntesdesanluis.com\/#\/schema\/person\/b55151d52296fcce64d1a72538a70b90\"},\"image\":{\"@id\":\"https:\/\/apuntesdesanluis.com\/index.php\/2025\/01\/04\/homicidio-de-lucas-pastran-cuatro-meses-de-prision-preventiva-para-el-imputado\/#primaryimage\"},\"thumbnailUrl\":\"https:\/\/apuntesdesanluis.com\/wp-content\/uploads\/2024\/12\/detenido-x-muerte-de-pastran.jpg\",\"articleSection\":[\"Ciudad\/Provincia\"],\"inLanguage\":\"es-AR\"},{\"@type\":\"WebPage\",\"@id\":\"https:\/\/apuntesdesanluis.com\/index.php\/2025\/01\/04\/homicidio-de-lucas-pastran-cuatro-meses-de-prision-preventiva-para-el-imputado\/\",\"url\":\"https:\/\/apuntesdesanluis.com\/index.php\/2025\/01\/04\/homicidio-de-lucas-pastran-cuatro-meses-de-prision-preventiva-para-el-imputado\/\",\"name\":\"HOMICIDIO DE LUCAS PASTR\u00c1N: CUATRO MESES DE PRISI\u00d3N PREVENTIVA PARA EL IMPUTADO - Apuntes de San Luis\",\"isPartOf\":{\"@id\":\"https:\/\/apuntesdesanluis.com\/#website\"},\"primaryImageOfPage\":{\"@id\":\"https:\/\/apuntesdesanluis.com\/index.php\/2025\/01\/04\/homicidio-de-lucas-pastran-cuatro-meses-de-prision-preventiva-para-el-imputado\/#primaryimage\"},\"image\":{\"@id\":\"https:\/\/apuntesdesanluis.com\/index.php\/2025\/01\/04\/homicidio-de-lucas-pastran-cuatro-meses-de-prision-preventiva-para-el-imputado\/#primaryimage\"},\"thumbnailUrl\":\"https:\/\/apuntesdesanluis.com\/wp-content\/uploads\/2024\/12\/detenido-x-muerte-de-pastran.jpg\",\"datePublished\":\"2025-01-04T03:03:40+00:00\",\"breadcrumb\":{\"@id\":\"https:\/\/apuntesdesanluis.com\/index.php\/2025\/01\/04\/homicidio-de-lucas-pastran-cuatro-meses-de-prision-preventiva-para-el-imputado\/#breadcrumb\"},\"inLanguage\":\"es-AR\",\"potentialAction\":[{\"@type\":\"ReadAction\",\"target\":[\"https:\/\/apuntesdesanluis.com\/index.php\/2025\/01\/04\/homicidio-de-lucas-pastran-cuatro-meses-de-prision-preventiva-para-el-imputado\/\"]}]},{\"@type\":\"ImageObject\",\"inLanguage\":\"es-AR\",\"@id\":\"https:\/\/apuntesdesanluis.com\/index.php\/2025\/01\/04\/homicidio-de-lucas-pastran-cuatro-meses-de-prision-preventiva-para-el-imputado\/#primaryimage\",\"url\":\"https:\/\/apuntesdesanluis.com\/wp-content\/uploads\/2024\/12\/detenido-x-muerte-de-pastran.jpg\",\"contentUrl\":\"https:\/\/apuntesdesanluis.com\/wp-content\/uploads\/2024\/12\/detenido-x-muerte-de-pastran.jpg\",\"width\":691,\"height\":478},{\"@type\":\"BreadcrumbList\",\"@id\":\"https:\/\/apuntesdesanluis.com\/index.php\/2025\/01\/04\/homicidio-de-lucas-pastran-cuatro-meses-de-prision-preventiva-para-el-imputado\/#breadcrumb\",\"itemListElement\":[{\"@type\":\"ListItem\",\"position\":1,\"name\":\"Inicio\",\"item\":\"https:\/\/apuntesdesanluis.com\/\"},{\"@type\":\"ListItem\",\"position\":2,\"name\":\"HOMICIDIO DE LUCAS PASTR\u00c1N: CUATRO MESES DE PRISI\u00d3N PREVENTIVA PARA EL IMPUTADO\"}]},{\"@type\":\"WebSite\",\"@id\":\"https:\/\/apuntesdesanluis.com\/#website\",\"url\":\"https:\/\/apuntesdesanluis.com\/\",\"name\":\"Apuntes de San Luis\",\"description\":\"\",\"publisher\":{\"@id\":\"https:\/\/apuntesdesanluis.com\/#\/schema\/person\/b55151d52296fcce64d1a72538a70b90\"},\"potentialAction\":[{\"@type\":\"SearchAction\",\"target\":{\"@type\":\"EntryPoint\",\"urlTemplate\":\"https:\/\/apuntesdesanluis.com\/?s={search_term_string}\"},\"query-input\":{\"@type\":\"PropertyValueSpecification\",\"valueRequired\":true,\"valueName\":\"search_term_string\"}}],\"inLanguage\":\"es-AR\"},{\"@type\":[\"Person\",\"Organization\"],\"@id\":\"https:\/\/apuntesdesanluis.com\/#\/schema\/person\/b55151d52296fcce64d1a72538a70b90\",\"name\":\"apuntesdesanluis.com\",\"image\":{\"@type\":\"ImageObject\",\"inLanguage\":\"es-AR\",\"@id\":\"https:\/\/apuntesdesanluis.com\/#\/schema\/person\/image\/\",\"url\":\"https:\/\/apuntesdesanluis.com\/wp-content\/uploads\/2023\/07\/cropped-apuntesdesanluis.png\",\"contentUrl\":\"https:\/\/apuntesdesanluis.com\/wp-content\/uploads\/2023\/07\/cropped-apuntesdesanluis.png\",\"width\":450,\"height\":112,\"caption\":\"apuntesdesanluis.com\"},\"logo\":{\"@id\":\"https:\/\/apuntesdesanluis.com\/#\/schema\/person\/image\/\"},\"sameAs\":[\"https:\/\/apuntesdesanluis.com\"],\"url\":\"https:\/\/apuntesdesanluis.com\/index.php\/author\/apuntesdesanluis-com\/\"}]}<\/script>\n<!-- \/ Yoast SEO plugin. -->","yoast_head_json":{"title":"HOMICIDIO DE LUCAS PASTR\u00c1N: CUATRO MESES DE PRISI\u00d3N PREVENTIVA PARA EL IMPUTADO - Apuntes de San Luis","robots":{"index":"index","follow":"follow","max-snippet":"max-snippet:-1","max-image-preview":"max-image-preview:large","max-video-preview":"max-video-preview:-1"},"canonical":"https:\/\/apuntesdesanluis.com\/index.php\/2025\/01\/04\/homicidio-de-lucas-pastran-cuatro-meses-de-prision-preventiva-para-el-imputado\/","og_locale":"es_ES","og_type":"article","og_title":"HOMICIDIO DE LUCAS PASTR\u00c1N: CUATRO MESES DE PRISI\u00d3N PREVENTIVA PARA EL IMPUTADO - Apuntes de San Luis","og_description":"Vencida la pr\u00f3rroga de detenci\u00f3n solicitada por la Defensa, este viernes se celebr\u00f3 una nueva...","og_url":"https:\/\/apuntesdesanluis.com\/index.php\/2025\/01\/04\/homicidio-de-lucas-pastran-cuatro-meses-de-prision-preventiva-para-el-imputado\/","og_site_name":"Apuntes de San Luis","article_published_time":"2025-01-04T03:03:40+00:00","og_image":[{"width":691,"height":478,"url":"https:\/\/apuntesdesanluis.com\/wp-content\/uploads\/2024\/12\/detenido-x-muerte-de-pastran.jpg","type":"image\/jpeg"}],"author":"apuntesdesanluis.com","twitter_card":"summary_large_image","twitter_misc":{"Escrito por":"apuntesdesanluis.com","Tiempo de lectura":"3 minutos"},"schema":{"@context":"https:\/\/schema.org","@graph":[{"@type":"Article","@id":"https:\/\/apuntesdesanluis.com\/index.php\/2025\/01\/04\/homicidio-de-lucas-pastran-cuatro-meses-de-prision-preventiva-para-el-imputado\/#article","isPartOf":{"@id":"https:\/\/apuntesdesanluis.com\/index.php\/2025\/01\/04\/homicidio-de-lucas-pastran-cuatro-meses-de-prision-preventiva-para-el-imputado\/"},"author":{"name":"apuntesdesanluis.com","@id":"https:\/\/apuntesdesanluis.com\/#\/schema\/person\/b55151d52296fcce64d1a72538a70b90"},"headline":"HOMICIDIO DE LUCAS PASTR\u00c1N: CUATRO MESES DE PRISI\u00d3N PREVENTIVA PARA EL IMPUTADO","datePublished":"2025-01-04T03:03:40+00:00","mainEntityOfPage":{"@id":"https:\/\/apuntesdesanluis.com\/index.php\/2025\/01\/04\/homicidio-de-lucas-pastran-cuatro-meses-de-prision-preventiva-para-el-imputado\/"},"wordCount":443,"publisher":{"@id":"https:\/\/apuntesdesanluis.com\/#\/schema\/person\/b55151d52296fcce64d1a72538a70b90"},"image":{"@id":"https:\/\/apuntesdesanluis.com\/index.php\/2025\/01\/04\/homicidio-de-lucas-pastran-cuatro-meses-de-prision-preventiva-para-el-imputado\/#primaryimage"},"thumbnailUrl":"https:\/\/apuntesdesanluis.com\/wp-content\/uploads\/2024\/12\/detenido-x-muerte-de-pastran.jpg","articleSection":["Ciudad\/Provincia"],"inLanguage":"es-AR"},{"@type":"WebPage","@id":"https:\/\/apuntesdesanluis.com\/index.php\/2025\/01\/04\/homicidio-de-lucas-pastran-cuatro-meses-de-prision-preventiva-para-el-imputado\/","url":"https:\/\/apuntesdesanluis.com\/index.php\/2025\/01\/04\/homicidio-de-lucas-pastran-cuatro-meses-de-prision-preventiva-para-el-imputado\/","name":"HOMICIDIO DE LUCAS PASTR\u00c1N: CUATRO MESES DE PRISI\u00d3N PREVENTIVA PARA EL IMPUTADO - Apuntes de San Luis","isPartOf":{"@id":"https:\/\/apuntesdesanluis.com\/#website"},"primaryImageOfPage":{"@id":"https:\/\/apuntesdesanluis.com\/index.php\/2025\/01\/04\/homicidio-de-lucas-pastran-cuatro-meses-de-prision-preventiva-para-el-imputado\/#primaryimage"},"image":{"@id":"https:\/\/apuntesdesanluis.com\/index.php\/2025\/01\/04\/homicidio-de-lucas-pastran-cuatro-meses-de-prision-preventiva-para-el-imputado\/#primaryimage"},"thumbnailUrl":"https:\/\/apuntesdesanluis.com\/wp-content\/uploads\/2024\/12\/detenido-x-muerte-de-pastran.jpg","datePublished":"2025-01-04T03:03:40+00:00","breadcrumb":{"@id":"https:\/\/apuntesdesanluis.com\/index.php\/2025\/01\/04\/homicidio-de-lucas-pastran-cuatro-meses-de-prision-preventiva-para-el-imputado\/#breadcrumb"},"inLanguage":"es-AR","potentialAction":[{"@type":"ReadAction","target":["https:\/\/apuntesdesanluis.com\/index.php\/2025\/01\/04\/homicidio-de-lucas-pastran-cuatro-meses-de-prision-preventiva-para-el-imputado\/"]}]},{"@type":"ImageObject","inLanguage":"es-AR","@id":"https:\/\/apuntesdesanluis.com\/index.php\/2025\/01\/04\/homicidio-de-lucas-pastran-cuatro-meses-de-prision-preventiva-para-el-imputado\/#primaryimage","url":"https:\/\/apuntesdesanluis.com\/wp-content\/uploads\/2024\/12\/detenido-x-muerte-de-pastran.jpg","contentUrl":"https:\/\/apuntesdesanluis.com\/wp-content\/uploads\/2024\/12\/detenido-x-muerte-de-pastran.jpg","width":691,"height":478},{"@type":"BreadcrumbList","@id":"https:\/\/apuntesdesanluis.com\/index.php\/2025\/01\/04\/homicidio-de-lucas-pastran-cuatro-meses-de-prision-preventiva-para-el-imputado\/#breadcrumb","itemListElement":[{"@type":"ListItem","position":1,"name":"Inicio","item":"https:\/\/apuntesdesanluis.com\/"},{"@type":"ListItem","position":2,"name":"HOMICIDIO DE LUCAS PASTR\u00c1N: CUATRO MESES DE PRISI\u00d3N PREVENTIVA PARA EL IMPUTADO"}]},{"@type":"WebSite","@id":"https:\/\/apuntesdesanluis.com\/#website","url":"https:\/\/apuntesdesanluis.com\/","name":"Apuntes de San Luis","description":"","publisher":{"@id":"https:\/\/apuntesdesanluis.com\/#\/schema\/person\/b55151d52296fcce64d1a72538a70b90"},"potentialAction":[{"@type":"SearchAction","target":{"@type":"EntryPoint","urlTemplate":"https:\/\/apuntesdesanluis.com\/?s={search_term_string}"},"query-input":{"@type":"PropertyValueSpecification","valueRequired":true,"valueName":"search_term_string"}}],"inLanguage":"es-AR"},{"@type":["Person","Organization"],"@id":"https:\/\/apuntesdesanluis.com\/#\/schema\/person\/b55151d52296fcce64d1a72538a70b90","name":"apuntesdesanluis.com","image":{"@type":"ImageObject","inLanguage":"es-AR","@id":"https:\/\/apuntesdesanluis.com\/#\/schema\/person\/image\/","url":"https:\/\/apuntesdesanluis.com\/wp-content\/uploads\/2023\/07\/cropped-apuntesdesanluis.png","contentUrl":"https:\/\/apuntesdesanluis.com\/wp-content\/uploads\/2023\/07\/cropped-apuntesdesanluis.png","width":450,"height":112,"caption":"apuntesdesanluis.com"},"logo":{"@id":"https:\/\/apuntesdesanluis.com\/#\/schema\/person\/image\/"},"sameAs":["https:\/\/apuntesdesanluis.com"],"url":"https:\/\/apuntesdesanluis.com\/index.php\/author\/apuntesdesanluis-com\/"}]}},"featured_image_urls":{"full":["https:\/\/apuntesdesanluis.com\/wp-content\/uploads\/2024\/12\/detenido-x-muerte-de-pastran.jpg",691,478,false],"thumbnail":["https:\/\/apuntesdesanluis.com\/wp-content\/uploads\/2024\/12\/detenido-x-muerte-de-pastran-150x150.jpg",150,150,true],"medium":["https:\/\/apuntesdesanluis.com\/wp-content\/uploads\/2024\/12\/detenido-x-muerte-de-pastran-300x208.jpg",300,208,true],"medium_large":["https:\/\/apuntesdesanluis.com\/wp-content\/uploads\/2024\/12\/detenido-x-muerte-de-pastran.jpg",640,443,false],"large":["https:\/\/apuntesdesanluis.com\/wp-content\/uploads\/2024\/12\/detenido-x-muerte-de-pastran.jpg",640,443,false],"1536x1536":["https:\/\/apuntesdesanluis.com\/wp-content\/uploads\/2024\/12\/detenido-x-muerte-de-pastran.jpg",691,478,false],"2048x2048":["https:\/\/apuntesdesanluis.com\/wp-content\/uploads\/2024\/12\/detenido-x-muerte-de-pastran.jpg",691,478,false],"newsever-slider-full":["https:\/\/apuntesdesanluis.com\/wp-content\/uploads\/2024\/12\/detenido-x-muerte-de-pastran.jpg",691,478,false],"newsever-featured":["https:\/\/apuntesdesanluis.com\/wp-content\/uploads\/2024\/12\/detenido-x-muerte-de-pastran.jpg",691,478,false],"newsever-medium":["https:\/\/apuntesdesanluis.com\/wp-content\/uploads\/2024\/12\/detenido-x-muerte-de-pastran-691x475.jpg",691,475,true]},"author_info":{"display_name":"apuntesdesanluis.com","author_link":"https:\/\/apuntesdesanluis.com\/index.php\/author\/apuntesdesanluis-com\/"},"category_info":"<a href=\"https:\/\/apuntesdesanluis.com\/index.php\/category\/ciudad-provincia\/\" rel=\"category tag\">Ciudad\/Provincia<\/a>","tag_info":"Ciudad\/Provincia","comment_count":"0","_links":{"self":[{"href":"https:\/\/apuntesdesanluis.com\/index.php\/wp-json\/wp\/v2\/posts\/27572","targetHints":{"allow":["GET"]}}],"collection":[{"href":"https:\/\/apuntesdesanluis.com\/index.php\/wp-json\/wp\/v2\/posts"}],"about":[{"href":"https:\/\/apuntesdesanluis.com\/index.php\/wp-json\/wp\/v2\/types\/post"}],"author":[{"embeddable":true,"href":"https:\/\/apuntesdesanluis.com\/index.php\/wp-json\/wp\/v2\/users\/1"}],"replies":[{"embeddable":true,"href":"https:\/\/apuntesdesanluis.com\/index.php\/wp-json\/wp\/v2\/comments?post=27572"}],"version-history":[{"count":1,"href":"https:\/\/apuntesdesanluis.com\/index.php\/wp-json\/wp\/v2\/posts\/27572\/revisions"}],"predecessor-version":[{"id":27573,"href":"https:\/\/apuntesdesanluis.com\/index.php\/wp-json\/wp\/v2\/posts\/27572\/revisions\/27573"}],"wp:featuredmedia":[{"embeddable":true,"href":"https:\/\/apuntesdesanluis.com\/index.php\/wp-json\/wp\/v2\/media\/27240"}],"wp:attachment":[{"href":"https:\/\/apuntesdesanluis.com\/index.php\/wp-json\/wp\/v2\/media?parent=27572"}],"wp:term":[{"taxonomy":"category","embeddable":true,"href":"https:\/\/apuntesdesanluis.com\/index.php\/wp-json\/wp\/v2\/categories?post=27572"},{"taxonomy":"post_tag","embeddable":true,"href":"https:\/\/apuntesdesanluis.com\/index.php\/wp-json\/wp\/v2\/tags?post=27572"}],"curies":[{"name":"wp","href":"https:\/\/api.w.org\/{rel}","templated":true}]}}