{"id":27574,"date":"2025-01-04T00:14:43","date_gmt":"2025-01-04T03:14:43","guid":{"rendered":"https:\/\/apuntesdesanluis.com\/?p=27574"},"modified":"2025-01-04T00:14:43","modified_gmt":"2025-01-04T03:14:43","slug":"la-oea-condeno-la-detencion-del-gendarme-argentino-en-venezuela-es-un-crimen-de-lesa-humanidad","status":"publish","type":"post","link":"https:\/\/apuntesdesanluis.com\/index.php\/2025\/01\/04\/la-oea-condeno-la-detencion-del-gendarme-argentino-en-venezuela-es-un-crimen-de-lesa-humanidad\/","title":{"rendered":"LA OEA CONDEN\u00d3 LA DETENCI\u00d3N DEL GENDARME ARGENTINO EN VENEZUELA: \u201cES UN CRIMEN DE LESA HUMANIDAD\u201d"},"content":{"rendered":"<h3>La Secretar\u00eda General de la Organizaci\u00f3n de los Estados Americanos (OEA) conden\u00f3 este viernes la detenci\u00f3n arbitraria de <strong>Nahuel Gallo<\/strong>, agente de la Gendarmer\u00eda Nacional Argentina, por parte del r\u00e9gimen chavista de Nicol\u00e1s Maduro en Venezuela, calific\u00e1ndola como un \u201ccrimen de lesa humanidad\u201d en el marco del Estatuto de Roma de la Corte Penal Internacional.<\/h3>\n<h3>En un comunicado oficial, el secretario general de la OEA, <strong>Luis Almagro<\/strong>, afirm\u00f3 que la detenci\u00f3n de Gallo representa una violaci\u00f3n flagrante de normas internacionales, incluyendo la Convenci\u00f3n de Viena sobre Relaciones Consulares, al haber sido incomunicado y privado de asistencia consular y legal. \u201cEstos hechos son una prueba m\u00e1s de la violaci\u00f3n sistem\u00e1tica de los derechos humanos fundamentales por parte del r\u00e9gimen venezolano\u201d, asever\u00f3.<\/h3>\n<h3>Y exigi\u00f3 \u201cque el r\u00e9gimen de Venezuela cumpla con los tratados y acuerdos internacionales sobre derechos humanos y relaciones internacionales; que certifique y garantice su seguridad f\u00edsica; que provea garant\u00edas de asistencia legal y contacto con su familia; y que libere inmediatamente a Nahuel Gallo\u201d.<\/h3>\n<p><iframe title=\"Difunden fotos y videos de Nahuel Gallo, el gendarme detenido en Venezuela\" width=\"640\" height=\"360\" src=\"https:\/\/www.youtube.com\/embed\/a8gbg1ja88Y?feature=oembed\" frameborder=\"0\" allow=\"accelerometer; autoplay; clipboard-write; encrypted-media; gyroscope; picture-in-picture; web-share\" referrerpolicy=\"strict-origin-when-cross-origin\" allowfullscreen><\/iframe><\/p>\n<h4 style=\"text-align: center;\"><em>El r\u00e9gimen de Maduro difundi\u00f3 im\u00e1genes de Nahuel Gallo.<\/em><\/h4>\n<h3>El gobierno de Argentina tambi\u00e9n reiter\u00f3 este viernes su reclamo a Venezuela para que libere a Nahuel Gallo, luego de que en las \u00faltimas horas se difundieran im\u00e1genes del gendarme detenido desde el 8 de diciembre.<\/h3>\n<h3>La ministra de Seguridad argentina, Patricia Bullrich, dijo que el gobierno de Javier Milei no aceptar\u00e1 \u201cning\u00fan juego de una aparici\u00f3n de una foto en un lugar desconocido, sin sonido y sin fecha\u201d. En la noche del jueves medios argentinos publicaron una foto y un breve video en el que se observa presuntamente a Gallo caminando en un recinto sin techo pero cerrado que no es identificable.<\/h3>\n<h3>En declaraciones a Radio Mitre, Bullrich reconoci\u00f3 que se trata de Gallo por \u201cdetalles\u201d que no quiso precisar, pero calific\u00f3 como una \u201cpantomima\u201d la difusi\u00f3n de las im\u00e1genes que atribuy\u00f3 al r\u00e9gimen de Nicol\u00e1s Maduro. \u201cLo \u00fanico que Argentina acepta es que Nahuel Gallo sea puesto en un avi\u00f3n y enviado a Argentina. Es la \u00fanica condici\u00f3n\u201d, afirm\u00f3 la ministra, quien cuestion\u00f3 a Maduro por intentar \u201cmostrar que tienen a Gallo bien, como si fuese un r\u00e9gimen normal\u201d.<\/h3>\n<h3>\u201cEsto es una dictadura y las dictaduras hacen estas cosas: dan pruebas de vida\u201d, a\u00f1adi\u00f3.<\/h3>\n<h3><\/h3>\n<p>&nbsp;<\/p>\n<p>&nbsp;<\/p>\n","protected":false},"excerpt":{"rendered":"<p>La Secretar\u00eda General de la Organizaci\u00f3n de los Estados Americanos (OEA) conden\u00f3 este viernes la&#8230;<\/p>\n","protected":false},"author":1,"featured_media":27575,"comment_status":"closed","ping_status":"closed","sticky":false,"template":"","format":"standard","meta":{"footnotes":""},"categories":[5],"tags":[],"class_list":["post-27574","post","type-post","status-publish","format-standard","has-post-thumbnail","hentry","category-nacionales-internacionales"],"yoast_head":"<!-- This site is optimized with the Yoast SEO plugin v26.1.1 - https:\/\/yoast.com\/wordpress\/plugins\/seo\/ -->\n<title>LA OEA CONDEN\u00d3 LA DETENCI\u00d3N DEL GENDARME ARGENTINO EN VENEZUELA: \u201cES UN CRIMEN DE LESA HUMANIDAD\u201d - Apuntes de San Luis<\/title>\n<meta name=\"robots\" content=\"index, follow, max-snippet:-1, max-image-preview:large, max-video-preview:-1\" \/>\n<link rel=\"canonical\" href=\"https:\/\/apuntesdesanluis.com\/index.php\/2025\/01\/04\/la-oea-condeno-la-detencion-del-gendarme-argentino-en-venezuela-es-un-crimen-de-lesa-humanidad\/\" \/>\n<meta property=\"og:locale\" content=\"es_ES\" \/>\n<meta property=\"og:type\" content=\"article\" \/>\n<meta property=\"og:title\" content=\"LA OEA CONDEN\u00d3 LA DETENCI\u00d3N DEL GENDARME ARGENTINO EN VENEZUELA: \u201cES UN CRIMEN DE LESA HUMANIDAD\u201d - Apuntes de San Luis\" \/>\n<meta property=\"og:description\" content=\"La Secretar\u00eda General de la Organizaci\u00f3n de los Estados Americanos (OEA) conden\u00f3 este viernes la...\" \/>\n<meta property=\"og:url\" content=\"https:\/\/apuntesdesanluis.com\/index.php\/2025\/01\/04\/la-oea-condeno-la-detencion-del-gendarme-argentino-en-venezuela-es-un-crimen-de-lesa-humanidad\/\" \/>\n<meta property=\"og:site_name\" content=\"Apuntes de San Luis\" \/>\n<meta property=\"article:published_time\" content=\"2025-01-04T03:14:43+00:00\" \/>\n<meta property=\"og:image\" content=\"https:\/\/apuntesdesanluis.com\/wp-content\/uploads\/2025\/01\/luis-almagro.png\" \/>\n\t<meta property=\"og:image:width\" content=\"812\" \/>\n\t<meta property=\"og:image:height\" content=\"460\" \/>\n\t<meta property=\"og:image:type\" content=\"image\/png\" \/>\n<meta name=\"author\" content=\"apuntesdesanluis.com\" \/>\n<meta name=\"twitter:card\" content=\"summary_large_image\" \/>\n<meta name=\"twitter:label1\" content=\"Escrito por\" \/>\n\t<meta name=\"twitter:data1\" content=\"apuntesdesanluis.com\" \/>\n\t<meta name=\"twitter:label2\" content=\"Tiempo de lectura\" \/>\n\t<meta name=\"twitter:data2\" content=\"2 minutos\" \/>\n<script type=\"application\/ld+json\" class=\"yoast-schema-graph\">{\"@context\":\"https:\/\/schema.org\",\"@graph\":[{\"@type\":\"Article\",\"@id\":\"https:\/\/apuntesdesanluis.com\/index.php\/2025\/01\/04\/la-oea-condeno-la-detencion-del-gendarme-argentino-en-venezuela-es-un-crimen-de-lesa-humanidad\/#article\",\"isPartOf\":{\"@id\":\"https:\/\/apuntesdesanluis.com\/index.php\/2025\/01\/04\/la-oea-condeno-la-detencion-del-gendarme-argentino-en-venezuela-es-un-crimen-de-lesa-humanidad\/\"},\"author\":{\"name\":\"apuntesdesanluis.com\",\"@id\":\"https:\/\/apuntesdesanluis.com\/#\/schema\/person\/b55151d52296fcce64d1a72538a70b90\"},\"headline\":\"LA OEA CONDEN\u00d3 LA DETENCI\u00d3N DEL GENDARME ARGENTINO EN VENEZUELA: \u201cES UN CRIMEN DE LESA HUMANIDAD\u201d\",\"datePublished\":\"2025-01-04T03:14:43+00:00\",\"mainEntityOfPage\":{\"@id\":\"https:\/\/apuntesdesanluis.com\/index.php\/2025\/01\/04\/la-oea-condeno-la-detencion-del-gendarme-argentino-en-venezuela-es-un-crimen-de-lesa-humanidad\/\"},\"wordCount\":434,\"publisher\":{\"@id\":\"https:\/\/apuntesdesanluis.com\/#\/schema\/person\/b55151d52296fcce64d1a72538a70b90\"},\"image\":{\"@id\":\"https:\/\/apuntesdesanluis.com\/index.php\/2025\/01\/04\/la-oea-condeno-la-detencion-del-gendarme-argentino-en-venezuela-es-un-crimen-de-lesa-humanidad\/#primaryimage\"},\"thumbnailUrl\":\"https:\/\/apuntesdesanluis.com\/wp-content\/uploads\/2025\/01\/luis-almagro.png\",\"articleSection\":[\"Nacionales\/Internacionales\"],\"inLanguage\":\"es-AR\"},{\"@type\":\"WebPage\",\"@id\":\"https:\/\/apuntesdesanluis.com\/index.php\/2025\/01\/04\/la-oea-condeno-la-detencion-del-gendarme-argentino-en-venezuela-es-un-crimen-de-lesa-humanidad\/\",\"url\":\"https:\/\/apuntesdesanluis.com\/index.php\/2025\/01\/04\/la-oea-condeno-la-detencion-del-gendarme-argentino-en-venezuela-es-un-crimen-de-lesa-humanidad\/\",\"name\":\"LA OEA CONDEN\u00d3 LA DETENCI\u00d3N DEL GENDARME ARGENTINO EN VENEZUELA: \u201cES UN CRIMEN DE LESA HUMANIDAD\u201d - Apuntes de San Luis\",\"isPartOf\":{\"@id\":\"https:\/\/apuntesdesanluis.com\/#website\"},\"primaryImageOfPage\":{\"@id\":\"https:\/\/apuntesdesanluis.com\/index.php\/2025\/01\/04\/la-oea-condeno-la-detencion-del-gendarme-argentino-en-venezuela-es-un-crimen-de-lesa-humanidad\/#primaryimage\"},\"image\":{\"@id\":\"https:\/\/apuntesdesanluis.com\/index.php\/2025\/01\/04\/la-oea-condeno-la-detencion-del-gendarme-argentino-en-venezuela-es-un-crimen-de-lesa-humanidad\/#primaryimage\"},\"thumbnailUrl\":\"https:\/\/apuntesdesanluis.com\/wp-content\/uploads\/2025\/01\/luis-almagro.png\",\"datePublished\":\"2025-01-04T03:14:43+00:00\",\"breadcrumb\":{\"@id\":\"https:\/\/apuntesdesanluis.com\/index.php\/2025\/01\/04\/la-oea-condeno-la-detencion-del-gendarme-argentino-en-venezuela-es-un-crimen-de-lesa-humanidad\/#breadcrumb\"},\"inLanguage\":\"es-AR\",\"potentialAction\":[{\"@type\":\"ReadAction\",\"target\":[\"https:\/\/apuntesdesanluis.com\/index.php\/2025\/01\/04\/la-oea-condeno-la-detencion-del-gendarme-argentino-en-venezuela-es-un-crimen-de-lesa-humanidad\/\"]}]},{\"@type\":\"ImageObject\",\"inLanguage\":\"es-AR\",\"@id\":\"https:\/\/apuntesdesanluis.com\/index.php\/2025\/01\/04\/la-oea-condeno-la-detencion-del-gendarme-argentino-en-venezuela-es-un-crimen-de-lesa-humanidad\/#primaryimage\",\"url\":\"https:\/\/apuntesdesanluis.com\/wp-content\/uploads\/2025\/01\/luis-almagro.png\",\"contentUrl\":\"https:\/\/apuntesdesanluis.com\/wp-content\/uploads\/2025\/01\/luis-almagro.png\",\"width\":812,\"height\":460},{\"@type\":\"BreadcrumbList\",\"@id\":\"https:\/\/apuntesdesanluis.com\/index.php\/2025\/01\/04\/la-oea-condeno-la-detencion-del-gendarme-argentino-en-venezuela-es-un-crimen-de-lesa-humanidad\/#breadcrumb\",\"itemListElement\":[{\"@type\":\"ListItem\",\"position\":1,\"name\":\"Inicio\",\"item\":\"https:\/\/apuntesdesanluis.com\/\"},{\"@type\":\"ListItem\",\"position\":2,\"name\":\"LA OEA CONDEN\u00d3 LA DETENCI\u00d3N DEL GENDARME ARGENTINO EN VENEZUELA: \u201cES UN CRIMEN DE LESA HUMANIDAD\u201d\"}]},{\"@type\":\"WebSite\",\"@id\":\"https:\/\/apuntesdesanluis.com\/#website\",\"url\":\"https:\/\/apuntesdesanluis.com\/\",\"name\":\"Apuntes de San Luis\",\"description\":\"\",\"publisher\":{\"@id\":\"https:\/\/apuntesdesanluis.com\/#\/schema\/person\/b55151d52296fcce64d1a72538a70b90\"},\"potentialAction\":[{\"@type\":\"SearchAction\",\"target\":{\"@type\":\"EntryPoint\",\"urlTemplate\":\"https:\/\/apuntesdesanluis.com\/?s={search_term_string}\"},\"query-input\":{\"@type\":\"PropertyValueSpecification\",\"valueRequired\":true,\"valueName\":\"search_term_string\"}}],\"inLanguage\":\"es-AR\"},{\"@type\":[\"Person\",\"Organization\"],\"@id\":\"https:\/\/apuntesdesanluis.com\/#\/schema\/person\/b55151d52296fcce64d1a72538a70b90\",\"name\":\"apuntesdesanluis.com\",\"image\":{\"@type\":\"ImageObject\",\"inLanguage\":\"es-AR\",\"@id\":\"https:\/\/apuntesdesanluis.com\/#\/schema\/person\/image\/\",\"url\":\"https:\/\/apuntesdesanluis.com\/wp-content\/uploads\/2023\/07\/cropped-apuntesdesanluis.png\",\"contentUrl\":\"https:\/\/apuntesdesanluis.com\/wp-content\/uploads\/2023\/07\/cropped-apuntesdesanluis.png\",\"width\":450,\"height\":112,\"caption\":\"apuntesdesanluis.com\"},\"logo\":{\"@id\":\"https:\/\/apuntesdesanluis.com\/#\/schema\/person\/image\/\"},\"sameAs\":[\"https:\/\/apuntesdesanluis.com\"],\"url\":\"https:\/\/apuntesdesanluis.com\/index.php\/author\/apuntesdesanluis-com\/\"}]}<\/script>\n<!-- \/ Yoast SEO plugin. -->","yoast_head_json":{"title":"LA OEA CONDEN\u00d3 LA DETENCI\u00d3N DEL GENDARME ARGENTINO EN VENEZUELA: \u201cES UN CRIMEN DE LESA HUMANIDAD\u201d - Apuntes de San Luis","robots":{"index":"index","follow":"follow","max-snippet":"max-snippet:-1","max-image-preview":"max-image-preview:large","max-video-preview":"max-video-preview:-1"},"canonical":"https:\/\/apuntesdesanluis.com\/index.php\/2025\/01\/04\/la-oea-condeno-la-detencion-del-gendarme-argentino-en-venezuela-es-un-crimen-de-lesa-humanidad\/","og_locale":"es_ES","og_type":"article","og_title":"LA OEA CONDEN\u00d3 LA DETENCI\u00d3N DEL GENDARME ARGENTINO EN VENEZUELA: \u201cES UN CRIMEN DE LESA HUMANIDAD\u201d - Apuntes de San Luis","og_description":"La Secretar\u00eda General de la Organizaci\u00f3n de los Estados Americanos (OEA) conden\u00f3 este viernes la...","og_url":"https:\/\/apuntesdesanluis.com\/index.php\/2025\/01\/04\/la-oea-condeno-la-detencion-del-gendarme-argentino-en-venezuela-es-un-crimen-de-lesa-humanidad\/","og_site_name":"Apuntes de San Luis","article_published_time":"2025-01-04T03:14:43+00:00","og_image":[{"width":812,"height":460,"url":"https:\/\/apuntesdesanluis.com\/wp-content\/uploads\/2025\/01\/luis-almagro.png","type":"image\/png"}],"author":"apuntesdesanluis.com","twitter_card":"summary_large_image","twitter_misc":{"Escrito por":"apuntesdesanluis.com","Tiempo de lectura":"2 minutos"},"schema":{"@context":"https:\/\/schema.org","@graph":[{"@type":"Article","@id":"https:\/\/apuntesdesanluis.com\/index.php\/2025\/01\/04\/la-oea-condeno-la-detencion-del-gendarme-argentino-en-venezuela-es-un-crimen-de-lesa-humanidad\/#article","isPartOf":{"@id":"https:\/\/apuntesdesanluis.com\/index.php\/2025\/01\/04\/la-oea-condeno-la-detencion-del-gendarme-argentino-en-venezuela-es-un-crimen-de-lesa-humanidad\/"},"author":{"name":"apuntesdesanluis.com","@id":"https:\/\/apuntesdesanluis.com\/#\/schema\/person\/b55151d52296fcce64d1a72538a70b90"},"headline":"LA OEA CONDEN\u00d3 LA DETENCI\u00d3N DEL GENDARME ARGENTINO EN VENEZUELA: \u201cES UN CRIMEN DE LESA HUMANIDAD\u201d","datePublished":"2025-01-04T03:14:43+00:00","mainEntityOfPage":{"@id":"https:\/\/apuntesdesanluis.com\/index.php\/2025\/01\/04\/la-oea-condeno-la-detencion-del-gendarme-argentino-en-venezuela-es-un-crimen-de-lesa-humanidad\/"},"wordCount":434,"publisher":{"@id":"https:\/\/apuntesdesanluis.com\/#\/schema\/person\/b55151d52296fcce64d1a72538a70b90"},"image":{"@id":"https:\/\/apuntesdesanluis.com\/index.php\/2025\/01\/04\/la-oea-condeno-la-detencion-del-gendarme-argentino-en-venezuela-es-un-crimen-de-lesa-humanidad\/#primaryimage"},"thumbnailUrl":"https:\/\/apuntesdesanluis.com\/wp-content\/uploads\/2025\/01\/luis-almagro.png","articleSection":["Nacionales\/Internacionales"],"inLanguage":"es-AR"},{"@type":"WebPage","@id":"https:\/\/apuntesdesanluis.com\/index.php\/2025\/01\/04\/la-oea-condeno-la-detencion-del-gendarme-argentino-en-venezuela-es-un-crimen-de-lesa-humanidad\/","url":"https:\/\/apuntesdesanluis.com\/index.php\/2025\/01\/04\/la-oea-condeno-la-detencion-del-gendarme-argentino-en-venezuela-es-un-crimen-de-lesa-humanidad\/","name":"LA OEA CONDEN\u00d3 LA DETENCI\u00d3N DEL GENDARME ARGENTINO EN VENEZUELA: \u201cES UN CRIMEN DE LESA HUMANIDAD\u201d - Apuntes de San Luis","isPartOf":{"@id":"https:\/\/apuntesdesanluis.com\/#website"},"primaryImageOfPage":{"@id":"https:\/\/apuntesdesanluis.com\/index.php\/2025\/01\/04\/la-oea-condeno-la-detencion-del-gendarme-argentino-en-venezuela-es-un-crimen-de-lesa-humanidad\/#primaryimage"},"image":{"@id":"https:\/\/apuntesdesanluis.com\/index.php\/2025\/01\/04\/la-oea-condeno-la-detencion-del-gendarme-argentino-en-venezuela-es-un-crimen-de-lesa-humanidad\/#primaryimage"},"thumbnailUrl":"https:\/\/apuntesdesanluis.com\/wp-content\/uploads\/2025\/01\/luis-almagro.png","datePublished":"2025-01-04T03:14:43+00:00","breadcrumb":{"@id":"https:\/\/apuntesdesanluis.com\/index.php\/2025\/01\/04\/la-oea-condeno-la-detencion-del-gendarme-argentino-en-venezuela-es-un-crimen-de-lesa-humanidad\/#breadcrumb"},"inLanguage":"es-AR","potentialAction":[{"@type":"ReadAction","target":["https:\/\/apuntesdesanluis.com\/index.php\/2025\/01\/04\/la-oea-condeno-la-detencion-del-gendarme-argentino-en-venezuela-es-un-crimen-de-lesa-humanidad\/"]}]},{"@type":"ImageObject","inLanguage":"es-AR","@id":"https:\/\/apuntesdesanluis.com\/index.php\/2025\/01\/04\/la-oea-condeno-la-detencion-del-gendarme-argentino-en-venezuela-es-un-crimen-de-lesa-humanidad\/#primaryimage","url":"https:\/\/apuntesdesanluis.com\/wp-content\/uploads\/2025\/01\/luis-almagro.png","contentUrl":"https:\/\/apuntesdesanluis.com\/wp-content\/uploads\/2025\/01\/luis-almagro.png","width":812,"height":460},{"@type":"BreadcrumbList","@id":"https:\/\/apuntesdesanluis.com\/index.php\/2025\/01\/04\/la-oea-condeno-la-detencion-del-gendarme-argentino-en-venezuela-es-un-crimen-de-lesa-humanidad\/#breadcrumb","itemListElement":[{"@type":"ListItem","position":1,"name":"Inicio","item":"https:\/\/apuntesdesanluis.com\/"},{"@type":"ListItem","position":2,"name":"LA OEA CONDEN\u00d3 LA DETENCI\u00d3N DEL GENDARME ARGENTINO EN VENEZUELA: \u201cES UN CRIMEN DE LESA HUMANIDAD\u201d"}]},{"@type":"WebSite","@id":"https:\/\/apuntesdesanluis.com\/#website","url":"https:\/\/apuntesdesanluis.com\/","name":"Apuntes de San Luis","description":"","publisher":{"@id":"https:\/\/apuntesdesanluis.com\/#\/schema\/person\/b55151d52296fcce64d1a72538a70b90"},"potentialAction":[{"@type":"SearchAction","target":{"@type":"EntryPoint","urlTemplate":"https:\/\/apuntesdesanluis.com\/?s={search_term_string}"},"query-input":{"@type":"PropertyValueSpecification","valueRequired":true,"valueName":"search_term_string"}}],"inLanguage":"es-AR"},{"@type":["Person","Organization"],"@id":"https:\/\/apuntesdesanluis.com\/#\/schema\/person\/b55151d52296fcce64d1a72538a70b90","name":"apuntesdesanluis.com","image":{"@type":"ImageObject","inLanguage":"es-AR","@id":"https:\/\/apuntesdesanluis.com\/#\/schema\/person\/image\/","url":"https:\/\/apuntesdesanluis.com\/wp-content\/uploads\/2023\/07\/cropped-apuntesdesanluis.png","contentUrl":"https:\/\/apuntesdesanluis.com\/wp-content\/uploads\/2023\/07\/cropped-apuntesdesanluis.png","width":450,"height":112,"caption":"apuntesdesanluis.com"},"logo":{"@id":"https:\/\/apuntesdesanluis.com\/#\/schema\/person\/image\/"},"sameAs":["https:\/\/apuntesdesanluis.com"],"url":"https:\/\/apuntesdesanluis.com\/index.php\/author\/apuntesdesanluis-com\/"}]}},"featured_image_urls":{"full":["https:\/\/apuntesdesanluis.com\/wp-content\/uploads\/2025\/01\/luis-almagro.png",812,460,false],"thumbnail":["https:\/\/apuntesdesanluis.com\/wp-content\/uploads\/2025\/01\/luis-almagro-150x150.png",150,150,true],"medium":["https:\/\/apuntesdesanluis.com\/wp-content\/uploads\/2025\/01\/luis-almagro-300x170.png",300,170,true],"medium_large":["https:\/\/apuntesdesanluis.com\/wp-content\/uploads\/2025\/01\/luis-almagro-768x435.png",640,363,true],"large":["https:\/\/apuntesdesanluis.com\/wp-content\/uploads\/2025\/01\/luis-almagro.png",640,363,false],"1536x1536":["https:\/\/apuntesdesanluis.com\/wp-content\/uploads\/2025\/01\/luis-almagro.png",812,460,false],"2048x2048":["https:\/\/apuntesdesanluis.com\/wp-content\/uploads\/2025\/01\/luis-almagro.png",812,460,false],"newsever-slider-full":["https:\/\/apuntesdesanluis.com\/wp-content\/uploads\/2025\/01\/luis-almagro.png",812,460,false],"newsever-featured":["https:\/\/apuntesdesanluis.com\/wp-content\/uploads\/2025\/01\/luis-almagro.png",812,460,false],"newsever-medium":["https:\/\/apuntesdesanluis.com\/wp-content\/uploads\/2025\/01\/luis-almagro-720x460.png",720,460,true]},"author_info":{"display_name":"apuntesdesanluis.com","author_link":"https:\/\/apuntesdesanluis.com\/index.php\/author\/apuntesdesanluis-com\/"},"category_info":"<a href=\"https:\/\/apuntesdesanluis.com\/index.php\/category\/nacionales-internacionales\/\" rel=\"category tag\">Nacionales\/Internacionales<\/a>","tag_info":"Nacionales\/Internacionales","comment_count":"0","_links":{"self":[{"href":"https:\/\/apuntesdesanluis.com\/index.php\/wp-json\/wp\/v2\/posts\/27574","targetHints":{"allow":["GET"]}}],"collection":[{"href":"https:\/\/apuntesdesanluis.com\/index.php\/wp-json\/wp\/v2\/posts"}],"about":[{"href":"https:\/\/apuntesdesanluis.com\/index.php\/wp-json\/wp\/v2\/types\/post"}],"author":[{"embeddable":true,"href":"https:\/\/apuntesdesanluis.com\/index.php\/wp-json\/wp\/v2\/users\/1"}],"replies":[{"embeddable":true,"href":"https:\/\/apuntesdesanluis.com\/index.php\/wp-json\/wp\/v2\/comments?post=27574"}],"version-history":[{"count":1,"href":"https:\/\/apuntesdesanluis.com\/index.php\/wp-json\/wp\/v2\/posts\/27574\/revisions"}],"predecessor-version":[{"id":27576,"href":"https:\/\/apuntesdesanluis.com\/index.php\/wp-json\/wp\/v2\/posts\/27574\/revisions\/27576"}],"wp:featuredmedia":[{"embeddable":true,"href":"https:\/\/apuntesdesanluis.com\/index.php\/wp-json\/wp\/v2\/media\/27575"}],"wp:attachment":[{"href":"https:\/\/apuntesdesanluis.com\/index.php\/wp-json\/wp\/v2\/media?parent=27574"}],"wp:term":[{"taxonomy":"category","embeddable":true,"href":"https:\/\/apuntesdesanluis.com\/index.php\/wp-json\/wp\/v2\/categories?post=27574"},{"taxonomy":"post_tag","embeddable":true,"href":"https:\/\/apuntesdesanluis.com\/index.php\/wp-json\/wp\/v2\/tags?post=27574"}],"curies":[{"name":"wp","href":"https:\/\/api.w.org\/{rel}","templated":true}]}}