{"id":27577,"date":"2025-01-04T00:24:25","date_gmt":"2025-01-04T03:24:25","guid":{"rendered":"https:\/\/apuntesdesanluis.com\/?p=27577"},"modified":"2025-01-04T00:24:25","modified_gmt":"2025-01-04T03:24:25","slug":"dificil-momento-internaron-al-actor-jorge-martinez-tras-un-intento-de-suicidio","status":"publish","type":"post","link":"https:\/\/apuntesdesanluis.com\/index.php\/2025\/01\/04\/dificil-momento-internaron-al-actor-jorge-martinez-tras-un-intento-de-suicidio\/","title":{"rendered":"DIF\u00cdCIL MOMENTO: INTERNARON AL ACTOR JORGE MART\u00cdNEZ TRAS UN INTENTO DE SUICIDIO"},"content":{"rendered":"<h3>El ex gal\u00e1n de telenovelas atraviesa una dura situaci\u00f3n. Estaba viviendo en la Casa del Teatro.<\/h3>\n<h3>El actor Jorge Mart\u00ednez, de 78 a\u00f1os, no atraviesa un buen momento personal y debi\u00f3 ser internado en las \u00faltimas horas.<\/h3>\n<h3>De acuerdo a una informaci\u00f3n revelada en el programa de Chiche Gelblung en Radio Del Plata, el ex gal\u00e1n de telenovelas fue ingresado en el Centro Psiqui\u00e1trico Ducont de Ramos Mej\u00eda, tras intentar atentar contra su vida.<\/h3>\n<h3>El actor estaba viviendo en la Casa del Teatro, ubicada en el centro porte\u00f1o, donde compart\u00eda sus d\u00edas con otros colegas retirados.<\/h3>\n<h3>Seg\u00fan relat\u00f3 el periodista Fede Flowers, Mart\u00ednez ingres\u00f3 acompa\u00f1ado por un acompa\u00f1ante que ser\u00eda su hijo al centro de salud.<\/h3>\n<p>&nbsp;<\/p>\n<p>&nbsp;<\/p>\n<p>&nbsp;<\/p>\n","protected":false},"excerpt":{"rendered":"<p>El ex gal\u00e1n de telenovelas atraviesa una dura situaci\u00f3n. Estaba viviendo en la Casa del&#8230;<\/p>\n","protected":false},"author":1,"featured_media":27578,"comment_status":"closed","ping_status":"closed","sticky":false,"template":"","format":"standard","meta":{"footnotes":""},"categories":[5],"tags":[],"class_list":["post-27577","post","type-post","status-publish","format-standard","has-post-thumbnail","hentry","category-nacionales-internacionales"],"yoast_head":"<!-- This site is optimized with the Yoast SEO plugin v26.1.1 - https:\/\/yoast.com\/wordpress\/plugins\/seo\/ -->\n<title>DIF\u00cdCIL MOMENTO: INTERNARON AL ACTOR JORGE MART\u00cdNEZ TRAS UN INTENTO DE SUICIDIO - Apuntes de San Luis<\/title>\n<meta name=\"robots\" content=\"index, follow, max-snippet:-1, max-image-preview:large, max-video-preview:-1\" \/>\n<link rel=\"canonical\" href=\"https:\/\/apuntesdesanluis.com\/index.php\/2025\/01\/04\/dificil-momento-internaron-al-actor-jorge-martinez-tras-un-intento-de-suicidio\/\" \/>\n<meta property=\"og:locale\" content=\"es_ES\" \/>\n<meta property=\"og:type\" content=\"article\" \/>\n<meta property=\"og:title\" content=\"DIF\u00cdCIL MOMENTO: INTERNARON AL ACTOR JORGE MART\u00cdNEZ TRAS UN INTENTO DE SUICIDIO - Apuntes de San Luis\" \/>\n<meta property=\"og:description\" content=\"El ex gal\u00e1n de telenovelas atraviesa una dura situaci\u00f3n. Estaba viviendo en la Casa del...\" \/>\n<meta property=\"og:url\" content=\"https:\/\/apuntesdesanluis.com\/index.php\/2025\/01\/04\/dificil-momento-internaron-al-actor-jorge-martinez-tras-un-intento-de-suicidio\/\" \/>\n<meta property=\"og:site_name\" content=\"Apuntes de San Luis\" \/>\n<meta property=\"article:published_time\" content=\"2025-01-04T03:24:25+00:00\" \/>\n<meta property=\"og:image\" content=\"https:\/\/apuntesdesanluis.com\/wp-content\/uploads\/2025\/01\/Jorge-martinez.png\" \/>\n\t<meta property=\"og:image:width\" content=\"704\" \/>\n\t<meta property=\"og:image:height\" content=\"441\" \/>\n\t<meta property=\"og:image:type\" content=\"image\/png\" \/>\n<meta name=\"author\" content=\"apuntesdesanluis.com\" \/>\n<meta name=\"twitter:card\" content=\"summary_large_image\" \/>\n<meta name=\"twitter:label1\" content=\"Escrito por\" \/>\n\t<meta name=\"twitter:data1\" content=\"apuntesdesanluis.com\" \/>\n\t<meta name=\"twitter:label2\" content=\"Tiempo de lectura\" \/>\n\t<meta name=\"twitter:data2\" content=\"1 minuto\" \/>\n<script type=\"application\/ld+json\" class=\"yoast-schema-graph\">{\"@context\":\"https:\/\/schema.org\",\"@graph\":[{\"@type\":\"Article\",\"@id\":\"https:\/\/apuntesdesanluis.com\/index.php\/2025\/01\/04\/dificil-momento-internaron-al-actor-jorge-martinez-tras-un-intento-de-suicidio\/#article\",\"isPartOf\":{\"@id\":\"https:\/\/apuntesdesanluis.com\/index.php\/2025\/01\/04\/dificil-momento-internaron-al-actor-jorge-martinez-tras-un-intento-de-suicidio\/\"},\"author\":{\"name\":\"apuntesdesanluis.com\",\"@id\":\"https:\/\/apuntesdesanluis.com\/#\/schema\/person\/b55151d52296fcce64d1a72538a70b90\"},\"headline\":\"DIF\u00cdCIL MOMENTO: INTERNARON AL ACTOR JORGE MART\u00cdNEZ TRAS UN INTENTO DE SUICIDIO\",\"datePublished\":\"2025-01-04T03:24:25+00:00\",\"mainEntityOfPage\":{\"@id\":\"https:\/\/apuntesdesanluis.com\/index.php\/2025\/01\/04\/dificil-momento-internaron-al-actor-jorge-martinez-tras-un-intento-de-suicidio\/\"},\"wordCount\":148,\"publisher\":{\"@id\":\"https:\/\/apuntesdesanluis.com\/#\/schema\/person\/b55151d52296fcce64d1a72538a70b90\"},\"image\":{\"@id\":\"https:\/\/apuntesdesanluis.com\/index.php\/2025\/01\/04\/dificil-momento-internaron-al-actor-jorge-martinez-tras-un-intento-de-suicidio\/#primaryimage\"},\"thumbnailUrl\":\"https:\/\/apuntesdesanluis.com\/wp-content\/uploads\/2025\/01\/Jorge-martinez.png\",\"articleSection\":[\"Nacionales\/Internacionales\"],\"inLanguage\":\"es-AR\"},{\"@type\":\"WebPage\",\"@id\":\"https:\/\/apuntesdesanluis.com\/index.php\/2025\/01\/04\/dificil-momento-internaron-al-actor-jorge-martinez-tras-un-intento-de-suicidio\/\",\"url\":\"https:\/\/apuntesdesanluis.com\/index.php\/2025\/01\/04\/dificil-momento-internaron-al-actor-jorge-martinez-tras-un-intento-de-suicidio\/\",\"name\":\"DIF\u00cdCIL MOMENTO: INTERNARON AL ACTOR JORGE MART\u00cdNEZ TRAS UN INTENTO DE SUICIDIO - Apuntes de San Luis\",\"isPartOf\":{\"@id\":\"https:\/\/apuntesdesanluis.com\/#website\"},\"primaryImageOfPage\":{\"@id\":\"https:\/\/apuntesdesanluis.com\/index.php\/2025\/01\/04\/dificil-momento-internaron-al-actor-jorge-martinez-tras-un-intento-de-suicidio\/#primaryimage\"},\"image\":{\"@id\":\"https:\/\/apuntesdesanluis.com\/index.php\/2025\/01\/04\/dificil-momento-internaron-al-actor-jorge-martinez-tras-un-intento-de-suicidio\/#primaryimage\"},\"thumbnailUrl\":\"https:\/\/apuntesdesanluis.com\/wp-content\/uploads\/2025\/01\/Jorge-martinez.png\",\"datePublished\":\"2025-01-04T03:24:25+00:00\",\"breadcrumb\":{\"@id\":\"https:\/\/apuntesdesanluis.com\/index.php\/2025\/01\/04\/dificil-momento-internaron-al-actor-jorge-martinez-tras-un-intento-de-suicidio\/#breadcrumb\"},\"inLanguage\":\"es-AR\",\"potentialAction\":[{\"@type\":\"ReadAction\",\"target\":[\"https:\/\/apuntesdesanluis.com\/index.php\/2025\/01\/04\/dificil-momento-internaron-al-actor-jorge-martinez-tras-un-intento-de-suicidio\/\"]}]},{\"@type\":\"ImageObject\",\"inLanguage\":\"es-AR\",\"@id\":\"https:\/\/apuntesdesanluis.com\/index.php\/2025\/01\/04\/dificil-momento-internaron-al-actor-jorge-martinez-tras-un-intento-de-suicidio\/#primaryimage\",\"url\":\"https:\/\/apuntesdesanluis.com\/wp-content\/uploads\/2025\/01\/Jorge-martinez.png\",\"contentUrl\":\"https:\/\/apuntesdesanluis.com\/wp-content\/uploads\/2025\/01\/Jorge-martinez.png\",\"width\":704,\"height\":441},{\"@type\":\"BreadcrumbList\",\"@id\":\"https:\/\/apuntesdesanluis.com\/index.php\/2025\/01\/04\/dificil-momento-internaron-al-actor-jorge-martinez-tras-un-intento-de-suicidio\/#breadcrumb\",\"itemListElement\":[{\"@type\":\"ListItem\",\"position\":1,\"name\":\"Inicio\",\"item\":\"https:\/\/apuntesdesanluis.com\/\"},{\"@type\":\"ListItem\",\"position\":2,\"name\":\"DIF\u00cdCIL MOMENTO: INTERNARON AL ACTOR JORGE MART\u00cdNEZ TRAS UN INTENTO DE SUICIDIO\"}]},{\"@type\":\"WebSite\",\"@id\":\"https:\/\/apuntesdesanluis.com\/#website\",\"url\":\"https:\/\/apuntesdesanluis.com\/\",\"name\":\"Apuntes de San Luis\",\"description\":\"\",\"publisher\":{\"@id\":\"https:\/\/apuntesdesanluis.com\/#\/schema\/person\/b55151d52296fcce64d1a72538a70b90\"},\"potentialAction\":[{\"@type\":\"SearchAction\",\"target\":{\"@type\":\"EntryPoint\",\"urlTemplate\":\"https:\/\/apuntesdesanluis.com\/?s={search_term_string}\"},\"query-input\":{\"@type\":\"PropertyValueSpecification\",\"valueRequired\":true,\"valueName\":\"search_term_string\"}}],\"inLanguage\":\"es-AR\"},{\"@type\":[\"Person\",\"Organization\"],\"@id\":\"https:\/\/apuntesdesanluis.com\/#\/schema\/person\/b55151d52296fcce64d1a72538a70b90\",\"name\":\"apuntesdesanluis.com\",\"image\":{\"@type\":\"ImageObject\",\"inLanguage\":\"es-AR\",\"@id\":\"https:\/\/apuntesdesanluis.com\/#\/schema\/person\/image\/\",\"url\":\"https:\/\/apuntesdesanluis.com\/wp-content\/uploads\/2023\/07\/cropped-apuntesdesanluis.png\",\"contentUrl\":\"https:\/\/apuntesdesanluis.com\/wp-content\/uploads\/2023\/07\/cropped-apuntesdesanluis.png\",\"width\":450,\"height\":112,\"caption\":\"apuntesdesanluis.com\"},\"logo\":{\"@id\":\"https:\/\/apuntesdesanluis.com\/#\/schema\/person\/image\/\"},\"sameAs\":[\"https:\/\/apuntesdesanluis.com\"],\"url\":\"https:\/\/apuntesdesanluis.com\/index.php\/author\/apuntesdesanluis-com\/\"}]}<\/script>\n<!-- \/ Yoast SEO plugin. -->","yoast_head_json":{"title":"DIF\u00cdCIL MOMENTO: INTERNARON AL ACTOR JORGE MART\u00cdNEZ TRAS UN INTENTO DE SUICIDIO - Apuntes de San Luis","robots":{"index":"index","follow":"follow","max-snippet":"max-snippet:-1","max-image-preview":"max-image-preview:large","max-video-preview":"max-video-preview:-1"},"canonical":"https:\/\/apuntesdesanluis.com\/index.php\/2025\/01\/04\/dificil-momento-internaron-al-actor-jorge-martinez-tras-un-intento-de-suicidio\/","og_locale":"es_ES","og_type":"article","og_title":"DIF\u00cdCIL MOMENTO: INTERNARON AL ACTOR JORGE MART\u00cdNEZ TRAS UN INTENTO DE SUICIDIO - Apuntes de San Luis","og_description":"El ex gal\u00e1n de telenovelas atraviesa una dura situaci\u00f3n. Estaba viviendo en la Casa del...","og_url":"https:\/\/apuntesdesanluis.com\/index.php\/2025\/01\/04\/dificil-momento-internaron-al-actor-jorge-martinez-tras-un-intento-de-suicidio\/","og_site_name":"Apuntes de San Luis","article_published_time":"2025-01-04T03:24:25+00:00","og_image":[{"width":704,"height":441,"url":"https:\/\/apuntesdesanluis.com\/wp-content\/uploads\/2025\/01\/Jorge-martinez.png","type":"image\/png"}],"author":"apuntesdesanluis.com","twitter_card":"summary_large_image","twitter_misc":{"Escrito por":"apuntesdesanluis.com","Tiempo de lectura":"1 minuto"},"schema":{"@context":"https:\/\/schema.org","@graph":[{"@type":"Article","@id":"https:\/\/apuntesdesanluis.com\/index.php\/2025\/01\/04\/dificil-momento-internaron-al-actor-jorge-martinez-tras-un-intento-de-suicidio\/#article","isPartOf":{"@id":"https:\/\/apuntesdesanluis.com\/index.php\/2025\/01\/04\/dificil-momento-internaron-al-actor-jorge-martinez-tras-un-intento-de-suicidio\/"},"author":{"name":"apuntesdesanluis.com","@id":"https:\/\/apuntesdesanluis.com\/#\/schema\/person\/b55151d52296fcce64d1a72538a70b90"},"headline":"DIF\u00cdCIL MOMENTO: INTERNARON AL ACTOR JORGE MART\u00cdNEZ TRAS UN INTENTO DE SUICIDIO","datePublished":"2025-01-04T03:24:25+00:00","mainEntityOfPage":{"@id":"https:\/\/apuntesdesanluis.com\/index.php\/2025\/01\/04\/dificil-momento-internaron-al-actor-jorge-martinez-tras-un-intento-de-suicidio\/"},"wordCount":148,"publisher":{"@id":"https:\/\/apuntesdesanluis.com\/#\/schema\/person\/b55151d52296fcce64d1a72538a70b90"},"image":{"@id":"https:\/\/apuntesdesanluis.com\/index.php\/2025\/01\/04\/dificil-momento-internaron-al-actor-jorge-martinez-tras-un-intento-de-suicidio\/#primaryimage"},"thumbnailUrl":"https:\/\/apuntesdesanluis.com\/wp-content\/uploads\/2025\/01\/Jorge-martinez.png","articleSection":["Nacionales\/Internacionales"],"inLanguage":"es-AR"},{"@type":"WebPage","@id":"https:\/\/apuntesdesanluis.com\/index.php\/2025\/01\/04\/dificil-momento-internaron-al-actor-jorge-martinez-tras-un-intento-de-suicidio\/","url":"https:\/\/apuntesdesanluis.com\/index.php\/2025\/01\/04\/dificil-momento-internaron-al-actor-jorge-martinez-tras-un-intento-de-suicidio\/","name":"DIF\u00cdCIL MOMENTO: INTERNARON AL ACTOR JORGE MART\u00cdNEZ TRAS UN INTENTO DE SUICIDIO - Apuntes de San Luis","isPartOf":{"@id":"https:\/\/apuntesdesanluis.com\/#website"},"primaryImageOfPage":{"@id":"https:\/\/apuntesdesanluis.com\/index.php\/2025\/01\/04\/dificil-momento-internaron-al-actor-jorge-martinez-tras-un-intento-de-suicidio\/#primaryimage"},"image":{"@id":"https:\/\/apuntesdesanluis.com\/index.php\/2025\/01\/04\/dificil-momento-internaron-al-actor-jorge-martinez-tras-un-intento-de-suicidio\/#primaryimage"},"thumbnailUrl":"https:\/\/apuntesdesanluis.com\/wp-content\/uploads\/2025\/01\/Jorge-martinez.png","datePublished":"2025-01-04T03:24:25+00:00","breadcrumb":{"@id":"https:\/\/apuntesdesanluis.com\/index.php\/2025\/01\/04\/dificil-momento-internaron-al-actor-jorge-martinez-tras-un-intento-de-suicidio\/#breadcrumb"},"inLanguage":"es-AR","potentialAction":[{"@type":"ReadAction","target":["https:\/\/apuntesdesanluis.com\/index.php\/2025\/01\/04\/dificil-momento-internaron-al-actor-jorge-martinez-tras-un-intento-de-suicidio\/"]}]},{"@type":"ImageObject","inLanguage":"es-AR","@id":"https:\/\/apuntesdesanluis.com\/index.php\/2025\/01\/04\/dificil-momento-internaron-al-actor-jorge-martinez-tras-un-intento-de-suicidio\/#primaryimage","url":"https:\/\/apuntesdesanluis.com\/wp-content\/uploads\/2025\/01\/Jorge-martinez.png","contentUrl":"https:\/\/apuntesdesanluis.com\/wp-content\/uploads\/2025\/01\/Jorge-martinez.png","width":704,"height":441},{"@type":"BreadcrumbList","@id":"https:\/\/apuntesdesanluis.com\/index.php\/2025\/01\/04\/dificil-momento-internaron-al-actor-jorge-martinez-tras-un-intento-de-suicidio\/#breadcrumb","itemListElement":[{"@type":"ListItem","position":1,"name":"Inicio","item":"https:\/\/apuntesdesanluis.com\/"},{"@type":"ListItem","position":2,"name":"DIF\u00cdCIL MOMENTO: INTERNARON AL ACTOR JORGE MART\u00cdNEZ TRAS UN INTENTO DE SUICIDIO"}]},{"@type":"WebSite","@id":"https:\/\/apuntesdesanluis.com\/#website","url":"https:\/\/apuntesdesanluis.com\/","name":"Apuntes de San Luis","description":"","publisher":{"@id":"https:\/\/apuntesdesanluis.com\/#\/schema\/person\/b55151d52296fcce64d1a72538a70b90"},"potentialAction":[{"@type":"SearchAction","target":{"@type":"EntryPoint","urlTemplate":"https:\/\/apuntesdesanluis.com\/?s={search_term_string}"},"query-input":{"@type":"PropertyValueSpecification","valueRequired":true,"valueName":"search_term_string"}}],"inLanguage":"es-AR"},{"@type":["Person","Organization"],"@id":"https:\/\/apuntesdesanluis.com\/#\/schema\/person\/b55151d52296fcce64d1a72538a70b90","name":"apuntesdesanluis.com","image":{"@type":"ImageObject","inLanguage":"es-AR","@id":"https:\/\/apuntesdesanluis.com\/#\/schema\/person\/image\/","url":"https:\/\/apuntesdesanluis.com\/wp-content\/uploads\/2023\/07\/cropped-apuntesdesanluis.png","contentUrl":"https:\/\/apuntesdesanluis.com\/wp-content\/uploads\/2023\/07\/cropped-apuntesdesanluis.png","width":450,"height":112,"caption":"apuntesdesanluis.com"},"logo":{"@id":"https:\/\/apuntesdesanluis.com\/#\/schema\/person\/image\/"},"sameAs":["https:\/\/apuntesdesanluis.com"],"url":"https:\/\/apuntesdesanluis.com\/index.php\/author\/apuntesdesanluis-com\/"}]}},"featured_image_urls":{"full":["https:\/\/apuntesdesanluis.com\/wp-content\/uploads\/2025\/01\/Jorge-martinez.png",704,441,false],"thumbnail":["https:\/\/apuntesdesanluis.com\/wp-content\/uploads\/2025\/01\/Jorge-martinez-150x150.png",150,150,true],"medium":["https:\/\/apuntesdesanluis.com\/wp-content\/uploads\/2025\/01\/Jorge-martinez-300x188.png",300,188,true],"medium_large":["https:\/\/apuntesdesanluis.com\/wp-content\/uploads\/2025\/01\/Jorge-martinez.png",640,401,false],"large":["https:\/\/apuntesdesanluis.com\/wp-content\/uploads\/2025\/01\/Jorge-martinez.png",640,401,false],"1536x1536":["https:\/\/apuntesdesanluis.com\/wp-content\/uploads\/2025\/01\/Jorge-martinez.png",704,441,false],"2048x2048":["https:\/\/apuntesdesanluis.com\/wp-content\/uploads\/2025\/01\/Jorge-martinez.png",704,441,false],"newsever-slider-full":["https:\/\/apuntesdesanluis.com\/wp-content\/uploads\/2025\/01\/Jorge-martinez.png",704,441,false],"newsever-featured":["https:\/\/apuntesdesanluis.com\/wp-content\/uploads\/2025\/01\/Jorge-martinez.png",704,441,false],"newsever-medium":["https:\/\/apuntesdesanluis.com\/wp-content\/uploads\/2025\/01\/Jorge-martinez.png",704,441,false]},"author_info":{"display_name":"apuntesdesanluis.com","author_link":"https:\/\/apuntesdesanluis.com\/index.php\/author\/apuntesdesanluis-com\/"},"category_info":"<a href=\"https:\/\/apuntesdesanluis.com\/index.php\/category\/nacionales-internacionales\/\" rel=\"category tag\">Nacionales\/Internacionales<\/a>","tag_info":"Nacionales\/Internacionales","comment_count":"0","_links":{"self":[{"href":"https:\/\/apuntesdesanluis.com\/index.php\/wp-json\/wp\/v2\/posts\/27577","targetHints":{"allow":["GET"]}}],"collection":[{"href":"https:\/\/apuntesdesanluis.com\/index.php\/wp-json\/wp\/v2\/posts"}],"about":[{"href":"https:\/\/apuntesdesanluis.com\/index.php\/wp-json\/wp\/v2\/types\/post"}],"author":[{"embeddable":true,"href":"https:\/\/apuntesdesanluis.com\/index.php\/wp-json\/wp\/v2\/users\/1"}],"replies":[{"embeddable":true,"href":"https:\/\/apuntesdesanluis.com\/index.php\/wp-json\/wp\/v2\/comments?post=27577"}],"version-history":[{"count":1,"href":"https:\/\/apuntesdesanluis.com\/index.php\/wp-json\/wp\/v2\/posts\/27577\/revisions"}],"predecessor-version":[{"id":27579,"href":"https:\/\/apuntesdesanluis.com\/index.php\/wp-json\/wp\/v2\/posts\/27577\/revisions\/27579"}],"wp:featuredmedia":[{"embeddable":true,"href":"https:\/\/apuntesdesanluis.com\/index.php\/wp-json\/wp\/v2\/media\/27578"}],"wp:attachment":[{"href":"https:\/\/apuntesdesanluis.com\/index.php\/wp-json\/wp\/v2\/media?parent=27577"}],"wp:term":[{"taxonomy":"category","embeddable":true,"href":"https:\/\/apuntesdesanluis.com\/index.php\/wp-json\/wp\/v2\/categories?post=27577"},{"taxonomy":"post_tag","embeddable":true,"href":"https:\/\/apuntesdesanluis.com\/index.php\/wp-json\/wp\/v2\/tags?post=27577"}],"curies":[{"name":"wp","href":"https:\/\/api.w.org\/{rel}","templated":true}]}}