{"id":27581,"date":"2025-01-04T12:27:34","date_gmt":"2025-01-04T15:27:34","guid":{"rendered":"https:\/\/apuntesdesanluis.com\/?p=27581"},"modified":"2025-01-04T12:32:55","modified_gmt":"2025-01-04T15:32:55","slug":"el-venezolano-gonzalez-urrutia-se-reunio-con-milei-y-salieron-al-balcon-de-la-casa-rosada","status":"publish","type":"post","link":"https:\/\/apuntesdesanluis.com\/index.php\/2025\/01\/04\/el-venezolano-gonzalez-urrutia-se-reunio-con-milei-y-salieron-al-balcon-de-la-casa-rosada\/","title":{"rendered":"EL VENEZOLANO GONZ\u00c1LEZ URRUTIA SE REUNI\u00d3 CON MILEI Y SALIERON AL BALC\u00d3N DE LA CASA ROSADA"},"content":{"rendered":"<h3><strong>Edmundo Gonz\u00e1lez Urrutia<\/strong>, reconocido por el gobierno argentino como presidente electo de Venezuela, se reuni\u00f3 este s\u00e1bado en la Casa Rosada con el presidente <strong>Javier Milei<\/strong>, quien le ratific\u00f3 su apoyo en medio del enfrentamiento con <strong>Nicol\u00e1s Maduro<\/strong>, autoproclamado vencedor de las elecciones en el pa\u00eds caribe\u00f1o.<\/h3>\n<h3>La audiencia, que dur\u00f3 casi media hora, se dio en medio de la tensi\u00f3n pol\u00edtica en Venezuela entre el chavismo y la oposici\u00f3n tras las pol\u00e9micas elecciones presidenciales de julio pasado, pero tambi\u00e9n en medio de la puja del Gobierno argentino con Maduro por la detenci\u00f3n del gendarme Nahuel Gallo.<\/h3>\n<h3>Al t\u00e9rmino del encuentro, Milei invit\u00f3 a Gonz\u00e1lez Urrutia al m\u00edtico balc\u00f3n que da a la Plaza de Mayo, donde lo esperaban cientos de venezolanos residentes en la Argentina. Lo hizo junto a su esposa, Mercedes L\u00f3pez.<\/h3>\n<h3>Tambi\u00e9n fueron acompa\u00f1ados por el ministro de Relaciones Exteriores, Gerardo Werthein, y la secretaria General de la Presidencia, Karina Milei, quien se fundi\u00f3 en un abrazo con L\u00f3pez en el balc\u00f3n.<\/h3>\n<p><img fetchpriority=\"high\" decoding=\"async\" class=\"wp-image-27584 aligncenter\" src=\"https:\/\/apuntesdesanluis.com\/wp-content\/uploads\/2025\/01\/milei-con-urrutia-300x200.png\" alt=\"\" width=\"606\" height=\"404\" srcset=\"https:\/\/apuntesdesanluis.com\/wp-content\/uploads\/2025\/01\/milei-con-urrutia-300x200.png 300w, https:\/\/apuntesdesanluis.com\/wp-content\/uploads\/2025\/01\/milei-con-urrutia-768x513.png 768w, https:\/\/apuntesdesanluis.com\/wp-content\/uploads\/2025\/01\/milei-con-urrutia.png 843w\" sizes=\"(max-width: 606px) 100vw, 606px\" \/><\/p>\n<h3>EL PANORAMA VENEZOLANO<\/h3>\n<h3>En Venezuela resta menos de una semana para que se cumpla la fecha en la que debe asumir el pr\u00f3ximo presidente y tanto el actual, Nicol\u00e1s Maduro, como el dirigente opositor Gonz\u00e1lez Urrutia dicen haber sido los vencedores de los comicios.<\/h3>\n<h3>Maduro se autoproclam\u00f3 ganador sin haber presentado nunca las actas que certificaran ese resultado que lo habilitar\u00eda a asumir un nuevo mandato a partir del 10 de enero, pese al pedido de varios gobiernos de otros pa\u00edses para que lo hiciera.<\/h3>\n<h3>Por su parte, Gonz\u00e1lez Urrutia se reivindica ganador con el 67% de los sufragios y dijo d\u00edas atr\u00e1s que espera el &#8220;comienzo de una nueva era&#8221; porque retornar\u00e1 a Venezuela ese mismo d\u00eda.<\/h3>\n<h3>En ese marco, Maduro anunci\u00f3 en los \u00faltimos d\u00edas que ofrece una recompensa por 100.000 d\u00f3lares por informaci\u00f3n para capturar a Gonz\u00e1lez Urrutia. Busca as\u00ed evitar que el dirigente opositor, que pas\u00f3 estos meses asilado en Espa\u00f1a, ingrese a Venezuela para asumir la presidencia.<\/h3>\n<h3>Milei fue uno de los primeros en salir a reconocer al dirigente venezolano como ganador de las elecciones presidenciales del 28 de julio, mientras que denunci\u00f3 un &#8220;fraude masivo&#8221; perpetrado por Maduro.<\/h3>\n<h3>Tras esto, el r\u00e9gimen venezolano expuls\u00f3 al cuerpo diplom\u00e1tico argentino, que tuvo que abandonar el pa\u00eds en pocas horas. Actualmente, la representaci\u00f3n est\u00e1 a cargo de Brasil.<\/h3>\n<h3>Las tensiones diplom\u00e1ticas con Venezuela, a su vez, escalaron en los \u00faltimos d\u00edas tras la detenci\u00f3n del gendarme argentino, quien se encuentra en prisi\u00f3n en Caracas y se desconoce su situaci\u00f3n de salud.<\/h3>\n<h3><\/h3>\n<h3><\/h3>\n<p>&nbsp;<\/p>\n","protected":false},"excerpt":{"rendered":"<p>Edmundo Gonz\u00e1lez Urrutia, reconocido por el gobierno argentino como presidente electo de Venezuela, se reuni\u00f3&#8230;<\/p>\n","protected":false},"author":1,"featured_media":27582,"comment_status":"closed","ping_status":"closed","sticky":false,"template":"","format":"standard","meta":{"footnotes":""},"categories":[5],"tags":[],"class_list":["post-27581","post","type-post","status-publish","format-standard","has-post-thumbnail","hentry","category-nacionales-internacionales"],"yoast_head":"<!-- This site is optimized with the Yoast SEO plugin v26.1.1 - https:\/\/yoast.com\/wordpress\/plugins\/seo\/ -->\n<title>EL VENEZOLANO GONZ\u00c1LEZ URRUTIA SE REUNI\u00d3 CON MILEI Y SALIERON AL BALC\u00d3N DE LA CASA ROSADA - Apuntes de San Luis<\/title>\n<meta name=\"robots\" content=\"index, follow, max-snippet:-1, max-image-preview:large, max-video-preview:-1\" \/>\n<link rel=\"canonical\" href=\"https:\/\/apuntesdesanluis.com\/index.php\/2025\/01\/04\/el-venezolano-gonzalez-urrutia-se-reunio-con-milei-y-salieron-al-balcon-de-la-casa-rosada\/\" \/>\n<meta property=\"og:locale\" content=\"es_ES\" \/>\n<meta property=\"og:type\" content=\"article\" \/>\n<meta property=\"og:title\" content=\"EL VENEZOLANO GONZ\u00c1LEZ URRUTIA SE REUNI\u00d3 CON MILEI Y SALIERON AL BALC\u00d3N DE LA CASA ROSADA - Apuntes de San Luis\" \/>\n<meta property=\"og:description\" content=\"Edmundo Gonz\u00e1lez Urrutia, reconocido por el gobierno argentino como presidente electo de Venezuela, se reuni\u00f3...\" \/>\n<meta property=\"og:url\" content=\"https:\/\/apuntesdesanluis.com\/index.php\/2025\/01\/04\/el-venezolano-gonzalez-urrutia-se-reunio-con-milei-y-salieron-al-balcon-de-la-casa-rosada\/\" \/>\n<meta property=\"og:site_name\" content=\"Apuntes de San Luis\" \/>\n<meta property=\"article:published_time\" content=\"2025-01-04T15:27:34+00:00\" \/>\n<meta property=\"article:modified_time\" content=\"2025-01-04T15:32:55+00:00\" \/>\n<meta property=\"og:image\" content=\"https:\/\/apuntesdesanluis.com\/wp-content\/uploads\/2025\/01\/gonzalez-urrutia.png\" \/>\n\t<meta property=\"og:image:width\" content=\"674\" \/>\n\t<meta property=\"og:image:height\" content=\"437\" \/>\n\t<meta property=\"og:image:type\" content=\"image\/png\" \/>\n<meta name=\"author\" content=\"apuntesdesanluis.com\" \/>\n<meta name=\"twitter:card\" content=\"summary_large_image\" \/>\n<meta name=\"twitter:label1\" content=\"Escrito por\" \/>\n\t<meta name=\"twitter:data1\" content=\"apuntesdesanluis.com\" \/>\n\t<meta name=\"twitter:label2\" content=\"Tiempo de lectura\" \/>\n\t<meta name=\"twitter:data2\" content=\"3 minutos\" \/>\n<script type=\"application\/ld+json\" class=\"yoast-schema-graph\">{\"@context\":\"https:\/\/schema.org\",\"@graph\":[{\"@type\":\"Article\",\"@id\":\"https:\/\/apuntesdesanluis.com\/index.php\/2025\/01\/04\/el-venezolano-gonzalez-urrutia-se-reunio-con-milei-y-salieron-al-balcon-de-la-casa-rosada\/#article\",\"isPartOf\":{\"@id\":\"https:\/\/apuntesdesanluis.com\/index.php\/2025\/01\/04\/el-venezolano-gonzalez-urrutia-se-reunio-con-milei-y-salieron-al-balcon-de-la-casa-rosada\/\"},\"author\":{\"name\":\"apuntesdesanluis.com\",\"@id\":\"https:\/\/apuntesdesanluis.com\/#\/schema\/person\/b55151d52296fcce64d1a72538a70b90\"},\"headline\":\"EL VENEZOLANO GONZ\u00c1LEZ URRUTIA SE REUNI\u00d3 CON MILEI Y SALIERON AL BALC\u00d3N DE LA CASA ROSADA\",\"datePublished\":\"2025-01-04T15:27:34+00:00\",\"dateModified\":\"2025-01-04T15:32:55+00:00\",\"mainEntityOfPage\":{\"@id\":\"https:\/\/apuntesdesanluis.com\/index.php\/2025\/01\/04\/el-venezolano-gonzalez-urrutia-se-reunio-con-milei-y-salieron-al-balcon-de-la-casa-rosada\/\"},\"wordCount\":477,\"publisher\":{\"@id\":\"https:\/\/apuntesdesanluis.com\/#\/schema\/person\/b55151d52296fcce64d1a72538a70b90\"},\"image\":{\"@id\":\"https:\/\/apuntesdesanluis.com\/index.php\/2025\/01\/04\/el-venezolano-gonzalez-urrutia-se-reunio-con-milei-y-salieron-al-balcon-de-la-casa-rosada\/#primaryimage\"},\"thumbnailUrl\":\"https:\/\/apuntesdesanluis.com\/wp-content\/uploads\/2025\/01\/gonzalez-urrutia.png\",\"articleSection\":[\"Nacionales\/Internacionales\"],\"inLanguage\":\"es-AR\"},{\"@type\":\"WebPage\",\"@id\":\"https:\/\/apuntesdesanluis.com\/index.php\/2025\/01\/04\/el-venezolano-gonzalez-urrutia-se-reunio-con-milei-y-salieron-al-balcon-de-la-casa-rosada\/\",\"url\":\"https:\/\/apuntesdesanluis.com\/index.php\/2025\/01\/04\/el-venezolano-gonzalez-urrutia-se-reunio-con-milei-y-salieron-al-balcon-de-la-casa-rosada\/\",\"name\":\"EL VENEZOLANO GONZ\u00c1LEZ URRUTIA SE REUNI\u00d3 CON MILEI Y SALIERON AL BALC\u00d3N DE LA CASA ROSADA - Apuntes de San Luis\",\"isPartOf\":{\"@id\":\"https:\/\/apuntesdesanluis.com\/#website\"},\"primaryImageOfPage\":{\"@id\":\"https:\/\/apuntesdesanluis.com\/index.php\/2025\/01\/04\/el-venezolano-gonzalez-urrutia-se-reunio-con-milei-y-salieron-al-balcon-de-la-casa-rosada\/#primaryimage\"},\"image\":{\"@id\":\"https:\/\/apuntesdesanluis.com\/index.php\/2025\/01\/04\/el-venezolano-gonzalez-urrutia-se-reunio-con-milei-y-salieron-al-balcon-de-la-casa-rosada\/#primaryimage\"},\"thumbnailUrl\":\"https:\/\/apuntesdesanluis.com\/wp-content\/uploads\/2025\/01\/gonzalez-urrutia.png\",\"datePublished\":\"2025-01-04T15:27:34+00:00\",\"dateModified\":\"2025-01-04T15:32:55+00:00\",\"breadcrumb\":{\"@id\":\"https:\/\/apuntesdesanluis.com\/index.php\/2025\/01\/04\/el-venezolano-gonzalez-urrutia-se-reunio-con-milei-y-salieron-al-balcon-de-la-casa-rosada\/#breadcrumb\"},\"inLanguage\":\"es-AR\",\"potentialAction\":[{\"@type\":\"ReadAction\",\"target\":[\"https:\/\/apuntesdesanluis.com\/index.php\/2025\/01\/04\/el-venezolano-gonzalez-urrutia-se-reunio-con-milei-y-salieron-al-balcon-de-la-casa-rosada\/\"]}]},{\"@type\":\"ImageObject\",\"inLanguage\":\"es-AR\",\"@id\":\"https:\/\/apuntesdesanluis.com\/index.php\/2025\/01\/04\/el-venezolano-gonzalez-urrutia-se-reunio-con-milei-y-salieron-al-balcon-de-la-casa-rosada\/#primaryimage\",\"url\":\"https:\/\/apuntesdesanluis.com\/wp-content\/uploads\/2025\/01\/gonzalez-urrutia.png\",\"contentUrl\":\"https:\/\/apuntesdesanluis.com\/wp-content\/uploads\/2025\/01\/gonzalez-urrutia.png\",\"width\":674,\"height\":437},{\"@type\":\"BreadcrumbList\",\"@id\":\"https:\/\/apuntesdesanluis.com\/index.php\/2025\/01\/04\/el-venezolano-gonzalez-urrutia-se-reunio-con-milei-y-salieron-al-balcon-de-la-casa-rosada\/#breadcrumb\",\"itemListElement\":[{\"@type\":\"ListItem\",\"position\":1,\"name\":\"Inicio\",\"item\":\"https:\/\/apuntesdesanluis.com\/\"},{\"@type\":\"ListItem\",\"position\":2,\"name\":\"EL VENEZOLANO GONZ\u00c1LEZ URRUTIA SE REUNI\u00d3 CON MILEI Y SALIERON AL BALC\u00d3N DE LA CASA ROSADA\"}]},{\"@type\":\"WebSite\",\"@id\":\"https:\/\/apuntesdesanluis.com\/#website\",\"url\":\"https:\/\/apuntesdesanluis.com\/\",\"name\":\"Apuntes de San Luis\",\"description\":\"\",\"publisher\":{\"@id\":\"https:\/\/apuntesdesanluis.com\/#\/schema\/person\/b55151d52296fcce64d1a72538a70b90\"},\"potentialAction\":[{\"@type\":\"SearchAction\",\"target\":{\"@type\":\"EntryPoint\",\"urlTemplate\":\"https:\/\/apuntesdesanluis.com\/?s={search_term_string}\"},\"query-input\":{\"@type\":\"PropertyValueSpecification\",\"valueRequired\":true,\"valueName\":\"search_term_string\"}}],\"inLanguage\":\"es-AR\"},{\"@type\":[\"Person\",\"Organization\"],\"@id\":\"https:\/\/apuntesdesanluis.com\/#\/schema\/person\/b55151d52296fcce64d1a72538a70b90\",\"name\":\"apuntesdesanluis.com\",\"image\":{\"@type\":\"ImageObject\",\"inLanguage\":\"es-AR\",\"@id\":\"https:\/\/apuntesdesanluis.com\/#\/schema\/person\/image\/\",\"url\":\"https:\/\/apuntesdesanluis.com\/wp-content\/uploads\/2023\/07\/cropped-apuntesdesanluis.png\",\"contentUrl\":\"https:\/\/apuntesdesanluis.com\/wp-content\/uploads\/2023\/07\/cropped-apuntesdesanluis.png\",\"width\":450,\"height\":112,\"caption\":\"apuntesdesanluis.com\"},\"logo\":{\"@id\":\"https:\/\/apuntesdesanluis.com\/#\/schema\/person\/image\/\"},\"sameAs\":[\"https:\/\/apuntesdesanluis.com\"],\"url\":\"https:\/\/apuntesdesanluis.com\/index.php\/author\/apuntesdesanluis-com\/\"}]}<\/script>\n<!-- \/ Yoast SEO plugin. -->","yoast_head_json":{"title":"EL VENEZOLANO GONZ\u00c1LEZ URRUTIA SE REUNI\u00d3 CON MILEI Y SALIERON AL BALC\u00d3N DE LA CASA ROSADA - Apuntes de San Luis","robots":{"index":"index","follow":"follow","max-snippet":"max-snippet:-1","max-image-preview":"max-image-preview:large","max-video-preview":"max-video-preview:-1"},"canonical":"https:\/\/apuntesdesanluis.com\/index.php\/2025\/01\/04\/el-venezolano-gonzalez-urrutia-se-reunio-con-milei-y-salieron-al-balcon-de-la-casa-rosada\/","og_locale":"es_ES","og_type":"article","og_title":"EL VENEZOLANO GONZ\u00c1LEZ URRUTIA SE REUNI\u00d3 CON MILEI Y SALIERON AL BALC\u00d3N DE LA CASA ROSADA - Apuntes de San Luis","og_description":"Edmundo Gonz\u00e1lez Urrutia, reconocido por el gobierno argentino como presidente electo de Venezuela, se reuni\u00f3...","og_url":"https:\/\/apuntesdesanluis.com\/index.php\/2025\/01\/04\/el-venezolano-gonzalez-urrutia-se-reunio-con-milei-y-salieron-al-balcon-de-la-casa-rosada\/","og_site_name":"Apuntes de San Luis","article_published_time":"2025-01-04T15:27:34+00:00","article_modified_time":"2025-01-04T15:32:55+00:00","og_image":[{"width":674,"height":437,"url":"https:\/\/apuntesdesanluis.com\/wp-content\/uploads\/2025\/01\/gonzalez-urrutia.png","type":"image\/png"}],"author":"apuntesdesanluis.com","twitter_card":"summary_large_image","twitter_misc":{"Escrito por":"apuntesdesanluis.com","Tiempo de lectura":"3 minutos"},"schema":{"@context":"https:\/\/schema.org","@graph":[{"@type":"Article","@id":"https:\/\/apuntesdesanluis.com\/index.php\/2025\/01\/04\/el-venezolano-gonzalez-urrutia-se-reunio-con-milei-y-salieron-al-balcon-de-la-casa-rosada\/#article","isPartOf":{"@id":"https:\/\/apuntesdesanluis.com\/index.php\/2025\/01\/04\/el-venezolano-gonzalez-urrutia-se-reunio-con-milei-y-salieron-al-balcon-de-la-casa-rosada\/"},"author":{"name":"apuntesdesanluis.com","@id":"https:\/\/apuntesdesanluis.com\/#\/schema\/person\/b55151d52296fcce64d1a72538a70b90"},"headline":"EL VENEZOLANO GONZ\u00c1LEZ URRUTIA SE REUNI\u00d3 CON MILEI Y SALIERON AL BALC\u00d3N DE LA CASA ROSADA","datePublished":"2025-01-04T15:27:34+00:00","dateModified":"2025-01-04T15:32:55+00:00","mainEntityOfPage":{"@id":"https:\/\/apuntesdesanluis.com\/index.php\/2025\/01\/04\/el-venezolano-gonzalez-urrutia-se-reunio-con-milei-y-salieron-al-balcon-de-la-casa-rosada\/"},"wordCount":477,"publisher":{"@id":"https:\/\/apuntesdesanluis.com\/#\/schema\/person\/b55151d52296fcce64d1a72538a70b90"},"image":{"@id":"https:\/\/apuntesdesanluis.com\/index.php\/2025\/01\/04\/el-venezolano-gonzalez-urrutia-se-reunio-con-milei-y-salieron-al-balcon-de-la-casa-rosada\/#primaryimage"},"thumbnailUrl":"https:\/\/apuntesdesanluis.com\/wp-content\/uploads\/2025\/01\/gonzalez-urrutia.png","articleSection":["Nacionales\/Internacionales"],"inLanguage":"es-AR"},{"@type":"WebPage","@id":"https:\/\/apuntesdesanluis.com\/index.php\/2025\/01\/04\/el-venezolano-gonzalez-urrutia-se-reunio-con-milei-y-salieron-al-balcon-de-la-casa-rosada\/","url":"https:\/\/apuntesdesanluis.com\/index.php\/2025\/01\/04\/el-venezolano-gonzalez-urrutia-se-reunio-con-milei-y-salieron-al-balcon-de-la-casa-rosada\/","name":"EL VENEZOLANO GONZ\u00c1LEZ URRUTIA SE REUNI\u00d3 CON MILEI Y SALIERON AL BALC\u00d3N DE LA CASA ROSADA - Apuntes de San Luis","isPartOf":{"@id":"https:\/\/apuntesdesanluis.com\/#website"},"primaryImageOfPage":{"@id":"https:\/\/apuntesdesanluis.com\/index.php\/2025\/01\/04\/el-venezolano-gonzalez-urrutia-se-reunio-con-milei-y-salieron-al-balcon-de-la-casa-rosada\/#primaryimage"},"image":{"@id":"https:\/\/apuntesdesanluis.com\/index.php\/2025\/01\/04\/el-venezolano-gonzalez-urrutia-se-reunio-con-milei-y-salieron-al-balcon-de-la-casa-rosada\/#primaryimage"},"thumbnailUrl":"https:\/\/apuntesdesanluis.com\/wp-content\/uploads\/2025\/01\/gonzalez-urrutia.png","datePublished":"2025-01-04T15:27:34+00:00","dateModified":"2025-01-04T15:32:55+00:00","breadcrumb":{"@id":"https:\/\/apuntesdesanluis.com\/index.php\/2025\/01\/04\/el-venezolano-gonzalez-urrutia-se-reunio-con-milei-y-salieron-al-balcon-de-la-casa-rosada\/#breadcrumb"},"inLanguage":"es-AR","potentialAction":[{"@type":"ReadAction","target":["https:\/\/apuntesdesanluis.com\/index.php\/2025\/01\/04\/el-venezolano-gonzalez-urrutia-se-reunio-con-milei-y-salieron-al-balcon-de-la-casa-rosada\/"]}]},{"@type":"ImageObject","inLanguage":"es-AR","@id":"https:\/\/apuntesdesanluis.com\/index.php\/2025\/01\/04\/el-venezolano-gonzalez-urrutia-se-reunio-con-milei-y-salieron-al-balcon-de-la-casa-rosada\/#primaryimage","url":"https:\/\/apuntesdesanluis.com\/wp-content\/uploads\/2025\/01\/gonzalez-urrutia.png","contentUrl":"https:\/\/apuntesdesanluis.com\/wp-content\/uploads\/2025\/01\/gonzalez-urrutia.png","width":674,"height":437},{"@type":"BreadcrumbList","@id":"https:\/\/apuntesdesanluis.com\/index.php\/2025\/01\/04\/el-venezolano-gonzalez-urrutia-se-reunio-con-milei-y-salieron-al-balcon-de-la-casa-rosada\/#breadcrumb","itemListElement":[{"@type":"ListItem","position":1,"name":"Inicio","item":"https:\/\/apuntesdesanluis.com\/"},{"@type":"ListItem","position":2,"name":"EL VENEZOLANO GONZ\u00c1LEZ URRUTIA SE REUNI\u00d3 CON MILEI Y SALIERON AL BALC\u00d3N DE LA CASA ROSADA"}]},{"@type":"WebSite","@id":"https:\/\/apuntesdesanluis.com\/#website","url":"https:\/\/apuntesdesanluis.com\/","name":"Apuntes de San Luis","description":"","publisher":{"@id":"https:\/\/apuntesdesanluis.com\/#\/schema\/person\/b55151d52296fcce64d1a72538a70b90"},"potentialAction":[{"@type":"SearchAction","target":{"@type":"EntryPoint","urlTemplate":"https:\/\/apuntesdesanluis.com\/?s={search_term_string}"},"query-input":{"@type":"PropertyValueSpecification","valueRequired":true,"valueName":"search_term_string"}}],"inLanguage":"es-AR"},{"@type":["Person","Organization"],"@id":"https:\/\/apuntesdesanluis.com\/#\/schema\/person\/b55151d52296fcce64d1a72538a70b90","name":"apuntesdesanluis.com","image":{"@type":"ImageObject","inLanguage":"es-AR","@id":"https:\/\/apuntesdesanluis.com\/#\/schema\/person\/image\/","url":"https:\/\/apuntesdesanluis.com\/wp-content\/uploads\/2023\/07\/cropped-apuntesdesanluis.png","contentUrl":"https:\/\/apuntesdesanluis.com\/wp-content\/uploads\/2023\/07\/cropped-apuntesdesanluis.png","width":450,"height":112,"caption":"apuntesdesanluis.com"},"logo":{"@id":"https:\/\/apuntesdesanluis.com\/#\/schema\/person\/image\/"},"sameAs":["https:\/\/apuntesdesanluis.com"],"url":"https:\/\/apuntesdesanluis.com\/index.php\/author\/apuntesdesanluis-com\/"}]}},"featured_image_urls":{"full":["https:\/\/apuntesdesanluis.com\/wp-content\/uploads\/2025\/01\/gonzalez-urrutia.png",674,437,false],"thumbnail":["https:\/\/apuntesdesanluis.com\/wp-content\/uploads\/2025\/01\/gonzalez-urrutia-150x150.png",150,150,true],"medium":["https:\/\/apuntesdesanluis.com\/wp-content\/uploads\/2025\/01\/gonzalez-urrutia-300x195.png",300,195,true],"medium_large":["https:\/\/apuntesdesanluis.com\/wp-content\/uploads\/2025\/01\/gonzalez-urrutia.png",640,415,false],"large":["https:\/\/apuntesdesanluis.com\/wp-content\/uploads\/2025\/01\/gonzalez-urrutia.png",640,415,false],"1536x1536":["https:\/\/apuntesdesanluis.com\/wp-content\/uploads\/2025\/01\/gonzalez-urrutia.png",674,437,false],"2048x2048":["https:\/\/apuntesdesanluis.com\/wp-content\/uploads\/2025\/01\/gonzalez-urrutia.png",674,437,false],"newsever-slider-full":["https:\/\/apuntesdesanluis.com\/wp-content\/uploads\/2025\/01\/gonzalez-urrutia.png",674,437,false],"newsever-featured":["https:\/\/apuntesdesanluis.com\/wp-content\/uploads\/2025\/01\/gonzalez-urrutia.png",674,437,false],"newsever-medium":["https:\/\/apuntesdesanluis.com\/wp-content\/uploads\/2025\/01\/gonzalez-urrutia.png",674,437,false]},"author_info":{"display_name":"apuntesdesanluis.com","author_link":"https:\/\/apuntesdesanluis.com\/index.php\/author\/apuntesdesanluis-com\/"},"category_info":"<a href=\"https:\/\/apuntesdesanluis.com\/index.php\/category\/nacionales-internacionales\/\" rel=\"category tag\">Nacionales\/Internacionales<\/a>","tag_info":"Nacionales\/Internacionales","comment_count":"0","_links":{"self":[{"href":"https:\/\/apuntesdesanluis.com\/index.php\/wp-json\/wp\/v2\/posts\/27581","targetHints":{"allow":["GET"]}}],"collection":[{"href":"https:\/\/apuntesdesanluis.com\/index.php\/wp-json\/wp\/v2\/posts"}],"about":[{"href":"https:\/\/apuntesdesanluis.com\/index.php\/wp-json\/wp\/v2\/types\/post"}],"author":[{"embeddable":true,"href":"https:\/\/apuntesdesanluis.com\/index.php\/wp-json\/wp\/v2\/users\/1"}],"replies":[{"embeddable":true,"href":"https:\/\/apuntesdesanluis.com\/index.php\/wp-json\/wp\/v2\/comments?post=27581"}],"version-history":[{"count":3,"href":"https:\/\/apuntesdesanluis.com\/index.php\/wp-json\/wp\/v2\/posts\/27581\/revisions"}],"predecessor-version":[{"id":27586,"href":"https:\/\/apuntesdesanluis.com\/index.php\/wp-json\/wp\/v2\/posts\/27581\/revisions\/27586"}],"wp:featuredmedia":[{"embeddable":true,"href":"https:\/\/apuntesdesanluis.com\/index.php\/wp-json\/wp\/v2\/media\/27582"}],"wp:attachment":[{"href":"https:\/\/apuntesdesanluis.com\/index.php\/wp-json\/wp\/v2\/media?parent=27581"}],"wp:term":[{"taxonomy":"category","embeddable":true,"href":"https:\/\/apuntesdesanluis.com\/index.php\/wp-json\/wp\/v2\/categories?post=27581"},{"taxonomy":"post_tag","embeddable":true,"href":"https:\/\/apuntesdesanluis.com\/index.php\/wp-json\/wp\/v2\/tags?post=27581"}],"curies":[{"name":"wp","href":"https:\/\/api.w.org\/{rel}","templated":true}]}}