{"id":27609,"date":"2025-01-04T20:14:22","date_gmt":"2025-01-04T23:14:22","guid":{"rendered":"https:\/\/apuntesdesanluis.com\/?p=27609"},"modified":"2025-01-04T20:14:22","modified_gmt":"2025-01-04T23:14:22","slug":"villarruel-se-quejo-de-su-sueldo-y-apunto-contra-la-casa-rosada-en-breve-me-pagan-dos-chirolas","status":"publish","type":"post","link":"https:\/\/apuntesdesanluis.com\/index.php\/2025\/01\/04\/villarruel-se-quejo-de-su-sueldo-y-apunto-contra-la-casa-rosada-en-breve-me-pagan-dos-chirolas\/","title":{"rendered":"VILLARRUEL SE QUEJ\u00d3 DE SU SUELDO Y APUNT\u00d3 CONTRA LA CASA ROSADA: \u201cEN BREVE ME PAGAN DOS CHIROLAS\u201d"},"content":{"rendered":"<h3>Con un fuerte descargo por redes sociales, la vicepresidenta, <strong>Victoria Villarruel<\/strong>, public\u00f3 anoche una serie de mensajes en el que dej\u00f3 en claro su profundo desacuerdo por la postura del presidente Javier Milei con la pol\u00e9mica en torno a las dietas en el Senado. Incluso tom\u00f3 el tema a t\u00edtulo personal, tras se\u00f1alar que los ingresos de los funcionarios \u201cest\u00e1n desfasados\u201d. \u201cMi sueldo est\u00e1 congelado hace un a\u00f1o. En breve me pagan dos chirolas y soy vice&#8221;.<\/h3>\n<h3>Desde su cuenta personal de Instagram, Villarruel le respondi\u00f3 a varios usuarios en su perfil que le expresaron su opini\u00f3n sobre el decreto que firm\u00f3 y congela los ingresos de los senadores hasta el 31 de marzo, un tema que gener\u00f3 cortocircuitos entre ella y la Casa Rosada, por las demoras en avanzar en la medida.<\/h3>\n<p><img fetchpriority=\"high\" decoding=\"async\" class=\"alignnone  wp-image-27611 aligncenter\" src=\"https:\/\/apuntesdesanluis.com\/wp-content\/uploads\/2025\/01\/posteo-1-300x114.png\" alt=\"\" width=\"571\" height=\"217\" srcset=\"https:\/\/apuntesdesanluis.com\/wp-content\/uploads\/2025\/01\/posteo-1-300x114.png 300w, https:\/\/apuntesdesanluis.com\/wp-content\/uploads\/2025\/01\/posteo-1.png 700w\" sizes=\"(max-width: 571px) 100vw, 571px\" \/><\/p>\n<h3>En ese marco, si bien no mencion\u00f3 directamente al presidente <strong>Javier Milei<\/strong>, sus comentarios apuntaron al n\u00facleo de las pol\u00edticas del mandatario y su c\u00edrculo estrecho de funcionarios, que dejaron en evidencia, una vez m\u00e1s, los desacuerdos entre ambos.<\/h3>\n<h3>Por decreto, Milei firm\u00f3 en marzo del a\u00f1o pasado que su sueldo y el de la vicepresidenta no tuvieran incrementos. Actualmente, Villarruel percibe cada mes alrededor de $3.764.821 sin descuentos, cerca de 2,9 millones en mano.<\/h3>\n<h3><img decoding=\"async\" class=\"wp-image-27612 aligncenter\" src=\"https:\/\/apuntesdesanluis.com\/wp-content\/uploads\/2025\/01\/dos-chirolas-300x78.png\" alt=\"\" width=\"569\" height=\"148\" srcset=\"https:\/\/apuntesdesanluis.com\/wp-content\/uploads\/2025\/01\/dos-chirolas-300x78.png 300w, https:\/\/apuntesdesanluis.com\/wp-content\/uploads\/2025\/01\/dos-chirolas.png 654w\" sizes=\"(max-width: 569px) 100vw, 569px\" \/><\/h3>\n<h3>En la andanada de comentarios, la titular del Senado se mostr\u00f3 cr\u00edtica con el titular de la C\u00e1mara de Diputados, Mart\u00edn Menem, primo del fallecido expresidente Carlos Menem y uno de los hombres m\u00e1s cercanos a Milei.<\/h3>\n<h3>Nuevamente, a contramano del discurso oficial, la vicepresidenta record\u00f3 que durante el a\u00f1o pasado Menem dispuso de un aumento del 70% en las dietas de los diputados, lo que resuena como contradictorio con el ajuste contra la \u201ccasta\u201d y la austeridad que promueve el Gobierno entre sus propios funcionarios.<\/h3>\n<h3><img decoding=\"async\" class=\"wp-image-27613 aligncenter\" src=\"https:\/\/apuntesdesanluis.com\/wp-content\/uploads\/2025\/01\/martin-menem-300x87.png\" alt=\"\" width=\"586\" height=\"170\" srcset=\"https:\/\/apuntesdesanluis.com\/wp-content\/uploads\/2025\/01\/martin-menem-300x87.png 300w, https:\/\/apuntesdesanluis.com\/wp-content\/uploads\/2025\/01\/martin-menem.png 761w\" sizes=\"(max-width: 586px) 100vw, 586px\" \/><\/h3>\n<h3>\u201cMart\u00edn aument\u00f3 70% sus dietas porque \u00e9l es diputado y ahora volvieron a tener aumento. Digamos la verdad, por favor. Yo no creo que un pa\u00eds se haga mintiendo u ocultando las cosas\u201d, se\u00f1al\u00f3.<\/h3>\n<h3>Tras hacerse p\u00fablicos los comentarios de Villarruel, la diputada nacional Lilia Lemoine volvi\u00f3 a cargar contra la titular del Senado.<\/h3>\n<h3>&#8220;\u00bf&#8217;2 chirolas&#8217;?<strong>\u00a0Los ciudadanos que ganan 4 millones por mes no son muchos, sanguijuela&#8230; c\u00f3mo te vas a burlar de tu sueldo ESTATAL?<\/strong>\u00a0Hacenos un favor, volv\u00e9 al privado y empez\u00e1 a ejercer, algo que nunca hiciste, como abogada&#8230; NOTA: OJO CON LAS D\u00c1DIVAS!&#8221;, arremeti\u00f3 Lemoine en redes sociales.<\/h3>\n<p>&nbsp;<\/p>\n<p>&nbsp;<\/p>\n<p>&nbsp;<\/p>\n","protected":false},"excerpt":{"rendered":"<p>Con un fuerte descargo por redes sociales, la vicepresidenta, Victoria Villarruel, public\u00f3 anoche una serie&#8230;<\/p>\n","protected":false},"author":1,"featured_media":27610,"comment_status":"closed","ping_status":"closed","sticky":false,"template":"","format":"standard","meta":{"footnotes":""},"categories":[5],"tags":[],"class_list":["post-27609","post","type-post","status-publish","format-standard","has-post-thumbnail","hentry","category-nacionales-internacionales"],"yoast_head":"<!-- This site is optimized with the Yoast SEO plugin v26.1.1 - https:\/\/yoast.com\/wordpress\/plugins\/seo\/ -->\n<title>VILLARRUEL SE QUEJ\u00d3 DE SU SUELDO Y APUNT\u00d3 CONTRA LA CASA ROSADA: \u201cEN BREVE ME PAGAN DOS CHIROLAS\u201d - Apuntes de San Luis<\/title>\n<meta name=\"robots\" content=\"index, follow, max-snippet:-1, max-image-preview:large, max-video-preview:-1\" \/>\n<link rel=\"canonical\" href=\"https:\/\/apuntesdesanluis.com\/index.php\/2025\/01\/04\/villarruel-se-quejo-de-su-sueldo-y-apunto-contra-la-casa-rosada-en-breve-me-pagan-dos-chirolas\/\" \/>\n<meta property=\"og:locale\" content=\"es_ES\" \/>\n<meta property=\"og:type\" content=\"article\" \/>\n<meta property=\"og:title\" content=\"VILLARRUEL SE QUEJ\u00d3 DE SU SUELDO Y APUNT\u00d3 CONTRA LA CASA ROSADA: \u201cEN BREVE ME PAGAN DOS CHIROLAS\u201d - Apuntes de San Luis\" \/>\n<meta property=\"og:description\" content=\"Con un fuerte descargo por redes sociales, la vicepresidenta, Victoria Villarruel, public\u00f3 anoche una serie...\" \/>\n<meta property=\"og:url\" content=\"https:\/\/apuntesdesanluis.com\/index.php\/2025\/01\/04\/villarruel-se-quejo-de-su-sueldo-y-apunto-contra-la-casa-rosada-en-breve-me-pagan-dos-chirolas\/\" \/>\n<meta property=\"og:site_name\" content=\"Apuntes de San Luis\" \/>\n<meta property=\"article:published_time\" content=\"2025-01-04T23:14:22+00:00\" \/>\n<meta property=\"og:image\" content=\"https:\/\/apuntesdesanluis.com\/wp-content\/uploads\/2025\/01\/villarruel-1.png\" \/>\n\t<meta property=\"og:image:width\" content=\"764\" \/>\n\t<meta property=\"og:image:height\" content=\"464\" \/>\n\t<meta property=\"og:image:type\" content=\"image\/png\" \/>\n<meta name=\"author\" content=\"apuntesdesanluis.com\" \/>\n<meta name=\"twitter:card\" content=\"summary_large_image\" \/>\n<meta name=\"twitter:label1\" content=\"Escrito por\" \/>\n\t<meta name=\"twitter:data1\" content=\"apuntesdesanluis.com\" \/>\n\t<meta name=\"twitter:label2\" content=\"Tiempo de lectura\" \/>\n\t<meta name=\"twitter:data2\" content=\"3 minutos\" \/>\n<script type=\"application\/ld+json\" class=\"yoast-schema-graph\">{\"@context\":\"https:\/\/schema.org\",\"@graph\":[{\"@type\":\"Article\",\"@id\":\"https:\/\/apuntesdesanluis.com\/index.php\/2025\/01\/04\/villarruel-se-quejo-de-su-sueldo-y-apunto-contra-la-casa-rosada-en-breve-me-pagan-dos-chirolas\/#article\",\"isPartOf\":{\"@id\":\"https:\/\/apuntesdesanluis.com\/index.php\/2025\/01\/04\/villarruel-se-quejo-de-su-sueldo-y-apunto-contra-la-casa-rosada-en-breve-me-pagan-dos-chirolas\/\"},\"author\":{\"name\":\"apuntesdesanluis.com\",\"@id\":\"https:\/\/apuntesdesanluis.com\/#\/schema\/person\/b55151d52296fcce64d1a72538a70b90\"},\"headline\":\"VILLARRUEL SE QUEJ\u00d3 DE SU SUELDO Y APUNT\u00d3 CONTRA LA CASA ROSADA: \u201cEN BREVE ME PAGAN DOS CHIROLAS\u201d\",\"datePublished\":\"2025-01-04T23:14:22+00:00\",\"mainEntityOfPage\":{\"@id\":\"https:\/\/apuntesdesanluis.com\/index.php\/2025\/01\/04\/villarruel-se-quejo-de-su-sueldo-y-apunto-contra-la-casa-rosada-en-breve-me-pagan-dos-chirolas\/\"},\"wordCount\":434,\"publisher\":{\"@id\":\"https:\/\/apuntesdesanluis.com\/#\/schema\/person\/b55151d52296fcce64d1a72538a70b90\"},\"image\":{\"@id\":\"https:\/\/apuntesdesanluis.com\/index.php\/2025\/01\/04\/villarruel-se-quejo-de-su-sueldo-y-apunto-contra-la-casa-rosada-en-breve-me-pagan-dos-chirolas\/#primaryimage\"},\"thumbnailUrl\":\"https:\/\/apuntesdesanluis.com\/wp-content\/uploads\/2025\/01\/villarruel-1.png\",\"articleSection\":[\"Nacionales\/Internacionales\"],\"inLanguage\":\"es-AR\"},{\"@type\":\"WebPage\",\"@id\":\"https:\/\/apuntesdesanluis.com\/index.php\/2025\/01\/04\/villarruel-se-quejo-de-su-sueldo-y-apunto-contra-la-casa-rosada-en-breve-me-pagan-dos-chirolas\/\",\"url\":\"https:\/\/apuntesdesanluis.com\/index.php\/2025\/01\/04\/villarruel-se-quejo-de-su-sueldo-y-apunto-contra-la-casa-rosada-en-breve-me-pagan-dos-chirolas\/\",\"name\":\"VILLARRUEL SE QUEJ\u00d3 DE SU SUELDO Y APUNT\u00d3 CONTRA LA CASA ROSADA: \u201cEN BREVE ME PAGAN DOS CHIROLAS\u201d - Apuntes de San Luis\",\"isPartOf\":{\"@id\":\"https:\/\/apuntesdesanluis.com\/#website\"},\"primaryImageOfPage\":{\"@id\":\"https:\/\/apuntesdesanluis.com\/index.php\/2025\/01\/04\/villarruel-se-quejo-de-su-sueldo-y-apunto-contra-la-casa-rosada-en-breve-me-pagan-dos-chirolas\/#primaryimage\"},\"image\":{\"@id\":\"https:\/\/apuntesdesanluis.com\/index.php\/2025\/01\/04\/villarruel-se-quejo-de-su-sueldo-y-apunto-contra-la-casa-rosada-en-breve-me-pagan-dos-chirolas\/#primaryimage\"},\"thumbnailUrl\":\"https:\/\/apuntesdesanluis.com\/wp-content\/uploads\/2025\/01\/villarruel-1.png\",\"datePublished\":\"2025-01-04T23:14:22+00:00\",\"breadcrumb\":{\"@id\":\"https:\/\/apuntesdesanluis.com\/index.php\/2025\/01\/04\/villarruel-se-quejo-de-su-sueldo-y-apunto-contra-la-casa-rosada-en-breve-me-pagan-dos-chirolas\/#breadcrumb\"},\"inLanguage\":\"es-AR\",\"potentialAction\":[{\"@type\":\"ReadAction\",\"target\":[\"https:\/\/apuntesdesanluis.com\/index.php\/2025\/01\/04\/villarruel-se-quejo-de-su-sueldo-y-apunto-contra-la-casa-rosada-en-breve-me-pagan-dos-chirolas\/\"]}]},{\"@type\":\"ImageObject\",\"inLanguage\":\"es-AR\",\"@id\":\"https:\/\/apuntesdesanluis.com\/index.php\/2025\/01\/04\/villarruel-se-quejo-de-su-sueldo-y-apunto-contra-la-casa-rosada-en-breve-me-pagan-dos-chirolas\/#primaryimage\",\"url\":\"https:\/\/apuntesdesanluis.com\/wp-content\/uploads\/2025\/01\/villarruel-1.png\",\"contentUrl\":\"https:\/\/apuntesdesanluis.com\/wp-content\/uploads\/2025\/01\/villarruel-1.png\",\"width\":764,\"height\":464},{\"@type\":\"BreadcrumbList\",\"@id\":\"https:\/\/apuntesdesanluis.com\/index.php\/2025\/01\/04\/villarruel-se-quejo-de-su-sueldo-y-apunto-contra-la-casa-rosada-en-breve-me-pagan-dos-chirolas\/#breadcrumb\",\"itemListElement\":[{\"@type\":\"ListItem\",\"position\":1,\"name\":\"Inicio\",\"item\":\"https:\/\/apuntesdesanluis.com\/\"},{\"@type\":\"ListItem\",\"position\":2,\"name\":\"VILLARRUEL SE QUEJ\u00d3 DE SU SUELDO Y APUNT\u00d3 CONTRA LA CASA ROSADA: \u201cEN BREVE ME PAGAN DOS CHIROLAS\u201d\"}]},{\"@type\":\"WebSite\",\"@id\":\"https:\/\/apuntesdesanluis.com\/#website\",\"url\":\"https:\/\/apuntesdesanluis.com\/\",\"name\":\"Apuntes de San Luis\",\"description\":\"\",\"publisher\":{\"@id\":\"https:\/\/apuntesdesanluis.com\/#\/schema\/person\/b55151d52296fcce64d1a72538a70b90\"},\"potentialAction\":[{\"@type\":\"SearchAction\",\"target\":{\"@type\":\"EntryPoint\",\"urlTemplate\":\"https:\/\/apuntesdesanluis.com\/?s={search_term_string}\"},\"query-input\":{\"@type\":\"PropertyValueSpecification\",\"valueRequired\":true,\"valueName\":\"search_term_string\"}}],\"inLanguage\":\"es-AR\"},{\"@type\":[\"Person\",\"Organization\"],\"@id\":\"https:\/\/apuntesdesanluis.com\/#\/schema\/person\/b55151d52296fcce64d1a72538a70b90\",\"name\":\"apuntesdesanluis.com\",\"image\":{\"@type\":\"ImageObject\",\"inLanguage\":\"es-AR\",\"@id\":\"https:\/\/apuntesdesanluis.com\/#\/schema\/person\/image\/\",\"url\":\"https:\/\/apuntesdesanluis.com\/wp-content\/uploads\/2023\/07\/cropped-apuntesdesanluis.png\",\"contentUrl\":\"https:\/\/apuntesdesanluis.com\/wp-content\/uploads\/2023\/07\/cropped-apuntesdesanluis.png\",\"width\":450,\"height\":112,\"caption\":\"apuntesdesanluis.com\"},\"logo\":{\"@id\":\"https:\/\/apuntesdesanluis.com\/#\/schema\/person\/image\/\"},\"sameAs\":[\"https:\/\/apuntesdesanluis.com\"],\"url\":\"https:\/\/apuntesdesanluis.com\/index.php\/author\/apuntesdesanluis-com\/\"}]}<\/script>\n<!-- \/ Yoast SEO plugin. -->","yoast_head_json":{"title":"VILLARRUEL SE QUEJ\u00d3 DE SU SUELDO Y APUNT\u00d3 CONTRA LA CASA ROSADA: \u201cEN BREVE ME PAGAN DOS CHIROLAS\u201d - Apuntes de San Luis","robots":{"index":"index","follow":"follow","max-snippet":"max-snippet:-1","max-image-preview":"max-image-preview:large","max-video-preview":"max-video-preview:-1"},"canonical":"https:\/\/apuntesdesanluis.com\/index.php\/2025\/01\/04\/villarruel-se-quejo-de-su-sueldo-y-apunto-contra-la-casa-rosada-en-breve-me-pagan-dos-chirolas\/","og_locale":"es_ES","og_type":"article","og_title":"VILLARRUEL SE QUEJ\u00d3 DE SU SUELDO Y APUNT\u00d3 CONTRA LA CASA ROSADA: \u201cEN BREVE ME PAGAN DOS CHIROLAS\u201d - Apuntes de San Luis","og_description":"Con un fuerte descargo por redes sociales, la vicepresidenta, Victoria Villarruel, public\u00f3 anoche una serie...","og_url":"https:\/\/apuntesdesanluis.com\/index.php\/2025\/01\/04\/villarruel-se-quejo-de-su-sueldo-y-apunto-contra-la-casa-rosada-en-breve-me-pagan-dos-chirolas\/","og_site_name":"Apuntes de San Luis","article_published_time":"2025-01-04T23:14:22+00:00","og_image":[{"width":764,"height":464,"url":"https:\/\/apuntesdesanluis.com\/wp-content\/uploads\/2025\/01\/villarruel-1.png","type":"image\/png"}],"author":"apuntesdesanluis.com","twitter_card":"summary_large_image","twitter_misc":{"Escrito por":"apuntesdesanluis.com","Tiempo de lectura":"3 minutos"},"schema":{"@context":"https:\/\/schema.org","@graph":[{"@type":"Article","@id":"https:\/\/apuntesdesanluis.com\/index.php\/2025\/01\/04\/villarruel-se-quejo-de-su-sueldo-y-apunto-contra-la-casa-rosada-en-breve-me-pagan-dos-chirolas\/#article","isPartOf":{"@id":"https:\/\/apuntesdesanluis.com\/index.php\/2025\/01\/04\/villarruel-se-quejo-de-su-sueldo-y-apunto-contra-la-casa-rosada-en-breve-me-pagan-dos-chirolas\/"},"author":{"name":"apuntesdesanluis.com","@id":"https:\/\/apuntesdesanluis.com\/#\/schema\/person\/b55151d52296fcce64d1a72538a70b90"},"headline":"VILLARRUEL SE QUEJ\u00d3 DE SU SUELDO Y APUNT\u00d3 CONTRA LA CASA ROSADA: \u201cEN BREVE ME PAGAN DOS CHIROLAS\u201d","datePublished":"2025-01-04T23:14:22+00:00","mainEntityOfPage":{"@id":"https:\/\/apuntesdesanluis.com\/index.php\/2025\/01\/04\/villarruel-se-quejo-de-su-sueldo-y-apunto-contra-la-casa-rosada-en-breve-me-pagan-dos-chirolas\/"},"wordCount":434,"publisher":{"@id":"https:\/\/apuntesdesanluis.com\/#\/schema\/person\/b55151d52296fcce64d1a72538a70b90"},"image":{"@id":"https:\/\/apuntesdesanluis.com\/index.php\/2025\/01\/04\/villarruel-se-quejo-de-su-sueldo-y-apunto-contra-la-casa-rosada-en-breve-me-pagan-dos-chirolas\/#primaryimage"},"thumbnailUrl":"https:\/\/apuntesdesanluis.com\/wp-content\/uploads\/2025\/01\/villarruel-1.png","articleSection":["Nacionales\/Internacionales"],"inLanguage":"es-AR"},{"@type":"WebPage","@id":"https:\/\/apuntesdesanluis.com\/index.php\/2025\/01\/04\/villarruel-se-quejo-de-su-sueldo-y-apunto-contra-la-casa-rosada-en-breve-me-pagan-dos-chirolas\/","url":"https:\/\/apuntesdesanluis.com\/index.php\/2025\/01\/04\/villarruel-se-quejo-de-su-sueldo-y-apunto-contra-la-casa-rosada-en-breve-me-pagan-dos-chirolas\/","name":"VILLARRUEL SE QUEJ\u00d3 DE SU SUELDO Y APUNT\u00d3 CONTRA LA CASA ROSADA: \u201cEN BREVE ME PAGAN DOS CHIROLAS\u201d - Apuntes de San Luis","isPartOf":{"@id":"https:\/\/apuntesdesanluis.com\/#website"},"primaryImageOfPage":{"@id":"https:\/\/apuntesdesanluis.com\/index.php\/2025\/01\/04\/villarruel-se-quejo-de-su-sueldo-y-apunto-contra-la-casa-rosada-en-breve-me-pagan-dos-chirolas\/#primaryimage"},"image":{"@id":"https:\/\/apuntesdesanluis.com\/index.php\/2025\/01\/04\/villarruel-se-quejo-de-su-sueldo-y-apunto-contra-la-casa-rosada-en-breve-me-pagan-dos-chirolas\/#primaryimage"},"thumbnailUrl":"https:\/\/apuntesdesanluis.com\/wp-content\/uploads\/2025\/01\/villarruel-1.png","datePublished":"2025-01-04T23:14:22+00:00","breadcrumb":{"@id":"https:\/\/apuntesdesanluis.com\/index.php\/2025\/01\/04\/villarruel-se-quejo-de-su-sueldo-y-apunto-contra-la-casa-rosada-en-breve-me-pagan-dos-chirolas\/#breadcrumb"},"inLanguage":"es-AR","potentialAction":[{"@type":"ReadAction","target":["https:\/\/apuntesdesanluis.com\/index.php\/2025\/01\/04\/villarruel-se-quejo-de-su-sueldo-y-apunto-contra-la-casa-rosada-en-breve-me-pagan-dos-chirolas\/"]}]},{"@type":"ImageObject","inLanguage":"es-AR","@id":"https:\/\/apuntesdesanluis.com\/index.php\/2025\/01\/04\/villarruel-se-quejo-de-su-sueldo-y-apunto-contra-la-casa-rosada-en-breve-me-pagan-dos-chirolas\/#primaryimage","url":"https:\/\/apuntesdesanluis.com\/wp-content\/uploads\/2025\/01\/villarruel-1.png","contentUrl":"https:\/\/apuntesdesanluis.com\/wp-content\/uploads\/2025\/01\/villarruel-1.png","width":764,"height":464},{"@type":"BreadcrumbList","@id":"https:\/\/apuntesdesanluis.com\/index.php\/2025\/01\/04\/villarruel-se-quejo-de-su-sueldo-y-apunto-contra-la-casa-rosada-en-breve-me-pagan-dos-chirolas\/#breadcrumb","itemListElement":[{"@type":"ListItem","position":1,"name":"Inicio","item":"https:\/\/apuntesdesanluis.com\/"},{"@type":"ListItem","position":2,"name":"VILLARRUEL SE QUEJ\u00d3 DE SU SUELDO Y APUNT\u00d3 CONTRA LA CASA ROSADA: \u201cEN BREVE ME PAGAN DOS CHIROLAS\u201d"}]},{"@type":"WebSite","@id":"https:\/\/apuntesdesanluis.com\/#website","url":"https:\/\/apuntesdesanluis.com\/","name":"Apuntes de San Luis","description":"","publisher":{"@id":"https:\/\/apuntesdesanluis.com\/#\/schema\/person\/b55151d52296fcce64d1a72538a70b90"},"potentialAction":[{"@type":"SearchAction","target":{"@type":"EntryPoint","urlTemplate":"https:\/\/apuntesdesanluis.com\/?s={search_term_string}"},"query-input":{"@type":"PropertyValueSpecification","valueRequired":true,"valueName":"search_term_string"}}],"inLanguage":"es-AR"},{"@type":["Person","Organization"],"@id":"https:\/\/apuntesdesanluis.com\/#\/schema\/person\/b55151d52296fcce64d1a72538a70b90","name":"apuntesdesanluis.com","image":{"@type":"ImageObject","inLanguage":"es-AR","@id":"https:\/\/apuntesdesanluis.com\/#\/schema\/person\/image\/","url":"https:\/\/apuntesdesanluis.com\/wp-content\/uploads\/2023\/07\/cropped-apuntesdesanluis.png","contentUrl":"https:\/\/apuntesdesanluis.com\/wp-content\/uploads\/2023\/07\/cropped-apuntesdesanluis.png","width":450,"height":112,"caption":"apuntesdesanluis.com"},"logo":{"@id":"https:\/\/apuntesdesanluis.com\/#\/schema\/person\/image\/"},"sameAs":["https:\/\/apuntesdesanluis.com"],"url":"https:\/\/apuntesdesanluis.com\/index.php\/author\/apuntesdesanluis-com\/"}]}},"featured_image_urls":{"full":["https:\/\/apuntesdesanluis.com\/wp-content\/uploads\/2025\/01\/villarruel-1.png",764,464,false],"thumbnail":["https:\/\/apuntesdesanluis.com\/wp-content\/uploads\/2025\/01\/villarruel-1-150x150.png",150,150,true],"medium":["https:\/\/apuntesdesanluis.com\/wp-content\/uploads\/2025\/01\/villarruel-1-300x182.png",300,182,true],"medium_large":["https:\/\/apuntesdesanluis.com\/wp-content\/uploads\/2025\/01\/villarruel-1.png",640,389,false],"large":["https:\/\/apuntesdesanluis.com\/wp-content\/uploads\/2025\/01\/villarruel-1.png",640,389,false],"1536x1536":["https:\/\/apuntesdesanluis.com\/wp-content\/uploads\/2025\/01\/villarruel-1.png",764,464,false],"2048x2048":["https:\/\/apuntesdesanluis.com\/wp-content\/uploads\/2025\/01\/villarruel-1.png",764,464,false],"newsever-slider-full":["https:\/\/apuntesdesanluis.com\/wp-content\/uploads\/2025\/01\/villarruel-1.png",764,464,false],"newsever-featured":["https:\/\/apuntesdesanluis.com\/wp-content\/uploads\/2025\/01\/villarruel-1.png",764,464,false],"newsever-medium":["https:\/\/apuntesdesanluis.com\/wp-content\/uploads\/2025\/01\/villarruel-1-720x464.png",720,464,true]},"author_info":{"display_name":"apuntesdesanluis.com","author_link":"https:\/\/apuntesdesanluis.com\/index.php\/author\/apuntesdesanluis-com\/"},"category_info":"<a href=\"https:\/\/apuntesdesanluis.com\/index.php\/category\/nacionales-internacionales\/\" rel=\"category tag\">Nacionales\/Internacionales<\/a>","tag_info":"Nacionales\/Internacionales","comment_count":"0","_links":{"self":[{"href":"https:\/\/apuntesdesanluis.com\/index.php\/wp-json\/wp\/v2\/posts\/27609","targetHints":{"allow":["GET"]}}],"collection":[{"href":"https:\/\/apuntesdesanluis.com\/index.php\/wp-json\/wp\/v2\/posts"}],"about":[{"href":"https:\/\/apuntesdesanluis.com\/index.php\/wp-json\/wp\/v2\/types\/post"}],"author":[{"embeddable":true,"href":"https:\/\/apuntesdesanluis.com\/index.php\/wp-json\/wp\/v2\/users\/1"}],"replies":[{"embeddable":true,"href":"https:\/\/apuntesdesanluis.com\/index.php\/wp-json\/wp\/v2\/comments?post=27609"}],"version-history":[{"count":1,"href":"https:\/\/apuntesdesanluis.com\/index.php\/wp-json\/wp\/v2\/posts\/27609\/revisions"}],"predecessor-version":[{"id":27614,"href":"https:\/\/apuntesdesanluis.com\/index.php\/wp-json\/wp\/v2\/posts\/27609\/revisions\/27614"}],"wp:featuredmedia":[{"embeddable":true,"href":"https:\/\/apuntesdesanluis.com\/index.php\/wp-json\/wp\/v2\/media\/27610"}],"wp:attachment":[{"href":"https:\/\/apuntesdesanluis.com\/index.php\/wp-json\/wp\/v2\/media?parent=27609"}],"wp:term":[{"taxonomy":"category","embeddable":true,"href":"https:\/\/apuntesdesanluis.com\/index.php\/wp-json\/wp\/v2\/categories?post=27609"},{"taxonomy":"post_tag","embeddable":true,"href":"https:\/\/apuntesdesanluis.com\/index.php\/wp-json\/wp\/v2\/tags?post=27609"}],"curies":[{"name":"wp","href":"https:\/\/api.w.org\/{rel}","templated":true}]}}