{"id":27615,"date":"2025-01-04T20:22:03","date_gmt":"2025-01-04T23:22:03","guid":{"rendered":"https:\/\/apuntesdesanluis.com\/?p=27615"},"modified":"2025-01-04T20:22:03","modified_gmt":"2025-01-04T23:22:03","slug":"milei-durisimo-con-villarruel-esta-desconectada-de-la-realidad-me-pidio-que-le-ajuste-el-sueldo","status":"publish","type":"post","link":"https:\/\/apuntesdesanluis.com\/index.php\/2025\/01\/04\/milei-durisimo-con-villarruel-esta-desconectada-de-la-realidad-me-pidio-que-le-ajuste-el-sueldo\/","title":{"rendered":"MILEI DUR\u00cdSIMO CON VILLARRUEL: &#8220;EST\u00c1 DESCONECTADA DE LA REALIDAD, ME PIDI\u00d3 QUE LE AJUSTE EL SUELDO&#8221;"},"content":{"rendered":"<h3>&#8220;Me plante\u00f3 que quer\u00eda ganar m\u00e1s dinero y dije que no&#8221;, dijo el presidente luego de que la vice dijera que gana &#8220;dos chirolas&#8221;. Javier Milei dijo que Victoria Villarruel &#8220;est\u00e1 desconectada de la realidad&#8221;.<\/h3>\n<h3>&#8220;El 95% de los argentinos gana mucho menos que eso&#8221;, dijo el presidente en di\u00e1logo con Radio Mitre al referirse al sueldo de m\u00e1s de 4 millones de pesos que tiene su compa\u00f1era de f\u00f3rmula.<\/h3>\n<h3>&#8220;Mire en el Indec los datos de distribuci\u00f3n del ingreso. El salario promedio de la econom\u00eda es 400 mil y pico. En el 25% que est\u00e1 mejor gana entre 500 mil y 7 millones y medio. Si toma el 10% m\u00e1s alto, gana entre 900 mil y 7 millones y medio. Y en promedio el decil m\u00e1s alto gana 1.400.000. Entonces me parece que es una frase muy desafortunada y de no entender cu\u00e1l es la realidad de los argentinos y el esfuerzo que hicieron&#8221;, dijo Milei.<\/h3>\n<h3>&#8220;La casta pol\u00edtica vive desconectada de la realidad de los argentinos, el Senado son sueldos en torno a los 10 millones, est\u00e1 desconectada de la realidad y es el mundo en el que ella vive de la alta pol\u00edtica&#8221;, dijo el presidente. &#8220;Es una frase muy muy desafortunada&#8221;, repiti\u00f3.<\/h3>\n<p><iframe title=\"Milei dijo que Villarruel est\u00e1 desconectada de la realidad\" width=\"640\" height=\"360\" src=\"https:\/\/www.youtube.com\/embed\/TX9y6xoxR7g?feature=oembed\" frameborder=\"0\" allow=\"accelerometer; autoplay; clipboard-write; encrypted-media; gyroscope; picture-in-picture; web-share\" referrerpolicy=\"strict-origin-when-cross-origin\" allowfullscreen><\/iframe><\/p>\n<h3>&#8220;Es una pena que haya dicho algo as\u00ed. Su sueldo depende del Ejecutivo, con lo cual, cuando me hizo el reclamo salarial le dije que no iba a ajustar y va a seguir siendo as\u00ed. Ella me plante\u00f3 que quer\u00eda ganar m\u00e1s dinero y dije que no&#8221;, revel\u00f3 Milei.<\/h3>\n<h3>&#8220;La pol\u00edtica respecto al resto de los argentinos perdi\u00f3 y eso es lo que corresponde. En el Senado dec\u00edan que no se pod\u00eda y ahora pudo. Yo puedo responder por la silla en la que estoy yo. Cuando apareci\u00f3 la presi\u00f3n de la sociedad se pudo frenar. Yo tengo los sueldos del Ejecutivo frenados desde el inicio de la gesti\u00f3n&#8221;, dijo el presidente.<\/h3>\n<h3>&#8220;Ella me acompa\u00f1\u00f3 la f\u00f3rmula, pero a partir de mayo dej\u00f3 de participar de las reuniones de gabinete porque no compart\u00eda nuestra forma de hacer pol\u00edtica. Se siente m\u00e1s c\u00f3moda con las cosas que aplaude el c\u00edrculo rojo y nosotros no hacemos pol\u00edtica para 500 mil argentinos sino para 47 millones&#8221;, dijo cuando le consultaron si Villarruel segu\u00eda formando parte del gobierno.<\/h3>\n<h3><\/h3>\n<h3><\/h3>\n<p>&nbsp;<\/p>\n","protected":false},"excerpt":{"rendered":"<p>&#8220;Me plante\u00f3 que quer\u00eda ganar m\u00e1s dinero y dije que no&#8221;, dijo el presidente luego&#8230;<\/p>\n","protected":false},"author":1,"featured_media":26721,"comment_status":"closed","ping_status":"closed","sticky":false,"template":"","format":"standard","meta":{"footnotes":""},"categories":[5],"tags":[],"class_list":["post-27615","post","type-post","status-publish","format-standard","has-post-thumbnail","hentry","category-nacionales-internacionales"],"yoast_head":"<!-- This site is optimized with the Yoast SEO plugin v26.1.1 - https:\/\/yoast.com\/wordpress\/plugins\/seo\/ -->\n<title>MILEI DUR\u00cdSIMO CON VILLARRUEL: &quot;EST\u00c1 DESCONECTADA DE LA REALIDAD, ME PIDI\u00d3 QUE LE AJUSTE EL SUELDO&quot; - Apuntes de San Luis<\/title>\n<meta name=\"robots\" content=\"index, follow, max-snippet:-1, max-image-preview:large, max-video-preview:-1\" \/>\n<link rel=\"canonical\" href=\"https:\/\/apuntesdesanluis.com\/index.php\/2025\/01\/04\/milei-durisimo-con-villarruel-esta-desconectada-de-la-realidad-me-pidio-que-le-ajuste-el-sueldo\/\" \/>\n<meta property=\"og:locale\" content=\"es_ES\" \/>\n<meta property=\"og:type\" content=\"article\" \/>\n<meta property=\"og:title\" content=\"MILEI DUR\u00cdSIMO CON VILLARRUEL: &quot;EST\u00c1 DESCONECTADA DE LA REALIDAD, ME PIDI\u00d3 QUE LE AJUSTE EL SUELDO&quot; - Apuntes de San Luis\" \/>\n<meta property=\"og:description\" content=\"&#8220;Me plante\u00f3 que quer\u00eda ganar m\u00e1s dinero y dije que no&#8221;, dijo el presidente luego...\" \/>\n<meta property=\"og:url\" content=\"https:\/\/apuntesdesanluis.com\/index.php\/2025\/01\/04\/milei-durisimo-con-villarruel-esta-desconectada-de-la-realidad-me-pidio-que-le-ajuste-el-sueldo\/\" \/>\n<meta property=\"og:site_name\" content=\"Apuntes de San Luis\" \/>\n<meta property=\"article:published_time\" content=\"2025-01-04T23:22:03+00:00\" \/>\n<meta property=\"og:image\" content=\"https:\/\/apuntesdesanluis.com\/wp-content\/uploads\/2024\/12\/milei-y-villarruel.png\" \/>\n\t<meta property=\"og:image:width\" content=\"666\" \/>\n\t<meta property=\"og:image:height\" content=\"421\" \/>\n\t<meta property=\"og:image:type\" content=\"image\/png\" \/>\n<meta name=\"author\" content=\"apuntesdesanluis.com\" \/>\n<meta name=\"twitter:card\" content=\"summary_large_image\" \/>\n<meta name=\"twitter:label1\" content=\"Escrito por\" \/>\n\t<meta name=\"twitter:data1\" content=\"apuntesdesanluis.com\" \/>\n\t<meta name=\"twitter:label2\" content=\"Tiempo de lectura\" \/>\n\t<meta name=\"twitter:data2\" content=\"2 minutos\" \/>\n<script type=\"application\/ld+json\" class=\"yoast-schema-graph\">{\"@context\":\"https:\/\/schema.org\",\"@graph\":[{\"@type\":\"Article\",\"@id\":\"https:\/\/apuntesdesanluis.com\/index.php\/2025\/01\/04\/milei-durisimo-con-villarruel-esta-desconectada-de-la-realidad-me-pidio-que-le-ajuste-el-sueldo\/#article\",\"isPartOf\":{\"@id\":\"https:\/\/apuntesdesanluis.com\/index.php\/2025\/01\/04\/milei-durisimo-con-villarruel-esta-desconectada-de-la-realidad-me-pidio-que-le-ajuste-el-sueldo\/\"},\"author\":{\"name\":\"apuntesdesanluis.com\",\"@id\":\"https:\/\/apuntesdesanluis.com\/#\/schema\/person\/b55151d52296fcce64d1a72538a70b90\"},\"headline\":\"MILEI DUR\u00cdSIMO CON VILLARRUEL: &#8220;EST\u00c1 DESCONECTADA DE LA REALIDAD, ME PIDI\u00d3 QUE LE AJUSTE EL SUELDO&#8221;\",\"datePublished\":\"2025-01-04T23:22:03+00:00\",\"mainEntityOfPage\":{\"@id\":\"https:\/\/apuntesdesanluis.com\/index.php\/2025\/01\/04\/milei-durisimo-con-villarruel-esta-desconectada-de-la-realidad-me-pidio-que-le-ajuste-el-sueldo\/\"},\"wordCount\":422,\"publisher\":{\"@id\":\"https:\/\/apuntesdesanluis.com\/#\/schema\/person\/b55151d52296fcce64d1a72538a70b90\"},\"image\":{\"@id\":\"https:\/\/apuntesdesanluis.com\/index.php\/2025\/01\/04\/milei-durisimo-con-villarruel-esta-desconectada-de-la-realidad-me-pidio-que-le-ajuste-el-sueldo\/#primaryimage\"},\"thumbnailUrl\":\"https:\/\/apuntesdesanluis.com\/wp-content\/uploads\/2024\/12\/milei-y-villarruel.png\",\"articleSection\":[\"Nacionales\/Internacionales\"],\"inLanguage\":\"es-AR\"},{\"@type\":\"WebPage\",\"@id\":\"https:\/\/apuntesdesanluis.com\/index.php\/2025\/01\/04\/milei-durisimo-con-villarruel-esta-desconectada-de-la-realidad-me-pidio-que-le-ajuste-el-sueldo\/\",\"url\":\"https:\/\/apuntesdesanluis.com\/index.php\/2025\/01\/04\/milei-durisimo-con-villarruel-esta-desconectada-de-la-realidad-me-pidio-que-le-ajuste-el-sueldo\/\",\"name\":\"MILEI DUR\u00cdSIMO CON VILLARRUEL: \\\"EST\u00c1 DESCONECTADA DE LA REALIDAD, ME PIDI\u00d3 QUE LE AJUSTE EL SUELDO\\\" - Apuntes de San Luis\",\"isPartOf\":{\"@id\":\"https:\/\/apuntesdesanluis.com\/#website\"},\"primaryImageOfPage\":{\"@id\":\"https:\/\/apuntesdesanluis.com\/index.php\/2025\/01\/04\/milei-durisimo-con-villarruel-esta-desconectada-de-la-realidad-me-pidio-que-le-ajuste-el-sueldo\/#primaryimage\"},\"image\":{\"@id\":\"https:\/\/apuntesdesanluis.com\/index.php\/2025\/01\/04\/milei-durisimo-con-villarruel-esta-desconectada-de-la-realidad-me-pidio-que-le-ajuste-el-sueldo\/#primaryimage\"},\"thumbnailUrl\":\"https:\/\/apuntesdesanluis.com\/wp-content\/uploads\/2024\/12\/milei-y-villarruel.png\",\"datePublished\":\"2025-01-04T23:22:03+00:00\",\"breadcrumb\":{\"@id\":\"https:\/\/apuntesdesanluis.com\/index.php\/2025\/01\/04\/milei-durisimo-con-villarruel-esta-desconectada-de-la-realidad-me-pidio-que-le-ajuste-el-sueldo\/#breadcrumb\"},\"inLanguage\":\"es-AR\",\"potentialAction\":[{\"@type\":\"ReadAction\",\"target\":[\"https:\/\/apuntesdesanluis.com\/index.php\/2025\/01\/04\/milei-durisimo-con-villarruel-esta-desconectada-de-la-realidad-me-pidio-que-le-ajuste-el-sueldo\/\"]}]},{\"@type\":\"ImageObject\",\"inLanguage\":\"es-AR\",\"@id\":\"https:\/\/apuntesdesanluis.com\/index.php\/2025\/01\/04\/milei-durisimo-con-villarruel-esta-desconectada-de-la-realidad-me-pidio-que-le-ajuste-el-sueldo\/#primaryimage\",\"url\":\"https:\/\/apuntesdesanluis.com\/wp-content\/uploads\/2024\/12\/milei-y-villarruel.png\",\"contentUrl\":\"https:\/\/apuntesdesanluis.com\/wp-content\/uploads\/2024\/12\/milei-y-villarruel.png\",\"width\":666,\"height\":421},{\"@type\":\"BreadcrumbList\",\"@id\":\"https:\/\/apuntesdesanluis.com\/index.php\/2025\/01\/04\/milei-durisimo-con-villarruel-esta-desconectada-de-la-realidad-me-pidio-que-le-ajuste-el-sueldo\/#breadcrumb\",\"itemListElement\":[{\"@type\":\"ListItem\",\"position\":1,\"name\":\"Inicio\",\"item\":\"https:\/\/apuntesdesanluis.com\/\"},{\"@type\":\"ListItem\",\"position\":2,\"name\":\"MILEI DUR\u00cdSIMO CON VILLARRUEL: &#8220;EST\u00c1 DESCONECTADA DE LA REALIDAD, ME PIDI\u00d3 QUE LE AJUSTE EL SUELDO&#8221;\"}]},{\"@type\":\"WebSite\",\"@id\":\"https:\/\/apuntesdesanluis.com\/#website\",\"url\":\"https:\/\/apuntesdesanluis.com\/\",\"name\":\"Apuntes de San Luis\",\"description\":\"\",\"publisher\":{\"@id\":\"https:\/\/apuntesdesanluis.com\/#\/schema\/person\/b55151d52296fcce64d1a72538a70b90\"},\"potentialAction\":[{\"@type\":\"SearchAction\",\"target\":{\"@type\":\"EntryPoint\",\"urlTemplate\":\"https:\/\/apuntesdesanluis.com\/?s={search_term_string}\"},\"query-input\":{\"@type\":\"PropertyValueSpecification\",\"valueRequired\":true,\"valueName\":\"search_term_string\"}}],\"inLanguage\":\"es-AR\"},{\"@type\":[\"Person\",\"Organization\"],\"@id\":\"https:\/\/apuntesdesanluis.com\/#\/schema\/person\/b55151d52296fcce64d1a72538a70b90\",\"name\":\"apuntesdesanluis.com\",\"image\":{\"@type\":\"ImageObject\",\"inLanguage\":\"es-AR\",\"@id\":\"https:\/\/apuntesdesanluis.com\/#\/schema\/person\/image\/\",\"url\":\"https:\/\/apuntesdesanluis.com\/wp-content\/uploads\/2023\/07\/cropped-apuntesdesanluis.png\",\"contentUrl\":\"https:\/\/apuntesdesanluis.com\/wp-content\/uploads\/2023\/07\/cropped-apuntesdesanluis.png\",\"width\":450,\"height\":112,\"caption\":\"apuntesdesanluis.com\"},\"logo\":{\"@id\":\"https:\/\/apuntesdesanluis.com\/#\/schema\/person\/image\/\"},\"sameAs\":[\"https:\/\/apuntesdesanluis.com\"],\"url\":\"https:\/\/apuntesdesanluis.com\/index.php\/author\/apuntesdesanluis-com\/\"}]}<\/script>\n<!-- \/ Yoast SEO plugin. -->","yoast_head_json":{"title":"MILEI DUR\u00cdSIMO CON VILLARRUEL: \"EST\u00c1 DESCONECTADA DE LA REALIDAD, ME PIDI\u00d3 QUE LE AJUSTE EL SUELDO\" - Apuntes de San Luis","robots":{"index":"index","follow":"follow","max-snippet":"max-snippet:-1","max-image-preview":"max-image-preview:large","max-video-preview":"max-video-preview:-1"},"canonical":"https:\/\/apuntesdesanluis.com\/index.php\/2025\/01\/04\/milei-durisimo-con-villarruel-esta-desconectada-de-la-realidad-me-pidio-que-le-ajuste-el-sueldo\/","og_locale":"es_ES","og_type":"article","og_title":"MILEI DUR\u00cdSIMO CON VILLARRUEL: \"EST\u00c1 DESCONECTADA DE LA REALIDAD, ME PIDI\u00d3 QUE LE AJUSTE EL SUELDO\" - Apuntes de San Luis","og_description":"&#8220;Me plante\u00f3 que quer\u00eda ganar m\u00e1s dinero y dije que no&#8221;, dijo el presidente luego...","og_url":"https:\/\/apuntesdesanluis.com\/index.php\/2025\/01\/04\/milei-durisimo-con-villarruel-esta-desconectada-de-la-realidad-me-pidio-que-le-ajuste-el-sueldo\/","og_site_name":"Apuntes de San Luis","article_published_time":"2025-01-04T23:22:03+00:00","og_image":[{"width":666,"height":421,"url":"https:\/\/apuntesdesanluis.com\/wp-content\/uploads\/2024\/12\/milei-y-villarruel.png","type":"image\/png"}],"author":"apuntesdesanluis.com","twitter_card":"summary_large_image","twitter_misc":{"Escrito por":"apuntesdesanluis.com","Tiempo de lectura":"2 minutos"},"schema":{"@context":"https:\/\/schema.org","@graph":[{"@type":"Article","@id":"https:\/\/apuntesdesanluis.com\/index.php\/2025\/01\/04\/milei-durisimo-con-villarruel-esta-desconectada-de-la-realidad-me-pidio-que-le-ajuste-el-sueldo\/#article","isPartOf":{"@id":"https:\/\/apuntesdesanluis.com\/index.php\/2025\/01\/04\/milei-durisimo-con-villarruel-esta-desconectada-de-la-realidad-me-pidio-que-le-ajuste-el-sueldo\/"},"author":{"name":"apuntesdesanluis.com","@id":"https:\/\/apuntesdesanluis.com\/#\/schema\/person\/b55151d52296fcce64d1a72538a70b90"},"headline":"MILEI DUR\u00cdSIMO CON VILLARRUEL: &#8220;EST\u00c1 DESCONECTADA DE LA REALIDAD, ME PIDI\u00d3 QUE LE AJUSTE EL SUELDO&#8221;","datePublished":"2025-01-04T23:22:03+00:00","mainEntityOfPage":{"@id":"https:\/\/apuntesdesanluis.com\/index.php\/2025\/01\/04\/milei-durisimo-con-villarruel-esta-desconectada-de-la-realidad-me-pidio-que-le-ajuste-el-sueldo\/"},"wordCount":422,"publisher":{"@id":"https:\/\/apuntesdesanluis.com\/#\/schema\/person\/b55151d52296fcce64d1a72538a70b90"},"image":{"@id":"https:\/\/apuntesdesanluis.com\/index.php\/2025\/01\/04\/milei-durisimo-con-villarruel-esta-desconectada-de-la-realidad-me-pidio-que-le-ajuste-el-sueldo\/#primaryimage"},"thumbnailUrl":"https:\/\/apuntesdesanluis.com\/wp-content\/uploads\/2024\/12\/milei-y-villarruel.png","articleSection":["Nacionales\/Internacionales"],"inLanguage":"es-AR"},{"@type":"WebPage","@id":"https:\/\/apuntesdesanluis.com\/index.php\/2025\/01\/04\/milei-durisimo-con-villarruel-esta-desconectada-de-la-realidad-me-pidio-que-le-ajuste-el-sueldo\/","url":"https:\/\/apuntesdesanluis.com\/index.php\/2025\/01\/04\/milei-durisimo-con-villarruel-esta-desconectada-de-la-realidad-me-pidio-que-le-ajuste-el-sueldo\/","name":"MILEI DUR\u00cdSIMO CON VILLARRUEL: \"EST\u00c1 DESCONECTADA DE LA REALIDAD, ME PIDI\u00d3 QUE LE AJUSTE EL SUELDO\" - Apuntes de San Luis","isPartOf":{"@id":"https:\/\/apuntesdesanluis.com\/#website"},"primaryImageOfPage":{"@id":"https:\/\/apuntesdesanluis.com\/index.php\/2025\/01\/04\/milei-durisimo-con-villarruel-esta-desconectada-de-la-realidad-me-pidio-que-le-ajuste-el-sueldo\/#primaryimage"},"image":{"@id":"https:\/\/apuntesdesanluis.com\/index.php\/2025\/01\/04\/milei-durisimo-con-villarruel-esta-desconectada-de-la-realidad-me-pidio-que-le-ajuste-el-sueldo\/#primaryimage"},"thumbnailUrl":"https:\/\/apuntesdesanluis.com\/wp-content\/uploads\/2024\/12\/milei-y-villarruel.png","datePublished":"2025-01-04T23:22:03+00:00","breadcrumb":{"@id":"https:\/\/apuntesdesanluis.com\/index.php\/2025\/01\/04\/milei-durisimo-con-villarruel-esta-desconectada-de-la-realidad-me-pidio-que-le-ajuste-el-sueldo\/#breadcrumb"},"inLanguage":"es-AR","potentialAction":[{"@type":"ReadAction","target":["https:\/\/apuntesdesanluis.com\/index.php\/2025\/01\/04\/milei-durisimo-con-villarruel-esta-desconectada-de-la-realidad-me-pidio-que-le-ajuste-el-sueldo\/"]}]},{"@type":"ImageObject","inLanguage":"es-AR","@id":"https:\/\/apuntesdesanluis.com\/index.php\/2025\/01\/04\/milei-durisimo-con-villarruel-esta-desconectada-de-la-realidad-me-pidio-que-le-ajuste-el-sueldo\/#primaryimage","url":"https:\/\/apuntesdesanluis.com\/wp-content\/uploads\/2024\/12\/milei-y-villarruel.png","contentUrl":"https:\/\/apuntesdesanluis.com\/wp-content\/uploads\/2024\/12\/milei-y-villarruel.png","width":666,"height":421},{"@type":"BreadcrumbList","@id":"https:\/\/apuntesdesanluis.com\/index.php\/2025\/01\/04\/milei-durisimo-con-villarruel-esta-desconectada-de-la-realidad-me-pidio-que-le-ajuste-el-sueldo\/#breadcrumb","itemListElement":[{"@type":"ListItem","position":1,"name":"Inicio","item":"https:\/\/apuntesdesanluis.com\/"},{"@type":"ListItem","position":2,"name":"MILEI DUR\u00cdSIMO CON VILLARRUEL: &#8220;EST\u00c1 DESCONECTADA DE LA REALIDAD, ME PIDI\u00d3 QUE LE AJUSTE EL SUELDO&#8221;"}]},{"@type":"WebSite","@id":"https:\/\/apuntesdesanluis.com\/#website","url":"https:\/\/apuntesdesanluis.com\/","name":"Apuntes de San Luis","description":"","publisher":{"@id":"https:\/\/apuntesdesanluis.com\/#\/schema\/person\/b55151d52296fcce64d1a72538a70b90"},"potentialAction":[{"@type":"SearchAction","target":{"@type":"EntryPoint","urlTemplate":"https:\/\/apuntesdesanluis.com\/?s={search_term_string}"},"query-input":{"@type":"PropertyValueSpecification","valueRequired":true,"valueName":"search_term_string"}}],"inLanguage":"es-AR"},{"@type":["Person","Organization"],"@id":"https:\/\/apuntesdesanluis.com\/#\/schema\/person\/b55151d52296fcce64d1a72538a70b90","name":"apuntesdesanluis.com","image":{"@type":"ImageObject","inLanguage":"es-AR","@id":"https:\/\/apuntesdesanluis.com\/#\/schema\/person\/image\/","url":"https:\/\/apuntesdesanluis.com\/wp-content\/uploads\/2023\/07\/cropped-apuntesdesanluis.png","contentUrl":"https:\/\/apuntesdesanluis.com\/wp-content\/uploads\/2023\/07\/cropped-apuntesdesanluis.png","width":450,"height":112,"caption":"apuntesdesanluis.com"},"logo":{"@id":"https:\/\/apuntesdesanluis.com\/#\/schema\/person\/image\/"},"sameAs":["https:\/\/apuntesdesanluis.com"],"url":"https:\/\/apuntesdesanluis.com\/index.php\/author\/apuntesdesanluis-com\/"}]}},"featured_image_urls":{"full":["https:\/\/apuntesdesanluis.com\/wp-content\/uploads\/2024\/12\/milei-y-villarruel.png",666,421,false],"thumbnail":["https:\/\/apuntesdesanluis.com\/wp-content\/uploads\/2024\/12\/milei-y-villarruel-150x150.png",150,150,true],"medium":["https:\/\/apuntesdesanluis.com\/wp-content\/uploads\/2024\/12\/milei-y-villarruel-300x190.png",300,190,true],"medium_large":["https:\/\/apuntesdesanluis.com\/wp-content\/uploads\/2024\/12\/milei-y-villarruel.png",640,405,false],"large":["https:\/\/apuntesdesanluis.com\/wp-content\/uploads\/2024\/12\/milei-y-villarruel.png",640,405,false],"1536x1536":["https:\/\/apuntesdesanluis.com\/wp-content\/uploads\/2024\/12\/milei-y-villarruel.png",666,421,false],"2048x2048":["https:\/\/apuntesdesanluis.com\/wp-content\/uploads\/2024\/12\/milei-y-villarruel.png",666,421,false],"newsever-slider-full":["https:\/\/apuntesdesanluis.com\/wp-content\/uploads\/2024\/12\/milei-y-villarruel.png",666,421,false],"newsever-featured":["https:\/\/apuntesdesanluis.com\/wp-content\/uploads\/2024\/12\/milei-y-villarruel.png",666,421,false],"newsever-medium":["https:\/\/apuntesdesanluis.com\/wp-content\/uploads\/2024\/12\/milei-y-villarruel.png",666,421,false]},"author_info":{"display_name":"apuntesdesanluis.com","author_link":"https:\/\/apuntesdesanluis.com\/index.php\/author\/apuntesdesanluis-com\/"},"category_info":"<a href=\"https:\/\/apuntesdesanluis.com\/index.php\/category\/nacionales-internacionales\/\" rel=\"category tag\">Nacionales\/Internacionales<\/a>","tag_info":"Nacionales\/Internacionales","comment_count":"0","_links":{"self":[{"href":"https:\/\/apuntesdesanluis.com\/index.php\/wp-json\/wp\/v2\/posts\/27615","targetHints":{"allow":["GET"]}}],"collection":[{"href":"https:\/\/apuntesdesanluis.com\/index.php\/wp-json\/wp\/v2\/posts"}],"about":[{"href":"https:\/\/apuntesdesanluis.com\/index.php\/wp-json\/wp\/v2\/types\/post"}],"author":[{"embeddable":true,"href":"https:\/\/apuntesdesanluis.com\/index.php\/wp-json\/wp\/v2\/users\/1"}],"replies":[{"embeddable":true,"href":"https:\/\/apuntesdesanluis.com\/index.php\/wp-json\/wp\/v2\/comments?post=27615"}],"version-history":[{"count":1,"href":"https:\/\/apuntesdesanluis.com\/index.php\/wp-json\/wp\/v2\/posts\/27615\/revisions"}],"predecessor-version":[{"id":27616,"href":"https:\/\/apuntesdesanluis.com\/index.php\/wp-json\/wp\/v2\/posts\/27615\/revisions\/27616"}],"wp:featuredmedia":[{"embeddable":true,"href":"https:\/\/apuntesdesanluis.com\/index.php\/wp-json\/wp\/v2\/media\/26721"}],"wp:attachment":[{"href":"https:\/\/apuntesdesanluis.com\/index.php\/wp-json\/wp\/v2\/media?parent=27615"}],"wp:term":[{"taxonomy":"category","embeddable":true,"href":"https:\/\/apuntesdesanluis.com\/index.php\/wp-json\/wp\/v2\/categories?post=27615"},{"taxonomy":"post_tag","embeddable":true,"href":"https:\/\/apuntesdesanluis.com\/index.php\/wp-json\/wp\/v2\/tags?post=27615"}],"curies":[{"name":"wp","href":"https:\/\/api.w.org\/{rel}","templated":true}]}}