{"id":27617,"date":"2025-01-04T20:54:12","date_gmt":"2025-01-04T23:54:12","guid":{"rendered":"https:\/\/apuntesdesanluis.com\/?p=27617"},"modified":"2025-01-04T20:54:12","modified_gmt":"2025-01-04T23:54:12","slug":"tremendo-accidente-en-la-autopista-dos-familias-lesionadas","status":"publish","type":"post","link":"https:\/\/apuntesdesanluis.com\/index.php\/2025\/01\/04\/tremendo-accidente-en-la-autopista-dos-familias-lesionadas\/","title":{"rendered":"TREMENDO ACCIDENTE EN LA AUTOPISTA: DOS FAMILIAS LESIONADAS"},"content":{"rendered":"<h3>Este s\u00e1bado, alrededor de las 13:30, se produjo un accidente de tr\u00e1nsito en el kil\u00f3metro 838 de la Autopista Serran\u00edas Puntanas, en la localidad de Chosmes.<\/h3>\n<h3>Al llegar al lugar, personal de la Polic\u00eda Caminera y Seguridad Vial constat\u00f3 que las personas involucradas ya estaban siendo asistidas por personal m\u00e9dico. El accidente fue protagonizado por dos veh\u00edculos:<\/h3>\n<ul>\n<li>\n<h3>Un Ford Bronco SPORT, con da\u00f1os visibles en su parte frontal. El veh\u00edculo era conducido por una mujer de 49 a\u00f1os, quien viajaba acompa\u00f1ada por su pareja, un hombre de 50 a\u00f1os, y sus hijos de 23 y 21 a\u00f1os. }<\/h3>\n<\/li>\n<\/ul>\n<h3>La conductora explic\u00f3 que se dirig\u00edan desde Mendoza hacia Buenos Aires, su provincia de residencia. Seg\u00fan su relato, mientras circulaban de oeste a este por la autopista, observaron una camioneta estacionada en la banquina que repentinamente ingres\u00f3 al carril de circulaci\u00f3n, lo que provoc\u00f3 el choque en la parte media del otro veh\u00edculo, entre la cabina y la secci\u00f3n de carga.<\/h3>\n<ul>\n<li>\n<h3>Una camioneta conducida por un hombre de 62 a\u00f1os, acompa\u00f1ado por su esposa, de 52 a\u00f1os, y su hijo de 15 a\u00f1os. Todos son oriundos de la provincia de Mendoza.<\/h3>\n<\/li>\n<\/ul>\n<h3><img fetchpriority=\"high\" decoding=\"async\" class=\"wp-image-27619 aligncenter\" src=\"https:\/\/apuntesdesanluis.com\/wp-content\/uploads\/2025\/01\/Imagen-de-WhatsApp-2025-01-04-a-las-19.30.22_d664b5f2-300x187.jpg\" alt=\"\" width=\"645\" height=\"402\" srcset=\"https:\/\/apuntesdesanluis.com\/wp-content\/uploads\/2025\/01\/Imagen-de-WhatsApp-2025-01-04-a-las-19.30.22_d664b5f2-300x187.jpg 300w, https:\/\/apuntesdesanluis.com\/wp-content\/uploads\/2025\/01\/Imagen-de-WhatsApp-2025-01-04-a-las-19.30.22_d664b5f2.jpg 700w\" sizes=\"(max-width: 645px) 100vw, 645px\" \/><\/h3>\n<h3>El personal m\u00e9dico brind\u00f3 las primeras asistencias a ambas familias y posteriormente las traslad\u00f3 al Hospital Ram\u00f3n Carrillo debido a las lesiones sufridas en el accidente.<\/h3>\n<h3>Mientras tanto, la Polic\u00eda Caminera se encarg\u00f3 de regularizar el tr\u00e1nsito y prevenir nuevos incidentes, a la espera del personal de Criminal\u00edstica para continuar con las actuaciones legales correspondientes.<\/h3>\n<h3><\/h3>\n<h3><\/h3>\n<p>&nbsp;<\/p>\n","protected":false},"excerpt":{"rendered":"<p>Este s\u00e1bado, alrededor de las 13:30, se produjo un accidente de tr\u00e1nsito en el kil\u00f3metro&#8230;<\/p>\n","protected":false},"author":1,"featured_media":27618,"comment_status":"closed","ping_status":"closed","sticky":false,"template":"","format":"standard","meta":{"footnotes":""},"categories":[6],"tags":[],"class_list":["post-27617","post","type-post","status-publish","format-standard","has-post-thumbnail","hentry","category-ciudad-provincia"],"yoast_head":"<!-- This site is optimized with the Yoast SEO plugin v26.1.1 - https:\/\/yoast.com\/wordpress\/plugins\/seo\/ -->\n<title>TREMENDO ACCIDENTE EN LA AUTOPISTA: DOS FAMILIAS LESIONADAS - Apuntes de San Luis<\/title>\n<meta name=\"robots\" content=\"index, follow, max-snippet:-1, max-image-preview:large, max-video-preview:-1\" \/>\n<link rel=\"canonical\" href=\"https:\/\/apuntesdesanluis.com\/index.php\/2025\/01\/04\/tremendo-accidente-en-la-autopista-dos-familias-lesionadas\/\" \/>\n<meta property=\"og:locale\" content=\"es_ES\" \/>\n<meta property=\"og:type\" content=\"article\" \/>\n<meta property=\"og:title\" content=\"TREMENDO ACCIDENTE EN LA AUTOPISTA: DOS FAMILIAS LESIONADAS - Apuntes de San Luis\" \/>\n<meta property=\"og:description\" content=\"Este s\u00e1bado, alrededor de las 13:30, se produjo un accidente de tr\u00e1nsito en el kil\u00f3metro...\" \/>\n<meta property=\"og:url\" content=\"https:\/\/apuntesdesanluis.com\/index.php\/2025\/01\/04\/tremendo-accidente-en-la-autopista-dos-familias-lesionadas\/\" \/>\n<meta property=\"og:site_name\" content=\"Apuntes de San Luis\" \/>\n<meta property=\"article:published_time\" content=\"2025-01-04T23:54:12+00:00\" \/>\n<meta property=\"og:image\" content=\"https:\/\/apuntesdesanluis.com\/wp-content\/uploads\/2025\/01\/Imagen-de-WhatsApp-2025-01-04-a-las-19.30.22_57d5648f.jpg\" \/>\n\t<meta property=\"og:image:width\" content=\"700\" \/>\n\t<meta property=\"og:image:height\" content=\"405\" \/>\n\t<meta property=\"og:image:type\" content=\"image\/jpeg\" \/>\n<meta name=\"author\" content=\"apuntesdesanluis.com\" \/>\n<meta name=\"twitter:card\" content=\"summary_large_image\" \/>\n<meta name=\"twitter:label1\" content=\"Escrito por\" \/>\n\t<meta name=\"twitter:data1\" content=\"apuntesdesanluis.com\" \/>\n\t<meta name=\"twitter:label2\" content=\"Tiempo de lectura\" \/>\n\t<meta name=\"twitter:data2\" content=\"2 minutos\" \/>\n<script type=\"application\/ld+json\" class=\"yoast-schema-graph\">{\"@context\":\"https:\/\/schema.org\",\"@graph\":[{\"@type\":\"Article\",\"@id\":\"https:\/\/apuntesdesanluis.com\/index.php\/2025\/01\/04\/tremendo-accidente-en-la-autopista-dos-familias-lesionadas\/#article\",\"isPartOf\":{\"@id\":\"https:\/\/apuntesdesanluis.com\/index.php\/2025\/01\/04\/tremendo-accidente-en-la-autopista-dos-familias-lesionadas\/\"},\"author\":{\"name\":\"apuntesdesanluis.com\",\"@id\":\"https:\/\/apuntesdesanluis.com\/#\/schema\/person\/b55151d52296fcce64d1a72538a70b90\"},\"headline\":\"TREMENDO ACCIDENTE EN LA AUTOPISTA: DOS FAMILIAS LESIONADAS\",\"datePublished\":\"2025-01-04T23:54:12+00:00\",\"mainEntityOfPage\":{\"@id\":\"https:\/\/apuntesdesanluis.com\/index.php\/2025\/01\/04\/tremendo-accidente-en-la-autopista-dos-familias-lesionadas\/\"},\"wordCount\":270,\"publisher\":{\"@id\":\"https:\/\/apuntesdesanluis.com\/#\/schema\/person\/b55151d52296fcce64d1a72538a70b90\"},\"image\":{\"@id\":\"https:\/\/apuntesdesanluis.com\/index.php\/2025\/01\/04\/tremendo-accidente-en-la-autopista-dos-familias-lesionadas\/#primaryimage\"},\"thumbnailUrl\":\"https:\/\/apuntesdesanluis.com\/wp-content\/uploads\/2025\/01\/Imagen-de-WhatsApp-2025-01-04-a-las-19.30.22_57d5648f.jpg\",\"articleSection\":[\"Ciudad\/Provincia\"],\"inLanguage\":\"es-AR\"},{\"@type\":\"WebPage\",\"@id\":\"https:\/\/apuntesdesanluis.com\/index.php\/2025\/01\/04\/tremendo-accidente-en-la-autopista-dos-familias-lesionadas\/\",\"url\":\"https:\/\/apuntesdesanluis.com\/index.php\/2025\/01\/04\/tremendo-accidente-en-la-autopista-dos-familias-lesionadas\/\",\"name\":\"TREMENDO ACCIDENTE EN LA AUTOPISTA: DOS FAMILIAS LESIONADAS - Apuntes de San Luis\",\"isPartOf\":{\"@id\":\"https:\/\/apuntesdesanluis.com\/#website\"},\"primaryImageOfPage\":{\"@id\":\"https:\/\/apuntesdesanluis.com\/index.php\/2025\/01\/04\/tremendo-accidente-en-la-autopista-dos-familias-lesionadas\/#primaryimage\"},\"image\":{\"@id\":\"https:\/\/apuntesdesanluis.com\/index.php\/2025\/01\/04\/tremendo-accidente-en-la-autopista-dos-familias-lesionadas\/#primaryimage\"},\"thumbnailUrl\":\"https:\/\/apuntesdesanluis.com\/wp-content\/uploads\/2025\/01\/Imagen-de-WhatsApp-2025-01-04-a-las-19.30.22_57d5648f.jpg\",\"datePublished\":\"2025-01-04T23:54:12+00:00\",\"breadcrumb\":{\"@id\":\"https:\/\/apuntesdesanluis.com\/index.php\/2025\/01\/04\/tremendo-accidente-en-la-autopista-dos-familias-lesionadas\/#breadcrumb\"},\"inLanguage\":\"es-AR\",\"potentialAction\":[{\"@type\":\"ReadAction\",\"target\":[\"https:\/\/apuntesdesanluis.com\/index.php\/2025\/01\/04\/tremendo-accidente-en-la-autopista-dos-familias-lesionadas\/\"]}]},{\"@type\":\"ImageObject\",\"inLanguage\":\"es-AR\",\"@id\":\"https:\/\/apuntesdesanluis.com\/index.php\/2025\/01\/04\/tremendo-accidente-en-la-autopista-dos-familias-lesionadas\/#primaryimage\",\"url\":\"https:\/\/apuntesdesanluis.com\/wp-content\/uploads\/2025\/01\/Imagen-de-WhatsApp-2025-01-04-a-las-19.30.22_57d5648f.jpg\",\"contentUrl\":\"https:\/\/apuntesdesanluis.com\/wp-content\/uploads\/2025\/01\/Imagen-de-WhatsApp-2025-01-04-a-las-19.30.22_57d5648f.jpg\",\"width\":700,\"height\":405},{\"@type\":\"BreadcrumbList\",\"@id\":\"https:\/\/apuntesdesanluis.com\/index.php\/2025\/01\/04\/tremendo-accidente-en-la-autopista-dos-familias-lesionadas\/#breadcrumb\",\"itemListElement\":[{\"@type\":\"ListItem\",\"position\":1,\"name\":\"Inicio\",\"item\":\"https:\/\/apuntesdesanluis.com\/\"},{\"@type\":\"ListItem\",\"position\":2,\"name\":\"TREMENDO ACCIDENTE EN LA AUTOPISTA: DOS FAMILIAS LESIONADAS\"}]},{\"@type\":\"WebSite\",\"@id\":\"https:\/\/apuntesdesanluis.com\/#website\",\"url\":\"https:\/\/apuntesdesanluis.com\/\",\"name\":\"Apuntes de San Luis\",\"description\":\"\",\"publisher\":{\"@id\":\"https:\/\/apuntesdesanluis.com\/#\/schema\/person\/b55151d52296fcce64d1a72538a70b90\"},\"potentialAction\":[{\"@type\":\"SearchAction\",\"target\":{\"@type\":\"EntryPoint\",\"urlTemplate\":\"https:\/\/apuntesdesanluis.com\/?s={search_term_string}\"},\"query-input\":{\"@type\":\"PropertyValueSpecification\",\"valueRequired\":true,\"valueName\":\"search_term_string\"}}],\"inLanguage\":\"es-AR\"},{\"@type\":[\"Person\",\"Organization\"],\"@id\":\"https:\/\/apuntesdesanluis.com\/#\/schema\/person\/b55151d52296fcce64d1a72538a70b90\",\"name\":\"apuntesdesanluis.com\",\"image\":{\"@type\":\"ImageObject\",\"inLanguage\":\"es-AR\",\"@id\":\"https:\/\/apuntesdesanluis.com\/#\/schema\/person\/image\/\",\"url\":\"https:\/\/apuntesdesanluis.com\/wp-content\/uploads\/2023\/07\/cropped-apuntesdesanluis.png\",\"contentUrl\":\"https:\/\/apuntesdesanluis.com\/wp-content\/uploads\/2023\/07\/cropped-apuntesdesanluis.png\",\"width\":450,\"height\":112,\"caption\":\"apuntesdesanluis.com\"},\"logo\":{\"@id\":\"https:\/\/apuntesdesanluis.com\/#\/schema\/person\/image\/\"},\"sameAs\":[\"https:\/\/apuntesdesanluis.com\"],\"url\":\"https:\/\/apuntesdesanluis.com\/index.php\/author\/apuntesdesanluis-com\/\"}]}<\/script>\n<!-- \/ Yoast SEO plugin. -->","yoast_head_json":{"title":"TREMENDO ACCIDENTE EN LA AUTOPISTA: DOS FAMILIAS LESIONADAS - Apuntes de San Luis","robots":{"index":"index","follow":"follow","max-snippet":"max-snippet:-1","max-image-preview":"max-image-preview:large","max-video-preview":"max-video-preview:-1"},"canonical":"https:\/\/apuntesdesanluis.com\/index.php\/2025\/01\/04\/tremendo-accidente-en-la-autopista-dos-familias-lesionadas\/","og_locale":"es_ES","og_type":"article","og_title":"TREMENDO ACCIDENTE EN LA AUTOPISTA: DOS FAMILIAS LESIONADAS - Apuntes de San Luis","og_description":"Este s\u00e1bado, alrededor de las 13:30, se produjo un accidente de tr\u00e1nsito en el kil\u00f3metro...","og_url":"https:\/\/apuntesdesanluis.com\/index.php\/2025\/01\/04\/tremendo-accidente-en-la-autopista-dos-familias-lesionadas\/","og_site_name":"Apuntes de San Luis","article_published_time":"2025-01-04T23:54:12+00:00","og_image":[{"width":700,"height":405,"url":"https:\/\/apuntesdesanluis.com\/wp-content\/uploads\/2025\/01\/Imagen-de-WhatsApp-2025-01-04-a-las-19.30.22_57d5648f.jpg","type":"image\/jpeg"}],"author":"apuntesdesanluis.com","twitter_card":"summary_large_image","twitter_misc":{"Escrito por":"apuntesdesanluis.com","Tiempo de lectura":"2 minutos"},"schema":{"@context":"https:\/\/schema.org","@graph":[{"@type":"Article","@id":"https:\/\/apuntesdesanluis.com\/index.php\/2025\/01\/04\/tremendo-accidente-en-la-autopista-dos-familias-lesionadas\/#article","isPartOf":{"@id":"https:\/\/apuntesdesanluis.com\/index.php\/2025\/01\/04\/tremendo-accidente-en-la-autopista-dos-familias-lesionadas\/"},"author":{"name":"apuntesdesanluis.com","@id":"https:\/\/apuntesdesanluis.com\/#\/schema\/person\/b55151d52296fcce64d1a72538a70b90"},"headline":"TREMENDO ACCIDENTE EN LA AUTOPISTA: DOS FAMILIAS LESIONADAS","datePublished":"2025-01-04T23:54:12+00:00","mainEntityOfPage":{"@id":"https:\/\/apuntesdesanluis.com\/index.php\/2025\/01\/04\/tremendo-accidente-en-la-autopista-dos-familias-lesionadas\/"},"wordCount":270,"publisher":{"@id":"https:\/\/apuntesdesanluis.com\/#\/schema\/person\/b55151d52296fcce64d1a72538a70b90"},"image":{"@id":"https:\/\/apuntesdesanluis.com\/index.php\/2025\/01\/04\/tremendo-accidente-en-la-autopista-dos-familias-lesionadas\/#primaryimage"},"thumbnailUrl":"https:\/\/apuntesdesanluis.com\/wp-content\/uploads\/2025\/01\/Imagen-de-WhatsApp-2025-01-04-a-las-19.30.22_57d5648f.jpg","articleSection":["Ciudad\/Provincia"],"inLanguage":"es-AR"},{"@type":"WebPage","@id":"https:\/\/apuntesdesanluis.com\/index.php\/2025\/01\/04\/tremendo-accidente-en-la-autopista-dos-familias-lesionadas\/","url":"https:\/\/apuntesdesanluis.com\/index.php\/2025\/01\/04\/tremendo-accidente-en-la-autopista-dos-familias-lesionadas\/","name":"TREMENDO ACCIDENTE EN LA AUTOPISTA: DOS FAMILIAS LESIONADAS - Apuntes de San Luis","isPartOf":{"@id":"https:\/\/apuntesdesanluis.com\/#website"},"primaryImageOfPage":{"@id":"https:\/\/apuntesdesanluis.com\/index.php\/2025\/01\/04\/tremendo-accidente-en-la-autopista-dos-familias-lesionadas\/#primaryimage"},"image":{"@id":"https:\/\/apuntesdesanluis.com\/index.php\/2025\/01\/04\/tremendo-accidente-en-la-autopista-dos-familias-lesionadas\/#primaryimage"},"thumbnailUrl":"https:\/\/apuntesdesanluis.com\/wp-content\/uploads\/2025\/01\/Imagen-de-WhatsApp-2025-01-04-a-las-19.30.22_57d5648f.jpg","datePublished":"2025-01-04T23:54:12+00:00","breadcrumb":{"@id":"https:\/\/apuntesdesanluis.com\/index.php\/2025\/01\/04\/tremendo-accidente-en-la-autopista-dos-familias-lesionadas\/#breadcrumb"},"inLanguage":"es-AR","potentialAction":[{"@type":"ReadAction","target":["https:\/\/apuntesdesanluis.com\/index.php\/2025\/01\/04\/tremendo-accidente-en-la-autopista-dos-familias-lesionadas\/"]}]},{"@type":"ImageObject","inLanguage":"es-AR","@id":"https:\/\/apuntesdesanluis.com\/index.php\/2025\/01\/04\/tremendo-accidente-en-la-autopista-dos-familias-lesionadas\/#primaryimage","url":"https:\/\/apuntesdesanluis.com\/wp-content\/uploads\/2025\/01\/Imagen-de-WhatsApp-2025-01-04-a-las-19.30.22_57d5648f.jpg","contentUrl":"https:\/\/apuntesdesanluis.com\/wp-content\/uploads\/2025\/01\/Imagen-de-WhatsApp-2025-01-04-a-las-19.30.22_57d5648f.jpg","width":700,"height":405},{"@type":"BreadcrumbList","@id":"https:\/\/apuntesdesanluis.com\/index.php\/2025\/01\/04\/tremendo-accidente-en-la-autopista-dos-familias-lesionadas\/#breadcrumb","itemListElement":[{"@type":"ListItem","position":1,"name":"Inicio","item":"https:\/\/apuntesdesanluis.com\/"},{"@type":"ListItem","position":2,"name":"TREMENDO ACCIDENTE EN LA AUTOPISTA: DOS FAMILIAS LESIONADAS"}]},{"@type":"WebSite","@id":"https:\/\/apuntesdesanluis.com\/#website","url":"https:\/\/apuntesdesanluis.com\/","name":"Apuntes de San Luis","description":"","publisher":{"@id":"https:\/\/apuntesdesanluis.com\/#\/schema\/person\/b55151d52296fcce64d1a72538a70b90"},"potentialAction":[{"@type":"SearchAction","target":{"@type":"EntryPoint","urlTemplate":"https:\/\/apuntesdesanluis.com\/?s={search_term_string}"},"query-input":{"@type":"PropertyValueSpecification","valueRequired":true,"valueName":"search_term_string"}}],"inLanguage":"es-AR"},{"@type":["Person","Organization"],"@id":"https:\/\/apuntesdesanluis.com\/#\/schema\/person\/b55151d52296fcce64d1a72538a70b90","name":"apuntesdesanluis.com","image":{"@type":"ImageObject","inLanguage":"es-AR","@id":"https:\/\/apuntesdesanluis.com\/#\/schema\/person\/image\/","url":"https:\/\/apuntesdesanluis.com\/wp-content\/uploads\/2023\/07\/cropped-apuntesdesanluis.png","contentUrl":"https:\/\/apuntesdesanluis.com\/wp-content\/uploads\/2023\/07\/cropped-apuntesdesanluis.png","width":450,"height":112,"caption":"apuntesdesanluis.com"},"logo":{"@id":"https:\/\/apuntesdesanluis.com\/#\/schema\/person\/image\/"},"sameAs":["https:\/\/apuntesdesanluis.com"],"url":"https:\/\/apuntesdesanluis.com\/index.php\/author\/apuntesdesanluis-com\/"}]}},"featured_image_urls":{"full":["https:\/\/apuntesdesanluis.com\/wp-content\/uploads\/2025\/01\/Imagen-de-WhatsApp-2025-01-04-a-las-19.30.22_57d5648f.jpg",700,405,false],"thumbnail":["https:\/\/apuntesdesanluis.com\/wp-content\/uploads\/2025\/01\/Imagen-de-WhatsApp-2025-01-04-a-las-19.30.22_57d5648f-150x150.jpg",150,150,true],"medium":["https:\/\/apuntesdesanluis.com\/wp-content\/uploads\/2025\/01\/Imagen-de-WhatsApp-2025-01-04-a-las-19.30.22_57d5648f-300x174.jpg",300,174,true],"medium_large":["https:\/\/apuntesdesanluis.com\/wp-content\/uploads\/2025\/01\/Imagen-de-WhatsApp-2025-01-04-a-las-19.30.22_57d5648f.jpg",640,370,false],"large":["https:\/\/apuntesdesanluis.com\/wp-content\/uploads\/2025\/01\/Imagen-de-WhatsApp-2025-01-04-a-las-19.30.22_57d5648f.jpg",640,370,false],"1536x1536":["https:\/\/apuntesdesanluis.com\/wp-content\/uploads\/2025\/01\/Imagen-de-WhatsApp-2025-01-04-a-las-19.30.22_57d5648f.jpg",700,405,false],"2048x2048":["https:\/\/apuntesdesanluis.com\/wp-content\/uploads\/2025\/01\/Imagen-de-WhatsApp-2025-01-04-a-las-19.30.22_57d5648f.jpg",700,405,false],"newsever-slider-full":["https:\/\/apuntesdesanluis.com\/wp-content\/uploads\/2025\/01\/Imagen-de-WhatsApp-2025-01-04-a-las-19.30.22_57d5648f.jpg",700,405,false],"newsever-featured":["https:\/\/apuntesdesanluis.com\/wp-content\/uploads\/2025\/01\/Imagen-de-WhatsApp-2025-01-04-a-las-19.30.22_57d5648f.jpg",700,405,false],"newsever-medium":["https:\/\/apuntesdesanluis.com\/wp-content\/uploads\/2025\/01\/Imagen-de-WhatsApp-2025-01-04-a-las-19.30.22_57d5648f.jpg",700,405,false]},"author_info":{"display_name":"apuntesdesanluis.com","author_link":"https:\/\/apuntesdesanluis.com\/index.php\/author\/apuntesdesanluis-com\/"},"category_info":"<a href=\"https:\/\/apuntesdesanluis.com\/index.php\/category\/ciudad-provincia\/\" rel=\"category tag\">Ciudad\/Provincia<\/a>","tag_info":"Ciudad\/Provincia","comment_count":"0","_links":{"self":[{"href":"https:\/\/apuntesdesanluis.com\/index.php\/wp-json\/wp\/v2\/posts\/27617","targetHints":{"allow":["GET"]}}],"collection":[{"href":"https:\/\/apuntesdesanluis.com\/index.php\/wp-json\/wp\/v2\/posts"}],"about":[{"href":"https:\/\/apuntesdesanluis.com\/index.php\/wp-json\/wp\/v2\/types\/post"}],"author":[{"embeddable":true,"href":"https:\/\/apuntesdesanluis.com\/index.php\/wp-json\/wp\/v2\/users\/1"}],"replies":[{"embeddable":true,"href":"https:\/\/apuntesdesanluis.com\/index.php\/wp-json\/wp\/v2\/comments?post=27617"}],"version-history":[{"count":1,"href":"https:\/\/apuntesdesanluis.com\/index.php\/wp-json\/wp\/v2\/posts\/27617\/revisions"}],"predecessor-version":[{"id":27620,"href":"https:\/\/apuntesdesanluis.com\/index.php\/wp-json\/wp\/v2\/posts\/27617\/revisions\/27620"}],"wp:featuredmedia":[{"embeddable":true,"href":"https:\/\/apuntesdesanluis.com\/index.php\/wp-json\/wp\/v2\/media\/27618"}],"wp:attachment":[{"href":"https:\/\/apuntesdesanluis.com\/index.php\/wp-json\/wp\/v2\/media?parent=27617"}],"wp:term":[{"taxonomy":"category","embeddable":true,"href":"https:\/\/apuntesdesanluis.com\/index.php\/wp-json\/wp\/v2\/categories?post=27617"},{"taxonomy":"post_tag","embeddable":true,"href":"https:\/\/apuntesdesanluis.com\/index.php\/wp-json\/wp\/v2\/tags?post=27617"}],"curies":[{"name":"wp","href":"https:\/\/api.w.org\/{rel}","templated":true}]}}