{"id":27621,"date":"2025-01-04T21:00:27","date_gmt":"2025-01-05T00:00:27","guid":{"rendered":"https:\/\/apuntesdesanluis.com\/?p=27621"},"modified":"2025-01-04T21:00:27","modified_gmt":"2025-01-05T00:00:27","slug":"a-mediados-de-enero-comienza-la-vacunacion-contra-el-dengue-en-san-luis","status":"publish","type":"post","link":"https:\/\/apuntesdesanluis.com\/index.php\/2025\/01\/04\/a-mediados-de-enero-comienza-la-vacunacion-contra-el-dengue-en-san-luis\/","title":{"rendered":"A MEDIADOS DE ENERO COMIENZA LA VACUNACI\u00d3N CONTRA EL DENGUE EN SAN LUIS"},"content":{"rendered":"<h3>El ministerio de Salud de la provincia de San Luis implementar\u00e1 la vacuna contra el dengue, llamada \u2018Qdenga\u2019, a partir de mediados de enero de 2025, enfoc\u00e1ndose en profesionales de la salud y personas que hayan padecido la enfermedad durante la temporada 2023-2024. Se estima que m\u00e1s de tres mil pacientes recibir\u00e1n la primera dosis.<\/h3>\n<h3>La OMS recomienda vacunar a personas que hayan tenido dengue, con edades entre 5 y 60 a\u00f1os.<\/h3>\n<h3><strong>\u00bfQui\u00e9nes recibir\u00e1n la vacuna?<\/strong><\/h3>\n<h3>La vacunaci\u00f3n est\u00e1 dirigida a:<\/h3>\n<h3>Personas que hayan sido registradas como casos positivos de dengue en el sistema SISA en 2023-2024.<\/h3>\n<h3>Personas que puedan presentar un certificado m\u00e9dico y resultados de laboratorio que confirmen el diagn\u00f3stico de dengue.<\/h3>\n<h3>Pacientes que sean notificados y que ya se hayan aplicado una dosis podr\u00e1n recibir el refuerzo de segunda dosis correspondiente.<\/h3>\n<p><img fetchpriority=\"high\" decoding=\"async\" class=\"wp-image-27623 aligncenter\" src=\"https:\/\/apuntesdesanluis.com\/wp-content\/uploads\/2025\/01\/QDENGA-300x184.png\" alt=\"\" width=\"634\" height=\"389\" srcset=\"https:\/\/apuntesdesanluis.com\/wp-content\/uploads\/2025\/01\/QDENGA-300x184.png 300w, https:\/\/apuntesdesanluis.com\/wp-content\/uploads\/2025\/01\/QDENGA.png 667w\" sizes=\"(max-width: 634px) 100vw, 634px\" \/><\/p>\n<h3>La Organizaci\u00f3n Mundial de la Salud (OMS) recomienda vacunar a personas que hayan tenido dengue, con edades comprendidas entre 5 y 60 a\u00f1os.<\/h3>\n<h3>La vacuna no est\u00e1 indicada en los siguientes casos:<\/h3>\n<h3>Menores de 5 a\u00f1os.<\/h3>\n<h3>Mayores de 60 a\u00f1os.<\/h3>\n<h3>Personas con inmunodeficiencia cong\u00e9nita o adquirida, infecci\u00f3n por VIH, embarazadas y en per\u00edodo de lactancia, debido a que no deben recibir vacunas de virus vivos.<\/h3>\n<h3>Hipersensibilidad a los principios activos o a cualquiera de los excipientes de una dosis previa de \u2018Qdenga\u2019.<\/h3>\n<h3>Proceso de vacunaci\u00f3n<\/h3>\n<h3>Contacto por mensaje de texto: el ministerio de Salud se comunicar\u00e1 con los pacientes registrados en el SISA a trav\u00e9s de un mensaje de texto, informando la fecha, hora y lugar donde deber\u00e1n acudir para recibir la vacuna, que se colocar\u00e1 de manera gratuita.<\/h3>\n<h3>Vacunatorios de referencia: las dosis se aplicar\u00e1n exclusivamente a las personas que figuren en las n\u00f3minas entregadas a los vacunatorios. Los hospitales de referencia ser\u00e1n designados seg\u00fan la proximidad al domicilio de cada paciente.<\/h3>\n<h3>Casos no registrados en SISA: aquellas personas no notificadas en el sistema solo podr\u00e1n vacunarse si presentan un certificado m\u00e9dico acompa\u00f1ado del resultado de laboratorio que confirme la infecci\u00f3n por dengue.<\/h3>\n<h3>En la provincia se registraron 3.111 pacientes con dengue en el grupo de edad de 5 a 59 a\u00f1os y 566 personas mayores de 60 a\u00f1os infectadas. Este \u00faltimo grupo no est\u00e1 incluido en el plan de vacunaci\u00f3n.<\/h3>\n<h3><strong>IMPORTANCIA DE LA VACUNACI\u00d3N<\/strong><\/h3>\n<h3>El dengue suele causar s\u00edntomas leves o incluso pasar desapercibido. Sin embargo, en casos menos frecuentes, puede agravarse y ser potencialmente mortal. Las personas que se infectan por segunda vez tienen mayor riesgo de sufrir complicaciones graves, lo que hace fundamental recibir la vacuna.<\/h3>\n<h3><\/h3>\n<h3><\/h3>\n<p>&nbsp;<\/p>\n","protected":false},"excerpt":{"rendered":"<p>El ministerio de Salud de la provincia de San Luis implementar\u00e1 la vacuna contra el&#8230;<\/p>\n","protected":false},"author":1,"featured_media":27622,"comment_status":"closed","ping_status":"closed","sticky":false,"template":"","format":"standard","meta":{"footnotes":""},"categories":[6],"tags":[],"class_list":["post-27621","post","type-post","status-publish","format-standard","has-post-thumbnail","hentry","category-ciudad-provincia"],"yoast_head":"<!-- This site is optimized with the Yoast SEO plugin v26.1.1 - https:\/\/yoast.com\/wordpress\/plugins\/seo\/ -->\n<title>A MEDIADOS DE ENERO COMIENZA LA VACUNACI\u00d3N CONTRA EL DENGUE EN SAN LUIS - Apuntes de San Luis<\/title>\n<meta name=\"robots\" content=\"index, follow, max-snippet:-1, max-image-preview:large, max-video-preview:-1\" \/>\n<link rel=\"canonical\" href=\"https:\/\/apuntesdesanluis.com\/index.php\/2025\/01\/04\/a-mediados-de-enero-comienza-la-vacunacion-contra-el-dengue-en-san-luis\/\" \/>\n<meta property=\"og:locale\" content=\"es_ES\" \/>\n<meta property=\"og:type\" content=\"article\" \/>\n<meta property=\"og:title\" content=\"A MEDIADOS DE ENERO COMIENZA LA VACUNACI\u00d3N CONTRA EL DENGUE EN SAN LUIS - Apuntes de San Luis\" \/>\n<meta property=\"og:description\" content=\"El ministerio de Salud de la provincia de San Luis implementar\u00e1 la vacuna contra el...\" \/>\n<meta property=\"og:url\" content=\"https:\/\/apuntesdesanluis.com\/index.php\/2025\/01\/04\/a-mediados-de-enero-comienza-la-vacunacion-contra-el-dengue-en-san-luis\/\" \/>\n<meta property=\"og:site_name\" content=\"Apuntes de San Luis\" \/>\n<meta property=\"article:published_time\" content=\"2025-01-05T00:00:27+00:00\" \/>\n<meta property=\"og:image\" content=\"https:\/\/apuntesdesanluis.com\/wp-content\/uploads\/2025\/01\/VACUNANDO.png\" \/>\n\t<meta property=\"og:image:width\" content=\"612\" \/>\n\t<meta property=\"og:image:height\" content=\"400\" \/>\n\t<meta property=\"og:image:type\" content=\"image\/png\" \/>\n<meta name=\"author\" content=\"apuntesdesanluis.com\" \/>\n<meta name=\"twitter:card\" content=\"summary_large_image\" \/>\n<meta name=\"twitter:label1\" content=\"Escrito por\" \/>\n\t<meta name=\"twitter:data1\" content=\"apuntesdesanluis.com\" \/>\n\t<meta name=\"twitter:label2\" content=\"Tiempo de lectura\" \/>\n\t<meta name=\"twitter:data2\" content=\"3 minutos\" \/>\n<script type=\"application\/ld+json\" class=\"yoast-schema-graph\">{\"@context\":\"https:\/\/schema.org\",\"@graph\":[{\"@type\":\"Article\",\"@id\":\"https:\/\/apuntesdesanluis.com\/index.php\/2025\/01\/04\/a-mediados-de-enero-comienza-la-vacunacion-contra-el-dengue-en-san-luis\/#article\",\"isPartOf\":{\"@id\":\"https:\/\/apuntesdesanluis.com\/index.php\/2025\/01\/04\/a-mediados-de-enero-comienza-la-vacunacion-contra-el-dengue-en-san-luis\/\"},\"author\":{\"name\":\"apuntesdesanluis.com\",\"@id\":\"https:\/\/apuntesdesanluis.com\/#\/schema\/person\/b55151d52296fcce64d1a72538a70b90\"},\"headline\":\"A MEDIADOS DE ENERO COMIENZA LA VACUNACI\u00d3N CONTRA EL DENGUE EN SAN LUIS\",\"datePublished\":\"2025-01-05T00:00:27+00:00\",\"mainEntityOfPage\":{\"@id\":\"https:\/\/apuntesdesanluis.com\/index.php\/2025\/01\/04\/a-mediados-de-enero-comienza-la-vacunacion-contra-el-dengue-en-san-luis\/\"},\"wordCount\":450,\"publisher\":{\"@id\":\"https:\/\/apuntesdesanluis.com\/#\/schema\/person\/b55151d52296fcce64d1a72538a70b90\"},\"image\":{\"@id\":\"https:\/\/apuntesdesanluis.com\/index.php\/2025\/01\/04\/a-mediados-de-enero-comienza-la-vacunacion-contra-el-dengue-en-san-luis\/#primaryimage\"},\"thumbnailUrl\":\"https:\/\/apuntesdesanluis.com\/wp-content\/uploads\/2025\/01\/VACUNANDO.png\",\"articleSection\":[\"Ciudad\/Provincia\"],\"inLanguage\":\"es-AR\"},{\"@type\":\"WebPage\",\"@id\":\"https:\/\/apuntesdesanluis.com\/index.php\/2025\/01\/04\/a-mediados-de-enero-comienza-la-vacunacion-contra-el-dengue-en-san-luis\/\",\"url\":\"https:\/\/apuntesdesanluis.com\/index.php\/2025\/01\/04\/a-mediados-de-enero-comienza-la-vacunacion-contra-el-dengue-en-san-luis\/\",\"name\":\"A MEDIADOS DE ENERO COMIENZA LA VACUNACI\u00d3N CONTRA EL DENGUE EN SAN LUIS - Apuntes de San Luis\",\"isPartOf\":{\"@id\":\"https:\/\/apuntesdesanluis.com\/#website\"},\"primaryImageOfPage\":{\"@id\":\"https:\/\/apuntesdesanluis.com\/index.php\/2025\/01\/04\/a-mediados-de-enero-comienza-la-vacunacion-contra-el-dengue-en-san-luis\/#primaryimage\"},\"image\":{\"@id\":\"https:\/\/apuntesdesanluis.com\/index.php\/2025\/01\/04\/a-mediados-de-enero-comienza-la-vacunacion-contra-el-dengue-en-san-luis\/#primaryimage\"},\"thumbnailUrl\":\"https:\/\/apuntesdesanluis.com\/wp-content\/uploads\/2025\/01\/VACUNANDO.png\",\"datePublished\":\"2025-01-05T00:00:27+00:00\",\"breadcrumb\":{\"@id\":\"https:\/\/apuntesdesanluis.com\/index.php\/2025\/01\/04\/a-mediados-de-enero-comienza-la-vacunacion-contra-el-dengue-en-san-luis\/#breadcrumb\"},\"inLanguage\":\"es-AR\",\"potentialAction\":[{\"@type\":\"ReadAction\",\"target\":[\"https:\/\/apuntesdesanluis.com\/index.php\/2025\/01\/04\/a-mediados-de-enero-comienza-la-vacunacion-contra-el-dengue-en-san-luis\/\"]}]},{\"@type\":\"ImageObject\",\"inLanguage\":\"es-AR\",\"@id\":\"https:\/\/apuntesdesanluis.com\/index.php\/2025\/01\/04\/a-mediados-de-enero-comienza-la-vacunacion-contra-el-dengue-en-san-luis\/#primaryimage\",\"url\":\"https:\/\/apuntesdesanluis.com\/wp-content\/uploads\/2025\/01\/VACUNANDO.png\",\"contentUrl\":\"https:\/\/apuntesdesanluis.com\/wp-content\/uploads\/2025\/01\/VACUNANDO.png\",\"width\":612,\"height\":400},{\"@type\":\"BreadcrumbList\",\"@id\":\"https:\/\/apuntesdesanluis.com\/index.php\/2025\/01\/04\/a-mediados-de-enero-comienza-la-vacunacion-contra-el-dengue-en-san-luis\/#breadcrumb\",\"itemListElement\":[{\"@type\":\"ListItem\",\"position\":1,\"name\":\"Inicio\",\"item\":\"https:\/\/apuntesdesanluis.com\/\"},{\"@type\":\"ListItem\",\"position\":2,\"name\":\"A MEDIADOS DE ENERO COMIENZA LA VACUNACI\u00d3N CONTRA EL DENGUE EN SAN LUIS\"}]},{\"@type\":\"WebSite\",\"@id\":\"https:\/\/apuntesdesanluis.com\/#website\",\"url\":\"https:\/\/apuntesdesanluis.com\/\",\"name\":\"Apuntes de San Luis\",\"description\":\"\",\"publisher\":{\"@id\":\"https:\/\/apuntesdesanluis.com\/#\/schema\/person\/b55151d52296fcce64d1a72538a70b90\"},\"potentialAction\":[{\"@type\":\"SearchAction\",\"target\":{\"@type\":\"EntryPoint\",\"urlTemplate\":\"https:\/\/apuntesdesanluis.com\/?s={search_term_string}\"},\"query-input\":{\"@type\":\"PropertyValueSpecification\",\"valueRequired\":true,\"valueName\":\"search_term_string\"}}],\"inLanguage\":\"es-AR\"},{\"@type\":[\"Person\",\"Organization\"],\"@id\":\"https:\/\/apuntesdesanluis.com\/#\/schema\/person\/b55151d52296fcce64d1a72538a70b90\",\"name\":\"apuntesdesanluis.com\",\"image\":{\"@type\":\"ImageObject\",\"inLanguage\":\"es-AR\",\"@id\":\"https:\/\/apuntesdesanluis.com\/#\/schema\/person\/image\/\",\"url\":\"https:\/\/apuntesdesanluis.com\/wp-content\/uploads\/2023\/07\/cropped-apuntesdesanluis.png\",\"contentUrl\":\"https:\/\/apuntesdesanluis.com\/wp-content\/uploads\/2023\/07\/cropped-apuntesdesanluis.png\",\"width\":450,\"height\":112,\"caption\":\"apuntesdesanluis.com\"},\"logo\":{\"@id\":\"https:\/\/apuntesdesanluis.com\/#\/schema\/person\/image\/\"},\"sameAs\":[\"https:\/\/apuntesdesanluis.com\"],\"url\":\"https:\/\/apuntesdesanluis.com\/index.php\/author\/apuntesdesanluis-com\/\"}]}<\/script>\n<!-- \/ Yoast SEO plugin. -->","yoast_head_json":{"title":"A MEDIADOS DE ENERO COMIENZA LA VACUNACI\u00d3N CONTRA EL DENGUE EN SAN LUIS - Apuntes de San Luis","robots":{"index":"index","follow":"follow","max-snippet":"max-snippet:-1","max-image-preview":"max-image-preview:large","max-video-preview":"max-video-preview:-1"},"canonical":"https:\/\/apuntesdesanluis.com\/index.php\/2025\/01\/04\/a-mediados-de-enero-comienza-la-vacunacion-contra-el-dengue-en-san-luis\/","og_locale":"es_ES","og_type":"article","og_title":"A MEDIADOS DE ENERO COMIENZA LA VACUNACI\u00d3N CONTRA EL DENGUE EN SAN LUIS - Apuntes de San Luis","og_description":"El ministerio de Salud de la provincia de San Luis implementar\u00e1 la vacuna contra el...","og_url":"https:\/\/apuntesdesanluis.com\/index.php\/2025\/01\/04\/a-mediados-de-enero-comienza-la-vacunacion-contra-el-dengue-en-san-luis\/","og_site_name":"Apuntes de San Luis","article_published_time":"2025-01-05T00:00:27+00:00","og_image":[{"width":612,"height":400,"url":"https:\/\/apuntesdesanluis.com\/wp-content\/uploads\/2025\/01\/VACUNANDO.png","type":"image\/png"}],"author":"apuntesdesanluis.com","twitter_card":"summary_large_image","twitter_misc":{"Escrito por":"apuntesdesanluis.com","Tiempo de lectura":"3 minutos"},"schema":{"@context":"https:\/\/schema.org","@graph":[{"@type":"Article","@id":"https:\/\/apuntesdesanluis.com\/index.php\/2025\/01\/04\/a-mediados-de-enero-comienza-la-vacunacion-contra-el-dengue-en-san-luis\/#article","isPartOf":{"@id":"https:\/\/apuntesdesanluis.com\/index.php\/2025\/01\/04\/a-mediados-de-enero-comienza-la-vacunacion-contra-el-dengue-en-san-luis\/"},"author":{"name":"apuntesdesanluis.com","@id":"https:\/\/apuntesdesanluis.com\/#\/schema\/person\/b55151d52296fcce64d1a72538a70b90"},"headline":"A MEDIADOS DE ENERO COMIENZA LA VACUNACI\u00d3N CONTRA EL DENGUE EN SAN LUIS","datePublished":"2025-01-05T00:00:27+00:00","mainEntityOfPage":{"@id":"https:\/\/apuntesdesanluis.com\/index.php\/2025\/01\/04\/a-mediados-de-enero-comienza-la-vacunacion-contra-el-dengue-en-san-luis\/"},"wordCount":450,"publisher":{"@id":"https:\/\/apuntesdesanluis.com\/#\/schema\/person\/b55151d52296fcce64d1a72538a70b90"},"image":{"@id":"https:\/\/apuntesdesanluis.com\/index.php\/2025\/01\/04\/a-mediados-de-enero-comienza-la-vacunacion-contra-el-dengue-en-san-luis\/#primaryimage"},"thumbnailUrl":"https:\/\/apuntesdesanluis.com\/wp-content\/uploads\/2025\/01\/VACUNANDO.png","articleSection":["Ciudad\/Provincia"],"inLanguage":"es-AR"},{"@type":"WebPage","@id":"https:\/\/apuntesdesanluis.com\/index.php\/2025\/01\/04\/a-mediados-de-enero-comienza-la-vacunacion-contra-el-dengue-en-san-luis\/","url":"https:\/\/apuntesdesanluis.com\/index.php\/2025\/01\/04\/a-mediados-de-enero-comienza-la-vacunacion-contra-el-dengue-en-san-luis\/","name":"A MEDIADOS DE ENERO COMIENZA LA VACUNACI\u00d3N CONTRA EL DENGUE EN SAN LUIS - Apuntes de San Luis","isPartOf":{"@id":"https:\/\/apuntesdesanluis.com\/#website"},"primaryImageOfPage":{"@id":"https:\/\/apuntesdesanluis.com\/index.php\/2025\/01\/04\/a-mediados-de-enero-comienza-la-vacunacion-contra-el-dengue-en-san-luis\/#primaryimage"},"image":{"@id":"https:\/\/apuntesdesanluis.com\/index.php\/2025\/01\/04\/a-mediados-de-enero-comienza-la-vacunacion-contra-el-dengue-en-san-luis\/#primaryimage"},"thumbnailUrl":"https:\/\/apuntesdesanluis.com\/wp-content\/uploads\/2025\/01\/VACUNANDO.png","datePublished":"2025-01-05T00:00:27+00:00","breadcrumb":{"@id":"https:\/\/apuntesdesanluis.com\/index.php\/2025\/01\/04\/a-mediados-de-enero-comienza-la-vacunacion-contra-el-dengue-en-san-luis\/#breadcrumb"},"inLanguage":"es-AR","potentialAction":[{"@type":"ReadAction","target":["https:\/\/apuntesdesanluis.com\/index.php\/2025\/01\/04\/a-mediados-de-enero-comienza-la-vacunacion-contra-el-dengue-en-san-luis\/"]}]},{"@type":"ImageObject","inLanguage":"es-AR","@id":"https:\/\/apuntesdesanluis.com\/index.php\/2025\/01\/04\/a-mediados-de-enero-comienza-la-vacunacion-contra-el-dengue-en-san-luis\/#primaryimage","url":"https:\/\/apuntesdesanluis.com\/wp-content\/uploads\/2025\/01\/VACUNANDO.png","contentUrl":"https:\/\/apuntesdesanluis.com\/wp-content\/uploads\/2025\/01\/VACUNANDO.png","width":612,"height":400},{"@type":"BreadcrumbList","@id":"https:\/\/apuntesdesanluis.com\/index.php\/2025\/01\/04\/a-mediados-de-enero-comienza-la-vacunacion-contra-el-dengue-en-san-luis\/#breadcrumb","itemListElement":[{"@type":"ListItem","position":1,"name":"Inicio","item":"https:\/\/apuntesdesanluis.com\/"},{"@type":"ListItem","position":2,"name":"A MEDIADOS DE ENERO COMIENZA LA VACUNACI\u00d3N CONTRA EL DENGUE EN SAN LUIS"}]},{"@type":"WebSite","@id":"https:\/\/apuntesdesanluis.com\/#website","url":"https:\/\/apuntesdesanluis.com\/","name":"Apuntes de San Luis","description":"","publisher":{"@id":"https:\/\/apuntesdesanluis.com\/#\/schema\/person\/b55151d52296fcce64d1a72538a70b90"},"potentialAction":[{"@type":"SearchAction","target":{"@type":"EntryPoint","urlTemplate":"https:\/\/apuntesdesanluis.com\/?s={search_term_string}"},"query-input":{"@type":"PropertyValueSpecification","valueRequired":true,"valueName":"search_term_string"}}],"inLanguage":"es-AR"},{"@type":["Person","Organization"],"@id":"https:\/\/apuntesdesanluis.com\/#\/schema\/person\/b55151d52296fcce64d1a72538a70b90","name":"apuntesdesanluis.com","image":{"@type":"ImageObject","inLanguage":"es-AR","@id":"https:\/\/apuntesdesanluis.com\/#\/schema\/person\/image\/","url":"https:\/\/apuntesdesanluis.com\/wp-content\/uploads\/2023\/07\/cropped-apuntesdesanluis.png","contentUrl":"https:\/\/apuntesdesanluis.com\/wp-content\/uploads\/2023\/07\/cropped-apuntesdesanluis.png","width":450,"height":112,"caption":"apuntesdesanluis.com"},"logo":{"@id":"https:\/\/apuntesdesanluis.com\/#\/schema\/person\/image\/"},"sameAs":["https:\/\/apuntesdesanluis.com"],"url":"https:\/\/apuntesdesanluis.com\/index.php\/author\/apuntesdesanluis-com\/"}]}},"featured_image_urls":{"full":["https:\/\/apuntesdesanluis.com\/wp-content\/uploads\/2025\/01\/VACUNANDO.png",612,400,false],"thumbnail":["https:\/\/apuntesdesanluis.com\/wp-content\/uploads\/2025\/01\/VACUNANDO-150x150.png",150,150,true],"medium":["https:\/\/apuntesdesanluis.com\/wp-content\/uploads\/2025\/01\/VACUNANDO-300x196.png",300,196,true],"medium_large":["https:\/\/apuntesdesanluis.com\/wp-content\/uploads\/2025\/01\/VACUNANDO.png",612,400,false],"large":["https:\/\/apuntesdesanluis.com\/wp-content\/uploads\/2025\/01\/VACUNANDO.png",612,400,false],"1536x1536":["https:\/\/apuntesdesanluis.com\/wp-content\/uploads\/2025\/01\/VACUNANDO.png",612,400,false],"2048x2048":["https:\/\/apuntesdesanluis.com\/wp-content\/uploads\/2025\/01\/VACUNANDO.png",612,400,false],"newsever-slider-full":["https:\/\/apuntesdesanluis.com\/wp-content\/uploads\/2025\/01\/VACUNANDO.png",612,400,false],"newsever-featured":["https:\/\/apuntesdesanluis.com\/wp-content\/uploads\/2025\/01\/VACUNANDO.png",612,400,false],"newsever-medium":["https:\/\/apuntesdesanluis.com\/wp-content\/uploads\/2025\/01\/VACUNANDO.png",612,400,false]},"author_info":{"display_name":"apuntesdesanluis.com","author_link":"https:\/\/apuntesdesanluis.com\/index.php\/author\/apuntesdesanluis-com\/"},"category_info":"<a href=\"https:\/\/apuntesdesanluis.com\/index.php\/category\/ciudad-provincia\/\" rel=\"category tag\">Ciudad\/Provincia<\/a>","tag_info":"Ciudad\/Provincia","comment_count":"0","_links":{"self":[{"href":"https:\/\/apuntesdesanluis.com\/index.php\/wp-json\/wp\/v2\/posts\/27621","targetHints":{"allow":["GET"]}}],"collection":[{"href":"https:\/\/apuntesdesanluis.com\/index.php\/wp-json\/wp\/v2\/posts"}],"about":[{"href":"https:\/\/apuntesdesanluis.com\/index.php\/wp-json\/wp\/v2\/types\/post"}],"author":[{"embeddable":true,"href":"https:\/\/apuntesdesanluis.com\/index.php\/wp-json\/wp\/v2\/users\/1"}],"replies":[{"embeddable":true,"href":"https:\/\/apuntesdesanluis.com\/index.php\/wp-json\/wp\/v2\/comments?post=27621"}],"version-history":[{"count":1,"href":"https:\/\/apuntesdesanluis.com\/index.php\/wp-json\/wp\/v2\/posts\/27621\/revisions"}],"predecessor-version":[{"id":27624,"href":"https:\/\/apuntesdesanluis.com\/index.php\/wp-json\/wp\/v2\/posts\/27621\/revisions\/27624"}],"wp:featuredmedia":[{"embeddable":true,"href":"https:\/\/apuntesdesanluis.com\/index.php\/wp-json\/wp\/v2\/media\/27622"}],"wp:attachment":[{"href":"https:\/\/apuntesdesanluis.com\/index.php\/wp-json\/wp\/v2\/media?parent=27621"}],"wp:term":[{"taxonomy":"category","embeddable":true,"href":"https:\/\/apuntesdesanluis.com\/index.php\/wp-json\/wp\/v2\/categories?post=27621"},{"taxonomy":"post_tag","embeddable":true,"href":"https:\/\/apuntesdesanluis.com\/index.php\/wp-json\/wp\/v2\/tags?post=27621"}],"curies":[{"name":"wp","href":"https:\/\/api.w.org\/{rel}","templated":true}]}}