{"id":27632,"date":"2025-01-07T21:54:36","date_gmt":"2025-01-08T00:54:36","guid":{"rendered":"https:\/\/apuntesdesanluis.com\/?p=27632"},"modified":"2025-01-07T21:54:36","modified_gmt":"2025-01-08T00:54:36","slug":"avanzan-obras-del-programa-construyendo-con-tu-pueblo-en-la-villa-de-merlo","status":"publish","type":"post","link":"https:\/\/apuntesdesanluis.com\/index.php\/2025\/01\/07\/avanzan-obras-del-programa-construyendo-con-tu-pueblo-en-la-villa-de-merlo\/","title":{"rendered":"AVANZAN OBRAS DEL PROGRAMA \u201cCONSTRUYENDO CON TU PUEBLO\u201d EN LA VILLA DE MERLO"},"content":{"rendered":"<h3>En el marco del programa <strong>&#8220;Construyendo con tu Pueblo&#8221;<\/strong>, firmado en su momento por el intendente <strong>Juan \u00c1lvarez Pinto<\/strong> y el Gobernador <strong>Claudio Poggi<\/strong>, el Municipio sigue avanzando con su ejecuci\u00f3n.<\/h3>\n<h3>Con una inversi\u00f3n total de $300.000.000 aportados en partes iguales por el Municipio y el Gobierno de la Provincia, actualmente se est\u00e1n llevando a cabo cuatro importantes obras a trav\u00e9s de la Secretar\u00eda de Servicios P\u00fablicos.<\/h3>\n<p><img fetchpriority=\"high\" decoding=\"async\" class=\"wp-image-27639 aligncenter\" src=\"https:\/\/apuntesdesanluis.com\/wp-content\/uploads\/2025\/01\/b2b6d2bf-5ec0-4582-ba31-e14fdd24667d-300x196.jpg\" alt=\"\" width=\"585\" height=\"382\" srcset=\"https:\/\/apuntesdesanluis.com\/wp-content\/uploads\/2025\/01\/b2b6d2bf-5ec0-4582-ba31-e14fdd24667d-300x196.jpg 300w, https:\/\/apuntesdesanluis.com\/wp-content\/uploads\/2025\/01\/b2b6d2bf-5ec0-4582-ba31-e14fdd24667d.jpg 700w\" sizes=\"(max-width: 585px) 100vw, 585px\" \/><\/p>\n<h3><strong>Trabajos de reacondicionamiento del alumbrado p\u00fablico <\/strong>en distintas calles de la ciudad. En su primera etapa, este proyecto tiene como objetivos principales mejorar la luminosidad, optimizar el ahorro energ\u00e9tico y aumentar la seguridad vial y peatonal.<\/h3>\n<h3>El reacondicionamiento comenz\u00f3 con la calle Los Almendros y continuar\u00e1 con las dem\u00e1s calles de la ciudad, avanzando seg\u00fan el cronograma establecido.<\/h3>\n<h3>En esta <strong>primera fase<\/strong>, los trabajos se concentran en:<\/h3>\n<ul>\n<li>\n<h3><strong>Los Almendros<\/strong>: Desde Pringles hasta Av. Del Deporte. <em>35 luminarias LED.<\/em><\/h3>\n<\/li>\n<li>\n<h3><strong>El Algarrobo<\/strong>: Desde colectora Norte de Ruta 5 hasta Mogote Bayo. <em>29 luminarias LED.<\/em><\/h3>\n<\/li>\n<li>\n<h3><strong>Juana Azurduy \/ Dr. Andr\u00e9s \u00c1lvarez<\/strong>: Desde Independencia hasta Bv. Gonz\u00e1lez Volont\u00e9 (Barrio Dabal) &#8211; <em>50 luminarias LED.<\/em><\/h3>\n<\/li>\n<\/ul>\n<h3><img decoding=\"async\" class=\"wp-image-27634 aligncenter\" src=\"https:\/\/apuntesdesanluis.com\/wp-content\/uploads\/2025\/01\/0f702b13-d593-48a5-8e98-2fb28848180b-300x271.jpg\" alt=\"\" width=\"575\" height=\"519\" srcset=\"https:\/\/apuntesdesanluis.com\/wp-content\/uploads\/2025\/01\/0f702b13-d593-48a5-8e98-2fb28848180b-300x271.jpg 300w, https:\/\/apuntesdesanluis.com\/wp-content\/uploads\/2025\/01\/0f702b13-d593-48a5-8e98-2fb28848180b.jpg 696w\" sizes=\"(max-width: 575px) 100vw, 575px\" \/><\/h3>\n<h3>La intervenci\u00f3n, que reutiliza las columnas existentes, tambi\u00e9n incluye el reemplazo de viejos tableros de comando y tendidos el\u00e9ctricos donde ser\u00e1 necesario ajustar las ca\u00eddas de tensi\u00f3n, estos trabajos se realizar\u00e1n pr\u00f3ximamente.<\/h3>\n<h3>Este programa no solo representar\u00e1 un avance en el ahorro energ\u00e9tico mediante la conversi\u00f3n a tecnolog\u00eda LED, sino que tambi\u00e9n reforzar\u00e1 la seguridad vehicular y peatonal, aportando al embellecimiento urbano de la ciudad.<\/h3>\n<p><img decoding=\"async\" class=\"wp-image-27635 aligncenter\" src=\"https:\/\/apuntesdesanluis.com\/wp-content\/uploads\/2025\/01\/66c7315a-065d-410e-84c0-41599956c35a-300x184.jpg\" alt=\"\" width=\"577\" height=\"354\" srcset=\"https:\/\/apuntesdesanluis.com\/wp-content\/uploads\/2025\/01\/66c7315a-065d-410e-84c0-41599956c35a-300x184.jpg 300w, https:\/\/apuntesdesanluis.com\/wp-content\/uploads\/2025\/01\/66c7315a-065d-410e-84c0-41599956c35a.jpg 700w\" sizes=\"(max-width: 577px) 100vw, 577px\" \/><\/p>\n<h3>Asimismo, se est\u00e1 llevando a cabo la obra en el <strong>Cementerio Municipal<\/strong>. Este proyecto tiene como objetivo realizar el <strong>cierre perimetral <\/strong>sobre las calles Campos del Sol, Los Ranqueles y Los Huarpes; buscando mejorar la infraestructura del lugar, garantizando un cierre seguro y adecuado para el espacio, fortaleciendo as\u00ed el cuidado y respeto que merece esta \u00e1rea de la comunidad.<\/h3>\n<p><img loading=\"lazy\" decoding=\"async\" class=\"wp-image-27638 aligncenter\" src=\"https:\/\/apuntesdesanluis.com\/wp-content\/uploads\/2025\/01\/f16090bb-52ac-43b8-ae99-8774e6cbf7b3-300x164.jpg\" alt=\"\" width=\"565\" height=\"309\" srcset=\"https:\/\/apuntesdesanluis.com\/wp-content\/uploads\/2025\/01\/f16090bb-52ac-43b8-ae99-8774e6cbf7b3-300x164.jpg 300w, https:\/\/apuntesdesanluis.com\/wp-content\/uploads\/2025\/01\/f16090bb-52ac-43b8-ae99-8774e6cbf7b3.jpg 700w\" sizes=\"(max-width: 565px) 100vw, 565px\" \/><\/p>\n<h3>Dentro de dicho programa se est\u00e1 trabajando en la <strong>remodelaci\u00f3n del Museo Casa Palmira Scrosoppi. <\/strong>La obra tiene como objeto la remodelaci\u00f3n integral de los ingresos a la casa museo y la correcci\u00f3n en las instalaciones de iluminaci\u00f3n exterior, tanto en su cableado como en el cambio y agregado de artefactos correspondientes.<\/h3>\n<h3><strong>Remodelaci\u00f3n del Centro C\u00edvico <\/strong>ubicado en Juana Azurduy 738 (Ex Hospital Viejo), con el objetivo de convertir un edificio con deficiencias edilicias tras varias d\u00e9cadas de uso sin mantenimiento, en un renovado y reacondicionado lugar para su nueva ocupaci\u00f3n como Centro C\u00edvico Merlino dej\u00e1ndolo operativo y funcional.<\/h3>\n<p><img loading=\"lazy\" decoding=\"async\" class=\"wp-image-27637 aligncenter\" src=\"https:\/\/apuntesdesanluis.com\/wp-content\/uploads\/2025\/01\/82f1d296-14ef-4d30-9122-3111cb014b41-1-300x186.jpg\" alt=\"\" width=\"582\" height=\"361\" srcset=\"https:\/\/apuntesdesanluis.com\/wp-content\/uploads\/2025\/01\/82f1d296-14ef-4d30-9122-3111cb014b41-1-300x186.jpg 300w, https:\/\/apuntesdesanluis.com\/wp-content\/uploads\/2025\/01\/82f1d296-14ef-4d30-9122-3111cb014b41-1.jpg 700w\" sizes=\"(max-width: 582px) 100vw, 582px\" \/><\/p>\n<h3>Desde 2019, la gesti\u00f3n municipal ha priorizado la modernizaci\u00f3n del espacio p\u00fablico, promoviendo mejoras sustanciales en infraestructura y servicios esenciales. Este nuevo proyecto refuerza el compromiso con los vecinos de Villa de Merlo, consolidando la ciudad como un modelo de desarrollo sostenible.<\/h3>\n<p>&nbsp;<\/p>\n<p>&nbsp;<\/p>\n<p>&nbsp;<\/p>\n<h3><\/h3>\n<h3><\/h3>\n<p>&nbsp;<\/p>\n","protected":false},"excerpt":{"rendered":"<p>En el marco del programa &#8220;Construyendo con tu Pueblo&#8221;, firmado en su momento por el&#8230;<\/p>\n","protected":false},"author":1,"featured_media":27633,"comment_status":"closed","ping_status":"closed","sticky":false,"template":"","format":"standard","meta":{"footnotes":""},"categories":[6],"tags":[],"class_list":["post-27632","post","type-post","status-publish","format-standard","has-post-thumbnail","hentry","category-ciudad-provincia"],"yoast_head":"<!-- This site is optimized with the Yoast SEO plugin v26.1.1 - https:\/\/yoast.com\/wordpress\/plugins\/seo\/ -->\n<title>AVANZAN OBRAS DEL PROGRAMA \u201cCONSTRUYENDO CON TU PUEBLO\u201d EN LA VILLA DE MERLO - Apuntes de San Luis<\/title>\n<meta name=\"robots\" content=\"index, follow, max-snippet:-1, max-image-preview:large, max-video-preview:-1\" \/>\n<link rel=\"canonical\" href=\"https:\/\/apuntesdesanluis.com\/index.php\/2025\/01\/07\/avanzan-obras-del-programa-construyendo-con-tu-pueblo-en-la-villa-de-merlo\/\" \/>\n<meta property=\"og:locale\" content=\"es_ES\" \/>\n<meta property=\"og:type\" content=\"article\" \/>\n<meta property=\"og:title\" content=\"AVANZAN OBRAS DEL PROGRAMA \u201cCONSTRUYENDO CON TU PUEBLO\u201d EN LA VILLA DE MERLO - Apuntes de San Luis\" \/>\n<meta property=\"og:description\" content=\"En el marco del programa &#8220;Construyendo con tu Pueblo&#8221;, firmado en su momento por el...\" \/>\n<meta property=\"og:url\" content=\"https:\/\/apuntesdesanluis.com\/index.php\/2025\/01\/07\/avanzan-obras-del-programa-construyendo-con-tu-pueblo-en-la-villa-de-merlo\/\" \/>\n<meta property=\"og:site_name\" content=\"Apuntes de San Luis\" \/>\n<meta property=\"article:published_time\" content=\"2025-01-08T00:54:36+00:00\" \/>\n<meta property=\"og:image\" content=\"https:\/\/apuntesdesanluis.com\/wp-content\/uploads\/2025\/01\/2749b8e6-0ea0-4c0b-b226-717ba3f52a09.jpg\" \/>\n\t<meta property=\"og:image:width\" content=\"698\" \/>\n\t<meta property=\"og:image:height\" content=\"424\" \/>\n\t<meta property=\"og:image:type\" content=\"image\/jpeg\" \/>\n<meta name=\"author\" content=\"apuntesdesanluis.com\" \/>\n<meta name=\"twitter:card\" content=\"summary_large_image\" \/>\n<meta name=\"twitter:label1\" content=\"Escrito por\" \/>\n\t<meta name=\"twitter:data1\" content=\"apuntesdesanluis.com\" \/>\n\t<meta name=\"twitter:label2\" content=\"Tiempo de lectura\" \/>\n\t<meta name=\"twitter:data2\" content=\"4 minutos\" \/>\n<script type=\"application\/ld+json\" class=\"yoast-schema-graph\">{\"@context\":\"https:\/\/schema.org\",\"@graph\":[{\"@type\":\"Article\",\"@id\":\"https:\/\/apuntesdesanluis.com\/index.php\/2025\/01\/07\/avanzan-obras-del-programa-construyendo-con-tu-pueblo-en-la-villa-de-merlo\/#article\",\"isPartOf\":{\"@id\":\"https:\/\/apuntesdesanluis.com\/index.php\/2025\/01\/07\/avanzan-obras-del-programa-construyendo-con-tu-pueblo-en-la-villa-de-merlo\/\"},\"author\":{\"name\":\"apuntesdesanluis.com\",\"@id\":\"https:\/\/apuntesdesanluis.com\/#\/schema\/person\/b55151d52296fcce64d1a72538a70b90\"},\"headline\":\"AVANZAN OBRAS DEL PROGRAMA \u201cCONSTRUYENDO CON TU PUEBLO\u201d EN LA VILLA DE MERLO\",\"datePublished\":\"2025-01-08T00:54:36+00:00\",\"mainEntityOfPage\":{\"@id\":\"https:\/\/apuntesdesanluis.com\/index.php\/2025\/01\/07\/avanzan-obras-del-programa-construyendo-con-tu-pueblo-en-la-villa-de-merlo\/\"},\"wordCount\":488,\"publisher\":{\"@id\":\"https:\/\/apuntesdesanluis.com\/#\/schema\/person\/b55151d52296fcce64d1a72538a70b90\"},\"image\":{\"@id\":\"https:\/\/apuntesdesanluis.com\/index.php\/2025\/01\/07\/avanzan-obras-del-programa-construyendo-con-tu-pueblo-en-la-villa-de-merlo\/#primaryimage\"},\"thumbnailUrl\":\"https:\/\/apuntesdesanluis.com\/wp-content\/uploads\/2025\/01\/2749b8e6-0ea0-4c0b-b226-717ba3f52a09.jpg\",\"articleSection\":[\"Ciudad\/Provincia\"],\"inLanguage\":\"es-AR\"},{\"@type\":\"WebPage\",\"@id\":\"https:\/\/apuntesdesanluis.com\/index.php\/2025\/01\/07\/avanzan-obras-del-programa-construyendo-con-tu-pueblo-en-la-villa-de-merlo\/\",\"url\":\"https:\/\/apuntesdesanluis.com\/index.php\/2025\/01\/07\/avanzan-obras-del-programa-construyendo-con-tu-pueblo-en-la-villa-de-merlo\/\",\"name\":\"AVANZAN OBRAS DEL PROGRAMA \u201cCONSTRUYENDO CON TU PUEBLO\u201d EN LA VILLA DE MERLO - Apuntes de San Luis\",\"isPartOf\":{\"@id\":\"https:\/\/apuntesdesanluis.com\/#website\"},\"primaryImageOfPage\":{\"@id\":\"https:\/\/apuntesdesanluis.com\/index.php\/2025\/01\/07\/avanzan-obras-del-programa-construyendo-con-tu-pueblo-en-la-villa-de-merlo\/#primaryimage\"},\"image\":{\"@id\":\"https:\/\/apuntesdesanluis.com\/index.php\/2025\/01\/07\/avanzan-obras-del-programa-construyendo-con-tu-pueblo-en-la-villa-de-merlo\/#primaryimage\"},\"thumbnailUrl\":\"https:\/\/apuntesdesanluis.com\/wp-content\/uploads\/2025\/01\/2749b8e6-0ea0-4c0b-b226-717ba3f52a09.jpg\",\"datePublished\":\"2025-01-08T00:54:36+00:00\",\"breadcrumb\":{\"@id\":\"https:\/\/apuntesdesanluis.com\/index.php\/2025\/01\/07\/avanzan-obras-del-programa-construyendo-con-tu-pueblo-en-la-villa-de-merlo\/#breadcrumb\"},\"inLanguage\":\"es-AR\",\"potentialAction\":[{\"@type\":\"ReadAction\",\"target\":[\"https:\/\/apuntesdesanluis.com\/index.php\/2025\/01\/07\/avanzan-obras-del-programa-construyendo-con-tu-pueblo-en-la-villa-de-merlo\/\"]}]},{\"@type\":\"ImageObject\",\"inLanguage\":\"es-AR\",\"@id\":\"https:\/\/apuntesdesanluis.com\/index.php\/2025\/01\/07\/avanzan-obras-del-programa-construyendo-con-tu-pueblo-en-la-villa-de-merlo\/#primaryimage\",\"url\":\"https:\/\/apuntesdesanluis.com\/wp-content\/uploads\/2025\/01\/2749b8e6-0ea0-4c0b-b226-717ba3f52a09.jpg\",\"contentUrl\":\"https:\/\/apuntesdesanluis.com\/wp-content\/uploads\/2025\/01\/2749b8e6-0ea0-4c0b-b226-717ba3f52a09.jpg\",\"width\":698,\"height\":424},{\"@type\":\"BreadcrumbList\",\"@id\":\"https:\/\/apuntesdesanluis.com\/index.php\/2025\/01\/07\/avanzan-obras-del-programa-construyendo-con-tu-pueblo-en-la-villa-de-merlo\/#breadcrumb\",\"itemListElement\":[{\"@type\":\"ListItem\",\"position\":1,\"name\":\"Inicio\",\"item\":\"https:\/\/apuntesdesanluis.com\/\"},{\"@type\":\"ListItem\",\"position\":2,\"name\":\"AVANZAN OBRAS DEL PROGRAMA \u201cCONSTRUYENDO CON TU PUEBLO\u201d EN LA VILLA DE MERLO\"}]},{\"@type\":\"WebSite\",\"@id\":\"https:\/\/apuntesdesanluis.com\/#website\",\"url\":\"https:\/\/apuntesdesanluis.com\/\",\"name\":\"Apuntes de San Luis\",\"description\":\"\",\"publisher\":{\"@id\":\"https:\/\/apuntesdesanluis.com\/#\/schema\/person\/b55151d52296fcce64d1a72538a70b90\"},\"potentialAction\":[{\"@type\":\"SearchAction\",\"target\":{\"@type\":\"EntryPoint\",\"urlTemplate\":\"https:\/\/apuntesdesanluis.com\/?s={search_term_string}\"},\"query-input\":{\"@type\":\"PropertyValueSpecification\",\"valueRequired\":true,\"valueName\":\"search_term_string\"}}],\"inLanguage\":\"es-AR\"},{\"@type\":[\"Person\",\"Organization\"],\"@id\":\"https:\/\/apuntesdesanluis.com\/#\/schema\/person\/b55151d52296fcce64d1a72538a70b90\",\"name\":\"apuntesdesanluis.com\",\"image\":{\"@type\":\"ImageObject\",\"inLanguage\":\"es-AR\",\"@id\":\"https:\/\/apuntesdesanluis.com\/#\/schema\/person\/image\/\",\"url\":\"https:\/\/apuntesdesanluis.com\/wp-content\/uploads\/2023\/07\/cropped-apuntesdesanluis.png\",\"contentUrl\":\"https:\/\/apuntesdesanluis.com\/wp-content\/uploads\/2023\/07\/cropped-apuntesdesanluis.png\",\"width\":450,\"height\":112,\"caption\":\"apuntesdesanluis.com\"},\"logo\":{\"@id\":\"https:\/\/apuntesdesanluis.com\/#\/schema\/person\/image\/\"},\"sameAs\":[\"https:\/\/apuntesdesanluis.com\"],\"url\":\"https:\/\/apuntesdesanluis.com\/index.php\/author\/apuntesdesanluis-com\/\"}]}<\/script>\n<!-- \/ Yoast SEO plugin. -->","yoast_head_json":{"title":"AVANZAN OBRAS DEL PROGRAMA \u201cCONSTRUYENDO CON TU PUEBLO\u201d EN LA VILLA DE MERLO - Apuntes de San Luis","robots":{"index":"index","follow":"follow","max-snippet":"max-snippet:-1","max-image-preview":"max-image-preview:large","max-video-preview":"max-video-preview:-1"},"canonical":"https:\/\/apuntesdesanluis.com\/index.php\/2025\/01\/07\/avanzan-obras-del-programa-construyendo-con-tu-pueblo-en-la-villa-de-merlo\/","og_locale":"es_ES","og_type":"article","og_title":"AVANZAN OBRAS DEL PROGRAMA \u201cCONSTRUYENDO CON TU PUEBLO\u201d EN LA VILLA DE MERLO - Apuntes de San Luis","og_description":"En el marco del programa &#8220;Construyendo con tu Pueblo&#8221;, firmado en su momento por el...","og_url":"https:\/\/apuntesdesanluis.com\/index.php\/2025\/01\/07\/avanzan-obras-del-programa-construyendo-con-tu-pueblo-en-la-villa-de-merlo\/","og_site_name":"Apuntes de San Luis","article_published_time":"2025-01-08T00:54:36+00:00","og_image":[{"width":698,"height":424,"url":"https:\/\/apuntesdesanluis.com\/wp-content\/uploads\/2025\/01\/2749b8e6-0ea0-4c0b-b226-717ba3f52a09.jpg","type":"image\/jpeg"}],"author":"apuntesdesanluis.com","twitter_card":"summary_large_image","twitter_misc":{"Escrito por":"apuntesdesanluis.com","Tiempo de lectura":"4 minutos"},"schema":{"@context":"https:\/\/schema.org","@graph":[{"@type":"Article","@id":"https:\/\/apuntesdesanluis.com\/index.php\/2025\/01\/07\/avanzan-obras-del-programa-construyendo-con-tu-pueblo-en-la-villa-de-merlo\/#article","isPartOf":{"@id":"https:\/\/apuntesdesanluis.com\/index.php\/2025\/01\/07\/avanzan-obras-del-programa-construyendo-con-tu-pueblo-en-la-villa-de-merlo\/"},"author":{"name":"apuntesdesanluis.com","@id":"https:\/\/apuntesdesanluis.com\/#\/schema\/person\/b55151d52296fcce64d1a72538a70b90"},"headline":"AVANZAN OBRAS DEL PROGRAMA \u201cCONSTRUYENDO CON TU PUEBLO\u201d EN LA VILLA DE MERLO","datePublished":"2025-01-08T00:54:36+00:00","mainEntityOfPage":{"@id":"https:\/\/apuntesdesanluis.com\/index.php\/2025\/01\/07\/avanzan-obras-del-programa-construyendo-con-tu-pueblo-en-la-villa-de-merlo\/"},"wordCount":488,"publisher":{"@id":"https:\/\/apuntesdesanluis.com\/#\/schema\/person\/b55151d52296fcce64d1a72538a70b90"},"image":{"@id":"https:\/\/apuntesdesanluis.com\/index.php\/2025\/01\/07\/avanzan-obras-del-programa-construyendo-con-tu-pueblo-en-la-villa-de-merlo\/#primaryimage"},"thumbnailUrl":"https:\/\/apuntesdesanluis.com\/wp-content\/uploads\/2025\/01\/2749b8e6-0ea0-4c0b-b226-717ba3f52a09.jpg","articleSection":["Ciudad\/Provincia"],"inLanguage":"es-AR"},{"@type":"WebPage","@id":"https:\/\/apuntesdesanluis.com\/index.php\/2025\/01\/07\/avanzan-obras-del-programa-construyendo-con-tu-pueblo-en-la-villa-de-merlo\/","url":"https:\/\/apuntesdesanluis.com\/index.php\/2025\/01\/07\/avanzan-obras-del-programa-construyendo-con-tu-pueblo-en-la-villa-de-merlo\/","name":"AVANZAN OBRAS DEL PROGRAMA \u201cCONSTRUYENDO CON TU PUEBLO\u201d EN LA VILLA DE MERLO - Apuntes de San Luis","isPartOf":{"@id":"https:\/\/apuntesdesanluis.com\/#website"},"primaryImageOfPage":{"@id":"https:\/\/apuntesdesanluis.com\/index.php\/2025\/01\/07\/avanzan-obras-del-programa-construyendo-con-tu-pueblo-en-la-villa-de-merlo\/#primaryimage"},"image":{"@id":"https:\/\/apuntesdesanluis.com\/index.php\/2025\/01\/07\/avanzan-obras-del-programa-construyendo-con-tu-pueblo-en-la-villa-de-merlo\/#primaryimage"},"thumbnailUrl":"https:\/\/apuntesdesanluis.com\/wp-content\/uploads\/2025\/01\/2749b8e6-0ea0-4c0b-b226-717ba3f52a09.jpg","datePublished":"2025-01-08T00:54:36+00:00","breadcrumb":{"@id":"https:\/\/apuntesdesanluis.com\/index.php\/2025\/01\/07\/avanzan-obras-del-programa-construyendo-con-tu-pueblo-en-la-villa-de-merlo\/#breadcrumb"},"inLanguage":"es-AR","potentialAction":[{"@type":"ReadAction","target":["https:\/\/apuntesdesanluis.com\/index.php\/2025\/01\/07\/avanzan-obras-del-programa-construyendo-con-tu-pueblo-en-la-villa-de-merlo\/"]}]},{"@type":"ImageObject","inLanguage":"es-AR","@id":"https:\/\/apuntesdesanluis.com\/index.php\/2025\/01\/07\/avanzan-obras-del-programa-construyendo-con-tu-pueblo-en-la-villa-de-merlo\/#primaryimage","url":"https:\/\/apuntesdesanluis.com\/wp-content\/uploads\/2025\/01\/2749b8e6-0ea0-4c0b-b226-717ba3f52a09.jpg","contentUrl":"https:\/\/apuntesdesanluis.com\/wp-content\/uploads\/2025\/01\/2749b8e6-0ea0-4c0b-b226-717ba3f52a09.jpg","width":698,"height":424},{"@type":"BreadcrumbList","@id":"https:\/\/apuntesdesanluis.com\/index.php\/2025\/01\/07\/avanzan-obras-del-programa-construyendo-con-tu-pueblo-en-la-villa-de-merlo\/#breadcrumb","itemListElement":[{"@type":"ListItem","position":1,"name":"Inicio","item":"https:\/\/apuntesdesanluis.com\/"},{"@type":"ListItem","position":2,"name":"AVANZAN OBRAS DEL PROGRAMA \u201cCONSTRUYENDO CON TU PUEBLO\u201d EN LA VILLA DE MERLO"}]},{"@type":"WebSite","@id":"https:\/\/apuntesdesanluis.com\/#website","url":"https:\/\/apuntesdesanluis.com\/","name":"Apuntes de San Luis","description":"","publisher":{"@id":"https:\/\/apuntesdesanluis.com\/#\/schema\/person\/b55151d52296fcce64d1a72538a70b90"},"potentialAction":[{"@type":"SearchAction","target":{"@type":"EntryPoint","urlTemplate":"https:\/\/apuntesdesanluis.com\/?s={search_term_string}"},"query-input":{"@type":"PropertyValueSpecification","valueRequired":true,"valueName":"search_term_string"}}],"inLanguage":"es-AR"},{"@type":["Person","Organization"],"@id":"https:\/\/apuntesdesanluis.com\/#\/schema\/person\/b55151d52296fcce64d1a72538a70b90","name":"apuntesdesanluis.com","image":{"@type":"ImageObject","inLanguage":"es-AR","@id":"https:\/\/apuntesdesanluis.com\/#\/schema\/person\/image\/","url":"https:\/\/apuntesdesanluis.com\/wp-content\/uploads\/2023\/07\/cropped-apuntesdesanluis.png","contentUrl":"https:\/\/apuntesdesanluis.com\/wp-content\/uploads\/2023\/07\/cropped-apuntesdesanluis.png","width":450,"height":112,"caption":"apuntesdesanluis.com"},"logo":{"@id":"https:\/\/apuntesdesanluis.com\/#\/schema\/person\/image\/"},"sameAs":["https:\/\/apuntesdesanluis.com"],"url":"https:\/\/apuntesdesanluis.com\/index.php\/author\/apuntesdesanluis-com\/"}]}},"featured_image_urls":{"full":["https:\/\/apuntesdesanluis.com\/wp-content\/uploads\/2025\/01\/2749b8e6-0ea0-4c0b-b226-717ba3f52a09.jpg",698,424,false],"thumbnail":["https:\/\/apuntesdesanluis.com\/wp-content\/uploads\/2025\/01\/2749b8e6-0ea0-4c0b-b226-717ba3f52a09-150x150.jpg",150,150,true],"medium":["https:\/\/apuntesdesanluis.com\/wp-content\/uploads\/2025\/01\/2749b8e6-0ea0-4c0b-b226-717ba3f52a09-300x182.jpg",300,182,true],"medium_large":["https:\/\/apuntesdesanluis.com\/wp-content\/uploads\/2025\/01\/2749b8e6-0ea0-4c0b-b226-717ba3f52a09.jpg",640,389,false],"large":["https:\/\/apuntesdesanluis.com\/wp-content\/uploads\/2025\/01\/2749b8e6-0ea0-4c0b-b226-717ba3f52a09.jpg",640,389,false],"1536x1536":["https:\/\/apuntesdesanluis.com\/wp-content\/uploads\/2025\/01\/2749b8e6-0ea0-4c0b-b226-717ba3f52a09.jpg",698,424,false],"2048x2048":["https:\/\/apuntesdesanluis.com\/wp-content\/uploads\/2025\/01\/2749b8e6-0ea0-4c0b-b226-717ba3f52a09.jpg",698,424,false],"newsever-slider-full":["https:\/\/apuntesdesanluis.com\/wp-content\/uploads\/2025\/01\/2749b8e6-0ea0-4c0b-b226-717ba3f52a09.jpg",698,424,false],"newsever-featured":["https:\/\/apuntesdesanluis.com\/wp-content\/uploads\/2025\/01\/2749b8e6-0ea0-4c0b-b226-717ba3f52a09.jpg",698,424,false],"newsever-medium":["https:\/\/apuntesdesanluis.com\/wp-content\/uploads\/2025\/01\/2749b8e6-0ea0-4c0b-b226-717ba3f52a09.jpg",698,424,false]},"author_info":{"display_name":"apuntesdesanluis.com","author_link":"https:\/\/apuntesdesanluis.com\/index.php\/author\/apuntesdesanluis-com\/"},"category_info":"<a href=\"https:\/\/apuntesdesanluis.com\/index.php\/category\/ciudad-provincia\/\" rel=\"category tag\">Ciudad\/Provincia<\/a>","tag_info":"Ciudad\/Provincia","comment_count":"0","_links":{"self":[{"href":"https:\/\/apuntesdesanluis.com\/index.php\/wp-json\/wp\/v2\/posts\/27632","targetHints":{"allow":["GET"]}}],"collection":[{"href":"https:\/\/apuntesdesanluis.com\/index.php\/wp-json\/wp\/v2\/posts"}],"about":[{"href":"https:\/\/apuntesdesanluis.com\/index.php\/wp-json\/wp\/v2\/types\/post"}],"author":[{"embeddable":true,"href":"https:\/\/apuntesdesanluis.com\/index.php\/wp-json\/wp\/v2\/users\/1"}],"replies":[{"embeddable":true,"href":"https:\/\/apuntesdesanluis.com\/index.php\/wp-json\/wp\/v2\/comments?post=27632"}],"version-history":[{"count":1,"href":"https:\/\/apuntesdesanluis.com\/index.php\/wp-json\/wp\/v2\/posts\/27632\/revisions"}],"predecessor-version":[{"id":27640,"href":"https:\/\/apuntesdesanluis.com\/index.php\/wp-json\/wp\/v2\/posts\/27632\/revisions\/27640"}],"wp:featuredmedia":[{"embeddable":true,"href":"https:\/\/apuntesdesanluis.com\/index.php\/wp-json\/wp\/v2\/media\/27633"}],"wp:attachment":[{"href":"https:\/\/apuntesdesanluis.com\/index.php\/wp-json\/wp\/v2\/media?parent=27632"}],"wp:term":[{"taxonomy":"category","embeddable":true,"href":"https:\/\/apuntesdesanluis.com\/index.php\/wp-json\/wp\/v2\/categories?post=27632"},{"taxonomy":"post_tag","embeddable":true,"href":"https:\/\/apuntesdesanluis.com\/index.php\/wp-json\/wp\/v2\/tags?post=27632"}],"curies":[{"name":"wp","href":"https:\/\/api.w.org\/{rel}","templated":true}]}}