{"id":27654,"date":"2025-01-10T09:08:49","date_gmt":"2025-01-10T12:08:49","guid":{"rendered":"https:\/\/apuntesdesanluis.com\/?p=27654"},"modified":"2025-01-10T09:12:51","modified_gmt":"2025-01-10T12:12:51","slug":"luck-ra-se-sumo-a-la-fiesta-valle-del-sol-que-durara-cuatro-noches","status":"publish","type":"post","link":"https:\/\/apuntesdesanluis.com\/index.php\/2025\/01\/10\/luck-ra-se-sumo-a-la-fiesta-valle-del-sol-que-durara-cuatro-noches\/","title":{"rendered":"LUCK RA SE SUM\u00d3 A LA FIESTA VALLE DEL SOL, QUE DURAR\u00c1 CUATRO NOCHES"},"content":{"rendered":"<h3 class=\"blog-post-meta\">La tradicional celebraci\u00f3n de la Villa de Merlo extendi\u00f3 sus fechas desde el <strong>6 al 9 de febrero<\/strong> gracias al respaldo del Gobierno provincial y contar\u00e1 con una grilla recargada de cantantes y bandas que prometen brindar espect\u00e1culos inolvidables, entre ellos<b>\u00a0Soledad, Los Caligaris y Luck Ra.<\/b><\/h3>\n<div class=\"contenido-post\">\n<h3 class=\"caption\">El intendente interino de la Villa de Merlo, <strong>Leonardo Rodr\u00edguez<\/strong>, particip\u00f3 este jueves de una conferencia de prensa particular que tuvo como objetivo ofrecer detalles acerca de los pr\u00f3ximos festivales que se avecinan en la provincia. En este caso, el t\u00f3pico fue la <strong>52\u00b0 Fiesta Nacional del Valle del Sol<\/strong>, con novedades que aumentan las expectativas sobre la emblem\u00e1tica celebraci\u00f3n que cada a\u00f1o organiza la villa tur\u00edstica.<\/h3>\n<p><iframe title=\"Leonardo Rodr\u00edguez, Intendente  Villa de Merlo\" width=\"640\" height=\"360\" src=\"https:\/\/www.youtube.com\/embed\/rnc1FMovwfM?feature=oembed\" frameborder=\"0\" allow=\"accelerometer; autoplay; clipboard-write; encrypted-media; gyroscope; picture-in-picture; web-share\" referrerpolicy=\"strict-origin-when-cross-origin\" allowfullscreen><\/iframe><\/p>\n<h3>\u201cGracias al apoyo del Gobierno,\u00a0<strong>vamos a poder sumar un d\u00eda m\u00e1s a la planificaci\u00f3n original<\/strong>, de modo que el festival ser\u00e1 desde el jueves 6 hasta el domingo 9 de febrero\u201d, comenz\u00f3 anunciando Rodr\u00edguez, quien asegur\u00f3 que el respaldo que recibieron este a\u00f1o dista notablemente de lo que hab\u00eda sucedido en a\u00f1os recientes. \u201cDir\u00eda que\u00a0<strong>es la primera vez que tenemos este nivel de acompa\u00f1amiento<\/strong>, que nos permiti\u00f3 sumar una fecha extra a lo que yo considero el festival m\u00e1s importante del interior\u201d, expres\u00f3.<\/h3>\n<h3>Pero las buenas noticias no se quedaron meramente en la prolongaci\u00f3n de las celebraciones, sino que tambi\u00e9n hubo actualizaciones sobre los artistas que participar\u00e1n del evento. \u201cUno de los cantantes m\u00e1s destacados que pudimos sumar es<strong>\u00a0Luck Ra<\/strong>, uno de los m\u00fasicos del momento a nivel internacional, quien ser\u00e1 el atractivo central de la primera noche\u201d, manifest\u00f3 el Jefe Comunal. Otros artistas de renombre nacional que participar\u00e1n son\u00a0<strong>Soledad Pastorutti, Carolina Centuri\u00f3n, Orellana Lucca, La Callejera, D\u00fao Coplanacu, Los Caligaris, Paquito Oca\u00f1a, Algarroba.com y Ahyre<\/strong>.<\/h3>\n<p><img fetchpriority=\"high\" decoding=\"async\" class=\"wp-image-27660 aligncenter\" src=\"https:\/\/apuntesdesanluis.com\/wp-content\/uploads\/2025\/01\/LUCK-RA-240x300.jpg\" alt=\"\" width=\"566\" height=\"708\" srcset=\"https:\/\/apuntesdesanluis.com\/wp-content\/uploads\/2025\/01\/LUCK-RA-240x300.jpg 240w, https:\/\/apuntesdesanluis.com\/wp-content\/uploads\/2025\/01\/LUCK-RA.jpg 700w\" sizes=\"(max-width: 566px) 100vw, 566px\" \/><\/p>\n<h3>El valor de las entradas depender\u00e1 del d\u00eda.\u00a0<strong>Tanto el jueves como el viernes el precio de admisi\u00f3n ser\u00e1 de $18.000, mientras que el fin de semana bajar\u00e1 un 50% y quedar\u00e1 en $9.000.<\/strong>\u00a0Tambi\u00e9n cabe la posibilidad de retirar un combo por los cuatro d\u00edas que cuesta $40.000.<\/h3>\n<h3>\u201cEl corte de ticket es importante para brindar un festival lindo acorde al contexto en el que estamos. Las entradas se pueden retirar en el Cine Teatro de San Luis, en la Casa de la M\u00fasica de Villa Mercedes y en la sede municipal, Casa Palmira, oficina de Turismo o la Avenida del Sol de Merlo. Tambi\u00e9n existe la posibilidad de abonar directamente desde Mercado Pago\u201d, explic\u00f3 Rodr\u00edguez.<\/h3>\n<h3>El ministro de Turismo y Cultura, <strong>Juan \u00c1lvarez Pinto<\/strong>, acompa\u00f1\u00f3 al Intendente en la conferencia y a\u00f1adi\u00f3 que la elecci\u00f3n de las fechas no fue aleatoria, sino pensada y\u00a0<strong>coordinada con autoridades de otros municipios<\/strong>\u00a0para no sobreponerse y, sobre todo, diagramada para aprovechar la afluencia de turistas. \u201cQueremos que se convierta en un fin de semana de temporada s\u00faper alta, en la que pueda haber ocupaci\u00f3n plena y que eso tenga un efecto derrame en el resto de la localidad\u201d, asegur\u00f3 el funcionario.<\/h3>\n<h3><strong>PROGRAMACI\u00d3N<\/strong><\/h3>\n<h3>El Municipio de Merlo ha organizado una cartelera de lujo para la 52\u00b0 Fiesta Nacional Valle del Sol, destacando la presencia de figuras como <strong>Luck Ra<\/strong>, quien abrir\u00e1 la fiesta con su energ\u00eda inigualable; la ic\u00f3nica <strong>Soledad Pastorutti<\/strong>, una de las voces m\u00e1s queridas del folklore argentino; <strong>Los Caligaris<\/strong>, que con su mezcla de ska y cuarteto prometen llenar de alegr\u00eda la noche; y <strong>Ahyre<\/strong>, quienes ofrecer\u00e1n un repertorio que combina cl\u00e1sicos del folklore con un enfoque moderno y universal.<\/h3>\n<p><img decoding=\"async\" class=\"wp-image-27656 aligncenter\" src=\"https:\/\/apuntesdesanluis.com\/wp-content\/uploads\/2025\/01\/SOLEDAD-300x229.png\" alt=\"\" width=\"586\" height=\"447\" srcset=\"https:\/\/apuntesdesanluis.com\/wp-content\/uploads\/2025\/01\/SOLEDAD-300x229.png 300w, https:\/\/apuntesdesanluis.com\/wp-content\/uploads\/2025\/01\/SOLEDAD-768x586.png 768w, https:\/\/apuntesdesanluis.com\/wp-content\/uploads\/2025\/01\/SOLEDAD.png 988w\" sizes=\"(max-width: 586px) 100vw, 586px\" \/><\/p>\n<h3><strong>Cronograma de artistas destacados por noche:<\/strong><\/h3>\n<ul>\n<li>\n<h3><strong>Jueves 6: <\/strong>Luck Ra.<\/h3>\n<\/li>\n<li>\n<h3><strong>Viernes 7: <\/strong>Orellana Lucca, Soledad Pastorutti y Carolina Centuri\u00f3n.<\/h3>\n<\/li>\n<li>\n<h3><strong>S\u00e1bado 8: <\/strong>La Callejera, D\u00fao Coplanacu y Los Caligaris.<\/h3>\n<\/li>\n<li>\n<h3><strong>Domingo 9: <\/strong>Paquito Oca\u00f1o, Algarroba.com y Ahyre.<\/h3>\n<\/li>\n<\/ul>\n<h3><img decoding=\"async\" class=\"wp-image-27657 aligncenter\" src=\"https:\/\/apuntesdesanluis.com\/wp-content\/uploads\/2025\/01\/LOS-CALIGARIS-300x177.png\" alt=\"\" width=\"600\" height=\"354\" srcset=\"https:\/\/apuntesdesanluis.com\/wp-content\/uploads\/2025\/01\/LOS-CALIGARIS-300x177.png 300w, https:\/\/apuntesdesanluis.com\/wp-content\/uploads\/2025\/01\/LOS-CALIGARIS-768x452.png 768w, https:\/\/apuntesdesanluis.com\/wp-content\/uploads\/2025\/01\/LOS-CALIGARIS.png 788w\" sizes=\"(max-width: 600px) 100vw, 600px\" \/><\/h3>\n<h3>Estos grandes artistas estar\u00e1n acompa\u00f1ados por la participaci\u00f3n de destacados talentos locales y provinciales, quienes sumar\u00e1n m\u00fasica, danza y energ\u00eda al escenario mayor \u201cAntonio Esteban Ag\u00fcero\u201d en el Balneario Municipal que abrir\u00e1 sus puertas a las 19.30 hs.<\/h3>\n<h3>El valor del <strong>abono <\/strong>para asistir las <strong>cuatro noches es de $40.000<\/strong>. Las entradas individuales tienen un costo de:<\/h3>\n<ul>\n<li>\n<h3>$18.000 por noche (jueves y viernes).<\/h3>\n<\/li>\n<li>\n<h3>$9.000 por noche (s\u00e1bado y domingo).<\/h3>\n<\/li>\n<\/ul>\n<h3><strong>Ni\u00f1os menores a 8 a\u00f1os no abonan<\/strong>. Asimismo, las personas con discapacidad podr\u00e1n ingresar de manera gratuita junto a un acompa\u00f1ante, presentando el Certificado \u00danico de Discapacidad (CUD).<\/h3>\n<h3><strong>A partir del lunes 13<\/strong>, las entradas estar\u00e1n disponibles en los diferentes puntos de venta. Adem\u00e1s, para mayor comodidad, los pagos podr\u00e1n realizarse tambi\u00e9n a trav\u00e9s de Mercado Pago: 2664023615.<\/h3>\n<ul>\n<li>\n<h3><strong>Villa de Merlo: <\/strong>Municipalidad, Casa Palmira Scrosoppi y Oficina de Turismo (Avenida del Sol).<\/h3>\n<\/li>\n<li>\n<h3><strong>Villa Mercedes: <\/strong>Casa de la M\u00fasica. \u25cf <strong>San Luis: <\/strong>Cine Teatro San Luis.<\/h3>\n<\/li>\n<\/ul>\n<h3>Cada a\u00f1o, la Fiesta Nacional Valle del Sol se consolida como uno de los eventos m\u00e1s representativos de la regi\u00f3n, atrayendo tanto a turistas como a residentes que buscan disfrutar de una experiencia cultural inigualable en el marco natural y festivo de la Villa de Merlo. En su 52\u00b0 edici\u00f3n, el festival promete noches inolvidables con una cartelera de artistas de primer nivel, quienes ofrecer\u00e1n una diversidad de propuestas musicales para todo el p\u00fablico.<\/h3>\n<\/div>\n<p>&nbsp;<\/p>\n<p>&nbsp;<\/p>\n<p>&nbsp;<\/p>\n<p>&nbsp;<\/p>\n<p>&nbsp;<\/p>\n","protected":false},"excerpt":{"rendered":"<p>La tradicional celebraci\u00f3n de la Villa de Merlo extendi\u00f3 sus fechas desde el 6 al&#8230;<\/p>\n","protected":false},"author":1,"featured_media":27655,"comment_status":"closed","ping_status":"closed","sticky":false,"template":"","format":"standard","meta":{"footnotes":""},"categories":[6],"tags":[],"class_list":["post-27654","post","type-post","status-publish","format-standard","has-post-thumbnail","hentry","category-ciudad-provincia"],"yoast_head":"<!-- This site is optimized with the Yoast SEO plugin v26.1.1 - https:\/\/yoast.com\/wordpress\/plugins\/seo\/ -->\n<title>LUCK RA SE SUM\u00d3 A LA FIESTA VALLE DEL SOL, QUE DURAR\u00c1 CUATRO NOCHES - Apuntes de San Luis<\/title>\n<meta name=\"robots\" content=\"index, follow, max-snippet:-1, max-image-preview:large, max-video-preview:-1\" \/>\n<link rel=\"canonical\" href=\"https:\/\/apuntesdesanluis.com\/index.php\/2025\/01\/10\/luck-ra-se-sumo-a-la-fiesta-valle-del-sol-que-durara-cuatro-noches\/\" \/>\n<meta property=\"og:locale\" content=\"es_ES\" \/>\n<meta property=\"og:type\" content=\"article\" \/>\n<meta property=\"og:title\" content=\"LUCK RA SE SUM\u00d3 A LA FIESTA VALLE DEL SOL, QUE DURAR\u00c1 CUATRO NOCHES - Apuntes de San Luis\" \/>\n<meta property=\"og:description\" content=\"La tradicional celebraci\u00f3n de la Villa de Merlo extendi\u00f3 sus fechas desde el 6 al...\" \/>\n<meta property=\"og:url\" content=\"https:\/\/apuntesdesanluis.com\/index.php\/2025\/01\/10\/luck-ra-se-sumo-a-la-fiesta-valle-del-sol-que-durara-cuatro-noches\/\" \/>\n<meta property=\"og:site_name\" content=\"Apuntes de San Luis\" \/>\n<meta property=\"article:published_time\" content=\"2025-01-10T12:08:49+00:00\" \/>\n<meta property=\"article:modified_time\" content=\"2025-01-10T12:12:51+00:00\" \/>\n<meta property=\"og:image\" content=\"https:\/\/apuntesdesanluis.com\/wp-content\/uploads\/2025\/01\/luck-ra.png\" \/>\n\t<meta property=\"og:image:width\" content=\"710\" \/>\n\t<meta property=\"og:image:height\" content=\"455\" \/>\n\t<meta property=\"og:image:type\" content=\"image\/png\" \/>\n<meta name=\"author\" content=\"apuntesdesanluis.com\" \/>\n<meta name=\"twitter:card\" content=\"summary_large_image\" \/>\n<meta name=\"twitter:label1\" content=\"Escrito por\" \/>\n\t<meta name=\"twitter:data1\" content=\"apuntesdesanluis.com\" \/>\n\t<meta name=\"twitter:label2\" content=\"Tiempo de lectura\" \/>\n\t<meta name=\"twitter:data2\" content=\"5 minutos\" \/>\n<script type=\"application\/ld+json\" class=\"yoast-schema-graph\">{\"@context\":\"https:\/\/schema.org\",\"@graph\":[{\"@type\":\"Article\",\"@id\":\"https:\/\/apuntesdesanluis.com\/index.php\/2025\/01\/10\/luck-ra-se-sumo-a-la-fiesta-valle-del-sol-que-durara-cuatro-noches\/#article\",\"isPartOf\":{\"@id\":\"https:\/\/apuntesdesanluis.com\/index.php\/2025\/01\/10\/luck-ra-se-sumo-a-la-fiesta-valle-del-sol-que-durara-cuatro-noches\/\"},\"author\":{\"name\":\"apuntesdesanluis.com\",\"@id\":\"https:\/\/apuntesdesanluis.com\/#\/schema\/person\/b55151d52296fcce64d1a72538a70b90\"},\"headline\":\"LUCK RA SE SUM\u00d3 A LA FIESTA VALLE DEL SOL, QUE DURAR\u00c1 CUATRO NOCHES\",\"datePublished\":\"2025-01-10T12:08:49+00:00\",\"dateModified\":\"2025-01-10T12:12:51+00:00\",\"mainEntityOfPage\":{\"@id\":\"https:\/\/apuntesdesanluis.com\/index.php\/2025\/01\/10\/luck-ra-se-sumo-a-la-fiesta-valle-del-sol-que-durara-cuatro-noches\/\"},\"wordCount\":908,\"publisher\":{\"@id\":\"https:\/\/apuntesdesanluis.com\/#\/schema\/person\/b55151d52296fcce64d1a72538a70b90\"},\"image\":{\"@id\":\"https:\/\/apuntesdesanluis.com\/index.php\/2025\/01\/10\/luck-ra-se-sumo-a-la-fiesta-valle-del-sol-que-durara-cuatro-noches\/#primaryimage\"},\"thumbnailUrl\":\"https:\/\/apuntesdesanluis.com\/wp-content\/uploads\/2025\/01\/luck-ra.png\",\"articleSection\":[\"Ciudad\/Provincia\"],\"inLanguage\":\"es-AR\"},{\"@type\":\"WebPage\",\"@id\":\"https:\/\/apuntesdesanluis.com\/index.php\/2025\/01\/10\/luck-ra-se-sumo-a-la-fiesta-valle-del-sol-que-durara-cuatro-noches\/\",\"url\":\"https:\/\/apuntesdesanluis.com\/index.php\/2025\/01\/10\/luck-ra-se-sumo-a-la-fiesta-valle-del-sol-que-durara-cuatro-noches\/\",\"name\":\"LUCK RA SE SUM\u00d3 A LA FIESTA VALLE DEL SOL, QUE DURAR\u00c1 CUATRO NOCHES - Apuntes de San Luis\",\"isPartOf\":{\"@id\":\"https:\/\/apuntesdesanluis.com\/#website\"},\"primaryImageOfPage\":{\"@id\":\"https:\/\/apuntesdesanluis.com\/index.php\/2025\/01\/10\/luck-ra-se-sumo-a-la-fiesta-valle-del-sol-que-durara-cuatro-noches\/#primaryimage\"},\"image\":{\"@id\":\"https:\/\/apuntesdesanluis.com\/index.php\/2025\/01\/10\/luck-ra-se-sumo-a-la-fiesta-valle-del-sol-que-durara-cuatro-noches\/#primaryimage\"},\"thumbnailUrl\":\"https:\/\/apuntesdesanluis.com\/wp-content\/uploads\/2025\/01\/luck-ra.png\",\"datePublished\":\"2025-01-10T12:08:49+00:00\",\"dateModified\":\"2025-01-10T12:12:51+00:00\",\"breadcrumb\":{\"@id\":\"https:\/\/apuntesdesanluis.com\/index.php\/2025\/01\/10\/luck-ra-se-sumo-a-la-fiesta-valle-del-sol-que-durara-cuatro-noches\/#breadcrumb\"},\"inLanguage\":\"es-AR\",\"potentialAction\":[{\"@type\":\"ReadAction\",\"target\":[\"https:\/\/apuntesdesanluis.com\/index.php\/2025\/01\/10\/luck-ra-se-sumo-a-la-fiesta-valle-del-sol-que-durara-cuatro-noches\/\"]}]},{\"@type\":\"ImageObject\",\"inLanguage\":\"es-AR\",\"@id\":\"https:\/\/apuntesdesanluis.com\/index.php\/2025\/01\/10\/luck-ra-se-sumo-a-la-fiesta-valle-del-sol-que-durara-cuatro-noches\/#primaryimage\",\"url\":\"https:\/\/apuntesdesanluis.com\/wp-content\/uploads\/2025\/01\/luck-ra.png\",\"contentUrl\":\"https:\/\/apuntesdesanluis.com\/wp-content\/uploads\/2025\/01\/luck-ra.png\",\"width\":710,\"height\":455},{\"@type\":\"BreadcrumbList\",\"@id\":\"https:\/\/apuntesdesanluis.com\/index.php\/2025\/01\/10\/luck-ra-se-sumo-a-la-fiesta-valle-del-sol-que-durara-cuatro-noches\/#breadcrumb\",\"itemListElement\":[{\"@type\":\"ListItem\",\"position\":1,\"name\":\"Inicio\",\"item\":\"https:\/\/apuntesdesanluis.com\/\"},{\"@type\":\"ListItem\",\"position\":2,\"name\":\"LUCK RA SE SUM\u00d3 A LA FIESTA VALLE DEL SOL, QUE DURAR\u00c1 CUATRO NOCHES\"}]},{\"@type\":\"WebSite\",\"@id\":\"https:\/\/apuntesdesanluis.com\/#website\",\"url\":\"https:\/\/apuntesdesanluis.com\/\",\"name\":\"Apuntes de San Luis\",\"description\":\"\",\"publisher\":{\"@id\":\"https:\/\/apuntesdesanluis.com\/#\/schema\/person\/b55151d52296fcce64d1a72538a70b90\"},\"potentialAction\":[{\"@type\":\"SearchAction\",\"target\":{\"@type\":\"EntryPoint\",\"urlTemplate\":\"https:\/\/apuntesdesanluis.com\/?s={search_term_string}\"},\"query-input\":{\"@type\":\"PropertyValueSpecification\",\"valueRequired\":true,\"valueName\":\"search_term_string\"}}],\"inLanguage\":\"es-AR\"},{\"@type\":[\"Person\",\"Organization\"],\"@id\":\"https:\/\/apuntesdesanluis.com\/#\/schema\/person\/b55151d52296fcce64d1a72538a70b90\",\"name\":\"apuntesdesanluis.com\",\"image\":{\"@type\":\"ImageObject\",\"inLanguage\":\"es-AR\",\"@id\":\"https:\/\/apuntesdesanluis.com\/#\/schema\/person\/image\/\",\"url\":\"https:\/\/apuntesdesanluis.com\/wp-content\/uploads\/2023\/07\/cropped-apuntesdesanluis.png\",\"contentUrl\":\"https:\/\/apuntesdesanluis.com\/wp-content\/uploads\/2023\/07\/cropped-apuntesdesanluis.png\",\"width\":450,\"height\":112,\"caption\":\"apuntesdesanluis.com\"},\"logo\":{\"@id\":\"https:\/\/apuntesdesanluis.com\/#\/schema\/person\/image\/\"},\"sameAs\":[\"https:\/\/apuntesdesanluis.com\"],\"url\":\"https:\/\/apuntesdesanluis.com\/index.php\/author\/apuntesdesanluis-com\/\"}]}<\/script>\n<!-- \/ Yoast SEO plugin. -->","yoast_head_json":{"title":"LUCK RA SE SUM\u00d3 A LA FIESTA VALLE DEL SOL, QUE DURAR\u00c1 CUATRO NOCHES - Apuntes de San Luis","robots":{"index":"index","follow":"follow","max-snippet":"max-snippet:-1","max-image-preview":"max-image-preview:large","max-video-preview":"max-video-preview:-1"},"canonical":"https:\/\/apuntesdesanluis.com\/index.php\/2025\/01\/10\/luck-ra-se-sumo-a-la-fiesta-valle-del-sol-que-durara-cuatro-noches\/","og_locale":"es_ES","og_type":"article","og_title":"LUCK RA SE SUM\u00d3 A LA FIESTA VALLE DEL SOL, QUE DURAR\u00c1 CUATRO NOCHES - Apuntes de San Luis","og_description":"La tradicional celebraci\u00f3n de la Villa de Merlo extendi\u00f3 sus fechas desde el 6 al...","og_url":"https:\/\/apuntesdesanluis.com\/index.php\/2025\/01\/10\/luck-ra-se-sumo-a-la-fiesta-valle-del-sol-que-durara-cuatro-noches\/","og_site_name":"Apuntes de San Luis","article_published_time":"2025-01-10T12:08:49+00:00","article_modified_time":"2025-01-10T12:12:51+00:00","og_image":[{"width":710,"height":455,"url":"https:\/\/apuntesdesanluis.com\/wp-content\/uploads\/2025\/01\/luck-ra.png","type":"image\/png"}],"author":"apuntesdesanluis.com","twitter_card":"summary_large_image","twitter_misc":{"Escrito por":"apuntesdesanluis.com","Tiempo de lectura":"5 minutos"},"schema":{"@context":"https:\/\/schema.org","@graph":[{"@type":"Article","@id":"https:\/\/apuntesdesanluis.com\/index.php\/2025\/01\/10\/luck-ra-se-sumo-a-la-fiesta-valle-del-sol-que-durara-cuatro-noches\/#article","isPartOf":{"@id":"https:\/\/apuntesdesanluis.com\/index.php\/2025\/01\/10\/luck-ra-se-sumo-a-la-fiesta-valle-del-sol-que-durara-cuatro-noches\/"},"author":{"name":"apuntesdesanluis.com","@id":"https:\/\/apuntesdesanluis.com\/#\/schema\/person\/b55151d52296fcce64d1a72538a70b90"},"headline":"LUCK RA SE SUM\u00d3 A LA FIESTA VALLE DEL SOL, QUE DURAR\u00c1 CUATRO NOCHES","datePublished":"2025-01-10T12:08:49+00:00","dateModified":"2025-01-10T12:12:51+00:00","mainEntityOfPage":{"@id":"https:\/\/apuntesdesanluis.com\/index.php\/2025\/01\/10\/luck-ra-se-sumo-a-la-fiesta-valle-del-sol-que-durara-cuatro-noches\/"},"wordCount":908,"publisher":{"@id":"https:\/\/apuntesdesanluis.com\/#\/schema\/person\/b55151d52296fcce64d1a72538a70b90"},"image":{"@id":"https:\/\/apuntesdesanluis.com\/index.php\/2025\/01\/10\/luck-ra-se-sumo-a-la-fiesta-valle-del-sol-que-durara-cuatro-noches\/#primaryimage"},"thumbnailUrl":"https:\/\/apuntesdesanluis.com\/wp-content\/uploads\/2025\/01\/luck-ra.png","articleSection":["Ciudad\/Provincia"],"inLanguage":"es-AR"},{"@type":"WebPage","@id":"https:\/\/apuntesdesanluis.com\/index.php\/2025\/01\/10\/luck-ra-se-sumo-a-la-fiesta-valle-del-sol-que-durara-cuatro-noches\/","url":"https:\/\/apuntesdesanluis.com\/index.php\/2025\/01\/10\/luck-ra-se-sumo-a-la-fiesta-valle-del-sol-que-durara-cuatro-noches\/","name":"LUCK RA SE SUM\u00d3 A LA FIESTA VALLE DEL SOL, QUE DURAR\u00c1 CUATRO NOCHES - Apuntes de San Luis","isPartOf":{"@id":"https:\/\/apuntesdesanluis.com\/#website"},"primaryImageOfPage":{"@id":"https:\/\/apuntesdesanluis.com\/index.php\/2025\/01\/10\/luck-ra-se-sumo-a-la-fiesta-valle-del-sol-que-durara-cuatro-noches\/#primaryimage"},"image":{"@id":"https:\/\/apuntesdesanluis.com\/index.php\/2025\/01\/10\/luck-ra-se-sumo-a-la-fiesta-valle-del-sol-que-durara-cuatro-noches\/#primaryimage"},"thumbnailUrl":"https:\/\/apuntesdesanluis.com\/wp-content\/uploads\/2025\/01\/luck-ra.png","datePublished":"2025-01-10T12:08:49+00:00","dateModified":"2025-01-10T12:12:51+00:00","breadcrumb":{"@id":"https:\/\/apuntesdesanluis.com\/index.php\/2025\/01\/10\/luck-ra-se-sumo-a-la-fiesta-valle-del-sol-que-durara-cuatro-noches\/#breadcrumb"},"inLanguage":"es-AR","potentialAction":[{"@type":"ReadAction","target":["https:\/\/apuntesdesanluis.com\/index.php\/2025\/01\/10\/luck-ra-se-sumo-a-la-fiesta-valle-del-sol-que-durara-cuatro-noches\/"]}]},{"@type":"ImageObject","inLanguage":"es-AR","@id":"https:\/\/apuntesdesanluis.com\/index.php\/2025\/01\/10\/luck-ra-se-sumo-a-la-fiesta-valle-del-sol-que-durara-cuatro-noches\/#primaryimage","url":"https:\/\/apuntesdesanluis.com\/wp-content\/uploads\/2025\/01\/luck-ra.png","contentUrl":"https:\/\/apuntesdesanluis.com\/wp-content\/uploads\/2025\/01\/luck-ra.png","width":710,"height":455},{"@type":"BreadcrumbList","@id":"https:\/\/apuntesdesanluis.com\/index.php\/2025\/01\/10\/luck-ra-se-sumo-a-la-fiesta-valle-del-sol-que-durara-cuatro-noches\/#breadcrumb","itemListElement":[{"@type":"ListItem","position":1,"name":"Inicio","item":"https:\/\/apuntesdesanluis.com\/"},{"@type":"ListItem","position":2,"name":"LUCK RA SE SUM\u00d3 A LA FIESTA VALLE DEL SOL, QUE DURAR\u00c1 CUATRO NOCHES"}]},{"@type":"WebSite","@id":"https:\/\/apuntesdesanluis.com\/#website","url":"https:\/\/apuntesdesanluis.com\/","name":"Apuntes de San Luis","description":"","publisher":{"@id":"https:\/\/apuntesdesanluis.com\/#\/schema\/person\/b55151d52296fcce64d1a72538a70b90"},"potentialAction":[{"@type":"SearchAction","target":{"@type":"EntryPoint","urlTemplate":"https:\/\/apuntesdesanluis.com\/?s={search_term_string}"},"query-input":{"@type":"PropertyValueSpecification","valueRequired":true,"valueName":"search_term_string"}}],"inLanguage":"es-AR"},{"@type":["Person","Organization"],"@id":"https:\/\/apuntesdesanluis.com\/#\/schema\/person\/b55151d52296fcce64d1a72538a70b90","name":"apuntesdesanluis.com","image":{"@type":"ImageObject","inLanguage":"es-AR","@id":"https:\/\/apuntesdesanluis.com\/#\/schema\/person\/image\/","url":"https:\/\/apuntesdesanluis.com\/wp-content\/uploads\/2023\/07\/cropped-apuntesdesanluis.png","contentUrl":"https:\/\/apuntesdesanluis.com\/wp-content\/uploads\/2023\/07\/cropped-apuntesdesanluis.png","width":450,"height":112,"caption":"apuntesdesanluis.com"},"logo":{"@id":"https:\/\/apuntesdesanluis.com\/#\/schema\/person\/image\/"},"sameAs":["https:\/\/apuntesdesanluis.com"],"url":"https:\/\/apuntesdesanluis.com\/index.php\/author\/apuntesdesanluis-com\/"}]}},"featured_image_urls":{"full":["https:\/\/apuntesdesanluis.com\/wp-content\/uploads\/2025\/01\/luck-ra.png",710,455,false],"thumbnail":["https:\/\/apuntesdesanluis.com\/wp-content\/uploads\/2025\/01\/luck-ra-150x150.png",150,150,true],"medium":["https:\/\/apuntesdesanluis.com\/wp-content\/uploads\/2025\/01\/luck-ra-300x192.png",300,192,true],"medium_large":["https:\/\/apuntesdesanluis.com\/wp-content\/uploads\/2025\/01\/luck-ra.png",640,410,false],"large":["https:\/\/apuntesdesanluis.com\/wp-content\/uploads\/2025\/01\/luck-ra.png",640,410,false],"1536x1536":["https:\/\/apuntesdesanluis.com\/wp-content\/uploads\/2025\/01\/luck-ra.png",710,455,false],"2048x2048":["https:\/\/apuntesdesanluis.com\/wp-content\/uploads\/2025\/01\/luck-ra.png",710,455,false],"newsever-slider-full":["https:\/\/apuntesdesanluis.com\/wp-content\/uploads\/2025\/01\/luck-ra.png",710,455,false],"newsever-featured":["https:\/\/apuntesdesanluis.com\/wp-content\/uploads\/2025\/01\/luck-ra.png",710,455,false],"newsever-medium":["https:\/\/apuntesdesanluis.com\/wp-content\/uploads\/2025\/01\/luck-ra.png",710,455,false]},"author_info":{"display_name":"apuntesdesanluis.com","author_link":"https:\/\/apuntesdesanluis.com\/index.php\/author\/apuntesdesanluis-com\/"},"category_info":"<a href=\"https:\/\/apuntesdesanluis.com\/index.php\/category\/ciudad-provincia\/\" rel=\"category tag\">Ciudad\/Provincia<\/a>","tag_info":"Ciudad\/Provincia","comment_count":"0","_links":{"self":[{"href":"https:\/\/apuntesdesanluis.com\/index.php\/wp-json\/wp\/v2\/posts\/27654","targetHints":{"allow":["GET"]}}],"collection":[{"href":"https:\/\/apuntesdesanluis.com\/index.php\/wp-json\/wp\/v2\/posts"}],"about":[{"href":"https:\/\/apuntesdesanluis.com\/index.php\/wp-json\/wp\/v2\/types\/post"}],"author":[{"embeddable":true,"href":"https:\/\/apuntesdesanluis.com\/index.php\/wp-json\/wp\/v2\/users\/1"}],"replies":[{"embeddable":true,"href":"https:\/\/apuntesdesanluis.com\/index.php\/wp-json\/wp\/v2\/comments?post=27654"}],"version-history":[{"count":3,"href":"https:\/\/apuntesdesanluis.com\/index.php\/wp-json\/wp\/v2\/posts\/27654\/revisions"}],"predecessor-version":[{"id":27661,"href":"https:\/\/apuntesdesanluis.com\/index.php\/wp-json\/wp\/v2\/posts\/27654\/revisions\/27661"}],"wp:featuredmedia":[{"embeddable":true,"href":"https:\/\/apuntesdesanluis.com\/index.php\/wp-json\/wp\/v2\/media\/27655"}],"wp:attachment":[{"href":"https:\/\/apuntesdesanluis.com\/index.php\/wp-json\/wp\/v2\/media?parent=27654"}],"wp:term":[{"taxonomy":"category","embeddable":true,"href":"https:\/\/apuntesdesanluis.com\/index.php\/wp-json\/wp\/v2\/categories?post=27654"},{"taxonomy":"post_tag","embeddable":true,"href":"https:\/\/apuntesdesanluis.com\/index.php\/wp-json\/wp\/v2\/tags?post=27654"}],"curies":[{"name":"wp","href":"https:\/\/api.w.org\/{rel}","templated":true}]}}