{"id":27662,"date":"2025-01-10T09:34:54","date_gmt":"2025-01-10T12:34:54","guid":{"rendered":"https:\/\/apuntesdesanluis.com\/?p=27662"},"modified":"2025-01-10T09:34:54","modified_gmt":"2025-01-10T12:34:54","slug":"emotivo-agradecimiento-de-la-paciente-con-cancer-al-recibir-el-medicamento","status":"publish","type":"post","link":"https:\/\/apuntesdesanluis.com\/index.php\/2025\/01\/10\/emotivo-agradecimiento-de-la-paciente-con-cancer-al-recibir-el-medicamento\/","title":{"rendered":"EMOTIVO AGRADECIMIENTO DE LA PACIENTE CON C\u00c1NCER AL RECIBIR EL MEDICAMENTO"},"content":{"rendered":"<h3>La villamercedina <strong>Claudia Rebolledo<\/strong>, de 35 a\u00f1os, la paciente que lucha desde 2015 contra un agresivo c\u00e1ncer cromos\u00f3mico, contin\u00faa internada en el Hospital Privado de C\u00f3rdoba. Ayer recibi\u00f3 por parte de <strong>Dosep<\/strong> un costoso medicamento, que le abre una nueva expectativa de vida.<\/h3>\n<h3>En los \u00faltimos d\u00edas le practicaron una intervenci\u00f3n, que consisti\u00f3 en extraer un hueso ubicado detr\u00e1s del o\u00eddo, para descomprimir el cerebro de la presi\u00f3n que ejerce el tumor. Pero los m\u00e9dicos no quisieron hacer la operaci\u00f3n original al advertir que el tumor se encuentra muy ramificado y la intervenci\u00f3n era \u201cde alt\u00edsimo riesgo\u201d.<\/h3>\n<h3>Por esa raz\u00f3n, la junta m\u00e9dica encabezada por los neur\u00f3logos resolvi\u00f3 que lo m\u00e1s apropiado es iniciar un tratamiento con un medicamento espec\u00edfico, que encapsula el tumor, y en tres meses observar la evoluci\u00f3n de la enfermedad y programar la operaci\u00f3n.<\/h3>\n<h3>El citado medicamento se llama <strong>Belzutif\u00e1n<\/strong>. Comenz\u00f3 a gestionarlo el a\u00f1o pasado y en un primer momento Dosep se neg\u00f3 a cubrir el tratamiento, motivo por el cual se present\u00f3 un recurso de amparo contra la obra social. En diciembre obtuvo una medida cautelar innovativa, que orden\u00f3 a Dosep \u201cotorgar el 100% de cobertura\u201d del medicamento, que finalmente Claudia recibi\u00f3 esta semana en C\u00f3rdoba.<\/h3>\n<div style=\"width: 478px;\" class=\"wp-video\"><!--[if lt IE 9]><script>document.createElement('video');<\/script><![endif]-->\n<video class=\"wp-video-shortcode\" id=\"video-27662-1\" width=\"478\" height=\"850\" preload=\"metadata\" controls=\"controls\"><source type=\"video\/mp4\" src=\"https:\/\/apuntesdesanluis.com\/wp-content\/uploads\/2025\/01\/WhatsApp-Video-2025-01-09-at-16.48.35.mp4?_=1\" \/><a href=\"https:\/\/apuntesdesanluis.com\/wp-content\/uploads\/2025\/01\/WhatsApp-Video-2025-01-09-at-16.48.35.mp4\">https:\/\/apuntesdesanluis.com\/wp-content\/uploads\/2025\/01\/WhatsApp-Video-2025-01-09-at-16.48.35.mp4<\/a><\/video><\/div>\n<p>&nbsp;<\/p>\n<p>&nbsp;<\/p>\n<p>&nbsp;<\/p>\n<p>&nbsp;<\/p>\n<p>&nbsp;<\/p>\n<p>&nbsp;<\/p>\n<p>&nbsp;<\/p>\n","protected":false},"excerpt":{"rendered":"<p>La villamercedina Claudia Rebolledo, de 35 a\u00f1os, la paciente que lucha desde 2015 contra un&#8230;<\/p>\n","protected":false},"author":1,"featured_media":27664,"comment_status":"closed","ping_status":"closed","sticky":false,"template":"","format":"standard","meta":{"footnotes":""},"categories":[6],"tags":[],"class_list":["post-27662","post","type-post","status-publish","format-standard","has-post-thumbnail","hentry","category-ciudad-provincia"],"yoast_head":"<!-- This site is optimized with the Yoast SEO plugin v26.1.1 - https:\/\/yoast.com\/wordpress\/plugins\/seo\/ -->\n<title>EMOTIVO AGRADECIMIENTO DE LA PACIENTE CON C\u00c1NCER AL RECIBIR EL MEDICAMENTO - Apuntes de San Luis<\/title>\n<meta name=\"robots\" content=\"index, follow, max-snippet:-1, max-image-preview:large, max-video-preview:-1\" \/>\n<link rel=\"canonical\" href=\"https:\/\/apuntesdesanluis.com\/index.php\/2025\/01\/10\/emotivo-agradecimiento-de-la-paciente-con-cancer-al-recibir-el-medicamento\/\" \/>\n<meta property=\"og:locale\" content=\"es_ES\" \/>\n<meta property=\"og:type\" content=\"article\" \/>\n<meta property=\"og:title\" content=\"EMOTIVO AGRADECIMIENTO DE LA PACIENTE CON C\u00c1NCER AL RECIBIR EL MEDICAMENTO - Apuntes de San Luis\" \/>\n<meta property=\"og:description\" content=\"La villamercedina Claudia Rebolledo, de 35 a\u00f1os, la paciente que lucha desde 2015 contra un...\" \/>\n<meta property=\"og:url\" content=\"https:\/\/apuntesdesanluis.com\/index.php\/2025\/01\/10\/emotivo-agradecimiento-de-la-paciente-con-cancer-al-recibir-el-medicamento\/\" \/>\n<meta property=\"og:site_name\" content=\"Apuntes de San Luis\" \/>\n<meta property=\"article:published_time\" content=\"2025-01-10T12:34:54+00:00\" \/>\n<meta property=\"og:image\" content=\"https:\/\/apuntesdesanluis.com\/wp-content\/uploads\/2025\/01\/claudia-rebolledo.png\" \/>\n\t<meta property=\"og:image:width\" content=\"700\" \/>\n\t<meta property=\"og:image:height\" content=\"417\" \/>\n\t<meta property=\"og:image:type\" content=\"image\/png\" \/>\n<meta name=\"author\" content=\"apuntesdesanluis.com\" \/>\n<meta name=\"twitter:card\" content=\"summary_large_image\" \/>\n<meta name=\"twitter:label1\" content=\"Escrito por\" \/>\n\t<meta name=\"twitter:data1\" content=\"apuntesdesanluis.com\" \/>\n\t<meta name=\"twitter:label2\" content=\"Tiempo de lectura\" \/>\n\t<meta name=\"twitter:data2\" content=\"2 minutos\" \/>\n<script type=\"application\/ld+json\" class=\"yoast-schema-graph\">{\"@context\":\"https:\/\/schema.org\",\"@graph\":[{\"@type\":\"Article\",\"@id\":\"https:\/\/apuntesdesanluis.com\/index.php\/2025\/01\/10\/emotivo-agradecimiento-de-la-paciente-con-cancer-al-recibir-el-medicamento\/#article\",\"isPartOf\":{\"@id\":\"https:\/\/apuntesdesanluis.com\/index.php\/2025\/01\/10\/emotivo-agradecimiento-de-la-paciente-con-cancer-al-recibir-el-medicamento\/\"},\"author\":{\"name\":\"apuntesdesanluis.com\",\"@id\":\"https:\/\/apuntesdesanluis.com\/#\/schema\/person\/b55151d52296fcce64d1a72538a70b90\"},\"headline\":\"EMOTIVO AGRADECIMIENTO DE LA PACIENTE CON C\u00c1NCER AL RECIBIR EL MEDICAMENTO\",\"datePublished\":\"2025-01-10T12:34:54+00:00\",\"mainEntityOfPage\":{\"@id\":\"https:\/\/apuntesdesanluis.com\/index.php\/2025\/01\/10\/emotivo-agradecimiento-de-la-paciente-con-cancer-al-recibir-el-medicamento\/\"},\"wordCount\":257,\"publisher\":{\"@id\":\"https:\/\/apuntesdesanluis.com\/#\/schema\/person\/b55151d52296fcce64d1a72538a70b90\"},\"image\":{\"@id\":\"https:\/\/apuntesdesanluis.com\/index.php\/2025\/01\/10\/emotivo-agradecimiento-de-la-paciente-con-cancer-al-recibir-el-medicamento\/#primaryimage\"},\"thumbnailUrl\":\"https:\/\/apuntesdesanluis.com\/wp-content\/uploads\/2025\/01\/claudia-rebolledo.png\",\"articleSection\":[\"Ciudad\/Provincia\"],\"inLanguage\":\"es-AR\"},{\"@type\":\"WebPage\",\"@id\":\"https:\/\/apuntesdesanluis.com\/index.php\/2025\/01\/10\/emotivo-agradecimiento-de-la-paciente-con-cancer-al-recibir-el-medicamento\/\",\"url\":\"https:\/\/apuntesdesanluis.com\/index.php\/2025\/01\/10\/emotivo-agradecimiento-de-la-paciente-con-cancer-al-recibir-el-medicamento\/\",\"name\":\"EMOTIVO AGRADECIMIENTO DE LA PACIENTE CON C\u00c1NCER AL RECIBIR EL MEDICAMENTO - Apuntes de San Luis\",\"isPartOf\":{\"@id\":\"https:\/\/apuntesdesanluis.com\/#website\"},\"primaryImageOfPage\":{\"@id\":\"https:\/\/apuntesdesanluis.com\/index.php\/2025\/01\/10\/emotivo-agradecimiento-de-la-paciente-con-cancer-al-recibir-el-medicamento\/#primaryimage\"},\"image\":{\"@id\":\"https:\/\/apuntesdesanluis.com\/index.php\/2025\/01\/10\/emotivo-agradecimiento-de-la-paciente-con-cancer-al-recibir-el-medicamento\/#primaryimage\"},\"thumbnailUrl\":\"https:\/\/apuntesdesanluis.com\/wp-content\/uploads\/2025\/01\/claudia-rebolledo.png\",\"datePublished\":\"2025-01-10T12:34:54+00:00\",\"breadcrumb\":{\"@id\":\"https:\/\/apuntesdesanluis.com\/index.php\/2025\/01\/10\/emotivo-agradecimiento-de-la-paciente-con-cancer-al-recibir-el-medicamento\/#breadcrumb\"},\"inLanguage\":\"es-AR\",\"potentialAction\":[{\"@type\":\"ReadAction\",\"target\":[\"https:\/\/apuntesdesanluis.com\/index.php\/2025\/01\/10\/emotivo-agradecimiento-de-la-paciente-con-cancer-al-recibir-el-medicamento\/\"]}]},{\"@type\":\"ImageObject\",\"inLanguage\":\"es-AR\",\"@id\":\"https:\/\/apuntesdesanluis.com\/index.php\/2025\/01\/10\/emotivo-agradecimiento-de-la-paciente-con-cancer-al-recibir-el-medicamento\/#primaryimage\",\"url\":\"https:\/\/apuntesdesanluis.com\/wp-content\/uploads\/2025\/01\/claudia-rebolledo.png\",\"contentUrl\":\"https:\/\/apuntesdesanluis.com\/wp-content\/uploads\/2025\/01\/claudia-rebolledo.png\",\"width\":700,\"height\":417},{\"@type\":\"BreadcrumbList\",\"@id\":\"https:\/\/apuntesdesanluis.com\/index.php\/2025\/01\/10\/emotivo-agradecimiento-de-la-paciente-con-cancer-al-recibir-el-medicamento\/#breadcrumb\",\"itemListElement\":[{\"@type\":\"ListItem\",\"position\":1,\"name\":\"Inicio\",\"item\":\"https:\/\/apuntesdesanluis.com\/\"},{\"@type\":\"ListItem\",\"position\":2,\"name\":\"EMOTIVO AGRADECIMIENTO DE LA PACIENTE CON C\u00c1NCER AL RECIBIR EL MEDICAMENTO\"}]},{\"@type\":\"WebSite\",\"@id\":\"https:\/\/apuntesdesanluis.com\/#website\",\"url\":\"https:\/\/apuntesdesanluis.com\/\",\"name\":\"Apuntes de San Luis\",\"description\":\"\",\"publisher\":{\"@id\":\"https:\/\/apuntesdesanluis.com\/#\/schema\/person\/b55151d52296fcce64d1a72538a70b90\"},\"potentialAction\":[{\"@type\":\"SearchAction\",\"target\":{\"@type\":\"EntryPoint\",\"urlTemplate\":\"https:\/\/apuntesdesanluis.com\/?s={search_term_string}\"},\"query-input\":{\"@type\":\"PropertyValueSpecification\",\"valueRequired\":true,\"valueName\":\"search_term_string\"}}],\"inLanguage\":\"es-AR\"},{\"@type\":[\"Person\",\"Organization\"],\"@id\":\"https:\/\/apuntesdesanluis.com\/#\/schema\/person\/b55151d52296fcce64d1a72538a70b90\",\"name\":\"apuntesdesanluis.com\",\"image\":{\"@type\":\"ImageObject\",\"inLanguage\":\"es-AR\",\"@id\":\"https:\/\/apuntesdesanluis.com\/#\/schema\/person\/image\/\",\"url\":\"https:\/\/apuntesdesanluis.com\/wp-content\/uploads\/2023\/07\/cropped-apuntesdesanluis.png\",\"contentUrl\":\"https:\/\/apuntesdesanluis.com\/wp-content\/uploads\/2023\/07\/cropped-apuntesdesanluis.png\",\"width\":450,\"height\":112,\"caption\":\"apuntesdesanluis.com\"},\"logo\":{\"@id\":\"https:\/\/apuntesdesanluis.com\/#\/schema\/person\/image\/\"},\"sameAs\":[\"https:\/\/apuntesdesanluis.com\"],\"url\":\"https:\/\/apuntesdesanluis.com\/index.php\/author\/apuntesdesanluis-com\/\"}]}<\/script>\n<!-- \/ Yoast SEO plugin. -->","yoast_head_json":{"title":"EMOTIVO AGRADECIMIENTO DE LA PACIENTE CON C\u00c1NCER AL RECIBIR EL MEDICAMENTO - Apuntes de San Luis","robots":{"index":"index","follow":"follow","max-snippet":"max-snippet:-1","max-image-preview":"max-image-preview:large","max-video-preview":"max-video-preview:-1"},"canonical":"https:\/\/apuntesdesanluis.com\/index.php\/2025\/01\/10\/emotivo-agradecimiento-de-la-paciente-con-cancer-al-recibir-el-medicamento\/","og_locale":"es_ES","og_type":"article","og_title":"EMOTIVO AGRADECIMIENTO DE LA PACIENTE CON C\u00c1NCER AL RECIBIR EL MEDICAMENTO - Apuntes de San Luis","og_description":"La villamercedina Claudia Rebolledo, de 35 a\u00f1os, la paciente que lucha desde 2015 contra un...","og_url":"https:\/\/apuntesdesanluis.com\/index.php\/2025\/01\/10\/emotivo-agradecimiento-de-la-paciente-con-cancer-al-recibir-el-medicamento\/","og_site_name":"Apuntes de San Luis","article_published_time":"2025-01-10T12:34:54+00:00","og_image":[{"width":700,"height":417,"url":"https:\/\/apuntesdesanluis.com\/wp-content\/uploads\/2025\/01\/claudia-rebolledo.png","type":"image\/png"}],"author":"apuntesdesanluis.com","twitter_card":"summary_large_image","twitter_misc":{"Escrito por":"apuntesdesanluis.com","Tiempo de lectura":"2 minutos"},"schema":{"@context":"https:\/\/schema.org","@graph":[{"@type":"Article","@id":"https:\/\/apuntesdesanluis.com\/index.php\/2025\/01\/10\/emotivo-agradecimiento-de-la-paciente-con-cancer-al-recibir-el-medicamento\/#article","isPartOf":{"@id":"https:\/\/apuntesdesanluis.com\/index.php\/2025\/01\/10\/emotivo-agradecimiento-de-la-paciente-con-cancer-al-recibir-el-medicamento\/"},"author":{"name":"apuntesdesanluis.com","@id":"https:\/\/apuntesdesanluis.com\/#\/schema\/person\/b55151d52296fcce64d1a72538a70b90"},"headline":"EMOTIVO AGRADECIMIENTO DE LA PACIENTE CON C\u00c1NCER AL RECIBIR EL MEDICAMENTO","datePublished":"2025-01-10T12:34:54+00:00","mainEntityOfPage":{"@id":"https:\/\/apuntesdesanluis.com\/index.php\/2025\/01\/10\/emotivo-agradecimiento-de-la-paciente-con-cancer-al-recibir-el-medicamento\/"},"wordCount":257,"publisher":{"@id":"https:\/\/apuntesdesanluis.com\/#\/schema\/person\/b55151d52296fcce64d1a72538a70b90"},"image":{"@id":"https:\/\/apuntesdesanluis.com\/index.php\/2025\/01\/10\/emotivo-agradecimiento-de-la-paciente-con-cancer-al-recibir-el-medicamento\/#primaryimage"},"thumbnailUrl":"https:\/\/apuntesdesanluis.com\/wp-content\/uploads\/2025\/01\/claudia-rebolledo.png","articleSection":["Ciudad\/Provincia"],"inLanguage":"es-AR"},{"@type":"WebPage","@id":"https:\/\/apuntesdesanluis.com\/index.php\/2025\/01\/10\/emotivo-agradecimiento-de-la-paciente-con-cancer-al-recibir-el-medicamento\/","url":"https:\/\/apuntesdesanluis.com\/index.php\/2025\/01\/10\/emotivo-agradecimiento-de-la-paciente-con-cancer-al-recibir-el-medicamento\/","name":"EMOTIVO AGRADECIMIENTO DE LA PACIENTE CON C\u00c1NCER AL RECIBIR EL MEDICAMENTO - Apuntes de San Luis","isPartOf":{"@id":"https:\/\/apuntesdesanluis.com\/#website"},"primaryImageOfPage":{"@id":"https:\/\/apuntesdesanluis.com\/index.php\/2025\/01\/10\/emotivo-agradecimiento-de-la-paciente-con-cancer-al-recibir-el-medicamento\/#primaryimage"},"image":{"@id":"https:\/\/apuntesdesanluis.com\/index.php\/2025\/01\/10\/emotivo-agradecimiento-de-la-paciente-con-cancer-al-recibir-el-medicamento\/#primaryimage"},"thumbnailUrl":"https:\/\/apuntesdesanluis.com\/wp-content\/uploads\/2025\/01\/claudia-rebolledo.png","datePublished":"2025-01-10T12:34:54+00:00","breadcrumb":{"@id":"https:\/\/apuntesdesanluis.com\/index.php\/2025\/01\/10\/emotivo-agradecimiento-de-la-paciente-con-cancer-al-recibir-el-medicamento\/#breadcrumb"},"inLanguage":"es-AR","potentialAction":[{"@type":"ReadAction","target":["https:\/\/apuntesdesanluis.com\/index.php\/2025\/01\/10\/emotivo-agradecimiento-de-la-paciente-con-cancer-al-recibir-el-medicamento\/"]}]},{"@type":"ImageObject","inLanguage":"es-AR","@id":"https:\/\/apuntesdesanluis.com\/index.php\/2025\/01\/10\/emotivo-agradecimiento-de-la-paciente-con-cancer-al-recibir-el-medicamento\/#primaryimage","url":"https:\/\/apuntesdesanluis.com\/wp-content\/uploads\/2025\/01\/claudia-rebolledo.png","contentUrl":"https:\/\/apuntesdesanluis.com\/wp-content\/uploads\/2025\/01\/claudia-rebolledo.png","width":700,"height":417},{"@type":"BreadcrumbList","@id":"https:\/\/apuntesdesanluis.com\/index.php\/2025\/01\/10\/emotivo-agradecimiento-de-la-paciente-con-cancer-al-recibir-el-medicamento\/#breadcrumb","itemListElement":[{"@type":"ListItem","position":1,"name":"Inicio","item":"https:\/\/apuntesdesanluis.com\/"},{"@type":"ListItem","position":2,"name":"EMOTIVO AGRADECIMIENTO DE LA PACIENTE CON C\u00c1NCER AL RECIBIR EL MEDICAMENTO"}]},{"@type":"WebSite","@id":"https:\/\/apuntesdesanluis.com\/#website","url":"https:\/\/apuntesdesanluis.com\/","name":"Apuntes de San Luis","description":"","publisher":{"@id":"https:\/\/apuntesdesanluis.com\/#\/schema\/person\/b55151d52296fcce64d1a72538a70b90"},"potentialAction":[{"@type":"SearchAction","target":{"@type":"EntryPoint","urlTemplate":"https:\/\/apuntesdesanluis.com\/?s={search_term_string}"},"query-input":{"@type":"PropertyValueSpecification","valueRequired":true,"valueName":"search_term_string"}}],"inLanguage":"es-AR"},{"@type":["Person","Organization"],"@id":"https:\/\/apuntesdesanluis.com\/#\/schema\/person\/b55151d52296fcce64d1a72538a70b90","name":"apuntesdesanluis.com","image":{"@type":"ImageObject","inLanguage":"es-AR","@id":"https:\/\/apuntesdesanluis.com\/#\/schema\/person\/image\/","url":"https:\/\/apuntesdesanluis.com\/wp-content\/uploads\/2023\/07\/cropped-apuntesdesanluis.png","contentUrl":"https:\/\/apuntesdesanluis.com\/wp-content\/uploads\/2023\/07\/cropped-apuntesdesanluis.png","width":450,"height":112,"caption":"apuntesdesanluis.com"},"logo":{"@id":"https:\/\/apuntesdesanluis.com\/#\/schema\/person\/image\/"},"sameAs":["https:\/\/apuntesdesanluis.com"],"url":"https:\/\/apuntesdesanluis.com\/index.php\/author\/apuntesdesanluis-com\/"}]}},"featured_image_urls":{"full":["https:\/\/apuntesdesanluis.com\/wp-content\/uploads\/2025\/01\/claudia-rebolledo.png",700,417,false],"thumbnail":["https:\/\/apuntesdesanluis.com\/wp-content\/uploads\/2025\/01\/claudia-rebolledo-150x150.png",150,150,true],"medium":["https:\/\/apuntesdesanluis.com\/wp-content\/uploads\/2025\/01\/claudia-rebolledo-300x179.png",300,179,true],"medium_large":["https:\/\/apuntesdesanluis.com\/wp-content\/uploads\/2025\/01\/claudia-rebolledo.png",640,381,false],"large":["https:\/\/apuntesdesanluis.com\/wp-content\/uploads\/2025\/01\/claudia-rebolledo.png",640,381,false],"1536x1536":["https:\/\/apuntesdesanluis.com\/wp-content\/uploads\/2025\/01\/claudia-rebolledo.png",700,417,false],"2048x2048":["https:\/\/apuntesdesanluis.com\/wp-content\/uploads\/2025\/01\/claudia-rebolledo.png",700,417,false],"newsever-slider-full":["https:\/\/apuntesdesanluis.com\/wp-content\/uploads\/2025\/01\/claudia-rebolledo.png",700,417,false],"newsever-featured":["https:\/\/apuntesdesanluis.com\/wp-content\/uploads\/2025\/01\/claudia-rebolledo.png",700,417,false],"newsever-medium":["https:\/\/apuntesdesanluis.com\/wp-content\/uploads\/2025\/01\/claudia-rebolledo.png",700,417,false]},"author_info":{"display_name":"apuntesdesanluis.com","author_link":"https:\/\/apuntesdesanluis.com\/index.php\/author\/apuntesdesanluis-com\/"},"category_info":"<a href=\"https:\/\/apuntesdesanluis.com\/index.php\/category\/ciudad-provincia\/\" rel=\"category tag\">Ciudad\/Provincia<\/a>","tag_info":"Ciudad\/Provincia","comment_count":"0","_links":{"self":[{"href":"https:\/\/apuntesdesanluis.com\/index.php\/wp-json\/wp\/v2\/posts\/27662","targetHints":{"allow":["GET"]}}],"collection":[{"href":"https:\/\/apuntesdesanluis.com\/index.php\/wp-json\/wp\/v2\/posts"}],"about":[{"href":"https:\/\/apuntesdesanluis.com\/index.php\/wp-json\/wp\/v2\/types\/post"}],"author":[{"embeddable":true,"href":"https:\/\/apuntesdesanluis.com\/index.php\/wp-json\/wp\/v2\/users\/1"}],"replies":[{"embeddable":true,"href":"https:\/\/apuntesdesanluis.com\/index.php\/wp-json\/wp\/v2\/comments?post=27662"}],"version-history":[{"count":1,"href":"https:\/\/apuntesdesanluis.com\/index.php\/wp-json\/wp\/v2\/posts\/27662\/revisions"}],"predecessor-version":[{"id":27665,"href":"https:\/\/apuntesdesanluis.com\/index.php\/wp-json\/wp\/v2\/posts\/27662\/revisions\/27665"}],"wp:featuredmedia":[{"embeddable":true,"href":"https:\/\/apuntesdesanluis.com\/index.php\/wp-json\/wp\/v2\/media\/27664"}],"wp:attachment":[{"href":"https:\/\/apuntesdesanluis.com\/index.php\/wp-json\/wp\/v2\/media?parent=27662"}],"wp:term":[{"taxonomy":"category","embeddable":true,"href":"https:\/\/apuntesdesanluis.com\/index.php\/wp-json\/wp\/v2\/categories?post=27662"},{"taxonomy":"post_tag","embeddable":true,"href":"https:\/\/apuntesdesanluis.com\/index.php\/wp-json\/wp\/v2\/tags?post=27662"}],"curies":[{"name":"wp","href":"https:\/\/api.w.org\/{rel}","templated":true}]}}