{"id":27686,"date":"2025-01-11T11:05:11","date_gmt":"2025-01-11T14:05:11","guid":{"rendered":"https:\/\/apuntesdesanluis.com\/?p=27686"},"modified":"2025-01-11T11:05:11","modified_gmt":"2025-01-11T14:05:11","slug":"maduro-asumio-su-tercer-mandato-presidencial-en-venezuela","status":"publish","type":"post","link":"https:\/\/apuntesdesanluis.com\/index.php\/2025\/01\/11\/maduro-asumio-su-tercer-mandato-presidencial-en-venezuela\/","title":{"rendered":"MADURO ASUMI\u00d3 SU TERCER MANDATO PRESIDENCIAL EN VENEZUELA"},"content":{"rendered":"<h3>Pese a las denuncias de fraude de la oposici\u00f3n y de gobiernos internacionales, Nicol\u00e1s Maduro se jurament\u00f3 este viernes para un tercer mandato en Venezuela.<\/h3>\n<h3>&#8220;Juro ante esta Constituci\u00f3n que har\u00e9 cumplir todos sus mandatos, que har\u00e9 cumplir todas las obligaciones de la Constituci\u00f3n y las leyes de la Rep\u00fablica&#8221;, dijo Maduro al asumir el cargo en una sesi\u00f3n en el Sal\u00f3n El\u00edptico.<\/h3>\n<h3>La ceremonia tuvo lugar en la Asamblea Nacional, en una sala m\u00e1s peque\u00f1a de la que tradicionalmente se utiliza para una juramentaci\u00f3n presidencial y con la \u00fanica asistencia de dos jefes de Estado: Miguel D\u00edaz-Canel, de Cuba, y Daniel Ortega, de Nicaragua.<\/h3>\n<h3>Por su parte la Fuerza Armada Nacional Bolivariana (FANB) de Venezuela jur\u00f3 viernes lealtad y subordinaci\u00f3n &#8220;absoluta&#8221; a Nicol\u00e1s Maduro, poco despu\u00e9s de su investidura como presidente del pa\u00eds sudamericano para el per\u00edodo 2025-2031.<\/h3>\n<h3>Oficiales de Aviaci\u00f3n, del Ej\u00e9rcito, la Armada, la Guardia Nacional y la Milicia Bolivariana hicieron gala de una extensa formaci\u00f3n en el Paseo Los Pr\u00f3ceres, en Caracas.<\/h3>\n<p><img fetchpriority=\"high\" decoding=\"async\" class=\"wp-image-27689 aligncenter\" src=\"https:\/\/apuntesdesanluis.com\/wp-content\/uploads\/2025\/01\/maduro-300x210.png\" alt=\"\" width=\"621\" height=\"435\" srcset=\"https:\/\/apuntesdesanluis.com\/wp-content\/uploads\/2025\/01\/maduro-300x210.png 300w, https:\/\/apuntesdesanluis.com\/wp-content\/uploads\/2025\/01\/maduro.png 730w\" sizes=\"(max-width: 621px) 100vw, 621px\" \/><\/p>\n<h3>La Fuerza Armada de Venezuela jura lealtad &#8220;absoluta&#8221; a Nicol\u00e1s Maduro para el per\u00edodo 2025-2031<\/h3>\n<h3>Al sitio arrib\u00f3 la caravana presidencial acompa\u00f1ada por motorizados leales al Gobierno y fue recibida por organizaciones sociales y simpatizantes que estaban apostados bajo el cielo caraque\u00f1o guardando a Maduro.<\/h3>\n<h3>A su llegada, el ministro de la Defensa, Vladimir Padrino L\u00f3pez, denunci\u00f3 que el pa\u00eds sudamericano &#8220;enfrenta de nuevo a una coalici\u00f3n de fuerzas extranjeras lideradas por el imperio estadounidense&#8221;.<\/h3>\n<h3>Asegur\u00f3 que han sido derrotados grupos violentos que intentan socavar la paz y la estabilidad para derrocar, v\u00eda golpe de Estado, al Gobierno constituido en Venezuela, ratificado el pasado 28 de julio de 2024, durante las elecciones generales.<\/h3>\n<h3>&#8220;Concurrimos a este acto de reconocimiento y reafirmaci\u00f3n de lealtad, haciendo un juramento que exalta las bases fundamentales en que descansa la organizaci\u00f3n militar, como son la disciplina, la obediencia y la subordinaci\u00f3n&#8221;, asever\u00f3 el tambi\u00e9n general en jefe del Ej\u00e9rcito.<\/h3>\n<h3>Mediante la lectura de un mensaje de la FANB, Padrino L\u00f3pez expres\u00f3 &#8220;el compromiso de fidelidad&#8221; al Gobierno venezolano.<\/h3>\n<h3><strong>OPOSICI\u00d3N<\/strong><\/h3>\n<h3>La oposici\u00f3n hab\u00eda insinuado que ten\u00eda un plan para que su candidato, Edmundo Gonz\u00e1lez, quien ha sido reconocido como el presidente electo por varios pa\u00edses, viajara hasta Caracas y tomara posesi\u00f3n del cargo, pero ese escenario no ocurri\u00f3.<\/h3>\n<h3>&#8220;Sigo trabajando las condiciones para mi ingreso a Venezuela para asumir, como lo manda la Constituci\u00f3n y me lo ha ordenado el pueblo, la presidencia de la Rep\u00fablica y la comandancia en jefe de la Fuerza Armada Nacional&#8221;, comunic\u00f3 Gonz\u00e1lez en un mensaje grabado y difundido por sus redes sociales el viernes por la tarde.<\/h3>\n<h3>La l\u00edder de la oposici\u00f3n, Mar\u00eda Corina Machado, tambi\u00e9n difundi\u00f3 un video en redes sociales para dirigirse a sus seguidores.<\/h3>\n<h3>En \u00e9l acus\u00f3 a Maduro de &#8220;consolidar un golpe de Estado&#8221; y a\u00f1adi\u00f3: &#8220;Edmundo vendr\u00e1 a Venezuela cuando las condiciones sean adecuadas&#8221;.<\/h3>\n<h3>Varios gobiernos en el mundo anunciaron nuevas sanciones contra el r\u00e9gimen venezolano, incluyendo un aumento de la recompensa en d\u00f3lares que ofrece Estados Unidos por informaci\u00f3n que lleve al arresto de Nicol\u00e1s Maduro.<\/h3>\n<p>&nbsp;<\/p>\n<p>&nbsp;<\/p>\n<p>&nbsp;<\/p>\n","protected":false},"excerpt":{"rendered":"<p>Pese a las denuncias de fraude de la oposici\u00f3n y de gobiernos internacionales, Nicol\u00e1s Maduro&#8230;<\/p>\n","protected":false},"author":1,"featured_media":27688,"comment_status":"closed","ping_status":"closed","sticky":false,"template":"","format":"standard","meta":{"footnotes":""},"categories":[5],"tags":[],"class_list":["post-27686","post","type-post","status-publish","format-standard","has-post-thumbnail","hentry","category-nacionales-internacionales"],"yoast_head":"<!-- This site is optimized with the Yoast SEO plugin v26.1.1 - https:\/\/yoast.com\/wordpress\/plugins\/seo\/ -->\n<title>MADURO ASUMI\u00d3 SU TERCER MANDATO PRESIDENCIAL EN VENEZUELA - Apuntes de San Luis<\/title>\n<meta name=\"robots\" content=\"index, follow, max-snippet:-1, max-image-preview:large, max-video-preview:-1\" \/>\n<link rel=\"canonical\" href=\"https:\/\/apuntesdesanluis.com\/index.php\/2025\/01\/11\/maduro-asumio-su-tercer-mandato-presidencial-en-venezuela\/\" \/>\n<meta property=\"og:locale\" content=\"es_ES\" \/>\n<meta property=\"og:type\" content=\"article\" \/>\n<meta property=\"og:title\" content=\"MADURO ASUMI\u00d3 SU TERCER MANDATO PRESIDENCIAL EN VENEZUELA - Apuntes de San Luis\" \/>\n<meta property=\"og:description\" content=\"Pese a las denuncias de fraude de la oposici\u00f3n y de gobiernos internacionales, Nicol\u00e1s Maduro...\" \/>\n<meta property=\"og:url\" content=\"https:\/\/apuntesdesanluis.com\/index.php\/2025\/01\/11\/maduro-asumio-su-tercer-mandato-presidencial-en-venezuela\/\" \/>\n<meta property=\"og:site_name\" content=\"Apuntes de San Luis\" \/>\n<meta property=\"article:published_time\" content=\"2025-01-11T14:05:11+00:00\" \/>\n<meta property=\"og:image\" content=\"https:\/\/apuntesdesanluis.com\/wp-content\/uploads\/2025\/01\/maduro-juro.png\" \/>\n\t<meta property=\"og:image:width\" content=\"794\" \/>\n\t<meta property=\"og:image:height\" content=\"539\" \/>\n\t<meta property=\"og:image:type\" content=\"image\/png\" \/>\n<meta name=\"author\" content=\"apuntesdesanluis.com\" \/>\n<meta name=\"twitter:card\" content=\"summary_large_image\" \/>\n<meta name=\"twitter:label1\" content=\"Escrito por\" \/>\n\t<meta name=\"twitter:data1\" content=\"apuntesdesanluis.com\" \/>\n\t<meta name=\"twitter:label2\" content=\"Tiempo de lectura\" \/>\n\t<meta name=\"twitter:data2\" content=\"3 minutos\" \/>\n<script type=\"application\/ld+json\" class=\"yoast-schema-graph\">{\"@context\":\"https:\/\/schema.org\",\"@graph\":[{\"@type\":\"Article\",\"@id\":\"https:\/\/apuntesdesanluis.com\/index.php\/2025\/01\/11\/maduro-asumio-su-tercer-mandato-presidencial-en-venezuela\/#article\",\"isPartOf\":{\"@id\":\"https:\/\/apuntesdesanluis.com\/index.php\/2025\/01\/11\/maduro-asumio-su-tercer-mandato-presidencial-en-venezuela\/\"},\"author\":{\"name\":\"apuntesdesanluis.com\",\"@id\":\"https:\/\/apuntesdesanluis.com\/#\/schema\/person\/b55151d52296fcce64d1a72538a70b90\"},\"headline\":\"MADURO ASUMI\u00d3 SU TERCER MANDATO PRESIDENCIAL EN VENEZUELA\",\"datePublished\":\"2025-01-11T14:05:11+00:00\",\"mainEntityOfPage\":{\"@id\":\"https:\/\/apuntesdesanluis.com\/index.php\/2025\/01\/11\/maduro-asumio-su-tercer-mandato-presidencial-en-venezuela\/\"},\"wordCount\":571,\"publisher\":{\"@id\":\"https:\/\/apuntesdesanluis.com\/#\/schema\/person\/b55151d52296fcce64d1a72538a70b90\"},\"image\":{\"@id\":\"https:\/\/apuntesdesanluis.com\/index.php\/2025\/01\/11\/maduro-asumio-su-tercer-mandato-presidencial-en-venezuela\/#primaryimage\"},\"thumbnailUrl\":\"https:\/\/apuntesdesanluis.com\/wp-content\/uploads\/2025\/01\/maduro-juro.png\",\"articleSection\":[\"Nacionales\/Internacionales\"],\"inLanguage\":\"es-AR\"},{\"@type\":\"WebPage\",\"@id\":\"https:\/\/apuntesdesanluis.com\/index.php\/2025\/01\/11\/maduro-asumio-su-tercer-mandato-presidencial-en-venezuela\/\",\"url\":\"https:\/\/apuntesdesanluis.com\/index.php\/2025\/01\/11\/maduro-asumio-su-tercer-mandato-presidencial-en-venezuela\/\",\"name\":\"MADURO ASUMI\u00d3 SU TERCER MANDATO PRESIDENCIAL EN VENEZUELA - Apuntes de San Luis\",\"isPartOf\":{\"@id\":\"https:\/\/apuntesdesanluis.com\/#website\"},\"primaryImageOfPage\":{\"@id\":\"https:\/\/apuntesdesanluis.com\/index.php\/2025\/01\/11\/maduro-asumio-su-tercer-mandato-presidencial-en-venezuela\/#primaryimage\"},\"image\":{\"@id\":\"https:\/\/apuntesdesanluis.com\/index.php\/2025\/01\/11\/maduro-asumio-su-tercer-mandato-presidencial-en-venezuela\/#primaryimage\"},\"thumbnailUrl\":\"https:\/\/apuntesdesanluis.com\/wp-content\/uploads\/2025\/01\/maduro-juro.png\",\"datePublished\":\"2025-01-11T14:05:11+00:00\",\"breadcrumb\":{\"@id\":\"https:\/\/apuntesdesanluis.com\/index.php\/2025\/01\/11\/maduro-asumio-su-tercer-mandato-presidencial-en-venezuela\/#breadcrumb\"},\"inLanguage\":\"es-AR\",\"potentialAction\":[{\"@type\":\"ReadAction\",\"target\":[\"https:\/\/apuntesdesanluis.com\/index.php\/2025\/01\/11\/maduro-asumio-su-tercer-mandato-presidencial-en-venezuela\/\"]}]},{\"@type\":\"ImageObject\",\"inLanguage\":\"es-AR\",\"@id\":\"https:\/\/apuntesdesanluis.com\/index.php\/2025\/01\/11\/maduro-asumio-su-tercer-mandato-presidencial-en-venezuela\/#primaryimage\",\"url\":\"https:\/\/apuntesdesanluis.com\/wp-content\/uploads\/2025\/01\/maduro-juro.png\",\"contentUrl\":\"https:\/\/apuntesdesanluis.com\/wp-content\/uploads\/2025\/01\/maduro-juro.png\",\"width\":794,\"height\":539},{\"@type\":\"BreadcrumbList\",\"@id\":\"https:\/\/apuntesdesanluis.com\/index.php\/2025\/01\/11\/maduro-asumio-su-tercer-mandato-presidencial-en-venezuela\/#breadcrumb\",\"itemListElement\":[{\"@type\":\"ListItem\",\"position\":1,\"name\":\"Inicio\",\"item\":\"https:\/\/apuntesdesanluis.com\/\"},{\"@type\":\"ListItem\",\"position\":2,\"name\":\"MADURO ASUMI\u00d3 SU TERCER MANDATO PRESIDENCIAL EN VENEZUELA\"}]},{\"@type\":\"WebSite\",\"@id\":\"https:\/\/apuntesdesanluis.com\/#website\",\"url\":\"https:\/\/apuntesdesanluis.com\/\",\"name\":\"Apuntes de San Luis\",\"description\":\"\",\"publisher\":{\"@id\":\"https:\/\/apuntesdesanluis.com\/#\/schema\/person\/b55151d52296fcce64d1a72538a70b90\"},\"potentialAction\":[{\"@type\":\"SearchAction\",\"target\":{\"@type\":\"EntryPoint\",\"urlTemplate\":\"https:\/\/apuntesdesanluis.com\/?s={search_term_string}\"},\"query-input\":{\"@type\":\"PropertyValueSpecification\",\"valueRequired\":true,\"valueName\":\"search_term_string\"}}],\"inLanguage\":\"es-AR\"},{\"@type\":[\"Person\",\"Organization\"],\"@id\":\"https:\/\/apuntesdesanluis.com\/#\/schema\/person\/b55151d52296fcce64d1a72538a70b90\",\"name\":\"apuntesdesanluis.com\",\"image\":{\"@type\":\"ImageObject\",\"inLanguage\":\"es-AR\",\"@id\":\"https:\/\/apuntesdesanluis.com\/#\/schema\/person\/image\/\",\"url\":\"https:\/\/apuntesdesanluis.com\/wp-content\/uploads\/2023\/07\/cropped-apuntesdesanluis.png\",\"contentUrl\":\"https:\/\/apuntesdesanluis.com\/wp-content\/uploads\/2023\/07\/cropped-apuntesdesanluis.png\",\"width\":450,\"height\":112,\"caption\":\"apuntesdesanluis.com\"},\"logo\":{\"@id\":\"https:\/\/apuntesdesanluis.com\/#\/schema\/person\/image\/\"},\"sameAs\":[\"https:\/\/apuntesdesanluis.com\"],\"url\":\"https:\/\/apuntesdesanluis.com\/index.php\/author\/apuntesdesanluis-com\/\"}]}<\/script>\n<!-- \/ Yoast SEO plugin. -->","yoast_head_json":{"title":"MADURO ASUMI\u00d3 SU TERCER MANDATO PRESIDENCIAL EN VENEZUELA - Apuntes de San Luis","robots":{"index":"index","follow":"follow","max-snippet":"max-snippet:-1","max-image-preview":"max-image-preview:large","max-video-preview":"max-video-preview:-1"},"canonical":"https:\/\/apuntesdesanluis.com\/index.php\/2025\/01\/11\/maduro-asumio-su-tercer-mandato-presidencial-en-venezuela\/","og_locale":"es_ES","og_type":"article","og_title":"MADURO ASUMI\u00d3 SU TERCER MANDATO PRESIDENCIAL EN VENEZUELA - Apuntes de San Luis","og_description":"Pese a las denuncias de fraude de la oposici\u00f3n y de gobiernos internacionales, Nicol\u00e1s Maduro...","og_url":"https:\/\/apuntesdesanluis.com\/index.php\/2025\/01\/11\/maduro-asumio-su-tercer-mandato-presidencial-en-venezuela\/","og_site_name":"Apuntes de San Luis","article_published_time":"2025-01-11T14:05:11+00:00","og_image":[{"width":794,"height":539,"url":"https:\/\/apuntesdesanluis.com\/wp-content\/uploads\/2025\/01\/maduro-juro.png","type":"image\/png"}],"author":"apuntesdesanluis.com","twitter_card":"summary_large_image","twitter_misc":{"Escrito por":"apuntesdesanluis.com","Tiempo de lectura":"3 minutos"},"schema":{"@context":"https:\/\/schema.org","@graph":[{"@type":"Article","@id":"https:\/\/apuntesdesanluis.com\/index.php\/2025\/01\/11\/maduro-asumio-su-tercer-mandato-presidencial-en-venezuela\/#article","isPartOf":{"@id":"https:\/\/apuntesdesanluis.com\/index.php\/2025\/01\/11\/maduro-asumio-su-tercer-mandato-presidencial-en-venezuela\/"},"author":{"name":"apuntesdesanluis.com","@id":"https:\/\/apuntesdesanluis.com\/#\/schema\/person\/b55151d52296fcce64d1a72538a70b90"},"headline":"MADURO ASUMI\u00d3 SU TERCER MANDATO PRESIDENCIAL EN VENEZUELA","datePublished":"2025-01-11T14:05:11+00:00","mainEntityOfPage":{"@id":"https:\/\/apuntesdesanluis.com\/index.php\/2025\/01\/11\/maduro-asumio-su-tercer-mandato-presidencial-en-venezuela\/"},"wordCount":571,"publisher":{"@id":"https:\/\/apuntesdesanluis.com\/#\/schema\/person\/b55151d52296fcce64d1a72538a70b90"},"image":{"@id":"https:\/\/apuntesdesanluis.com\/index.php\/2025\/01\/11\/maduro-asumio-su-tercer-mandato-presidencial-en-venezuela\/#primaryimage"},"thumbnailUrl":"https:\/\/apuntesdesanluis.com\/wp-content\/uploads\/2025\/01\/maduro-juro.png","articleSection":["Nacionales\/Internacionales"],"inLanguage":"es-AR"},{"@type":"WebPage","@id":"https:\/\/apuntesdesanluis.com\/index.php\/2025\/01\/11\/maduro-asumio-su-tercer-mandato-presidencial-en-venezuela\/","url":"https:\/\/apuntesdesanluis.com\/index.php\/2025\/01\/11\/maduro-asumio-su-tercer-mandato-presidencial-en-venezuela\/","name":"MADURO ASUMI\u00d3 SU TERCER MANDATO PRESIDENCIAL EN VENEZUELA - Apuntes de San Luis","isPartOf":{"@id":"https:\/\/apuntesdesanluis.com\/#website"},"primaryImageOfPage":{"@id":"https:\/\/apuntesdesanluis.com\/index.php\/2025\/01\/11\/maduro-asumio-su-tercer-mandato-presidencial-en-venezuela\/#primaryimage"},"image":{"@id":"https:\/\/apuntesdesanluis.com\/index.php\/2025\/01\/11\/maduro-asumio-su-tercer-mandato-presidencial-en-venezuela\/#primaryimage"},"thumbnailUrl":"https:\/\/apuntesdesanluis.com\/wp-content\/uploads\/2025\/01\/maduro-juro.png","datePublished":"2025-01-11T14:05:11+00:00","breadcrumb":{"@id":"https:\/\/apuntesdesanluis.com\/index.php\/2025\/01\/11\/maduro-asumio-su-tercer-mandato-presidencial-en-venezuela\/#breadcrumb"},"inLanguage":"es-AR","potentialAction":[{"@type":"ReadAction","target":["https:\/\/apuntesdesanluis.com\/index.php\/2025\/01\/11\/maduro-asumio-su-tercer-mandato-presidencial-en-venezuela\/"]}]},{"@type":"ImageObject","inLanguage":"es-AR","@id":"https:\/\/apuntesdesanluis.com\/index.php\/2025\/01\/11\/maduro-asumio-su-tercer-mandato-presidencial-en-venezuela\/#primaryimage","url":"https:\/\/apuntesdesanluis.com\/wp-content\/uploads\/2025\/01\/maduro-juro.png","contentUrl":"https:\/\/apuntesdesanluis.com\/wp-content\/uploads\/2025\/01\/maduro-juro.png","width":794,"height":539},{"@type":"BreadcrumbList","@id":"https:\/\/apuntesdesanluis.com\/index.php\/2025\/01\/11\/maduro-asumio-su-tercer-mandato-presidencial-en-venezuela\/#breadcrumb","itemListElement":[{"@type":"ListItem","position":1,"name":"Inicio","item":"https:\/\/apuntesdesanluis.com\/"},{"@type":"ListItem","position":2,"name":"MADURO ASUMI\u00d3 SU TERCER MANDATO PRESIDENCIAL EN VENEZUELA"}]},{"@type":"WebSite","@id":"https:\/\/apuntesdesanluis.com\/#website","url":"https:\/\/apuntesdesanluis.com\/","name":"Apuntes de San Luis","description":"","publisher":{"@id":"https:\/\/apuntesdesanluis.com\/#\/schema\/person\/b55151d52296fcce64d1a72538a70b90"},"potentialAction":[{"@type":"SearchAction","target":{"@type":"EntryPoint","urlTemplate":"https:\/\/apuntesdesanluis.com\/?s={search_term_string}"},"query-input":{"@type":"PropertyValueSpecification","valueRequired":true,"valueName":"search_term_string"}}],"inLanguage":"es-AR"},{"@type":["Person","Organization"],"@id":"https:\/\/apuntesdesanluis.com\/#\/schema\/person\/b55151d52296fcce64d1a72538a70b90","name":"apuntesdesanluis.com","image":{"@type":"ImageObject","inLanguage":"es-AR","@id":"https:\/\/apuntesdesanluis.com\/#\/schema\/person\/image\/","url":"https:\/\/apuntesdesanluis.com\/wp-content\/uploads\/2023\/07\/cropped-apuntesdesanluis.png","contentUrl":"https:\/\/apuntesdesanluis.com\/wp-content\/uploads\/2023\/07\/cropped-apuntesdesanluis.png","width":450,"height":112,"caption":"apuntesdesanluis.com"},"logo":{"@id":"https:\/\/apuntesdesanluis.com\/#\/schema\/person\/image\/"},"sameAs":["https:\/\/apuntesdesanluis.com"],"url":"https:\/\/apuntesdesanluis.com\/index.php\/author\/apuntesdesanluis-com\/"}]}},"featured_image_urls":{"full":["https:\/\/apuntesdesanluis.com\/wp-content\/uploads\/2025\/01\/maduro-juro.png",794,539,false],"thumbnail":["https:\/\/apuntesdesanluis.com\/wp-content\/uploads\/2025\/01\/maduro-juro-150x150.png",150,150,true],"medium":["https:\/\/apuntesdesanluis.com\/wp-content\/uploads\/2025\/01\/maduro-juro-300x204.png",300,204,true],"medium_large":["https:\/\/apuntesdesanluis.com\/wp-content\/uploads\/2025\/01\/maduro-juro-768x521.png",640,434,true],"large":["https:\/\/apuntesdesanluis.com\/wp-content\/uploads\/2025\/01\/maduro-juro.png",640,434,false],"1536x1536":["https:\/\/apuntesdesanluis.com\/wp-content\/uploads\/2025\/01\/maduro-juro.png",794,539,false],"2048x2048":["https:\/\/apuntesdesanluis.com\/wp-content\/uploads\/2025\/01\/maduro-juro.png",794,539,false],"newsever-slider-full":["https:\/\/apuntesdesanluis.com\/wp-content\/uploads\/2025\/01\/maduro-juro.png",794,539,false],"newsever-featured":["https:\/\/apuntesdesanluis.com\/wp-content\/uploads\/2025\/01\/maduro-juro.png",794,539,false],"newsever-medium":["https:\/\/apuntesdesanluis.com\/wp-content\/uploads\/2025\/01\/maduro-juro-720x475.png",720,475,true]},"author_info":{"display_name":"apuntesdesanluis.com","author_link":"https:\/\/apuntesdesanluis.com\/index.php\/author\/apuntesdesanluis-com\/"},"category_info":"<a href=\"https:\/\/apuntesdesanluis.com\/index.php\/category\/nacionales-internacionales\/\" rel=\"category tag\">Nacionales\/Internacionales<\/a>","tag_info":"Nacionales\/Internacionales","comment_count":"0","_links":{"self":[{"href":"https:\/\/apuntesdesanluis.com\/index.php\/wp-json\/wp\/v2\/posts\/27686","targetHints":{"allow":["GET"]}}],"collection":[{"href":"https:\/\/apuntesdesanluis.com\/index.php\/wp-json\/wp\/v2\/posts"}],"about":[{"href":"https:\/\/apuntesdesanluis.com\/index.php\/wp-json\/wp\/v2\/types\/post"}],"author":[{"embeddable":true,"href":"https:\/\/apuntesdesanluis.com\/index.php\/wp-json\/wp\/v2\/users\/1"}],"replies":[{"embeddable":true,"href":"https:\/\/apuntesdesanluis.com\/index.php\/wp-json\/wp\/v2\/comments?post=27686"}],"version-history":[{"count":2,"href":"https:\/\/apuntesdesanluis.com\/index.php\/wp-json\/wp\/v2\/posts\/27686\/revisions"}],"predecessor-version":[{"id":27690,"href":"https:\/\/apuntesdesanluis.com\/index.php\/wp-json\/wp\/v2\/posts\/27686\/revisions\/27690"}],"wp:featuredmedia":[{"embeddable":true,"href":"https:\/\/apuntesdesanluis.com\/index.php\/wp-json\/wp\/v2\/media\/27688"}],"wp:attachment":[{"href":"https:\/\/apuntesdesanluis.com\/index.php\/wp-json\/wp\/v2\/media?parent=27686"}],"wp:term":[{"taxonomy":"category","embeddable":true,"href":"https:\/\/apuntesdesanluis.com\/index.php\/wp-json\/wp\/v2\/categories?post=27686"},{"taxonomy":"post_tag","embeddable":true,"href":"https:\/\/apuntesdesanluis.com\/index.php\/wp-json\/wp\/v2\/tags?post=27686"}],"curies":[{"name":"wp","href":"https:\/\/api.w.org\/{rel}","templated":true}]}}