{"id":27691,"date":"2025-01-13T08:38:50","date_gmt":"2025-01-13T11:38:50","guid":{"rendered":"https:\/\/apuntesdesanluis.com\/?p=27691"},"modified":"2025-01-14T21:20:18","modified_gmt":"2025-01-15T00:20:18","slug":"positivo-balance-del-intendente-luciano-ayala-del-festival-de-los-vientos","status":"publish","type":"post","link":"https:\/\/apuntesdesanluis.com\/index.php\/2025\/01\/13\/positivo-balance-del-intendente-luciano-ayala-del-festival-de-los-vientos\/","title":{"rendered":"POSITIVO BALANCE DEL INTENDENTE LUCIANO AYALA DEL FESTIVAL DE LOS VIENTOS"},"content":{"rendered":"<h3>\u201cEstamos satisfechos, muy contentos, nuestro querido Festival de los Vientos sigue creciendo y ya estamos pensando en la pr\u00f3xima edici\u00f3n. El balance del festival es altamento positio. Creo que hemos ganado suficiente experiencia y estamos en condiciones de dar un salto de calidad el pr\u00f3ximo a\u00f1o\u201d, expres\u00f3 el intendente de La Punta, <strong>Luciano Ayala<\/strong>.<\/h3>\n<h3>El funcionario adelant\u00f3 en exclusiva a <strong>Apuntes de San Luis<\/strong> que el pr\u00f3ximo a\u00f1o el festival durar\u00e1 dos noches y ya est\u00e1n pensando en agregarle &#8220;algunas sorpresas&#8221;.<\/h3>\n<h3>Con m\u00e1s de 5.000 asistentes, la VII\u00aa edici\u00f3n del Festival de los Vientos marc\u00f3 un gran \u00e9xito a nivel provincial, lo que coloca al evento entre los m\u00e1s convocantes en esta temporada 2025.<\/h3>\n<h3>\u201cSiempre intentamos organizar un festival en el que la cultura sea lo primordial, tratando de integrar lo local, lo nacional. Tambi\u00e9n buscamos que tenga una entrada accesible. Este a\u00f1o cambiamos un poco el formato y logramos que tambi\u00e9n el privado sea un sponsor. Y en La Punta, siempre que hay un evento, los emprendedores y los artesanos est\u00e1n presentes. Tenemos una pol\u00edtica muy fuerte desde hace muchos a\u00f1os en todo lo que es el emprendedurismo, porque creemos que es el motor de la econom\u00eda local\u201d, dijo, y destac\u00f3 el acompa\u00f1amiento del Ejecutivo Provincial, en la persona del vicegobernador <strong>Ricardo Endeiza<\/strong>.<\/h3>\n<p><iframe title=\"Luciano Ayala, intendente de La Punta\" width=\"640\" height=\"360\" src=\"https:\/\/www.youtube.com\/embed\/rEZr5f5hp-g?feature=oembed\" frameborder=\"0\" allow=\"accelerometer; autoplay; clipboard-write; encrypted-media; gyroscope; picture-in-picture; web-share\" referrerpolicy=\"strict-origin-when-cross-origin\" allowfullscreen><\/iframe><\/p>\n<h3>Tambi\u00e9n felicit\u00f3 a todo el personal afectado a la organizaci\u00f3n y al numeroso p\u00fablico asistente, resaltando que &#8220;vivimos una fiesta maravillosa, sin que se registrara ning\u00fan incidente, con muchas parejas con sus hijos, j\u00f3venes, mayores, en definitiva con las familias de La Punta pero tambi\u00e9n de otras localidades que nos visitan cada a\u00f1o, con la tranquilidad de venir a disfrutar una noche diferente&#8221;, agreg\u00f3 el jefe comunal.<\/h3>\n<p><img fetchpriority=\"high\" decoding=\"async\" class=\"wp-image-27693 aligncenter\" src=\"https:\/\/apuntesdesanluis.com\/wp-content\/uploads\/2025\/01\/publico-festival-de-los-vientos-300x183.jpg\" alt=\"\" width=\"620\" height=\"378\" srcset=\"https:\/\/apuntesdesanluis.com\/wp-content\/uploads\/2025\/01\/publico-festival-de-los-vientos-300x183.jpg 300w, https:\/\/apuntesdesanluis.com\/wp-content\/uploads\/2025\/01\/publico-festival-de-los-vientos-768x469.jpg 768w, https:\/\/apuntesdesanluis.com\/wp-content\/uploads\/2025\/01\/publico-festival-de-los-vientos.jpg 798w\" sizes=\"(max-width: 620px) 100vw, 620px\" \/><\/p>\n<h3>Con un clima ideal y una grilla que incluy\u00f3 artistas nacionales y locales, la ciudad m\u00e1s joven de la provincia ofreci\u00f3 una noche de s\u00e1bado con diversi\u00f3n, luces, buena cantidad de p\u00fablico, patio gastron\u00f3mico y feriantes.<\/h3>\n<h3>La cancha sint\u00e9tica del Polideportivo Municipal \u2018Manuel Garc\u00eda Ferr\u00e9\u2019 de La Punta vibr\u00f3 con la 7\u00aa edici\u00f3n del Festival de los Vientos, que tuvo la apertura a cargo del Taller Municipal Juvenil y Danzares. Las ni\u00f1as, ni\u00f1os y adolescentes que lo integran se ganaron con creces los aplausos que cosecharon.<\/h3>\n<p><img decoding=\"async\" class=\"wp-image-27694 aligncenter\" src=\"https:\/\/apuntesdesanluis.com\/wp-content\/uploads\/2025\/01\/festival-de-los-vientos-en-la-punta-300x237.png\" alt=\"\" width=\"597\" height=\"472\" srcset=\"https:\/\/apuntesdesanluis.com\/wp-content\/uploads\/2025\/01\/festival-de-los-vientos-en-la-punta-300x237.png 300w, https:\/\/apuntesdesanluis.com\/wp-content\/uploads\/2025\/01\/festival-de-los-vientos-en-la-punta-768x606.png 768w, https:\/\/apuntesdesanluis.com\/wp-content\/uploads\/2025\/01\/festival-de-los-vientos-en-la-punta.png 803w\" sizes=\"(max-width: 597px) 100vw, 597px\" \/><\/p>\n<h3>El p\u00fablico pudo disfrutar de una grilla variada, en la que brillaron artistas locales, como Destino Cuyo, el Taller Municipal pre Juvenil, Carolina \u2018La Colo\u2019 Mart\u00edn junto a la banda 441 y el Taller Municipal Folklore Adulto.<\/h3>\n<h3>Mientras avanzaba la noche, fue el turno de la Banda Potencia, que trajo de Santiago de Estero el chamam\u00e9, el ballet de la Polic\u00eda Provincial y la banda Cima-Taller Municipal de Folklore Juvenil.<\/h3>\n<p><img decoding=\"async\" class=\"wp-image-27695 aligncenter\" src=\"https:\/\/apuntesdesanluis.com\/wp-content\/uploads\/2025\/01\/festival-de-los-vientos-artistas-300x188.jpg\" alt=\"\" width=\"622\" height=\"390\" srcset=\"https:\/\/apuntesdesanluis.com\/wp-content\/uploads\/2025\/01\/festival-de-los-vientos-artistas-300x188.jpg 300w, https:\/\/apuntesdesanluis.com\/wp-content\/uploads\/2025\/01\/festival-de-los-vientos-artistas-768x480.jpg 768w, https:\/\/apuntesdesanluis.com\/wp-content\/uploads\/2025\/01\/festival-de-los-vientos-artistas.jpg 800w\" sizes=\"(max-width: 622px) 100vw, 622px\" \/><\/p>\n<h3>El grupo Ahyre, que se alz\u00f3 en 2024 con dos Gaviotas de Plata en el Festival de Vi\u00f1a del Mar, tuvo la misi\u00f3n de acercar a La Punta el ritmo y el calor folcl\u00f3rico, y el finalista de La Voz Argentina 2021, Ezequiel Pedraza, y Lisandro M\u00e1rquez, el son del cuarteto, ya para cerrar la noche.<\/h3>\n<h3>\u201cRealmente es una alegr\u00eda participar del Festival de los Vientos, al que hemos venido un mont\u00f3n de veces y al que la Legislatura ha declarado festival provincial. Despu\u00e9s de una semana que no empez\u00f3 de la mejor manera por el temporal, estamos viviendo una noche muy linda, muy tranquila y con mucha alegr\u00eda\u201d, dijo el Vicegobernador Ricardo Endeiza.<\/h3>\n<p><iframe title=\"Ricardo Endeiza, vicegobernador de San Luis   La Punta\" width=\"640\" height=\"360\" src=\"https:\/\/www.youtube.com\/embed\/xo1D-A4mMfE?feature=oembed\" frameborder=\"0\" allow=\"accelerometer; autoplay; clipboard-write; encrypted-media; gyroscope; picture-in-picture; web-share\" referrerpolicy=\"strict-origin-when-cross-origin\" allowfullscreen><\/iframe><\/p>\n<h3>\u201cAparte de un espect\u00e1culo art\u00edstico y competitivo, estamos dando un servicio, a trav\u00e9s de los emprendedores, a quienes han venido a disfrutar, para que puedan comer sus alimentos, sus bebidas. Y, a la vez, dar la oportunidad a los emprendedores de que puedan vender sus productos. As\u00ed que estamos haciendo un c\u00edrculo virtuoso\u201d, consider\u00f3 Endeiza.<\/h3>\n<p>&nbsp;<\/p>\n<p>&nbsp;<\/p>\n<p>&nbsp;<\/p>\n<p>&nbsp;<\/p>\n","protected":false},"excerpt":{"rendered":"<p>\u201cEstamos satisfechos, muy contentos, nuestro querido Festival de los Vientos sigue creciendo y ya estamos&#8230;<\/p>\n","protected":false},"author":1,"featured_media":27749,"comment_status":"closed","ping_status":"closed","sticky":false,"template":"","format":"standard","meta":{"footnotes":""},"categories":[6],"tags":[],"class_list":["post-27691","post","type-post","status-publish","format-standard","has-post-thumbnail","hentry","category-ciudad-provincia"],"yoast_head":"<!-- This site is optimized with the Yoast SEO plugin v26.1.1 - https:\/\/yoast.com\/wordpress\/plugins\/seo\/ -->\n<title>POSITIVO BALANCE DEL INTENDENTE LUCIANO AYALA DEL FESTIVAL DE LOS VIENTOS - Apuntes de San Luis<\/title>\n<meta name=\"robots\" content=\"index, follow, max-snippet:-1, max-image-preview:large, max-video-preview:-1\" \/>\n<link rel=\"canonical\" href=\"https:\/\/apuntesdesanluis.com\/index.php\/2025\/01\/13\/positivo-balance-del-intendente-luciano-ayala-del-festival-de-los-vientos\/\" \/>\n<meta property=\"og:locale\" content=\"es_ES\" \/>\n<meta property=\"og:type\" content=\"article\" \/>\n<meta property=\"og:title\" content=\"POSITIVO BALANCE DEL INTENDENTE LUCIANO AYALA DEL FESTIVAL DE LOS VIENTOS - Apuntes de San Luis\" \/>\n<meta property=\"og:description\" content=\"\u201cEstamos satisfechos, muy contentos, nuestro querido Festival de los Vientos sigue creciendo y ya estamos...\" \/>\n<meta property=\"og:url\" content=\"https:\/\/apuntesdesanluis.com\/index.php\/2025\/01\/13\/positivo-balance-del-intendente-luciano-ayala-del-festival-de-los-vientos\/\" \/>\n<meta property=\"og:site_name\" content=\"Apuntes de San Luis\" \/>\n<meta property=\"article:published_time\" content=\"2025-01-13T11:38:50+00:00\" \/>\n<meta property=\"article:modified_time\" content=\"2025-01-15T00:20:18+00:00\" \/>\n<meta property=\"og:image\" content=\"https:\/\/apuntesdesanluis.com\/wp-content\/uploads\/2025\/01\/LUCIANO-AYALA-1.png\" \/>\n\t<meta property=\"og:image:width\" content=\"800\" \/>\n\t<meta property=\"og:image:height\" content=\"587\" \/>\n\t<meta property=\"og:image:type\" content=\"image\/png\" \/>\n<meta name=\"author\" content=\"apuntesdesanluis.com\" \/>\n<meta name=\"twitter:card\" content=\"summary_large_image\" \/>\n<meta name=\"twitter:label1\" content=\"Escrito por\" \/>\n\t<meta name=\"twitter:data1\" content=\"apuntesdesanluis.com\" \/>\n\t<meta name=\"twitter:label2\" content=\"Tiempo de lectura\" \/>\n\t<meta name=\"twitter:data2\" content=\"4 minutos\" \/>\n<script type=\"application\/ld+json\" class=\"yoast-schema-graph\">{\"@context\":\"https:\/\/schema.org\",\"@graph\":[{\"@type\":\"Article\",\"@id\":\"https:\/\/apuntesdesanluis.com\/index.php\/2025\/01\/13\/positivo-balance-del-intendente-luciano-ayala-del-festival-de-los-vientos\/#article\",\"isPartOf\":{\"@id\":\"https:\/\/apuntesdesanluis.com\/index.php\/2025\/01\/13\/positivo-balance-del-intendente-luciano-ayala-del-festival-de-los-vientos\/\"},\"author\":{\"name\":\"apuntesdesanluis.com\",\"@id\":\"https:\/\/apuntesdesanluis.com\/#\/schema\/person\/b55151d52296fcce64d1a72538a70b90\"},\"headline\":\"POSITIVO BALANCE DEL INTENDENTE LUCIANO AYALA DEL FESTIVAL DE LOS VIENTOS\",\"datePublished\":\"2025-01-13T11:38:50+00:00\",\"dateModified\":\"2025-01-15T00:20:18+00:00\",\"mainEntityOfPage\":{\"@id\":\"https:\/\/apuntesdesanluis.com\/index.php\/2025\/01\/13\/positivo-balance-del-intendente-luciano-ayala-del-festival-de-los-vientos\/\"},\"wordCount\":681,\"publisher\":{\"@id\":\"https:\/\/apuntesdesanluis.com\/#\/schema\/person\/b55151d52296fcce64d1a72538a70b90\"},\"image\":{\"@id\":\"https:\/\/apuntesdesanluis.com\/index.php\/2025\/01\/13\/positivo-balance-del-intendente-luciano-ayala-del-festival-de-los-vientos\/#primaryimage\"},\"thumbnailUrl\":\"https:\/\/apuntesdesanluis.com\/wp-content\/uploads\/2025\/01\/LUCIANO-AYALA-1.png\",\"articleSection\":[\"Ciudad\/Provincia\"],\"inLanguage\":\"es-AR\"},{\"@type\":\"WebPage\",\"@id\":\"https:\/\/apuntesdesanluis.com\/index.php\/2025\/01\/13\/positivo-balance-del-intendente-luciano-ayala-del-festival-de-los-vientos\/\",\"url\":\"https:\/\/apuntesdesanluis.com\/index.php\/2025\/01\/13\/positivo-balance-del-intendente-luciano-ayala-del-festival-de-los-vientos\/\",\"name\":\"POSITIVO BALANCE DEL INTENDENTE LUCIANO AYALA DEL FESTIVAL DE LOS VIENTOS - Apuntes de San Luis\",\"isPartOf\":{\"@id\":\"https:\/\/apuntesdesanluis.com\/#website\"},\"primaryImageOfPage\":{\"@id\":\"https:\/\/apuntesdesanluis.com\/index.php\/2025\/01\/13\/positivo-balance-del-intendente-luciano-ayala-del-festival-de-los-vientos\/#primaryimage\"},\"image\":{\"@id\":\"https:\/\/apuntesdesanluis.com\/index.php\/2025\/01\/13\/positivo-balance-del-intendente-luciano-ayala-del-festival-de-los-vientos\/#primaryimage\"},\"thumbnailUrl\":\"https:\/\/apuntesdesanluis.com\/wp-content\/uploads\/2025\/01\/LUCIANO-AYALA-1.png\",\"datePublished\":\"2025-01-13T11:38:50+00:00\",\"dateModified\":\"2025-01-15T00:20:18+00:00\",\"breadcrumb\":{\"@id\":\"https:\/\/apuntesdesanluis.com\/index.php\/2025\/01\/13\/positivo-balance-del-intendente-luciano-ayala-del-festival-de-los-vientos\/#breadcrumb\"},\"inLanguage\":\"es-AR\",\"potentialAction\":[{\"@type\":\"ReadAction\",\"target\":[\"https:\/\/apuntesdesanluis.com\/index.php\/2025\/01\/13\/positivo-balance-del-intendente-luciano-ayala-del-festival-de-los-vientos\/\"]}]},{\"@type\":\"ImageObject\",\"inLanguage\":\"es-AR\",\"@id\":\"https:\/\/apuntesdesanluis.com\/index.php\/2025\/01\/13\/positivo-balance-del-intendente-luciano-ayala-del-festival-de-los-vientos\/#primaryimage\",\"url\":\"https:\/\/apuntesdesanluis.com\/wp-content\/uploads\/2025\/01\/LUCIANO-AYALA-1.png\",\"contentUrl\":\"https:\/\/apuntesdesanluis.com\/wp-content\/uploads\/2025\/01\/LUCIANO-AYALA-1.png\",\"width\":800,\"height\":587},{\"@type\":\"BreadcrumbList\",\"@id\":\"https:\/\/apuntesdesanluis.com\/index.php\/2025\/01\/13\/positivo-balance-del-intendente-luciano-ayala-del-festival-de-los-vientos\/#breadcrumb\",\"itemListElement\":[{\"@type\":\"ListItem\",\"position\":1,\"name\":\"Inicio\",\"item\":\"https:\/\/apuntesdesanluis.com\/\"},{\"@type\":\"ListItem\",\"position\":2,\"name\":\"POSITIVO BALANCE DEL INTENDENTE LUCIANO AYALA DEL FESTIVAL DE LOS VIENTOS\"}]},{\"@type\":\"WebSite\",\"@id\":\"https:\/\/apuntesdesanluis.com\/#website\",\"url\":\"https:\/\/apuntesdesanluis.com\/\",\"name\":\"Apuntes de San Luis\",\"description\":\"\",\"publisher\":{\"@id\":\"https:\/\/apuntesdesanluis.com\/#\/schema\/person\/b55151d52296fcce64d1a72538a70b90\"},\"potentialAction\":[{\"@type\":\"SearchAction\",\"target\":{\"@type\":\"EntryPoint\",\"urlTemplate\":\"https:\/\/apuntesdesanluis.com\/?s={search_term_string}\"},\"query-input\":{\"@type\":\"PropertyValueSpecification\",\"valueRequired\":true,\"valueName\":\"search_term_string\"}}],\"inLanguage\":\"es-AR\"},{\"@type\":[\"Person\",\"Organization\"],\"@id\":\"https:\/\/apuntesdesanluis.com\/#\/schema\/person\/b55151d52296fcce64d1a72538a70b90\",\"name\":\"apuntesdesanluis.com\",\"image\":{\"@type\":\"ImageObject\",\"inLanguage\":\"es-AR\",\"@id\":\"https:\/\/apuntesdesanluis.com\/#\/schema\/person\/image\/\",\"url\":\"https:\/\/apuntesdesanluis.com\/wp-content\/uploads\/2023\/07\/cropped-apuntesdesanluis.png\",\"contentUrl\":\"https:\/\/apuntesdesanluis.com\/wp-content\/uploads\/2023\/07\/cropped-apuntesdesanluis.png\",\"width\":450,\"height\":112,\"caption\":\"apuntesdesanluis.com\"},\"logo\":{\"@id\":\"https:\/\/apuntesdesanluis.com\/#\/schema\/person\/image\/\"},\"sameAs\":[\"https:\/\/apuntesdesanluis.com\"],\"url\":\"https:\/\/apuntesdesanluis.com\/index.php\/author\/apuntesdesanluis-com\/\"}]}<\/script>\n<!-- \/ Yoast SEO plugin. -->","yoast_head_json":{"title":"POSITIVO BALANCE DEL INTENDENTE LUCIANO AYALA DEL FESTIVAL DE LOS VIENTOS - Apuntes de San Luis","robots":{"index":"index","follow":"follow","max-snippet":"max-snippet:-1","max-image-preview":"max-image-preview:large","max-video-preview":"max-video-preview:-1"},"canonical":"https:\/\/apuntesdesanluis.com\/index.php\/2025\/01\/13\/positivo-balance-del-intendente-luciano-ayala-del-festival-de-los-vientos\/","og_locale":"es_ES","og_type":"article","og_title":"POSITIVO BALANCE DEL INTENDENTE LUCIANO AYALA DEL FESTIVAL DE LOS VIENTOS - Apuntes de San Luis","og_description":"\u201cEstamos satisfechos, muy contentos, nuestro querido Festival de los Vientos sigue creciendo y ya estamos...","og_url":"https:\/\/apuntesdesanluis.com\/index.php\/2025\/01\/13\/positivo-balance-del-intendente-luciano-ayala-del-festival-de-los-vientos\/","og_site_name":"Apuntes de San Luis","article_published_time":"2025-01-13T11:38:50+00:00","article_modified_time":"2025-01-15T00:20:18+00:00","og_image":[{"width":800,"height":587,"url":"https:\/\/apuntesdesanluis.com\/wp-content\/uploads\/2025\/01\/LUCIANO-AYALA-1.png","type":"image\/png"}],"author":"apuntesdesanluis.com","twitter_card":"summary_large_image","twitter_misc":{"Escrito por":"apuntesdesanluis.com","Tiempo de lectura":"4 minutos"},"schema":{"@context":"https:\/\/schema.org","@graph":[{"@type":"Article","@id":"https:\/\/apuntesdesanluis.com\/index.php\/2025\/01\/13\/positivo-balance-del-intendente-luciano-ayala-del-festival-de-los-vientos\/#article","isPartOf":{"@id":"https:\/\/apuntesdesanluis.com\/index.php\/2025\/01\/13\/positivo-balance-del-intendente-luciano-ayala-del-festival-de-los-vientos\/"},"author":{"name":"apuntesdesanluis.com","@id":"https:\/\/apuntesdesanluis.com\/#\/schema\/person\/b55151d52296fcce64d1a72538a70b90"},"headline":"POSITIVO BALANCE DEL INTENDENTE LUCIANO AYALA DEL FESTIVAL DE LOS VIENTOS","datePublished":"2025-01-13T11:38:50+00:00","dateModified":"2025-01-15T00:20:18+00:00","mainEntityOfPage":{"@id":"https:\/\/apuntesdesanluis.com\/index.php\/2025\/01\/13\/positivo-balance-del-intendente-luciano-ayala-del-festival-de-los-vientos\/"},"wordCount":681,"publisher":{"@id":"https:\/\/apuntesdesanluis.com\/#\/schema\/person\/b55151d52296fcce64d1a72538a70b90"},"image":{"@id":"https:\/\/apuntesdesanluis.com\/index.php\/2025\/01\/13\/positivo-balance-del-intendente-luciano-ayala-del-festival-de-los-vientos\/#primaryimage"},"thumbnailUrl":"https:\/\/apuntesdesanluis.com\/wp-content\/uploads\/2025\/01\/LUCIANO-AYALA-1.png","articleSection":["Ciudad\/Provincia"],"inLanguage":"es-AR"},{"@type":"WebPage","@id":"https:\/\/apuntesdesanluis.com\/index.php\/2025\/01\/13\/positivo-balance-del-intendente-luciano-ayala-del-festival-de-los-vientos\/","url":"https:\/\/apuntesdesanluis.com\/index.php\/2025\/01\/13\/positivo-balance-del-intendente-luciano-ayala-del-festival-de-los-vientos\/","name":"POSITIVO BALANCE DEL INTENDENTE LUCIANO AYALA DEL FESTIVAL DE LOS VIENTOS - Apuntes de San Luis","isPartOf":{"@id":"https:\/\/apuntesdesanluis.com\/#website"},"primaryImageOfPage":{"@id":"https:\/\/apuntesdesanluis.com\/index.php\/2025\/01\/13\/positivo-balance-del-intendente-luciano-ayala-del-festival-de-los-vientos\/#primaryimage"},"image":{"@id":"https:\/\/apuntesdesanluis.com\/index.php\/2025\/01\/13\/positivo-balance-del-intendente-luciano-ayala-del-festival-de-los-vientos\/#primaryimage"},"thumbnailUrl":"https:\/\/apuntesdesanluis.com\/wp-content\/uploads\/2025\/01\/LUCIANO-AYALA-1.png","datePublished":"2025-01-13T11:38:50+00:00","dateModified":"2025-01-15T00:20:18+00:00","breadcrumb":{"@id":"https:\/\/apuntesdesanluis.com\/index.php\/2025\/01\/13\/positivo-balance-del-intendente-luciano-ayala-del-festival-de-los-vientos\/#breadcrumb"},"inLanguage":"es-AR","potentialAction":[{"@type":"ReadAction","target":["https:\/\/apuntesdesanluis.com\/index.php\/2025\/01\/13\/positivo-balance-del-intendente-luciano-ayala-del-festival-de-los-vientos\/"]}]},{"@type":"ImageObject","inLanguage":"es-AR","@id":"https:\/\/apuntesdesanluis.com\/index.php\/2025\/01\/13\/positivo-balance-del-intendente-luciano-ayala-del-festival-de-los-vientos\/#primaryimage","url":"https:\/\/apuntesdesanluis.com\/wp-content\/uploads\/2025\/01\/LUCIANO-AYALA-1.png","contentUrl":"https:\/\/apuntesdesanluis.com\/wp-content\/uploads\/2025\/01\/LUCIANO-AYALA-1.png","width":800,"height":587},{"@type":"BreadcrumbList","@id":"https:\/\/apuntesdesanluis.com\/index.php\/2025\/01\/13\/positivo-balance-del-intendente-luciano-ayala-del-festival-de-los-vientos\/#breadcrumb","itemListElement":[{"@type":"ListItem","position":1,"name":"Inicio","item":"https:\/\/apuntesdesanluis.com\/"},{"@type":"ListItem","position":2,"name":"POSITIVO BALANCE DEL INTENDENTE LUCIANO AYALA DEL FESTIVAL DE LOS VIENTOS"}]},{"@type":"WebSite","@id":"https:\/\/apuntesdesanluis.com\/#website","url":"https:\/\/apuntesdesanluis.com\/","name":"Apuntes de San Luis","description":"","publisher":{"@id":"https:\/\/apuntesdesanluis.com\/#\/schema\/person\/b55151d52296fcce64d1a72538a70b90"},"potentialAction":[{"@type":"SearchAction","target":{"@type":"EntryPoint","urlTemplate":"https:\/\/apuntesdesanluis.com\/?s={search_term_string}"},"query-input":{"@type":"PropertyValueSpecification","valueRequired":true,"valueName":"search_term_string"}}],"inLanguage":"es-AR"},{"@type":["Person","Organization"],"@id":"https:\/\/apuntesdesanluis.com\/#\/schema\/person\/b55151d52296fcce64d1a72538a70b90","name":"apuntesdesanluis.com","image":{"@type":"ImageObject","inLanguage":"es-AR","@id":"https:\/\/apuntesdesanluis.com\/#\/schema\/person\/image\/","url":"https:\/\/apuntesdesanluis.com\/wp-content\/uploads\/2023\/07\/cropped-apuntesdesanluis.png","contentUrl":"https:\/\/apuntesdesanluis.com\/wp-content\/uploads\/2023\/07\/cropped-apuntesdesanluis.png","width":450,"height":112,"caption":"apuntesdesanluis.com"},"logo":{"@id":"https:\/\/apuntesdesanluis.com\/#\/schema\/person\/image\/"},"sameAs":["https:\/\/apuntesdesanluis.com"],"url":"https:\/\/apuntesdesanluis.com\/index.php\/author\/apuntesdesanluis-com\/"}]}},"featured_image_urls":{"full":["https:\/\/apuntesdesanluis.com\/wp-content\/uploads\/2025\/01\/LUCIANO-AYALA-1.png",800,587,false],"thumbnail":["https:\/\/apuntesdesanluis.com\/wp-content\/uploads\/2025\/01\/LUCIANO-AYALA-1-150x150.png",150,150,true],"medium":["https:\/\/apuntesdesanluis.com\/wp-content\/uploads\/2025\/01\/LUCIANO-AYALA-1-300x220.png",300,220,true],"medium_large":["https:\/\/apuntesdesanluis.com\/wp-content\/uploads\/2025\/01\/LUCIANO-AYALA-1-768x564.png",640,470,true],"large":["https:\/\/apuntesdesanluis.com\/wp-content\/uploads\/2025\/01\/LUCIANO-AYALA-1.png",640,470,false],"1536x1536":["https:\/\/apuntesdesanluis.com\/wp-content\/uploads\/2025\/01\/LUCIANO-AYALA-1.png",800,587,false],"2048x2048":["https:\/\/apuntesdesanluis.com\/wp-content\/uploads\/2025\/01\/LUCIANO-AYALA-1.png",800,587,false],"newsever-slider-full":["https:\/\/apuntesdesanluis.com\/wp-content\/uploads\/2025\/01\/LUCIANO-AYALA-1.png",800,587,false],"newsever-featured":["https:\/\/apuntesdesanluis.com\/wp-content\/uploads\/2025\/01\/LUCIANO-AYALA-1.png",800,587,false],"newsever-medium":["https:\/\/apuntesdesanluis.com\/wp-content\/uploads\/2025\/01\/LUCIANO-AYALA-1-720x475.png",720,475,true]},"author_info":{"display_name":"apuntesdesanluis.com","author_link":"https:\/\/apuntesdesanluis.com\/index.php\/author\/apuntesdesanluis-com\/"},"category_info":"<a href=\"https:\/\/apuntesdesanluis.com\/index.php\/category\/ciudad-provincia\/\" rel=\"category tag\">Ciudad\/Provincia<\/a>","tag_info":"Ciudad\/Provincia","comment_count":"0","_links":{"self":[{"href":"https:\/\/apuntesdesanluis.com\/index.php\/wp-json\/wp\/v2\/posts\/27691","targetHints":{"allow":["GET"]}}],"collection":[{"href":"https:\/\/apuntesdesanluis.com\/index.php\/wp-json\/wp\/v2\/posts"}],"about":[{"href":"https:\/\/apuntesdesanluis.com\/index.php\/wp-json\/wp\/v2\/types\/post"}],"author":[{"embeddable":true,"href":"https:\/\/apuntesdesanluis.com\/index.php\/wp-json\/wp\/v2\/users\/1"}],"replies":[{"embeddable":true,"href":"https:\/\/apuntesdesanluis.com\/index.php\/wp-json\/wp\/v2\/comments?post=27691"}],"version-history":[{"count":4,"href":"https:\/\/apuntesdesanluis.com\/index.php\/wp-json\/wp\/v2\/posts\/27691\/revisions"}],"predecessor-version":[{"id":27708,"href":"https:\/\/apuntesdesanluis.com\/index.php\/wp-json\/wp\/v2\/posts\/27691\/revisions\/27708"}],"wp:featuredmedia":[{"embeddable":true,"href":"https:\/\/apuntesdesanluis.com\/index.php\/wp-json\/wp\/v2\/media\/27749"}],"wp:attachment":[{"href":"https:\/\/apuntesdesanluis.com\/index.php\/wp-json\/wp\/v2\/media?parent=27691"}],"wp:term":[{"taxonomy":"category","embeddable":true,"href":"https:\/\/apuntesdesanluis.com\/index.php\/wp-json\/wp\/v2\/categories?post=27691"},{"taxonomy":"post_tag","embeddable":true,"href":"https:\/\/apuntesdesanluis.com\/index.php\/wp-json\/wp\/v2\/tags?post=27691"}],"curies":[{"name":"wp","href":"https:\/\/api.w.org\/{rel}","templated":true}]}}