{"id":27701,"date":"2025-01-14T09:21:36","date_gmt":"2025-01-14T12:21:36","guid":{"rendered":"https:\/\/apuntesdesanluis.com\/?p=27701"},"modified":"2025-01-14T09:21:36","modified_gmt":"2025-01-14T12:21:36","slug":"la-villa-de-merlo-uno-de-los-destinos-mas-elegidos-del-pais","status":"publish","type":"post","link":"https:\/\/apuntesdesanluis.com\/index.php\/2025\/01\/14\/la-villa-de-merlo-uno-de-los-destinos-mas-elegidos-del-pais\/","title":{"rendered":"LA VILLA DE MERLO, UNO DE LOS DESTINOS M\u00c1S ELEGIDOS DEL PA\u00cdS"},"content":{"rendered":"<h3>A pesar del \u00e9xodo de turistas hacia pa\u00edses lim\u00edtrofes, la villa serrana sigue siendo elegida gracias a su oferta \u00fanica de paisajes, cultura y hospitalidad, respaldada por el esfuerzo de su comunidad.<\/h3>\n<h3>En el contexto de una dif\u00edcil situaci\u00f3n econ\u00f3mica y el cambio en la din\u00e1mica de reservas enfrentados a principios de 2024, la <strong>Villa de Merlo<\/strong> reafirma su posici\u00f3n como uno de los destinos tur\u00edsticos m\u00e1s elegidos de Argentina, gracias al esfuerzo y compromiso de su comunidad, que trabaja d\u00eda a d\u00eda para ofrecer una experiencia \u00fanica a quienes visitan la ciudad.<\/h3>\n<h3>Este a\u00f1o comenz\u00f3 con gran expectativa tras cerrar el 2024 con una ocupaci\u00f3n del 67,46%, consolid\u00e1ndose entre los destinos m\u00e1s atractivos del pa\u00eds. Seg\u00fan los informes de la Secretar\u00eda de Turismo, la primera quincena de enero 2025 ya registra un 57,55% de reservas concretadas, mientras que la segunda quincena alcanza el 60,60%, marcando una tendencia positiva en comparaci\u00f3n con otros centros tur\u00edsticos nacionales.<\/h3>\n<h3>A pesar del \u00e9xodo de turistas argentinos hacia Brasil y Uruguay, impulsado por el d\u00f3lar planchado y la ca\u00edda del real, la Villa de Merlo sigue destac\u00e1ndose. Esta resiliencia se debe no solo a sus incomparables paisajes serranos, un microclima \u00fanico, y una amplia oferta cultural y recreativa, sino tambi\u00e9n al trabajo conjunto de sus habitantes, quienes se esfuerzan por hacer de esta ciudad un lugar inolvidable para quienes la eligen a\u00f1o tras a\u00f1o.<\/h3>\n<h3><img fetchpriority=\"high\" decoding=\"async\" class=\"wp-image-27702 aligncenter\" src=\"https:\/\/apuntesdesanluis.com\/wp-content\/uploads\/2025\/01\/turistas-en-merlo-300x209.jpg\" alt=\"\" width=\"604\" height=\"421\" srcset=\"https:\/\/apuntesdesanluis.com\/wp-content\/uploads\/2025\/01\/turistas-en-merlo-300x209.jpg 300w, https:\/\/apuntesdesanluis.com\/wp-content\/uploads\/2025\/01\/turistas-en-merlo.jpg 769w\" sizes=\"(max-width: 604px) 100vw, 604px\" \/><\/h3>\n<h3>Con cada visitante que recorre sus calles, explora sus senderos y disfruta de su hospitalidad, Merlo demuestra que es un destino capaz de superar cualquier adversidad y continuar enamorando a miles de turistas.<\/h3>\n<h3><strong>PASAPORTE TUR\u00cdSTICO<\/strong><\/h3>\n<h3>Desde los primeros d\u00edas de enero hasta el 1 de marzo, nuestra ciudad\u00a0 ofrece un Pasaporte Tur\u00edstico con acceso a actividades gratuitas que permiten disfrutar de su naturaleza, cultura y atractivos.<\/h3>\n<h3>Este verano, la Villa de Merlo se transforma en el destino ideal para quienes buscan experiencias inolvidables, con propuestas para todos los gustos y edades, esta es la oportunidad perfecta para vivir momentos \u00fanicos en un entorno natural inigualable.<\/h3>\n<h3>Los turistas y ciudadanos locales pueden obtener el pasaporte de forma f\u00edsica en puntos de informaci\u00f3n tur\u00edstica, en las actividades gratuitas y digital a trav\u00e9s de la p\u00e1gina web oficial <span style=\"color: #3366ff;\"><a style=\"color: #3366ff;\" href=\"http:\/\/villademerlo.tur.ar\/\" target=\"_blank\" rel=\"noopener\">villademerlo.tur.ar<\/a><\/span><\/h3>\n<h3><img decoding=\"async\" class=\"wp-image-27703 aligncenter\" src=\"https:\/\/apuntesdesanluis.com\/wp-content\/uploads\/2025\/01\/merlo-con-turistas-300x217.jpg\" alt=\"\" width=\"682\" height=\"493\" srcset=\"https:\/\/apuntesdesanluis.com\/wp-content\/uploads\/2025\/01\/merlo-con-turistas-300x217.jpg 300w, https:\/\/apuntesdesanluis.com\/wp-content\/uploads\/2025\/01\/merlo-con-turistas-768x556.jpg 768w, https:\/\/apuntesdesanluis.com\/wp-content\/uploads\/2025\/01\/merlo-con-turistas.jpg 800w\" sizes=\"(max-width: 682px) 100vw, 682px\" \/><\/h3>\n<h3><strong>LUNES <\/strong><\/h3>\n<ul>\n<li>\n<h3>9 a 19 hs. Visitas guiadas gratuitas en Casa Museo Palmira<\/h3>\n<\/li>\n<li>\n<h3>9 a 19 hs. Visitas guiadas gratuitas en Museo Lolma<\/h3>\n<\/li>\n<li>\n<h3>10 a 16 hs. Entrada gratis al Museo de Metalopl\u00e1stica Kurteff<\/h3>\n<\/li>\n<li>\n<h3>9 a 19 hs. Exposici\u00f3n fotogr\u00e1fica de aves en la Casa del Bicentenario de Fot\u00f3grafo H\u00e9ctor Aranda<\/h3>\n<\/li>\n<li>\n<h3>19 a 00 hs. PASEO MUNICIPAL DE ARTESANOS<strong style=\"font-size: 16px;\">\u00a0<\/strong><\/h3>\n<\/li>\n<\/ul>\n<h3><strong>MARTES <\/strong><\/h3>\n<ul>\n<li>\n<h3>9 a 19 hs. Visitas guiadas gratuitas en Casa Museo Palmira<\/h3>\n<\/li>\n<li>\n<h3>9 a 19 hs. Visitas guiadas gratuitas en Museo Lolma<\/h3>\n<\/li>\n<li>\n<h3>9 a 19 hs. Exposici\u00f3n fotogr\u00e1fica de aves en la Casa del Bicentenario de Fot\u00f3grafo H\u00e9ctor Aranda<\/h3>\n<\/li>\n<li>\n<h3>11 hs. Recorrido interpretativo por la Reserva El Viejo Molino y Exposici\u00f3n fotogr\u00e1fica de Aves &#8211; Punto de Encuentro: Casa Bicentenario &#8211; Piedra Blanca arriba<\/h3>\n<\/li>\n<li>\n<h3>17 a 19 hs. Clases de Folklore gratuito en Casa Palmira &#8211; Prof. Silvia Urquiza<\/h3>\n<\/li>\n<li>\n<h3>20 hs. CIRCO VON PEREZ a la gorra &#8211; Martes 7: Balneario Rinc\u00f3n del Este<\/h3>\n<\/li>\n<li>\n<h3>Martes 14: plaza de Cerro de Oro<\/h3>\n<\/li>\n<li>\n<h3>Martes 21: Plaza de Piedra Blanca abajo<\/h3>\n<\/li>\n<li>\n<h3>Martes 28: Plaza Piedra Blanca arriba<\/h3>\n<\/li>\n<li>\n<h3>19 a 00 hs. PASEO MUNICIPAL DE ARTESANOS<\/h3>\n<\/li>\n<\/ul>\n<h3><strong>MI\u00c9RCOLES <\/strong><\/h3>\n<ul>\n<li>\n<h3>9 a 19 hs. Visitas guiadas gratuitas en Casa Museo Palmira<\/h3>\n<\/li>\n<li>\n<h3>9 a 19 hs. Visitas guiadas gratuitas en Museo Lolma<\/h3>\n<\/li>\n<li>\n<h3>9 a 19 hs. Exposici\u00f3n fotogr\u00e1fica de aves en la Casa del Bicentenario de Fot\u00f3grafo H\u00e9ctor Aranda<\/h3>\n<\/li>\n<li>\n<h3>10 hs. Visita guiada por Iglesias en casco hist\u00f3rico<\/h3>\n<\/li>\n<li>\n<h3>17 a 19 hs. Clases de Folklore gratuito en la Casa Palmira Prof. Silvia Urquiza<\/h3>\n<\/li>\n<li>\n<h3>17 hs. Leyendas Merlinas y recorrido interpretativo por Arroyo Juan Perez y Paseo de las Esculturas &#8211; Punto de encuentro: Av. Dos Venados y Arroyo Juan Perez.<\/h3>\n<\/li>\n<li>\n<h3>18 hs Visita guiada por Iglesias en casco hist\u00f3rico<\/h3>\n<\/li>\n<li>\n<h3>20 hs CIRCO VON PEREZ a la gorra en Casa Palmira<\/h3>\n<\/li>\n<li>\n<h3>19 a 00 hs PASEO MUNICIPAL DE ARTESANOS<\/h3>\n<\/li>\n<\/ul>\n<h3><strong>JUEVES <\/strong><\/h3>\n<ul>\n<li>\n<h3>9 a 19 hs. Visitas guiadas gratuitas en Casa Museo Palmira<\/h3>\n<\/li>\n<li>\n<h3>9 a 19 hs. Visitas guiadas gratuitas en Museo Lolma<\/h3>\n<\/li>\n<li>\n<h3>9 a 19 hs. Exposici\u00f3n fotogr\u00e1fica de aves en la Casa del Bicentenario de Fot\u00f3grafo H\u00e9ctor Aranda<\/h3>\n<\/li>\n<li>\n<h3>17 hs. Recorrido por el Altar Comeching\u00f3n &#8211; Relatos, leyendas merlinas y recorrido interpretativo en la Reserva El Viejo Molino. &#8211; Punto de encuentro: Casa del Bicentenario &#8211; Piedra Blanca arriba<\/h3>\n<\/li>\n<li>\n<h3>16 a 18 hs. Clases de Folklore gratuito en la Casa del Bicentenario &#8211; Prof. Silvia Urquiza<\/h3>\n<\/li>\n<li>\n<h3>19 a 00 hs. PASEO MUNICIPAL DE ARTESANOS<\/h3>\n<\/li>\n<\/ul>\n<h3><strong>VIERNES <\/strong><\/h3>\n<ul>\n<li>\n<h3>9 a 19 hs. Visitas guiadas gratuitas en Casa Museo Palmira<\/h3>\n<\/li>\n<li>\n<h3>9 a 19 hs. Visitas guiadas gratuitas en Museo Lolma<\/h3>\n<\/li>\n<li>\n<h3>9 a 19 hs. Exposici\u00f3n fotogr\u00e1fica de aves en la Casa del Bicentenario de Fot\u00f3grafo H\u00e9ctor Aranda<\/h3>\n<\/li>\n<li>\n<h3>10 hs. Visita guiada al casco hist\u00f3rico<\/h3>\n<\/li>\n<li>\n<h3>17 a 19 hs. Clases de Folklore gratuito en la Casa Palmira Prof. Silvia Urquiza<\/h3>\n<\/li>\n<li>\n<h3>18 hs. Visita guiada al casco hist\u00f3rico<\/h3>\n<\/li>\n<li>\n<h3>18 a 20.30 hs. Sunset Cultural Casa Palmira: Artistas de las Sierras<\/h3>\n<\/li>\n<li>\n<h3>19 a 00 hs. PASEO MUNICIPAL DE ARTESANOS<\/h3>\n<\/li>\n<\/ul>\n<ul>\n<li>\n<h3>17 de enero Sprint Trail Nocturna en Camping Municipal<\/h3>\n<\/li>\n<li>\n<h3>24 de enero Caminata saludable nocturna<\/h3>\n<\/li>\n<\/ul>\n<h3><strong>S\u00c1BADOS <\/strong><\/h3>\n<ul>\n<li>\n<h3><strong>9 a 19 hs.<\/strong> Visitas guiadas gratuitas en Casa Museo Palmira<\/h3>\n<\/li>\n<li>\n<h3><strong>19 hs. <\/strong>M\u00fasica al atardecer en Mirador del Tala Ca\u00eddo<\/h3>\n<\/li>\n<li>\n<h3><strong>19 a 00 hs.<\/strong> PASEO MUNICIPAL DE ARTESANOS<\/h3>\n<\/li>\n<li>\n<h3><strong>20 hs. Espect\u00e1culos a la gorra: <\/strong>CIRCO VON PEREZ en Paseo de Artesanos<\/h3>\n<\/li>\n<\/ul>\n<ul>\n<li>\n<h3><strong>18 de enero<\/strong> Sprint Trail Nocturna en Camping Municipal<\/h3>\n<\/li>\n<li>\n<h3><strong>25 enero<\/strong> 28\u00b0 FIESTA PROVINCIAL DEL MATE PUNTANO. Espect\u00e1culos folcl\u00f3ricos, Agrupaciones Gauchas, Cantina. En el Museo Lolma &#8211; Piedra Blanca Abajo<\/h3>\n<\/li>\n<\/ul>\n<h3><strong>DOMINGOS <\/strong><\/h3>\n<ul>\n<li>\n<h3>19 a 00 hs. PASEO MUNICIPAL DE ARTESANOS &#8211; M\u00fasica en vivo y espect\u00e1culos a la gorra<\/h3>\n<\/li>\n<\/ul>\n<p>&nbsp;<\/p>\n<p>&nbsp;<\/p>\n<h3><\/h3>\n<h3><\/h3>\n<h3><\/h3>\n<h3><\/h3>\n<p><strong>\u00a0<\/strong><\/p>\n<p>&nbsp;<\/p>\n","protected":false},"excerpt":{"rendered":"<p>A pesar del \u00e9xodo de turistas hacia pa\u00edses lim\u00edtrofes, la villa serrana sigue siendo elegida&#8230;<\/p>\n","protected":false},"author":1,"featured_media":27704,"comment_status":"closed","ping_status":"closed","sticky":false,"template":"","format":"standard","meta":{"footnotes":""},"categories":[6],"tags":[],"class_list":["post-27701","post","type-post","status-publish","format-standard","has-post-thumbnail","hentry","category-ciudad-provincia"],"yoast_head":"<!-- This site is optimized with the Yoast SEO plugin v26.1.1 - https:\/\/yoast.com\/wordpress\/plugins\/seo\/ -->\n<title>LA VILLA DE MERLO, UNO DE LOS DESTINOS M\u00c1S ELEGIDOS DEL PA\u00cdS - Apuntes de San Luis<\/title>\n<meta name=\"robots\" content=\"index, follow, max-snippet:-1, max-image-preview:large, max-video-preview:-1\" \/>\n<link rel=\"canonical\" href=\"https:\/\/apuntesdesanluis.com\/index.php\/2025\/01\/14\/la-villa-de-merlo-uno-de-los-destinos-mas-elegidos-del-pais\/\" \/>\n<meta property=\"og:locale\" content=\"es_ES\" \/>\n<meta property=\"og:type\" content=\"article\" \/>\n<meta property=\"og:title\" content=\"LA VILLA DE MERLO, UNO DE LOS DESTINOS M\u00c1S ELEGIDOS DEL PA\u00cdS - Apuntes de San Luis\" \/>\n<meta property=\"og:description\" content=\"A pesar del \u00e9xodo de turistas hacia pa\u00edses lim\u00edtrofes, la villa serrana sigue siendo elegida...\" \/>\n<meta property=\"og:url\" content=\"https:\/\/apuntesdesanluis.com\/index.php\/2025\/01\/14\/la-villa-de-merlo-uno-de-los-destinos-mas-elegidos-del-pais\/\" \/>\n<meta property=\"og:site_name\" content=\"Apuntes de San Luis\" \/>\n<meta property=\"article:published_time\" content=\"2025-01-14T12:21:36+00:00\" \/>\n<meta property=\"og:image\" content=\"https:\/\/apuntesdesanluis.com\/wp-content\/uploads\/2025\/01\/altar-comechingon-merlo.jpg\" \/>\n\t<meta property=\"og:image:width\" content=\"800\" \/>\n\t<meta property=\"og:image:height\" content=\"515\" \/>\n\t<meta property=\"og:image:type\" content=\"image\/jpeg\" \/>\n<meta name=\"author\" content=\"apuntesdesanluis.com\" \/>\n<meta name=\"twitter:card\" content=\"summary_large_image\" \/>\n<meta name=\"twitter:label1\" content=\"Escrito por\" \/>\n\t<meta name=\"twitter:data1\" content=\"apuntesdesanluis.com\" \/>\n\t<meta name=\"twitter:label2\" content=\"Tiempo de lectura\" \/>\n\t<meta name=\"twitter:data2\" content=\"5 minutos\" \/>\n<script type=\"application\/ld+json\" class=\"yoast-schema-graph\">{\"@context\":\"https:\/\/schema.org\",\"@graph\":[{\"@type\":\"Article\",\"@id\":\"https:\/\/apuntesdesanluis.com\/index.php\/2025\/01\/14\/la-villa-de-merlo-uno-de-los-destinos-mas-elegidos-del-pais\/#article\",\"isPartOf\":{\"@id\":\"https:\/\/apuntesdesanluis.com\/index.php\/2025\/01\/14\/la-villa-de-merlo-uno-de-los-destinos-mas-elegidos-del-pais\/\"},\"author\":{\"name\":\"apuntesdesanluis.com\",\"@id\":\"https:\/\/apuntesdesanluis.com\/#\/schema\/person\/b55151d52296fcce64d1a72538a70b90\"},\"headline\":\"LA VILLA DE MERLO, UNO DE LOS DESTINOS M\u00c1S ELEGIDOS DEL PA\u00cdS\",\"datePublished\":\"2025-01-14T12:21:36+00:00\",\"mainEntityOfPage\":{\"@id\":\"https:\/\/apuntesdesanluis.com\/index.php\/2025\/01\/14\/la-villa-de-merlo-uno-de-los-destinos-mas-elegidos-del-pais\/\"},\"wordCount\":959,\"publisher\":{\"@id\":\"https:\/\/apuntesdesanluis.com\/#\/schema\/person\/b55151d52296fcce64d1a72538a70b90\"},\"image\":{\"@id\":\"https:\/\/apuntesdesanluis.com\/index.php\/2025\/01\/14\/la-villa-de-merlo-uno-de-los-destinos-mas-elegidos-del-pais\/#primaryimage\"},\"thumbnailUrl\":\"https:\/\/apuntesdesanluis.com\/wp-content\/uploads\/2025\/01\/altar-comechingon-merlo.jpg\",\"articleSection\":[\"Ciudad\/Provincia\"],\"inLanguage\":\"es-AR\"},{\"@type\":\"WebPage\",\"@id\":\"https:\/\/apuntesdesanluis.com\/index.php\/2025\/01\/14\/la-villa-de-merlo-uno-de-los-destinos-mas-elegidos-del-pais\/\",\"url\":\"https:\/\/apuntesdesanluis.com\/index.php\/2025\/01\/14\/la-villa-de-merlo-uno-de-los-destinos-mas-elegidos-del-pais\/\",\"name\":\"LA VILLA DE MERLO, UNO DE LOS DESTINOS M\u00c1S ELEGIDOS DEL PA\u00cdS - Apuntes de San Luis\",\"isPartOf\":{\"@id\":\"https:\/\/apuntesdesanluis.com\/#website\"},\"primaryImageOfPage\":{\"@id\":\"https:\/\/apuntesdesanluis.com\/index.php\/2025\/01\/14\/la-villa-de-merlo-uno-de-los-destinos-mas-elegidos-del-pais\/#primaryimage\"},\"image\":{\"@id\":\"https:\/\/apuntesdesanluis.com\/index.php\/2025\/01\/14\/la-villa-de-merlo-uno-de-los-destinos-mas-elegidos-del-pais\/#primaryimage\"},\"thumbnailUrl\":\"https:\/\/apuntesdesanluis.com\/wp-content\/uploads\/2025\/01\/altar-comechingon-merlo.jpg\",\"datePublished\":\"2025-01-14T12:21:36+00:00\",\"breadcrumb\":{\"@id\":\"https:\/\/apuntesdesanluis.com\/index.php\/2025\/01\/14\/la-villa-de-merlo-uno-de-los-destinos-mas-elegidos-del-pais\/#breadcrumb\"},\"inLanguage\":\"es-AR\",\"potentialAction\":[{\"@type\":\"ReadAction\",\"target\":[\"https:\/\/apuntesdesanluis.com\/index.php\/2025\/01\/14\/la-villa-de-merlo-uno-de-los-destinos-mas-elegidos-del-pais\/\"]}]},{\"@type\":\"ImageObject\",\"inLanguage\":\"es-AR\",\"@id\":\"https:\/\/apuntesdesanluis.com\/index.php\/2025\/01\/14\/la-villa-de-merlo-uno-de-los-destinos-mas-elegidos-del-pais\/#primaryimage\",\"url\":\"https:\/\/apuntesdesanluis.com\/wp-content\/uploads\/2025\/01\/altar-comechingon-merlo.jpg\",\"contentUrl\":\"https:\/\/apuntesdesanluis.com\/wp-content\/uploads\/2025\/01\/altar-comechingon-merlo.jpg\",\"width\":800,\"height\":515},{\"@type\":\"BreadcrumbList\",\"@id\":\"https:\/\/apuntesdesanluis.com\/index.php\/2025\/01\/14\/la-villa-de-merlo-uno-de-los-destinos-mas-elegidos-del-pais\/#breadcrumb\",\"itemListElement\":[{\"@type\":\"ListItem\",\"position\":1,\"name\":\"Inicio\",\"item\":\"https:\/\/apuntesdesanluis.com\/\"},{\"@type\":\"ListItem\",\"position\":2,\"name\":\"LA VILLA DE MERLO, UNO DE LOS DESTINOS M\u00c1S ELEGIDOS DEL PA\u00cdS\"}]},{\"@type\":\"WebSite\",\"@id\":\"https:\/\/apuntesdesanluis.com\/#website\",\"url\":\"https:\/\/apuntesdesanluis.com\/\",\"name\":\"Apuntes de San Luis\",\"description\":\"\",\"publisher\":{\"@id\":\"https:\/\/apuntesdesanluis.com\/#\/schema\/person\/b55151d52296fcce64d1a72538a70b90\"},\"potentialAction\":[{\"@type\":\"SearchAction\",\"target\":{\"@type\":\"EntryPoint\",\"urlTemplate\":\"https:\/\/apuntesdesanluis.com\/?s={search_term_string}\"},\"query-input\":{\"@type\":\"PropertyValueSpecification\",\"valueRequired\":true,\"valueName\":\"search_term_string\"}}],\"inLanguage\":\"es-AR\"},{\"@type\":[\"Person\",\"Organization\"],\"@id\":\"https:\/\/apuntesdesanluis.com\/#\/schema\/person\/b55151d52296fcce64d1a72538a70b90\",\"name\":\"apuntesdesanluis.com\",\"image\":{\"@type\":\"ImageObject\",\"inLanguage\":\"es-AR\",\"@id\":\"https:\/\/apuntesdesanluis.com\/#\/schema\/person\/image\/\",\"url\":\"https:\/\/apuntesdesanluis.com\/wp-content\/uploads\/2023\/07\/cropped-apuntesdesanluis.png\",\"contentUrl\":\"https:\/\/apuntesdesanluis.com\/wp-content\/uploads\/2023\/07\/cropped-apuntesdesanluis.png\",\"width\":450,\"height\":112,\"caption\":\"apuntesdesanluis.com\"},\"logo\":{\"@id\":\"https:\/\/apuntesdesanluis.com\/#\/schema\/person\/image\/\"},\"sameAs\":[\"https:\/\/apuntesdesanluis.com\"],\"url\":\"https:\/\/apuntesdesanluis.com\/index.php\/author\/apuntesdesanluis-com\/\"}]}<\/script>\n<!-- \/ Yoast SEO plugin. -->","yoast_head_json":{"title":"LA VILLA DE MERLO, UNO DE LOS DESTINOS M\u00c1S ELEGIDOS DEL PA\u00cdS - Apuntes de San Luis","robots":{"index":"index","follow":"follow","max-snippet":"max-snippet:-1","max-image-preview":"max-image-preview:large","max-video-preview":"max-video-preview:-1"},"canonical":"https:\/\/apuntesdesanluis.com\/index.php\/2025\/01\/14\/la-villa-de-merlo-uno-de-los-destinos-mas-elegidos-del-pais\/","og_locale":"es_ES","og_type":"article","og_title":"LA VILLA DE MERLO, UNO DE LOS DESTINOS M\u00c1S ELEGIDOS DEL PA\u00cdS - Apuntes de San Luis","og_description":"A pesar del \u00e9xodo de turistas hacia pa\u00edses lim\u00edtrofes, la villa serrana sigue siendo elegida...","og_url":"https:\/\/apuntesdesanluis.com\/index.php\/2025\/01\/14\/la-villa-de-merlo-uno-de-los-destinos-mas-elegidos-del-pais\/","og_site_name":"Apuntes de San Luis","article_published_time":"2025-01-14T12:21:36+00:00","og_image":[{"width":800,"height":515,"url":"https:\/\/apuntesdesanluis.com\/wp-content\/uploads\/2025\/01\/altar-comechingon-merlo.jpg","type":"image\/jpeg"}],"author":"apuntesdesanluis.com","twitter_card":"summary_large_image","twitter_misc":{"Escrito por":"apuntesdesanluis.com","Tiempo de lectura":"5 minutos"},"schema":{"@context":"https:\/\/schema.org","@graph":[{"@type":"Article","@id":"https:\/\/apuntesdesanluis.com\/index.php\/2025\/01\/14\/la-villa-de-merlo-uno-de-los-destinos-mas-elegidos-del-pais\/#article","isPartOf":{"@id":"https:\/\/apuntesdesanluis.com\/index.php\/2025\/01\/14\/la-villa-de-merlo-uno-de-los-destinos-mas-elegidos-del-pais\/"},"author":{"name":"apuntesdesanluis.com","@id":"https:\/\/apuntesdesanluis.com\/#\/schema\/person\/b55151d52296fcce64d1a72538a70b90"},"headline":"LA VILLA DE MERLO, UNO DE LOS DESTINOS M\u00c1S ELEGIDOS DEL PA\u00cdS","datePublished":"2025-01-14T12:21:36+00:00","mainEntityOfPage":{"@id":"https:\/\/apuntesdesanluis.com\/index.php\/2025\/01\/14\/la-villa-de-merlo-uno-de-los-destinos-mas-elegidos-del-pais\/"},"wordCount":959,"publisher":{"@id":"https:\/\/apuntesdesanluis.com\/#\/schema\/person\/b55151d52296fcce64d1a72538a70b90"},"image":{"@id":"https:\/\/apuntesdesanluis.com\/index.php\/2025\/01\/14\/la-villa-de-merlo-uno-de-los-destinos-mas-elegidos-del-pais\/#primaryimage"},"thumbnailUrl":"https:\/\/apuntesdesanluis.com\/wp-content\/uploads\/2025\/01\/altar-comechingon-merlo.jpg","articleSection":["Ciudad\/Provincia"],"inLanguage":"es-AR"},{"@type":"WebPage","@id":"https:\/\/apuntesdesanluis.com\/index.php\/2025\/01\/14\/la-villa-de-merlo-uno-de-los-destinos-mas-elegidos-del-pais\/","url":"https:\/\/apuntesdesanluis.com\/index.php\/2025\/01\/14\/la-villa-de-merlo-uno-de-los-destinos-mas-elegidos-del-pais\/","name":"LA VILLA DE MERLO, UNO DE LOS DESTINOS M\u00c1S ELEGIDOS DEL PA\u00cdS - Apuntes de San Luis","isPartOf":{"@id":"https:\/\/apuntesdesanluis.com\/#website"},"primaryImageOfPage":{"@id":"https:\/\/apuntesdesanluis.com\/index.php\/2025\/01\/14\/la-villa-de-merlo-uno-de-los-destinos-mas-elegidos-del-pais\/#primaryimage"},"image":{"@id":"https:\/\/apuntesdesanluis.com\/index.php\/2025\/01\/14\/la-villa-de-merlo-uno-de-los-destinos-mas-elegidos-del-pais\/#primaryimage"},"thumbnailUrl":"https:\/\/apuntesdesanluis.com\/wp-content\/uploads\/2025\/01\/altar-comechingon-merlo.jpg","datePublished":"2025-01-14T12:21:36+00:00","breadcrumb":{"@id":"https:\/\/apuntesdesanluis.com\/index.php\/2025\/01\/14\/la-villa-de-merlo-uno-de-los-destinos-mas-elegidos-del-pais\/#breadcrumb"},"inLanguage":"es-AR","potentialAction":[{"@type":"ReadAction","target":["https:\/\/apuntesdesanluis.com\/index.php\/2025\/01\/14\/la-villa-de-merlo-uno-de-los-destinos-mas-elegidos-del-pais\/"]}]},{"@type":"ImageObject","inLanguage":"es-AR","@id":"https:\/\/apuntesdesanluis.com\/index.php\/2025\/01\/14\/la-villa-de-merlo-uno-de-los-destinos-mas-elegidos-del-pais\/#primaryimage","url":"https:\/\/apuntesdesanluis.com\/wp-content\/uploads\/2025\/01\/altar-comechingon-merlo.jpg","contentUrl":"https:\/\/apuntesdesanluis.com\/wp-content\/uploads\/2025\/01\/altar-comechingon-merlo.jpg","width":800,"height":515},{"@type":"BreadcrumbList","@id":"https:\/\/apuntesdesanluis.com\/index.php\/2025\/01\/14\/la-villa-de-merlo-uno-de-los-destinos-mas-elegidos-del-pais\/#breadcrumb","itemListElement":[{"@type":"ListItem","position":1,"name":"Inicio","item":"https:\/\/apuntesdesanluis.com\/"},{"@type":"ListItem","position":2,"name":"LA VILLA DE MERLO, UNO DE LOS DESTINOS M\u00c1S ELEGIDOS DEL PA\u00cdS"}]},{"@type":"WebSite","@id":"https:\/\/apuntesdesanluis.com\/#website","url":"https:\/\/apuntesdesanluis.com\/","name":"Apuntes de San Luis","description":"","publisher":{"@id":"https:\/\/apuntesdesanluis.com\/#\/schema\/person\/b55151d52296fcce64d1a72538a70b90"},"potentialAction":[{"@type":"SearchAction","target":{"@type":"EntryPoint","urlTemplate":"https:\/\/apuntesdesanluis.com\/?s={search_term_string}"},"query-input":{"@type":"PropertyValueSpecification","valueRequired":true,"valueName":"search_term_string"}}],"inLanguage":"es-AR"},{"@type":["Person","Organization"],"@id":"https:\/\/apuntesdesanluis.com\/#\/schema\/person\/b55151d52296fcce64d1a72538a70b90","name":"apuntesdesanluis.com","image":{"@type":"ImageObject","inLanguage":"es-AR","@id":"https:\/\/apuntesdesanluis.com\/#\/schema\/person\/image\/","url":"https:\/\/apuntesdesanluis.com\/wp-content\/uploads\/2023\/07\/cropped-apuntesdesanluis.png","contentUrl":"https:\/\/apuntesdesanluis.com\/wp-content\/uploads\/2023\/07\/cropped-apuntesdesanluis.png","width":450,"height":112,"caption":"apuntesdesanluis.com"},"logo":{"@id":"https:\/\/apuntesdesanluis.com\/#\/schema\/person\/image\/"},"sameAs":["https:\/\/apuntesdesanluis.com"],"url":"https:\/\/apuntesdesanluis.com\/index.php\/author\/apuntesdesanluis-com\/"}]}},"featured_image_urls":{"full":["https:\/\/apuntesdesanluis.com\/wp-content\/uploads\/2025\/01\/altar-comechingon-merlo.jpg",800,515,false],"thumbnail":["https:\/\/apuntesdesanluis.com\/wp-content\/uploads\/2025\/01\/altar-comechingon-merlo-150x150.jpg",150,150,true],"medium":["https:\/\/apuntesdesanluis.com\/wp-content\/uploads\/2025\/01\/altar-comechingon-merlo-300x193.jpg",300,193,true],"medium_large":["https:\/\/apuntesdesanluis.com\/wp-content\/uploads\/2025\/01\/altar-comechingon-merlo-768x494.jpg",640,412,true],"large":["https:\/\/apuntesdesanluis.com\/wp-content\/uploads\/2025\/01\/altar-comechingon-merlo.jpg",640,412,false],"1536x1536":["https:\/\/apuntesdesanluis.com\/wp-content\/uploads\/2025\/01\/altar-comechingon-merlo.jpg",800,515,false],"2048x2048":["https:\/\/apuntesdesanluis.com\/wp-content\/uploads\/2025\/01\/altar-comechingon-merlo.jpg",800,515,false],"newsever-slider-full":["https:\/\/apuntesdesanluis.com\/wp-content\/uploads\/2025\/01\/altar-comechingon-merlo.jpg",800,515,false],"newsever-featured":["https:\/\/apuntesdesanluis.com\/wp-content\/uploads\/2025\/01\/altar-comechingon-merlo.jpg",800,515,false],"newsever-medium":["https:\/\/apuntesdesanluis.com\/wp-content\/uploads\/2025\/01\/altar-comechingon-merlo-720x475.jpg",720,475,true]},"author_info":{"display_name":"apuntesdesanluis.com","author_link":"https:\/\/apuntesdesanluis.com\/index.php\/author\/apuntesdesanluis-com\/"},"category_info":"<a href=\"https:\/\/apuntesdesanluis.com\/index.php\/category\/ciudad-provincia\/\" rel=\"category tag\">Ciudad\/Provincia<\/a>","tag_info":"Ciudad\/Provincia","comment_count":"0","_links":{"self":[{"href":"https:\/\/apuntesdesanluis.com\/index.php\/wp-json\/wp\/v2\/posts\/27701","targetHints":{"allow":["GET"]}}],"collection":[{"href":"https:\/\/apuntesdesanluis.com\/index.php\/wp-json\/wp\/v2\/posts"}],"about":[{"href":"https:\/\/apuntesdesanluis.com\/index.php\/wp-json\/wp\/v2\/types\/post"}],"author":[{"embeddable":true,"href":"https:\/\/apuntesdesanluis.com\/index.php\/wp-json\/wp\/v2\/users\/1"}],"replies":[{"embeddable":true,"href":"https:\/\/apuntesdesanluis.com\/index.php\/wp-json\/wp\/v2\/comments?post=27701"}],"version-history":[{"count":1,"href":"https:\/\/apuntesdesanluis.com\/index.php\/wp-json\/wp\/v2\/posts\/27701\/revisions"}],"predecessor-version":[{"id":27705,"href":"https:\/\/apuntesdesanluis.com\/index.php\/wp-json\/wp\/v2\/posts\/27701\/revisions\/27705"}],"wp:featuredmedia":[{"embeddable":true,"href":"https:\/\/apuntesdesanluis.com\/index.php\/wp-json\/wp\/v2\/media\/27704"}],"wp:attachment":[{"href":"https:\/\/apuntesdesanluis.com\/index.php\/wp-json\/wp\/v2\/media?parent=27701"}],"wp:term":[{"taxonomy":"category","embeddable":true,"href":"https:\/\/apuntesdesanluis.com\/index.php\/wp-json\/wp\/v2\/categories?post=27701"},{"taxonomy":"post_tag","embeddable":true,"href":"https:\/\/apuntesdesanluis.com\/index.php\/wp-json\/wp\/v2\/tags?post=27701"}],"curies":[{"name":"wp","href":"https:\/\/api.w.org\/{rel}","templated":true}]}}