{"id":27709,"date":"2025-01-13T08:13:05","date_gmt":"2025-01-13T11:13:05","guid":{"rendered":"https:\/\/apuntesdesanluis.com\/?p=27709"},"modified":"2025-01-14T10:15:41","modified_gmt":"2025-01-14T13:15:41","slug":"conductor-se-quedo-dormido-y-provoco-choque-frontal-en-ruta-20","status":"publish","type":"post","link":"https:\/\/apuntesdesanluis.com\/index.php\/2025\/01\/13\/conductor-se-quedo-dormido-y-provoco-choque-frontal-en-ruta-20\/","title":{"rendered":"CONDUCTOR SE QUED\u00d3 DORMIDO Y PROVOC\u00d3 CHOQUE FRONTAL EN RUTA 20"},"content":{"rendered":"<h3>Ocurri\u00f3 este lunes 13 de enero en horas del mediod\u00eda. El grave accidente de tr\u00e1nsito se registr\u00f3 en el kil\u00f3metro 253 de la Ruta Nacional N\u00b020. Dos veh\u00edculos, un Fiat Cronos y un Fiat Mobi, protagonizaron un choque frontal que dej\u00f3 varios heridos.<\/h3>\n<h3>El Fiat Cronos, conducido por un hombre de apellido Contreras, acompa\u00f1ado por una mujer y un hombre de apellido Riquelme, oriundos de Las Lajas, Neuqu\u00e9n, circulaba en sentido norte-sur. Seg\u00fan declaraciones de Riquelme, el conductor se habr\u00eda quedado dormido, cruzando al carril contrario e impactando de frente contra un Fiat Mobi.<\/h3>\n<h3>En el Fiat Mobi viajaban cinco personas dos hombres y tres mujeres una de ellas menor de edad, oriundos de Santa Rosa, Tinogasta, Catamarca. Ellos circulaban en sentido sur-norte con destino a Merlo, San Luis.<\/h3>\n<p><img fetchpriority=\"high\" decoding=\"async\" class=\"alignnone  wp-image-27711\" src=\"https:\/\/apuntesdesanluis.com\/wp-content\/uploads\/2025\/01\/d44ad5d2-00c0-493c-a5e6-e75c364fd205-300x165.jpg\" alt=\"\" width=\"642\" height=\"353\" srcset=\"https:\/\/apuntesdesanluis.com\/wp-content\/uploads\/2025\/01\/d44ad5d2-00c0-493c-a5e6-e75c364fd205-300x165.jpg 300w, https:\/\/apuntesdesanluis.com\/wp-content\/uploads\/2025\/01\/d44ad5d2-00c0-493c-a5e6-e75c364fd205-768x421.jpg 768w, https:\/\/apuntesdesanluis.com\/wp-content\/uploads\/2025\/01\/d44ad5d2-00c0-493c-a5e6-e75c364fd205.jpg 800w\" sizes=\"(max-width: 642px) 100vw, 642px\" \/><\/p>\n<h3>El impacto dej\u00f3 al Fiat Cronos en la banquina oeste, con graves da\u00f1os en su parte frontal y lateral izquierda, mientras que el Fiat Mobi termin\u00f3 en la banquina este, con su frente orientado hacia el sur y da\u00f1os significativos en su parte frontal izquierda.<\/h3>\n<h3>Personal m\u00e9dico local se present\u00f3 con dos las ambulancias, brindaron asistencia inmediata y trasladaron a los heridos al Hospital Ram\u00f3n Carrillo.<\/h3>\n<h3>La conductora del Fiat Mobi, qued\u00f3 atrapada en el habit\u00e1culo del veh\u00edculo. Bomberos voluntarios de varias localidades, incluidos Quines, San Francisco, Los Cajones y Villa Dolores, trabajaron coordinadamente para liberarla. A las 14:20 horas, lograron extraerla del rodado. Presentaba fracturas visibles en sus miembros inferiores y fue trasladada de urgencia al hospital.<\/h3>\n<h3>Personal del Cuerpo Vial 5, fue el primero en llegar al lugar del accidente y de Criminal\u00edstica UROPV, quienes llevaron a cabo las pericias correspondientes para determinar las causas exactas del siniestro.<\/h3>\n<h3>El hecho contin\u00faa bajo investigaci\u00f3n mientras los heridos reciben atenci\u00f3n m\u00e9dica.<\/h3>\n<h3><\/h3>\n<p>&nbsp;<\/p>\n<p>&nbsp;<\/p>\n","protected":false},"excerpt":{"rendered":"<p>Ocurri\u00f3 este lunes 13 de enero en horas del mediod\u00eda. El grave accidente de tr\u00e1nsito&#8230;<\/p>\n","protected":false},"author":1,"featured_media":27710,"comment_status":"closed","ping_status":"closed","sticky":false,"template":"","format":"standard","meta":{"footnotes":""},"categories":[6],"tags":[],"class_list":["post-27709","post","type-post","status-publish","format-standard","has-post-thumbnail","hentry","category-ciudad-provincia"],"yoast_head":"<!-- This site is optimized with the Yoast SEO plugin v26.1.1 - https:\/\/yoast.com\/wordpress\/plugins\/seo\/ -->\n<title>CONDUCTOR SE QUED\u00d3 DORMIDO Y PROVOC\u00d3 CHOQUE FRONTAL EN RUTA 20 - Apuntes de San Luis<\/title>\n<meta name=\"robots\" content=\"index, follow, max-snippet:-1, max-image-preview:large, max-video-preview:-1\" \/>\n<link rel=\"canonical\" href=\"https:\/\/apuntesdesanluis.com\/index.php\/2025\/01\/13\/conductor-se-quedo-dormido-y-provoco-choque-frontal-en-ruta-20\/\" \/>\n<meta property=\"og:locale\" content=\"es_ES\" \/>\n<meta property=\"og:type\" content=\"article\" \/>\n<meta property=\"og:title\" content=\"CONDUCTOR SE QUED\u00d3 DORMIDO Y PROVOC\u00d3 CHOQUE FRONTAL EN RUTA 20 - Apuntes de San Luis\" \/>\n<meta property=\"og:description\" content=\"Ocurri\u00f3 este lunes 13 de enero en horas del mediod\u00eda. El grave accidente de tr\u00e1nsito...\" \/>\n<meta property=\"og:url\" content=\"https:\/\/apuntesdesanluis.com\/index.php\/2025\/01\/13\/conductor-se-quedo-dormido-y-provoco-choque-frontal-en-ruta-20\/\" \/>\n<meta property=\"og:site_name\" content=\"Apuntes de San Luis\" \/>\n<meta property=\"article:published_time\" content=\"2025-01-13T11:13:05+00:00\" \/>\n<meta property=\"article:modified_time\" content=\"2025-01-14T13:15:41+00:00\" \/>\n<meta property=\"og:image\" content=\"https:\/\/apuntesdesanluis.com\/wp-content\/uploads\/2025\/01\/8e37a956-8c96-452d-9547-3c128c31dd09.jpg\" \/>\n\t<meta property=\"og:image:width\" content=\"800\" \/>\n\t<meta property=\"og:image:height\" content=\"450\" \/>\n\t<meta property=\"og:image:type\" content=\"image\/jpeg\" \/>\n<meta name=\"author\" content=\"apuntesdesanluis.com\" \/>\n<meta name=\"twitter:card\" content=\"summary_large_image\" \/>\n<meta name=\"twitter:label1\" content=\"Escrito por\" \/>\n\t<meta name=\"twitter:data1\" content=\"apuntesdesanluis.com\" \/>\n\t<meta name=\"twitter:label2\" content=\"Tiempo de lectura\" \/>\n\t<meta name=\"twitter:data2\" content=\"2 minutos\" \/>\n<script type=\"application\/ld+json\" class=\"yoast-schema-graph\">{\"@context\":\"https:\/\/schema.org\",\"@graph\":[{\"@type\":\"Article\",\"@id\":\"https:\/\/apuntesdesanluis.com\/index.php\/2025\/01\/13\/conductor-se-quedo-dormido-y-provoco-choque-frontal-en-ruta-20\/#article\",\"isPartOf\":{\"@id\":\"https:\/\/apuntesdesanluis.com\/index.php\/2025\/01\/13\/conductor-se-quedo-dormido-y-provoco-choque-frontal-en-ruta-20\/\"},\"author\":{\"name\":\"apuntesdesanluis.com\",\"@id\":\"https:\/\/apuntesdesanluis.com\/#\/schema\/person\/b55151d52296fcce64d1a72538a70b90\"},\"headline\":\"CONDUCTOR SE QUED\u00d3 DORMIDO Y PROVOC\u00d3 CHOQUE FRONTAL EN RUTA 20\",\"datePublished\":\"2025-01-13T11:13:05+00:00\",\"dateModified\":\"2025-01-14T13:15:41+00:00\",\"mainEntityOfPage\":{\"@id\":\"https:\/\/apuntesdesanluis.com\/index.php\/2025\/01\/13\/conductor-se-quedo-dormido-y-provoco-choque-frontal-en-ruta-20\/\"},\"wordCount\":317,\"publisher\":{\"@id\":\"https:\/\/apuntesdesanluis.com\/#\/schema\/person\/b55151d52296fcce64d1a72538a70b90\"},\"image\":{\"@id\":\"https:\/\/apuntesdesanluis.com\/index.php\/2025\/01\/13\/conductor-se-quedo-dormido-y-provoco-choque-frontal-en-ruta-20\/#primaryimage\"},\"thumbnailUrl\":\"https:\/\/apuntesdesanluis.com\/wp-content\/uploads\/2025\/01\/8e37a956-8c96-452d-9547-3c128c31dd09.jpg\",\"articleSection\":[\"Ciudad\/Provincia\"],\"inLanguage\":\"es-AR\"},{\"@type\":\"WebPage\",\"@id\":\"https:\/\/apuntesdesanluis.com\/index.php\/2025\/01\/13\/conductor-se-quedo-dormido-y-provoco-choque-frontal-en-ruta-20\/\",\"url\":\"https:\/\/apuntesdesanluis.com\/index.php\/2025\/01\/13\/conductor-se-quedo-dormido-y-provoco-choque-frontal-en-ruta-20\/\",\"name\":\"CONDUCTOR SE QUED\u00d3 DORMIDO Y PROVOC\u00d3 CHOQUE FRONTAL EN RUTA 20 - Apuntes de San Luis\",\"isPartOf\":{\"@id\":\"https:\/\/apuntesdesanluis.com\/#website\"},\"primaryImageOfPage\":{\"@id\":\"https:\/\/apuntesdesanluis.com\/index.php\/2025\/01\/13\/conductor-se-quedo-dormido-y-provoco-choque-frontal-en-ruta-20\/#primaryimage\"},\"image\":{\"@id\":\"https:\/\/apuntesdesanluis.com\/index.php\/2025\/01\/13\/conductor-se-quedo-dormido-y-provoco-choque-frontal-en-ruta-20\/#primaryimage\"},\"thumbnailUrl\":\"https:\/\/apuntesdesanluis.com\/wp-content\/uploads\/2025\/01\/8e37a956-8c96-452d-9547-3c128c31dd09.jpg\",\"datePublished\":\"2025-01-13T11:13:05+00:00\",\"dateModified\":\"2025-01-14T13:15:41+00:00\",\"breadcrumb\":{\"@id\":\"https:\/\/apuntesdesanluis.com\/index.php\/2025\/01\/13\/conductor-se-quedo-dormido-y-provoco-choque-frontal-en-ruta-20\/#breadcrumb\"},\"inLanguage\":\"es-AR\",\"potentialAction\":[{\"@type\":\"ReadAction\",\"target\":[\"https:\/\/apuntesdesanluis.com\/index.php\/2025\/01\/13\/conductor-se-quedo-dormido-y-provoco-choque-frontal-en-ruta-20\/\"]}]},{\"@type\":\"ImageObject\",\"inLanguage\":\"es-AR\",\"@id\":\"https:\/\/apuntesdesanluis.com\/index.php\/2025\/01\/13\/conductor-se-quedo-dormido-y-provoco-choque-frontal-en-ruta-20\/#primaryimage\",\"url\":\"https:\/\/apuntesdesanluis.com\/wp-content\/uploads\/2025\/01\/8e37a956-8c96-452d-9547-3c128c31dd09.jpg\",\"contentUrl\":\"https:\/\/apuntesdesanluis.com\/wp-content\/uploads\/2025\/01\/8e37a956-8c96-452d-9547-3c128c31dd09.jpg\",\"width\":800,\"height\":450},{\"@type\":\"BreadcrumbList\",\"@id\":\"https:\/\/apuntesdesanluis.com\/index.php\/2025\/01\/13\/conductor-se-quedo-dormido-y-provoco-choque-frontal-en-ruta-20\/#breadcrumb\",\"itemListElement\":[{\"@type\":\"ListItem\",\"position\":1,\"name\":\"Inicio\",\"item\":\"https:\/\/apuntesdesanluis.com\/\"},{\"@type\":\"ListItem\",\"position\":2,\"name\":\"CONDUCTOR SE QUED\u00d3 DORMIDO Y PROVOC\u00d3 CHOQUE FRONTAL EN RUTA 20\"}]},{\"@type\":\"WebSite\",\"@id\":\"https:\/\/apuntesdesanluis.com\/#website\",\"url\":\"https:\/\/apuntesdesanluis.com\/\",\"name\":\"Apuntes de San Luis\",\"description\":\"\",\"publisher\":{\"@id\":\"https:\/\/apuntesdesanluis.com\/#\/schema\/person\/b55151d52296fcce64d1a72538a70b90\"},\"potentialAction\":[{\"@type\":\"SearchAction\",\"target\":{\"@type\":\"EntryPoint\",\"urlTemplate\":\"https:\/\/apuntesdesanluis.com\/?s={search_term_string}\"},\"query-input\":{\"@type\":\"PropertyValueSpecification\",\"valueRequired\":true,\"valueName\":\"search_term_string\"}}],\"inLanguage\":\"es-AR\"},{\"@type\":[\"Person\",\"Organization\"],\"@id\":\"https:\/\/apuntesdesanluis.com\/#\/schema\/person\/b55151d52296fcce64d1a72538a70b90\",\"name\":\"apuntesdesanluis.com\",\"image\":{\"@type\":\"ImageObject\",\"inLanguage\":\"es-AR\",\"@id\":\"https:\/\/apuntesdesanluis.com\/#\/schema\/person\/image\/\",\"url\":\"https:\/\/apuntesdesanluis.com\/wp-content\/uploads\/2023\/07\/cropped-apuntesdesanluis.png\",\"contentUrl\":\"https:\/\/apuntesdesanluis.com\/wp-content\/uploads\/2023\/07\/cropped-apuntesdesanluis.png\",\"width\":450,\"height\":112,\"caption\":\"apuntesdesanluis.com\"},\"logo\":{\"@id\":\"https:\/\/apuntesdesanluis.com\/#\/schema\/person\/image\/\"},\"sameAs\":[\"https:\/\/apuntesdesanluis.com\"],\"url\":\"https:\/\/apuntesdesanluis.com\/index.php\/author\/apuntesdesanluis-com\/\"}]}<\/script>\n<!-- \/ Yoast SEO plugin. -->","yoast_head_json":{"title":"CONDUCTOR SE QUED\u00d3 DORMIDO Y PROVOC\u00d3 CHOQUE FRONTAL EN RUTA 20 - Apuntes de San Luis","robots":{"index":"index","follow":"follow","max-snippet":"max-snippet:-1","max-image-preview":"max-image-preview:large","max-video-preview":"max-video-preview:-1"},"canonical":"https:\/\/apuntesdesanluis.com\/index.php\/2025\/01\/13\/conductor-se-quedo-dormido-y-provoco-choque-frontal-en-ruta-20\/","og_locale":"es_ES","og_type":"article","og_title":"CONDUCTOR SE QUED\u00d3 DORMIDO Y PROVOC\u00d3 CHOQUE FRONTAL EN RUTA 20 - Apuntes de San Luis","og_description":"Ocurri\u00f3 este lunes 13 de enero en horas del mediod\u00eda. El grave accidente de tr\u00e1nsito...","og_url":"https:\/\/apuntesdesanluis.com\/index.php\/2025\/01\/13\/conductor-se-quedo-dormido-y-provoco-choque-frontal-en-ruta-20\/","og_site_name":"Apuntes de San Luis","article_published_time":"2025-01-13T11:13:05+00:00","article_modified_time":"2025-01-14T13:15:41+00:00","og_image":[{"width":800,"height":450,"url":"https:\/\/apuntesdesanluis.com\/wp-content\/uploads\/2025\/01\/8e37a956-8c96-452d-9547-3c128c31dd09.jpg","type":"image\/jpeg"}],"author":"apuntesdesanluis.com","twitter_card":"summary_large_image","twitter_misc":{"Escrito por":"apuntesdesanluis.com","Tiempo de lectura":"2 minutos"},"schema":{"@context":"https:\/\/schema.org","@graph":[{"@type":"Article","@id":"https:\/\/apuntesdesanluis.com\/index.php\/2025\/01\/13\/conductor-se-quedo-dormido-y-provoco-choque-frontal-en-ruta-20\/#article","isPartOf":{"@id":"https:\/\/apuntesdesanluis.com\/index.php\/2025\/01\/13\/conductor-se-quedo-dormido-y-provoco-choque-frontal-en-ruta-20\/"},"author":{"name":"apuntesdesanluis.com","@id":"https:\/\/apuntesdesanluis.com\/#\/schema\/person\/b55151d52296fcce64d1a72538a70b90"},"headline":"CONDUCTOR SE QUED\u00d3 DORMIDO Y PROVOC\u00d3 CHOQUE FRONTAL EN RUTA 20","datePublished":"2025-01-13T11:13:05+00:00","dateModified":"2025-01-14T13:15:41+00:00","mainEntityOfPage":{"@id":"https:\/\/apuntesdesanluis.com\/index.php\/2025\/01\/13\/conductor-se-quedo-dormido-y-provoco-choque-frontal-en-ruta-20\/"},"wordCount":317,"publisher":{"@id":"https:\/\/apuntesdesanluis.com\/#\/schema\/person\/b55151d52296fcce64d1a72538a70b90"},"image":{"@id":"https:\/\/apuntesdesanluis.com\/index.php\/2025\/01\/13\/conductor-se-quedo-dormido-y-provoco-choque-frontal-en-ruta-20\/#primaryimage"},"thumbnailUrl":"https:\/\/apuntesdesanluis.com\/wp-content\/uploads\/2025\/01\/8e37a956-8c96-452d-9547-3c128c31dd09.jpg","articleSection":["Ciudad\/Provincia"],"inLanguage":"es-AR"},{"@type":"WebPage","@id":"https:\/\/apuntesdesanluis.com\/index.php\/2025\/01\/13\/conductor-se-quedo-dormido-y-provoco-choque-frontal-en-ruta-20\/","url":"https:\/\/apuntesdesanluis.com\/index.php\/2025\/01\/13\/conductor-se-quedo-dormido-y-provoco-choque-frontal-en-ruta-20\/","name":"CONDUCTOR SE QUED\u00d3 DORMIDO Y PROVOC\u00d3 CHOQUE FRONTAL EN RUTA 20 - Apuntes de San Luis","isPartOf":{"@id":"https:\/\/apuntesdesanluis.com\/#website"},"primaryImageOfPage":{"@id":"https:\/\/apuntesdesanluis.com\/index.php\/2025\/01\/13\/conductor-se-quedo-dormido-y-provoco-choque-frontal-en-ruta-20\/#primaryimage"},"image":{"@id":"https:\/\/apuntesdesanluis.com\/index.php\/2025\/01\/13\/conductor-se-quedo-dormido-y-provoco-choque-frontal-en-ruta-20\/#primaryimage"},"thumbnailUrl":"https:\/\/apuntesdesanluis.com\/wp-content\/uploads\/2025\/01\/8e37a956-8c96-452d-9547-3c128c31dd09.jpg","datePublished":"2025-01-13T11:13:05+00:00","dateModified":"2025-01-14T13:15:41+00:00","breadcrumb":{"@id":"https:\/\/apuntesdesanluis.com\/index.php\/2025\/01\/13\/conductor-se-quedo-dormido-y-provoco-choque-frontal-en-ruta-20\/#breadcrumb"},"inLanguage":"es-AR","potentialAction":[{"@type":"ReadAction","target":["https:\/\/apuntesdesanluis.com\/index.php\/2025\/01\/13\/conductor-se-quedo-dormido-y-provoco-choque-frontal-en-ruta-20\/"]}]},{"@type":"ImageObject","inLanguage":"es-AR","@id":"https:\/\/apuntesdesanluis.com\/index.php\/2025\/01\/13\/conductor-se-quedo-dormido-y-provoco-choque-frontal-en-ruta-20\/#primaryimage","url":"https:\/\/apuntesdesanluis.com\/wp-content\/uploads\/2025\/01\/8e37a956-8c96-452d-9547-3c128c31dd09.jpg","contentUrl":"https:\/\/apuntesdesanluis.com\/wp-content\/uploads\/2025\/01\/8e37a956-8c96-452d-9547-3c128c31dd09.jpg","width":800,"height":450},{"@type":"BreadcrumbList","@id":"https:\/\/apuntesdesanluis.com\/index.php\/2025\/01\/13\/conductor-se-quedo-dormido-y-provoco-choque-frontal-en-ruta-20\/#breadcrumb","itemListElement":[{"@type":"ListItem","position":1,"name":"Inicio","item":"https:\/\/apuntesdesanluis.com\/"},{"@type":"ListItem","position":2,"name":"CONDUCTOR SE QUED\u00d3 DORMIDO Y PROVOC\u00d3 CHOQUE FRONTAL EN RUTA 20"}]},{"@type":"WebSite","@id":"https:\/\/apuntesdesanluis.com\/#website","url":"https:\/\/apuntesdesanluis.com\/","name":"Apuntes de San Luis","description":"","publisher":{"@id":"https:\/\/apuntesdesanluis.com\/#\/schema\/person\/b55151d52296fcce64d1a72538a70b90"},"potentialAction":[{"@type":"SearchAction","target":{"@type":"EntryPoint","urlTemplate":"https:\/\/apuntesdesanluis.com\/?s={search_term_string}"},"query-input":{"@type":"PropertyValueSpecification","valueRequired":true,"valueName":"search_term_string"}}],"inLanguage":"es-AR"},{"@type":["Person","Organization"],"@id":"https:\/\/apuntesdesanluis.com\/#\/schema\/person\/b55151d52296fcce64d1a72538a70b90","name":"apuntesdesanluis.com","image":{"@type":"ImageObject","inLanguage":"es-AR","@id":"https:\/\/apuntesdesanluis.com\/#\/schema\/person\/image\/","url":"https:\/\/apuntesdesanluis.com\/wp-content\/uploads\/2023\/07\/cropped-apuntesdesanluis.png","contentUrl":"https:\/\/apuntesdesanluis.com\/wp-content\/uploads\/2023\/07\/cropped-apuntesdesanluis.png","width":450,"height":112,"caption":"apuntesdesanluis.com"},"logo":{"@id":"https:\/\/apuntesdesanluis.com\/#\/schema\/person\/image\/"},"sameAs":["https:\/\/apuntesdesanluis.com"],"url":"https:\/\/apuntesdesanluis.com\/index.php\/author\/apuntesdesanluis-com\/"}]}},"featured_image_urls":{"full":["https:\/\/apuntesdesanluis.com\/wp-content\/uploads\/2025\/01\/8e37a956-8c96-452d-9547-3c128c31dd09.jpg",800,450,false],"thumbnail":["https:\/\/apuntesdesanluis.com\/wp-content\/uploads\/2025\/01\/8e37a956-8c96-452d-9547-3c128c31dd09-150x150.jpg",150,150,true],"medium":["https:\/\/apuntesdesanluis.com\/wp-content\/uploads\/2025\/01\/8e37a956-8c96-452d-9547-3c128c31dd09-300x169.jpg",300,169,true],"medium_large":["https:\/\/apuntesdesanluis.com\/wp-content\/uploads\/2025\/01\/8e37a956-8c96-452d-9547-3c128c31dd09-768x432.jpg",640,360,true],"large":["https:\/\/apuntesdesanluis.com\/wp-content\/uploads\/2025\/01\/8e37a956-8c96-452d-9547-3c128c31dd09.jpg",640,360,false],"1536x1536":["https:\/\/apuntesdesanluis.com\/wp-content\/uploads\/2025\/01\/8e37a956-8c96-452d-9547-3c128c31dd09.jpg",800,450,false],"2048x2048":["https:\/\/apuntesdesanluis.com\/wp-content\/uploads\/2025\/01\/8e37a956-8c96-452d-9547-3c128c31dd09.jpg",800,450,false],"newsever-slider-full":["https:\/\/apuntesdesanluis.com\/wp-content\/uploads\/2025\/01\/8e37a956-8c96-452d-9547-3c128c31dd09.jpg",800,450,false],"newsever-featured":["https:\/\/apuntesdesanluis.com\/wp-content\/uploads\/2025\/01\/8e37a956-8c96-452d-9547-3c128c31dd09.jpg",800,450,false],"newsever-medium":["https:\/\/apuntesdesanluis.com\/wp-content\/uploads\/2025\/01\/8e37a956-8c96-452d-9547-3c128c31dd09-720x450.jpg",720,450,true]},"author_info":{"display_name":"apuntesdesanluis.com","author_link":"https:\/\/apuntesdesanluis.com\/index.php\/author\/apuntesdesanluis-com\/"},"category_info":"<a href=\"https:\/\/apuntesdesanluis.com\/index.php\/category\/ciudad-provincia\/\" rel=\"category tag\">Ciudad\/Provincia<\/a>","tag_info":"Ciudad\/Provincia","comment_count":"0","_links":{"self":[{"href":"https:\/\/apuntesdesanluis.com\/index.php\/wp-json\/wp\/v2\/posts\/27709","targetHints":{"allow":["GET"]}}],"collection":[{"href":"https:\/\/apuntesdesanluis.com\/index.php\/wp-json\/wp\/v2\/posts"}],"about":[{"href":"https:\/\/apuntesdesanluis.com\/index.php\/wp-json\/wp\/v2\/types\/post"}],"author":[{"embeddable":true,"href":"https:\/\/apuntesdesanluis.com\/index.php\/wp-json\/wp\/v2\/users\/1"}],"replies":[{"embeddable":true,"href":"https:\/\/apuntesdesanluis.com\/index.php\/wp-json\/wp\/v2\/comments?post=27709"}],"version-history":[{"count":1,"href":"https:\/\/apuntesdesanluis.com\/index.php\/wp-json\/wp\/v2\/posts\/27709\/revisions"}],"predecessor-version":[{"id":27712,"href":"https:\/\/apuntesdesanluis.com\/index.php\/wp-json\/wp\/v2\/posts\/27709\/revisions\/27712"}],"wp:featuredmedia":[{"embeddable":true,"href":"https:\/\/apuntesdesanluis.com\/index.php\/wp-json\/wp\/v2\/media\/27710"}],"wp:attachment":[{"href":"https:\/\/apuntesdesanluis.com\/index.php\/wp-json\/wp\/v2\/media?parent=27709"}],"wp:term":[{"taxonomy":"category","embeddable":true,"href":"https:\/\/apuntesdesanluis.com\/index.php\/wp-json\/wp\/v2\/categories?post=27709"},{"taxonomy":"post_tag","embeddable":true,"href":"https:\/\/apuntesdesanluis.com\/index.php\/wp-json\/wp\/v2\/tags?post=27709"}],"curies":[{"name":"wp","href":"https:\/\/api.w.org\/{rel}","templated":true}]}}