{"id":27716,"date":"2025-01-14T10:38:24","date_gmt":"2025-01-14T13:38:24","guid":{"rendered":"https:\/\/apuntesdesanluis.com\/?p=27716"},"modified":"2025-01-14T10:38:24","modified_gmt":"2025-01-14T13:38:24","slug":"la-mama-del-primer-bebe-fallecido-en-el-neonatal-de-cordoba-declara-en-el-juicio-por-jurados","status":"publish","type":"post","link":"https:\/\/apuntesdesanluis.com\/index.php\/2025\/01\/14\/la-mama-del-primer-bebe-fallecido-en-el-neonatal-de-cordoba-declara-en-el-juicio-por-jurados\/","title":{"rendered":"LA MAM\u00c1 DEL PRIMER BEB\u00c9 FALLECIDO EN EL NEONATAL DE C\u00d3RDOBA DECLARA EN EL JUICIO POR JURADOS"},"content":{"rendered":"<h3>Los pap\u00e1s de Francisco, el primer beb\u00e9 que muri\u00f3 en el <strong>Hospital Neonatal de C\u00f3rdoba<\/strong> en marzo de 2022, declaran este martes en el juicio por jurados en la causa que tiene como principal acusada a la enfermera Brenda Ag\u00fcero y a otros 10 imputados.<\/h3>\n<h3>Tras la desgarradora declaraci\u00f3n de Yosel\u00edn Rojas, madre de Angeline, Vanessa C\u00e1ceres y Ra\u00fal Calder\u00f3n brindan testimonio frente al Tribunal y al jurado popular sobre c\u00f3mo se desencadenaron los hechos que finalizaron con la muerte del reci\u00e9n nacido.<\/h3>\n<h3>Como se anunci\u00f3 previamente, esta semana ser\u00e1 m\u00e1s que emotiva porque las madres y padres que perdieron a sus hijos en el Neonatal, seg\u00fan la investigaci\u00f3n por el suministro de potasio o insulina, van a declarar en el juicio.<\/h3>\n<h3>El lunes fue el turno de Rojas, quien acus\u00f3 a la enfermera Ag\u00fcero y dijo que su hija &#8220;fue envenenada con potasio&#8221; en el hospital.<\/h3>\n<h3>La reci\u00e9n nacida falleci\u00f3 en junio de 2022 a causa de una bradicardia extrema y apnea provocadas por un exceso de potasio, y frente al Tribunal y el jurado popular se\u00f1al\u00f3 a Ag\u00fcero como la principal acusada.<\/h3>\n<h3>&#8220;Era una mirada fr\u00eda, muy rara. Cuando le da el beb\u00e9 a mi pareja, nos miraba muy raro. No s\u00e9 si con l\u00e1stima o c\u00f3mo. Nos miraba de reojo. Es la persona que se llev\u00f3 el beb\u00e9&#8221;, cont\u00f3.<\/h3>\n<h3>La autopsia confirm\u00f3 que la beb\u00e9 falleci\u00f3 por el suministro del electrolito: &#8220;Mi beb\u00e9 fue envenenada con potasio. Le hab\u00edan puesto una alta dosis&#8221;.<\/h3>\n<p>&nbsp;<\/p>\n<p>&nbsp;<\/p>\n<p>&nbsp;<\/p>\n<h3><\/h3>\n<h3><\/h3>\n<p>&nbsp;<\/p>\n","protected":false},"excerpt":{"rendered":"<p>Los pap\u00e1s de Francisco, el primer beb\u00e9 que muri\u00f3 en el Hospital Neonatal de C\u00f3rdoba&#8230;<\/p>\n","protected":false},"author":1,"featured_media":27717,"comment_status":"closed","ping_status":"closed","sticky":false,"template":"","format":"standard","meta":{"footnotes":""},"categories":[5],"tags":[],"class_list":["post-27716","post","type-post","status-publish","format-standard","has-post-thumbnail","hentry","category-nacionales-internacionales"],"yoast_head":"<!-- This site is optimized with the Yoast SEO plugin v26.1.1 - https:\/\/yoast.com\/wordpress\/plugins\/seo\/ -->\n<title>LA MAM\u00c1 DEL PRIMER BEB\u00c9 FALLECIDO EN EL NEONATAL DE C\u00d3RDOBA DECLARA EN EL JUICIO POR JURADOS - Apuntes de San Luis<\/title>\n<meta name=\"robots\" content=\"index, follow, max-snippet:-1, max-image-preview:large, max-video-preview:-1\" \/>\n<link rel=\"canonical\" href=\"https:\/\/apuntesdesanluis.com\/index.php\/2025\/01\/14\/la-mama-del-primer-bebe-fallecido-en-el-neonatal-de-cordoba-declara-en-el-juicio-por-jurados\/\" \/>\n<meta property=\"og:locale\" content=\"es_ES\" \/>\n<meta property=\"og:type\" content=\"article\" \/>\n<meta property=\"og:title\" content=\"LA MAM\u00c1 DEL PRIMER BEB\u00c9 FALLECIDO EN EL NEONATAL DE C\u00d3RDOBA DECLARA EN EL JUICIO POR JURADOS - Apuntes de San Luis\" \/>\n<meta property=\"og:description\" content=\"Los pap\u00e1s de Francisco, el primer beb\u00e9 que muri\u00f3 en el Hospital Neonatal de C\u00f3rdoba...\" \/>\n<meta property=\"og:url\" content=\"https:\/\/apuntesdesanluis.com\/index.php\/2025\/01\/14\/la-mama-del-primer-bebe-fallecido-en-el-neonatal-de-cordoba-declara-en-el-juicio-por-jurados\/\" \/>\n<meta property=\"og:site_name\" content=\"Apuntes de San Luis\" \/>\n<meta property=\"article:published_time\" content=\"2025-01-14T13:38:24+00:00\" \/>\n<meta property=\"og:image\" content=\"https:\/\/apuntesdesanluis.com\/wp-content\/uploads\/2025\/01\/PAPAS-DE-BEBE.png\" \/>\n\t<meta property=\"og:image:width\" content=\"773\" \/>\n\t<meta property=\"og:image:height\" content=\"475\" \/>\n\t<meta property=\"og:image:type\" content=\"image\/png\" \/>\n<meta name=\"author\" content=\"apuntesdesanluis.com\" \/>\n<meta name=\"twitter:card\" content=\"summary_large_image\" \/>\n<meta name=\"twitter:label1\" content=\"Escrito por\" \/>\n\t<meta name=\"twitter:data1\" content=\"apuntesdesanluis.com\" \/>\n\t<meta name=\"twitter:label2\" content=\"Tiempo de lectura\" \/>\n\t<meta name=\"twitter:data2\" content=\"2 minutos\" \/>\n<script type=\"application\/ld+json\" class=\"yoast-schema-graph\">{\"@context\":\"https:\/\/schema.org\",\"@graph\":[{\"@type\":\"Article\",\"@id\":\"https:\/\/apuntesdesanluis.com\/index.php\/2025\/01\/14\/la-mama-del-primer-bebe-fallecido-en-el-neonatal-de-cordoba-declara-en-el-juicio-por-jurados\/#article\",\"isPartOf\":{\"@id\":\"https:\/\/apuntesdesanluis.com\/index.php\/2025\/01\/14\/la-mama-del-primer-bebe-fallecido-en-el-neonatal-de-cordoba-declara-en-el-juicio-por-jurados\/\"},\"author\":{\"name\":\"apuntesdesanluis.com\",\"@id\":\"https:\/\/apuntesdesanluis.com\/#\/schema\/person\/b55151d52296fcce64d1a72538a70b90\"},\"headline\":\"LA MAM\u00c1 DEL PRIMER BEB\u00c9 FALLECIDO EN EL NEONATAL DE C\u00d3RDOBA DECLARA EN EL JUICIO POR JURADOS\",\"datePublished\":\"2025-01-14T13:38:24+00:00\",\"mainEntityOfPage\":{\"@id\":\"https:\/\/apuntesdesanluis.com\/index.php\/2025\/01\/14\/la-mama-del-primer-bebe-fallecido-en-el-neonatal-de-cordoba-declara-en-el-juicio-por-jurados\/\"},\"wordCount\":286,\"publisher\":{\"@id\":\"https:\/\/apuntesdesanluis.com\/#\/schema\/person\/b55151d52296fcce64d1a72538a70b90\"},\"image\":{\"@id\":\"https:\/\/apuntesdesanluis.com\/index.php\/2025\/01\/14\/la-mama-del-primer-bebe-fallecido-en-el-neonatal-de-cordoba-declara-en-el-juicio-por-jurados\/#primaryimage\"},\"thumbnailUrl\":\"https:\/\/apuntesdesanluis.com\/wp-content\/uploads\/2025\/01\/PAPAS-DE-BEBE.png\",\"articleSection\":[\"Nacionales\/Internacionales\"],\"inLanguage\":\"es-AR\"},{\"@type\":\"WebPage\",\"@id\":\"https:\/\/apuntesdesanluis.com\/index.php\/2025\/01\/14\/la-mama-del-primer-bebe-fallecido-en-el-neonatal-de-cordoba-declara-en-el-juicio-por-jurados\/\",\"url\":\"https:\/\/apuntesdesanluis.com\/index.php\/2025\/01\/14\/la-mama-del-primer-bebe-fallecido-en-el-neonatal-de-cordoba-declara-en-el-juicio-por-jurados\/\",\"name\":\"LA MAM\u00c1 DEL PRIMER BEB\u00c9 FALLECIDO EN EL NEONATAL DE C\u00d3RDOBA DECLARA EN EL JUICIO POR JURADOS - Apuntes de San Luis\",\"isPartOf\":{\"@id\":\"https:\/\/apuntesdesanluis.com\/#website\"},\"primaryImageOfPage\":{\"@id\":\"https:\/\/apuntesdesanluis.com\/index.php\/2025\/01\/14\/la-mama-del-primer-bebe-fallecido-en-el-neonatal-de-cordoba-declara-en-el-juicio-por-jurados\/#primaryimage\"},\"image\":{\"@id\":\"https:\/\/apuntesdesanluis.com\/index.php\/2025\/01\/14\/la-mama-del-primer-bebe-fallecido-en-el-neonatal-de-cordoba-declara-en-el-juicio-por-jurados\/#primaryimage\"},\"thumbnailUrl\":\"https:\/\/apuntesdesanluis.com\/wp-content\/uploads\/2025\/01\/PAPAS-DE-BEBE.png\",\"datePublished\":\"2025-01-14T13:38:24+00:00\",\"breadcrumb\":{\"@id\":\"https:\/\/apuntesdesanluis.com\/index.php\/2025\/01\/14\/la-mama-del-primer-bebe-fallecido-en-el-neonatal-de-cordoba-declara-en-el-juicio-por-jurados\/#breadcrumb\"},\"inLanguage\":\"es-AR\",\"potentialAction\":[{\"@type\":\"ReadAction\",\"target\":[\"https:\/\/apuntesdesanluis.com\/index.php\/2025\/01\/14\/la-mama-del-primer-bebe-fallecido-en-el-neonatal-de-cordoba-declara-en-el-juicio-por-jurados\/\"]}]},{\"@type\":\"ImageObject\",\"inLanguage\":\"es-AR\",\"@id\":\"https:\/\/apuntesdesanluis.com\/index.php\/2025\/01\/14\/la-mama-del-primer-bebe-fallecido-en-el-neonatal-de-cordoba-declara-en-el-juicio-por-jurados\/#primaryimage\",\"url\":\"https:\/\/apuntesdesanluis.com\/wp-content\/uploads\/2025\/01\/PAPAS-DE-BEBE.png\",\"contentUrl\":\"https:\/\/apuntesdesanluis.com\/wp-content\/uploads\/2025\/01\/PAPAS-DE-BEBE.png\",\"width\":773,\"height\":475},{\"@type\":\"BreadcrumbList\",\"@id\":\"https:\/\/apuntesdesanluis.com\/index.php\/2025\/01\/14\/la-mama-del-primer-bebe-fallecido-en-el-neonatal-de-cordoba-declara-en-el-juicio-por-jurados\/#breadcrumb\",\"itemListElement\":[{\"@type\":\"ListItem\",\"position\":1,\"name\":\"Inicio\",\"item\":\"https:\/\/apuntesdesanluis.com\/\"},{\"@type\":\"ListItem\",\"position\":2,\"name\":\"LA MAM\u00c1 DEL PRIMER BEB\u00c9 FALLECIDO EN EL NEONATAL DE C\u00d3RDOBA DECLARA EN EL JUICIO POR JURADOS\"}]},{\"@type\":\"WebSite\",\"@id\":\"https:\/\/apuntesdesanluis.com\/#website\",\"url\":\"https:\/\/apuntesdesanluis.com\/\",\"name\":\"Apuntes de San Luis\",\"description\":\"\",\"publisher\":{\"@id\":\"https:\/\/apuntesdesanluis.com\/#\/schema\/person\/b55151d52296fcce64d1a72538a70b90\"},\"potentialAction\":[{\"@type\":\"SearchAction\",\"target\":{\"@type\":\"EntryPoint\",\"urlTemplate\":\"https:\/\/apuntesdesanluis.com\/?s={search_term_string}\"},\"query-input\":{\"@type\":\"PropertyValueSpecification\",\"valueRequired\":true,\"valueName\":\"search_term_string\"}}],\"inLanguage\":\"es-AR\"},{\"@type\":[\"Person\",\"Organization\"],\"@id\":\"https:\/\/apuntesdesanluis.com\/#\/schema\/person\/b55151d52296fcce64d1a72538a70b90\",\"name\":\"apuntesdesanluis.com\",\"image\":{\"@type\":\"ImageObject\",\"inLanguage\":\"es-AR\",\"@id\":\"https:\/\/apuntesdesanluis.com\/#\/schema\/person\/image\/\",\"url\":\"https:\/\/apuntesdesanluis.com\/wp-content\/uploads\/2023\/07\/cropped-apuntesdesanluis.png\",\"contentUrl\":\"https:\/\/apuntesdesanluis.com\/wp-content\/uploads\/2023\/07\/cropped-apuntesdesanluis.png\",\"width\":450,\"height\":112,\"caption\":\"apuntesdesanluis.com\"},\"logo\":{\"@id\":\"https:\/\/apuntesdesanluis.com\/#\/schema\/person\/image\/\"},\"sameAs\":[\"https:\/\/apuntesdesanluis.com\"],\"url\":\"https:\/\/apuntesdesanluis.com\/index.php\/author\/apuntesdesanluis-com\/\"}]}<\/script>\n<!-- \/ Yoast SEO plugin. -->","yoast_head_json":{"title":"LA MAM\u00c1 DEL PRIMER BEB\u00c9 FALLECIDO EN EL NEONATAL DE C\u00d3RDOBA DECLARA EN EL JUICIO POR JURADOS - Apuntes de San Luis","robots":{"index":"index","follow":"follow","max-snippet":"max-snippet:-1","max-image-preview":"max-image-preview:large","max-video-preview":"max-video-preview:-1"},"canonical":"https:\/\/apuntesdesanluis.com\/index.php\/2025\/01\/14\/la-mama-del-primer-bebe-fallecido-en-el-neonatal-de-cordoba-declara-en-el-juicio-por-jurados\/","og_locale":"es_ES","og_type":"article","og_title":"LA MAM\u00c1 DEL PRIMER BEB\u00c9 FALLECIDO EN EL NEONATAL DE C\u00d3RDOBA DECLARA EN EL JUICIO POR JURADOS - Apuntes de San Luis","og_description":"Los pap\u00e1s de Francisco, el primer beb\u00e9 que muri\u00f3 en el Hospital Neonatal de C\u00f3rdoba...","og_url":"https:\/\/apuntesdesanluis.com\/index.php\/2025\/01\/14\/la-mama-del-primer-bebe-fallecido-en-el-neonatal-de-cordoba-declara-en-el-juicio-por-jurados\/","og_site_name":"Apuntes de San Luis","article_published_time":"2025-01-14T13:38:24+00:00","og_image":[{"width":773,"height":475,"url":"https:\/\/apuntesdesanluis.com\/wp-content\/uploads\/2025\/01\/PAPAS-DE-BEBE.png","type":"image\/png"}],"author":"apuntesdesanluis.com","twitter_card":"summary_large_image","twitter_misc":{"Escrito por":"apuntesdesanluis.com","Tiempo de lectura":"2 minutos"},"schema":{"@context":"https:\/\/schema.org","@graph":[{"@type":"Article","@id":"https:\/\/apuntesdesanluis.com\/index.php\/2025\/01\/14\/la-mama-del-primer-bebe-fallecido-en-el-neonatal-de-cordoba-declara-en-el-juicio-por-jurados\/#article","isPartOf":{"@id":"https:\/\/apuntesdesanluis.com\/index.php\/2025\/01\/14\/la-mama-del-primer-bebe-fallecido-en-el-neonatal-de-cordoba-declara-en-el-juicio-por-jurados\/"},"author":{"name":"apuntesdesanluis.com","@id":"https:\/\/apuntesdesanluis.com\/#\/schema\/person\/b55151d52296fcce64d1a72538a70b90"},"headline":"LA MAM\u00c1 DEL PRIMER BEB\u00c9 FALLECIDO EN EL NEONATAL DE C\u00d3RDOBA DECLARA EN EL JUICIO POR JURADOS","datePublished":"2025-01-14T13:38:24+00:00","mainEntityOfPage":{"@id":"https:\/\/apuntesdesanluis.com\/index.php\/2025\/01\/14\/la-mama-del-primer-bebe-fallecido-en-el-neonatal-de-cordoba-declara-en-el-juicio-por-jurados\/"},"wordCount":286,"publisher":{"@id":"https:\/\/apuntesdesanluis.com\/#\/schema\/person\/b55151d52296fcce64d1a72538a70b90"},"image":{"@id":"https:\/\/apuntesdesanluis.com\/index.php\/2025\/01\/14\/la-mama-del-primer-bebe-fallecido-en-el-neonatal-de-cordoba-declara-en-el-juicio-por-jurados\/#primaryimage"},"thumbnailUrl":"https:\/\/apuntesdesanluis.com\/wp-content\/uploads\/2025\/01\/PAPAS-DE-BEBE.png","articleSection":["Nacionales\/Internacionales"],"inLanguage":"es-AR"},{"@type":"WebPage","@id":"https:\/\/apuntesdesanluis.com\/index.php\/2025\/01\/14\/la-mama-del-primer-bebe-fallecido-en-el-neonatal-de-cordoba-declara-en-el-juicio-por-jurados\/","url":"https:\/\/apuntesdesanluis.com\/index.php\/2025\/01\/14\/la-mama-del-primer-bebe-fallecido-en-el-neonatal-de-cordoba-declara-en-el-juicio-por-jurados\/","name":"LA MAM\u00c1 DEL PRIMER BEB\u00c9 FALLECIDO EN EL NEONATAL DE C\u00d3RDOBA DECLARA EN EL JUICIO POR JURADOS - Apuntes de San Luis","isPartOf":{"@id":"https:\/\/apuntesdesanluis.com\/#website"},"primaryImageOfPage":{"@id":"https:\/\/apuntesdesanluis.com\/index.php\/2025\/01\/14\/la-mama-del-primer-bebe-fallecido-en-el-neonatal-de-cordoba-declara-en-el-juicio-por-jurados\/#primaryimage"},"image":{"@id":"https:\/\/apuntesdesanluis.com\/index.php\/2025\/01\/14\/la-mama-del-primer-bebe-fallecido-en-el-neonatal-de-cordoba-declara-en-el-juicio-por-jurados\/#primaryimage"},"thumbnailUrl":"https:\/\/apuntesdesanluis.com\/wp-content\/uploads\/2025\/01\/PAPAS-DE-BEBE.png","datePublished":"2025-01-14T13:38:24+00:00","breadcrumb":{"@id":"https:\/\/apuntesdesanluis.com\/index.php\/2025\/01\/14\/la-mama-del-primer-bebe-fallecido-en-el-neonatal-de-cordoba-declara-en-el-juicio-por-jurados\/#breadcrumb"},"inLanguage":"es-AR","potentialAction":[{"@type":"ReadAction","target":["https:\/\/apuntesdesanluis.com\/index.php\/2025\/01\/14\/la-mama-del-primer-bebe-fallecido-en-el-neonatal-de-cordoba-declara-en-el-juicio-por-jurados\/"]}]},{"@type":"ImageObject","inLanguage":"es-AR","@id":"https:\/\/apuntesdesanluis.com\/index.php\/2025\/01\/14\/la-mama-del-primer-bebe-fallecido-en-el-neonatal-de-cordoba-declara-en-el-juicio-por-jurados\/#primaryimage","url":"https:\/\/apuntesdesanluis.com\/wp-content\/uploads\/2025\/01\/PAPAS-DE-BEBE.png","contentUrl":"https:\/\/apuntesdesanluis.com\/wp-content\/uploads\/2025\/01\/PAPAS-DE-BEBE.png","width":773,"height":475},{"@type":"BreadcrumbList","@id":"https:\/\/apuntesdesanluis.com\/index.php\/2025\/01\/14\/la-mama-del-primer-bebe-fallecido-en-el-neonatal-de-cordoba-declara-en-el-juicio-por-jurados\/#breadcrumb","itemListElement":[{"@type":"ListItem","position":1,"name":"Inicio","item":"https:\/\/apuntesdesanluis.com\/"},{"@type":"ListItem","position":2,"name":"LA MAM\u00c1 DEL PRIMER BEB\u00c9 FALLECIDO EN EL NEONATAL DE C\u00d3RDOBA DECLARA EN EL JUICIO POR JURADOS"}]},{"@type":"WebSite","@id":"https:\/\/apuntesdesanluis.com\/#website","url":"https:\/\/apuntesdesanluis.com\/","name":"Apuntes de San Luis","description":"","publisher":{"@id":"https:\/\/apuntesdesanluis.com\/#\/schema\/person\/b55151d52296fcce64d1a72538a70b90"},"potentialAction":[{"@type":"SearchAction","target":{"@type":"EntryPoint","urlTemplate":"https:\/\/apuntesdesanluis.com\/?s={search_term_string}"},"query-input":{"@type":"PropertyValueSpecification","valueRequired":true,"valueName":"search_term_string"}}],"inLanguage":"es-AR"},{"@type":["Person","Organization"],"@id":"https:\/\/apuntesdesanluis.com\/#\/schema\/person\/b55151d52296fcce64d1a72538a70b90","name":"apuntesdesanluis.com","image":{"@type":"ImageObject","inLanguage":"es-AR","@id":"https:\/\/apuntesdesanluis.com\/#\/schema\/person\/image\/","url":"https:\/\/apuntesdesanluis.com\/wp-content\/uploads\/2023\/07\/cropped-apuntesdesanluis.png","contentUrl":"https:\/\/apuntesdesanluis.com\/wp-content\/uploads\/2023\/07\/cropped-apuntesdesanluis.png","width":450,"height":112,"caption":"apuntesdesanluis.com"},"logo":{"@id":"https:\/\/apuntesdesanluis.com\/#\/schema\/person\/image\/"},"sameAs":["https:\/\/apuntesdesanluis.com"],"url":"https:\/\/apuntesdesanluis.com\/index.php\/author\/apuntesdesanluis-com\/"}]}},"featured_image_urls":{"full":["https:\/\/apuntesdesanluis.com\/wp-content\/uploads\/2025\/01\/PAPAS-DE-BEBE.png",773,475,false],"thumbnail":["https:\/\/apuntesdesanluis.com\/wp-content\/uploads\/2025\/01\/PAPAS-DE-BEBE-150x150.png",150,150,true],"medium":["https:\/\/apuntesdesanluis.com\/wp-content\/uploads\/2025\/01\/PAPAS-DE-BEBE-300x184.png",300,184,true],"medium_large":["https:\/\/apuntesdesanluis.com\/wp-content\/uploads\/2025\/01\/PAPAS-DE-BEBE-768x472.png",640,393,true],"large":["https:\/\/apuntesdesanluis.com\/wp-content\/uploads\/2025\/01\/PAPAS-DE-BEBE.png",640,393,false],"1536x1536":["https:\/\/apuntesdesanluis.com\/wp-content\/uploads\/2025\/01\/PAPAS-DE-BEBE.png",773,475,false],"2048x2048":["https:\/\/apuntesdesanluis.com\/wp-content\/uploads\/2025\/01\/PAPAS-DE-BEBE.png",773,475,false],"newsever-slider-full":["https:\/\/apuntesdesanluis.com\/wp-content\/uploads\/2025\/01\/PAPAS-DE-BEBE.png",773,475,false],"newsever-featured":["https:\/\/apuntesdesanluis.com\/wp-content\/uploads\/2025\/01\/PAPAS-DE-BEBE.png",773,475,false],"newsever-medium":["https:\/\/apuntesdesanluis.com\/wp-content\/uploads\/2025\/01\/PAPAS-DE-BEBE-720x475.png",720,475,true]},"author_info":{"display_name":"apuntesdesanluis.com","author_link":"https:\/\/apuntesdesanluis.com\/index.php\/author\/apuntesdesanluis-com\/"},"category_info":"<a href=\"https:\/\/apuntesdesanluis.com\/index.php\/category\/nacionales-internacionales\/\" rel=\"category tag\">Nacionales\/Internacionales<\/a>","tag_info":"Nacionales\/Internacionales","comment_count":"0","_links":{"self":[{"href":"https:\/\/apuntesdesanluis.com\/index.php\/wp-json\/wp\/v2\/posts\/27716","targetHints":{"allow":["GET"]}}],"collection":[{"href":"https:\/\/apuntesdesanluis.com\/index.php\/wp-json\/wp\/v2\/posts"}],"about":[{"href":"https:\/\/apuntesdesanluis.com\/index.php\/wp-json\/wp\/v2\/types\/post"}],"author":[{"embeddable":true,"href":"https:\/\/apuntesdesanluis.com\/index.php\/wp-json\/wp\/v2\/users\/1"}],"replies":[{"embeddable":true,"href":"https:\/\/apuntesdesanluis.com\/index.php\/wp-json\/wp\/v2\/comments?post=27716"}],"version-history":[{"count":1,"href":"https:\/\/apuntesdesanluis.com\/index.php\/wp-json\/wp\/v2\/posts\/27716\/revisions"}],"predecessor-version":[{"id":27718,"href":"https:\/\/apuntesdesanluis.com\/index.php\/wp-json\/wp\/v2\/posts\/27716\/revisions\/27718"}],"wp:featuredmedia":[{"embeddable":true,"href":"https:\/\/apuntesdesanluis.com\/index.php\/wp-json\/wp\/v2\/media\/27717"}],"wp:attachment":[{"href":"https:\/\/apuntesdesanluis.com\/index.php\/wp-json\/wp\/v2\/media?parent=27716"}],"wp:term":[{"taxonomy":"category","embeddable":true,"href":"https:\/\/apuntesdesanluis.com\/index.php\/wp-json\/wp\/v2\/categories?post=27716"},{"taxonomy":"post_tag","embeddable":true,"href":"https:\/\/apuntesdesanluis.com\/index.php\/wp-json\/wp\/v2\/tags?post=27716"}],"curies":[{"name":"wp","href":"https:\/\/api.w.org\/{rel}","templated":true}]}}