{"id":27725,"date":"2025-01-14T11:06:38","date_gmt":"2025-01-14T14:06:38","guid":{"rendered":"https:\/\/apuntesdesanluis.com\/?p=27725"},"modified":"2025-01-14T11:07:16","modified_gmt":"2025-01-14T14:07:16","slug":"alerta-por-calor-extremo-buenos-aires-y-otras-15-provincias-afectadas-por-las-altas-temperaturas","status":"publish","type":"post","link":"https:\/\/apuntesdesanluis.com\/index.php\/2025\/01\/14\/alerta-por-calor-extremo-buenos-aires-y-otras-15-provincias-afectadas-por-las-altas-temperaturas\/","title":{"rendered":"ALERTA POR CALOR EXTREMO: BUENOS AIRES Y OTRAS 15 PROVINCIAS AFECTADAS POR LAS ALTAS TEMPERATURAS"},"content":{"rendered":"<h3>Se siente con fuerza el calor en algunas zonas durante el inicio del 2025, y por eso el Servicio Meteorol\u00f3gico Nacional (SMN) manten\u00eda para este martes nuevos alertas por altas temperaturas para diferentes distritos.<\/h3>\n<h3>De esta manera, se mantiene la alerta amarilla que reg\u00eda para algunas partes de las provincias de Buenos Aires, Entre R\u00edos, Corrientes, Misiones, Formosa, Chaco, Salta, Santa Fe, Santiago del Estero, C\u00f3rdoba, La Rioja, San Juan, San Luis, La Pampa, Mendoza y Neuqu\u00e9n.<\/h3>\n<h3>Qu\u00e9 implica cada nivel de alerta por temperaturas extremas:<\/h3>\n<h3><strong>Alerta amarilla:<\/strong><\/h3>\n<h3>El alerta de nivel amarillo establece un efecto leve a moderado en la salud, de acuerdo al sistema del SMN.<\/h3>\n<h3>Implica, en este caso, que las temperaturas pueden ser peligrosas, sobre todo para los grupos de riesgo, como ni\u00f1os y ni\u00f1as, personas mayores de 65 a\u00f1os, con enfermedades cr\u00f3nicas.<\/h3>\n<h3><strong>Alerta naranja:<\/strong><\/h3>\n<h3>Este aviso implica un efecto moderado a alto en la salud, por lo que las temperaturas pueden ser muy peligrosas, especialmente para los grupos de riesgo.<\/h3>\n<h3><strong>Alerta roja:<\/strong><\/h3>\n<h3>La advertencia de nivel rojo significa que el calor puede tener un efecto alto a extremo en la salud. En este caso, las temperaturas son muy peligrosas, y pueden afectar a todas las personas, incluso a las saludables.<\/h3>\n<h3>Las recomendaciones para este tipo de eventos son indicadas por el Ministerio de Salud.<\/h3>\n<ul>\n<li>\n<h3>Aumentar el consumo de agua sin esperar a tener sed para mantener una hidrataci\u00f3n adecuada.<\/h3>\n<\/li>\n<li>\n<h3>No exponerse al sol en exceso, ni en horas centrales del d\u00eda (entre las 10 y las 16 horas).<\/h3>\n<\/li>\n<li>\n<h3>Prestar atenci\u00f3n a los beb\u00e9s, ni\u00f1os y ni\u00f1as y a las personas mayores.<\/h3>\n<\/li>\n<li>\n<h3>Evitar las bebidas con cafe\u00edna, con alcohol o muy azucaradas.<\/h3>\n<\/li>\n<li>\n<h3>Evitar comidas muy abundantes.<\/h3>\n<\/li>\n<li>\n<h3>Ingerir verduras y frutas.<\/h3>\n<\/li>\n<li>\n<h3>Reducir la actividad f\u00edsica.<\/h3>\n<\/li>\n<li>\n<h3>Usar ropa ligera, holgada y de colores claros; sombrero, anteojos oscuros.<\/h3>\n<\/li>\n<li>\n<h3>Permanecer en espacios ventilados o acondicionados.<\/h3>\n<\/li>\n<li>\n<h3>Recordar que no existe un tratamiento farmacol\u00f3gico contra el golpe de calor y s\u00f3lo los m\u00e9todos cl\u00e1sicos, citados arriba, pueden prevenirlo y contrarrestarlo.<\/h3>\n<\/li>\n<\/ul>\n<h3><strong>Qu\u00e9 es un evento de temperaturas extremas<\/strong><\/h3>\n<h3>Un evento de temperaturas extremas es un per\u00edodo en el que se espera que se registren valores de temperatura m\u00e1xima y m\u00ednima que pueden poner en peligro la salud de las personas. Luego de realizar una serie de estudios interdisciplinarios en Argentina, se encontr\u00f3 que hab\u00eda ciertos valores umbrales de temperaturas a partir de los cuales aumentaba la morbilidad y la mortalidad de las personas.<\/h3>\n<h3><\/h3>\n<p>&nbsp;<\/p>\n<p>&nbsp;<\/p>\n","protected":false},"excerpt":{"rendered":"<p>Se siente con fuerza el calor en algunas zonas durante el inicio del 2025, y&#8230;<\/p>\n","protected":false},"author":1,"featured_media":27726,"comment_status":"closed","ping_status":"closed","sticky":false,"template":"","format":"standard","meta":{"footnotes":""},"categories":[5],"tags":[],"class_list":["post-27725","post","type-post","status-publish","format-standard","has-post-thumbnail","hentry","category-nacionales-internacionales"],"yoast_head":"<!-- This site is optimized with the Yoast SEO plugin v26.1.1 - https:\/\/yoast.com\/wordpress\/plugins\/seo\/ -->\n<title>ALERTA POR CALOR EXTREMO: BUENOS AIRES Y OTRAS 15 PROVINCIAS AFECTADAS POR LAS ALTAS TEMPERATURAS - Apuntes de San Luis<\/title>\n<meta name=\"robots\" content=\"index, follow, max-snippet:-1, max-image-preview:large, max-video-preview:-1\" \/>\n<link rel=\"canonical\" href=\"https:\/\/apuntesdesanluis.com\/index.php\/2025\/01\/14\/alerta-por-calor-extremo-buenos-aires-y-otras-15-provincias-afectadas-por-las-altas-temperaturas\/\" \/>\n<meta property=\"og:locale\" content=\"es_ES\" \/>\n<meta property=\"og:type\" content=\"article\" \/>\n<meta property=\"og:title\" content=\"ALERTA POR CALOR EXTREMO: BUENOS AIRES Y OTRAS 15 PROVINCIAS AFECTADAS POR LAS ALTAS TEMPERATURAS - Apuntes de San Luis\" \/>\n<meta property=\"og:description\" content=\"Se siente con fuerza el calor en algunas zonas durante el inicio del 2025, y...\" \/>\n<meta property=\"og:url\" content=\"https:\/\/apuntesdesanluis.com\/index.php\/2025\/01\/14\/alerta-por-calor-extremo-buenos-aires-y-otras-15-provincias-afectadas-por-las-altas-temperaturas\/\" \/>\n<meta property=\"og:site_name\" content=\"Apuntes de San Luis\" \/>\n<meta property=\"article:published_time\" content=\"2025-01-14T14:06:38+00:00\" \/>\n<meta property=\"article:modified_time\" content=\"2025-01-14T14:07:16+00:00\" \/>\n<meta property=\"og:image\" content=\"https:\/\/apuntesdesanluis.com\/wp-content\/uploads\/2025\/01\/Calor-2.jpg\" \/>\n\t<meta property=\"og:image:width\" content=\"800\" \/>\n\t<meta property=\"og:image:height\" content=\"600\" \/>\n\t<meta property=\"og:image:type\" content=\"image\/jpeg\" \/>\n<meta name=\"author\" content=\"apuntesdesanluis.com\" \/>\n<meta name=\"twitter:card\" content=\"summary_large_image\" \/>\n<meta name=\"twitter:label1\" content=\"Escrito por\" \/>\n\t<meta name=\"twitter:data1\" content=\"apuntesdesanluis.com\" \/>\n\t<meta name=\"twitter:label2\" content=\"Tiempo de lectura\" \/>\n\t<meta name=\"twitter:data2\" content=\"3 minutos\" \/>\n<script type=\"application\/ld+json\" class=\"yoast-schema-graph\">{\"@context\":\"https:\/\/schema.org\",\"@graph\":[{\"@type\":\"Article\",\"@id\":\"https:\/\/apuntesdesanluis.com\/index.php\/2025\/01\/14\/alerta-por-calor-extremo-buenos-aires-y-otras-15-provincias-afectadas-por-las-altas-temperaturas\/#article\",\"isPartOf\":{\"@id\":\"https:\/\/apuntesdesanluis.com\/index.php\/2025\/01\/14\/alerta-por-calor-extremo-buenos-aires-y-otras-15-provincias-afectadas-por-las-altas-temperaturas\/\"},\"author\":{\"name\":\"apuntesdesanluis.com\",\"@id\":\"https:\/\/apuntesdesanluis.com\/#\/schema\/person\/b55151d52296fcce64d1a72538a70b90\"},\"headline\":\"ALERTA POR CALOR EXTREMO: BUENOS AIRES Y OTRAS 15 PROVINCIAS AFECTADAS POR LAS ALTAS TEMPERATURAS\",\"datePublished\":\"2025-01-14T14:06:38+00:00\",\"dateModified\":\"2025-01-14T14:07:16+00:00\",\"mainEntityOfPage\":{\"@id\":\"https:\/\/apuntesdesanluis.com\/index.php\/2025\/01\/14\/alerta-por-calor-extremo-buenos-aires-y-otras-15-provincias-afectadas-por-las-altas-temperaturas\/\"},\"wordCount\":438,\"publisher\":{\"@id\":\"https:\/\/apuntesdesanluis.com\/#\/schema\/person\/b55151d52296fcce64d1a72538a70b90\"},\"image\":{\"@id\":\"https:\/\/apuntesdesanluis.com\/index.php\/2025\/01\/14\/alerta-por-calor-extremo-buenos-aires-y-otras-15-provincias-afectadas-por-las-altas-temperaturas\/#primaryimage\"},\"thumbnailUrl\":\"https:\/\/apuntesdesanluis.com\/wp-content\/uploads\/2025\/01\/Calor-2.jpg\",\"articleSection\":[\"Nacionales\/Internacionales\"],\"inLanguage\":\"es-AR\"},{\"@type\":\"WebPage\",\"@id\":\"https:\/\/apuntesdesanluis.com\/index.php\/2025\/01\/14\/alerta-por-calor-extremo-buenos-aires-y-otras-15-provincias-afectadas-por-las-altas-temperaturas\/\",\"url\":\"https:\/\/apuntesdesanluis.com\/index.php\/2025\/01\/14\/alerta-por-calor-extremo-buenos-aires-y-otras-15-provincias-afectadas-por-las-altas-temperaturas\/\",\"name\":\"ALERTA POR CALOR EXTREMO: BUENOS AIRES Y OTRAS 15 PROVINCIAS AFECTADAS POR LAS ALTAS TEMPERATURAS - Apuntes de San Luis\",\"isPartOf\":{\"@id\":\"https:\/\/apuntesdesanluis.com\/#website\"},\"primaryImageOfPage\":{\"@id\":\"https:\/\/apuntesdesanluis.com\/index.php\/2025\/01\/14\/alerta-por-calor-extremo-buenos-aires-y-otras-15-provincias-afectadas-por-las-altas-temperaturas\/#primaryimage\"},\"image\":{\"@id\":\"https:\/\/apuntesdesanluis.com\/index.php\/2025\/01\/14\/alerta-por-calor-extremo-buenos-aires-y-otras-15-provincias-afectadas-por-las-altas-temperaturas\/#primaryimage\"},\"thumbnailUrl\":\"https:\/\/apuntesdesanluis.com\/wp-content\/uploads\/2025\/01\/Calor-2.jpg\",\"datePublished\":\"2025-01-14T14:06:38+00:00\",\"dateModified\":\"2025-01-14T14:07:16+00:00\",\"breadcrumb\":{\"@id\":\"https:\/\/apuntesdesanluis.com\/index.php\/2025\/01\/14\/alerta-por-calor-extremo-buenos-aires-y-otras-15-provincias-afectadas-por-las-altas-temperaturas\/#breadcrumb\"},\"inLanguage\":\"es-AR\",\"potentialAction\":[{\"@type\":\"ReadAction\",\"target\":[\"https:\/\/apuntesdesanluis.com\/index.php\/2025\/01\/14\/alerta-por-calor-extremo-buenos-aires-y-otras-15-provincias-afectadas-por-las-altas-temperaturas\/\"]}]},{\"@type\":\"ImageObject\",\"inLanguage\":\"es-AR\",\"@id\":\"https:\/\/apuntesdesanluis.com\/index.php\/2025\/01\/14\/alerta-por-calor-extremo-buenos-aires-y-otras-15-provincias-afectadas-por-las-altas-temperaturas\/#primaryimage\",\"url\":\"https:\/\/apuntesdesanluis.com\/wp-content\/uploads\/2025\/01\/Calor-2.jpg\",\"contentUrl\":\"https:\/\/apuntesdesanluis.com\/wp-content\/uploads\/2025\/01\/Calor-2.jpg\",\"width\":800,\"height\":600},{\"@type\":\"BreadcrumbList\",\"@id\":\"https:\/\/apuntesdesanluis.com\/index.php\/2025\/01\/14\/alerta-por-calor-extremo-buenos-aires-y-otras-15-provincias-afectadas-por-las-altas-temperaturas\/#breadcrumb\",\"itemListElement\":[{\"@type\":\"ListItem\",\"position\":1,\"name\":\"Inicio\",\"item\":\"https:\/\/apuntesdesanluis.com\/\"},{\"@type\":\"ListItem\",\"position\":2,\"name\":\"ALERTA POR CALOR EXTREMO: BUENOS AIRES Y OTRAS 15 PROVINCIAS AFECTADAS POR LAS ALTAS TEMPERATURAS\"}]},{\"@type\":\"WebSite\",\"@id\":\"https:\/\/apuntesdesanluis.com\/#website\",\"url\":\"https:\/\/apuntesdesanluis.com\/\",\"name\":\"Apuntes de San Luis\",\"description\":\"\",\"publisher\":{\"@id\":\"https:\/\/apuntesdesanluis.com\/#\/schema\/person\/b55151d52296fcce64d1a72538a70b90\"},\"potentialAction\":[{\"@type\":\"SearchAction\",\"target\":{\"@type\":\"EntryPoint\",\"urlTemplate\":\"https:\/\/apuntesdesanluis.com\/?s={search_term_string}\"},\"query-input\":{\"@type\":\"PropertyValueSpecification\",\"valueRequired\":true,\"valueName\":\"search_term_string\"}}],\"inLanguage\":\"es-AR\"},{\"@type\":[\"Person\",\"Organization\"],\"@id\":\"https:\/\/apuntesdesanluis.com\/#\/schema\/person\/b55151d52296fcce64d1a72538a70b90\",\"name\":\"apuntesdesanluis.com\",\"image\":{\"@type\":\"ImageObject\",\"inLanguage\":\"es-AR\",\"@id\":\"https:\/\/apuntesdesanluis.com\/#\/schema\/person\/image\/\",\"url\":\"https:\/\/apuntesdesanluis.com\/wp-content\/uploads\/2023\/07\/cropped-apuntesdesanluis.png\",\"contentUrl\":\"https:\/\/apuntesdesanluis.com\/wp-content\/uploads\/2023\/07\/cropped-apuntesdesanluis.png\",\"width\":450,\"height\":112,\"caption\":\"apuntesdesanluis.com\"},\"logo\":{\"@id\":\"https:\/\/apuntesdesanluis.com\/#\/schema\/person\/image\/\"},\"sameAs\":[\"https:\/\/apuntesdesanluis.com\"],\"url\":\"https:\/\/apuntesdesanluis.com\/index.php\/author\/apuntesdesanluis-com\/\"}]}<\/script>\n<!-- \/ Yoast SEO plugin. -->","yoast_head_json":{"title":"ALERTA POR CALOR EXTREMO: BUENOS AIRES Y OTRAS 15 PROVINCIAS AFECTADAS POR LAS ALTAS TEMPERATURAS - Apuntes de San Luis","robots":{"index":"index","follow":"follow","max-snippet":"max-snippet:-1","max-image-preview":"max-image-preview:large","max-video-preview":"max-video-preview:-1"},"canonical":"https:\/\/apuntesdesanluis.com\/index.php\/2025\/01\/14\/alerta-por-calor-extremo-buenos-aires-y-otras-15-provincias-afectadas-por-las-altas-temperaturas\/","og_locale":"es_ES","og_type":"article","og_title":"ALERTA POR CALOR EXTREMO: BUENOS AIRES Y OTRAS 15 PROVINCIAS AFECTADAS POR LAS ALTAS TEMPERATURAS - Apuntes de San Luis","og_description":"Se siente con fuerza el calor en algunas zonas durante el inicio del 2025, y...","og_url":"https:\/\/apuntesdesanluis.com\/index.php\/2025\/01\/14\/alerta-por-calor-extremo-buenos-aires-y-otras-15-provincias-afectadas-por-las-altas-temperaturas\/","og_site_name":"Apuntes de San Luis","article_published_time":"2025-01-14T14:06:38+00:00","article_modified_time":"2025-01-14T14:07:16+00:00","og_image":[{"width":800,"height":600,"url":"https:\/\/apuntesdesanluis.com\/wp-content\/uploads\/2025\/01\/Calor-2.jpg","type":"image\/jpeg"}],"author":"apuntesdesanluis.com","twitter_card":"summary_large_image","twitter_misc":{"Escrito por":"apuntesdesanluis.com","Tiempo de lectura":"3 minutos"},"schema":{"@context":"https:\/\/schema.org","@graph":[{"@type":"Article","@id":"https:\/\/apuntesdesanluis.com\/index.php\/2025\/01\/14\/alerta-por-calor-extremo-buenos-aires-y-otras-15-provincias-afectadas-por-las-altas-temperaturas\/#article","isPartOf":{"@id":"https:\/\/apuntesdesanluis.com\/index.php\/2025\/01\/14\/alerta-por-calor-extremo-buenos-aires-y-otras-15-provincias-afectadas-por-las-altas-temperaturas\/"},"author":{"name":"apuntesdesanluis.com","@id":"https:\/\/apuntesdesanluis.com\/#\/schema\/person\/b55151d52296fcce64d1a72538a70b90"},"headline":"ALERTA POR CALOR EXTREMO: BUENOS AIRES Y OTRAS 15 PROVINCIAS AFECTADAS POR LAS ALTAS TEMPERATURAS","datePublished":"2025-01-14T14:06:38+00:00","dateModified":"2025-01-14T14:07:16+00:00","mainEntityOfPage":{"@id":"https:\/\/apuntesdesanluis.com\/index.php\/2025\/01\/14\/alerta-por-calor-extremo-buenos-aires-y-otras-15-provincias-afectadas-por-las-altas-temperaturas\/"},"wordCount":438,"publisher":{"@id":"https:\/\/apuntesdesanluis.com\/#\/schema\/person\/b55151d52296fcce64d1a72538a70b90"},"image":{"@id":"https:\/\/apuntesdesanluis.com\/index.php\/2025\/01\/14\/alerta-por-calor-extremo-buenos-aires-y-otras-15-provincias-afectadas-por-las-altas-temperaturas\/#primaryimage"},"thumbnailUrl":"https:\/\/apuntesdesanluis.com\/wp-content\/uploads\/2025\/01\/Calor-2.jpg","articleSection":["Nacionales\/Internacionales"],"inLanguage":"es-AR"},{"@type":"WebPage","@id":"https:\/\/apuntesdesanluis.com\/index.php\/2025\/01\/14\/alerta-por-calor-extremo-buenos-aires-y-otras-15-provincias-afectadas-por-las-altas-temperaturas\/","url":"https:\/\/apuntesdesanluis.com\/index.php\/2025\/01\/14\/alerta-por-calor-extremo-buenos-aires-y-otras-15-provincias-afectadas-por-las-altas-temperaturas\/","name":"ALERTA POR CALOR EXTREMO: BUENOS AIRES Y OTRAS 15 PROVINCIAS AFECTADAS POR LAS ALTAS TEMPERATURAS - Apuntes de San Luis","isPartOf":{"@id":"https:\/\/apuntesdesanluis.com\/#website"},"primaryImageOfPage":{"@id":"https:\/\/apuntesdesanluis.com\/index.php\/2025\/01\/14\/alerta-por-calor-extremo-buenos-aires-y-otras-15-provincias-afectadas-por-las-altas-temperaturas\/#primaryimage"},"image":{"@id":"https:\/\/apuntesdesanluis.com\/index.php\/2025\/01\/14\/alerta-por-calor-extremo-buenos-aires-y-otras-15-provincias-afectadas-por-las-altas-temperaturas\/#primaryimage"},"thumbnailUrl":"https:\/\/apuntesdesanluis.com\/wp-content\/uploads\/2025\/01\/Calor-2.jpg","datePublished":"2025-01-14T14:06:38+00:00","dateModified":"2025-01-14T14:07:16+00:00","breadcrumb":{"@id":"https:\/\/apuntesdesanluis.com\/index.php\/2025\/01\/14\/alerta-por-calor-extremo-buenos-aires-y-otras-15-provincias-afectadas-por-las-altas-temperaturas\/#breadcrumb"},"inLanguage":"es-AR","potentialAction":[{"@type":"ReadAction","target":["https:\/\/apuntesdesanluis.com\/index.php\/2025\/01\/14\/alerta-por-calor-extremo-buenos-aires-y-otras-15-provincias-afectadas-por-las-altas-temperaturas\/"]}]},{"@type":"ImageObject","inLanguage":"es-AR","@id":"https:\/\/apuntesdesanluis.com\/index.php\/2025\/01\/14\/alerta-por-calor-extremo-buenos-aires-y-otras-15-provincias-afectadas-por-las-altas-temperaturas\/#primaryimage","url":"https:\/\/apuntesdesanluis.com\/wp-content\/uploads\/2025\/01\/Calor-2.jpg","contentUrl":"https:\/\/apuntesdesanluis.com\/wp-content\/uploads\/2025\/01\/Calor-2.jpg","width":800,"height":600},{"@type":"BreadcrumbList","@id":"https:\/\/apuntesdesanluis.com\/index.php\/2025\/01\/14\/alerta-por-calor-extremo-buenos-aires-y-otras-15-provincias-afectadas-por-las-altas-temperaturas\/#breadcrumb","itemListElement":[{"@type":"ListItem","position":1,"name":"Inicio","item":"https:\/\/apuntesdesanluis.com\/"},{"@type":"ListItem","position":2,"name":"ALERTA POR CALOR EXTREMO: BUENOS AIRES Y OTRAS 15 PROVINCIAS AFECTADAS POR LAS ALTAS TEMPERATURAS"}]},{"@type":"WebSite","@id":"https:\/\/apuntesdesanluis.com\/#website","url":"https:\/\/apuntesdesanluis.com\/","name":"Apuntes de San Luis","description":"","publisher":{"@id":"https:\/\/apuntesdesanluis.com\/#\/schema\/person\/b55151d52296fcce64d1a72538a70b90"},"potentialAction":[{"@type":"SearchAction","target":{"@type":"EntryPoint","urlTemplate":"https:\/\/apuntesdesanluis.com\/?s={search_term_string}"},"query-input":{"@type":"PropertyValueSpecification","valueRequired":true,"valueName":"search_term_string"}}],"inLanguage":"es-AR"},{"@type":["Person","Organization"],"@id":"https:\/\/apuntesdesanluis.com\/#\/schema\/person\/b55151d52296fcce64d1a72538a70b90","name":"apuntesdesanluis.com","image":{"@type":"ImageObject","inLanguage":"es-AR","@id":"https:\/\/apuntesdesanluis.com\/#\/schema\/person\/image\/","url":"https:\/\/apuntesdesanluis.com\/wp-content\/uploads\/2023\/07\/cropped-apuntesdesanluis.png","contentUrl":"https:\/\/apuntesdesanluis.com\/wp-content\/uploads\/2023\/07\/cropped-apuntesdesanluis.png","width":450,"height":112,"caption":"apuntesdesanluis.com"},"logo":{"@id":"https:\/\/apuntesdesanluis.com\/#\/schema\/person\/image\/"},"sameAs":["https:\/\/apuntesdesanluis.com"],"url":"https:\/\/apuntesdesanluis.com\/index.php\/author\/apuntesdesanluis-com\/"}]}},"featured_image_urls":{"full":["https:\/\/apuntesdesanluis.com\/wp-content\/uploads\/2025\/01\/Calor-2.jpg",800,600,false],"thumbnail":["https:\/\/apuntesdesanluis.com\/wp-content\/uploads\/2025\/01\/Calor-2-150x150.jpg",150,150,true],"medium":["https:\/\/apuntesdesanluis.com\/wp-content\/uploads\/2025\/01\/Calor-2-300x225.jpg",300,225,true],"medium_large":["https:\/\/apuntesdesanluis.com\/wp-content\/uploads\/2025\/01\/Calor-2-768x576.jpg",640,480,true],"large":["https:\/\/apuntesdesanluis.com\/wp-content\/uploads\/2025\/01\/Calor-2.jpg",640,480,false],"1536x1536":["https:\/\/apuntesdesanluis.com\/wp-content\/uploads\/2025\/01\/Calor-2.jpg",800,600,false],"2048x2048":["https:\/\/apuntesdesanluis.com\/wp-content\/uploads\/2025\/01\/Calor-2.jpg",800,600,false],"newsever-slider-full":["https:\/\/apuntesdesanluis.com\/wp-content\/uploads\/2025\/01\/Calor-2.jpg",800,600,false],"newsever-featured":["https:\/\/apuntesdesanluis.com\/wp-content\/uploads\/2025\/01\/Calor-2.jpg",800,600,false],"newsever-medium":["https:\/\/apuntesdesanluis.com\/wp-content\/uploads\/2025\/01\/Calor-2-720x475.jpg",720,475,true]},"author_info":{"display_name":"apuntesdesanluis.com","author_link":"https:\/\/apuntesdesanluis.com\/index.php\/author\/apuntesdesanluis-com\/"},"category_info":"<a href=\"https:\/\/apuntesdesanluis.com\/index.php\/category\/nacionales-internacionales\/\" rel=\"category tag\">Nacionales\/Internacionales<\/a>","tag_info":"Nacionales\/Internacionales","comment_count":"0","_links":{"self":[{"href":"https:\/\/apuntesdesanluis.com\/index.php\/wp-json\/wp\/v2\/posts\/27725","targetHints":{"allow":["GET"]}}],"collection":[{"href":"https:\/\/apuntesdesanluis.com\/index.php\/wp-json\/wp\/v2\/posts"}],"about":[{"href":"https:\/\/apuntesdesanluis.com\/index.php\/wp-json\/wp\/v2\/types\/post"}],"author":[{"embeddable":true,"href":"https:\/\/apuntesdesanluis.com\/index.php\/wp-json\/wp\/v2\/users\/1"}],"replies":[{"embeddable":true,"href":"https:\/\/apuntesdesanluis.com\/index.php\/wp-json\/wp\/v2\/comments?post=27725"}],"version-history":[{"count":2,"href":"https:\/\/apuntesdesanluis.com\/index.php\/wp-json\/wp\/v2\/posts\/27725\/revisions"}],"predecessor-version":[{"id":27728,"href":"https:\/\/apuntesdesanluis.com\/index.php\/wp-json\/wp\/v2\/posts\/27725\/revisions\/27728"}],"wp:featuredmedia":[{"embeddable":true,"href":"https:\/\/apuntesdesanluis.com\/index.php\/wp-json\/wp\/v2\/media\/27726"}],"wp:attachment":[{"href":"https:\/\/apuntesdesanluis.com\/index.php\/wp-json\/wp\/v2\/media?parent=27725"}],"wp:term":[{"taxonomy":"category","embeddable":true,"href":"https:\/\/apuntesdesanluis.com\/index.php\/wp-json\/wp\/v2\/categories?post=27725"},{"taxonomy":"post_tag","embeddable":true,"href":"https:\/\/apuntesdesanluis.com\/index.php\/wp-json\/wp\/v2\/tags?post=27725"}],"curies":[{"name":"wp","href":"https:\/\/api.w.org\/{rel}","templated":true}]}}