{"id":2775,"date":"2023-09-06T07:08:00","date_gmt":"2023-09-06T10:08:00","guid":{"rendered":"https:\/\/apuntesdesanluis.com\/?p=2775"},"modified":"2023-09-06T14:55:31","modified_gmt":"2023-09-06T17:55:31","slug":"martin-olivero-presento-expocarreras-la-punta-2023","status":"publish","type":"post","link":"https:\/\/apuntesdesanluis.com\/index.php\/2023\/09\/06\/martin-olivero-presento-expocarreras-la-punta-2023\/","title":{"rendered":"MART\u00cdN OLIVERO PRESENT\u00d3 &#8220;EXPOCARRERAS LA PUNTA 2023&#8221;"},"content":{"rendered":"<h3>Este martes el Intendente de la ciudad de La Punta <strong>Mart\u00edn Olivero<\/strong>, encabez\u00f3 junto al Secretario de Comercio, Trabajo y Producci\u00f3n, <strong>Luciano Ayala<\/strong>, una conferencia de prensa en la que detallaron las caracter\u00edsticas que tendr\u00e1 esta segunda edici\u00f3n de la muestra que exhibe la oferta educativa de las instituciones que brindan ense\u00f1anza terciaria y universitaria, con el fin de que los alumnos del nivel Secundario de la localidad puedan conocer las propuestas educativas.<\/h3>\n<p><img fetchpriority=\"high\" decoding=\"async\" class=\"wp-image-2777 aligncenter\" src=\"https:\/\/apuntesdesanluis.com\/wp-content\/uploads\/2023\/09\/banner-carreras-300x270.png\" alt=\"\" width=\"496\" height=\"446\" srcset=\"https:\/\/apuntesdesanluis.com\/wp-content\/uploads\/2023\/09\/banner-carreras-300x270.png 300w, https:\/\/apuntesdesanluis.com\/wp-content\/uploads\/2023\/09\/banner-carreras.png 498w\" sizes=\"(max-width: 496px) 100vw, 496px\" \/><\/p>\n<h3>El evento se realizar\u00e1 el viernes 8 de septiembre de 9 a 14 horas, en instalaciones del Polideportivo Municipal Manuel Garc\u00eda Ferr\u00e9.<\/h3>\n<h3>Estas ser\u00e1n las instituciones que formar\u00e1n parte:<\/h3>\n<h3>\u2013 Ej\u00e9rcito Argentino<\/h3>\n<h3>&#8211; Universidad Nacional de San Luis<\/h3>\n<h3>&#8211; UCASAL<\/h3>\n<h3>&#8211; Instituto ICIEC<\/h3>\n<h3>&#8211; Universidad Nacional de Los Comechingones (UNLC)<\/h3>\n<h3>&#8211; Universidad Cat\u00f3lica de Cuyo (UCC)<\/h3>\n<h3>&#8211; Instituto de Formaci\u00f3n Docente (IFDC)<\/h3>\n<h3>&#8211; IFDC Juan Pascual Pringles<\/h3>\n<h3>&#8211; Fundaci\u00f3n AXIOMA<\/h3>\n<h3>&#8211; \u00a0FASTA<\/h3>\n<h3>&#8211; UNVIME<\/h3>\n<h3>&#8211; Escuela Superior de Alta Cocina (ESAC)<\/h3>\n<h3>&#8211; Instituto Dejando Huellas<\/h3>\n<h3>&#8211; Cuartel N\u00b016 de Bomberos Voluntarios.<\/h3>\n<h3>Sugestivamente, no se anunci\u00f3 la participaci\u00f3n de la Universidad de La Punta, que tiene su sede en la propia ciudad.<\/h3>\n<p>&nbsp;<\/p>\n<p>&nbsp;<\/p>\n","protected":false},"excerpt":{"rendered":"<p>Este martes el Intendente de la ciudad de La Punta Mart\u00edn Olivero, encabez\u00f3 junto al&#8230;<\/p>\n","protected":false},"author":1,"featured_media":2780,"comment_status":"closed","ping_status":"closed","sticky":false,"template":"","format":"standard","meta":{"footnotes":""},"categories":[6],"tags":[],"class_list":["post-2775","post","type-post","status-publish","format-standard","has-post-thumbnail","hentry","category-ciudad-provincia"],"yoast_head":"<!-- This site is optimized with the Yoast SEO plugin v26.1.1 - https:\/\/yoast.com\/wordpress\/plugins\/seo\/ -->\n<title>MART\u00cdN OLIVERO PRESENT\u00d3 &quot;EXPOCARRERAS LA PUNTA 2023&quot; - Apuntes de San Luis<\/title>\n<meta name=\"robots\" content=\"index, follow, max-snippet:-1, max-image-preview:large, max-video-preview:-1\" \/>\n<link rel=\"canonical\" href=\"https:\/\/apuntesdesanluis.com\/index.php\/2023\/09\/06\/martin-olivero-presento-expocarreras-la-punta-2023\/\" \/>\n<meta property=\"og:locale\" content=\"es_ES\" \/>\n<meta property=\"og:type\" content=\"article\" \/>\n<meta property=\"og:title\" content=\"MART\u00cdN OLIVERO PRESENT\u00d3 &quot;EXPOCARRERAS LA PUNTA 2023&quot; - Apuntes de San Luis\" \/>\n<meta property=\"og:description\" content=\"Este martes el Intendente de la ciudad de La Punta Mart\u00edn Olivero, encabez\u00f3 junto al...\" \/>\n<meta property=\"og:url\" content=\"https:\/\/apuntesdesanluis.com\/index.php\/2023\/09\/06\/martin-olivero-presento-expocarreras-la-punta-2023\/\" \/>\n<meta property=\"og:site_name\" content=\"Apuntes de San Luis\" \/>\n<meta property=\"article:published_time\" content=\"2023-09-06T10:08:00+00:00\" \/>\n<meta property=\"article:modified_time\" content=\"2023-09-06T17:55:31+00:00\" \/>\n<meta property=\"og:image\" content=\"https:\/\/apuntesdesanluis.com\/wp-content\/uploads\/2023\/09\/olivero-ayala-1.png\" \/>\n\t<meta property=\"og:image:width\" content=\"571\" \/>\n\t<meta property=\"og:image:height\" content=\"362\" \/>\n\t<meta property=\"og:image:type\" content=\"image\/png\" \/>\n<meta name=\"author\" content=\"apuntesdesanluis.com\" \/>\n<meta name=\"twitter:card\" content=\"summary_large_image\" \/>\n<meta name=\"twitter:label1\" content=\"Escrito por\" \/>\n\t<meta name=\"twitter:data1\" content=\"apuntesdesanluis.com\" \/>\n\t<meta name=\"twitter:label2\" content=\"Tiempo de lectura\" \/>\n\t<meta name=\"twitter:data2\" content=\"1 minuto\" \/>\n<script type=\"application\/ld+json\" class=\"yoast-schema-graph\">{\"@context\":\"https:\/\/schema.org\",\"@graph\":[{\"@type\":\"Article\",\"@id\":\"https:\/\/apuntesdesanluis.com\/index.php\/2023\/09\/06\/martin-olivero-presento-expocarreras-la-punta-2023\/#article\",\"isPartOf\":{\"@id\":\"https:\/\/apuntesdesanluis.com\/index.php\/2023\/09\/06\/martin-olivero-presento-expocarreras-la-punta-2023\/\"},\"author\":{\"name\":\"apuntesdesanluis.com\",\"@id\":\"https:\/\/apuntesdesanluis.com\/#\/schema\/person\/b55151d52296fcce64d1a72538a70b90\"},\"headline\":\"MART\u00cdN OLIVERO PRESENT\u00d3 &#8220;EXPOCARRERAS LA PUNTA 2023&#8221;\",\"datePublished\":\"2023-09-06T10:08:00+00:00\",\"dateModified\":\"2023-09-06T17:55:31+00:00\",\"mainEntityOfPage\":{\"@id\":\"https:\/\/apuntesdesanluis.com\/index.php\/2023\/09\/06\/martin-olivero-presento-expocarreras-la-punta-2023\/\"},\"wordCount\":202,\"publisher\":{\"@id\":\"https:\/\/apuntesdesanluis.com\/#\/schema\/person\/b55151d52296fcce64d1a72538a70b90\"},\"image\":{\"@id\":\"https:\/\/apuntesdesanluis.com\/index.php\/2023\/09\/06\/martin-olivero-presento-expocarreras-la-punta-2023\/#primaryimage\"},\"thumbnailUrl\":\"https:\/\/apuntesdesanluis.com\/wp-content\/uploads\/2023\/09\/olivero-ayala-1.png\",\"articleSection\":[\"Ciudad\/Provincia\"],\"inLanguage\":\"es-AR\"},{\"@type\":\"WebPage\",\"@id\":\"https:\/\/apuntesdesanluis.com\/index.php\/2023\/09\/06\/martin-olivero-presento-expocarreras-la-punta-2023\/\",\"url\":\"https:\/\/apuntesdesanluis.com\/index.php\/2023\/09\/06\/martin-olivero-presento-expocarreras-la-punta-2023\/\",\"name\":\"MART\u00cdN OLIVERO PRESENT\u00d3 \\\"EXPOCARRERAS LA PUNTA 2023\\\" - Apuntes de San Luis\",\"isPartOf\":{\"@id\":\"https:\/\/apuntesdesanluis.com\/#website\"},\"primaryImageOfPage\":{\"@id\":\"https:\/\/apuntesdesanluis.com\/index.php\/2023\/09\/06\/martin-olivero-presento-expocarreras-la-punta-2023\/#primaryimage\"},\"image\":{\"@id\":\"https:\/\/apuntesdesanluis.com\/index.php\/2023\/09\/06\/martin-olivero-presento-expocarreras-la-punta-2023\/#primaryimage\"},\"thumbnailUrl\":\"https:\/\/apuntesdesanluis.com\/wp-content\/uploads\/2023\/09\/olivero-ayala-1.png\",\"datePublished\":\"2023-09-06T10:08:00+00:00\",\"dateModified\":\"2023-09-06T17:55:31+00:00\",\"breadcrumb\":{\"@id\":\"https:\/\/apuntesdesanluis.com\/index.php\/2023\/09\/06\/martin-olivero-presento-expocarreras-la-punta-2023\/#breadcrumb\"},\"inLanguage\":\"es-AR\",\"potentialAction\":[{\"@type\":\"ReadAction\",\"target\":[\"https:\/\/apuntesdesanluis.com\/index.php\/2023\/09\/06\/martin-olivero-presento-expocarreras-la-punta-2023\/\"]}]},{\"@type\":\"ImageObject\",\"inLanguage\":\"es-AR\",\"@id\":\"https:\/\/apuntesdesanluis.com\/index.php\/2023\/09\/06\/martin-olivero-presento-expocarreras-la-punta-2023\/#primaryimage\",\"url\":\"https:\/\/apuntesdesanluis.com\/wp-content\/uploads\/2023\/09\/olivero-ayala-1.png\",\"contentUrl\":\"https:\/\/apuntesdesanluis.com\/wp-content\/uploads\/2023\/09\/olivero-ayala-1.png\",\"width\":571,\"height\":362},{\"@type\":\"BreadcrumbList\",\"@id\":\"https:\/\/apuntesdesanluis.com\/index.php\/2023\/09\/06\/martin-olivero-presento-expocarreras-la-punta-2023\/#breadcrumb\",\"itemListElement\":[{\"@type\":\"ListItem\",\"position\":1,\"name\":\"Inicio\",\"item\":\"https:\/\/apuntesdesanluis.com\/\"},{\"@type\":\"ListItem\",\"position\":2,\"name\":\"MART\u00cdN OLIVERO PRESENT\u00d3 &#8220;EXPOCARRERAS LA PUNTA 2023&#8221;\"}]},{\"@type\":\"WebSite\",\"@id\":\"https:\/\/apuntesdesanluis.com\/#website\",\"url\":\"https:\/\/apuntesdesanluis.com\/\",\"name\":\"Apuntes de San Luis\",\"description\":\"\",\"publisher\":{\"@id\":\"https:\/\/apuntesdesanluis.com\/#\/schema\/person\/b55151d52296fcce64d1a72538a70b90\"},\"potentialAction\":[{\"@type\":\"SearchAction\",\"target\":{\"@type\":\"EntryPoint\",\"urlTemplate\":\"https:\/\/apuntesdesanluis.com\/?s={search_term_string}\"},\"query-input\":{\"@type\":\"PropertyValueSpecification\",\"valueRequired\":true,\"valueName\":\"search_term_string\"}}],\"inLanguage\":\"es-AR\"},{\"@type\":[\"Person\",\"Organization\"],\"@id\":\"https:\/\/apuntesdesanluis.com\/#\/schema\/person\/b55151d52296fcce64d1a72538a70b90\",\"name\":\"apuntesdesanluis.com\",\"image\":{\"@type\":\"ImageObject\",\"inLanguage\":\"es-AR\",\"@id\":\"https:\/\/apuntesdesanluis.com\/#\/schema\/person\/image\/\",\"url\":\"https:\/\/apuntesdesanluis.com\/wp-content\/uploads\/2023\/07\/cropped-apuntesdesanluis.png\",\"contentUrl\":\"https:\/\/apuntesdesanluis.com\/wp-content\/uploads\/2023\/07\/cropped-apuntesdesanluis.png\",\"width\":450,\"height\":112,\"caption\":\"apuntesdesanluis.com\"},\"logo\":{\"@id\":\"https:\/\/apuntesdesanluis.com\/#\/schema\/person\/image\/\"},\"sameAs\":[\"https:\/\/apuntesdesanluis.com\"],\"url\":\"https:\/\/apuntesdesanluis.com\/index.php\/author\/apuntesdesanluis-com\/\"}]}<\/script>\n<!-- \/ Yoast SEO plugin. -->","yoast_head_json":{"title":"MART\u00cdN OLIVERO PRESENT\u00d3 \"EXPOCARRERAS LA PUNTA 2023\" - Apuntes de San Luis","robots":{"index":"index","follow":"follow","max-snippet":"max-snippet:-1","max-image-preview":"max-image-preview:large","max-video-preview":"max-video-preview:-1"},"canonical":"https:\/\/apuntesdesanluis.com\/index.php\/2023\/09\/06\/martin-olivero-presento-expocarreras-la-punta-2023\/","og_locale":"es_ES","og_type":"article","og_title":"MART\u00cdN OLIVERO PRESENT\u00d3 \"EXPOCARRERAS LA PUNTA 2023\" - Apuntes de San Luis","og_description":"Este martes el Intendente de la ciudad de La Punta Mart\u00edn Olivero, encabez\u00f3 junto al...","og_url":"https:\/\/apuntesdesanluis.com\/index.php\/2023\/09\/06\/martin-olivero-presento-expocarreras-la-punta-2023\/","og_site_name":"Apuntes de San Luis","article_published_time":"2023-09-06T10:08:00+00:00","article_modified_time":"2023-09-06T17:55:31+00:00","og_image":[{"width":571,"height":362,"url":"https:\/\/apuntesdesanluis.com\/wp-content\/uploads\/2023\/09\/olivero-ayala-1.png","type":"image\/png"}],"author":"apuntesdesanluis.com","twitter_card":"summary_large_image","twitter_misc":{"Escrito por":"apuntesdesanluis.com","Tiempo de lectura":"1 minuto"},"schema":{"@context":"https:\/\/schema.org","@graph":[{"@type":"Article","@id":"https:\/\/apuntesdesanluis.com\/index.php\/2023\/09\/06\/martin-olivero-presento-expocarreras-la-punta-2023\/#article","isPartOf":{"@id":"https:\/\/apuntesdesanluis.com\/index.php\/2023\/09\/06\/martin-olivero-presento-expocarreras-la-punta-2023\/"},"author":{"name":"apuntesdesanluis.com","@id":"https:\/\/apuntesdesanluis.com\/#\/schema\/person\/b55151d52296fcce64d1a72538a70b90"},"headline":"MART\u00cdN OLIVERO PRESENT\u00d3 &#8220;EXPOCARRERAS LA PUNTA 2023&#8221;","datePublished":"2023-09-06T10:08:00+00:00","dateModified":"2023-09-06T17:55:31+00:00","mainEntityOfPage":{"@id":"https:\/\/apuntesdesanluis.com\/index.php\/2023\/09\/06\/martin-olivero-presento-expocarreras-la-punta-2023\/"},"wordCount":202,"publisher":{"@id":"https:\/\/apuntesdesanluis.com\/#\/schema\/person\/b55151d52296fcce64d1a72538a70b90"},"image":{"@id":"https:\/\/apuntesdesanluis.com\/index.php\/2023\/09\/06\/martin-olivero-presento-expocarreras-la-punta-2023\/#primaryimage"},"thumbnailUrl":"https:\/\/apuntesdesanluis.com\/wp-content\/uploads\/2023\/09\/olivero-ayala-1.png","articleSection":["Ciudad\/Provincia"],"inLanguage":"es-AR"},{"@type":"WebPage","@id":"https:\/\/apuntesdesanluis.com\/index.php\/2023\/09\/06\/martin-olivero-presento-expocarreras-la-punta-2023\/","url":"https:\/\/apuntesdesanluis.com\/index.php\/2023\/09\/06\/martin-olivero-presento-expocarreras-la-punta-2023\/","name":"MART\u00cdN OLIVERO PRESENT\u00d3 \"EXPOCARRERAS LA PUNTA 2023\" - Apuntes de San Luis","isPartOf":{"@id":"https:\/\/apuntesdesanluis.com\/#website"},"primaryImageOfPage":{"@id":"https:\/\/apuntesdesanluis.com\/index.php\/2023\/09\/06\/martin-olivero-presento-expocarreras-la-punta-2023\/#primaryimage"},"image":{"@id":"https:\/\/apuntesdesanluis.com\/index.php\/2023\/09\/06\/martin-olivero-presento-expocarreras-la-punta-2023\/#primaryimage"},"thumbnailUrl":"https:\/\/apuntesdesanluis.com\/wp-content\/uploads\/2023\/09\/olivero-ayala-1.png","datePublished":"2023-09-06T10:08:00+00:00","dateModified":"2023-09-06T17:55:31+00:00","breadcrumb":{"@id":"https:\/\/apuntesdesanluis.com\/index.php\/2023\/09\/06\/martin-olivero-presento-expocarreras-la-punta-2023\/#breadcrumb"},"inLanguage":"es-AR","potentialAction":[{"@type":"ReadAction","target":["https:\/\/apuntesdesanluis.com\/index.php\/2023\/09\/06\/martin-olivero-presento-expocarreras-la-punta-2023\/"]}]},{"@type":"ImageObject","inLanguage":"es-AR","@id":"https:\/\/apuntesdesanluis.com\/index.php\/2023\/09\/06\/martin-olivero-presento-expocarreras-la-punta-2023\/#primaryimage","url":"https:\/\/apuntesdesanluis.com\/wp-content\/uploads\/2023\/09\/olivero-ayala-1.png","contentUrl":"https:\/\/apuntesdesanluis.com\/wp-content\/uploads\/2023\/09\/olivero-ayala-1.png","width":571,"height":362},{"@type":"BreadcrumbList","@id":"https:\/\/apuntesdesanluis.com\/index.php\/2023\/09\/06\/martin-olivero-presento-expocarreras-la-punta-2023\/#breadcrumb","itemListElement":[{"@type":"ListItem","position":1,"name":"Inicio","item":"https:\/\/apuntesdesanluis.com\/"},{"@type":"ListItem","position":2,"name":"MART\u00cdN OLIVERO PRESENT\u00d3 &#8220;EXPOCARRERAS LA PUNTA 2023&#8221;"}]},{"@type":"WebSite","@id":"https:\/\/apuntesdesanluis.com\/#website","url":"https:\/\/apuntesdesanluis.com\/","name":"Apuntes de San Luis","description":"","publisher":{"@id":"https:\/\/apuntesdesanluis.com\/#\/schema\/person\/b55151d52296fcce64d1a72538a70b90"},"potentialAction":[{"@type":"SearchAction","target":{"@type":"EntryPoint","urlTemplate":"https:\/\/apuntesdesanluis.com\/?s={search_term_string}"},"query-input":{"@type":"PropertyValueSpecification","valueRequired":true,"valueName":"search_term_string"}}],"inLanguage":"es-AR"},{"@type":["Person","Organization"],"@id":"https:\/\/apuntesdesanluis.com\/#\/schema\/person\/b55151d52296fcce64d1a72538a70b90","name":"apuntesdesanluis.com","image":{"@type":"ImageObject","inLanguage":"es-AR","@id":"https:\/\/apuntesdesanluis.com\/#\/schema\/person\/image\/","url":"https:\/\/apuntesdesanluis.com\/wp-content\/uploads\/2023\/07\/cropped-apuntesdesanluis.png","contentUrl":"https:\/\/apuntesdesanluis.com\/wp-content\/uploads\/2023\/07\/cropped-apuntesdesanluis.png","width":450,"height":112,"caption":"apuntesdesanluis.com"},"logo":{"@id":"https:\/\/apuntesdesanluis.com\/#\/schema\/person\/image\/"},"sameAs":["https:\/\/apuntesdesanluis.com"],"url":"https:\/\/apuntesdesanluis.com\/index.php\/author\/apuntesdesanluis-com\/"}]}},"featured_image_urls":{"full":["https:\/\/apuntesdesanluis.com\/wp-content\/uploads\/2023\/09\/olivero-ayala-1.png",571,362,false],"thumbnail":["https:\/\/apuntesdesanluis.com\/wp-content\/uploads\/2023\/09\/olivero-ayala-1-150x150.png",150,150,true],"medium":["https:\/\/apuntesdesanluis.com\/wp-content\/uploads\/2023\/09\/olivero-ayala-1-300x190.png",300,190,true],"medium_large":["https:\/\/apuntesdesanluis.com\/wp-content\/uploads\/2023\/09\/olivero-ayala-1.png",571,362,false],"large":["https:\/\/apuntesdesanluis.com\/wp-content\/uploads\/2023\/09\/olivero-ayala-1.png",571,362,false],"1536x1536":["https:\/\/apuntesdesanluis.com\/wp-content\/uploads\/2023\/09\/olivero-ayala-1.png",571,362,false],"2048x2048":["https:\/\/apuntesdesanluis.com\/wp-content\/uploads\/2023\/09\/olivero-ayala-1.png",571,362,false],"newsever-slider-full":["https:\/\/apuntesdesanluis.com\/wp-content\/uploads\/2023\/09\/olivero-ayala-1.png",571,362,false],"newsever-featured":["https:\/\/apuntesdesanluis.com\/wp-content\/uploads\/2023\/09\/olivero-ayala-1.png",571,362,false],"newsever-medium":["https:\/\/apuntesdesanluis.com\/wp-content\/uploads\/2023\/09\/olivero-ayala-1.png",571,362,false]},"author_info":{"display_name":"apuntesdesanluis.com","author_link":"https:\/\/apuntesdesanluis.com\/index.php\/author\/apuntesdesanluis-com\/"},"category_info":"<a href=\"https:\/\/apuntesdesanluis.com\/index.php\/category\/ciudad-provincia\/\" rel=\"category tag\">Ciudad\/Provincia<\/a>","tag_info":"Ciudad\/Provincia","comment_count":"0","_links":{"self":[{"href":"https:\/\/apuntesdesanluis.com\/index.php\/wp-json\/wp\/v2\/posts\/2775","targetHints":{"allow":["GET"]}}],"collection":[{"href":"https:\/\/apuntesdesanluis.com\/index.php\/wp-json\/wp\/v2\/posts"}],"about":[{"href":"https:\/\/apuntesdesanluis.com\/index.php\/wp-json\/wp\/v2\/types\/post"}],"author":[{"embeddable":true,"href":"https:\/\/apuntesdesanluis.com\/index.php\/wp-json\/wp\/v2\/users\/1"}],"replies":[{"embeddable":true,"href":"https:\/\/apuntesdesanluis.com\/index.php\/wp-json\/wp\/v2\/comments?post=2775"}],"version-history":[{"count":2,"href":"https:\/\/apuntesdesanluis.com\/index.php\/wp-json\/wp\/v2\/posts\/2775\/revisions"}],"predecessor-version":[{"id":2781,"href":"https:\/\/apuntesdesanluis.com\/index.php\/wp-json\/wp\/v2\/posts\/2775\/revisions\/2781"}],"wp:featuredmedia":[{"embeddable":true,"href":"https:\/\/apuntesdesanluis.com\/index.php\/wp-json\/wp\/v2\/media\/2780"}],"wp:attachment":[{"href":"https:\/\/apuntesdesanluis.com\/index.php\/wp-json\/wp\/v2\/media?parent=2775"}],"wp:term":[{"taxonomy":"category","embeddable":true,"href":"https:\/\/apuntesdesanluis.com\/index.php\/wp-json\/wp\/v2\/categories?post=2775"},{"taxonomy":"post_tag","embeddable":true,"href":"https:\/\/apuntesdesanluis.com\/index.php\/wp-json\/wp\/v2\/tags?post=2775"}],"curies":[{"name":"wp","href":"https:\/\/api.w.org\/{rel}","templated":true}]}}