{"id":27750,"date":"2025-01-14T21:26:15","date_gmt":"2025-01-15T00:26:15","guid":{"rendered":"https:\/\/apuntesdesanluis.com\/?p=27750"},"modified":"2025-01-14T21:26:55","modified_gmt":"2025-01-15T00:26:55","slug":"el-gobernador-firmo-decretos-para-comprar-moviles-y-chalecos-para-las-fuerzas-de-seguridad","status":"publish","type":"post","link":"https:\/\/apuntesdesanluis.com\/index.php\/2025\/01\/14\/el-gobernador-firmo-decretos-para-comprar-moviles-y-chalecos-para-las-fuerzas-de-seguridad\/","title":{"rendered":"EL GOBERNADOR FIRM\u00d3 DECRETOS PARA COMPRAR M\u00d3VILES Y CHALECOS PARA LAS FUERZAS DE SEGURIDAD"},"content":{"rendered":"<h3>El gobernador <strong>Claudio Poggi<\/strong> pas\u00f3 este martes por el ministerio de Seguridad para firmar dos decretos con los que autoriz\u00f3 la compra de veh\u00edculos para la Polic\u00eda y el Servicio Penitenciario; y la adquisici\u00f3n de chalecos de protecci\u00f3n bal\u00edstica. Lo hizo acompa\u00f1ado por la ministro anfitriona, <strong>Nancy Sosa<\/strong>, quien estuvo acompa\u00f1ada por <strong>Ricardo Bazla<\/strong>, el secretario de \u00c9tica P\u00fablica y Control de Gesti\u00f3n.<\/h3>\n<h3>Se trata de 20 pickups 4\u00d74 y otras cinco tracci\u00f3n 4\u00d72, que ser\u00e1n distribuidas en las distintas unidades regionales de la provincia y los dos complejos penitenciarios. Tambi\u00e9n el decreto incluye la compra de cinco veh\u00edculos sin identificaci\u00f3n, que ser\u00e1n utilizados en la lucha contra el narcotr\u00e1fico, una pol\u00edtica central del Gobierno provincial. La inversi\u00f3n en este caso es de $1.546 millones.<\/h3>\n<h3><img fetchpriority=\"high\" decoding=\"async\" class=\"wp-image-27752 aligncenter\" src=\"https:\/\/apuntesdesanluis.com\/wp-content\/uploads\/2025\/01\/POGGI-SALUDA-A-POLICIA-300x226.png\" alt=\"\" width=\"635\" height=\"478\" srcset=\"https:\/\/apuntesdesanluis.com\/wp-content\/uploads\/2025\/01\/POGGI-SALUDA-A-POLICIA-300x226.png 300w, https:\/\/apuntesdesanluis.com\/wp-content\/uploads\/2025\/01\/POGGI-SALUDA-A-POLICIA-768x579.png 768w, https:\/\/apuntesdesanluis.com\/wp-content\/uploads\/2025\/01\/POGGI-SALUDA-A-POLICIA.png 800w\" sizes=\"(max-width: 635px) 100vw, 635px\" \/><\/h3>\n<h3>En el segundo decreto, el Primer Mandatario autoriz\u00f3 la adquisici\u00f3n de 2.000 chalecos de protecci\u00f3n bal\u00edstica RB3, que tambi\u00e9n son efectivos contra disparos de armas de nueve mil\u00edmetros, por un total de $1.900 millones.<\/h3>\n<h3>\u201cCon esta compra vamos a lograr cubrir al 50% del personal policial, lo que queremos es llegar a que los chalecos, como las armas, sean personalizados, que cada efectivo tenga el suyo propio y dejar esta pol\u00edtica de \u2018chaleco caliente\u2019 que nos dej\u00f3 la gesti\u00f3n anterior, porque el personal es renuente a usar uno que dej\u00f3 un compa\u00f1ero despu\u00e9s de usarlo 24 horas. Hay una cuesti\u00f3n de desgaste y de falta de higiene con la que hay que terminar\u201d, dijo Sosa en la presentaci\u00f3n.<\/h3>\n<h3><\/h3>\n<h3>En cuanto a los veh\u00edculos, asegur\u00f3 que el sur provincial est\u00e1 muy desprovisto, as\u00ed que la Unidad Regional (UR) 4, con asiento en Buena Esperanza, ser\u00e1 una de las m\u00e1s beneficiadas. \u201cPor all\u00ed pasa la ruta nacional 188 y hay que reforzar la seguridad, lo mismo que los puestos lim\u00edtrofes. Queremos que haya al menos un veh\u00edculo por localidad\u201d, apunto la Ministro, quien agreg\u00f3 que las camionetas 4\u00d72 tendr\u00e1n una funci\u00f3n b\u00e1sica en \u00e1reas urbanas, por lo que ser\u00e1n destinadas a la UR 2 para patrullar el barrio La Ribera y alrededores; y tambi\u00e9n a la UR6, que est\u00e1 en la Villa de Merlo.<\/h3>\n<h3>En el cierre, desliz\u00f3 una cr\u00edtica a la gesti\u00f3n anterior: \u201cCompramos chalecos pensando en el talle de cada efectivo, no como pas\u00f3 en el gobierno que se fue, que compr\u00f3 300 chalecos que son enormes y no los puede usar nadie, porque deben ir ajustados al cuerpo. Encima, cuando los quisimos cambiar, nos enteramos que hab\u00edan tercerizado el proceso, por lo que no hubo a qui\u00e9n reclamar, ya que ni el nombre de la empresa nos dejaron\u201d.<\/h3>\n<h3><\/h3>\n<p>&nbsp;<\/p>\n<p>&nbsp;<\/p>\n","protected":false},"excerpt":{"rendered":"<p>El gobernador Claudio Poggi pas\u00f3 este martes por el ministerio de Seguridad para firmar dos&#8230;<\/p>\n","protected":false},"author":1,"featured_media":27751,"comment_status":"closed","ping_status":"closed","sticky":false,"template":"","format":"standard","meta":{"footnotes":""},"categories":[6],"tags":[],"class_list":["post-27750","post","type-post","status-publish","format-standard","has-post-thumbnail","hentry","category-ciudad-provincia"],"yoast_head":"<!-- This site is optimized with the Yoast SEO plugin v26.1.1 - https:\/\/yoast.com\/wordpress\/plugins\/seo\/ -->\n<title>EL GOBERNADOR FIRM\u00d3 DECRETOS PARA COMPRAR M\u00d3VILES Y CHALECOS PARA LAS FUERZAS DE SEGURIDAD - Apuntes de San Luis<\/title>\n<meta name=\"robots\" content=\"index, follow, max-snippet:-1, max-image-preview:large, max-video-preview:-1\" \/>\n<link rel=\"canonical\" href=\"https:\/\/apuntesdesanluis.com\/index.php\/2025\/01\/14\/el-gobernador-firmo-decretos-para-comprar-moviles-y-chalecos-para-las-fuerzas-de-seguridad\/\" \/>\n<meta property=\"og:locale\" content=\"es_ES\" \/>\n<meta property=\"og:type\" content=\"article\" \/>\n<meta property=\"og:title\" content=\"EL GOBERNADOR FIRM\u00d3 DECRETOS PARA COMPRAR M\u00d3VILES Y CHALECOS PARA LAS FUERZAS DE SEGURIDAD - Apuntes de San Luis\" \/>\n<meta property=\"og:description\" content=\"El gobernador Claudio Poggi pas\u00f3 este martes por el ministerio de Seguridad para firmar dos...\" \/>\n<meta property=\"og:url\" content=\"https:\/\/apuntesdesanluis.com\/index.php\/2025\/01\/14\/el-gobernador-firmo-decretos-para-comprar-moviles-y-chalecos-para-las-fuerzas-de-seguridad\/\" \/>\n<meta property=\"og:site_name\" content=\"Apuntes de San Luis\" \/>\n<meta property=\"article:published_time\" content=\"2025-01-15T00:26:15+00:00\" \/>\n<meta property=\"article:modified_time\" content=\"2025-01-15T00:26:55+00:00\" \/>\n<meta property=\"og:image\" content=\"https:\/\/apuntesdesanluis.com\/wp-content\/uploads\/2025\/01\/POGGI-CON-NANCY-SOSA.png\" \/>\n\t<meta property=\"og:image:width\" content=\"800\" \/>\n\t<meta property=\"og:image:height\" content=\"499\" \/>\n\t<meta property=\"og:image:type\" content=\"image\/png\" \/>\n<meta name=\"author\" content=\"apuntesdesanluis.com\" \/>\n<meta name=\"twitter:card\" content=\"summary_large_image\" \/>\n<meta name=\"twitter:label1\" content=\"Escrito por\" \/>\n\t<meta name=\"twitter:data1\" content=\"apuntesdesanluis.com\" \/>\n\t<meta name=\"twitter:label2\" content=\"Tiempo de lectura\" \/>\n\t<meta name=\"twitter:data2\" content=\"3 minutos\" \/>\n<script type=\"application\/ld+json\" class=\"yoast-schema-graph\">{\"@context\":\"https:\/\/schema.org\",\"@graph\":[{\"@type\":\"Article\",\"@id\":\"https:\/\/apuntesdesanluis.com\/index.php\/2025\/01\/14\/el-gobernador-firmo-decretos-para-comprar-moviles-y-chalecos-para-las-fuerzas-de-seguridad\/#article\",\"isPartOf\":{\"@id\":\"https:\/\/apuntesdesanluis.com\/index.php\/2025\/01\/14\/el-gobernador-firmo-decretos-para-comprar-moviles-y-chalecos-para-las-fuerzas-de-seguridad\/\"},\"author\":{\"name\":\"apuntesdesanluis.com\",\"@id\":\"https:\/\/apuntesdesanluis.com\/#\/schema\/person\/b55151d52296fcce64d1a72538a70b90\"},\"headline\":\"EL GOBERNADOR FIRM\u00d3 DECRETOS PARA COMPRAR M\u00d3VILES Y CHALECOS PARA LAS FUERZAS DE SEGURIDAD\",\"datePublished\":\"2025-01-15T00:26:15+00:00\",\"dateModified\":\"2025-01-15T00:26:55+00:00\",\"mainEntityOfPage\":{\"@id\":\"https:\/\/apuntesdesanluis.com\/index.php\/2025\/01\/14\/el-gobernador-firmo-decretos-para-comprar-moviles-y-chalecos-para-las-fuerzas-de-seguridad\/\"},\"wordCount\":470,\"publisher\":{\"@id\":\"https:\/\/apuntesdesanluis.com\/#\/schema\/person\/b55151d52296fcce64d1a72538a70b90\"},\"image\":{\"@id\":\"https:\/\/apuntesdesanluis.com\/index.php\/2025\/01\/14\/el-gobernador-firmo-decretos-para-comprar-moviles-y-chalecos-para-las-fuerzas-de-seguridad\/#primaryimage\"},\"thumbnailUrl\":\"https:\/\/apuntesdesanluis.com\/wp-content\/uploads\/2025\/01\/POGGI-CON-NANCY-SOSA.png\",\"articleSection\":[\"Ciudad\/Provincia\"],\"inLanguage\":\"es-AR\"},{\"@type\":\"WebPage\",\"@id\":\"https:\/\/apuntesdesanluis.com\/index.php\/2025\/01\/14\/el-gobernador-firmo-decretos-para-comprar-moviles-y-chalecos-para-las-fuerzas-de-seguridad\/\",\"url\":\"https:\/\/apuntesdesanluis.com\/index.php\/2025\/01\/14\/el-gobernador-firmo-decretos-para-comprar-moviles-y-chalecos-para-las-fuerzas-de-seguridad\/\",\"name\":\"EL GOBERNADOR FIRM\u00d3 DECRETOS PARA COMPRAR M\u00d3VILES Y CHALECOS PARA LAS FUERZAS DE SEGURIDAD - Apuntes de San Luis\",\"isPartOf\":{\"@id\":\"https:\/\/apuntesdesanluis.com\/#website\"},\"primaryImageOfPage\":{\"@id\":\"https:\/\/apuntesdesanluis.com\/index.php\/2025\/01\/14\/el-gobernador-firmo-decretos-para-comprar-moviles-y-chalecos-para-las-fuerzas-de-seguridad\/#primaryimage\"},\"image\":{\"@id\":\"https:\/\/apuntesdesanluis.com\/index.php\/2025\/01\/14\/el-gobernador-firmo-decretos-para-comprar-moviles-y-chalecos-para-las-fuerzas-de-seguridad\/#primaryimage\"},\"thumbnailUrl\":\"https:\/\/apuntesdesanluis.com\/wp-content\/uploads\/2025\/01\/POGGI-CON-NANCY-SOSA.png\",\"datePublished\":\"2025-01-15T00:26:15+00:00\",\"dateModified\":\"2025-01-15T00:26:55+00:00\",\"breadcrumb\":{\"@id\":\"https:\/\/apuntesdesanluis.com\/index.php\/2025\/01\/14\/el-gobernador-firmo-decretos-para-comprar-moviles-y-chalecos-para-las-fuerzas-de-seguridad\/#breadcrumb\"},\"inLanguage\":\"es-AR\",\"potentialAction\":[{\"@type\":\"ReadAction\",\"target\":[\"https:\/\/apuntesdesanluis.com\/index.php\/2025\/01\/14\/el-gobernador-firmo-decretos-para-comprar-moviles-y-chalecos-para-las-fuerzas-de-seguridad\/\"]}]},{\"@type\":\"ImageObject\",\"inLanguage\":\"es-AR\",\"@id\":\"https:\/\/apuntesdesanluis.com\/index.php\/2025\/01\/14\/el-gobernador-firmo-decretos-para-comprar-moviles-y-chalecos-para-las-fuerzas-de-seguridad\/#primaryimage\",\"url\":\"https:\/\/apuntesdesanluis.com\/wp-content\/uploads\/2025\/01\/POGGI-CON-NANCY-SOSA.png\",\"contentUrl\":\"https:\/\/apuntesdesanluis.com\/wp-content\/uploads\/2025\/01\/POGGI-CON-NANCY-SOSA.png\",\"width\":800,\"height\":499},{\"@type\":\"BreadcrumbList\",\"@id\":\"https:\/\/apuntesdesanluis.com\/index.php\/2025\/01\/14\/el-gobernador-firmo-decretos-para-comprar-moviles-y-chalecos-para-las-fuerzas-de-seguridad\/#breadcrumb\",\"itemListElement\":[{\"@type\":\"ListItem\",\"position\":1,\"name\":\"Inicio\",\"item\":\"https:\/\/apuntesdesanluis.com\/\"},{\"@type\":\"ListItem\",\"position\":2,\"name\":\"EL GOBERNADOR FIRM\u00d3 DECRETOS PARA COMPRAR M\u00d3VILES Y CHALECOS PARA LAS FUERZAS DE SEGURIDAD\"}]},{\"@type\":\"WebSite\",\"@id\":\"https:\/\/apuntesdesanluis.com\/#website\",\"url\":\"https:\/\/apuntesdesanluis.com\/\",\"name\":\"Apuntes de San Luis\",\"description\":\"\",\"publisher\":{\"@id\":\"https:\/\/apuntesdesanluis.com\/#\/schema\/person\/b55151d52296fcce64d1a72538a70b90\"},\"potentialAction\":[{\"@type\":\"SearchAction\",\"target\":{\"@type\":\"EntryPoint\",\"urlTemplate\":\"https:\/\/apuntesdesanluis.com\/?s={search_term_string}\"},\"query-input\":{\"@type\":\"PropertyValueSpecification\",\"valueRequired\":true,\"valueName\":\"search_term_string\"}}],\"inLanguage\":\"es-AR\"},{\"@type\":[\"Person\",\"Organization\"],\"@id\":\"https:\/\/apuntesdesanluis.com\/#\/schema\/person\/b55151d52296fcce64d1a72538a70b90\",\"name\":\"apuntesdesanluis.com\",\"image\":{\"@type\":\"ImageObject\",\"inLanguage\":\"es-AR\",\"@id\":\"https:\/\/apuntesdesanluis.com\/#\/schema\/person\/image\/\",\"url\":\"https:\/\/apuntesdesanluis.com\/wp-content\/uploads\/2023\/07\/cropped-apuntesdesanluis.png\",\"contentUrl\":\"https:\/\/apuntesdesanluis.com\/wp-content\/uploads\/2023\/07\/cropped-apuntesdesanluis.png\",\"width\":450,\"height\":112,\"caption\":\"apuntesdesanluis.com\"},\"logo\":{\"@id\":\"https:\/\/apuntesdesanluis.com\/#\/schema\/person\/image\/\"},\"sameAs\":[\"https:\/\/apuntesdesanluis.com\"],\"url\":\"https:\/\/apuntesdesanluis.com\/index.php\/author\/apuntesdesanluis-com\/\"}]}<\/script>\n<!-- \/ Yoast SEO plugin. -->","yoast_head_json":{"title":"EL GOBERNADOR FIRM\u00d3 DECRETOS PARA COMPRAR M\u00d3VILES Y CHALECOS PARA LAS FUERZAS DE SEGURIDAD - Apuntes de San Luis","robots":{"index":"index","follow":"follow","max-snippet":"max-snippet:-1","max-image-preview":"max-image-preview:large","max-video-preview":"max-video-preview:-1"},"canonical":"https:\/\/apuntesdesanluis.com\/index.php\/2025\/01\/14\/el-gobernador-firmo-decretos-para-comprar-moviles-y-chalecos-para-las-fuerzas-de-seguridad\/","og_locale":"es_ES","og_type":"article","og_title":"EL GOBERNADOR FIRM\u00d3 DECRETOS PARA COMPRAR M\u00d3VILES Y CHALECOS PARA LAS FUERZAS DE SEGURIDAD - Apuntes de San Luis","og_description":"El gobernador Claudio Poggi pas\u00f3 este martes por el ministerio de Seguridad para firmar dos...","og_url":"https:\/\/apuntesdesanluis.com\/index.php\/2025\/01\/14\/el-gobernador-firmo-decretos-para-comprar-moviles-y-chalecos-para-las-fuerzas-de-seguridad\/","og_site_name":"Apuntes de San Luis","article_published_time":"2025-01-15T00:26:15+00:00","article_modified_time":"2025-01-15T00:26:55+00:00","og_image":[{"width":800,"height":499,"url":"https:\/\/apuntesdesanluis.com\/wp-content\/uploads\/2025\/01\/POGGI-CON-NANCY-SOSA.png","type":"image\/png"}],"author":"apuntesdesanluis.com","twitter_card":"summary_large_image","twitter_misc":{"Escrito por":"apuntesdesanluis.com","Tiempo de lectura":"3 minutos"},"schema":{"@context":"https:\/\/schema.org","@graph":[{"@type":"Article","@id":"https:\/\/apuntesdesanluis.com\/index.php\/2025\/01\/14\/el-gobernador-firmo-decretos-para-comprar-moviles-y-chalecos-para-las-fuerzas-de-seguridad\/#article","isPartOf":{"@id":"https:\/\/apuntesdesanluis.com\/index.php\/2025\/01\/14\/el-gobernador-firmo-decretos-para-comprar-moviles-y-chalecos-para-las-fuerzas-de-seguridad\/"},"author":{"name":"apuntesdesanluis.com","@id":"https:\/\/apuntesdesanluis.com\/#\/schema\/person\/b55151d52296fcce64d1a72538a70b90"},"headline":"EL GOBERNADOR FIRM\u00d3 DECRETOS PARA COMPRAR M\u00d3VILES Y CHALECOS PARA LAS FUERZAS DE SEGURIDAD","datePublished":"2025-01-15T00:26:15+00:00","dateModified":"2025-01-15T00:26:55+00:00","mainEntityOfPage":{"@id":"https:\/\/apuntesdesanluis.com\/index.php\/2025\/01\/14\/el-gobernador-firmo-decretos-para-comprar-moviles-y-chalecos-para-las-fuerzas-de-seguridad\/"},"wordCount":470,"publisher":{"@id":"https:\/\/apuntesdesanluis.com\/#\/schema\/person\/b55151d52296fcce64d1a72538a70b90"},"image":{"@id":"https:\/\/apuntesdesanluis.com\/index.php\/2025\/01\/14\/el-gobernador-firmo-decretos-para-comprar-moviles-y-chalecos-para-las-fuerzas-de-seguridad\/#primaryimage"},"thumbnailUrl":"https:\/\/apuntesdesanluis.com\/wp-content\/uploads\/2025\/01\/POGGI-CON-NANCY-SOSA.png","articleSection":["Ciudad\/Provincia"],"inLanguage":"es-AR"},{"@type":"WebPage","@id":"https:\/\/apuntesdesanluis.com\/index.php\/2025\/01\/14\/el-gobernador-firmo-decretos-para-comprar-moviles-y-chalecos-para-las-fuerzas-de-seguridad\/","url":"https:\/\/apuntesdesanluis.com\/index.php\/2025\/01\/14\/el-gobernador-firmo-decretos-para-comprar-moviles-y-chalecos-para-las-fuerzas-de-seguridad\/","name":"EL GOBERNADOR FIRM\u00d3 DECRETOS PARA COMPRAR M\u00d3VILES Y CHALECOS PARA LAS FUERZAS DE SEGURIDAD - Apuntes de San Luis","isPartOf":{"@id":"https:\/\/apuntesdesanluis.com\/#website"},"primaryImageOfPage":{"@id":"https:\/\/apuntesdesanluis.com\/index.php\/2025\/01\/14\/el-gobernador-firmo-decretos-para-comprar-moviles-y-chalecos-para-las-fuerzas-de-seguridad\/#primaryimage"},"image":{"@id":"https:\/\/apuntesdesanluis.com\/index.php\/2025\/01\/14\/el-gobernador-firmo-decretos-para-comprar-moviles-y-chalecos-para-las-fuerzas-de-seguridad\/#primaryimage"},"thumbnailUrl":"https:\/\/apuntesdesanluis.com\/wp-content\/uploads\/2025\/01\/POGGI-CON-NANCY-SOSA.png","datePublished":"2025-01-15T00:26:15+00:00","dateModified":"2025-01-15T00:26:55+00:00","breadcrumb":{"@id":"https:\/\/apuntesdesanluis.com\/index.php\/2025\/01\/14\/el-gobernador-firmo-decretos-para-comprar-moviles-y-chalecos-para-las-fuerzas-de-seguridad\/#breadcrumb"},"inLanguage":"es-AR","potentialAction":[{"@type":"ReadAction","target":["https:\/\/apuntesdesanluis.com\/index.php\/2025\/01\/14\/el-gobernador-firmo-decretos-para-comprar-moviles-y-chalecos-para-las-fuerzas-de-seguridad\/"]}]},{"@type":"ImageObject","inLanguage":"es-AR","@id":"https:\/\/apuntesdesanluis.com\/index.php\/2025\/01\/14\/el-gobernador-firmo-decretos-para-comprar-moviles-y-chalecos-para-las-fuerzas-de-seguridad\/#primaryimage","url":"https:\/\/apuntesdesanluis.com\/wp-content\/uploads\/2025\/01\/POGGI-CON-NANCY-SOSA.png","contentUrl":"https:\/\/apuntesdesanluis.com\/wp-content\/uploads\/2025\/01\/POGGI-CON-NANCY-SOSA.png","width":800,"height":499},{"@type":"BreadcrumbList","@id":"https:\/\/apuntesdesanluis.com\/index.php\/2025\/01\/14\/el-gobernador-firmo-decretos-para-comprar-moviles-y-chalecos-para-las-fuerzas-de-seguridad\/#breadcrumb","itemListElement":[{"@type":"ListItem","position":1,"name":"Inicio","item":"https:\/\/apuntesdesanluis.com\/"},{"@type":"ListItem","position":2,"name":"EL GOBERNADOR FIRM\u00d3 DECRETOS PARA COMPRAR M\u00d3VILES Y CHALECOS PARA LAS FUERZAS DE SEGURIDAD"}]},{"@type":"WebSite","@id":"https:\/\/apuntesdesanluis.com\/#website","url":"https:\/\/apuntesdesanluis.com\/","name":"Apuntes de San Luis","description":"","publisher":{"@id":"https:\/\/apuntesdesanluis.com\/#\/schema\/person\/b55151d52296fcce64d1a72538a70b90"},"potentialAction":[{"@type":"SearchAction","target":{"@type":"EntryPoint","urlTemplate":"https:\/\/apuntesdesanluis.com\/?s={search_term_string}"},"query-input":{"@type":"PropertyValueSpecification","valueRequired":true,"valueName":"search_term_string"}}],"inLanguage":"es-AR"},{"@type":["Person","Organization"],"@id":"https:\/\/apuntesdesanluis.com\/#\/schema\/person\/b55151d52296fcce64d1a72538a70b90","name":"apuntesdesanluis.com","image":{"@type":"ImageObject","inLanguage":"es-AR","@id":"https:\/\/apuntesdesanluis.com\/#\/schema\/person\/image\/","url":"https:\/\/apuntesdesanluis.com\/wp-content\/uploads\/2023\/07\/cropped-apuntesdesanluis.png","contentUrl":"https:\/\/apuntesdesanluis.com\/wp-content\/uploads\/2023\/07\/cropped-apuntesdesanluis.png","width":450,"height":112,"caption":"apuntesdesanluis.com"},"logo":{"@id":"https:\/\/apuntesdesanluis.com\/#\/schema\/person\/image\/"},"sameAs":["https:\/\/apuntesdesanluis.com"],"url":"https:\/\/apuntesdesanluis.com\/index.php\/author\/apuntesdesanluis-com\/"}]}},"featured_image_urls":{"full":["https:\/\/apuntesdesanluis.com\/wp-content\/uploads\/2025\/01\/POGGI-CON-NANCY-SOSA.png",800,499,false],"thumbnail":["https:\/\/apuntesdesanluis.com\/wp-content\/uploads\/2025\/01\/POGGI-CON-NANCY-SOSA-150x150.png",150,150,true],"medium":["https:\/\/apuntesdesanluis.com\/wp-content\/uploads\/2025\/01\/POGGI-CON-NANCY-SOSA-300x187.png",300,187,true],"medium_large":["https:\/\/apuntesdesanluis.com\/wp-content\/uploads\/2025\/01\/POGGI-CON-NANCY-SOSA-768x479.png",640,399,true],"large":["https:\/\/apuntesdesanluis.com\/wp-content\/uploads\/2025\/01\/POGGI-CON-NANCY-SOSA.png",640,399,false],"1536x1536":["https:\/\/apuntesdesanluis.com\/wp-content\/uploads\/2025\/01\/POGGI-CON-NANCY-SOSA.png",800,499,false],"2048x2048":["https:\/\/apuntesdesanluis.com\/wp-content\/uploads\/2025\/01\/POGGI-CON-NANCY-SOSA.png",800,499,false],"newsever-slider-full":["https:\/\/apuntesdesanluis.com\/wp-content\/uploads\/2025\/01\/POGGI-CON-NANCY-SOSA.png",800,499,false],"newsever-featured":["https:\/\/apuntesdesanluis.com\/wp-content\/uploads\/2025\/01\/POGGI-CON-NANCY-SOSA.png",800,499,false],"newsever-medium":["https:\/\/apuntesdesanluis.com\/wp-content\/uploads\/2025\/01\/POGGI-CON-NANCY-SOSA-720x475.png",720,475,true]},"author_info":{"display_name":"apuntesdesanluis.com","author_link":"https:\/\/apuntesdesanluis.com\/index.php\/author\/apuntesdesanluis-com\/"},"category_info":"<a href=\"https:\/\/apuntesdesanluis.com\/index.php\/category\/ciudad-provincia\/\" rel=\"category tag\">Ciudad\/Provincia<\/a>","tag_info":"Ciudad\/Provincia","comment_count":"0","_links":{"self":[{"href":"https:\/\/apuntesdesanluis.com\/index.php\/wp-json\/wp\/v2\/posts\/27750","targetHints":{"allow":["GET"]}}],"collection":[{"href":"https:\/\/apuntesdesanluis.com\/index.php\/wp-json\/wp\/v2\/posts"}],"about":[{"href":"https:\/\/apuntesdesanluis.com\/index.php\/wp-json\/wp\/v2\/types\/post"}],"author":[{"embeddable":true,"href":"https:\/\/apuntesdesanluis.com\/index.php\/wp-json\/wp\/v2\/users\/1"}],"replies":[{"embeddable":true,"href":"https:\/\/apuntesdesanluis.com\/index.php\/wp-json\/wp\/v2\/comments?post=27750"}],"version-history":[{"count":2,"href":"https:\/\/apuntesdesanluis.com\/index.php\/wp-json\/wp\/v2\/posts\/27750\/revisions"}],"predecessor-version":[{"id":27754,"href":"https:\/\/apuntesdesanluis.com\/index.php\/wp-json\/wp\/v2\/posts\/27750\/revisions\/27754"}],"wp:featuredmedia":[{"embeddable":true,"href":"https:\/\/apuntesdesanluis.com\/index.php\/wp-json\/wp\/v2\/media\/27751"}],"wp:attachment":[{"href":"https:\/\/apuntesdesanluis.com\/index.php\/wp-json\/wp\/v2\/media?parent=27750"}],"wp:term":[{"taxonomy":"category","embeddable":true,"href":"https:\/\/apuntesdesanluis.com\/index.php\/wp-json\/wp\/v2\/categories?post=27750"},{"taxonomy":"post_tag","embeddable":true,"href":"https:\/\/apuntesdesanluis.com\/index.php\/wp-json\/wp\/v2\/tags?post=27750"}],"curies":[{"name":"wp","href":"https:\/\/api.w.org\/{rel}","templated":true}]}}