{"id":27792,"date":"2025-01-15T19:21:40","date_gmt":"2025-01-15T22:21:40","guid":{"rendered":"https:\/\/apuntesdesanluis.com\/?p=27792"},"modified":"2025-01-15T19:21:40","modified_gmt":"2025-01-15T22:21:40","slug":"escandalo-en-el-festival-nacional-de-la-papa-en-villa-dolores-me-robaron-la-ilusion","status":"publish","type":"post","link":"https:\/\/apuntesdesanluis.com\/index.php\/2025\/01\/15\/escandalo-en-el-festival-nacional-de-la-papa-en-villa-dolores-me-robaron-la-ilusion\/","title":{"rendered":"ESC\u00c1NDALO EN EL FESTIVAL NACIONAL DE LA PAPA EN VILLA DOLORES: \u201cME ROBARON LA ILUSI\u00d3N\u201d"},"content":{"rendered":"<h3><strong>Amira Oggas<\/strong>, oriunda de F\u00e1tima, critic\u00f3 a las autoridades de Villa Dolores, C\u00f3rdoba, en plena ceremonia. \u201cSomos una imagen sin importancia\u201d, lament\u00f3<\/h3>\n<h3>Un momento de alta tensi\u00f3n marc\u00f3 el Festival Nacional de la Papa en Villa Dolores, C\u00f3rdoba, cuando una de las embajadoras salientes, <strong>Amira Oggas<\/strong>, utiliz\u00f3 su discurso de despedida para expresar duras cr\u00edticas hacia la organizaci\u00f3n del evento y la gesti\u00f3n municipal.<\/h3>\n<h3>\u201cMe encuentro con una mezcla de emociones, por un lado estoy emocionada por cerrar esta etapa, pero, por otro, tengo que ser honesta y decir que estoy desilusionada, con una mezcla de sabor amargo&#8221;, comenz\u00f3 la joven de 18 a\u00f1os.<\/h3>\n<h3>Y continu\u00f3: \u201cTal vez estas palabras no sean lo que ustedes esperaban escuchar, pero siento que este es mi deber compartir mi experiencia tal como fue. Sinceramente, me arrepiento de haberme involucrado en este mundo irreal, desde mi vivencia siento que la municipalidad no le da al festival la importancia que se merece\u201d.<\/h3>\n<p><iframe title=\"ESC\u00c1NDALO en el FESTIVAL DE LA PAPA en Villa Dolores con duras criticas al intendente\" width=\"640\" height=\"360\" src=\"https:\/\/www.youtube.com\/embed\/2cZuQu5HTOI?feature=oembed\" frameborder=\"0\" allow=\"accelerometer; autoplay; clipboard-write; encrypted-media; gyroscope; picture-in-picture; web-share\" referrerpolicy=\"strict-origin-when-cross-origin\" allowfullscreen><\/iframe><\/p>\n<h3>Ante los primeros gritos del p\u00fablico, silbidos y gestos de sorpresa, el conductor de la ceremonia decidi\u00f3 interrumpir el discurso. \u201cCreo que dada la responsabilidad que ten\u00e9s, y tuviste en estar representando a la ciudad, ese reclamo no es momento de hacerlo ahora\u201d.<\/h3>\n<h3>Acto seguido le pas\u00f3 el micr\u00f3fono a la primera embajadora, Milagros Buco Soto que, ante la sorpresa de todos, le devolvi\u00f3 la palabra a su colega para que pueda terminar con su discurso.<\/h3>\n<h3>\u201cAmi, \u00bfquer\u00e9s terminar de hablar?\u201c, le pregunt\u00f3. Y as\u00ed, Oggas continu\u00f3 con su fuerte descargo: \u201cDesde el comienzo todo fue complicado, el d\u00eda de la elecci\u00f3n nos cortaron la luz y ni un clavel nos regalaron, no pudimos decir ni una palabra, nos bajaron y nos sacaron los atributos sin previo aviso. Los medios ya no estaban y nadie nos convoc\u00f3 a conferencias de prensa hasta hoy, lo sent\u00ed como una falta de respeto y empat\u00eda\u201d, admiti\u00f3.<\/h3>\n<h3>Tambi\u00e9n record\u00f3 \u201cmomentos dif\u00edciles durante el a\u00f1o\u201d ya que, en varios eventos, \u201cno nos proporcionaron ni comida, ni bebida\u201d, recordando que su coordinadora, Lara S\u00e1nchez, tuvo que \u201csacar dinero de su bolsillo para cubrir nuestras necesidades b\u00e1sicas\u201d.<\/h3>\n<h3>La representante de la ciudad de F\u00e1tima, adem\u00e1s, deleg\u00f3 culpas en el secretario de Turismo de la ciudad cordobesa, Ignacio Castro, y en el intendente de Villa Dolores, Maximiliano Rivarola, quien \u201cnunca nos convoc\u00f3\u201d para as\u00ed tambi\u00e9n hacer referencia a otro inconveniente vivido: los viajes. \u201cLas invitaciones nunca faltaron, pero el contador de la municipalidad no quiso autorizar casi ninguno\u201d.<\/h3>\n<h3>Adem\u00e1s, Oggas record\u00f3 que tuvo la oportunidad de participar en la Feria Internacional del Turismo (FIT). \u201cPero no pude participar por razones ajenas a m\u00ed, y fue mi compa\u00f1era Noelia Herrera, quien asisti\u00f3 en mi lugar, la verdad, agradezco no haber ido\u201c.<\/h3>\n<h3>Ella, adem\u00e1s, hizo referencia que durante la FIT hubo \u201crivalidades y conflictos entre embajadores\u201d como as\u00ed tambi\u00e9n \u201cdiscusiones en redes\u201d que, seg\u00fan sus palabras, solo generaron un \u201cambiente desagradable y lleno de tensiones\u201d. \u201cMuchas promesas se quedaron en el aire, a pesar de mi esfuerzo, pienso que nuestro rol qued\u00f3 reducido en una imagen sin relevancia real, prometieron cosas que nunca cumplieron, me robaron la ilusi\u00f3n y nunca tuve la importancia que aparenta\u201d, sentenci\u00f3 con crudeza.<\/h3>\n<h3>Y agreg\u00f3: \u201cPara m\u00ed este puesto s\u00ed signific\u00f3 algo importante, pero solo se los voy a recordar porque a los organizadores se les olvida seguido\u201d, complet\u00f3 mirando de reojo al coordinador de la ceremonia y recordando que ella fue la segunda embajadora \u201cdel festival m\u00e1s importante de la ciudad de Villa Dolores y de la zona de Traslasierra\u201d.<\/h3>\n<h3>Por \u00faltimo, destac\u00f3 el rol que tiene el festival. \u201cCelebrar y honrar los trabajadores paperos de esta zona, pero queda muchas veces en el olvido, no solo en lo econ\u00f3mico sino tambi\u00e9n en varias reuniones&#8221;. Y record\u00f3 que la ciudad de Villa Dolores, es la segunda capital en producci\u00f3n de papa en la Argentina.<\/h3>\n<h3>\u201cSolo somos una imagen sin importancia, cargamos con algo de lo que nadie se acuerda\u201d, cerr\u00f3.<\/h3>\n<h3><\/h3>\n<h3><\/h3>\n<p>&nbsp;<\/p>\n","protected":false},"excerpt":{"rendered":"<p>Amira Oggas, oriunda de F\u00e1tima, critic\u00f3 a las autoridades de Villa Dolores, C\u00f3rdoba, en plena&#8230;<\/p>\n","protected":false},"author":1,"featured_media":27793,"comment_status":"closed","ping_status":"closed","sticky":false,"template":"","format":"standard","meta":{"footnotes":""},"categories":[5],"tags":[],"class_list":["post-27792","post","type-post","status-publish","format-standard","has-post-thumbnail","hentry","category-nacionales-internacionales"],"yoast_head":"<!-- This site is optimized with the Yoast SEO plugin v26.1.1 - https:\/\/yoast.com\/wordpress\/plugins\/seo\/ -->\n<title>ESC\u00c1NDALO EN EL FESTIVAL NACIONAL DE LA PAPA EN VILLA DOLORES: \u201cME ROBARON LA ILUSI\u00d3N\u201d - Apuntes de San Luis<\/title>\n<meta name=\"robots\" content=\"index, follow, max-snippet:-1, max-image-preview:large, max-video-preview:-1\" \/>\n<link rel=\"canonical\" href=\"https:\/\/apuntesdesanluis.com\/index.php\/2025\/01\/15\/escandalo-en-el-festival-nacional-de-la-papa-en-villa-dolores-me-robaron-la-ilusion\/\" \/>\n<meta property=\"og:locale\" content=\"es_ES\" \/>\n<meta property=\"og:type\" content=\"article\" \/>\n<meta property=\"og:title\" content=\"ESC\u00c1NDALO EN EL FESTIVAL NACIONAL DE LA PAPA EN VILLA DOLORES: \u201cME ROBARON LA ILUSI\u00d3N\u201d - Apuntes de San Luis\" \/>\n<meta property=\"og:description\" content=\"Amira Oggas, oriunda de F\u00e1tima, critic\u00f3 a las autoridades de Villa Dolores, C\u00f3rdoba, en plena...\" \/>\n<meta property=\"og:url\" content=\"https:\/\/apuntesdesanluis.com\/index.php\/2025\/01\/15\/escandalo-en-el-festival-nacional-de-la-papa-en-villa-dolores-me-robaron-la-ilusion\/\" \/>\n<meta property=\"og:site_name\" content=\"Apuntes de San Luis\" \/>\n<meta property=\"article:published_time\" content=\"2025-01-15T22:21:40+00:00\" \/>\n<meta property=\"og:image\" content=\"https:\/\/apuntesdesanluis.com\/wp-content\/uploads\/2025\/01\/papa.png\" \/>\n\t<meta property=\"og:image:width\" content=\"797\" \/>\n\t<meta property=\"og:image:height\" content=\"490\" \/>\n\t<meta property=\"og:image:type\" content=\"image\/png\" \/>\n<meta name=\"author\" content=\"apuntesdesanluis.com\" \/>\n<meta name=\"twitter:card\" content=\"summary_large_image\" \/>\n<meta name=\"twitter:label1\" content=\"Escrito por\" \/>\n\t<meta name=\"twitter:data1\" content=\"apuntesdesanluis.com\" \/>\n\t<meta name=\"twitter:label2\" content=\"Tiempo de lectura\" \/>\n\t<meta name=\"twitter:data2\" content=\"4 minutos\" \/>\n<script type=\"application\/ld+json\" class=\"yoast-schema-graph\">{\"@context\":\"https:\/\/schema.org\",\"@graph\":[{\"@type\":\"Article\",\"@id\":\"https:\/\/apuntesdesanluis.com\/index.php\/2025\/01\/15\/escandalo-en-el-festival-nacional-de-la-papa-en-villa-dolores-me-robaron-la-ilusion\/#article\",\"isPartOf\":{\"@id\":\"https:\/\/apuntesdesanluis.com\/index.php\/2025\/01\/15\/escandalo-en-el-festival-nacional-de-la-papa-en-villa-dolores-me-robaron-la-ilusion\/\"},\"author\":{\"name\":\"apuntesdesanluis.com\",\"@id\":\"https:\/\/apuntesdesanluis.com\/#\/schema\/person\/b55151d52296fcce64d1a72538a70b90\"},\"headline\":\"ESC\u00c1NDALO EN EL FESTIVAL NACIONAL DE LA PAPA EN VILLA DOLORES: \u201cME ROBARON LA ILUSI\u00d3N\u201d\",\"datePublished\":\"2025-01-15T22:21:40+00:00\",\"mainEntityOfPage\":{\"@id\":\"https:\/\/apuntesdesanluis.com\/index.php\/2025\/01\/15\/escandalo-en-el-festival-nacional-de-la-papa-en-villa-dolores-me-robaron-la-ilusion\/\"},\"wordCount\":713,\"publisher\":{\"@id\":\"https:\/\/apuntesdesanluis.com\/#\/schema\/person\/b55151d52296fcce64d1a72538a70b90\"},\"image\":{\"@id\":\"https:\/\/apuntesdesanluis.com\/index.php\/2025\/01\/15\/escandalo-en-el-festival-nacional-de-la-papa-en-villa-dolores-me-robaron-la-ilusion\/#primaryimage\"},\"thumbnailUrl\":\"https:\/\/apuntesdesanluis.com\/wp-content\/uploads\/2025\/01\/papa.png\",\"articleSection\":[\"Nacionales\/Internacionales\"],\"inLanguage\":\"es-AR\"},{\"@type\":\"WebPage\",\"@id\":\"https:\/\/apuntesdesanluis.com\/index.php\/2025\/01\/15\/escandalo-en-el-festival-nacional-de-la-papa-en-villa-dolores-me-robaron-la-ilusion\/\",\"url\":\"https:\/\/apuntesdesanluis.com\/index.php\/2025\/01\/15\/escandalo-en-el-festival-nacional-de-la-papa-en-villa-dolores-me-robaron-la-ilusion\/\",\"name\":\"ESC\u00c1NDALO EN EL FESTIVAL NACIONAL DE LA PAPA EN VILLA DOLORES: \u201cME ROBARON LA ILUSI\u00d3N\u201d - Apuntes de San Luis\",\"isPartOf\":{\"@id\":\"https:\/\/apuntesdesanluis.com\/#website\"},\"primaryImageOfPage\":{\"@id\":\"https:\/\/apuntesdesanluis.com\/index.php\/2025\/01\/15\/escandalo-en-el-festival-nacional-de-la-papa-en-villa-dolores-me-robaron-la-ilusion\/#primaryimage\"},\"image\":{\"@id\":\"https:\/\/apuntesdesanluis.com\/index.php\/2025\/01\/15\/escandalo-en-el-festival-nacional-de-la-papa-en-villa-dolores-me-robaron-la-ilusion\/#primaryimage\"},\"thumbnailUrl\":\"https:\/\/apuntesdesanluis.com\/wp-content\/uploads\/2025\/01\/papa.png\",\"datePublished\":\"2025-01-15T22:21:40+00:00\",\"breadcrumb\":{\"@id\":\"https:\/\/apuntesdesanluis.com\/index.php\/2025\/01\/15\/escandalo-en-el-festival-nacional-de-la-papa-en-villa-dolores-me-robaron-la-ilusion\/#breadcrumb\"},\"inLanguage\":\"es-AR\",\"potentialAction\":[{\"@type\":\"ReadAction\",\"target\":[\"https:\/\/apuntesdesanluis.com\/index.php\/2025\/01\/15\/escandalo-en-el-festival-nacional-de-la-papa-en-villa-dolores-me-robaron-la-ilusion\/\"]}]},{\"@type\":\"ImageObject\",\"inLanguage\":\"es-AR\",\"@id\":\"https:\/\/apuntesdesanluis.com\/index.php\/2025\/01\/15\/escandalo-en-el-festival-nacional-de-la-papa-en-villa-dolores-me-robaron-la-ilusion\/#primaryimage\",\"url\":\"https:\/\/apuntesdesanluis.com\/wp-content\/uploads\/2025\/01\/papa.png\",\"contentUrl\":\"https:\/\/apuntesdesanluis.com\/wp-content\/uploads\/2025\/01\/papa.png\",\"width\":797,\"height\":490},{\"@type\":\"BreadcrumbList\",\"@id\":\"https:\/\/apuntesdesanluis.com\/index.php\/2025\/01\/15\/escandalo-en-el-festival-nacional-de-la-papa-en-villa-dolores-me-robaron-la-ilusion\/#breadcrumb\",\"itemListElement\":[{\"@type\":\"ListItem\",\"position\":1,\"name\":\"Inicio\",\"item\":\"https:\/\/apuntesdesanluis.com\/\"},{\"@type\":\"ListItem\",\"position\":2,\"name\":\"ESC\u00c1NDALO EN EL FESTIVAL NACIONAL DE LA PAPA EN VILLA DOLORES: \u201cME ROBARON LA ILUSI\u00d3N\u201d\"}]},{\"@type\":\"WebSite\",\"@id\":\"https:\/\/apuntesdesanluis.com\/#website\",\"url\":\"https:\/\/apuntesdesanluis.com\/\",\"name\":\"Apuntes de San Luis\",\"description\":\"\",\"publisher\":{\"@id\":\"https:\/\/apuntesdesanluis.com\/#\/schema\/person\/b55151d52296fcce64d1a72538a70b90\"},\"potentialAction\":[{\"@type\":\"SearchAction\",\"target\":{\"@type\":\"EntryPoint\",\"urlTemplate\":\"https:\/\/apuntesdesanluis.com\/?s={search_term_string}\"},\"query-input\":{\"@type\":\"PropertyValueSpecification\",\"valueRequired\":true,\"valueName\":\"search_term_string\"}}],\"inLanguage\":\"es-AR\"},{\"@type\":[\"Person\",\"Organization\"],\"@id\":\"https:\/\/apuntesdesanluis.com\/#\/schema\/person\/b55151d52296fcce64d1a72538a70b90\",\"name\":\"apuntesdesanluis.com\",\"image\":{\"@type\":\"ImageObject\",\"inLanguage\":\"es-AR\",\"@id\":\"https:\/\/apuntesdesanluis.com\/#\/schema\/person\/image\/\",\"url\":\"https:\/\/apuntesdesanluis.com\/wp-content\/uploads\/2023\/07\/cropped-apuntesdesanluis.png\",\"contentUrl\":\"https:\/\/apuntesdesanluis.com\/wp-content\/uploads\/2023\/07\/cropped-apuntesdesanluis.png\",\"width\":450,\"height\":112,\"caption\":\"apuntesdesanluis.com\"},\"logo\":{\"@id\":\"https:\/\/apuntesdesanluis.com\/#\/schema\/person\/image\/\"},\"sameAs\":[\"https:\/\/apuntesdesanluis.com\"],\"url\":\"https:\/\/apuntesdesanluis.com\/index.php\/author\/apuntesdesanluis-com\/\"}]}<\/script>\n<!-- \/ Yoast SEO plugin. -->","yoast_head_json":{"title":"ESC\u00c1NDALO EN EL FESTIVAL NACIONAL DE LA PAPA EN VILLA DOLORES: \u201cME ROBARON LA ILUSI\u00d3N\u201d - Apuntes de San Luis","robots":{"index":"index","follow":"follow","max-snippet":"max-snippet:-1","max-image-preview":"max-image-preview:large","max-video-preview":"max-video-preview:-1"},"canonical":"https:\/\/apuntesdesanluis.com\/index.php\/2025\/01\/15\/escandalo-en-el-festival-nacional-de-la-papa-en-villa-dolores-me-robaron-la-ilusion\/","og_locale":"es_ES","og_type":"article","og_title":"ESC\u00c1NDALO EN EL FESTIVAL NACIONAL DE LA PAPA EN VILLA DOLORES: \u201cME ROBARON LA ILUSI\u00d3N\u201d - Apuntes de San Luis","og_description":"Amira Oggas, oriunda de F\u00e1tima, critic\u00f3 a las autoridades de Villa Dolores, C\u00f3rdoba, en plena...","og_url":"https:\/\/apuntesdesanluis.com\/index.php\/2025\/01\/15\/escandalo-en-el-festival-nacional-de-la-papa-en-villa-dolores-me-robaron-la-ilusion\/","og_site_name":"Apuntes de San Luis","article_published_time":"2025-01-15T22:21:40+00:00","og_image":[{"width":797,"height":490,"url":"https:\/\/apuntesdesanluis.com\/wp-content\/uploads\/2025\/01\/papa.png","type":"image\/png"}],"author":"apuntesdesanluis.com","twitter_card":"summary_large_image","twitter_misc":{"Escrito por":"apuntesdesanluis.com","Tiempo de lectura":"4 minutos"},"schema":{"@context":"https:\/\/schema.org","@graph":[{"@type":"Article","@id":"https:\/\/apuntesdesanluis.com\/index.php\/2025\/01\/15\/escandalo-en-el-festival-nacional-de-la-papa-en-villa-dolores-me-robaron-la-ilusion\/#article","isPartOf":{"@id":"https:\/\/apuntesdesanluis.com\/index.php\/2025\/01\/15\/escandalo-en-el-festival-nacional-de-la-papa-en-villa-dolores-me-robaron-la-ilusion\/"},"author":{"name":"apuntesdesanluis.com","@id":"https:\/\/apuntesdesanluis.com\/#\/schema\/person\/b55151d52296fcce64d1a72538a70b90"},"headline":"ESC\u00c1NDALO EN EL FESTIVAL NACIONAL DE LA PAPA EN VILLA DOLORES: \u201cME ROBARON LA ILUSI\u00d3N\u201d","datePublished":"2025-01-15T22:21:40+00:00","mainEntityOfPage":{"@id":"https:\/\/apuntesdesanluis.com\/index.php\/2025\/01\/15\/escandalo-en-el-festival-nacional-de-la-papa-en-villa-dolores-me-robaron-la-ilusion\/"},"wordCount":713,"publisher":{"@id":"https:\/\/apuntesdesanluis.com\/#\/schema\/person\/b55151d52296fcce64d1a72538a70b90"},"image":{"@id":"https:\/\/apuntesdesanluis.com\/index.php\/2025\/01\/15\/escandalo-en-el-festival-nacional-de-la-papa-en-villa-dolores-me-robaron-la-ilusion\/#primaryimage"},"thumbnailUrl":"https:\/\/apuntesdesanluis.com\/wp-content\/uploads\/2025\/01\/papa.png","articleSection":["Nacionales\/Internacionales"],"inLanguage":"es-AR"},{"@type":"WebPage","@id":"https:\/\/apuntesdesanluis.com\/index.php\/2025\/01\/15\/escandalo-en-el-festival-nacional-de-la-papa-en-villa-dolores-me-robaron-la-ilusion\/","url":"https:\/\/apuntesdesanluis.com\/index.php\/2025\/01\/15\/escandalo-en-el-festival-nacional-de-la-papa-en-villa-dolores-me-robaron-la-ilusion\/","name":"ESC\u00c1NDALO EN EL FESTIVAL NACIONAL DE LA PAPA EN VILLA DOLORES: \u201cME ROBARON LA ILUSI\u00d3N\u201d - Apuntes de San Luis","isPartOf":{"@id":"https:\/\/apuntesdesanluis.com\/#website"},"primaryImageOfPage":{"@id":"https:\/\/apuntesdesanluis.com\/index.php\/2025\/01\/15\/escandalo-en-el-festival-nacional-de-la-papa-en-villa-dolores-me-robaron-la-ilusion\/#primaryimage"},"image":{"@id":"https:\/\/apuntesdesanluis.com\/index.php\/2025\/01\/15\/escandalo-en-el-festival-nacional-de-la-papa-en-villa-dolores-me-robaron-la-ilusion\/#primaryimage"},"thumbnailUrl":"https:\/\/apuntesdesanluis.com\/wp-content\/uploads\/2025\/01\/papa.png","datePublished":"2025-01-15T22:21:40+00:00","breadcrumb":{"@id":"https:\/\/apuntesdesanluis.com\/index.php\/2025\/01\/15\/escandalo-en-el-festival-nacional-de-la-papa-en-villa-dolores-me-robaron-la-ilusion\/#breadcrumb"},"inLanguage":"es-AR","potentialAction":[{"@type":"ReadAction","target":["https:\/\/apuntesdesanluis.com\/index.php\/2025\/01\/15\/escandalo-en-el-festival-nacional-de-la-papa-en-villa-dolores-me-robaron-la-ilusion\/"]}]},{"@type":"ImageObject","inLanguage":"es-AR","@id":"https:\/\/apuntesdesanluis.com\/index.php\/2025\/01\/15\/escandalo-en-el-festival-nacional-de-la-papa-en-villa-dolores-me-robaron-la-ilusion\/#primaryimage","url":"https:\/\/apuntesdesanluis.com\/wp-content\/uploads\/2025\/01\/papa.png","contentUrl":"https:\/\/apuntesdesanluis.com\/wp-content\/uploads\/2025\/01\/papa.png","width":797,"height":490},{"@type":"BreadcrumbList","@id":"https:\/\/apuntesdesanluis.com\/index.php\/2025\/01\/15\/escandalo-en-el-festival-nacional-de-la-papa-en-villa-dolores-me-robaron-la-ilusion\/#breadcrumb","itemListElement":[{"@type":"ListItem","position":1,"name":"Inicio","item":"https:\/\/apuntesdesanluis.com\/"},{"@type":"ListItem","position":2,"name":"ESC\u00c1NDALO EN EL FESTIVAL NACIONAL DE LA PAPA EN VILLA DOLORES: \u201cME ROBARON LA ILUSI\u00d3N\u201d"}]},{"@type":"WebSite","@id":"https:\/\/apuntesdesanluis.com\/#website","url":"https:\/\/apuntesdesanluis.com\/","name":"Apuntes de San Luis","description":"","publisher":{"@id":"https:\/\/apuntesdesanluis.com\/#\/schema\/person\/b55151d52296fcce64d1a72538a70b90"},"potentialAction":[{"@type":"SearchAction","target":{"@type":"EntryPoint","urlTemplate":"https:\/\/apuntesdesanluis.com\/?s={search_term_string}"},"query-input":{"@type":"PropertyValueSpecification","valueRequired":true,"valueName":"search_term_string"}}],"inLanguage":"es-AR"},{"@type":["Person","Organization"],"@id":"https:\/\/apuntesdesanluis.com\/#\/schema\/person\/b55151d52296fcce64d1a72538a70b90","name":"apuntesdesanluis.com","image":{"@type":"ImageObject","inLanguage":"es-AR","@id":"https:\/\/apuntesdesanluis.com\/#\/schema\/person\/image\/","url":"https:\/\/apuntesdesanluis.com\/wp-content\/uploads\/2023\/07\/cropped-apuntesdesanluis.png","contentUrl":"https:\/\/apuntesdesanluis.com\/wp-content\/uploads\/2023\/07\/cropped-apuntesdesanluis.png","width":450,"height":112,"caption":"apuntesdesanluis.com"},"logo":{"@id":"https:\/\/apuntesdesanluis.com\/#\/schema\/person\/image\/"},"sameAs":["https:\/\/apuntesdesanluis.com"],"url":"https:\/\/apuntesdesanluis.com\/index.php\/author\/apuntesdesanluis-com\/"}]}},"featured_image_urls":{"full":["https:\/\/apuntesdesanluis.com\/wp-content\/uploads\/2025\/01\/papa.png",797,490,false],"thumbnail":["https:\/\/apuntesdesanluis.com\/wp-content\/uploads\/2025\/01\/papa-150x150.png",150,150,true],"medium":["https:\/\/apuntesdesanluis.com\/wp-content\/uploads\/2025\/01\/papa-300x184.png",300,184,true],"medium_large":["https:\/\/apuntesdesanluis.com\/wp-content\/uploads\/2025\/01\/papa-768x472.png",640,393,true],"large":["https:\/\/apuntesdesanluis.com\/wp-content\/uploads\/2025\/01\/papa.png",640,393,false],"1536x1536":["https:\/\/apuntesdesanluis.com\/wp-content\/uploads\/2025\/01\/papa.png",797,490,false],"2048x2048":["https:\/\/apuntesdesanluis.com\/wp-content\/uploads\/2025\/01\/papa.png",797,490,false],"newsever-slider-full":["https:\/\/apuntesdesanluis.com\/wp-content\/uploads\/2025\/01\/papa.png",797,490,false],"newsever-featured":["https:\/\/apuntesdesanluis.com\/wp-content\/uploads\/2025\/01\/papa.png",797,490,false],"newsever-medium":["https:\/\/apuntesdesanluis.com\/wp-content\/uploads\/2025\/01\/papa-720x475.png",720,475,true]},"author_info":{"display_name":"apuntesdesanluis.com","author_link":"https:\/\/apuntesdesanluis.com\/index.php\/author\/apuntesdesanluis-com\/"},"category_info":"<a href=\"https:\/\/apuntesdesanluis.com\/index.php\/category\/nacionales-internacionales\/\" rel=\"category tag\">Nacionales\/Internacionales<\/a>","tag_info":"Nacionales\/Internacionales","comment_count":"0","_links":{"self":[{"href":"https:\/\/apuntesdesanluis.com\/index.php\/wp-json\/wp\/v2\/posts\/27792","targetHints":{"allow":["GET"]}}],"collection":[{"href":"https:\/\/apuntesdesanluis.com\/index.php\/wp-json\/wp\/v2\/posts"}],"about":[{"href":"https:\/\/apuntesdesanluis.com\/index.php\/wp-json\/wp\/v2\/types\/post"}],"author":[{"embeddable":true,"href":"https:\/\/apuntesdesanluis.com\/index.php\/wp-json\/wp\/v2\/users\/1"}],"replies":[{"embeddable":true,"href":"https:\/\/apuntesdesanluis.com\/index.php\/wp-json\/wp\/v2\/comments?post=27792"}],"version-history":[{"count":1,"href":"https:\/\/apuntesdesanluis.com\/index.php\/wp-json\/wp\/v2\/posts\/27792\/revisions"}],"predecessor-version":[{"id":27794,"href":"https:\/\/apuntesdesanluis.com\/index.php\/wp-json\/wp\/v2\/posts\/27792\/revisions\/27794"}],"wp:featuredmedia":[{"embeddable":true,"href":"https:\/\/apuntesdesanluis.com\/index.php\/wp-json\/wp\/v2\/media\/27793"}],"wp:attachment":[{"href":"https:\/\/apuntesdesanluis.com\/index.php\/wp-json\/wp\/v2\/media?parent=27792"}],"wp:term":[{"taxonomy":"category","embeddable":true,"href":"https:\/\/apuntesdesanluis.com\/index.php\/wp-json\/wp\/v2\/categories?post=27792"},{"taxonomy":"post_tag","embeddable":true,"href":"https:\/\/apuntesdesanluis.com\/index.php\/wp-json\/wp\/v2\/tags?post=27792"}],"curies":[{"name":"wp","href":"https:\/\/api.w.org\/{rel}","templated":true}]}}