{"id":278,"date":"2023-07-23T23:14:32","date_gmt":"2023-07-24T02:14:32","guid":{"rendered":"https:\/\/apuntesdesanluis.com\/?p=278"},"modified":"2023-07-23T23:16:31","modified_gmt":"2023-07-24T02:16:31","slug":"de-loredo-reconocio-derrota-en-cordoba-los-hice-venir-al-pedo","status":"publish","type":"post","link":"https:\/\/apuntesdesanluis.com\/index.php\/2023\/07\/23\/de-loredo-reconocio-derrota-en-cordoba-los-hice-venir-al-pedo\/","title":{"rendered":"DE LOREDO RECONOCI\u00d3 LA DERROTA EN C\u00d3RDOBA: LOS HICE VENIR AL PEDO&#8230;"},"content":{"rendered":"<h3>Pasadas las 21.20 el diputado nacional radical <strong>Rodrigo de Loredo<\/strong> admiti\u00f3 el triunfo del peronista <strong>Daniel Passerini<\/strong> (Hacemos Unidos por C\u00f3rdoba), en una foto conjunta amarga para Juntos por el Cambio, con un pelot\u00f3n de referentes nacionales de la coalici\u00f3n in situ, inclu\u00eddos <strong>Horacio Rodr\u00edguez Larreta<\/strong> y <strong>Patricia Bullrich<\/strong>. La participaci\u00f3n fue baja: apenas rond\u00f3 el 60%.<\/h3>\n<h3>Cerca de las 21.20 De Loredo reconoci\u00f3 la derrota, cuando a\u00fan no estaban cargados los primeros resultados oficiales en la p\u00e1gina de la Justicia Electoral. Apel\u00f3 para eso a los datos propios del centro de c\u00f3mputos de JxC. &#8220;Queremos ante todo reconocer un triunfo y saludar a qui\u00e9n va a ser el pr\u00f3ximo intendente de la ciudad de C\u00f3rdoba, Daniel Passerini\u201d, dijo. Fue un baldazo de agua fr\u00eda.<\/h3>\n<p><img fetchpriority=\"high\" decoding=\"async\" class=\"wp-image-280 aligncenter\" src=\"https:\/\/apuntesdesanluis.com\/wp-content\/uploads\/2023\/07\/de-loredo-300x181.png\" alt=\"\" width=\"690\" height=\"416\" srcset=\"https:\/\/apuntesdesanluis.com\/wp-content\/uploads\/2023\/07\/de-loredo-300x181.png 300w, https:\/\/apuntesdesanluis.com\/wp-content\/uploads\/2023\/07\/de-loredo-768x463.png 768w, https:\/\/apuntesdesanluis.com\/wp-content\/uploads\/2023\/07\/de-loredo.png 944w\" sizes=\"(max-width: 690px) 100vw, 690px\" \/><\/p>\n<h3>Los primeros datos oficiales fueron cargados reci\u00e9n poco despu\u00e9s de las 21.35. Con 26,03% de las mesas escrutadas, la f\u00f3rmula de Passerini y el extitular del PRO cordob\u00e9s, Javier Pretto obtienen el 47.33% de los sufragios, contra el 40,76% del tandem de De Loredo y su par del PRO, Soher El Sukaria. Lejos de ese duelo polarizado se ubica Laura Vilches (FIT-U), con el 2,87%.<\/h3>\n<h3>El voto en blanco queda en s\u00e9ptimo lugar (1,42%), mientras que la participaci\u00f3n se ubic\u00f3 apenas por debajo del 60%, en muy alto nivel de ausentismo.<\/h3>\n<h3>A tono con la fuerte atenci\u00f3n que genera la elecci\u00f3n por sus ecos provinciales y nacionales, cerca de las 19 pisaron el b\u00fanker de JxC el precandidato a vicepresidente de Horacio Rodr\u00edguez Larreta, el radical Gerardo Morales, y una de las espadas a jefe de Gobierno porte\u00f1o, Mart\u00edn Lousteau, l\u00edder del espacio Evoluci\u00f3n Radical al que adscribe De Loredo.<\/h3>\n<h3>Luego desembarc\u00f3 tambi\u00e9n en tierra cordobesa la precandidata presidencial de la coalici\u00f3n opositora Patricia Bullrich, lo mismo que Rodr\u00edguez Larreta, quien lleg\u00f3 al b\u00fanker cerca de las 20. Tambi\u00e9n lo hizo el gobernador correntino Gustavo Vald\u00e9s. Pero la foto final fue finalmente amarga en la sede del espacio en el Alto Bot\u00e1nico de Chancay al 600, en el oeste capitalino.<\/h3>\n<h3>M\u00e1s all\u00e1 de ese febril desfile, en la sede de Hacemos Unidos por C\u00f3rdoba instalada en el Hotel Qu\u00f3rum ya agitaban pasadas las 20 el dato de que manejan &#8220;n\u00fameros muy pero muy positivos&#8221;, en medio de se\u00f1ales de algarab\u00eda.<\/h3>\n<h3>Hacemos Unidos por C\u00f3rdoba encest\u00f3 as\u00ed un doble con una diferencia de cerca de un mes: viene de festejar el pasado 25 de junio el triunfo de Llaryora sobre el candidato de JxC, Luis Juez, y se transform\u00f3 en el sucesor desde diciembre del gobernador Juan Schiaretti.<\/h3>\n<h3>Passerini logr\u00f3 superar el desaf\u00edo de retener el poder en la capital, en una plaza con un electorado donde pesa fuerte el radicalismo pero en la que hab\u00eda logrado imponerse en 2019 Llaryora. El antecedente que dej\u00f3 la compulsa del 25-J hab\u00eda ido en ese sentido, cuando en la capital la brecha entre el gobernador electo y Juez \u2013de estrechos 3,3%- se ampli\u00f3 a casi 8 puntos.<\/h3>\n<h3>En clave de plebiscito, HUxC apoy\u00f3 parte de su campa\u00f1a en los logros de gesti\u00f3n de Llaryora -Passerini es su vice- y del trabajo conjunto con Schiaretti (ambos dirigentes cuentan con alta imagen positiva), en un esquema que apuestan a continuar. La estrategia funcion\u00f3.<\/h3>\n<h3>Por su parte, Schiaretti sum\u00f3 un apetecible resultado en el marco de su campa\u00f1a presidencial de cara a las PASO (en dupla con Florencio Randazzo) y desde la cual en las \u00faltimas horas brind\u00f3 nuevas se\u00f1ales sobre un potencial acercamiento con el sector blando de JxC encarnado por Rodr\u00edguez Larreta.<\/h3>\n<h3>En la otra vereda, desde JxC no lograron sumar a la capital cordobesa al hilo de triunfos de Claudio Poggi en San Luis y de Marcelo Orrego en San Juan, adem\u00e1s del lustosista Maximiliano Pullaro en las PASO santafesinas de hace una semana (previamente se impuso tambi\u00e9n como fuerza la coalici\u00f3n en las primarias de Chaco). Cosechas con amplio saldo a favor de Larreta por sobre Bullrich.<\/h3>\n<h3>La coalici\u00f3n tampo pudo celebrar su tercer cambio de signo pol\u00edtico en una capital este a\u00f1o, tras arrebatarle al peronismo las ciudades de San Juan (el 14 de mayo) y de San Luis (el 11 de junio).<\/h3>\n<h3>Tras el cierre de la votaci\u00f3n las miradas de propios y ajenos se dirigieron -con lupa redoblada- al escrutinio provisorio, sobre todo luego del tenso recuento de los comicios provinciales del pasado 25 de junio, signado por las fallas t\u00e9cnicas en lo que fue el defectuoso debut del sistema Turing de carga y transmisi\u00f3n de datos electorales desde las escuelas.<\/h3>\n<h3>Como aquel domingo que deriv\u00f3 en la victoria de Llaryora sobre Luis Juez (JxC) por ajustados 3,3 puntos, en esta oportunidad tambi\u00e9n se vot\u00f3 con Boleta \u00danica de Sufragio (BUS). Pero no aplicaron en cambio el cuestionado sistema y volvieron al formato tradicional de conteo.<\/h3>\n<h3>La previa de este domingo incluy\u00f3 ya un protagonismo no buscado por parte de la Justicia Electoral municipal, luego de una pol\u00e9mica publicaci\u00f3n que incluy\u00f3 el recordatorio de que el voto es obligatorio pero tambi\u00e9n la definici\u00f3n de que no habr\u00e1 sanciones para quienes no sufraguen. Desde la oposici\u00f3n cuestionaron la medida y advirtieron que desalienta la participaci\u00f3n, un escenario que suelen beneficiar a los oficialismos (desde donde tambi\u00e9n cuestionaron en rigor la solicitada).<\/h3>\n<h3>Pasadas las 15 desde Junta Electoral municipal confirmaron que la participaci\u00f3n rondaba cerca del 40%, del padr\u00f3n, lejos a priori del cerca del 68% de la votaci\u00f3n a gobernador de hace un mes.<\/h3>\n<h3>Fue en el marco de una jornada donde pes\u00f3 fuerte adem\u00e1s el clima agradable y el \u00faltimo d\u00eda de las vacaciones de invierno escolares, con shoppings y centros comerciales repletos y muchos ciudadanos adem\u00e1s en clave de retorno tras unos d\u00edas de descanso. \u201cFlojo nivel de participaci\u00f3n, deber\u00eda repuntar\u201d, dijeron en horas de la siesta cordobesa desde filas de la oposici\u00f3n, frente a un fen\u00f3meno que beneficia a los oficialismos por su mayor estructura.<\/h3>\n<h3>Desde la coalici\u00f3n opositora brot\u00f3 un corte durante la tarde que mostr\u00f3 a De Loredo por encima de Passerini por unos siete puntos, mientras que desde el oficialismo agitaron otro con Passerini arriba por 2,5 puntos. Pero en general prim\u00f3 la cautela y el hermetismo en ambas veredas y se escuch\u00f3 en repetidas oportunidades la calificaci\u00f3n de \u201cfinal abierto\u201d.<\/h3>\n<h3>La apuesta en juego en la estrat\u00e9gica plaza, que re\u00fane cerca del 40% del electorado provincial, excedi\u00f3 las fronteras municipales, m\u00e1s all\u00e1 de la definici\u00f3n concreta que arrojar\u00e1n las urnas sobre los cargos en disputa: el nuevo alcalde y su vice, 31 concejales (y 10 suplentes) y cinco tribunos de cuentas.<\/h3>\n","protected":false},"excerpt":{"rendered":"<p>Pasadas las 21.20 el diputado nacional radical Rodrigo de Loredo admiti\u00f3 el triunfo del peronista&#8230;<\/p>\n","protected":false},"author":1,"featured_media":279,"comment_status":"closed","ping_status":"closed","sticky":false,"template":"","format":"standard","meta":{"footnotes":""},"categories":[5],"tags":[],"class_list":["post-278","post","type-post","status-publish","format-standard","has-post-thumbnail","hentry","category-nacionales-internacionales"],"yoast_head":"<!-- This site is optimized with the Yoast SEO plugin v26.1.1 - https:\/\/yoast.com\/wordpress\/plugins\/seo\/ -->\n<title>DE LOREDO RECONOCI\u00d3 LA DERROTA EN C\u00d3RDOBA: LOS HICE VENIR AL PEDO... - Apuntes de San Luis<\/title>\n<meta name=\"robots\" content=\"index, follow, max-snippet:-1, max-image-preview:large, max-video-preview:-1\" \/>\n<link rel=\"canonical\" href=\"https:\/\/apuntesdesanluis.com\/index.php\/2023\/07\/23\/de-loredo-reconocio-derrota-en-cordoba-los-hice-venir-al-pedo\/\" \/>\n<meta property=\"og:locale\" content=\"es_ES\" \/>\n<meta property=\"og:type\" content=\"article\" \/>\n<meta property=\"og:title\" content=\"DE LOREDO RECONOCI\u00d3 LA DERROTA EN C\u00d3RDOBA: LOS HICE VENIR AL PEDO... - Apuntes de San Luis\" \/>\n<meta property=\"og:description\" content=\"Pasadas las 21.20 el diputado nacional radical Rodrigo de Loredo admiti\u00f3 el triunfo del peronista...\" \/>\n<meta property=\"og:url\" content=\"https:\/\/apuntesdesanluis.com\/index.php\/2023\/07\/23\/de-loredo-reconocio-derrota-en-cordoba-los-hice-venir-al-pedo\/\" \/>\n<meta property=\"og:site_name\" content=\"Apuntes de San Luis\" \/>\n<meta property=\"article:published_time\" content=\"2023-07-24T02:14:32+00:00\" \/>\n<meta property=\"article:modified_time\" content=\"2023-07-24T02:16:31+00:00\" \/>\n<meta property=\"og:image\" content=\"https:\/\/apuntesdesanluis.com\/wp-content\/uploads\/2023\/07\/paserini.png\" \/>\n\t<meta property=\"og:image:width\" content=\"796\" \/>\n\t<meta property=\"og:image:height\" content=\"485\" \/>\n\t<meta property=\"og:image:type\" content=\"image\/png\" \/>\n<meta name=\"author\" content=\"apuntesdesanluis.com\" \/>\n<meta name=\"twitter:card\" content=\"summary_large_image\" \/>\n<meta name=\"twitter:label1\" content=\"Escrito por\" \/>\n\t<meta name=\"twitter:data1\" content=\"apuntesdesanluis.com\" \/>\n\t<meta name=\"twitter:label2\" content=\"Tiempo de lectura\" \/>\n\t<meta name=\"twitter:data2\" content=\"6 minutos\" \/>\n<script type=\"application\/ld+json\" class=\"yoast-schema-graph\">{\"@context\":\"https:\/\/schema.org\",\"@graph\":[{\"@type\":\"Article\",\"@id\":\"https:\/\/apuntesdesanluis.com\/index.php\/2023\/07\/23\/de-loredo-reconocio-derrota-en-cordoba-los-hice-venir-al-pedo\/#article\",\"isPartOf\":{\"@id\":\"https:\/\/apuntesdesanluis.com\/index.php\/2023\/07\/23\/de-loredo-reconocio-derrota-en-cordoba-los-hice-venir-al-pedo\/\"},\"author\":{\"name\":\"apuntesdesanluis.com\",\"@id\":\"https:\/\/apuntesdesanluis.com\/#\/schema\/person\/b55151d52296fcce64d1a72538a70b90\"},\"headline\":\"DE LOREDO RECONOCI\u00d3 LA DERROTA EN C\u00d3RDOBA: LOS HICE VENIR AL PEDO&#8230;\",\"datePublished\":\"2023-07-24T02:14:32+00:00\",\"dateModified\":\"2023-07-24T02:16:31+00:00\",\"mainEntityOfPage\":{\"@id\":\"https:\/\/apuntesdesanluis.com\/index.php\/2023\/07\/23\/de-loredo-reconocio-derrota-en-cordoba-los-hice-venir-al-pedo\/\"},\"wordCount\":1152,\"publisher\":{\"@id\":\"https:\/\/apuntesdesanluis.com\/#\/schema\/person\/b55151d52296fcce64d1a72538a70b90\"},\"image\":{\"@id\":\"https:\/\/apuntesdesanluis.com\/index.php\/2023\/07\/23\/de-loredo-reconocio-derrota-en-cordoba-los-hice-venir-al-pedo\/#primaryimage\"},\"thumbnailUrl\":\"https:\/\/apuntesdesanluis.com\/wp-content\/uploads\/2023\/07\/paserini.png\",\"articleSection\":[\"Nacionales\/Internacionales\"],\"inLanguage\":\"es-AR\"},{\"@type\":\"WebPage\",\"@id\":\"https:\/\/apuntesdesanluis.com\/index.php\/2023\/07\/23\/de-loredo-reconocio-derrota-en-cordoba-los-hice-venir-al-pedo\/\",\"url\":\"https:\/\/apuntesdesanluis.com\/index.php\/2023\/07\/23\/de-loredo-reconocio-derrota-en-cordoba-los-hice-venir-al-pedo\/\",\"name\":\"DE LOREDO RECONOCI\u00d3 LA DERROTA EN C\u00d3RDOBA: LOS HICE VENIR AL PEDO... - Apuntes de San Luis\",\"isPartOf\":{\"@id\":\"https:\/\/apuntesdesanluis.com\/#website\"},\"primaryImageOfPage\":{\"@id\":\"https:\/\/apuntesdesanluis.com\/index.php\/2023\/07\/23\/de-loredo-reconocio-derrota-en-cordoba-los-hice-venir-al-pedo\/#primaryimage\"},\"image\":{\"@id\":\"https:\/\/apuntesdesanluis.com\/index.php\/2023\/07\/23\/de-loredo-reconocio-derrota-en-cordoba-los-hice-venir-al-pedo\/#primaryimage\"},\"thumbnailUrl\":\"https:\/\/apuntesdesanluis.com\/wp-content\/uploads\/2023\/07\/paserini.png\",\"datePublished\":\"2023-07-24T02:14:32+00:00\",\"dateModified\":\"2023-07-24T02:16:31+00:00\",\"breadcrumb\":{\"@id\":\"https:\/\/apuntesdesanluis.com\/index.php\/2023\/07\/23\/de-loredo-reconocio-derrota-en-cordoba-los-hice-venir-al-pedo\/#breadcrumb\"},\"inLanguage\":\"es-AR\",\"potentialAction\":[{\"@type\":\"ReadAction\",\"target\":[\"https:\/\/apuntesdesanluis.com\/index.php\/2023\/07\/23\/de-loredo-reconocio-derrota-en-cordoba-los-hice-venir-al-pedo\/\"]}]},{\"@type\":\"ImageObject\",\"inLanguage\":\"es-AR\",\"@id\":\"https:\/\/apuntesdesanluis.com\/index.php\/2023\/07\/23\/de-loredo-reconocio-derrota-en-cordoba-los-hice-venir-al-pedo\/#primaryimage\",\"url\":\"https:\/\/apuntesdesanluis.com\/wp-content\/uploads\/2023\/07\/paserini.png\",\"contentUrl\":\"https:\/\/apuntesdesanluis.com\/wp-content\/uploads\/2023\/07\/paserini.png\",\"width\":796,\"height\":485},{\"@type\":\"BreadcrumbList\",\"@id\":\"https:\/\/apuntesdesanluis.com\/index.php\/2023\/07\/23\/de-loredo-reconocio-derrota-en-cordoba-los-hice-venir-al-pedo\/#breadcrumb\",\"itemListElement\":[{\"@type\":\"ListItem\",\"position\":1,\"name\":\"Inicio\",\"item\":\"https:\/\/apuntesdesanluis.com\/\"},{\"@type\":\"ListItem\",\"position\":2,\"name\":\"DE LOREDO RECONOCI\u00d3 LA DERROTA EN C\u00d3RDOBA: LOS HICE VENIR AL PEDO&#8230;\"}]},{\"@type\":\"WebSite\",\"@id\":\"https:\/\/apuntesdesanluis.com\/#website\",\"url\":\"https:\/\/apuntesdesanluis.com\/\",\"name\":\"Apuntes de San Luis\",\"description\":\"\",\"publisher\":{\"@id\":\"https:\/\/apuntesdesanluis.com\/#\/schema\/person\/b55151d52296fcce64d1a72538a70b90\"},\"potentialAction\":[{\"@type\":\"SearchAction\",\"target\":{\"@type\":\"EntryPoint\",\"urlTemplate\":\"https:\/\/apuntesdesanluis.com\/?s={search_term_string}\"},\"query-input\":{\"@type\":\"PropertyValueSpecification\",\"valueRequired\":true,\"valueName\":\"search_term_string\"}}],\"inLanguage\":\"es-AR\"},{\"@type\":[\"Person\",\"Organization\"],\"@id\":\"https:\/\/apuntesdesanluis.com\/#\/schema\/person\/b55151d52296fcce64d1a72538a70b90\",\"name\":\"apuntesdesanluis.com\",\"image\":{\"@type\":\"ImageObject\",\"inLanguage\":\"es-AR\",\"@id\":\"https:\/\/apuntesdesanluis.com\/#\/schema\/person\/image\/\",\"url\":\"https:\/\/apuntesdesanluis.com\/wp-content\/uploads\/2023\/07\/cropped-apuntesdesanluis.png\",\"contentUrl\":\"https:\/\/apuntesdesanluis.com\/wp-content\/uploads\/2023\/07\/cropped-apuntesdesanluis.png\",\"width\":450,\"height\":112,\"caption\":\"apuntesdesanluis.com\"},\"logo\":{\"@id\":\"https:\/\/apuntesdesanluis.com\/#\/schema\/person\/image\/\"},\"sameAs\":[\"https:\/\/apuntesdesanluis.com\"],\"url\":\"https:\/\/apuntesdesanluis.com\/index.php\/author\/apuntesdesanluis-com\/\"}]}<\/script>\n<!-- \/ Yoast SEO plugin. -->","yoast_head_json":{"title":"DE LOREDO RECONOCI\u00d3 LA DERROTA EN C\u00d3RDOBA: LOS HICE VENIR AL PEDO... - Apuntes de San Luis","robots":{"index":"index","follow":"follow","max-snippet":"max-snippet:-1","max-image-preview":"max-image-preview:large","max-video-preview":"max-video-preview:-1"},"canonical":"https:\/\/apuntesdesanluis.com\/index.php\/2023\/07\/23\/de-loredo-reconocio-derrota-en-cordoba-los-hice-venir-al-pedo\/","og_locale":"es_ES","og_type":"article","og_title":"DE LOREDO RECONOCI\u00d3 LA DERROTA EN C\u00d3RDOBA: LOS HICE VENIR AL PEDO... - Apuntes de San Luis","og_description":"Pasadas las 21.20 el diputado nacional radical Rodrigo de Loredo admiti\u00f3 el triunfo del peronista...","og_url":"https:\/\/apuntesdesanluis.com\/index.php\/2023\/07\/23\/de-loredo-reconocio-derrota-en-cordoba-los-hice-venir-al-pedo\/","og_site_name":"Apuntes de San Luis","article_published_time":"2023-07-24T02:14:32+00:00","article_modified_time":"2023-07-24T02:16:31+00:00","og_image":[{"width":796,"height":485,"url":"https:\/\/apuntesdesanluis.com\/wp-content\/uploads\/2023\/07\/paserini.png","type":"image\/png"}],"author":"apuntesdesanluis.com","twitter_card":"summary_large_image","twitter_misc":{"Escrito por":"apuntesdesanluis.com","Tiempo de lectura":"6 minutos"},"schema":{"@context":"https:\/\/schema.org","@graph":[{"@type":"Article","@id":"https:\/\/apuntesdesanluis.com\/index.php\/2023\/07\/23\/de-loredo-reconocio-derrota-en-cordoba-los-hice-venir-al-pedo\/#article","isPartOf":{"@id":"https:\/\/apuntesdesanluis.com\/index.php\/2023\/07\/23\/de-loredo-reconocio-derrota-en-cordoba-los-hice-venir-al-pedo\/"},"author":{"name":"apuntesdesanluis.com","@id":"https:\/\/apuntesdesanluis.com\/#\/schema\/person\/b55151d52296fcce64d1a72538a70b90"},"headline":"DE LOREDO RECONOCI\u00d3 LA DERROTA EN C\u00d3RDOBA: LOS HICE VENIR AL PEDO&#8230;","datePublished":"2023-07-24T02:14:32+00:00","dateModified":"2023-07-24T02:16:31+00:00","mainEntityOfPage":{"@id":"https:\/\/apuntesdesanluis.com\/index.php\/2023\/07\/23\/de-loredo-reconocio-derrota-en-cordoba-los-hice-venir-al-pedo\/"},"wordCount":1152,"publisher":{"@id":"https:\/\/apuntesdesanluis.com\/#\/schema\/person\/b55151d52296fcce64d1a72538a70b90"},"image":{"@id":"https:\/\/apuntesdesanluis.com\/index.php\/2023\/07\/23\/de-loredo-reconocio-derrota-en-cordoba-los-hice-venir-al-pedo\/#primaryimage"},"thumbnailUrl":"https:\/\/apuntesdesanluis.com\/wp-content\/uploads\/2023\/07\/paserini.png","articleSection":["Nacionales\/Internacionales"],"inLanguage":"es-AR"},{"@type":"WebPage","@id":"https:\/\/apuntesdesanluis.com\/index.php\/2023\/07\/23\/de-loredo-reconocio-derrota-en-cordoba-los-hice-venir-al-pedo\/","url":"https:\/\/apuntesdesanluis.com\/index.php\/2023\/07\/23\/de-loredo-reconocio-derrota-en-cordoba-los-hice-venir-al-pedo\/","name":"DE LOREDO RECONOCI\u00d3 LA DERROTA EN C\u00d3RDOBA: LOS HICE VENIR AL PEDO... - Apuntes de San Luis","isPartOf":{"@id":"https:\/\/apuntesdesanluis.com\/#website"},"primaryImageOfPage":{"@id":"https:\/\/apuntesdesanluis.com\/index.php\/2023\/07\/23\/de-loredo-reconocio-derrota-en-cordoba-los-hice-venir-al-pedo\/#primaryimage"},"image":{"@id":"https:\/\/apuntesdesanluis.com\/index.php\/2023\/07\/23\/de-loredo-reconocio-derrota-en-cordoba-los-hice-venir-al-pedo\/#primaryimage"},"thumbnailUrl":"https:\/\/apuntesdesanluis.com\/wp-content\/uploads\/2023\/07\/paserini.png","datePublished":"2023-07-24T02:14:32+00:00","dateModified":"2023-07-24T02:16:31+00:00","breadcrumb":{"@id":"https:\/\/apuntesdesanluis.com\/index.php\/2023\/07\/23\/de-loredo-reconocio-derrota-en-cordoba-los-hice-venir-al-pedo\/#breadcrumb"},"inLanguage":"es-AR","potentialAction":[{"@type":"ReadAction","target":["https:\/\/apuntesdesanluis.com\/index.php\/2023\/07\/23\/de-loredo-reconocio-derrota-en-cordoba-los-hice-venir-al-pedo\/"]}]},{"@type":"ImageObject","inLanguage":"es-AR","@id":"https:\/\/apuntesdesanluis.com\/index.php\/2023\/07\/23\/de-loredo-reconocio-derrota-en-cordoba-los-hice-venir-al-pedo\/#primaryimage","url":"https:\/\/apuntesdesanluis.com\/wp-content\/uploads\/2023\/07\/paserini.png","contentUrl":"https:\/\/apuntesdesanluis.com\/wp-content\/uploads\/2023\/07\/paserini.png","width":796,"height":485},{"@type":"BreadcrumbList","@id":"https:\/\/apuntesdesanluis.com\/index.php\/2023\/07\/23\/de-loredo-reconocio-derrota-en-cordoba-los-hice-venir-al-pedo\/#breadcrumb","itemListElement":[{"@type":"ListItem","position":1,"name":"Inicio","item":"https:\/\/apuntesdesanluis.com\/"},{"@type":"ListItem","position":2,"name":"DE LOREDO RECONOCI\u00d3 LA DERROTA EN C\u00d3RDOBA: LOS HICE VENIR AL PEDO&#8230;"}]},{"@type":"WebSite","@id":"https:\/\/apuntesdesanluis.com\/#website","url":"https:\/\/apuntesdesanluis.com\/","name":"Apuntes de San Luis","description":"","publisher":{"@id":"https:\/\/apuntesdesanluis.com\/#\/schema\/person\/b55151d52296fcce64d1a72538a70b90"},"potentialAction":[{"@type":"SearchAction","target":{"@type":"EntryPoint","urlTemplate":"https:\/\/apuntesdesanluis.com\/?s={search_term_string}"},"query-input":{"@type":"PropertyValueSpecification","valueRequired":true,"valueName":"search_term_string"}}],"inLanguage":"es-AR"},{"@type":["Person","Organization"],"@id":"https:\/\/apuntesdesanluis.com\/#\/schema\/person\/b55151d52296fcce64d1a72538a70b90","name":"apuntesdesanluis.com","image":{"@type":"ImageObject","inLanguage":"es-AR","@id":"https:\/\/apuntesdesanluis.com\/#\/schema\/person\/image\/","url":"https:\/\/apuntesdesanluis.com\/wp-content\/uploads\/2023\/07\/cropped-apuntesdesanluis.png","contentUrl":"https:\/\/apuntesdesanluis.com\/wp-content\/uploads\/2023\/07\/cropped-apuntesdesanluis.png","width":450,"height":112,"caption":"apuntesdesanluis.com"},"logo":{"@id":"https:\/\/apuntesdesanluis.com\/#\/schema\/person\/image\/"},"sameAs":["https:\/\/apuntesdesanluis.com"],"url":"https:\/\/apuntesdesanluis.com\/index.php\/author\/apuntesdesanluis-com\/"}]}},"featured_image_urls":{"full":["https:\/\/apuntesdesanluis.com\/wp-content\/uploads\/2023\/07\/paserini.png",796,485,false],"thumbnail":["https:\/\/apuntesdesanluis.com\/wp-content\/uploads\/2023\/07\/paserini-150x150.png",150,150,true],"medium":["https:\/\/apuntesdesanluis.com\/wp-content\/uploads\/2023\/07\/paserini-300x183.png",300,183,true],"medium_large":["https:\/\/apuntesdesanluis.com\/wp-content\/uploads\/2023\/07\/paserini-768x468.png",640,390,true],"large":["https:\/\/apuntesdesanluis.com\/wp-content\/uploads\/2023\/07\/paserini.png",640,390,false],"1536x1536":["https:\/\/apuntesdesanluis.com\/wp-content\/uploads\/2023\/07\/paserini.png",796,485,false],"2048x2048":["https:\/\/apuntesdesanluis.com\/wp-content\/uploads\/2023\/07\/paserini.png",796,485,false],"newsever-slider-full":["https:\/\/apuntesdesanluis.com\/wp-content\/uploads\/2023\/07\/paserini.png",796,485,false],"newsever-featured":["https:\/\/apuntesdesanluis.com\/wp-content\/uploads\/2023\/07\/paserini.png",796,485,false],"newsever-medium":["https:\/\/apuntesdesanluis.com\/wp-content\/uploads\/2023\/07\/paserini-720x475.png",720,475,true]},"author_info":{"display_name":"apuntesdesanluis.com","author_link":"https:\/\/apuntesdesanluis.com\/index.php\/author\/apuntesdesanluis-com\/"},"category_info":"<a href=\"https:\/\/apuntesdesanluis.com\/index.php\/category\/nacionales-internacionales\/\" rel=\"category tag\">Nacionales\/Internacionales<\/a>","tag_info":"Nacionales\/Internacionales","comment_count":"0","_links":{"self":[{"href":"https:\/\/apuntesdesanluis.com\/index.php\/wp-json\/wp\/v2\/posts\/278","targetHints":{"allow":["GET"]}}],"collection":[{"href":"https:\/\/apuntesdesanluis.com\/index.php\/wp-json\/wp\/v2\/posts"}],"about":[{"href":"https:\/\/apuntesdesanluis.com\/index.php\/wp-json\/wp\/v2\/types\/post"}],"author":[{"embeddable":true,"href":"https:\/\/apuntesdesanluis.com\/index.php\/wp-json\/wp\/v2\/users\/1"}],"replies":[{"embeddable":true,"href":"https:\/\/apuntesdesanluis.com\/index.php\/wp-json\/wp\/v2\/comments?post=278"}],"version-history":[{"count":4,"href":"https:\/\/apuntesdesanluis.com\/index.php\/wp-json\/wp\/v2\/posts\/278\/revisions"}],"predecessor-version":[{"id":284,"href":"https:\/\/apuntesdesanluis.com\/index.php\/wp-json\/wp\/v2\/posts\/278\/revisions\/284"}],"wp:featuredmedia":[{"embeddable":true,"href":"https:\/\/apuntesdesanluis.com\/index.php\/wp-json\/wp\/v2\/media\/279"}],"wp:attachment":[{"href":"https:\/\/apuntesdesanluis.com\/index.php\/wp-json\/wp\/v2\/media?parent=278"}],"wp:term":[{"taxonomy":"category","embeddable":true,"href":"https:\/\/apuntesdesanluis.com\/index.php\/wp-json\/wp\/v2\/categories?post=278"},{"taxonomy":"post_tag","embeddable":true,"href":"https:\/\/apuntesdesanluis.com\/index.php\/wp-json\/wp\/v2\/tags?post=278"}],"curies":[{"name":"wp","href":"https:\/\/api.w.org\/{rel}","templated":true}]}}