{"id":27813,"date":"2025-01-16T07:50:36","date_gmt":"2025-01-16T10:50:36","guid":{"rendered":"https:\/\/apuntesdesanluis.com\/?p=27813"},"modified":"2025-01-16T07:50:36","modified_gmt":"2025-01-16T10:50:36","slug":"venia-en-un-micro-desde-mendoza-y-fallecio-de-un-infarto","status":"publish","type":"post","link":"https:\/\/apuntesdesanluis.com\/index.php\/2025\/01\/16\/venia-en-un-micro-desde-mendoza-y-fallecio-de-un-infarto\/","title":{"rendered":"VEN\u00cdA EN UN MICRO DESDE MENDOZA Y FALLECI\u00d3 DE UN INFARTO"},"content":{"rendered":"<h3>La v\u00edctima es un hombre de aproximadamente 60 a\u00f1os, quien se descompuso en la tarde noche de ayer mi\u00e9rcoles, cuando viajaba en un micro de larga distancia y se encontraba a tan solo 7 kil\u00f3metros de Villa Mercedes.<\/h3>\n<h3>El colectivo, de la empresa Royal Ejecutivo, hab\u00eda partido desde Mendoza con destino a Buenos Aires.<\/h3>\n<h3>El pasajero comenz\u00f3 a descomponerse mientras el micro transitaba cerca de la localidad de Liborio Luna, lo que gener\u00f3 gran preocupaci\u00f3n entre los dem\u00e1s viajeros. Ante la emergencia, el personal del \u00f3mnibus alert\u00f3 r\u00e1pidamente al servicio m\u00e9dico SEMPRO, que se traslad\u00f3 al lugar. Sin embargo, al llegar y revisar al hombre, los m\u00e9dicos constataron que ya no presentaba signos vitales.<\/h3>\n<h3>El hombre viajaba acompa\u00f1ado por dos familiares, quienes, conmocionados por la noticia, recibieron atenci\u00f3n m\u00e9dica en el lugar. El \u00f3mnibus qued\u00f3 detenido en la terminal de Villa Mercedes mientras las autoridades realizaban las diligencias correspondientes. A\u00fan se espera la confirmaci\u00f3n oficial de las causas del fallecimiento, aunque extraoficialmente se se\u00f1ala que el hombre habr\u00eda sufrido un infarto.<\/h3>\n<p>&nbsp;<\/p>\n<p>&nbsp;<\/p>\n<p>&nbsp;<\/p>\n","protected":false},"excerpt":{"rendered":"<p>La v\u00edctima es un hombre de aproximadamente 60 a\u00f1os, quien se descompuso en la tarde&#8230;<\/p>\n","protected":false},"author":1,"featured_media":27814,"comment_status":"closed","ping_status":"closed","sticky":false,"template":"","format":"standard","meta":{"footnotes":""},"categories":[6],"tags":[],"class_list":["post-27813","post","type-post","status-publish","format-standard","has-post-thumbnail","hentry","category-ciudad-provincia"],"yoast_head":"<!-- This site is optimized with the Yoast SEO plugin v26.1.1 - https:\/\/yoast.com\/wordpress\/plugins\/seo\/ -->\n<title>VEN\u00cdA EN UN MICRO DESDE MENDOZA Y FALLECI\u00d3 DE UN INFARTO - Apuntes de San Luis<\/title>\n<meta name=\"robots\" content=\"index, follow, max-snippet:-1, max-image-preview:large, max-video-preview:-1\" \/>\n<link rel=\"canonical\" href=\"https:\/\/apuntesdesanluis.com\/index.php\/2025\/01\/16\/venia-en-un-micro-desde-mendoza-y-fallecio-de-un-infarto\/\" \/>\n<meta property=\"og:locale\" content=\"es_ES\" \/>\n<meta property=\"og:type\" content=\"article\" \/>\n<meta property=\"og:title\" content=\"VEN\u00cdA EN UN MICRO DESDE MENDOZA Y FALLECI\u00d3 DE UN INFARTO - Apuntes de San Luis\" \/>\n<meta property=\"og:description\" content=\"La v\u00edctima es un hombre de aproximadamente 60 a\u00f1os, quien se descompuso en la tarde...\" \/>\n<meta property=\"og:url\" content=\"https:\/\/apuntesdesanluis.com\/index.php\/2025\/01\/16\/venia-en-un-micro-desde-mendoza-y-fallecio-de-un-infarto\/\" \/>\n<meta property=\"og:site_name\" content=\"Apuntes de San Luis\" \/>\n<meta property=\"article:published_time\" content=\"2025-01-16T10:50:36+00:00\" \/>\n<meta property=\"og:image\" content=\"https:\/\/apuntesdesanluis.com\/wp-content\/uploads\/2025\/01\/MICRO-DE-ROYAL.jpg\" \/>\n\t<meta property=\"og:image:width\" content=\"704\" \/>\n\t<meta property=\"og:image:height\" content=\"431\" \/>\n\t<meta property=\"og:image:type\" content=\"image\/jpeg\" \/>\n<meta name=\"author\" content=\"apuntesdesanluis.com\" \/>\n<meta name=\"twitter:card\" content=\"summary_large_image\" \/>\n<meta name=\"twitter:label1\" content=\"Escrito por\" \/>\n\t<meta name=\"twitter:data1\" content=\"apuntesdesanluis.com\" \/>\n\t<meta name=\"twitter:label2\" content=\"Tiempo de lectura\" \/>\n\t<meta name=\"twitter:data2\" content=\"1 minuto\" \/>\n<script type=\"application\/ld+json\" class=\"yoast-schema-graph\">{\"@context\":\"https:\/\/schema.org\",\"@graph\":[{\"@type\":\"Article\",\"@id\":\"https:\/\/apuntesdesanluis.com\/index.php\/2025\/01\/16\/venia-en-un-micro-desde-mendoza-y-fallecio-de-un-infarto\/#article\",\"isPartOf\":{\"@id\":\"https:\/\/apuntesdesanluis.com\/index.php\/2025\/01\/16\/venia-en-un-micro-desde-mendoza-y-fallecio-de-un-infarto\/\"},\"author\":{\"name\":\"apuntesdesanluis.com\",\"@id\":\"https:\/\/apuntesdesanluis.com\/#\/schema\/person\/b55151d52296fcce64d1a72538a70b90\"},\"headline\":\"VEN\u00cdA EN UN MICRO DESDE MENDOZA Y FALLECI\u00d3 DE UN INFARTO\",\"datePublished\":\"2025-01-16T10:50:36+00:00\",\"mainEntityOfPage\":{\"@id\":\"https:\/\/apuntesdesanluis.com\/index.php\/2025\/01\/16\/venia-en-un-micro-desde-mendoza-y-fallecio-de-un-infarto\/\"},\"wordCount\":201,\"publisher\":{\"@id\":\"https:\/\/apuntesdesanluis.com\/#\/schema\/person\/b55151d52296fcce64d1a72538a70b90\"},\"image\":{\"@id\":\"https:\/\/apuntesdesanluis.com\/index.php\/2025\/01\/16\/venia-en-un-micro-desde-mendoza-y-fallecio-de-un-infarto\/#primaryimage\"},\"thumbnailUrl\":\"https:\/\/apuntesdesanluis.com\/wp-content\/uploads\/2025\/01\/MICRO-DE-ROYAL.jpg\",\"articleSection\":[\"Ciudad\/Provincia\"],\"inLanguage\":\"es-AR\"},{\"@type\":\"WebPage\",\"@id\":\"https:\/\/apuntesdesanluis.com\/index.php\/2025\/01\/16\/venia-en-un-micro-desde-mendoza-y-fallecio-de-un-infarto\/\",\"url\":\"https:\/\/apuntesdesanluis.com\/index.php\/2025\/01\/16\/venia-en-un-micro-desde-mendoza-y-fallecio-de-un-infarto\/\",\"name\":\"VEN\u00cdA EN UN MICRO DESDE MENDOZA Y FALLECI\u00d3 DE UN INFARTO - Apuntes de San Luis\",\"isPartOf\":{\"@id\":\"https:\/\/apuntesdesanluis.com\/#website\"},\"primaryImageOfPage\":{\"@id\":\"https:\/\/apuntesdesanluis.com\/index.php\/2025\/01\/16\/venia-en-un-micro-desde-mendoza-y-fallecio-de-un-infarto\/#primaryimage\"},\"image\":{\"@id\":\"https:\/\/apuntesdesanluis.com\/index.php\/2025\/01\/16\/venia-en-un-micro-desde-mendoza-y-fallecio-de-un-infarto\/#primaryimage\"},\"thumbnailUrl\":\"https:\/\/apuntesdesanluis.com\/wp-content\/uploads\/2025\/01\/MICRO-DE-ROYAL.jpg\",\"datePublished\":\"2025-01-16T10:50:36+00:00\",\"breadcrumb\":{\"@id\":\"https:\/\/apuntesdesanluis.com\/index.php\/2025\/01\/16\/venia-en-un-micro-desde-mendoza-y-fallecio-de-un-infarto\/#breadcrumb\"},\"inLanguage\":\"es-AR\",\"potentialAction\":[{\"@type\":\"ReadAction\",\"target\":[\"https:\/\/apuntesdesanluis.com\/index.php\/2025\/01\/16\/venia-en-un-micro-desde-mendoza-y-fallecio-de-un-infarto\/\"]}]},{\"@type\":\"ImageObject\",\"inLanguage\":\"es-AR\",\"@id\":\"https:\/\/apuntesdesanluis.com\/index.php\/2025\/01\/16\/venia-en-un-micro-desde-mendoza-y-fallecio-de-un-infarto\/#primaryimage\",\"url\":\"https:\/\/apuntesdesanluis.com\/wp-content\/uploads\/2025\/01\/MICRO-DE-ROYAL.jpg\",\"contentUrl\":\"https:\/\/apuntesdesanluis.com\/wp-content\/uploads\/2025\/01\/MICRO-DE-ROYAL.jpg\",\"width\":704,\"height\":431},{\"@type\":\"BreadcrumbList\",\"@id\":\"https:\/\/apuntesdesanluis.com\/index.php\/2025\/01\/16\/venia-en-un-micro-desde-mendoza-y-fallecio-de-un-infarto\/#breadcrumb\",\"itemListElement\":[{\"@type\":\"ListItem\",\"position\":1,\"name\":\"Inicio\",\"item\":\"https:\/\/apuntesdesanluis.com\/\"},{\"@type\":\"ListItem\",\"position\":2,\"name\":\"VEN\u00cdA EN UN MICRO DESDE MENDOZA Y FALLECI\u00d3 DE UN INFARTO\"}]},{\"@type\":\"WebSite\",\"@id\":\"https:\/\/apuntesdesanluis.com\/#website\",\"url\":\"https:\/\/apuntesdesanluis.com\/\",\"name\":\"Apuntes de San Luis\",\"description\":\"\",\"publisher\":{\"@id\":\"https:\/\/apuntesdesanluis.com\/#\/schema\/person\/b55151d52296fcce64d1a72538a70b90\"},\"potentialAction\":[{\"@type\":\"SearchAction\",\"target\":{\"@type\":\"EntryPoint\",\"urlTemplate\":\"https:\/\/apuntesdesanluis.com\/?s={search_term_string}\"},\"query-input\":{\"@type\":\"PropertyValueSpecification\",\"valueRequired\":true,\"valueName\":\"search_term_string\"}}],\"inLanguage\":\"es-AR\"},{\"@type\":[\"Person\",\"Organization\"],\"@id\":\"https:\/\/apuntesdesanluis.com\/#\/schema\/person\/b55151d52296fcce64d1a72538a70b90\",\"name\":\"apuntesdesanluis.com\",\"image\":{\"@type\":\"ImageObject\",\"inLanguage\":\"es-AR\",\"@id\":\"https:\/\/apuntesdesanluis.com\/#\/schema\/person\/image\/\",\"url\":\"https:\/\/apuntesdesanluis.com\/wp-content\/uploads\/2023\/07\/cropped-apuntesdesanluis.png\",\"contentUrl\":\"https:\/\/apuntesdesanluis.com\/wp-content\/uploads\/2023\/07\/cropped-apuntesdesanluis.png\",\"width\":450,\"height\":112,\"caption\":\"apuntesdesanluis.com\"},\"logo\":{\"@id\":\"https:\/\/apuntesdesanluis.com\/#\/schema\/person\/image\/\"},\"sameAs\":[\"https:\/\/apuntesdesanluis.com\"],\"url\":\"https:\/\/apuntesdesanluis.com\/index.php\/author\/apuntesdesanluis-com\/\"}]}<\/script>\n<!-- \/ Yoast SEO plugin. -->","yoast_head_json":{"title":"VEN\u00cdA EN UN MICRO DESDE MENDOZA Y FALLECI\u00d3 DE UN INFARTO - Apuntes de San Luis","robots":{"index":"index","follow":"follow","max-snippet":"max-snippet:-1","max-image-preview":"max-image-preview:large","max-video-preview":"max-video-preview:-1"},"canonical":"https:\/\/apuntesdesanluis.com\/index.php\/2025\/01\/16\/venia-en-un-micro-desde-mendoza-y-fallecio-de-un-infarto\/","og_locale":"es_ES","og_type":"article","og_title":"VEN\u00cdA EN UN MICRO DESDE MENDOZA Y FALLECI\u00d3 DE UN INFARTO - Apuntes de San Luis","og_description":"La v\u00edctima es un hombre de aproximadamente 60 a\u00f1os, quien se descompuso en la tarde...","og_url":"https:\/\/apuntesdesanluis.com\/index.php\/2025\/01\/16\/venia-en-un-micro-desde-mendoza-y-fallecio-de-un-infarto\/","og_site_name":"Apuntes de San Luis","article_published_time":"2025-01-16T10:50:36+00:00","og_image":[{"width":704,"height":431,"url":"https:\/\/apuntesdesanluis.com\/wp-content\/uploads\/2025\/01\/MICRO-DE-ROYAL.jpg","type":"image\/jpeg"}],"author":"apuntesdesanluis.com","twitter_card":"summary_large_image","twitter_misc":{"Escrito por":"apuntesdesanluis.com","Tiempo de lectura":"1 minuto"},"schema":{"@context":"https:\/\/schema.org","@graph":[{"@type":"Article","@id":"https:\/\/apuntesdesanluis.com\/index.php\/2025\/01\/16\/venia-en-un-micro-desde-mendoza-y-fallecio-de-un-infarto\/#article","isPartOf":{"@id":"https:\/\/apuntesdesanluis.com\/index.php\/2025\/01\/16\/venia-en-un-micro-desde-mendoza-y-fallecio-de-un-infarto\/"},"author":{"name":"apuntesdesanluis.com","@id":"https:\/\/apuntesdesanluis.com\/#\/schema\/person\/b55151d52296fcce64d1a72538a70b90"},"headline":"VEN\u00cdA EN UN MICRO DESDE MENDOZA Y FALLECI\u00d3 DE UN INFARTO","datePublished":"2025-01-16T10:50:36+00:00","mainEntityOfPage":{"@id":"https:\/\/apuntesdesanluis.com\/index.php\/2025\/01\/16\/venia-en-un-micro-desde-mendoza-y-fallecio-de-un-infarto\/"},"wordCount":201,"publisher":{"@id":"https:\/\/apuntesdesanluis.com\/#\/schema\/person\/b55151d52296fcce64d1a72538a70b90"},"image":{"@id":"https:\/\/apuntesdesanluis.com\/index.php\/2025\/01\/16\/venia-en-un-micro-desde-mendoza-y-fallecio-de-un-infarto\/#primaryimage"},"thumbnailUrl":"https:\/\/apuntesdesanluis.com\/wp-content\/uploads\/2025\/01\/MICRO-DE-ROYAL.jpg","articleSection":["Ciudad\/Provincia"],"inLanguage":"es-AR"},{"@type":"WebPage","@id":"https:\/\/apuntesdesanluis.com\/index.php\/2025\/01\/16\/venia-en-un-micro-desde-mendoza-y-fallecio-de-un-infarto\/","url":"https:\/\/apuntesdesanluis.com\/index.php\/2025\/01\/16\/venia-en-un-micro-desde-mendoza-y-fallecio-de-un-infarto\/","name":"VEN\u00cdA EN UN MICRO DESDE MENDOZA Y FALLECI\u00d3 DE UN INFARTO - Apuntes de San Luis","isPartOf":{"@id":"https:\/\/apuntesdesanluis.com\/#website"},"primaryImageOfPage":{"@id":"https:\/\/apuntesdesanluis.com\/index.php\/2025\/01\/16\/venia-en-un-micro-desde-mendoza-y-fallecio-de-un-infarto\/#primaryimage"},"image":{"@id":"https:\/\/apuntesdesanluis.com\/index.php\/2025\/01\/16\/venia-en-un-micro-desde-mendoza-y-fallecio-de-un-infarto\/#primaryimage"},"thumbnailUrl":"https:\/\/apuntesdesanluis.com\/wp-content\/uploads\/2025\/01\/MICRO-DE-ROYAL.jpg","datePublished":"2025-01-16T10:50:36+00:00","breadcrumb":{"@id":"https:\/\/apuntesdesanluis.com\/index.php\/2025\/01\/16\/venia-en-un-micro-desde-mendoza-y-fallecio-de-un-infarto\/#breadcrumb"},"inLanguage":"es-AR","potentialAction":[{"@type":"ReadAction","target":["https:\/\/apuntesdesanluis.com\/index.php\/2025\/01\/16\/venia-en-un-micro-desde-mendoza-y-fallecio-de-un-infarto\/"]}]},{"@type":"ImageObject","inLanguage":"es-AR","@id":"https:\/\/apuntesdesanluis.com\/index.php\/2025\/01\/16\/venia-en-un-micro-desde-mendoza-y-fallecio-de-un-infarto\/#primaryimage","url":"https:\/\/apuntesdesanluis.com\/wp-content\/uploads\/2025\/01\/MICRO-DE-ROYAL.jpg","contentUrl":"https:\/\/apuntesdesanluis.com\/wp-content\/uploads\/2025\/01\/MICRO-DE-ROYAL.jpg","width":704,"height":431},{"@type":"BreadcrumbList","@id":"https:\/\/apuntesdesanluis.com\/index.php\/2025\/01\/16\/venia-en-un-micro-desde-mendoza-y-fallecio-de-un-infarto\/#breadcrumb","itemListElement":[{"@type":"ListItem","position":1,"name":"Inicio","item":"https:\/\/apuntesdesanluis.com\/"},{"@type":"ListItem","position":2,"name":"VEN\u00cdA EN UN MICRO DESDE MENDOZA Y FALLECI\u00d3 DE UN INFARTO"}]},{"@type":"WebSite","@id":"https:\/\/apuntesdesanluis.com\/#website","url":"https:\/\/apuntesdesanluis.com\/","name":"Apuntes de San Luis","description":"","publisher":{"@id":"https:\/\/apuntesdesanluis.com\/#\/schema\/person\/b55151d52296fcce64d1a72538a70b90"},"potentialAction":[{"@type":"SearchAction","target":{"@type":"EntryPoint","urlTemplate":"https:\/\/apuntesdesanluis.com\/?s={search_term_string}"},"query-input":{"@type":"PropertyValueSpecification","valueRequired":true,"valueName":"search_term_string"}}],"inLanguage":"es-AR"},{"@type":["Person","Organization"],"@id":"https:\/\/apuntesdesanluis.com\/#\/schema\/person\/b55151d52296fcce64d1a72538a70b90","name":"apuntesdesanluis.com","image":{"@type":"ImageObject","inLanguage":"es-AR","@id":"https:\/\/apuntesdesanluis.com\/#\/schema\/person\/image\/","url":"https:\/\/apuntesdesanluis.com\/wp-content\/uploads\/2023\/07\/cropped-apuntesdesanluis.png","contentUrl":"https:\/\/apuntesdesanluis.com\/wp-content\/uploads\/2023\/07\/cropped-apuntesdesanluis.png","width":450,"height":112,"caption":"apuntesdesanluis.com"},"logo":{"@id":"https:\/\/apuntesdesanluis.com\/#\/schema\/person\/image\/"},"sameAs":["https:\/\/apuntesdesanluis.com"],"url":"https:\/\/apuntesdesanluis.com\/index.php\/author\/apuntesdesanluis-com\/"}]}},"featured_image_urls":{"full":["https:\/\/apuntesdesanluis.com\/wp-content\/uploads\/2025\/01\/MICRO-DE-ROYAL.jpg",704,431,false],"thumbnail":["https:\/\/apuntesdesanluis.com\/wp-content\/uploads\/2025\/01\/MICRO-DE-ROYAL-150x150.jpg",150,150,true],"medium":["https:\/\/apuntesdesanluis.com\/wp-content\/uploads\/2025\/01\/MICRO-DE-ROYAL-300x184.jpg",300,184,true],"medium_large":["https:\/\/apuntesdesanluis.com\/wp-content\/uploads\/2025\/01\/MICRO-DE-ROYAL.jpg",640,392,false],"large":["https:\/\/apuntesdesanluis.com\/wp-content\/uploads\/2025\/01\/MICRO-DE-ROYAL.jpg",640,392,false],"1536x1536":["https:\/\/apuntesdesanluis.com\/wp-content\/uploads\/2025\/01\/MICRO-DE-ROYAL.jpg",704,431,false],"2048x2048":["https:\/\/apuntesdesanluis.com\/wp-content\/uploads\/2025\/01\/MICRO-DE-ROYAL.jpg",704,431,false],"newsever-slider-full":["https:\/\/apuntesdesanluis.com\/wp-content\/uploads\/2025\/01\/MICRO-DE-ROYAL.jpg",704,431,false],"newsever-featured":["https:\/\/apuntesdesanluis.com\/wp-content\/uploads\/2025\/01\/MICRO-DE-ROYAL.jpg",704,431,false],"newsever-medium":["https:\/\/apuntesdesanluis.com\/wp-content\/uploads\/2025\/01\/MICRO-DE-ROYAL.jpg",704,431,false]},"author_info":{"display_name":"apuntesdesanluis.com","author_link":"https:\/\/apuntesdesanluis.com\/index.php\/author\/apuntesdesanluis-com\/"},"category_info":"<a href=\"https:\/\/apuntesdesanluis.com\/index.php\/category\/ciudad-provincia\/\" rel=\"category tag\">Ciudad\/Provincia<\/a>","tag_info":"Ciudad\/Provincia","comment_count":"0","_links":{"self":[{"href":"https:\/\/apuntesdesanluis.com\/index.php\/wp-json\/wp\/v2\/posts\/27813","targetHints":{"allow":["GET"]}}],"collection":[{"href":"https:\/\/apuntesdesanluis.com\/index.php\/wp-json\/wp\/v2\/posts"}],"about":[{"href":"https:\/\/apuntesdesanluis.com\/index.php\/wp-json\/wp\/v2\/types\/post"}],"author":[{"embeddable":true,"href":"https:\/\/apuntesdesanluis.com\/index.php\/wp-json\/wp\/v2\/users\/1"}],"replies":[{"embeddable":true,"href":"https:\/\/apuntesdesanluis.com\/index.php\/wp-json\/wp\/v2\/comments?post=27813"}],"version-history":[{"count":1,"href":"https:\/\/apuntesdesanluis.com\/index.php\/wp-json\/wp\/v2\/posts\/27813\/revisions"}],"predecessor-version":[{"id":27815,"href":"https:\/\/apuntesdesanluis.com\/index.php\/wp-json\/wp\/v2\/posts\/27813\/revisions\/27815"}],"wp:featuredmedia":[{"embeddable":true,"href":"https:\/\/apuntesdesanluis.com\/index.php\/wp-json\/wp\/v2\/media\/27814"}],"wp:attachment":[{"href":"https:\/\/apuntesdesanluis.com\/index.php\/wp-json\/wp\/v2\/media?parent=27813"}],"wp:term":[{"taxonomy":"category","embeddable":true,"href":"https:\/\/apuntesdesanluis.com\/index.php\/wp-json\/wp\/v2\/categories?post=27813"},{"taxonomy":"post_tag","embeddable":true,"href":"https:\/\/apuntesdesanluis.com\/index.php\/wp-json\/wp\/v2\/tags?post=27813"}],"curies":[{"name":"wp","href":"https:\/\/api.w.org\/{rel}","templated":true}]}}