{"id":27816,"date":"2025-01-16T07:52:49","date_gmt":"2025-01-16T10:52:49","guid":{"rendered":"https:\/\/apuntesdesanluis.com\/?p=27816"},"modified":"2025-01-16T07:52:49","modified_gmt":"2025-01-16T10:52:49","slug":"suicidio-de-un-menor-respuesta-del-ministerio-de-salud-a-la-informacion-judicial","status":"publish","type":"post","link":"https:\/\/apuntesdesanluis.com\/index.php\/2025\/01\/16\/suicidio-de-un-menor-respuesta-del-ministerio-de-salud-a-la-informacion-judicial\/","title":{"rendered":"SUICIDIO DE UN MENOR: RESPUESTA DEL MINISTERIO DE SALUD A LA INFORMACI\u00d3N JUDICIAL"},"content":{"rendered":"<h3>La cartera sanitaria del Gobierno de San Luis emiti\u00f3 un comunicado ante una gacetilla de prensa vertida en la web institucional del Poder Judicial de la provincia, donde se da cuenta de informaci\u00f3n vertida por la Jueza de Familia, Ni\u00f1ez, Adolescencia y Violencia N\u00ba 1, <strong>Dra. Natalia Giunta<\/strong>, relacionada con el lamentable fallecimiento de un menor de 16 a\u00f1os.<\/h3>\n<h3>El Ministerio de Salud de la provincia comunic\u00f3 \u201cQue, tal como fue informado por familiares del menor, desde el Ministerio de Salud, se hab\u00eda sugerido la internaci\u00f3n del adolescente que sufr\u00eda problemas de adicciones. Con fecha del d\u00eda 5 de noviembre de 2024, por pedido del Centro de Prevenci\u00f3n y Asistencia de las Adicciones, se recomend\u00f3 la internaci\u00f3n de Marcelo V. B., de 16 a\u00f1os, menor de edad, tras agotarse el tratamiento ambulatorio. Que hace m\u00e1s de un mes, exactamente, el d\u00eda 3 de diciembre, se inform\u00f3 a la Jueza la disponibilidad inmediata para el inicio del tratamiento en \u2018Casa del Sur\u2019, ubicada en Monte Grande, Provincia de Buenos Aires. Considerando que Marcelo V. B. era un paciente menor que necesitaba internaci\u00f3n y que, para poder efectivizar el traslado del mismo, es necesaria la orden judicial, la misma nunca fue remitida a este Ministerio para poder realizar la internaci\u00f3n del joven. Nunca la jueza autoriz\u00f3 a este Ministerio la internaci\u00f3n del menor\u201c.<\/h3>\n<h3>\u201cAsimismo, es importante dar cuenta de que resulta err\u00f3nea la informaci\u00f3n vertida en la gacetilla emitida por el Poder Judicial. El menor fallecido es Marcelo V. B., de 16 a\u00f1os, quien padec\u00eda problemas de adicciones y que, lamentablemente, en las \u00faltimas horas decidi\u00f3 quitarse la vida. La informaci\u00f3n institucional sit\u00faa en esa penosa situaci\u00f3n a su hermano, Mat\u00edas J. B., tambi\u00e9n con problemas de adicciones\u201d, informa el comunicado, y contin\u00faa: \u201cA partir de este error en la informaci\u00f3n emitida, se suceden una serie afirmaciones err\u00f3neas y falaces que, en honor a la protecci\u00f3n integral de los Derechos del Ni\u00f1o, los cuales poseen raigambre constitucional, este Ministerio prefiere omitir para no tener que exponer informaci\u00f3n sensible que vulnere los derechos de los menores implicados, lamentando la publicaci\u00f3n de los mismos\u201d.<\/h3>\n<h3>Y cerr\u00f3: \u201cReafirmando nuestro compromiso en la lucha cotidiana destinada a la rehabilitaci\u00f3n de quienes se encuentran con problemas de adicciones y la voluntad de trabajar entre todos los poderes del Estado contra este lamentable flagelo, expresamos nuestras condolencias a la familia que est\u00e1 sufriendo ante la irreparable p\u00e9rdida de su hijo\u201d.<\/h3>\n<h3><\/h3>\n<h3><\/h3>\n<p>&nbsp;<\/p>\n","protected":false},"excerpt":{"rendered":"<p>La cartera sanitaria del Gobierno de San Luis emiti\u00f3 un comunicado ante una gacetilla de&#8230;<\/p>\n","protected":false},"author":1,"featured_media":27817,"comment_status":"closed","ping_status":"closed","sticky":false,"template":"","format":"standard","meta":{"footnotes":""},"categories":[6],"tags":[],"class_list":["post-27816","post","type-post","status-publish","format-standard","has-post-thumbnail","hentry","category-ciudad-provincia"],"yoast_head":"<!-- This site is optimized with the Yoast SEO plugin v26.1.1 - https:\/\/yoast.com\/wordpress\/plugins\/seo\/ -->\n<title>SUICIDIO DE UN MENOR: RESPUESTA DEL MINISTERIO DE SALUD A LA INFORMACI\u00d3N JUDICIAL - Apuntes de San Luis<\/title>\n<meta name=\"robots\" content=\"index, follow, max-snippet:-1, max-image-preview:large, max-video-preview:-1\" \/>\n<link rel=\"canonical\" href=\"https:\/\/apuntesdesanluis.com\/index.php\/2025\/01\/16\/suicidio-de-un-menor-respuesta-del-ministerio-de-salud-a-la-informacion-judicial\/\" \/>\n<meta property=\"og:locale\" content=\"es_ES\" \/>\n<meta property=\"og:type\" content=\"article\" \/>\n<meta property=\"og:title\" content=\"SUICIDIO DE UN MENOR: RESPUESTA DEL MINISTERIO DE SALUD A LA INFORMACI\u00d3N JUDICIAL - Apuntes de San Luis\" \/>\n<meta property=\"og:description\" content=\"La cartera sanitaria del Gobierno de San Luis emiti\u00f3 un comunicado ante una gacetilla de...\" \/>\n<meta property=\"og:url\" content=\"https:\/\/apuntesdesanluis.com\/index.php\/2025\/01\/16\/suicidio-de-un-menor-respuesta-del-ministerio-de-salud-a-la-informacion-judicial\/\" \/>\n<meta property=\"og:site_name\" content=\"Apuntes de San Luis\" \/>\n<meta property=\"article:published_time\" content=\"2025-01-16T10:52:49+00:00\" \/>\n<meta property=\"og:image\" content=\"https:\/\/apuntesdesanluis.com\/wp-content\/uploads\/2025\/01\/Ministerio-de-Salud.jpg\" \/>\n\t<meta property=\"og:image:width\" content=\"768\" \/>\n\t<meta property=\"og:image:height\" content=\"511\" \/>\n\t<meta property=\"og:image:type\" content=\"image\/jpeg\" \/>\n<meta name=\"author\" content=\"apuntesdesanluis.com\" \/>\n<meta name=\"twitter:card\" content=\"summary_large_image\" \/>\n<meta name=\"twitter:label1\" content=\"Escrito por\" \/>\n\t<meta name=\"twitter:data1\" content=\"apuntesdesanluis.com\" \/>\n\t<meta name=\"twitter:label2\" content=\"Tiempo de lectura\" \/>\n\t<meta name=\"twitter:data2\" content=\"3 minutos\" \/>\n<script type=\"application\/ld+json\" class=\"yoast-schema-graph\">{\"@context\":\"https:\/\/schema.org\",\"@graph\":[{\"@type\":\"Article\",\"@id\":\"https:\/\/apuntesdesanluis.com\/index.php\/2025\/01\/16\/suicidio-de-un-menor-respuesta-del-ministerio-de-salud-a-la-informacion-judicial\/#article\",\"isPartOf\":{\"@id\":\"https:\/\/apuntesdesanluis.com\/index.php\/2025\/01\/16\/suicidio-de-un-menor-respuesta-del-ministerio-de-salud-a-la-informacion-judicial\/\"},\"author\":{\"name\":\"apuntesdesanluis.com\",\"@id\":\"https:\/\/apuntesdesanluis.com\/#\/schema\/person\/b55151d52296fcce64d1a72538a70b90\"},\"headline\":\"SUICIDIO DE UN MENOR: RESPUESTA DEL MINISTERIO DE SALUD A LA INFORMACI\u00d3N JUDICIAL\",\"datePublished\":\"2025-01-16T10:52:49+00:00\",\"mainEntityOfPage\":{\"@id\":\"https:\/\/apuntesdesanluis.com\/index.php\/2025\/01\/16\/suicidio-de-un-menor-respuesta-del-ministerio-de-salud-a-la-informacion-judicial\/\"},\"wordCount\":443,\"publisher\":{\"@id\":\"https:\/\/apuntesdesanluis.com\/#\/schema\/person\/b55151d52296fcce64d1a72538a70b90\"},\"image\":{\"@id\":\"https:\/\/apuntesdesanluis.com\/index.php\/2025\/01\/16\/suicidio-de-un-menor-respuesta-del-ministerio-de-salud-a-la-informacion-judicial\/#primaryimage\"},\"thumbnailUrl\":\"https:\/\/apuntesdesanluis.com\/wp-content\/uploads\/2025\/01\/Ministerio-de-Salud.jpg\",\"articleSection\":[\"Ciudad\/Provincia\"],\"inLanguage\":\"es-AR\"},{\"@type\":\"WebPage\",\"@id\":\"https:\/\/apuntesdesanluis.com\/index.php\/2025\/01\/16\/suicidio-de-un-menor-respuesta-del-ministerio-de-salud-a-la-informacion-judicial\/\",\"url\":\"https:\/\/apuntesdesanluis.com\/index.php\/2025\/01\/16\/suicidio-de-un-menor-respuesta-del-ministerio-de-salud-a-la-informacion-judicial\/\",\"name\":\"SUICIDIO DE UN MENOR: RESPUESTA DEL MINISTERIO DE SALUD A LA INFORMACI\u00d3N JUDICIAL - Apuntes de San Luis\",\"isPartOf\":{\"@id\":\"https:\/\/apuntesdesanluis.com\/#website\"},\"primaryImageOfPage\":{\"@id\":\"https:\/\/apuntesdesanluis.com\/index.php\/2025\/01\/16\/suicidio-de-un-menor-respuesta-del-ministerio-de-salud-a-la-informacion-judicial\/#primaryimage\"},\"image\":{\"@id\":\"https:\/\/apuntesdesanluis.com\/index.php\/2025\/01\/16\/suicidio-de-un-menor-respuesta-del-ministerio-de-salud-a-la-informacion-judicial\/#primaryimage\"},\"thumbnailUrl\":\"https:\/\/apuntesdesanluis.com\/wp-content\/uploads\/2025\/01\/Ministerio-de-Salud.jpg\",\"datePublished\":\"2025-01-16T10:52:49+00:00\",\"breadcrumb\":{\"@id\":\"https:\/\/apuntesdesanluis.com\/index.php\/2025\/01\/16\/suicidio-de-un-menor-respuesta-del-ministerio-de-salud-a-la-informacion-judicial\/#breadcrumb\"},\"inLanguage\":\"es-AR\",\"potentialAction\":[{\"@type\":\"ReadAction\",\"target\":[\"https:\/\/apuntesdesanluis.com\/index.php\/2025\/01\/16\/suicidio-de-un-menor-respuesta-del-ministerio-de-salud-a-la-informacion-judicial\/\"]}]},{\"@type\":\"ImageObject\",\"inLanguage\":\"es-AR\",\"@id\":\"https:\/\/apuntesdesanluis.com\/index.php\/2025\/01\/16\/suicidio-de-un-menor-respuesta-del-ministerio-de-salud-a-la-informacion-judicial\/#primaryimage\",\"url\":\"https:\/\/apuntesdesanluis.com\/wp-content\/uploads\/2025\/01\/Ministerio-de-Salud.jpg\",\"contentUrl\":\"https:\/\/apuntesdesanluis.com\/wp-content\/uploads\/2025\/01\/Ministerio-de-Salud.jpg\",\"width\":768,\"height\":511},{\"@type\":\"BreadcrumbList\",\"@id\":\"https:\/\/apuntesdesanluis.com\/index.php\/2025\/01\/16\/suicidio-de-un-menor-respuesta-del-ministerio-de-salud-a-la-informacion-judicial\/#breadcrumb\",\"itemListElement\":[{\"@type\":\"ListItem\",\"position\":1,\"name\":\"Inicio\",\"item\":\"https:\/\/apuntesdesanluis.com\/\"},{\"@type\":\"ListItem\",\"position\":2,\"name\":\"SUICIDIO DE UN MENOR: RESPUESTA DEL MINISTERIO DE SALUD A LA INFORMACI\u00d3N JUDICIAL\"}]},{\"@type\":\"WebSite\",\"@id\":\"https:\/\/apuntesdesanluis.com\/#website\",\"url\":\"https:\/\/apuntesdesanluis.com\/\",\"name\":\"Apuntes de San Luis\",\"description\":\"\",\"publisher\":{\"@id\":\"https:\/\/apuntesdesanluis.com\/#\/schema\/person\/b55151d52296fcce64d1a72538a70b90\"},\"potentialAction\":[{\"@type\":\"SearchAction\",\"target\":{\"@type\":\"EntryPoint\",\"urlTemplate\":\"https:\/\/apuntesdesanluis.com\/?s={search_term_string}\"},\"query-input\":{\"@type\":\"PropertyValueSpecification\",\"valueRequired\":true,\"valueName\":\"search_term_string\"}}],\"inLanguage\":\"es-AR\"},{\"@type\":[\"Person\",\"Organization\"],\"@id\":\"https:\/\/apuntesdesanluis.com\/#\/schema\/person\/b55151d52296fcce64d1a72538a70b90\",\"name\":\"apuntesdesanluis.com\",\"image\":{\"@type\":\"ImageObject\",\"inLanguage\":\"es-AR\",\"@id\":\"https:\/\/apuntesdesanluis.com\/#\/schema\/person\/image\/\",\"url\":\"https:\/\/apuntesdesanluis.com\/wp-content\/uploads\/2023\/07\/cropped-apuntesdesanluis.png\",\"contentUrl\":\"https:\/\/apuntesdesanluis.com\/wp-content\/uploads\/2023\/07\/cropped-apuntesdesanluis.png\",\"width\":450,\"height\":112,\"caption\":\"apuntesdesanluis.com\"},\"logo\":{\"@id\":\"https:\/\/apuntesdesanluis.com\/#\/schema\/person\/image\/\"},\"sameAs\":[\"https:\/\/apuntesdesanluis.com\"],\"url\":\"https:\/\/apuntesdesanluis.com\/index.php\/author\/apuntesdesanluis-com\/\"}]}<\/script>\n<!-- \/ Yoast SEO plugin. -->","yoast_head_json":{"title":"SUICIDIO DE UN MENOR: RESPUESTA DEL MINISTERIO DE SALUD A LA INFORMACI\u00d3N JUDICIAL - Apuntes de San Luis","robots":{"index":"index","follow":"follow","max-snippet":"max-snippet:-1","max-image-preview":"max-image-preview:large","max-video-preview":"max-video-preview:-1"},"canonical":"https:\/\/apuntesdesanluis.com\/index.php\/2025\/01\/16\/suicidio-de-un-menor-respuesta-del-ministerio-de-salud-a-la-informacion-judicial\/","og_locale":"es_ES","og_type":"article","og_title":"SUICIDIO DE UN MENOR: RESPUESTA DEL MINISTERIO DE SALUD A LA INFORMACI\u00d3N JUDICIAL - Apuntes de San Luis","og_description":"La cartera sanitaria del Gobierno de San Luis emiti\u00f3 un comunicado ante una gacetilla de...","og_url":"https:\/\/apuntesdesanluis.com\/index.php\/2025\/01\/16\/suicidio-de-un-menor-respuesta-del-ministerio-de-salud-a-la-informacion-judicial\/","og_site_name":"Apuntes de San Luis","article_published_time":"2025-01-16T10:52:49+00:00","og_image":[{"width":768,"height":511,"url":"https:\/\/apuntesdesanluis.com\/wp-content\/uploads\/2025\/01\/Ministerio-de-Salud.jpg","type":"image\/jpeg"}],"author":"apuntesdesanluis.com","twitter_card":"summary_large_image","twitter_misc":{"Escrito por":"apuntesdesanluis.com","Tiempo de lectura":"3 minutos"},"schema":{"@context":"https:\/\/schema.org","@graph":[{"@type":"Article","@id":"https:\/\/apuntesdesanluis.com\/index.php\/2025\/01\/16\/suicidio-de-un-menor-respuesta-del-ministerio-de-salud-a-la-informacion-judicial\/#article","isPartOf":{"@id":"https:\/\/apuntesdesanluis.com\/index.php\/2025\/01\/16\/suicidio-de-un-menor-respuesta-del-ministerio-de-salud-a-la-informacion-judicial\/"},"author":{"name":"apuntesdesanluis.com","@id":"https:\/\/apuntesdesanluis.com\/#\/schema\/person\/b55151d52296fcce64d1a72538a70b90"},"headline":"SUICIDIO DE UN MENOR: RESPUESTA DEL MINISTERIO DE SALUD A LA INFORMACI\u00d3N JUDICIAL","datePublished":"2025-01-16T10:52:49+00:00","mainEntityOfPage":{"@id":"https:\/\/apuntesdesanluis.com\/index.php\/2025\/01\/16\/suicidio-de-un-menor-respuesta-del-ministerio-de-salud-a-la-informacion-judicial\/"},"wordCount":443,"publisher":{"@id":"https:\/\/apuntesdesanluis.com\/#\/schema\/person\/b55151d52296fcce64d1a72538a70b90"},"image":{"@id":"https:\/\/apuntesdesanluis.com\/index.php\/2025\/01\/16\/suicidio-de-un-menor-respuesta-del-ministerio-de-salud-a-la-informacion-judicial\/#primaryimage"},"thumbnailUrl":"https:\/\/apuntesdesanluis.com\/wp-content\/uploads\/2025\/01\/Ministerio-de-Salud.jpg","articleSection":["Ciudad\/Provincia"],"inLanguage":"es-AR"},{"@type":"WebPage","@id":"https:\/\/apuntesdesanluis.com\/index.php\/2025\/01\/16\/suicidio-de-un-menor-respuesta-del-ministerio-de-salud-a-la-informacion-judicial\/","url":"https:\/\/apuntesdesanluis.com\/index.php\/2025\/01\/16\/suicidio-de-un-menor-respuesta-del-ministerio-de-salud-a-la-informacion-judicial\/","name":"SUICIDIO DE UN MENOR: RESPUESTA DEL MINISTERIO DE SALUD A LA INFORMACI\u00d3N JUDICIAL - Apuntes de San Luis","isPartOf":{"@id":"https:\/\/apuntesdesanluis.com\/#website"},"primaryImageOfPage":{"@id":"https:\/\/apuntesdesanluis.com\/index.php\/2025\/01\/16\/suicidio-de-un-menor-respuesta-del-ministerio-de-salud-a-la-informacion-judicial\/#primaryimage"},"image":{"@id":"https:\/\/apuntesdesanluis.com\/index.php\/2025\/01\/16\/suicidio-de-un-menor-respuesta-del-ministerio-de-salud-a-la-informacion-judicial\/#primaryimage"},"thumbnailUrl":"https:\/\/apuntesdesanluis.com\/wp-content\/uploads\/2025\/01\/Ministerio-de-Salud.jpg","datePublished":"2025-01-16T10:52:49+00:00","breadcrumb":{"@id":"https:\/\/apuntesdesanluis.com\/index.php\/2025\/01\/16\/suicidio-de-un-menor-respuesta-del-ministerio-de-salud-a-la-informacion-judicial\/#breadcrumb"},"inLanguage":"es-AR","potentialAction":[{"@type":"ReadAction","target":["https:\/\/apuntesdesanluis.com\/index.php\/2025\/01\/16\/suicidio-de-un-menor-respuesta-del-ministerio-de-salud-a-la-informacion-judicial\/"]}]},{"@type":"ImageObject","inLanguage":"es-AR","@id":"https:\/\/apuntesdesanluis.com\/index.php\/2025\/01\/16\/suicidio-de-un-menor-respuesta-del-ministerio-de-salud-a-la-informacion-judicial\/#primaryimage","url":"https:\/\/apuntesdesanluis.com\/wp-content\/uploads\/2025\/01\/Ministerio-de-Salud.jpg","contentUrl":"https:\/\/apuntesdesanluis.com\/wp-content\/uploads\/2025\/01\/Ministerio-de-Salud.jpg","width":768,"height":511},{"@type":"BreadcrumbList","@id":"https:\/\/apuntesdesanluis.com\/index.php\/2025\/01\/16\/suicidio-de-un-menor-respuesta-del-ministerio-de-salud-a-la-informacion-judicial\/#breadcrumb","itemListElement":[{"@type":"ListItem","position":1,"name":"Inicio","item":"https:\/\/apuntesdesanluis.com\/"},{"@type":"ListItem","position":2,"name":"SUICIDIO DE UN MENOR: RESPUESTA DEL MINISTERIO DE SALUD A LA INFORMACI\u00d3N JUDICIAL"}]},{"@type":"WebSite","@id":"https:\/\/apuntesdesanluis.com\/#website","url":"https:\/\/apuntesdesanluis.com\/","name":"Apuntes de San Luis","description":"","publisher":{"@id":"https:\/\/apuntesdesanluis.com\/#\/schema\/person\/b55151d52296fcce64d1a72538a70b90"},"potentialAction":[{"@type":"SearchAction","target":{"@type":"EntryPoint","urlTemplate":"https:\/\/apuntesdesanluis.com\/?s={search_term_string}"},"query-input":{"@type":"PropertyValueSpecification","valueRequired":true,"valueName":"search_term_string"}}],"inLanguage":"es-AR"},{"@type":["Person","Organization"],"@id":"https:\/\/apuntesdesanluis.com\/#\/schema\/person\/b55151d52296fcce64d1a72538a70b90","name":"apuntesdesanluis.com","image":{"@type":"ImageObject","inLanguage":"es-AR","@id":"https:\/\/apuntesdesanluis.com\/#\/schema\/person\/image\/","url":"https:\/\/apuntesdesanluis.com\/wp-content\/uploads\/2023\/07\/cropped-apuntesdesanluis.png","contentUrl":"https:\/\/apuntesdesanluis.com\/wp-content\/uploads\/2023\/07\/cropped-apuntesdesanluis.png","width":450,"height":112,"caption":"apuntesdesanluis.com"},"logo":{"@id":"https:\/\/apuntesdesanluis.com\/#\/schema\/person\/image\/"},"sameAs":["https:\/\/apuntesdesanluis.com"],"url":"https:\/\/apuntesdesanluis.com\/index.php\/author\/apuntesdesanluis-com\/"}]}},"featured_image_urls":{"full":["https:\/\/apuntesdesanluis.com\/wp-content\/uploads\/2025\/01\/Ministerio-de-Salud.jpg",768,511,false],"thumbnail":["https:\/\/apuntesdesanluis.com\/wp-content\/uploads\/2025\/01\/Ministerio-de-Salud-150x150.jpg",150,150,true],"medium":["https:\/\/apuntesdesanluis.com\/wp-content\/uploads\/2025\/01\/Ministerio-de-Salud-300x200.jpg",300,200,true],"medium_large":["https:\/\/apuntesdesanluis.com\/wp-content\/uploads\/2025\/01\/Ministerio-de-Salud.jpg",640,426,false],"large":["https:\/\/apuntesdesanluis.com\/wp-content\/uploads\/2025\/01\/Ministerio-de-Salud.jpg",640,426,false],"1536x1536":["https:\/\/apuntesdesanluis.com\/wp-content\/uploads\/2025\/01\/Ministerio-de-Salud.jpg",768,511,false],"2048x2048":["https:\/\/apuntesdesanluis.com\/wp-content\/uploads\/2025\/01\/Ministerio-de-Salud.jpg",768,511,false],"newsever-slider-full":["https:\/\/apuntesdesanluis.com\/wp-content\/uploads\/2025\/01\/Ministerio-de-Salud.jpg",768,511,false],"newsever-featured":["https:\/\/apuntesdesanluis.com\/wp-content\/uploads\/2025\/01\/Ministerio-de-Salud.jpg",768,511,false],"newsever-medium":["https:\/\/apuntesdesanluis.com\/wp-content\/uploads\/2025\/01\/Ministerio-de-Salud-720x475.jpg",720,475,true]},"author_info":{"display_name":"apuntesdesanluis.com","author_link":"https:\/\/apuntesdesanluis.com\/index.php\/author\/apuntesdesanluis-com\/"},"category_info":"<a href=\"https:\/\/apuntesdesanluis.com\/index.php\/category\/ciudad-provincia\/\" rel=\"category tag\">Ciudad\/Provincia<\/a>","tag_info":"Ciudad\/Provincia","comment_count":"0","_links":{"self":[{"href":"https:\/\/apuntesdesanluis.com\/index.php\/wp-json\/wp\/v2\/posts\/27816","targetHints":{"allow":["GET"]}}],"collection":[{"href":"https:\/\/apuntesdesanluis.com\/index.php\/wp-json\/wp\/v2\/posts"}],"about":[{"href":"https:\/\/apuntesdesanluis.com\/index.php\/wp-json\/wp\/v2\/types\/post"}],"author":[{"embeddable":true,"href":"https:\/\/apuntesdesanluis.com\/index.php\/wp-json\/wp\/v2\/users\/1"}],"replies":[{"embeddable":true,"href":"https:\/\/apuntesdesanluis.com\/index.php\/wp-json\/wp\/v2\/comments?post=27816"}],"version-history":[{"count":1,"href":"https:\/\/apuntesdesanluis.com\/index.php\/wp-json\/wp\/v2\/posts\/27816\/revisions"}],"predecessor-version":[{"id":27818,"href":"https:\/\/apuntesdesanluis.com\/index.php\/wp-json\/wp\/v2\/posts\/27816\/revisions\/27818"}],"wp:featuredmedia":[{"embeddable":true,"href":"https:\/\/apuntesdesanluis.com\/index.php\/wp-json\/wp\/v2\/media\/27817"}],"wp:attachment":[{"href":"https:\/\/apuntesdesanluis.com\/index.php\/wp-json\/wp\/v2\/media?parent=27816"}],"wp:term":[{"taxonomy":"category","embeddable":true,"href":"https:\/\/apuntesdesanluis.com\/index.php\/wp-json\/wp\/v2\/categories?post=27816"},{"taxonomy":"post_tag","embeddable":true,"href":"https:\/\/apuntesdesanluis.com\/index.php\/wp-json\/wp\/v2\/tags?post=27816"}],"curies":[{"name":"wp","href":"https:\/\/api.w.org\/{rel}","templated":true}]}}