{"id":27833,"date":"2025-01-16T10:46:44","date_gmt":"2025-01-16T13:46:44","guid":{"rendered":"https:\/\/apuntesdesanluis.com\/?p=27833"},"modified":"2025-01-16T10:46:44","modified_gmt":"2025-01-16T13:46:44","slug":"el-papa-francisco-se-cayo-y-debieron-inmovilizarle-un-brazo","status":"publish","type":"post","link":"https:\/\/apuntesdesanluis.com\/index.php\/2025\/01\/16\/el-papa-francisco-se-cayo-y-debieron-inmovilizarle-un-brazo\/","title":{"rendered":"EL PAPA FRANCISCO SE CAY\u00d3 Y DEBIERON INMOVILIZARLE UN BRAZO"},"content":{"rendered":"<h3>El P<strong>apa Francisco<\/strong> sufri\u00f3 una ca\u00edda que le provoc\u00f3 \u201cuna contusi\u00f3n en el antebrazo derecho\u201d, pero afortunadamente no tuvo fracturas y pudo llevar a cabo las audiencias que ten\u00eda previstas en su agenda de este jueves<\/h3>\n<h3>\u201cEsta ma\u00f1ana, debido a una ca\u00edda en la casa de Santa Marta, el papa Francisco sufri\u00f3 una contusi\u00f3n en el antebrazo derecho, sin fracturas. El brazo fue inmovilizado como medida de precauci\u00f3n\u201d, inform\u00f3 el Vaticano<\/h3>\n<h3>La lesi\u00f3n no le impidi\u00f3 cumplir con su agenda y recibi\u00f3 a miembros de una delegaci\u00f3n de Albania encabezada por Dede Edmond Brahimaj, l\u00edder mundial de los musulmanes Bektashi. \u201cEl di\u00e1logo interreligioso tiene un papel \u00fanico en la construcci\u00f3n de un futuro de reconciliaci\u00f3n, justicia y paz\u201d, se\u00f1al\u00f3 el Sumo Pont\u00edfice.<\/h3>\n<h3>\u201cEn estos tiempos dif\u00edciles, todos estamos llamados a rechazar la l\u00f3gica de la violencia y de la discordia, para abrazar la del encuentro, de la amistad y de la colaboraci\u00f3n en la b\u00fasqueda del bien com\u00fan\u201d, expres\u00f3 Francisco a la citada delegaci\u00f3n en el Palacio Apost\u00f3lico Vaticano.<\/h3>\n<h3>\u201cCada vez que los l\u00edderes religiosos se re\u00fanen en un esp\u00edritu de estima mutua y se comprometen con la cultura del encuentro, a trav\u00e9s del di\u00e1logo, la comprensi\u00f3n mutua y la cooperaci\u00f3n, se renueva y se confirma nuestra esperanza en un mundo mejor y m\u00e1s justo. \u00a1Cu\u00e1nta necesidad tiene nuestro tiempo de esta esperanza!\u201d, coment\u00f3 el Papa en su discurso.<\/h3>\n<h3>Adem\u00e1s, indic\u00f3: \u201cNuestras creencias religiosas nos ayudan a abrazar m\u00e1s claramente estos valores fundamentales, propios de nuestra humanidad com\u00fan, permitiendo que las diferentes voces formen juntas un canto noble y armonioso\u201d.<\/h3>\n<h3>\u201cA pesar de los desaf\u00edos del presente, el di\u00e1logo interreligioso tiene un papel \u00fanico en la construcci\u00f3n de un futuro de reconciliaci\u00f3n, Justicia y paz que los pueblos del mundo y, especialmente los j\u00f3venes, desean\u201d, expres\u00f3.<\/h3>\n<h3><\/h3>\n<h3><\/h3>\n<p>&nbsp;<\/p>\n","protected":false},"excerpt":{"rendered":"<p>El Papa Francisco sufri\u00f3 una ca\u00edda que le provoc\u00f3 \u201cuna contusi\u00f3n en el antebrazo derecho\u201d,&#8230;<\/p>\n","protected":false},"author":1,"featured_media":27834,"comment_status":"closed","ping_status":"closed","sticky":false,"template":"","format":"standard","meta":{"footnotes":""},"categories":[5],"tags":[],"class_list":["post-27833","post","type-post","status-publish","format-standard","has-post-thumbnail","hentry","category-nacionales-internacionales"],"yoast_head":"<!-- This site is optimized with the Yoast SEO plugin v26.1.1 - https:\/\/yoast.com\/wordpress\/plugins\/seo\/ -->\n<title>EL PAPA FRANCISCO SE CAY\u00d3 Y DEBIERON INMOVILIZARLE UN BRAZO - Apuntes de San Luis<\/title>\n<meta name=\"robots\" content=\"index, follow, max-snippet:-1, max-image-preview:large, max-video-preview:-1\" \/>\n<link rel=\"canonical\" href=\"https:\/\/apuntesdesanluis.com\/index.php\/2025\/01\/16\/el-papa-francisco-se-cayo-y-debieron-inmovilizarle-un-brazo\/\" \/>\n<meta property=\"og:locale\" content=\"es_ES\" \/>\n<meta property=\"og:type\" content=\"article\" \/>\n<meta property=\"og:title\" content=\"EL PAPA FRANCISCO SE CAY\u00d3 Y DEBIERON INMOVILIZARLE UN BRAZO - Apuntes de San Luis\" \/>\n<meta property=\"og:description\" content=\"El Papa Francisco sufri\u00f3 una ca\u00edda que le provoc\u00f3 \u201cuna contusi\u00f3n en el antebrazo derecho\u201d,...\" \/>\n<meta property=\"og:url\" content=\"https:\/\/apuntesdesanluis.com\/index.php\/2025\/01\/16\/el-papa-francisco-se-cayo-y-debieron-inmovilizarle-un-brazo\/\" \/>\n<meta property=\"og:site_name\" content=\"Apuntes de San Luis\" \/>\n<meta property=\"article:published_time\" content=\"2025-01-16T13:46:44+00:00\" \/>\n<meta property=\"og:image\" content=\"https:\/\/apuntesdesanluis.com\/wp-content\/uploads\/2025\/01\/papa-francisco.png\" \/>\n\t<meta property=\"og:image:width\" content=\"768\" \/>\n\t<meta property=\"og:image:height\" content=\"434\" \/>\n\t<meta property=\"og:image:type\" content=\"image\/png\" \/>\n<meta name=\"author\" content=\"apuntesdesanluis.com\" \/>\n<meta name=\"twitter:card\" content=\"summary_large_image\" \/>\n<meta name=\"twitter:label1\" content=\"Escrito por\" \/>\n\t<meta name=\"twitter:data1\" content=\"apuntesdesanluis.com\" \/>\n\t<meta name=\"twitter:label2\" content=\"Tiempo de lectura\" \/>\n\t<meta name=\"twitter:data2\" content=\"2 minutos\" \/>\n<script type=\"application\/ld+json\" class=\"yoast-schema-graph\">{\"@context\":\"https:\/\/schema.org\",\"@graph\":[{\"@type\":\"Article\",\"@id\":\"https:\/\/apuntesdesanluis.com\/index.php\/2025\/01\/16\/el-papa-francisco-se-cayo-y-debieron-inmovilizarle-un-brazo\/#article\",\"isPartOf\":{\"@id\":\"https:\/\/apuntesdesanluis.com\/index.php\/2025\/01\/16\/el-papa-francisco-se-cayo-y-debieron-inmovilizarle-un-brazo\/\"},\"author\":{\"name\":\"apuntesdesanluis.com\",\"@id\":\"https:\/\/apuntesdesanluis.com\/#\/schema\/person\/b55151d52296fcce64d1a72538a70b90\"},\"headline\":\"EL PAPA FRANCISCO SE CAY\u00d3 Y DEBIERON INMOVILIZARLE UN BRAZO\",\"datePublished\":\"2025-01-16T13:46:44+00:00\",\"mainEntityOfPage\":{\"@id\":\"https:\/\/apuntesdesanluis.com\/index.php\/2025\/01\/16\/el-papa-francisco-se-cayo-y-debieron-inmovilizarle-un-brazo\/\"},\"wordCount\":346,\"publisher\":{\"@id\":\"https:\/\/apuntesdesanluis.com\/#\/schema\/person\/b55151d52296fcce64d1a72538a70b90\"},\"image\":{\"@id\":\"https:\/\/apuntesdesanluis.com\/index.php\/2025\/01\/16\/el-papa-francisco-se-cayo-y-debieron-inmovilizarle-un-brazo\/#primaryimage\"},\"thumbnailUrl\":\"https:\/\/apuntesdesanluis.com\/wp-content\/uploads\/2025\/01\/papa-francisco.png\",\"articleSection\":[\"Nacionales\/Internacionales\"],\"inLanguage\":\"es-AR\"},{\"@type\":\"WebPage\",\"@id\":\"https:\/\/apuntesdesanluis.com\/index.php\/2025\/01\/16\/el-papa-francisco-se-cayo-y-debieron-inmovilizarle-un-brazo\/\",\"url\":\"https:\/\/apuntesdesanluis.com\/index.php\/2025\/01\/16\/el-papa-francisco-se-cayo-y-debieron-inmovilizarle-un-brazo\/\",\"name\":\"EL PAPA FRANCISCO SE CAY\u00d3 Y DEBIERON INMOVILIZARLE UN BRAZO - Apuntes de San Luis\",\"isPartOf\":{\"@id\":\"https:\/\/apuntesdesanluis.com\/#website\"},\"primaryImageOfPage\":{\"@id\":\"https:\/\/apuntesdesanluis.com\/index.php\/2025\/01\/16\/el-papa-francisco-se-cayo-y-debieron-inmovilizarle-un-brazo\/#primaryimage\"},\"image\":{\"@id\":\"https:\/\/apuntesdesanluis.com\/index.php\/2025\/01\/16\/el-papa-francisco-se-cayo-y-debieron-inmovilizarle-un-brazo\/#primaryimage\"},\"thumbnailUrl\":\"https:\/\/apuntesdesanluis.com\/wp-content\/uploads\/2025\/01\/papa-francisco.png\",\"datePublished\":\"2025-01-16T13:46:44+00:00\",\"breadcrumb\":{\"@id\":\"https:\/\/apuntesdesanluis.com\/index.php\/2025\/01\/16\/el-papa-francisco-se-cayo-y-debieron-inmovilizarle-un-brazo\/#breadcrumb\"},\"inLanguage\":\"es-AR\",\"potentialAction\":[{\"@type\":\"ReadAction\",\"target\":[\"https:\/\/apuntesdesanluis.com\/index.php\/2025\/01\/16\/el-papa-francisco-se-cayo-y-debieron-inmovilizarle-un-brazo\/\"]}]},{\"@type\":\"ImageObject\",\"inLanguage\":\"es-AR\",\"@id\":\"https:\/\/apuntesdesanluis.com\/index.php\/2025\/01\/16\/el-papa-francisco-se-cayo-y-debieron-inmovilizarle-un-brazo\/#primaryimage\",\"url\":\"https:\/\/apuntesdesanluis.com\/wp-content\/uploads\/2025\/01\/papa-francisco.png\",\"contentUrl\":\"https:\/\/apuntesdesanluis.com\/wp-content\/uploads\/2025\/01\/papa-francisco.png\",\"width\":768,\"height\":434},{\"@type\":\"BreadcrumbList\",\"@id\":\"https:\/\/apuntesdesanluis.com\/index.php\/2025\/01\/16\/el-papa-francisco-se-cayo-y-debieron-inmovilizarle-un-brazo\/#breadcrumb\",\"itemListElement\":[{\"@type\":\"ListItem\",\"position\":1,\"name\":\"Inicio\",\"item\":\"https:\/\/apuntesdesanluis.com\/\"},{\"@type\":\"ListItem\",\"position\":2,\"name\":\"EL PAPA FRANCISCO SE CAY\u00d3 Y DEBIERON INMOVILIZARLE UN BRAZO\"}]},{\"@type\":\"WebSite\",\"@id\":\"https:\/\/apuntesdesanluis.com\/#website\",\"url\":\"https:\/\/apuntesdesanluis.com\/\",\"name\":\"Apuntes de San Luis\",\"description\":\"\",\"publisher\":{\"@id\":\"https:\/\/apuntesdesanluis.com\/#\/schema\/person\/b55151d52296fcce64d1a72538a70b90\"},\"potentialAction\":[{\"@type\":\"SearchAction\",\"target\":{\"@type\":\"EntryPoint\",\"urlTemplate\":\"https:\/\/apuntesdesanluis.com\/?s={search_term_string}\"},\"query-input\":{\"@type\":\"PropertyValueSpecification\",\"valueRequired\":true,\"valueName\":\"search_term_string\"}}],\"inLanguage\":\"es-AR\"},{\"@type\":[\"Person\",\"Organization\"],\"@id\":\"https:\/\/apuntesdesanluis.com\/#\/schema\/person\/b55151d52296fcce64d1a72538a70b90\",\"name\":\"apuntesdesanluis.com\",\"image\":{\"@type\":\"ImageObject\",\"inLanguage\":\"es-AR\",\"@id\":\"https:\/\/apuntesdesanluis.com\/#\/schema\/person\/image\/\",\"url\":\"https:\/\/apuntesdesanluis.com\/wp-content\/uploads\/2023\/07\/cropped-apuntesdesanluis.png\",\"contentUrl\":\"https:\/\/apuntesdesanluis.com\/wp-content\/uploads\/2023\/07\/cropped-apuntesdesanluis.png\",\"width\":450,\"height\":112,\"caption\":\"apuntesdesanluis.com\"},\"logo\":{\"@id\":\"https:\/\/apuntesdesanluis.com\/#\/schema\/person\/image\/\"},\"sameAs\":[\"https:\/\/apuntesdesanluis.com\"],\"url\":\"https:\/\/apuntesdesanluis.com\/index.php\/author\/apuntesdesanluis-com\/\"}]}<\/script>\n<!-- \/ Yoast SEO plugin. -->","yoast_head_json":{"title":"EL PAPA FRANCISCO SE CAY\u00d3 Y DEBIERON INMOVILIZARLE UN BRAZO - Apuntes de San Luis","robots":{"index":"index","follow":"follow","max-snippet":"max-snippet:-1","max-image-preview":"max-image-preview:large","max-video-preview":"max-video-preview:-1"},"canonical":"https:\/\/apuntesdesanluis.com\/index.php\/2025\/01\/16\/el-papa-francisco-se-cayo-y-debieron-inmovilizarle-un-brazo\/","og_locale":"es_ES","og_type":"article","og_title":"EL PAPA FRANCISCO SE CAY\u00d3 Y DEBIERON INMOVILIZARLE UN BRAZO - Apuntes de San Luis","og_description":"El Papa Francisco sufri\u00f3 una ca\u00edda que le provoc\u00f3 \u201cuna contusi\u00f3n en el antebrazo derecho\u201d,...","og_url":"https:\/\/apuntesdesanluis.com\/index.php\/2025\/01\/16\/el-papa-francisco-se-cayo-y-debieron-inmovilizarle-un-brazo\/","og_site_name":"Apuntes de San Luis","article_published_time":"2025-01-16T13:46:44+00:00","og_image":[{"width":768,"height":434,"url":"https:\/\/apuntesdesanluis.com\/wp-content\/uploads\/2025\/01\/papa-francisco.png","type":"image\/png"}],"author":"apuntesdesanluis.com","twitter_card":"summary_large_image","twitter_misc":{"Escrito por":"apuntesdesanluis.com","Tiempo de lectura":"2 minutos"},"schema":{"@context":"https:\/\/schema.org","@graph":[{"@type":"Article","@id":"https:\/\/apuntesdesanluis.com\/index.php\/2025\/01\/16\/el-papa-francisco-se-cayo-y-debieron-inmovilizarle-un-brazo\/#article","isPartOf":{"@id":"https:\/\/apuntesdesanluis.com\/index.php\/2025\/01\/16\/el-papa-francisco-se-cayo-y-debieron-inmovilizarle-un-brazo\/"},"author":{"name":"apuntesdesanluis.com","@id":"https:\/\/apuntesdesanluis.com\/#\/schema\/person\/b55151d52296fcce64d1a72538a70b90"},"headline":"EL PAPA FRANCISCO SE CAY\u00d3 Y DEBIERON INMOVILIZARLE UN BRAZO","datePublished":"2025-01-16T13:46:44+00:00","mainEntityOfPage":{"@id":"https:\/\/apuntesdesanluis.com\/index.php\/2025\/01\/16\/el-papa-francisco-se-cayo-y-debieron-inmovilizarle-un-brazo\/"},"wordCount":346,"publisher":{"@id":"https:\/\/apuntesdesanluis.com\/#\/schema\/person\/b55151d52296fcce64d1a72538a70b90"},"image":{"@id":"https:\/\/apuntesdesanluis.com\/index.php\/2025\/01\/16\/el-papa-francisco-se-cayo-y-debieron-inmovilizarle-un-brazo\/#primaryimage"},"thumbnailUrl":"https:\/\/apuntesdesanluis.com\/wp-content\/uploads\/2025\/01\/papa-francisco.png","articleSection":["Nacionales\/Internacionales"],"inLanguage":"es-AR"},{"@type":"WebPage","@id":"https:\/\/apuntesdesanluis.com\/index.php\/2025\/01\/16\/el-papa-francisco-se-cayo-y-debieron-inmovilizarle-un-brazo\/","url":"https:\/\/apuntesdesanluis.com\/index.php\/2025\/01\/16\/el-papa-francisco-se-cayo-y-debieron-inmovilizarle-un-brazo\/","name":"EL PAPA FRANCISCO SE CAY\u00d3 Y DEBIERON INMOVILIZARLE UN BRAZO - Apuntes de San Luis","isPartOf":{"@id":"https:\/\/apuntesdesanluis.com\/#website"},"primaryImageOfPage":{"@id":"https:\/\/apuntesdesanluis.com\/index.php\/2025\/01\/16\/el-papa-francisco-se-cayo-y-debieron-inmovilizarle-un-brazo\/#primaryimage"},"image":{"@id":"https:\/\/apuntesdesanluis.com\/index.php\/2025\/01\/16\/el-papa-francisco-se-cayo-y-debieron-inmovilizarle-un-brazo\/#primaryimage"},"thumbnailUrl":"https:\/\/apuntesdesanluis.com\/wp-content\/uploads\/2025\/01\/papa-francisco.png","datePublished":"2025-01-16T13:46:44+00:00","breadcrumb":{"@id":"https:\/\/apuntesdesanluis.com\/index.php\/2025\/01\/16\/el-papa-francisco-se-cayo-y-debieron-inmovilizarle-un-brazo\/#breadcrumb"},"inLanguage":"es-AR","potentialAction":[{"@type":"ReadAction","target":["https:\/\/apuntesdesanluis.com\/index.php\/2025\/01\/16\/el-papa-francisco-se-cayo-y-debieron-inmovilizarle-un-brazo\/"]}]},{"@type":"ImageObject","inLanguage":"es-AR","@id":"https:\/\/apuntesdesanluis.com\/index.php\/2025\/01\/16\/el-papa-francisco-se-cayo-y-debieron-inmovilizarle-un-brazo\/#primaryimage","url":"https:\/\/apuntesdesanluis.com\/wp-content\/uploads\/2025\/01\/papa-francisco.png","contentUrl":"https:\/\/apuntesdesanluis.com\/wp-content\/uploads\/2025\/01\/papa-francisco.png","width":768,"height":434},{"@type":"BreadcrumbList","@id":"https:\/\/apuntesdesanluis.com\/index.php\/2025\/01\/16\/el-papa-francisco-se-cayo-y-debieron-inmovilizarle-un-brazo\/#breadcrumb","itemListElement":[{"@type":"ListItem","position":1,"name":"Inicio","item":"https:\/\/apuntesdesanluis.com\/"},{"@type":"ListItem","position":2,"name":"EL PAPA FRANCISCO SE CAY\u00d3 Y DEBIERON INMOVILIZARLE UN BRAZO"}]},{"@type":"WebSite","@id":"https:\/\/apuntesdesanluis.com\/#website","url":"https:\/\/apuntesdesanluis.com\/","name":"Apuntes de San Luis","description":"","publisher":{"@id":"https:\/\/apuntesdesanluis.com\/#\/schema\/person\/b55151d52296fcce64d1a72538a70b90"},"potentialAction":[{"@type":"SearchAction","target":{"@type":"EntryPoint","urlTemplate":"https:\/\/apuntesdesanluis.com\/?s={search_term_string}"},"query-input":{"@type":"PropertyValueSpecification","valueRequired":true,"valueName":"search_term_string"}}],"inLanguage":"es-AR"},{"@type":["Person","Organization"],"@id":"https:\/\/apuntesdesanluis.com\/#\/schema\/person\/b55151d52296fcce64d1a72538a70b90","name":"apuntesdesanluis.com","image":{"@type":"ImageObject","inLanguage":"es-AR","@id":"https:\/\/apuntesdesanluis.com\/#\/schema\/person\/image\/","url":"https:\/\/apuntesdesanluis.com\/wp-content\/uploads\/2023\/07\/cropped-apuntesdesanluis.png","contentUrl":"https:\/\/apuntesdesanluis.com\/wp-content\/uploads\/2023\/07\/cropped-apuntesdesanluis.png","width":450,"height":112,"caption":"apuntesdesanluis.com"},"logo":{"@id":"https:\/\/apuntesdesanluis.com\/#\/schema\/person\/image\/"},"sameAs":["https:\/\/apuntesdesanluis.com"],"url":"https:\/\/apuntesdesanluis.com\/index.php\/author\/apuntesdesanluis-com\/"}]}},"featured_image_urls":{"full":["https:\/\/apuntesdesanluis.com\/wp-content\/uploads\/2025\/01\/papa-francisco.png",768,434,false],"thumbnail":["https:\/\/apuntesdesanluis.com\/wp-content\/uploads\/2025\/01\/papa-francisco-150x150.png",150,150,true],"medium":["https:\/\/apuntesdesanluis.com\/wp-content\/uploads\/2025\/01\/papa-francisco-300x170.png",300,170,true],"medium_large":["https:\/\/apuntesdesanluis.com\/wp-content\/uploads\/2025\/01\/papa-francisco.png",640,362,false],"large":["https:\/\/apuntesdesanluis.com\/wp-content\/uploads\/2025\/01\/papa-francisco.png",640,362,false],"1536x1536":["https:\/\/apuntesdesanluis.com\/wp-content\/uploads\/2025\/01\/papa-francisco.png",768,434,false],"2048x2048":["https:\/\/apuntesdesanluis.com\/wp-content\/uploads\/2025\/01\/papa-francisco.png",768,434,false],"newsever-slider-full":["https:\/\/apuntesdesanluis.com\/wp-content\/uploads\/2025\/01\/papa-francisco.png",768,434,false],"newsever-featured":["https:\/\/apuntesdesanluis.com\/wp-content\/uploads\/2025\/01\/papa-francisco.png",768,434,false],"newsever-medium":["https:\/\/apuntesdesanluis.com\/wp-content\/uploads\/2025\/01\/papa-francisco-720x434.png",720,434,true]},"author_info":{"display_name":"apuntesdesanluis.com","author_link":"https:\/\/apuntesdesanluis.com\/index.php\/author\/apuntesdesanluis-com\/"},"category_info":"<a href=\"https:\/\/apuntesdesanluis.com\/index.php\/category\/nacionales-internacionales\/\" rel=\"category tag\">Nacionales\/Internacionales<\/a>","tag_info":"Nacionales\/Internacionales","comment_count":"0","_links":{"self":[{"href":"https:\/\/apuntesdesanluis.com\/index.php\/wp-json\/wp\/v2\/posts\/27833","targetHints":{"allow":["GET"]}}],"collection":[{"href":"https:\/\/apuntesdesanluis.com\/index.php\/wp-json\/wp\/v2\/posts"}],"about":[{"href":"https:\/\/apuntesdesanluis.com\/index.php\/wp-json\/wp\/v2\/types\/post"}],"author":[{"embeddable":true,"href":"https:\/\/apuntesdesanluis.com\/index.php\/wp-json\/wp\/v2\/users\/1"}],"replies":[{"embeddable":true,"href":"https:\/\/apuntesdesanluis.com\/index.php\/wp-json\/wp\/v2\/comments?post=27833"}],"version-history":[{"count":1,"href":"https:\/\/apuntesdesanluis.com\/index.php\/wp-json\/wp\/v2\/posts\/27833\/revisions"}],"predecessor-version":[{"id":27835,"href":"https:\/\/apuntesdesanluis.com\/index.php\/wp-json\/wp\/v2\/posts\/27833\/revisions\/27835"}],"wp:featuredmedia":[{"embeddable":true,"href":"https:\/\/apuntesdesanluis.com\/index.php\/wp-json\/wp\/v2\/media\/27834"}],"wp:attachment":[{"href":"https:\/\/apuntesdesanluis.com\/index.php\/wp-json\/wp\/v2\/media?parent=27833"}],"wp:term":[{"taxonomy":"category","embeddable":true,"href":"https:\/\/apuntesdesanluis.com\/index.php\/wp-json\/wp\/v2\/categories?post=27833"},{"taxonomy":"post_tag","embeddable":true,"href":"https:\/\/apuntesdesanluis.com\/index.php\/wp-json\/wp\/v2\/tags?post=27833"}],"curies":[{"name":"wp","href":"https:\/\/api.w.org\/{rel}","templated":true}]}}