{"id":27840,"date":"2025-01-16T19:35:10","date_gmt":"2025-01-16T22:35:10","guid":{"rendered":"https:\/\/apuntesdesanluis.com\/?p=27840"},"modified":"2025-01-16T19:36:45","modified_gmt":"2025-01-16T22:36:45","slug":"homicidio-de-efectivo-policial-en-cortaderas-prorrogan-la-prision-preventiva-del-imputado","status":"publish","type":"post","link":"https:\/\/apuntesdesanluis.com\/index.php\/2025\/01\/16\/homicidio-de-efectivo-policial-en-cortaderas-prorrogan-la-prision-preventiva-del-imputado\/","title":{"rendered":"HOMICIDIO DE EFECTIVO POLICIAL EN CORTADERAS: PRORROGAN LA PRISI\u00d3N PREVENTIVA DEL IMPUTADO"},"content":{"rendered":"<h3>Este jueves el Juez de Garant\u00eda de la Tercera Circunscripci\u00f3n Judicial en Feria, Dr. Nicol\u00e1s Coppola, hizo lugar a la pr\u00f3rroga de prisi\u00f3n preventiva solicitada por el Ministerio P\u00fablico Fiscal de la Tercera Circunscripci\u00f3n Judicial en la causa que investiga el homicidio del polic\u00eda <strong>Renato Mauro Fuentes<\/strong>, ocurrido el 20 de septiembre de 2024.<\/h3>\n<h3>El imputado por este hecho -J. D. L.- est\u00e1 acusado por el delito de robo calificado por el uso de arma de fuego y homicidio criminis causa en concurso ideal, quien continuar\u00e1 detenido en el Servicio Penitenciario Provincial por el plazo de 90 d\u00edas m\u00e1s, a partir del d\u00eda 21 de enero de 2025, fecha en que vencer\u00e1 el primer plazo otorgado oportunamente.<\/h3>\n<h3>La presente petici\u00f3n fue formulada en audiencia ante el Juez interviniente, por el Fiscal de Instrucci\u00f3n N\u00ba 2 de la Tercera Circunscripci\u00f3n Judicial, Dr. Marcelo Gabriel Salda\u00f1o y la Fiscal Adjunta Dra. Lucila Daniela Giampieri, en los t\u00e9rminos del Art. 208 del C.P.P., quienes requirieron 120 d\u00edas de pr\u00f3rroga. Tambi\u00e9n particip\u00f3 en su car\u00e1cter de representante legal de la parte querellante, el Dr. Mario Rito Aimale.<\/h3>\n<h3>A su turno, la Defensa del imputado representada por los Defensores Oficiales Dr. Francisco P\u00e9rez y Dra. Luz Vilchez (Defensora Adjunta) ambos de la Tercera Circunscripci\u00f3n Judicial, se opuso a la medida planteada por el MPF, solicitando al magistrado la prisi\u00f3n domiciliaria de su representado.<\/h3>\n<h3>Escuchadas ambas partes, el Juez no hizo lugar a lo peticionado por la Defensa y otorg\u00f3 la pr\u00f3rroga de prisi\u00f3n preventiva por el t\u00e9rmino de 90 d\u00edas con la continuidad del imputado en el Servicio Penitenciario Provincial hasta el 16 de abril de 2025 inclusive, requiriendo a la instituci\u00f3n carcelaria, la atenci\u00f3n psicol\u00f3gica al mismo.<\/h3>\n<h3><strong>SOBRE EL HECHO<\/strong><\/h3>\n<h3>El hecho ocurri\u00f3 el pasado 20 de septiembre, cuando dos efectivos policiales acudieron a una vivienda, ubicada en calle Atamisqui N\u00ba 3 del loteo \u201cEl Prado\u201d en la localidad de Cortaderas, ante el alerta de robo.<\/h3>\n<h3>Al llegar al lugar, sorprendieron a dos delincuentes huyendo de la casa y ordenaron que se detengan. Los sujetos no acataron la orden y dispararon contra el personal policial. Durante el enfrentamiento, el Oficial Principal Fuentes perdi\u00f3 la vida tras recibir varios disparos de los agresores.<\/h3>\n<h3>Luego los delincuentes se dieron a la fuga, uno de ellos result\u00f3 herido de bala. El ataque a las v\u00edctimas se produjo aproximadamente a las 20:40 hs., cuando los sospechosos ingresaron a la vivienda con armas de fuego, inmovilizaron a los ocupantes con precintos de pl\u00e1stico y sustrajeron elementos de valor.<\/h3>\n<p>&nbsp;<\/p>\n<p>&nbsp;<\/p>\n<p>&nbsp;<\/p>\n","protected":false},"excerpt":{"rendered":"<p>Este jueves el Juez de Garant\u00eda de la Tercera Circunscripci\u00f3n Judicial en Feria, Dr. Nicol\u00e1s&#8230;<\/p>\n","protected":false},"author":1,"featured_media":27841,"comment_status":"closed","ping_status":"closed","sticky":false,"template":"","format":"standard","meta":{"footnotes":""},"categories":[6],"tags":[],"class_list":["post-27840","post","type-post","status-publish","format-standard","has-post-thumbnail","hentry","category-ciudad-provincia"],"yoast_head":"<!-- This site is optimized with the Yoast SEO plugin v26.1.1 - https:\/\/yoast.com\/wordpress\/plugins\/seo\/ -->\n<title>HOMICIDIO DE EFECTIVO POLICIAL EN CORTADERAS: PRORROGAN LA PRISI\u00d3N PREVENTIVA DEL IMPUTADO - Apuntes de San Luis<\/title>\n<meta name=\"robots\" content=\"index, follow, max-snippet:-1, max-image-preview:large, max-video-preview:-1\" \/>\n<link rel=\"canonical\" href=\"https:\/\/apuntesdesanluis.com\/index.php\/2025\/01\/16\/homicidio-de-efectivo-policial-en-cortaderas-prorrogan-la-prision-preventiva-del-imputado\/\" \/>\n<meta property=\"og:locale\" content=\"es_ES\" \/>\n<meta property=\"og:type\" content=\"article\" \/>\n<meta property=\"og:title\" content=\"HOMICIDIO DE EFECTIVO POLICIAL EN CORTADERAS: PRORROGAN LA PRISI\u00d3N PREVENTIVA DEL IMPUTADO - Apuntes de San Luis\" \/>\n<meta property=\"og:description\" content=\"Este jueves el Juez de Garant\u00eda de la Tercera Circunscripci\u00f3n Judicial en Feria, Dr. Nicol\u00e1s...\" \/>\n<meta property=\"og:url\" content=\"https:\/\/apuntesdesanluis.com\/index.php\/2025\/01\/16\/homicidio-de-efectivo-policial-en-cortaderas-prorrogan-la-prision-preventiva-del-imputado\/\" \/>\n<meta property=\"og:site_name\" content=\"Apuntes de San Luis\" \/>\n<meta property=\"article:published_time\" content=\"2025-01-16T22:35:10+00:00\" \/>\n<meta property=\"article:modified_time\" content=\"2025-01-16T22:36:45+00:00\" \/>\n<meta property=\"og:image\" content=\"https:\/\/apuntesdesanluis.com\/wp-content\/uploads\/2025\/01\/audien-cia.png\" \/>\n\t<meta property=\"og:image:width\" content=\"657\" \/>\n\t<meta property=\"og:image:height\" content=\"364\" \/>\n\t<meta property=\"og:image:type\" content=\"image\/png\" \/>\n<meta name=\"author\" content=\"apuntesdesanluis.com\" \/>\n<meta name=\"twitter:card\" content=\"summary_large_image\" \/>\n<meta name=\"twitter:label1\" content=\"Escrito por\" \/>\n\t<meta name=\"twitter:data1\" content=\"apuntesdesanluis.com\" \/>\n\t<meta name=\"twitter:label2\" content=\"Tiempo de lectura\" \/>\n\t<meta name=\"twitter:data2\" content=\"3 minutos\" \/>\n<script type=\"application\/ld+json\" class=\"yoast-schema-graph\">{\"@context\":\"https:\/\/schema.org\",\"@graph\":[{\"@type\":\"Article\",\"@id\":\"https:\/\/apuntesdesanluis.com\/index.php\/2025\/01\/16\/homicidio-de-efectivo-policial-en-cortaderas-prorrogan-la-prision-preventiva-del-imputado\/#article\",\"isPartOf\":{\"@id\":\"https:\/\/apuntesdesanluis.com\/index.php\/2025\/01\/16\/homicidio-de-efectivo-policial-en-cortaderas-prorrogan-la-prision-preventiva-del-imputado\/\"},\"author\":{\"name\":\"apuntesdesanluis.com\",\"@id\":\"https:\/\/apuntesdesanluis.com\/#\/schema\/person\/b55151d52296fcce64d1a72538a70b90\"},\"headline\":\"HOMICIDIO DE EFECTIVO POLICIAL EN CORTADERAS: PRORROGAN LA PRISI\u00d3N PREVENTIVA DEL IMPUTADO\",\"datePublished\":\"2025-01-16T22:35:10+00:00\",\"dateModified\":\"2025-01-16T22:36:45+00:00\",\"mainEntityOfPage\":{\"@id\":\"https:\/\/apuntesdesanluis.com\/index.php\/2025\/01\/16\/homicidio-de-efectivo-policial-en-cortaderas-prorrogan-la-prision-preventiva-del-imputado\/\"},\"wordCount\":456,\"publisher\":{\"@id\":\"https:\/\/apuntesdesanluis.com\/#\/schema\/person\/b55151d52296fcce64d1a72538a70b90\"},\"image\":{\"@id\":\"https:\/\/apuntesdesanluis.com\/index.php\/2025\/01\/16\/homicidio-de-efectivo-policial-en-cortaderas-prorrogan-la-prision-preventiva-del-imputado\/#primaryimage\"},\"thumbnailUrl\":\"https:\/\/apuntesdesanluis.com\/wp-content\/uploads\/2025\/01\/audien-cia.png\",\"articleSection\":[\"Ciudad\/Provincia\"],\"inLanguage\":\"es-AR\"},{\"@type\":\"WebPage\",\"@id\":\"https:\/\/apuntesdesanluis.com\/index.php\/2025\/01\/16\/homicidio-de-efectivo-policial-en-cortaderas-prorrogan-la-prision-preventiva-del-imputado\/\",\"url\":\"https:\/\/apuntesdesanluis.com\/index.php\/2025\/01\/16\/homicidio-de-efectivo-policial-en-cortaderas-prorrogan-la-prision-preventiva-del-imputado\/\",\"name\":\"HOMICIDIO DE EFECTIVO POLICIAL EN CORTADERAS: PRORROGAN LA PRISI\u00d3N PREVENTIVA DEL IMPUTADO - Apuntes de San Luis\",\"isPartOf\":{\"@id\":\"https:\/\/apuntesdesanluis.com\/#website\"},\"primaryImageOfPage\":{\"@id\":\"https:\/\/apuntesdesanluis.com\/index.php\/2025\/01\/16\/homicidio-de-efectivo-policial-en-cortaderas-prorrogan-la-prision-preventiva-del-imputado\/#primaryimage\"},\"image\":{\"@id\":\"https:\/\/apuntesdesanluis.com\/index.php\/2025\/01\/16\/homicidio-de-efectivo-policial-en-cortaderas-prorrogan-la-prision-preventiva-del-imputado\/#primaryimage\"},\"thumbnailUrl\":\"https:\/\/apuntesdesanluis.com\/wp-content\/uploads\/2025\/01\/audien-cia.png\",\"datePublished\":\"2025-01-16T22:35:10+00:00\",\"dateModified\":\"2025-01-16T22:36:45+00:00\",\"breadcrumb\":{\"@id\":\"https:\/\/apuntesdesanluis.com\/index.php\/2025\/01\/16\/homicidio-de-efectivo-policial-en-cortaderas-prorrogan-la-prision-preventiva-del-imputado\/#breadcrumb\"},\"inLanguage\":\"es-AR\",\"potentialAction\":[{\"@type\":\"ReadAction\",\"target\":[\"https:\/\/apuntesdesanluis.com\/index.php\/2025\/01\/16\/homicidio-de-efectivo-policial-en-cortaderas-prorrogan-la-prision-preventiva-del-imputado\/\"]}]},{\"@type\":\"ImageObject\",\"inLanguage\":\"es-AR\",\"@id\":\"https:\/\/apuntesdesanluis.com\/index.php\/2025\/01\/16\/homicidio-de-efectivo-policial-en-cortaderas-prorrogan-la-prision-preventiva-del-imputado\/#primaryimage\",\"url\":\"https:\/\/apuntesdesanluis.com\/wp-content\/uploads\/2025\/01\/audien-cia.png\",\"contentUrl\":\"https:\/\/apuntesdesanluis.com\/wp-content\/uploads\/2025\/01\/audien-cia.png\",\"width\":657,\"height\":364},{\"@type\":\"BreadcrumbList\",\"@id\":\"https:\/\/apuntesdesanluis.com\/index.php\/2025\/01\/16\/homicidio-de-efectivo-policial-en-cortaderas-prorrogan-la-prision-preventiva-del-imputado\/#breadcrumb\",\"itemListElement\":[{\"@type\":\"ListItem\",\"position\":1,\"name\":\"Inicio\",\"item\":\"https:\/\/apuntesdesanluis.com\/\"},{\"@type\":\"ListItem\",\"position\":2,\"name\":\"HOMICIDIO DE EFECTIVO POLICIAL EN CORTADERAS: PRORROGAN LA PRISI\u00d3N PREVENTIVA DEL IMPUTADO\"}]},{\"@type\":\"WebSite\",\"@id\":\"https:\/\/apuntesdesanluis.com\/#website\",\"url\":\"https:\/\/apuntesdesanluis.com\/\",\"name\":\"Apuntes de San Luis\",\"description\":\"\",\"publisher\":{\"@id\":\"https:\/\/apuntesdesanluis.com\/#\/schema\/person\/b55151d52296fcce64d1a72538a70b90\"},\"potentialAction\":[{\"@type\":\"SearchAction\",\"target\":{\"@type\":\"EntryPoint\",\"urlTemplate\":\"https:\/\/apuntesdesanluis.com\/?s={search_term_string}\"},\"query-input\":{\"@type\":\"PropertyValueSpecification\",\"valueRequired\":true,\"valueName\":\"search_term_string\"}}],\"inLanguage\":\"es-AR\"},{\"@type\":[\"Person\",\"Organization\"],\"@id\":\"https:\/\/apuntesdesanluis.com\/#\/schema\/person\/b55151d52296fcce64d1a72538a70b90\",\"name\":\"apuntesdesanluis.com\",\"image\":{\"@type\":\"ImageObject\",\"inLanguage\":\"es-AR\",\"@id\":\"https:\/\/apuntesdesanluis.com\/#\/schema\/person\/image\/\",\"url\":\"https:\/\/apuntesdesanluis.com\/wp-content\/uploads\/2023\/07\/cropped-apuntesdesanluis.png\",\"contentUrl\":\"https:\/\/apuntesdesanluis.com\/wp-content\/uploads\/2023\/07\/cropped-apuntesdesanluis.png\",\"width\":450,\"height\":112,\"caption\":\"apuntesdesanluis.com\"},\"logo\":{\"@id\":\"https:\/\/apuntesdesanluis.com\/#\/schema\/person\/image\/\"},\"sameAs\":[\"https:\/\/apuntesdesanluis.com\"],\"url\":\"https:\/\/apuntesdesanluis.com\/index.php\/author\/apuntesdesanluis-com\/\"}]}<\/script>\n<!-- \/ Yoast SEO plugin. -->","yoast_head_json":{"title":"HOMICIDIO DE EFECTIVO POLICIAL EN CORTADERAS: PRORROGAN LA PRISI\u00d3N PREVENTIVA DEL IMPUTADO - Apuntes de San Luis","robots":{"index":"index","follow":"follow","max-snippet":"max-snippet:-1","max-image-preview":"max-image-preview:large","max-video-preview":"max-video-preview:-1"},"canonical":"https:\/\/apuntesdesanluis.com\/index.php\/2025\/01\/16\/homicidio-de-efectivo-policial-en-cortaderas-prorrogan-la-prision-preventiva-del-imputado\/","og_locale":"es_ES","og_type":"article","og_title":"HOMICIDIO DE EFECTIVO POLICIAL EN CORTADERAS: PRORROGAN LA PRISI\u00d3N PREVENTIVA DEL IMPUTADO - Apuntes de San Luis","og_description":"Este jueves el Juez de Garant\u00eda de la Tercera Circunscripci\u00f3n Judicial en Feria, Dr. Nicol\u00e1s...","og_url":"https:\/\/apuntesdesanluis.com\/index.php\/2025\/01\/16\/homicidio-de-efectivo-policial-en-cortaderas-prorrogan-la-prision-preventiva-del-imputado\/","og_site_name":"Apuntes de San Luis","article_published_time":"2025-01-16T22:35:10+00:00","article_modified_time":"2025-01-16T22:36:45+00:00","og_image":[{"width":657,"height":364,"url":"https:\/\/apuntesdesanluis.com\/wp-content\/uploads\/2025\/01\/audien-cia.png","type":"image\/png"}],"author":"apuntesdesanluis.com","twitter_card":"summary_large_image","twitter_misc":{"Escrito por":"apuntesdesanluis.com","Tiempo de lectura":"3 minutos"},"schema":{"@context":"https:\/\/schema.org","@graph":[{"@type":"Article","@id":"https:\/\/apuntesdesanluis.com\/index.php\/2025\/01\/16\/homicidio-de-efectivo-policial-en-cortaderas-prorrogan-la-prision-preventiva-del-imputado\/#article","isPartOf":{"@id":"https:\/\/apuntesdesanluis.com\/index.php\/2025\/01\/16\/homicidio-de-efectivo-policial-en-cortaderas-prorrogan-la-prision-preventiva-del-imputado\/"},"author":{"name":"apuntesdesanluis.com","@id":"https:\/\/apuntesdesanluis.com\/#\/schema\/person\/b55151d52296fcce64d1a72538a70b90"},"headline":"HOMICIDIO DE EFECTIVO POLICIAL EN CORTADERAS: PRORROGAN LA PRISI\u00d3N PREVENTIVA DEL IMPUTADO","datePublished":"2025-01-16T22:35:10+00:00","dateModified":"2025-01-16T22:36:45+00:00","mainEntityOfPage":{"@id":"https:\/\/apuntesdesanluis.com\/index.php\/2025\/01\/16\/homicidio-de-efectivo-policial-en-cortaderas-prorrogan-la-prision-preventiva-del-imputado\/"},"wordCount":456,"publisher":{"@id":"https:\/\/apuntesdesanluis.com\/#\/schema\/person\/b55151d52296fcce64d1a72538a70b90"},"image":{"@id":"https:\/\/apuntesdesanluis.com\/index.php\/2025\/01\/16\/homicidio-de-efectivo-policial-en-cortaderas-prorrogan-la-prision-preventiva-del-imputado\/#primaryimage"},"thumbnailUrl":"https:\/\/apuntesdesanluis.com\/wp-content\/uploads\/2025\/01\/audien-cia.png","articleSection":["Ciudad\/Provincia"],"inLanguage":"es-AR"},{"@type":"WebPage","@id":"https:\/\/apuntesdesanluis.com\/index.php\/2025\/01\/16\/homicidio-de-efectivo-policial-en-cortaderas-prorrogan-la-prision-preventiva-del-imputado\/","url":"https:\/\/apuntesdesanluis.com\/index.php\/2025\/01\/16\/homicidio-de-efectivo-policial-en-cortaderas-prorrogan-la-prision-preventiva-del-imputado\/","name":"HOMICIDIO DE EFECTIVO POLICIAL EN CORTADERAS: PRORROGAN LA PRISI\u00d3N PREVENTIVA DEL IMPUTADO - Apuntes de San Luis","isPartOf":{"@id":"https:\/\/apuntesdesanluis.com\/#website"},"primaryImageOfPage":{"@id":"https:\/\/apuntesdesanluis.com\/index.php\/2025\/01\/16\/homicidio-de-efectivo-policial-en-cortaderas-prorrogan-la-prision-preventiva-del-imputado\/#primaryimage"},"image":{"@id":"https:\/\/apuntesdesanluis.com\/index.php\/2025\/01\/16\/homicidio-de-efectivo-policial-en-cortaderas-prorrogan-la-prision-preventiva-del-imputado\/#primaryimage"},"thumbnailUrl":"https:\/\/apuntesdesanluis.com\/wp-content\/uploads\/2025\/01\/audien-cia.png","datePublished":"2025-01-16T22:35:10+00:00","dateModified":"2025-01-16T22:36:45+00:00","breadcrumb":{"@id":"https:\/\/apuntesdesanluis.com\/index.php\/2025\/01\/16\/homicidio-de-efectivo-policial-en-cortaderas-prorrogan-la-prision-preventiva-del-imputado\/#breadcrumb"},"inLanguage":"es-AR","potentialAction":[{"@type":"ReadAction","target":["https:\/\/apuntesdesanluis.com\/index.php\/2025\/01\/16\/homicidio-de-efectivo-policial-en-cortaderas-prorrogan-la-prision-preventiva-del-imputado\/"]}]},{"@type":"ImageObject","inLanguage":"es-AR","@id":"https:\/\/apuntesdesanluis.com\/index.php\/2025\/01\/16\/homicidio-de-efectivo-policial-en-cortaderas-prorrogan-la-prision-preventiva-del-imputado\/#primaryimage","url":"https:\/\/apuntesdesanluis.com\/wp-content\/uploads\/2025\/01\/audien-cia.png","contentUrl":"https:\/\/apuntesdesanluis.com\/wp-content\/uploads\/2025\/01\/audien-cia.png","width":657,"height":364},{"@type":"BreadcrumbList","@id":"https:\/\/apuntesdesanluis.com\/index.php\/2025\/01\/16\/homicidio-de-efectivo-policial-en-cortaderas-prorrogan-la-prision-preventiva-del-imputado\/#breadcrumb","itemListElement":[{"@type":"ListItem","position":1,"name":"Inicio","item":"https:\/\/apuntesdesanluis.com\/"},{"@type":"ListItem","position":2,"name":"HOMICIDIO DE EFECTIVO POLICIAL EN CORTADERAS: PRORROGAN LA PRISI\u00d3N PREVENTIVA DEL IMPUTADO"}]},{"@type":"WebSite","@id":"https:\/\/apuntesdesanluis.com\/#website","url":"https:\/\/apuntesdesanluis.com\/","name":"Apuntes de San Luis","description":"","publisher":{"@id":"https:\/\/apuntesdesanluis.com\/#\/schema\/person\/b55151d52296fcce64d1a72538a70b90"},"potentialAction":[{"@type":"SearchAction","target":{"@type":"EntryPoint","urlTemplate":"https:\/\/apuntesdesanluis.com\/?s={search_term_string}"},"query-input":{"@type":"PropertyValueSpecification","valueRequired":true,"valueName":"search_term_string"}}],"inLanguage":"es-AR"},{"@type":["Person","Organization"],"@id":"https:\/\/apuntesdesanluis.com\/#\/schema\/person\/b55151d52296fcce64d1a72538a70b90","name":"apuntesdesanluis.com","image":{"@type":"ImageObject","inLanguage":"es-AR","@id":"https:\/\/apuntesdesanluis.com\/#\/schema\/person\/image\/","url":"https:\/\/apuntesdesanluis.com\/wp-content\/uploads\/2023\/07\/cropped-apuntesdesanluis.png","contentUrl":"https:\/\/apuntesdesanluis.com\/wp-content\/uploads\/2023\/07\/cropped-apuntesdesanluis.png","width":450,"height":112,"caption":"apuntesdesanluis.com"},"logo":{"@id":"https:\/\/apuntesdesanluis.com\/#\/schema\/person\/image\/"},"sameAs":["https:\/\/apuntesdesanluis.com"],"url":"https:\/\/apuntesdesanluis.com\/index.php\/author\/apuntesdesanluis-com\/"}]}},"featured_image_urls":{"full":["https:\/\/apuntesdesanluis.com\/wp-content\/uploads\/2025\/01\/audien-cia.png",657,364,false],"thumbnail":["https:\/\/apuntesdesanluis.com\/wp-content\/uploads\/2025\/01\/audien-cia-150x150.png",150,150,true],"medium":["https:\/\/apuntesdesanluis.com\/wp-content\/uploads\/2025\/01\/audien-cia-300x166.png",300,166,true],"medium_large":["https:\/\/apuntesdesanluis.com\/wp-content\/uploads\/2025\/01\/audien-cia.png",640,355,false],"large":["https:\/\/apuntesdesanluis.com\/wp-content\/uploads\/2025\/01\/audien-cia.png",640,355,false],"1536x1536":["https:\/\/apuntesdesanluis.com\/wp-content\/uploads\/2025\/01\/audien-cia.png",657,364,false],"2048x2048":["https:\/\/apuntesdesanluis.com\/wp-content\/uploads\/2025\/01\/audien-cia.png",657,364,false],"newsever-slider-full":["https:\/\/apuntesdesanluis.com\/wp-content\/uploads\/2025\/01\/audien-cia.png",657,364,false],"newsever-featured":["https:\/\/apuntesdesanluis.com\/wp-content\/uploads\/2025\/01\/audien-cia.png",657,364,false],"newsever-medium":["https:\/\/apuntesdesanluis.com\/wp-content\/uploads\/2025\/01\/audien-cia.png",657,364,false]},"author_info":{"display_name":"apuntesdesanluis.com","author_link":"https:\/\/apuntesdesanluis.com\/index.php\/author\/apuntesdesanluis-com\/"},"category_info":"<a href=\"https:\/\/apuntesdesanluis.com\/index.php\/category\/ciudad-provincia\/\" rel=\"category tag\">Ciudad\/Provincia<\/a>","tag_info":"Ciudad\/Provincia","comment_count":"0","_links":{"self":[{"href":"https:\/\/apuntesdesanluis.com\/index.php\/wp-json\/wp\/v2\/posts\/27840","targetHints":{"allow":["GET"]}}],"collection":[{"href":"https:\/\/apuntesdesanluis.com\/index.php\/wp-json\/wp\/v2\/posts"}],"about":[{"href":"https:\/\/apuntesdesanluis.com\/index.php\/wp-json\/wp\/v2\/types\/post"}],"author":[{"embeddable":true,"href":"https:\/\/apuntesdesanluis.com\/index.php\/wp-json\/wp\/v2\/users\/1"}],"replies":[{"embeddable":true,"href":"https:\/\/apuntesdesanluis.com\/index.php\/wp-json\/wp\/v2\/comments?post=27840"}],"version-history":[{"count":3,"href":"https:\/\/apuntesdesanluis.com\/index.php\/wp-json\/wp\/v2\/posts\/27840\/revisions"}],"predecessor-version":[{"id":27844,"href":"https:\/\/apuntesdesanluis.com\/index.php\/wp-json\/wp\/v2\/posts\/27840\/revisions\/27844"}],"wp:featuredmedia":[{"embeddable":true,"href":"https:\/\/apuntesdesanluis.com\/index.php\/wp-json\/wp\/v2\/media\/27841"}],"wp:attachment":[{"href":"https:\/\/apuntesdesanluis.com\/index.php\/wp-json\/wp\/v2\/media?parent=27840"}],"wp:term":[{"taxonomy":"category","embeddable":true,"href":"https:\/\/apuntesdesanluis.com\/index.php\/wp-json\/wp\/v2\/categories?post=27840"},{"taxonomy":"post_tag","embeddable":true,"href":"https:\/\/apuntesdesanluis.com\/index.php\/wp-json\/wp\/v2\/tags?post=27840"}],"curies":[{"name":"wp","href":"https:\/\/api.w.org\/{rel}","templated":true}]}}