{"id":27845,"date":"2025-01-16T19:46:44","date_gmt":"2025-01-16T22:46:44","guid":{"rendered":"https:\/\/apuntesdesanluis.com\/?p=27845"},"modified":"2025-01-16T19:46:44","modified_gmt":"2025-01-16T22:46:44","slug":"agenda-recreativa-y-cultural-de-la-villa-de-merlo","status":"publish","type":"post","link":"https:\/\/apuntesdesanluis.com\/index.php\/2025\/01\/16\/agenda-recreativa-y-cultural-de-la-villa-de-merlo\/","title":{"rendered":"AGENDA RECREATIVA Y CULTURAL DE LA VILLA DE MERLO"},"content":{"rendered":"<h3>La villa serrana se prepara para un fin de semana lleno de actividades y propuestas culturales, deportivas y recreativas organizadas por el Municipio a trav\u00e9s de sus distintas secretar\u00edas.<\/h3>\n<h3>Adem\u00e1s de sus imponentes paisajes, la ciudad invita a locales y turistas a disfrutar de una variada oferta para todos los gustos. Desde espect\u00e1culos musicales hasta actividades deportivas, cada propuesta busca generar experiencias \u00fanicas para quienes elijan pasar su tiempo en este maravilloso rinc\u00f3n serrano.<\/h3>\n<h3><strong>Viernes 17 de enero<\/strong><\/h3>\n<ul>\n<li>\n<h3><strong>La Pe\u00f1a de Do\u00f1a Coca en Casa Museo Palmira Scrosoppi a partir de las 20 hs: <\/strong>Un encuentro con la tradici\u00f3n y el folklore, ideal para disfrutar en familia o con amigos. Habr\u00e1 m\u00fasica en vivo, danzas t\u00edpicas, humoristas, sorteos, comidas t\u00edpicas creando un ambiente que resalta nuestras ra\u00edces culturales. Cierre a cargo de: Astiyas del Mismo Palo. <strong>Entrada libre y gratuita.<\/strong><\/h3>\n<\/li>\n<\/ul>\n<h3><strong>S\u00e1bado 18 de enero<\/strong><\/h3>\n<ul>\n<li>\n<h3><strong>2\u00b0 Sprint Nocturno<\/strong>: Una emocionante carrera nocturna en el Camping Municipal. Este evento deportivo promete adrenalina y diversi\u00f3n bajo las estrellas, con circuitos especialmente dise\u00f1ados para corredores de todos los niveles.<\/h3>\n<\/li>\n<li>\n<h3><strong>Pre Festival<\/strong>, <strong>desde las 16:00 hs. en el Mercado Merlino<\/strong>: Disfrut\u00e1 de m\u00fasica en vivo con artistas locales y regionales que traer\u00e1n un anticipo del esp\u00edritu festivalero. El cierre estar\u00e1 a cargo de Jessica Benavidez. Adem\u00e1s, habr\u00e1 puestos de comidas t\u00edpicas y bebidas para acompa\u00f1ar la velada. <strong>Entrada libre y gratuita. <\/strong><\/h3>\n<\/li>\n<li>\n<h3><strong>M\u00fasica al Atardecer &#8211; Sunset<\/strong> de 18:00 a 21:00 hs, en el Mirador del Tala Ca\u00eddo habr\u00e1 un ciclo de electr\u00f3nica de la mano de DJs: JP Velardi, Kitek y Sequence. All\u00ed podr\u00e1s deleitarte con un show musical mientras disfrutas de un paisaje \u00fanico al caer el sol. <strong>Entrada libre y gratuita. <\/strong><\/h3>\n<\/li>\n<\/ul>\n<h3>Adem\u00e1s, todos los d\u00edas est\u00e1n abiertos los sitios culturales, ofreciendo exposiciones permanentes e itinerantes:<\/h3>\n<h3>&#8211; \u00a0\u00a0\u00a0 <strong>Casa Museo Palmira: <\/strong>Av. del Sol 872: Lunes a s\u00e1bados, de 9 a 19 hs.<\/h3>\n<h3>&#8211; \u00a0\u00a0\u00a0 Museo Lolma Piedra Blanca abajo: Lunes a viernes, de 9 a 19 hs.<\/h3>\n<ul>\n<li>\n<h3><strong>Casa del Bicentenario<\/strong> &#8211; Piedra Blanca arriba: Lunes a viernes, de 9 a 19 hs.<\/h3>\n<\/li>\n<\/ul>\n<h3>Exposici\u00f3n fotogr\u00e1fica de aves, ph. H\u00e9ctor Aranda<\/h3>\n<ul>\n<li>\n<h3><strong>Casa del Poeta<\/strong>: Sobremonte y Poeta Ag\u00fcero: Todos los d\u00edas de 9 a 20 hs.<\/h3>\n<\/li>\n<li>\n<h3><strong>Museo Kurteff: <\/strong>Rinc\u00f3n del Este &#8211; Entrada gratis los lunes 10 a 16 hs.<\/h3>\n<\/li>\n<li>\n<h3><strong>Paseo municipal de artesanos:<\/strong> De 19 a 00 hs. M\u00fasica en vivo y espect\u00e1culos a la gorra.<\/h3>\n<\/li>\n<\/ul>\n<h3>Cada una de estas propuestas est\u00e1 pensada para ofrecer momentos de disfrute, entretenimiento y conexi\u00f3n con nuestra cultura y entorno natural. Nuestra ciudad se consolida como un destino que no solo encanta por su belleza, sino tambi\u00e9n por la calidad y diversidad de sus actividades.<\/h3>\n<p>&nbsp;<\/p>\n<p>&nbsp;<\/p>\n<p>&nbsp;<\/p>\n<p>&nbsp;<\/p>\n","protected":false},"excerpt":{"rendered":"<p>La villa serrana se prepara para un fin de semana lleno de actividades y propuestas&#8230;<\/p>\n","protected":false},"author":1,"featured_media":27846,"comment_status":"closed","ping_status":"closed","sticky":false,"template":"","format":"standard","meta":{"footnotes":""},"categories":[6],"tags":[],"class_list":["post-27845","post","type-post","status-publish","format-standard","has-post-thumbnail","hentry","category-ciudad-provincia"],"yoast_head":"<!-- This site is optimized with the Yoast SEO plugin v26.1.1 - https:\/\/yoast.com\/wordpress\/plugins\/seo\/ -->\n<title>AGENDA RECREATIVA Y CULTURAL DE LA VILLA DE MERLO - Apuntes de San Luis<\/title>\n<meta name=\"robots\" content=\"index, follow, max-snippet:-1, max-image-preview:large, max-video-preview:-1\" \/>\n<link rel=\"canonical\" href=\"https:\/\/apuntesdesanluis.com\/index.php\/2025\/01\/16\/agenda-recreativa-y-cultural-de-la-villa-de-merlo\/\" \/>\n<meta property=\"og:locale\" content=\"es_ES\" \/>\n<meta property=\"og:type\" content=\"article\" \/>\n<meta property=\"og:title\" content=\"AGENDA RECREATIVA Y CULTURAL DE LA VILLA DE MERLO - Apuntes de San Luis\" \/>\n<meta property=\"og:description\" content=\"La villa serrana se prepara para un fin de semana lleno de actividades y propuestas...\" \/>\n<meta property=\"og:url\" content=\"https:\/\/apuntesdesanluis.com\/index.php\/2025\/01\/16\/agenda-recreativa-y-cultural-de-la-villa-de-merlo\/\" \/>\n<meta property=\"og:site_name\" content=\"Apuntes de San Luis\" \/>\n<meta property=\"article:published_time\" content=\"2025-01-16T22:46:44+00:00\" \/>\n<meta property=\"og:image\" content=\"https:\/\/apuntesdesanluis.com\/wp-content\/uploads\/2025\/01\/MERLO.jpg\" \/>\n\t<meta property=\"og:image:width\" content=\"765\" \/>\n\t<meta property=\"og:image:height\" content=\"522\" \/>\n\t<meta property=\"og:image:type\" content=\"image\/jpeg\" \/>\n<meta name=\"author\" content=\"apuntesdesanluis.com\" \/>\n<meta name=\"twitter:card\" content=\"summary_large_image\" \/>\n<meta name=\"twitter:label1\" content=\"Escrito por\" \/>\n\t<meta name=\"twitter:data1\" content=\"apuntesdesanluis.com\" \/>\n\t<meta name=\"twitter:label2\" content=\"Tiempo de lectura\" \/>\n\t<meta name=\"twitter:data2\" content=\"3 minutos\" \/>\n<script type=\"application\/ld+json\" class=\"yoast-schema-graph\">{\"@context\":\"https:\/\/schema.org\",\"@graph\":[{\"@type\":\"Article\",\"@id\":\"https:\/\/apuntesdesanluis.com\/index.php\/2025\/01\/16\/agenda-recreativa-y-cultural-de-la-villa-de-merlo\/#article\",\"isPartOf\":{\"@id\":\"https:\/\/apuntesdesanluis.com\/index.php\/2025\/01\/16\/agenda-recreativa-y-cultural-de-la-villa-de-merlo\/\"},\"author\":{\"name\":\"apuntesdesanluis.com\",\"@id\":\"https:\/\/apuntesdesanluis.com\/#\/schema\/person\/b55151d52296fcce64d1a72538a70b90\"},\"headline\":\"AGENDA RECREATIVA Y CULTURAL DE LA VILLA DE MERLO\",\"datePublished\":\"2025-01-16T22:46:44+00:00\",\"mainEntityOfPage\":{\"@id\":\"https:\/\/apuntesdesanluis.com\/index.php\/2025\/01\/16\/agenda-recreativa-y-cultural-de-la-villa-de-merlo\/\"},\"wordCount\":467,\"publisher\":{\"@id\":\"https:\/\/apuntesdesanluis.com\/#\/schema\/person\/b55151d52296fcce64d1a72538a70b90\"},\"image\":{\"@id\":\"https:\/\/apuntesdesanluis.com\/index.php\/2025\/01\/16\/agenda-recreativa-y-cultural-de-la-villa-de-merlo\/#primaryimage\"},\"thumbnailUrl\":\"https:\/\/apuntesdesanluis.com\/wp-content\/uploads\/2025\/01\/MERLO.jpg\",\"articleSection\":[\"Ciudad\/Provincia\"],\"inLanguage\":\"es-AR\"},{\"@type\":\"WebPage\",\"@id\":\"https:\/\/apuntesdesanluis.com\/index.php\/2025\/01\/16\/agenda-recreativa-y-cultural-de-la-villa-de-merlo\/\",\"url\":\"https:\/\/apuntesdesanluis.com\/index.php\/2025\/01\/16\/agenda-recreativa-y-cultural-de-la-villa-de-merlo\/\",\"name\":\"AGENDA RECREATIVA Y CULTURAL DE LA VILLA DE MERLO - Apuntes de San Luis\",\"isPartOf\":{\"@id\":\"https:\/\/apuntesdesanluis.com\/#website\"},\"primaryImageOfPage\":{\"@id\":\"https:\/\/apuntesdesanluis.com\/index.php\/2025\/01\/16\/agenda-recreativa-y-cultural-de-la-villa-de-merlo\/#primaryimage\"},\"image\":{\"@id\":\"https:\/\/apuntesdesanluis.com\/index.php\/2025\/01\/16\/agenda-recreativa-y-cultural-de-la-villa-de-merlo\/#primaryimage\"},\"thumbnailUrl\":\"https:\/\/apuntesdesanluis.com\/wp-content\/uploads\/2025\/01\/MERLO.jpg\",\"datePublished\":\"2025-01-16T22:46:44+00:00\",\"breadcrumb\":{\"@id\":\"https:\/\/apuntesdesanluis.com\/index.php\/2025\/01\/16\/agenda-recreativa-y-cultural-de-la-villa-de-merlo\/#breadcrumb\"},\"inLanguage\":\"es-AR\",\"potentialAction\":[{\"@type\":\"ReadAction\",\"target\":[\"https:\/\/apuntesdesanluis.com\/index.php\/2025\/01\/16\/agenda-recreativa-y-cultural-de-la-villa-de-merlo\/\"]}]},{\"@type\":\"ImageObject\",\"inLanguage\":\"es-AR\",\"@id\":\"https:\/\/apuntesdesanluis.com\/index.php\/2025\/01\/16\/agenda-recreativa-y-cultural-de-la-villa-de-merlo\/#primaryimage\",\"url\":\"https:\/\/apuntesdesanluis.com\/wp-content\/uploads\/2025\/01\/MERLO.jpg\",\"contentUrl\":\"https:\/\/apuntesdesanluis.com\/wp-content\/uploads\/2025\/01\/MERLO.jpg\",\"width\":765,\"height\":522},{\"@type\":\"BreadcrumbList\",\"@id\":\"https:\/\/apuntesdesanluis.com\/index.php\/2025\/01\/16\/agenda-recreativa-y-cultural-de-la-villa-de-merlo\/#breadcrumb\",\"itemListElement\":[{\"@type\":\"ListItem\",\"position\":1,\"name\":\"Inicio\",\"item\":\"https:\/\/apuntesdesanluis.com\/\"},{\"@type\":\"ListItem\",\"position\":2,\"name\":\"AGENDA RECREATIVA Y CULTURAL DE LA VILLA DE MERLO\"}]},{\"@type\":\"WebSite\",\"@id\":\"https:\/\/apuntesdesanluis.com\/#website\",\"url\":\"https:\/\/apuntesdesanluis.com\/\",\"name\":\"Apuntes de San Luis\",\"description\":\"\",\"publisher\":{\"@id\":\"https:\/\/apuntesdesanluis.com\/#\/schema\/person\/b55151d52296fcce64d1a72538a70b90\"},\"potentialAction\":[{\"@type\":\"SearchAction\",\"target\":{\"@type\":\"EntryPoint\",\"urlTemplate\":\"https:\/\/apuntesdesanluis.com\/?s={search_term_string}\"},\"query-input\":{\"@type\":\"PropertyValueSpecification\",\"valueRequired\":true,\"valueName\":\"search_term_string\"}}],\"inLanguage\":\"es-AR\"},{\"@type\":[\"Person\",\"Organization\"],\"@id\":\"https:\/\/apuntesdesanluis.com\/#\/schema\/person\/b55151d52296fcce64d1a72538a70b90\",\"name\":\"apuntesdesanluis.com\",\"image\":{\"@type\":\"ImageObject\",\"inLanguage\":\"es-AR\",\"@id\":\"https:\/\/apuntesdesanluis.com\/#\/schema\/person\/image\/\",\"url\":\"https:\/\/apuntesdesanluis.com\/wp-content\/uploads\/2023\/07\/cropped-apuntesdesanluis.png\",\"contentUrl\":\"https:\/\/apuntesdesanluis.com\/wp-content\/uploads\/2023\/07\/cropped-apuntesdesanluis.png\",\"width\":450,\"height\":112,\"caption\":\"apuntesdesanluis.com\"},\"logo\":{\"@id\":\"https:\/\/apuntesdesanluis.com\/#\/schema\/person\/image\/\"},\"sameAs\":[\"https:\/\/apuntesdesanluis.com\"],\"url\":\"https:\/\/apuntesdesanluis.com\/index.php\/author\/apuntesdesanluis-com\/\"}]}<\/script>\n<!-- \/ Yoast SEO plugin. -->","yoast_head_json":{"title":"AGENDA RECREATIVA Y CULTURAL DE LA VILLA DE MERLO - Apuntes de San Luis","robots":{"index":"index","follow":"follow","max-snippet":"max-snippet:-1","max-image-preview":"max-image-preview:large","max-video-preview":"max-video-preview:-1"},"canonical":"https:\/\/apuntesdesanluis.com\/index.php\/2025\/01\/16\/agenda-recreativa-y-cultural-de-la-villa-de-merlo\/","og_locale":"es_ES","og_type":"article","og_title":"AGENDA RECREATIVA Y CULTURAL DE LA VILLA DE MERLO - Apuntes de San Luis","og_description":"La villa serrana se prepara para un fin de semana lleno de actividades y propuestas...","og_url":"https:\/\/apuntesdesanluis.com\/index.php\/2025\/01\/16\/agenda-recreativa-y-cultural-de-la-villa-de-merlo\/","og_site_name":"Apuntes de San Luis","article_published_time":"2025-01-16T22:46:44+00:00","og_image":[{"width":765,"height":522,"url":"https:\/\/apuntesdesanluis.com\/wp-content\/uploads\/2025\/01\/MERLO.jpg","type":"image\/jpeg"}],"author":"apuntesdesanluis.com","twitter_card":"summary_large_image","twitter_misc":{"Escrito por":"apuntesdesanluis.com","Tiempo de lectura":"3 minutos"},"schema":{"@context":"https:\/\/schema.org","@graph":[{"@type":"Article","@id":"https:\/\/apuntesdesanluis.com\/index.php\/2025\/01\/16\/agenda-recreativa-y-cultural-de-la-villa-de-merlo\/#article","isPartOf":{"@id":"https:\/\/apuntesdesanluis.com\/index.php\/2025\/01\/16\/agenda-recreativa-y-cultural-de-la-villa-de-merlo\/"},"author":{"name":"apuntesdesanluis.com","@id":"https:\/\/apuntesdesanluis.com\/#\/schema\/person\/b55151d52296fcce64d1a72538a70b90"},"headline":"AGENDA RECREATIVA Y CULTURAL DE LA VILLA DE MERLO","datePublished":"2025-01-16T22:46:44+00:00","mainEntityOfPage":{"@id":"https:\/\/apuntesdesanluis.com\/index.php\/2025\/01\/16\/agenda-recreativa-y-cultural-de-la-villa-de-merlo\/"},"wordCount":467,"publisher":{"@id":"https:\/\/apuntesdesanluis.com\/#\/schema\/person\/b55151d52296fcce64d1a72538a70b90"},"image":{"@id":"https:\/\/apuntesdesanluis.com\/index.php\/2025\/01\/16\/agenda-recreativa-y-cultural-de-la-villa-de-merlo\/#primaryimage"},"thumbnailUrl":"https:\/\/apuntesdesanluis.com\/wp-content\/uploads\/2025\/01\/MERLO.jpg","articleSection":["Ciudad\/Provincia"],"inLanguage":"es-AR"},{"@type":"WebPage","@id":"https:\/\/apuntesdesanluis.com\/index.php\/2025\/01\/16\/agenda-recreativa-y-cultural-de-la-villa-de-merlo\/","url":"https:\/\/apuntesdesanluis.com\/index.php\/2025\/01\/16\/agenda-recreativa-y-cultural-de-la-villa-de-merlo\/","name":"AGENDA RECREATIVA Y CULTURAL DE LA VILLA DE MERLO - Apuntes de San Luis","isPartOf":{"@id":"https:\/\/apuntesdesanluis.com\/#website"},"primaryImageOfPage":{"@id":"https:\/\/apuntesdesanluis.com\/index.php\/2025\/01\/16\/agenda-recreativa-y-cultural-de-la-villa-de-merlo\/#primaryimage"},"image":{"@id":"https:\/\/apuntesdesanluis.com\/index.php\/2025\/01\/16\/agenda-recreativa-y-cultural-de-la-villa-de-merlo\/#primaryimage"},"thumbnailUrl":"https:\/\/apuntesdesanluis.com\/wp-content\/uploads\/2025\/01\/MERLO.jpg","datePublished":"2025-01-16T22:46:44+00:00","breadcrumb":{"@id":"https:\/\/apuntesdesanluis.com\/index.php\/2025\/01\/16\/agenda-recreativa-y-cultural-de-la-villa-de-merlo\/#breadcrumb"},"inLanguage":"es-AR","potentialAction":[{"@type":"ReadAction","target":["https:\/\/apuntesdesanluis.com\/index.php\/2025\/01\/16\/agenda-recreativa-y-cultural-de-la-villa-de-merlo\/"]}]},{"@type":"ImageObject","inLanguage":"es-AR","@id":"https:\/\/apuntesdesanluis.com\/index.php\/2025\/01\/16\/agenda-recreativa-y-cultural-de-la-villa-de-merlo\/#primaryimage","url":"https:\/\/apuntesdesanluis.com\/wp-content\/uploads\/2025\/01\/MERLO.jpg","contentUrl":"https:\/\/apuntesdesanluis.com\/wp-content\/uploads\/2025\/01\/MERLO.jpg","width":765,"height":522},{"@type":"BreadcrumbList","@id":"https:\/\/apuntesdesanluis.com\/index.php\/2025\/01\/16\/agenda-recreativa-y-cultural-de-la-villa-de-merlo\/#breadcrumb","itemListElement":[{"@type":"ListItem","position":1,"name":"Inicio","item":"https:\/\/apuntesdesanluis.com\/"},{"@type":"ListItem","position":2,"name":"AGENDA RECREATIVA Y CULTURAL DE LA VILLA DE MERLO"}]},{"@type":"WebSite","@id":"https:\/\/apuntesdesanluis.com\/#website","url":"https:\/\/apuntesdesanluis.com\/","name":"Apuntes de San Luis","description":"","publisher":{"@id":"https:\/\/apuntesdesanluis.com\/#\/schema\/person\/b55151d52296fcce64d1a72538a70b90"},"potentialAction":[{"@type":"SearchAction","target":{"@type":"EntryPoint","urlTemplate":"https:\/\/apuntesdesanluis.com\/?s={search_term_string}"},"query-input":{"@type":"PropertyValueSpecification","valueRequired":true,"valueName":"search_term_string"}}],"inLanguage":"es-AR"},{"@type":["Person","Organization"],"@id":"https:\/\/apuntesdesanluis.com\/#\/schema\/person\/b55151d52296fcce64d1a72538a70b90","name":"apuntesdesanluis.com","image":{"@type":"ImageObject","inLanguage":"es-AR","@id":"https:\/\/apuntesdesanluis.com\/#\/schema\/person\/image\/","url":"https:\/\/apuntesdesanluis.com\/wp-content\/uploads\/2023\/07\/cropped-apuntesdesanluis.png","contentUrl":"https:\/\/apuntesdesanluis.com\/wp-content\/uploads\/2023\/07\/cropped-apuntesdesanluis.png","width":450,"height":112,"caption":"apuntesdesanluis.com"},"logo":{"@id":"https:\/\/apuntesdesanluis.com\/#\/schema\/person\/image\/"},"sameAs":["https:\/\/apuntesdesanluis.com"],"url":"https:\/\/apuntesdesanluis.com\/index.php\/author\/apuntesdesanluis-com\/"}]}},"featured_image_urls":{"full":["https:\/\/apuntesdesanluis.com\/wp-content\/uploads\/2025\/01\/MERLO.jpg",765,522,false],"thumbnail":["https:\/\/apuntesdesanluis.com\/wp-content\/uploads\/2025\/01\/MERLO-150x150.jpg",150,150,true],"medium":["https:\/\/apuntesdesanluis.com\/wp-content\/uploads\/2025\/01\/MERLO-300x205.jpg",300,205,true],"medium_large":["https:\/\/apuntesdesanluis.com\/wp-content\/uploads\/2025\/01\/MERLO.jpg",640,437,false],"large":["https:\/\/apuntesdesanluis.com\/wp-content\/uploads\/2025\/01\/MERLO.jpg",640,437,false],"1536x1536":["https:\/\/apuntesdesanluis.com\/wp-content\/uploads\/2025\/01\/MERLO.jpg",765,522,false],"2048x2048":["https:\/\/apuntesdesanluis.com\/wp-content\/uploads\/2025\/01\/MERLO.jpg",765,522,false],"newsever-slider-full":["https:\/\/apuntesdesanluis.com\/wp-content\/uploads\/2025\/01\/MERLO.jpg",765,522,false],"newsever-featured":["https:\/\/apuntesdesanluis.com\/wp-content\/uploads\/2025\/01\/MERLO.jpg",765,522,false],"newsever-medium":["https:\/\/apuntesdesanluis.com\/wp-content\/uploads\/2025\/01\/MERLO-720x475.jpg",720,475,true]},"author_info":{"display_name":"apuntesdesanluis.com","author_link":"https:\/\/apuntesdesanluis.com\/index.php\/author\/apuntesdesanluis-com\/"},"category_info":"<a href=\"https:\/\/apuntesdesanluis.com\/index.php\/category\/ciudad-provincia\/\" rel=\"category tag\">Ciudad\/Provincia<\/a>","tag_info":"Ciudad\/Provincia","comment_count":"0","_links":{"self":[{"href":"https:\/\/apuntesdesanluis.com\/index.php\/wp-json\/wp\/v2\/posts\/27845","targetHints":{"allow":["GET"]}}],"collection":[{"href":"https:\/\/apuntesdesanluis.com\/index.php\/wp-json\/wp\/v2\/posts"}],"about":[{"href":"https:\/\/apuntesdesanluis.com\/index.php\/wp-json\/wp\/v2\/types\/post"}],"author":[{"embeddable":true,"href":"https:\/\/apuntesdesanluis.com\/index.php\/wp-json\/wp\/v2\/users\/1"}],"replies":[{"embeddable":true,"href":"https:\/\/apuntesdesanluis.com\/index.php\/wp-json\/wp\/v2\/comments?post=27845"}],"version-history":[{"count":1,"href":"https:\/\/apuntesdesanluis.com\/index.php\/wp-json\/wp\/v2\/posts\/27845\/revisions"}],"predecessor-version":[{"id":27847,"href":"https:\/\/apuntesdesanluis.com\/index.php\/wp-json\/wp\/v2\/posts\/27845\/revisions\/27847"}],"wp:featuredmedia":[{"embeddable":true,"href":"https:\/\/apuntesdesanluis.com\/index.php\/wp-json\/wp\/v2\/media\/27846"}],"wp:attachment":[{"href":"https:\/\/apuntesdesanluis.com\/index.php\/wp-json\/wp\/v2\/media?parent=27845"}],"wp:term":[{"taxonomy":"category","embeddable":true,"href":"https:\/\/apuntesdesanluis.com\/index.php\/wp-json\/wp\/v2\/categories?post=27845"},{"taxonomy":"post_tag","embeddable":true,"href":"https:\/\/apuntesdesanluis.com\/index.php\/wp-json\/wp\/v2\/tags?post=27845"}],"curies":[{"name":"wp","href":"https:\/\/api.w.org\/{rel}","templated":true}]}}