{"id":27848,"date":"2025-01-16T20:04:18","date_gmt":"2025-01-16T23:04:18","guid":{"rendered":"https:\/\/apuntesdesanluis.com\/?p=27848"},"modified":"2025-01-16T20:07:16","modified_gmt":"2025-01-16T23:07:16","slug":"como-adquirir-las-entradas-para-la-36-fiesta-nacional-de-la-calle-angosta","status":"publish","type":"post","link":"https:\/\/apuntesdesanluis.com\/index.php\/2025\/01\/16\/como-adquirir-las-entradas-para-la-36-fiesta-nacional-de-la-calle-angosta\/","title":{"rendered":"C\u00d3MO ADQUIRIR LAS ENTRADAS PARA LA 36\u00b0 FIESTA NACIONAL DE LA CALLE ANGOSTA"},"content":{"rendered":"<h3>La Municipalidad de Villa Mercedes dio a conocer los diferentes modos en que se pueden adquirir las entradas para participar de esta fiesta que se realizar\u00e1 del <strong>23 al 26 de enero<\/strong>, y que tendr\u00e1 como uno de sus principales n\u00fameros al artista <strong>Jorge Rojas<\/strong>.<\/h3>\n<h3>Se han dispuesto tres puntos de venta f\u00edsicos:<\/h3>\n<h3>\ud83d\udc49\ud83c\udffb Hall central del Municipio (Avda. Mitre 1025) de lunes a viernes de 8 a 16 hs<\/h3>\n<h3>\ud83d\udc49\ud83c\udffb CAM del Centro (Buenos Aires 40) lunes a viernes de 8 a 16 hs<\/h3>\n<h3>\ud83d\udc49\ud83c\udffb Casa de los Artistas (Calle Angosta) lunes a viernes de 9 a 14 y de 18 a 21 hs y los s\u00e1bados de 9 a 13 hs.<\/h3>\n<h3>El precio de la anticipada es de $8.500 y se puede pagar en efectivo, con d\u00e9bito, cr\u00e9dito y billeteras virtuales.<\/h3>\n<h3>Tambi\u00e9n se pueden comprar las anticipadas en la p\u00e1gina web <a href=\"http:\/\/www.tuentrada.com\">www.tuentrada.com<\/a>. Escribiendo Calle Angosta en el buscador se puede encontrar toda la info, noche por noche.<\/h3>\n<h3>En taquilla el valor ser\u00e1 de $10.000.<\/h3>\n<h3>Este mi\u00e9rcoles integrantes de la comisi\u00f3n organizadora mantuvieron una reuni\u00f3n de trabajo con el ministro de Turismo de la provincia, <strong>Juan \u00c1lvarez Pinto<\/strong>, a fin de informarle distintos detalles de la fiesta y coordinar el trabajo con el gobierno de la provincia, que auspicia la fiesta.<\/h3>\n<p><img fetchpriority=\"high\" decoding=\"async\" class=\"wp-image-27854 aligncenter\" src=\"https:\/\/apuntesdesanluis.com\/wp-content\/uploads\/2025\/01\/alvarez-pinto-300x180.png\" alt=\"\" width=\"680\" height=\"408\" srcset=\"https:\/\/apuntesdesanluis.com\/wp-content\/uploads\/2025\/01\/alvarez-pinto-300x180.png 300w, https:\/\/apuntesdesanluis.com\/wp-content\/uploads\/2025\/01\/alvarez-pinto-768x462.png 768w, https:\/\/apuntesdesanluis.com\/wp-content\/uploads\/2025\/01\/alvarez-pinto.png 847w\" sizes=\"(max-width: 680px) 100vw, 680px\" \/><\/p>\n<h3>&#8220;Realmente observo con agrado que est\u00e1n muy aceitados en cuanto a la organizaci\u00f3n de este festival, evidentemente la experiencia que han ganado en casi cuatro d\u00e9cadas se nota. Adem\u00e1s, la grilla de artistas que actuar\u00e1n es impresionante. Est\u00e1 todo dado para que sea una gran fiesta&#8221;, asegur\u00f3 el funcionario.<\/h3>\n<h3><span style=\"color: #3366ff;\"><strong>PROGRAMACI\u00d3N DE CADA NOCHE<\/strong><\/span><\/h3>\n<p><img decoding=\"async\" class=\"wp-image-27849 aligncenter\" src=\"https:\/\/apuntesdesanluis.com\/wp-content\/uploads\/2025\/01\/jueves-240x300.jpg\" alt=\"\" width=\"524\" height=\"655\" srcset=\"https:\/\/apuntesdesanluis.com\/wp-content\/uploads\/2025\/01\/jueves-240x300.jpg 240w, https:\/\/apuntesdesanluis.com\/wp-content\/uploads\/2025\/01\/jueves.jpg 480w\" sizes=\"(max-width: 524px) 100vw, 524px\" \/><\/p>\n<p><img decoding=\"async\" class=\"wp-image-27850 aligncenter\" src=\"https:\/\/apuntesdesanluis.com\/wp-content\/uploads\/2025\/01\/viernes-240x300.jpg\" alt=\"\" width=\"525\" height=\"656\" srcset=\"https:\/\/apuntesdesanluis.com\/wp-content\/uploads\/2025\/01\/viernes-240x300.jpg 240w, https:\/\/apuntesdesanluis.com\/wp-content\/uploads\/2025\/01\/viernes.jpg 480w\" sizes=\"(max-width: 525px) 100vw, 525px\" \/><\/p>\n<p><img loading=\"lazy\" decoding=\"async\" class=\"wp-image-27851 aligncenter\" src=\"https:\/\/apuntesdesanluis.com\/wp-content\/uploads\/2025\/01\/sabado-240x300.jpg\" alt=\"\" width=\"525\" height=\"656\" srcset=\"https:\/\/apuntesdesanluis.com\/wp-content\/uploads\/2025\/01\/sabado-240x300.jpg 240w, https:\/\/apuntesdesanluis.com\/wp-content\/uploads\/2025\/01\/sabado.jpg 480w\" sizes=\"(max-width: 525px) 100vw, 525px\" \/><\/p>\n<p><img loading=\"lazy\" decoding=\"async\" class=\"wp-image-27852 aligncenter\" src=\"https:\/\/apuntesdesanluis.com\/wp-content\/uploads\/2025\/01\/domingo-240x300.jpg\" alt=\"\" width=\"526\" height=\"658\" srcset=\"https:\/\/apuntesdesanluis.com\/wp-content\/uploads\/2025\/01\/domingo-240x300.jpg 240w, https:\/\/apuntesdesanluis.com\/wp-content\/uploads\/2025\/01\/domingo.jpg 480w\" sizes=\"(max-width: 526px) 100vw, 526px\" \/><\/p>\n<p>&nbsp;<\/p>\n<p>&nbsp;<\/p>\n<p>&nbsp;<\/p>\n","protected":false},"excerpt":{"rendered":"<p>La Municipalidad de Villa Mercedes dio a conocer los diferentes modos en que se pueden&#8230;<\/p>\n","protected":false},"author":1,"featured_media":27853,"comment_status":"closed","ping_status":"closed","sticky":false,"template":"","format":"standard","meta":{"footnotes":""},"categories":[6],"tags":[],"class_list":["post-27848","post","type-post","status-publish","format-standard","has-post-thumbnail","hentry","category-ciudad-provincia"],"yoast_head":"<!-- This site is optimized with the Yoast SEO plugin v26.1.1 - https:\/\/yoast.com\/wordpress\/plugins\/seo\/ -->\n<title>C\u00d3MO ADQUIRIR LAS ENTRADAS PARA LA 36\u00b0 FIESTA NACIONAL DE LA CALLE ANGOSTA - Apuntes de San Luis<\/title>\n<meta name=\"robots\" content=\"index, follow, max-snippet:-1, max-image-preview:large, max-video-preview:-1\" \/>\n<link rel=\"canonical\" href=\"https:\/\/apuntesdesanluis.com\/index.php\/2025\/01\/16\/como-adquirir-las-entradas-para-la-36-fiesta-nacional-de-la-calle-angosta\/\" \/>\n<meta property=\"og:locale\" content=\"es_ES\" \/>\n<meta property=\"og:type\" content=\"article\" \/>\n<meta property=\"og:title\" content=\"C\u00d3MO ADQUIRIR LAS ENTRADAS PARA LA 36\u00b0 FIESTA NACIONAL DE LA CALLE ANGOSTA - Apuntes de San Luis\" \/>\n<meta property=\"og:description\" content=\"La Municipalidad de Villa Mercedes dio a conocer los diferentes modos en que se pueden...\" \/>\n<meta property=\"og:url\" content=\"https:\/\/apuntesdesanluis.com\/index.php\/2025\/01\/16\/como-adquirir-las-entradas-para-la-36-fiesta-nacional-de-la-calle-angosta\/\" \/>\n<meta property=\"og:site_name\" content=\"Apuntes de San Luis\" \/>\n<meta property=\"article:published_time\" content=\"2025-01-16T23:04:18+00:00\" \/>\n<meta property=\"article:modified_time\" content=\"2025-01-16T23:07:16+00:00\" \/>\n<meta property=\"og:image\" content=\"https:\/\/apuntesdesanluis.com\/wp-content\/uploads\/2025\/01\/JORGE-ROJAS.png\" \/>\n\t<meta property=\"og:image:width\" content=\"617\" \/>\n\t<meta property=\"og:image:height\" content=\"358\" \/>\n\t<meta property=\"og:image:type\" content=\"image\/png\" \/>\n<meta name=\"author\" content=\"apuntesdesanluis.com\" \/>\n<meta name=\"twitter:card\" content=\"summary_large_image\" \/>\n<meta name=\"twitter:label1\" content=\"Escrito por\" \/>\n\t<meta name=\"twitter:data1\" content=\"apuntesdesanluis.com\" \/>\n\t<meta name=\"twitter:label2\" content=\"Tiempo de lectura\" \/>\n\t<meta name=\"twitter:data2\" content=\"3 minutos\" \/>\n<script type=\"application\/ld+json\" class=\"yoast-schema-graph\">{\"@context\":\"https:\/\/schema.org\",\"@graph\":[{\"@type\":\"Article\",\"@id\":\"https:\/\/apuntesdesanluis.com\/index.php\/2025\/01\/16\/como-adquirir-las-entradas-para-la-36-fiesta-nacional-de-la-calle-angosta\/#article\",\"isPartOf\":{\"@id\":\"https:\/\/apuntesdesanluis.com\/index.php\/2025\/01\/16\/como-adquirir-las-entradas-para-la-36-fiesta-nacional-de-la-calle-angosta\/\"},\"author\":{\"name\":\"apuntesdesanluis.com\",\"@id\":\"https:\/\/apuntesdesanluis.com\/#\/schema\/person\/b55151d52296fcce64d1a72538a70b90\"},\"headline\":\"C\u00d3MO ADQUIRIR LAS ENTRADAS PARA LA 36\u00b0 FIESTA NACIONAL DE LA CALLE ANGOSTA\",\"datePublished\":\"2025-01-16T23:04:18+00:00\",\"dateModified\":\"2025-01-16T23:07:16+00:00\",\"mainEntityOfPage\":{\"@id\":\"https:\/\/apuntesdesanluis.com\/index.php\/2025\/01\/16\/como-adquirir-las-entradas-para-la-36-fiesta-nacional-de-la-calle-angosta\/\"},\"wordCount\":280,\"publisher\":{\"@id\":\"https:\/\/apuntesdesanluis.com\/#\/schema\/person\/b55151d52296fcce64d1a72538a70b90\"},\"image\":{\"@id\":\"https:\/\/apuntesdesanluis.com\/index.php\/2025\/01\/16\/como-adquirir-las-entradas-para-la-36-fiesta-nacional-de-la-calle-angosta\/#primaryimage\"},\"thumbnailUrl\":\"https:\/\/apuntesdesanluis.com\/wp-content\/uploads\/2025\/01\/JORGE-ROJAS.png\",\"articleSection\":[\"Ciudad\/Provincia\"],\"inLanguage\":\"es-AR\"},{\"@type\":\"WebPage\",\"@id\":\"https:\/\/apuntesdesanluis.com\/index.php\/2025\/01\/16\/como-adquirir-las-entradas-para-la-36-fiesta-nacional-de-la-calle-angosta\/\",\"url\":\"https:\/\/apuntesdesanluis.com\/index.php\/2025\/01\/16\/como-adquirir-las-entradas-para-la-36-fiesta-nacional-de-la-calle-angosta\/\",\"name\":\"C\u00d3MO ADQUIRIR LAS ENTRADAS PARA LA 36\u00b0 FIESTA NACIONAL DE LA CALLE ANGOSTA - Apuntes de San Luis\",\"isPartOf\":{\"@id\":\"https:\/\/apuntesdesanluis.com\/#website\"},\"primaryImageOfPage\":{\"@id\":\"https:\/\/apuntesdesanluis.com\/index.php\/2025\/01\/16\/como-adquirir-las-entradas-para-la-36-fiesta-nacional-de-la-calle-angosta\/#primaryimage\"},\"image\":{\"@id\":\"https:\/\/apuntesdesanluis.com\/index.php\/2025\/01\/16\/como-adquirir-las-entradas-para-la-36-fiesta-nacional-de-la-calle-angosta\/#primaryimage\"},\"thumbnailUrl\":\"https:\/\/apuntesdesanluis.com\/wp-content\/uploads\/2025\/01\/JORGE-ROJAS.png\",\"datePublished\":\"2025-01-16T23:04:18+00:00\",\"dateModified\":\"2025-01-16T23:07:16+00:00\",\"breadcrumb\":{\"@id\":\"https:\/\/apuntesdesanluis.com\/index.php\/2025\/01\/16\/como-adquirir-las-entradas-para-la-36-fiesta-nacional-de-la-calle-angosta\/#breadcrumb\"},\"inLanguage\":\"es-AR\",\"potentialAction\":[{\"@type\":\"ReadAction\",\"target\":[\"https:\/\/apuntesdesanluis.com\/index.php\/2025\/01\/16\/como-adquirir-las-entradas-para-la-36-fiesta-nacional-de-la-calle-angosta\/\"]}]},{\"@type\":\"ImageObject\",\"inLanguage\":\"es-AR\",\"@id\":\"https:\/\/apuntesdesanluis.com\/index.php\/2025\/01\/16\/como-adquirir-las-entradas-para-la-36-fiesta-nacional-de-la-calle-angosta\/#primaryimage\",\"url\":\"https:\/\/apuntesdesanluis.com\/wp-content\/uploads\/2025\/01\/JORGE-ROJAS.png\",\"contentUrl\":\"https:\/\/apuntesdesanluis.com\/wp-content\/uploads\/2025\/01\/JORGE-ROJAS.png\",\"width\":617,\"height\":358},{\"@type\":\"BreadcrumbList\",\"@id\":\"https:\/\/apuntesdesanluis.com\/index.php\/2025\/01\/16\/como-adquirir-las-entradas-para-la-36-fiesta-nacional-de-la-calle-angosta\/#breadcrumb\",\"itemListElement\":[{\"@type\":\"ListItem\",\"position\":1,\"name\":\"Inicio\",\"item\":\"https:\/\/apuntesdesanluis.com\/\"},{\"@type\":\"ListItem\",\"position\":2,\"name\":\"C\u00d3MO ADQUIRIR LAS ENTRADAS PARA LA 36\u00b0 FIESTA NACIONAL DE LA CALLE ANGOSTA\"}]},{\"@type\":\"WebSite\",\"@id\":\"https:\/\/apuntesdesanluis.com\/#website\",\"url\":\"https:\/\/apuntesdesanluis.com\/\",\"name\":\"Apuntes de San Luis\",\"description\":\"\",\"publisher\":{\"@id\":\"https:\/\/apuntesdesanluis.com\/#\/schema\/person\/b55151d52296fcce64d1a72538a70b90\"},\"potentialAction\":[{\"@type\":\"SearchAction\",\"target\":{\"@type\":\"EntryPoint\",\"urlTemplate\":\"https:\/\/apuntesdesanluis.com\/?s={search_term_string}\"},\"query-input\":{\"@type\":\"PropertyValueSpecification\",\"valueRequired\":true,\"valueName\":\"search_term_string\"}}],\"inLanguage\":\"es-AR\"},{\"@type\":[\"Person\",\"Organization\"],\"@id\":\"https:\/\/apuntesdesanluis.com\/#\/schema\/person\/b55151d52296fcce64d1a72538a70b90\",\"name\":\"apuntesdesanluis.com\",\"image\":{\"@type\":\"ImageObject\",\"inLanguage\":\"es-AR\",\"@id\":\"https:\/\/apuntesdesanluis.com\/#\/schema\/person\/image\/\",\"url\":\"https:\/\/apuntesdesanluis.com\/wp-content\/uploads\/2023\/07\/cropped-apuntesdesanluis.png\",\"contentUrl\":\"https:\/\/apuntesdesanluis.com\/wp-content\/uploads\/2023\/07\/cropped-apuntesdesanluis.png\",\"width\":450,\"height\":112,\"caption\":\"apuntesdesanluis.com\"},\"logo\":{\"@id\":\"https:\/\/apuntesdesanluis.com\/#\/schema\/person\/image\/\"},\"sameAs\":[\"https:\/\/apuntesdesanluis.com\"],\"url\":\"https:\/\/apuntesdesanluis.com\/index.php\/author\/apuntesdesanluis-com\/\"}]}<\/script>\n<!-- \/ Yoast SEO plugin. -->","yoast_head_json":{"title":"C\u00d3MO ADQUIRIR LAS ENTRADAS PARA LA 36\u00b0 FIESTA NACIONAL DE LA CALLE ANGOSTA - Apuntes de San Luis","robots":{"index":"index","follow":"follow","max-snippet":"max-snippet:-1","max-image-preview":"max-image-preview:large","max-video-preview":"max-video-preview:-1"},"canonical":"https:\/\/apuntesdesanluis.com\/index.php\/2025\/01\/16\/como-adquirir-las-entradas-para-la-36-fiesta-nacional-de-la-calle-angosta\/","og_locale":"es_ES","og_type":"article","og_title":"C\u00d3MO ADQUIRIR LAS ENTRADAS PARA LA 36\u00b0 FIESTA NACIONAL DE LA CALLE ANGOSTA - Apuntes de San Luis","og_description":"La Municipalidad de Villa Mercedes dio a conocer los diferentes modos en que se pueden...","og_url":"https:\/\/apuntesdesanluis.com\/index.php\/2025\/01\/16\/como-adquirir-las-entradas-para-la-36-fiesta-nacional-de-la-calle-angosta\/","og_site_name":"Apuntes de San Luis","article_published_time":"2025-01-16T23:04:18+00:00","article_modified_time":"2025-01-16T23:07:16+00:00","og_image":[{"width":617,"height":358,"url":"https:\/\/apuntesdesanluis.com\/wp-content\/uploads\/2025\/01\/JORGE-ROJAS.png","type":"image\/png"}],"author":"apuntesdesanluis.com","twitter_card":"summary_large_image","twitter_misc":{"Escrito por":"apuntesdesanluis.com","Tiempo de lectura":"3 minutos"},"schema":{"@context":"https:\/\/schema.org","@graph":[{"@type":"Article","@id":"https:\/\/apuntesdesanluis.com\/index.php\/2025\/01\/16\/como-adquirir-las-entradas-para-la-36-fiesta-nacional-de-la-calle-angosta\/#article","isPartOf":{"@id":"https:\/\/apuntesdesanluis.com\/index.php\/2025\/01\/16\/como-adquirir-las-entradas-para-la-36-fiesta-nacional-de-la-calle-angosta\/"},"author":{"name":"apuntesdesanluis.com","@id":"https:\/\/apuntesdesanluis.com\/#\/schema\/person\/b55151d52296fcce64d1a72538a70b90"},"headline":"C\u00d3MO ADQUIRIR LAS ENTRADAS PARA LA 36\u00b0 FIESTA NACIONAL DE LA CALLE ANGOSTA","datePublished":"2025-01-16T23:04:18+00:00","dateModified":"2025-01-16T23:07:16+00:00","mainEntityOfPage":{"@id":"https:\/\/apuntesdesanluis.com\/index.php\/2025\/01\/16\/como-adquirir-las-entradas-para-la-36-fiesta-nacional-de-la-calle-angosta\/"},"wordCount":280,"publisher":{"@id":"https:\/\/apuntesdesanluis.com\/#\/schema\/person\/b55151d52296fcce64d1a72538a70b90"},"image":{"@id":"https:\/\/apuntesdesanluis.com\/index.php\/2025\/01\/16\/como-adquirir-las-entradas-para-la-36-fiesta-nacional-de-la-calle-angosta\/#primaryimage"},"thumbnailUrl":"https:\/\/apuntesdesanluis.com\/wp-content\/uploads\/2025\/01\/JORGE-ROJAS.png","articleSection":["Ciudad\/Provincia"],"inLanguage":"es-AR"},{"@type":"WebPage","@id":"https:\/\/apuntesdesanluis.com\/index.php\/2025\/01\/16\/como-adquirir-las-entradas-para-la-36-fiesta-nacional-de-la-calle-angosta\/","url":"https:\/\/apuntesdesanluis.com\/index.php\/2025\/01\/16\/como-adquirir-las-entradas-para-la-36-fiesta-nacional-de-la-calle-angosta\/","name":"C\u00d3MO ADQUIRIR LAS ENTRADAS PARA LA 36\u00b0 FIESTA NACIONAL DE LA CALLE ANGOSTA - Apuntes de San Luis","isPartOf":{"@id":"https:\/\/apuntesdesanluis.com\/#website"},"primaryImageOfPage":{"@id":"https:\/\/apuntesdesanluis.com\/index.php\/2025\/01\/16\/como-adquirir-las-entradas-para-la-36-fiesta-nacional-de-la-calle-angosta\/#primaryimage"},"image":{"@id":"https:\/\/apuntesdesanluis.com\/index.php\/2025\/01\/16\/como-adquirir-las-entradas-para-la-36-fiesta-nacional-de-la-calle-angosta\/#primaryimage"},"thumbnailUrl":"https:\/\/apuntesdesanluis.com\/wp-content\/uploads\/2025\/01\/JORGE-ROJAS.png","datePublished":"2025-01-16T23:04:18+00:00","dateModified":"2025-01-16T23:07:16+00:00","breadcrumb":{"@id":"https:\/\/apuntesdesanluis.com\/index.php\/2025\/01\/16\/como-adquirir-las-entradas-para-la-36-fiesta-nacional-de-la-calle-angosta\/#breadcrumb"},"inLanguage":"es-AR","potentialAction":[{"@type":"ReadAction","target":["https:\/\/apuntesdesanluis.com\/index.php\/2025\/01\/16\/como-adquirir-las-entradas-para-la-36-fiesta-nacional-de-la-calle-angosta\/"]}]},{"@type":"ImageObject","inLanguage":"es-AR","@id":"https:\/\/apuntesdesanluis.com\/index.php\/2025\/01\/16\/como-adquirir-las-entradas-para-la-36-fiesta-nacional-de-la-calle-angosta\/#primaryimage","url":"https:\/\/apuntesdesanluis.com\/wp-content\/uploads\/2025\/01\/JORGE-ROJAS.png","contentUrl":"https:\/\/apuntesdesanluis.com\/wp-content\/uploads\/2025\/01\/JORGE-ROJAS.png","width":617,"height":358},{"@type":"BreadcrumbList","@id":"https:\/\/apuntesdesanluis.com\/index.php\/2025\/01\/16\/como-adquirir-las-entradas-para-la-36-fiesta-nacional-de-la-calle-angosta\/#breadcrumb","itemListElement":[{"@type":"ListItem","position":1,"name":"Inicio","item":"https:\/\/apuntesdesanluis.com\/"},{"@type":"ListItem","position":2,"name":"C\u00d3MO ADQUIRIR LAS ENTRADAS PARA LA 36\u00b0 FIESTA NACIONAL DE LA CALLE ANGOSTA"}]},{"@type":"WebSite","@id":"https:\/\/apuntesdesanluis.com\/#website","url":"https:\/\/apuntesdesanluis.com\/","name":"Apuntes de San Luis","description":"","publisher":{"@id":"https:\/\/apuntesdesanluis.com\/#\/schema\/person\/b55151d52296fcce64d1a72538a70b90"},"potentialAction":[{"@type":"SearchAction","target":{"@type":"EntryPoint","urlTemplate":"https:\/\/apuntesdesanluis.com\/?s={search_term_string}"},"query-input":{"@type":"PropertyValueSpecification","valueRequired":true,"valueName":"search_term_string"}}],"inLanguage":"es-AR"},{"@type":["Person","Organization"],"@id":"https:\/\/apuntesdesanluis.com\/#\/schema\/person\/b55151d52296fcce64d1a72538a70b90","name":"apuntesdesanluis.com","image":{"@type":"ImageObject","inLanguage":"es-AR","@id":"https:\/\/apuntesdesanluis.com\/#\/schema\/person\/image\/","url":"https:\/\/apuntesdesanluis.com\/wp-content\/uploads\/2023\/07\/cropped-apuntesdesanluis.png","contentUrl":"https:\/\/apuntesdesanluis.com\/wp-content\/uploads\/2023\/07\/cropped-apuntesdesanluis.png","width":450,"height":112,"caption":"apuntesdesanluis.com"},"logo":{"@id":"https:\/\/apuntesdesanluis.com\/#\/schema\/person\/image\/"},"sameAs":["https:\/\/apuntesdesanluis.com"],"url":"https:\/\/apuntesdesanluis.com\/index.php\/author\/apuntesdesanluis-com\/"}]}},"featured_image_urls":{"full":["https:\/\/apuntesdesanluis.com\/wp-content\/uploads\/2025\/01\/JORGE-ROJAS.png",617,358,false],"thumbnail":["https:\/\/apuntesdesanluis.com\/wp-content\/uploads\/2025\/01\/JORGE-ROJAS-150x150.png",150,150,true],"medium":["https:\/\/apuntesdesanluis.com\/wp-content\/uploads\/2025\/01\/JORGE-ROJAS-300x174.png",300,174,true],"medium_large":["https:\/\/apuntesdesanluis.com\/wp-content\/uploads\/2025\/01\/JORGE-ROJAS.png",617,358,false],"large":["https:\/\/apuntesdesanluis.com\/wp-content\/uploads\/2025\/01\/JORGE-ROJAS.png",617,358,false],"1536x1536":["https:\/\/apuntesdesanluis.com\/wp-content\/uploads\/2025\/01\/JORGE-ROJAS.png",617,358,false],"2048x2048":["https:\/\/apuntesdesanluis.com\/wp-content\/uploads\/2025\/01\/JORGE-ROJAS.png",617,358,false],"newsever-slider-full":["https:\/\/apuntesdesanluis.com\/wp-content\/uploads\/2025\/01\/JORGE-ROJAS.png",617,358,false],"newsever-featured":["https:\/\/apuntesdesanluis.com\/wp-content\/uploads\/2025\/01\/JORGE-ROJAS.png",617,358,false],"newsever-medium":["https:\/\/apuntesdesanluis.com\/wp-content\/uploads\/2025\/01\/JORGE-ROJAS.png",617,358,false]},"author_info":{"display_name":"apuntesdesanluis.com","author_link":"https:\/\/apuntesdesanluis.com\/index.php\/author\/apuntesdesanluis-com\/"},"category_info":"<a href=\"https:\/\/apuntesdesanluis.com\/index.php\/category\/ciudad-provincia\/\" rel=\"category tag\">Ciudad\/Provincia<\/a>","tag_info":"Ciudad\/Provincia","comment_count":"0","_links":{"self":[{"href":"https:\/\/apuntesdesanluis.com\/index.php\/wp-json\/wp\/v2\/posts\/27848","targetHints":{"allow":["GET"]}}],"collection":[{"href":"https:\/\/apuntesdesanluis.com\/index.php\/wp-json\/wp\/v2\/posts"}],"about":[{"href":"https:\/\/apuntesdesanluis.com\/index.php\/wp-json\/wp\/v2\/types\/post"}],"author":[{"embeddable":true,"href":"https:\/\/apuntesdesanluis.com\/index.php\/wp-json\/wp\/v2\/users\/1"}],"replies":[{"embeddable":true,"href":"https:\/\/apuntesdesanluis.com\/index.php\/wp-json\/wp\/v2\/comments?post=27848"}],"version-history":[{"count":6,"href":"https:\/\/apuntesdesanluis.com\/index.php\/wp-json\/wp\/v2\/posts\/27848\/revisions"}],"predecessor-version":[{"id":27860,"href":"https:\/\/apuntesdesanluis.com\/index.php\/wp-json\/wp\/v2\/posts\/27848\/revisions\/27860"}],"wp:featuredmedia":[{"embeddable":true,"href":"https:\/\/apuntesdesanluis.com\/index.php\/wp-json\/wp\/v2\/media\/27853"}],"wp:attachment":[{"href":"https:\/\/apuntesdesanluis.com\/index.php\/wp-json\/wp\/v2\/media?parent=27848"}],"wp:term":[{"taxonomy":"category","embeddable":true,"href":"https:\/\/apuntesdesanluis.com\/index.php\/wp-json\/wp\/v2\/categories?post=27848"},{"taxonomy":"post_tag","embeddable":true,"href":"https:\/\/apuntesdesanluis.com\/index.php\/wp-json\/wp\/v2\/tags?post=27848"}],"curies":[{"name":"wp","href":"https:\/\/api.w.org\/{rel}","templated":true}]}}