{"id":27870,"date":"2025-01-16T20:40:11","date_gmt":"2025-01-16T23:40:11","guid":{"rendered":"https:\/\/apuntesdesanluis.com\/?p=27870"},"modified":"2025-01-16T20:40:11","modified_gmt":"2025-01-16T23:40:11","slug":"el-gobierno-echo-a-ignacio-yacobucci-de-la-unidad-de-informacion-financiera","status":"publish","type":"post","link":"https:\/\/apuntesdesanluis.com\/index.php\/2025\/01\/16\/el-gobierno-echo-a-ignacio-yacobucci-de-la-unidad-de-informacion-financiera\/","title":{"rendered":"EL GOBIERNO ECH\u00d3 A IGNACIO YACOBUCCI DE LA UNIDAD DE INFORMACI\u00d3N FINANCIERA"},"content":{"rendered":"<h3><strong>Ignacio Yacobucci<\/strong>, hasta ahora presidente de la Unidad de Informaci\u00f3n Financiera (UIF), fue removido esta tarde de su cargo por el ministro de Justicia, <strong>Mariano C\u00faneo Libarona<\/strong>, que lo hab\u00eda impulsado para ocupar esa posici\u00f3n estrat\u00e9gica, tras reiteradas cr\u00edticas internas relacionadas con su desempe\u00f1o y con los elevados gastos vinculados al \u00e1rea que lideraba. En su lugar, asumir\u00e1 el fiscal federal Paul Starc.<\/h3>\n<h3>La decisi\u00f3n de destituir a Yacobucci fue motivada, entre otras razones, por su actuaci\u00f3n del organismo a su cargo en causas sobre narcotr\u00e1fico y lavado de dinero, porque en algunos casos los abogados de la UIF se retiraron de procesos abiertos contra acusados \u201cpesados\u201d y, en otros, se presentaron para acusar a comerciantes por bajo montos. Pero tambi\u00e9n, al ex funcionario le hab\u00edan transmitido observaciones por los abultados presupuestos destinados a comitivas y viajes internacionales en primera clase. Dichos gastos, que contradec\u00edan abiertamente la pol\u00edtica de austeridad promovida por el gobierno de Javier Milei, generaron malestar en distintas esferas oficiales.<\/h3>\n<h3>El reemplazante de Yacobucci ser\u00e1 <strong>Paul Starc<\/strong>, titular de la Fiscal\u00eda Federal en lo Criminal y Correccional de 3 de Febrero. El abogado, con m\u00e1s de 35 a\u00f1os de experiencia en diversos roles judiciales, es experto en gesti\u00f3n de investigaciones complejas y en la colaboraci\u00f3n entre agencias del sistema judicial, con diversas capacitaciones profesionales y acad\u00e9micas enfocadas en el Derecho Penal y la Inteligencia.<\/h3>\n<h3>Yacobucci qued\u00f3 fuera del cargo despu\u00e9s de un frustrado viaje a Paraguay, previsto para fines del a\u00f1o pasado, que habr\u00eda incluido nuevamente boletos en primera clase y un n\u00famero excesivo de acompa\u00f1antes. Este incidente fue se\u00f1alado como \u201cla gota que rebals\u00f3 el vaso\u201d y aceler\u00f3 su destituci\u00f3n. Si bien hab\u00eda pasado un presupuesto de m\u00e1s de 10 mil d\u00f3lares, finalmente se le orden\u00f3 suspender el viaje.<\/h3>\n<h3>Adem\u00e1s de las controversias por sus gastos, su gesti\u00f3n al frente de la UIF acumul\u00f3 cuestionamientos en el \u00e1mbito t\u00e9cnico. En lo referido a su actuaci\u00f3n ante el Grupo de Acci\u00f3n Financiera Internacional (GAFI), Yacobucci fue relegado a un rol secundario como coordinador debido al desempe\u00f1o considerado insuficiente por las autoridades del organismo internacional. \u201cEs el momento adecuado para que lo echen, ya que la evaluaci\u00f3n del GAFI finaliz\u00f3 en diciembre y ahora se necesita personal capacitado para implementar las medidas exigidas\u201d, explicaron fuentes oficiales.<\/h3>\n<h3>Yacobucci fue oficializado en el cargo en febrero del a\u00f1o pasado y trabaj\u00f3 en t\u00e1ndem con C\u00faneo Libarona y una persona de su m\u00e1s estrecha confianza, a quien nombr\u00f3 all\u00ed para seguir el d\u00eda a d\u00eda del organismo. Durante los once meses de gesti\u00f3n, el presidente de la UIF ejerci\u00f3 su rol con autonom\u00eda, respondiendo de manera directa al ministro de Justicia, incluso en momentos decisivos, como en los d\u00edas en los que el GAFI decidi\u00f3 mantener a la Argentina fuera de la lista gris. Pero en ese momento se mostraron las deficiencias en su actuaci\u00f3n y, al ser relegado en febrero pasado, esa tarea la asumi\u00f3 la Secretar\u00eda de Justicia.<\/h3>\n<h3><\/h3>\n<h3><\/h3>\n<p>&nbsp;<\/p>\n","protected":false},"excerpt":{"rendered":"<p>Ignacio Yacobucci, hasta ahora presidente de la Unidad de Informaci\u00f3n Financiera (UIF), fue removido esta&#8230;<\/p>\n","protected":false},"author":1,"featured_media":27871,"comment_status":"closed","ping_status":"closed","sticky":false,"template":"","format":"standard","meta":{"footnotes":""},"categories":[5],"tags":[],"class_list":["post-27870","post","type-post","status-publish","format-standard","has-post-thumbnail","hentry","category-nacionales-internacionales"],"yoast_head":"<!-- This site is optimized with the Yoast SEO plugin v26.1.1 - https:\/\/yoast.com\/wordpress\/plugins\/seo\/ -->\n<title>EL GOBIERNO ECH\u00d3 A IGNACIO YACOBUCCI DE LA UNIDAD DE INFORMACI\u00d3N FINANCIERA - Apuntes de San Luis<\/title>\n<meta name=\"robots\" content=\"index, follow, max-snippet:-1, max-image-preview:large, max-video-preview:-1\" \/>\n<link rel=\"canonical\" href=\"https:\/\/apuntesdesanluis.com\/index.php\/2025\/01\/16\/el-gobierno-echo-a-ignacio-yacobucci-de-la-unidad-de-informacion-financiera\/\" \/>\n<meta property=\"og:locale\" content=\"es_ES\" \/>\n<meta property=\"og:type\" content=\"article\" \/>\n<meta property=\"og:title\" content=\"EL GOBIERNO ECH\u00d3 A IGNACIO YACOBUCCI DE LA UNIDAD DE INFORMACI\u00d3N FINANCIERA - Apuntes de San Luis\" \/>\n<meta property=\"og:description\" content=\"Ignacio Yacobucci, hasta ahora presidente de la Unidad de Informaci\u00f3n Financiera (UIF), fue removido esta...\" \/>\n<meta property=\"og:url\" content=\"https:\/\/apuntesdesanluis.com\/index.php\/2025\/01\/16\/el-gobierno-echo-a-ignacio-yacobucci-de-la-unidad-de-informacion-financiera\/\" \/>\n<meta property=\"og:site_name\" content=\"Apuntes de San Luis\" \/>\n<meta property=\"article:published_time\" content=\"2025-01-16T23:40:11+00:00\" \/>\n<meta property=\"og:image\" content=\"https:\/\/apuntesdesanluis.com\/wp-content\/uploads\/2025\/01\/jacovucci.png\" \/>\n\t<meta property=\"og:image:width\" content=\"681\" \/>\n\t<meta property=\"og:image:height\" content=\"429\" \/>\n\t<meta property=\"og:image:type\" content=\"image\/png\" \/>\n<meta name=\"author\" content=\"apuntesdesanluis.com\" \/>\n<meta name=\"twitter:card\" content=\"summary_large_image\" \/>\n<meta name=\"twitter:label1\" content=\"Escrito por\" \/>\n\t<meta name=\"twitter:data1\" content=\"apuntesdesanluis.com\" \/>\n\t<meta name=\"twitter:label2\" content=\"Tiempo de lectura\" \/>\n\t<meta name=\"twitter:data2\" content=\"3 minutos\" \/>\n<script type=\"application\/ld+json\" class=\"yoast-schema-graph\">{\"@context\":\"https:\/\/schema.org\",\"@graph\":[{\"@type\":\"Article\",\"@id\":\"https:\/\/apuntesdesanluis.com\/index.php\/2025\/01\/16\/el-gobierno-echo-a-ignacio-yacobucci-de-la-unidad-de-informacion-financiera\/#article\",\"isPartOf\":{\"@id\":\"https:\/\/apuntesdesanluis.com\/index.php\/2025\/01\/16\/el-gobierno-echo-a-ignacio-yacobucci-de-la-unidad-de-informacion-financiera\/\"},\"author\":{\"name\":\"apuntesdesanluis.com\",\"@id\":\"https:\/\/apuntesdesanluis.com\/#\/schema\/person\/b55151d52296fcce64d1a72538a70b90\"},\"headline\":\"EL GOBIERNO ECH\u00d3 A IGNACIO YACOBUCCI DE LA UNIDAD DE INFORMACI\u00d3N FINANCIERA\",\"datePublished\":\"2025-01-16T23:40:11+00:00\",\"mainEntityOfPage\":{\"@id\":\"https:\/\/apuntesdesanluis.com\/index.php\/2025\/01\/16\/el-gobierno-echo-a-ignacio-yacobucci-de-la-unidad-de-informacion-financiera\/\"},\"wordCount\":548,\"publisher\":{\"@id\":\"https:\/\/apuntesdesanluis.com\/#\/schema\/person\/b55151d52296fcce64d1a72538a70b90\"},\"image\":{\"@id\":\"https:\/\/apuntesdesanluis.com\/index.php\/2025\/01\/16\/el-gobierno-echo-a-ignacio-yacobucci-de-la-unidad-de-informacion-financiera\/#primaryimage\"},\"thumbnailUrl\":\"https:\/\/apuntesdesanluis.com\/wp-content\/uploads\/2025\/01\/jacovucci.png\",\"articleSection\":[\"Nacionales\/Internacionales\"],\"inLanguage\":\"es-AR\"},{\"@type\":\"WebPage\",\"@id\":\"https:\/\/apuntesdesanluis.com\/index.php\/2025\/01\/16\/el-gobierno-echo-a-ignacio-yacobucci-de-la-unidad-de-informacion-financiera\/\",\"url\":\"https:\/\/apuntesdesanluis.com\/index.php\/2025\/01\/16\/el-gobierno-echo-a-ignacio-yacobucci-de-la-unidad-de-informacion-financiera\/\",\"name\":\"EL GOBIERNO ECH\u00d3 A IGNACIO YACOBUCCI DE LA UNIDAD DE INFORMACI\u00d3N FINANCIERA - Apuntes de San Luis\",\"isPartOf\":{\"@id\":\"https:\/\/apuntesdesanluis.com\/#website\"},\"primaryImageOfPage\":{\"@id\":\"https:\/\/apuntesdesanluis.com\/index.php\/2025\/01\/16\/el-gobierno-echo-a-ignacio-yacobucci-de-la-unidad-de-informacion-financiera\/#primaryimage\"},\"image\":{\"@id\":\"https:\/\/apuntesdesanluis.com\/index.php\/2025\/01\/16\/el-gobierno-echo-a-ignacio-yacobucci-de-la-unidad-de-informacion-financiera\/#primaryimage\"},\"thumbnailUrl\":\"https:\/\/apuntesdesanluis.com\/wp-content\/uploads\/2025\/01\/jacovucci.png\",\"datePublished\":\"2025-01-16T23:40:11+00:00\",\"breadcrumb\":{\"@id\":\"https:\/\/apuntesdesanluis.com\/index.php\/2025\/01\/16\/el-gobierno-echo-a-ignacio-yacobucci-de-la-unidad-de-informacion-financiera\/#breadcrumb\"},\"inLanguage\":\"es-AR\",\"potentialAction\":[{\"@type\":\"ReadAction\",\"target\":[\"https:\/\/apuntesdesanluis.com\/index.php\/2025\/01\/16\/el-gobierno-echo-a-ignacio-yacobucci-de-la-unidad-de-informacion-financiera\/\"]}]},{\"@type\":\"ImageObject\",\"inLanguage\":\"es-AR\",\"@id\":\"https:\/\/apuntesdesanluis.com\/index.php\/2025\/01\/16\/el-gobierno-echo-a-ignacio-yacobucci-de-la-unidad-de-informacion-financiera\/#primaryimage\",\"url\":\"https:\/\/apuntesdesanluis.com\/wp-content\/uploads\/2025\/01\/jacovucci.png\",\"contentUrl\":\"https:\/\/apuntesdesanluis.com\/wp-content\/uploads\/2025\/01\/jacovucci.png\",\"width\":681,\"height\":429},{\"@type\":\"BreadcrumbList\",\"@id\":\"https:\/\/apuntesdesanluis.com\/index.php\/2025\/01\/16\/el-gobierno-echo-a-ignacio-yacobucci-de-la-unidad-de-informacion-financiera\/#breadcrumb\",\"itemListElement\":[{\"@type\":\"ListItem\",\"position\":1,\"name\":\"Inicio\",\"item\":\"https:\/\/apuntesdesanluis.com\/\"},{\"@type\":\"ListItem\",\"position\":2,\"name\":\"EL GOBIERNO ECH\u00d3 A IGNACIO YACOBUCCI DE LA UNIDAD DE INFORMACI\u00d3N FINANCIERA\"}]},{\"@type\":\"WebSite\",\"@id\":\"https:\/\/apuntesdesanluis.com\/#website\",\"url\":\"https:\/\/apuntesdesanluis.com\/\",\"name\":\"Apuntes de San Luis\",\"description\":\"\",\"publisher\":{\"@id\":\"https:\/\/apuntesdesanluis.com\/#\/schema\/person\/b55151d52296fcce64d1a72538a70b90\"},\"potentialAction\":[{\"@type\":\"SearchAction\",\"target\":{\"@type\":\"EntryPoint\",\"urlTemplate\":\"https:\/\/apuntesdesanluis.com\/?s={search_term_string}\"},\"query-input\":{\"@type\":\"PropertyValueSpecification\",\"valueRequired\":true,\"valueName\":\"search_term_string\"}}],\"inLanguage\":\"es-AR\"},{\"@type\":[\"Person\",\"Organization\"],\"@id\":\"https:\/\/apuntesdesanluis.com\/#\/schema\/person\/b55151d52296fcce64d1a72538a70b90\",\"name\":\"apuntesdesanluis.com\",\"image\":{\"@type\":\"ImageObject\",\"inLanguage\":\"es-AR\",\"@id\":\"https:\/\/apuntesdesanluis.com\/#\/schema\/person\/image\/\",\"url\":\"https:\/\/apuntesdesanluis.com\/wp-content\/uploads\/2023\/07\/cropped-apuntesdesanluis.png\",\"contentUrl\":\"https:\/\/apuntesdesanluis.com\/wp-content\/uploads\/2023\/07\/cropped-apuntesdesanluis.png\",\"width\":450,\"height\":112,\"caption\":\"apuntesdesanluis.com\"},\"logo\":{\"@id\":\"https:\/\/apuntesdesanluis.com\/#\/schema\/person\/image\/\"},\"sameAs\":[\"https:\/\/apuntesdesanluis.com\"],\"url\":\"https:\/\/apuntesdesanluis.com\/index.php\/author\/apuntesdesanluis-com\/\"}]}<\/script>\n<!-- \/ Yoast SEO plugin. -->","yoast_head_json":{"title":"EL GOBIERNO ECH\u00d3 A IGNACIO YACOBUCCI DE LA UNIDAD DE INFORMACI\u00d3N FINANCIERA - Apuntes de San Luis","robots":{"index":"index","follow":"follow","max-snippet":"max-snippet:-1","max-image-preview":"max-image-preview:large","max-video-preview":"max-video-preview:-1"},"canonical":"https:\/\/apuntesdesanluis.com\/index.php\/2025\/01\/16\/el-gobierno-echo-a-ignacio-yacobucci-de-la-unidad-de-informacion-financiera\/","og_locale":"es_ES","og_type":"article","og_title":"EL GOBIERNO ECH\u00d3 A IGNACIO YACOBUCCI DE LA UNIDAD DE INFORMACI\u00d3N FINANCIERA - Apuntes de San Luis","og_description":"Ignacio Yacobucci, hasta ahora presidente de la Unidad de Informaci\u00f3n Financiera (UIF), fue removido esta...","og_url":"https:\/\/apuntesdesanluis.com\/index.php\/2025\/01\/16\/el-gobierno-echo-a-ignacio-yacobucci-de-la-unidad-de-informacion-financiera\/","og_site_name":"Apuntes de San Luis","article_published_time":"2025-01-16T23:40:11+00:00","og_image":[{"width":681,"height":429,"url":"https:\/\/apuntesdesanluis.com\/wp-content\/uploads\/2025\/01\/jacovucci.png","type":"image\/png"}],"author":"apuntesdesanluis.com","twitter_card":"summary_large_image","twitter_misc":{"Escrito por":"apuntesdesanluis.com","Tiempo de lectura":"3 minutos"},"schema":{"@context":"https:\/\/schema.org","@graph":[{"@type":"Article","@id":"https:\/\/apuntesdesanluis.com\/index.php\/2025\/01\/16\/el-gobierno-echo-a-ignacio-yacobucci-de-la-unidad-de-informacion-financiera\/#article","isPartOf":{"@id":"https:\/\/apuntesdesanluis.com\/index.php\/2025\/01\/16\/el-gobierno-echo-a-ignacio-yacobucci-de-la-unidad-de-informacion-financiera\/"},"author":{"name":"apuntesdesanluis.com","@id":"https:\/\/apuntesdesanluis.com\/#\/schema\/person\/b55151d52296fcce64d1a72538a70b90"},"headline":"EL GOBIERNO ECH\u00d3 A IGNACIO YACOBUCCI DE LA UNIDAD DE INFORMACI\u00d3N FINANCIERA","datePublished":"2025-01-16T23:40:11+00:00","mainEntityOfPage":{"@id":"https:\/\/apuntesdesanluis.com\/index.php\/2025\/01\/16\/el-gobierno-echo-a-ignacio-yacobucci-de-la-unidad-de-informacion-financiera\/"},"wordCount":548,"publisher":{"@id":"https:\/\/apuntesdesanluis.com\/#\/schema\/person\/b55151d52296fcce64d1a72538a70b90"},"image":{"@id":"https:\/\/apuntesdesanluis.com\/index.php\/2025\/01\/16\/el-gobierno-echo-a-ignacio-yacobucci-de-la-unidad-de-informacion-financiera\/#primaryimage"},"thumbnailUrl":"https:\/\/apuntesdesanluis.com\/wp-content\/uploads\/2025\/01\/jacovucci.png","articleSection":["Nacionales\/Internacionales"],"inLanguage":"es-AR"},{"@type":"WebPage","@id":"https:\/\/apuntesdesanluis.com\/index.php\/2025\/01\/16\/el-gobierno-echo-a-ignacio-yacobucci-de-la-unidad-de-informacion-financiera\/","url":"https:\/\/apuntesdesanluis.com\/index.php\/2025\/01\/16\/el-gobierno-echo-a-ignacio-yacobucci-de-la-unidad-de-informacion-financiera\/","name":"EL GOBIERNO ECH\u00d3 A IGNACIO YACOBUCCI DE LA UNIDAD DE INFORMACI\u00d3N FINANCIERA - Apuntes de San Luis","isPartOf":{"@id":"https:\/\/apuntesdesanluis.com\/#website"},"primaryImageOfPage":{"@id":"https:\/\/apuntesdesanluis.com\/index.php\/2025\/01\/16\/el-gobierno-echo-a-ignacio-yacobucci-de-la-unidad-de-informacion-financiera\/#primaryimage"},"image":{"@id":"https:\/\/apuntesdesanluis.com\/index.php\/2025\/01\/16\/el-gobierno-echo-a-ignacio-yacobucci-de-la-unidad-de-informacion-financiera\/#primaryimage"},"thumbnailUrl":"https:\/\/apuntesdesanluis.com\/wp-content\/uploads\/2025\/01\/jacovucci.png","datePublished":"2025-01-16T23:40:11+00:00","breadcrumb":{"@id":"https:\/\/apuntesdesanluis.com\/index.php\/2025\/01\/16\/el-gobierno-echo-a-ignacio-yacobucci-de-la-unidad-de-informacion-financiera\/#breadcrumb"},"inLanguage":"es-AR","potentialAction":[{"@type":"ReadAction","target":["https:\/\/apuntesdesanluis.com\/index.php\/2025\/01\/16\/el-gobierno-echo-a-ignacio-yacobucci-de-la-unidad-de-informacion-financiera\/"]}]},{"@type":"ImageObject","inLanguage":"es-AR","@id":"https:\/\/apuntesdesanluis.com\/index.php\/2025\/01\/16\/el-gobierno-echo-a-ignacio-yacobucci-de-la-unidad-de-informacion-financiera\/#primaryimage","url":"https:\/\/apuntesdesanluis.com\/wp-content\/uploads\/2025\/01\/jacovucci.png","contentUrl":"https:\/\/apuntesdesanluis.com\/wp-content\/uploads\/2025\/01\/jacovucci.png","width":681,"height":429},{"@type":"BreadcrumbList","@id":"https:\/\/apuntesdesanluis.com\/index.php\/2025\/01\/16\/el-gobierno-echo-a-ignacio-yacobucci-de-la-unidad-de-informacion-financiera\/#breadcrumb","itemListElement":[{"@type":"ListItem","position":1,"name":"Inicio","item":"https:\/\/apuntesdesanluis.com\/"},{"@type":"ListItem","position":2,"name":"EL GOBIERNO ECH\u00d3 A IGNACIO YACOBUCCI DE LA UNIDAD DE INFORMACI\u00d3N FINANCIERA"}]},{"@type":"WebSite","@id":"https:\/\/apuntesdesanluis.com\/#website","url":"https:\/\/apuntesdesanluis.com\/","name":"Apuntes de San Luis","description":"","publisher":{"@id":"https:\/\/apuntesdesanluis.com\/#\/schema\/person\/b55151d52296fcce64d1a72538a70b90"},"potentialAction":[{"@type":"SearchAction","target":{"@type":"EntryPoint","urlTemplate":"https:\/\/apuntesdesanluis.com\/?s={search_term_string}"},"query-input":{"@type":"PropertyValueSpecification","valueRequired":true,"valueName":"search_term_string"}}],"inLanguage":"es-AR"},{"@type":["Person","Organization"],"@id":"https:\/\/apuntesdesanluis.com\/#\/schema\/person\/b55151d52296fcce64d1a72538a70b90","name":"apuntesdesanluis.com","image":{"@type":"ImageObject","inLanguage":"es-AR","@id":"https:\/\/apuntesdesanluis.com\/#\/schema\/person\/image\/","url":"https:\/\/apuntesdesanluis.com\/wp-content\/uploads\/2023\/07\/cropped-apuntesdesanluis.png","contentUrl":"https:\/\/apuntesdesanluis.com\/wp-content\/uploads\/2023\/07\/cropped-apuntesdesanluis.png","width":450,"height":112,"caption":"apuntesdesanluis.com"},"logo":{"@id":"https:\/\/apuntesdesanluis.com\/#\/schema\/person\/image\/"},"sameAs":["https:\/\/apuntesdesanluis.com"],"url":"https:\/\/apuntesdesanluis.com\/index.php\/author\/apuntesdesanluis-com\/"}]}},"featured_image_urls":{"full":["https:\/\/apuntesdesanluis.com\/wp-content\/uploads\/2025\/01\/jacovucci.png",681,429,false],"thumbnail":["https:\/\/apuntesdesanluis.com\/wp-content\/uploads\/2025\/01\/jacovucci-150x150.png",150,150,true],"medium":["https:\/\/apuntesdesanluis.com\/wp-content\/uploads\/2025\/01\/jacovucci-300x189.png",300,189,true],"medium_large":["https:\/\/apuntesdesanluis.com\/wp-content\/uploads\/2025\/01\/jacovucci.png",640,403,false],"large":["https:\/\/apuntesdesanluis.com\/wp-content\/uploads\/2025\/01\/jacovucci.png",640,403,false],"1536x1536":["https:\/\/apuntesdesanluis.com\/wp-content\/uploads\/2025\/01\/jacovucci.png",681,429,false],"2048x2048":["https:\/\/apuntesdesanluis.com\/wp-content\/uploads\/2025\/01\/jacovucci.png",681,429,false],"newsever-slider-full":["https:\/\/apuntesdesanluis.com\/wp-content\/uploads\/2025\/01\/jacovucci.png",681,429,false],"newsever-featured":["https:\/\/apuntesdesanluis.com\/wp-content\/uploads\/2025\/01\/jacovucci.png",681,429,false],"newsever-medium":["https:\/\/apuntesdesanluis.com\/wp-content\/uploads\/2025\/01\/jacovucci.png",681,429,false]},"author_info":{"display_name":"apuntesdesanluis.com","author_link":"https:\/\/apuntesdesanluis.com\/index.php\/author\/apuntesdesanluis-com\/"},"category_info":"<a href=\"https:\/\/apuntesdesanluis.com\/index.php\/category\/nacionales-internacionales\/\" rel=\"category tag\">Nacionales\/Internacionales<\/a>","tag_info":"Nacionales\/Internacionales","comment_count":"0","_links":{"self":[{"href":"https:\/\/apuntesdesanluis.com\/index.php\/wp-json\/wp\/v2\/posts\/27870","targetHints":{"allow":["GET"]}}],"collection":[{"href":"https:\/\/apuntesdesanluis.com\/index.php\/wp-json\/wp\/v2\/posts"}],"about":[{"href":"https:\/\/apuntesdesanluis.com\/index.php\/wp-json\/wp\/v2\/types\/post"}],"author":[{"embeddable":true,"href":"https:\/\/apuntesdesanluis.com\/index.php\/wp-json\/wp\/v2\/users\/1"}],"replies":[{"embeddable":true,"href":"https:\/\/apuntesdesanluis.com\/index.php\/wp-json\/wp\/v2\/comments?post=27870"}],"version-history":[{"count":1,"href":"https:\/\/apuntesdesanluis.com\/index.php\/wp-json\/wp\/v2\/posts\/27870\/revisions"}],"predecessor-version":[{"id":27872,"href":"https:\/\/apuntesdesanluis.com\/index.php\/wp-json\/wp\/v2\/posts\/27870\/revisions\/27872"}],"wp:featuredmedia":[{"embeddable":true,"href":"https:\/\/apuntesdesanluis.com\/index.php\/wp-json\/wp\/v2\/media\/27871"}],"wp:attachment":[{"href":"https:\/\/apuntesdesanluis.com\/index.php\/wp-json\/wp\/v2\/media?parent=27870"}],"wp:term":[{"taxonomy":"category","embeddable":true,"href":"https:\/\/apuntesdesanluis.com\/index.php\/wp-json\/wp\/v2\/categories?post=27870"},{"taxonomy":"post_tag","embeddable":true,"href":"https:\/\/apuntesdesanluis.com\/index.php\/wp-json\/wp\/v2\/tags?post=27870"}],"curies":[{"name":"wp","href":"https:\/\/api.w.org\/{rel}","templated":true}]}}