{"id":27903,"date":"2025-01-17T18:46:20","date_gmt":"2025-01-17T21:46:20","guid":{"rendered":"https:\/\/apuntesdesanluis.com\/?p=27903"},"modified":"2025-01-17T18:46:20","modified_gmt":"2025-01-17T21:46:20","slug":"se-eligen-un-total-de-93-cargos-entre-intendentes-senadores-diputados-y-concejales","status":"publish","type":"post","link":"https:\/\/apuntesdesanluis.com\/index.php\/2025\/01\/17\/se-eligen-un-total-de-93-cargos-entre-intendentes-senadores-diputados-y-concejales\/","title":{"rendered":"SE ELIGEN UN TOTAL DE 93 CARGOS ENTRE INTENDENTES, SENADORES, DIPUTADOS Y CONCEJALES"},"content":{"rendered":"<h3>Las elecciones provinciales de 2025 en San Luis, que se celebrar\u00e1n el <strong>11 de mayo<\/strong>, renovar\u00e1n una serie de cargos legislativos y ejecutivos claves a nivel provincial y municipal.<\/h3>\n<h3>Este proceso electoral incluir\u00e1 la elecci\u00f3n de Senadores, Diputados Provinciales, Intendentes y Concejales, marcando una etapa crucial en la conformaci\u00f3n del gobierno de la provincia y en los poderes municipales.<\/h3>\n<h3><strong><span style=\"color: #3366ff;\">4 Senadores Provinciales<\/span><\/strong><\/h3>\n<h3>Se renovar\u00e1n los cargos de senadores provinciales en cuatro de los nueve departamentos de la provincia:<\/h3>\n<ul>\n<li>\n<h3>Belgrano<\/h3>\n<\/li>\n<li>\n<h3>San Mart\u00edn<\/h3>\n<\/li>\n<li>\n<h3>Ayacucho<\/h3>\n<\/li>\n<li>\n<h3>Pedernera<\/h3>\n<\/li>\n<\/ul>\n<h3>Cada uno de estos departamentos elegir\u00e1 un senador titular y un senador suplente, quienes ser\u00e1n responsables de representar a sus respectivos departamentos en la C\u00e1mara de Senadores de San Luis.<\/h3>\n<h3><span style=\"color: #3366ff;\"><strong>22 Diputados Provinciales<\/strong><\/span><\/h3>\n<h3>Se renovar\u00e1n 22 de los 43 cargos en la C\u00e1mara de Diputados de San Luis, distribuidos de la siguiente manera:<\/h3>\n<ul>\n<li>\n<h3>Pueyrred\u00f3n: 10 diputados<\/h3>\n<\/li>\n<li>\n<h3>Dupuy: 3 diputados<\/h3>\n<\/li>\n<li>\n<h3>Pringles: 3 diputados<\/h3>\n<\/li>\n<li>\n<h3>Jun\u00edn: 3 diputados<\/h3>\n<\/li>\n<li>\n<h3>Belgrano: 3 diputados<\/h3>\n<\/li>\n<\/ul>\n<h3>Cada uno de estos departamentos elegir\u00e1 a sus representantes provinciales, quienes legislar\u00e1n en temas clave para el desarrollo y bienestar de la provincia.<\/h3>\n<h3><span style=\"color: #3366ff;\"><strong>6 Intendentes Municipales<\/strong><\/span><\/h3>\n<h3>Adem\u00e1s de las elecciones provinciales, se celebrar\u00e1n comicios en varios municipios para elegir nuevos intendentes. Los municipios donde se elegir\u00e1n intendentes son:<\/h3>\n<ul>\n<li>\n<h3>Juana Koslay<\/h3>\n<\/li>\n<li>\n<h3>Potrero de los Funes<\/h3>\n<\/li>\n<li>\n<h3>Uni\u00f3n<\/h3>\n<\/li>\n<li>\n<h3>Naschel<\/h3>\n<\/li>\n<li>\n<h3>Luj\u00e1n<\/h3>\n<\/li>\n<li>\n<h3>Los Manantiales<\/h3>\n<\/li>\n<\/ul>\n<h3>Asimismo, varios municipios elegir\u00e1n intendentes comisionados, entre ellos Beazley, La Calera, Nogol\u00ed y Renca.<\/h3>\n<h3><span style=\"color: #3366ff;\"><strong>61 Concejales Municipales<\/strong><\/span><\/h3>\n<h3>Se renovar\u00e1n parcialmente los concejos deliberantes de distintos municipios de San Luis. Los concejales son responsables de legislar y tomar decisiones en nombre de los ciudadanos dentro de sus respectivos municipios. Entre los municipios que renovar\u00e1n sus concejos est\u00e1n:<\/h3>\n<h3>San Luis: 7 concejales<\/h3>\n<h3>Juana Koslay: 2 concejales<\/h3>\n<h3>La Punta: 5 concejales<\/h3>\n<h3>Potrero de los Funes: 3 concejales<\/h3>\n<h3>Villa Mercedes: 6 concejales<\/h3>\n<h3>Justo Daract: 5 concejales<\/h3>\n<h3>Concar\u00e1n: 3 concejales<\/h3>\n<h3>Tilisarao: 3 concejales<\/h3>\n<h3>Naschel: 2 concejales<\/h3>\n<h3>Quines: 3 concejales<\/h3>\n<h3>Luj\u00e1n: 2 concejales<\/h3>\n<h3>Santa Rosa del Conlara: 3 concejales<\/h3>\n<h3>Villa de Merlo: 5 concejales<\/h3>\n<h3>Carpinter\u00eda: 2 concejales<\/h3>\n<h3>San Mart\u00edn: 2 concejales<\/h3>\n<h3>Los Manantiales: 2 concejales<\/h3>\n<h3>La Toma: 4 concejales<\/h3>\n<h3>El Trapiche: 2 concejales<\/h3>\n<h3>El 11 de mayo de 2025 ser\u00e1 un d\u00eda clave para el futuro de San Luis, donde se renovar\u00e1n no solo los cargos m\u00e1s altos, sino tambi\u00e9n los actores locales que estar\u00e1n al frente de cada municipio.<\/h3>\n<p>&nbsp;<\/p>\n<p>&nbsp;<\/p>\n<p>&nbsp;<\/p>\n","protected":false},"excerpt":{"rendered":"<p>Las elecciones provinciales de 2025 en San Luis, que se celebrar\u00e1n el 11 de mayo,&#8230;<\/p>\n","protected":false},"author":1,"featured_media":27904,"comment_status":"closed","ping_status":"closed","sticky":false,"template":"","format":"standard","meta":{"footnotes":""},"categories":[6],"tags":[],"class_list":["post-27903","post","type-post","status-publish","format-standard","has-post-thumbnail","hentry","category-ciudad-provincia"],"yoast_head":"<!-- This site is optimized with the Yoast SEO plugin v26.1.1 - https:\/\/yoast.com\/wordpress\/plugins\/seo\/ -->\n<title>SE ELIGEN UN TOTAL DE 93 CARGOS ENTRE INTENDENTES, SENADORES, DIPUTADOS Y CONCEJALES - Apuntes de San Luis<\/title>\n<meta name=\"robots\" content=\"index, follow, max-snippet:-1, max-image-preview:large, max-video-preview:-1\" \/>\n<link rel=\"canonical\" href=\"https:\/\/apuntesdesanluis.com\/index.php\/2025\/01\/17\/se-eligen-un-total-de-93-cargos-entre-intendentes-senadores-diputados-y-concejales\/\" \/>\n<meta property=\"og:locale\" content=\"es_ES\" \/>\n<meta property=\"og:type\" content=\"article\" \/>\n<meta property=\"og:title\" content=\"SE ELIGEN UN TOTAL DE 93 CARGOS ENTRE INTENDENTES, SENADORES, DIPUTADOS Y CONCEJALES - Apuntes de San Luis\" \/>\n<meta property=\"og:description\" content=\"Las elecciones provinciales de 2025 en San Luis, que se celebrar\u00e1n el 11 de mayo,...\" \/>\n<meta property=\"og:url\" content=\"https:\/\/apuntesdesanluis.com\/index.php\/2025\/01\/17\/se-eligen-un-total-de-93-cargos-entre-intendentes-senadores-diputados-y-concejales\/\" \/>\n<meta property=\"og:site_name\" content=\"Apuntes de San Luis\" \/>\n<meta property=\"article:published_time\" content=\"2025-01-17T21:46:20+00:00\" \/>\n<meta property=\"og:image\" content=\"https:\/\/apuntesdesanluis.com\/wp-content\/uploads\/2025\/01\/urna.png\" \/>\n\t<meta property=\"og:image:width\" content=\"794\" \/>\n\t<meta property=\"og:image:height\" content=\"504\" \/>\n\t<meta property=\"og:image:type\" content=\"image\/png\" \/>\n<meta name=\"author\" content=\"apuntesdesanluis.com\" \/>\n<meta name=\"twitter:card\" content=\"summary_large_image\" \/>\n<meta name=\"twitter:label1\" content=\"Escrito por\" \/>\n\t<meta name=\"twitter:data1\" content=\"apuntesdesanluis.com\" \/>\n\t<meta name=\"twitter:label2\" content=\"Tiempo de lectura\" \/>\n\t<meta name=\"twitter:data2\" content=\"2 minutos\" \/>\n<script type=\"application\/ld+json\" class=\"yoast-schema-graph\">{\"@context\":\"https:\/\/schema.org\",\"@graph\":[{\"@type\":\"Article\",\"@id\":\"https:\/\/apuntesdesanluis.com\/index.php\/2025\/01\/17\/se-eligen-un-total-de-93-cargos-entre-intendentes-senadores-diputados-y-concejales\/#article\",\"isPartOf\":{\"@id\":\"https:\/\/apuntesdesanluis.com\/index.php\/2025\/01\/17\/se-eligen-un-total-de-93-cargos-entre-intendentes-senadores-diputados-y-concejales\/\"},\"author\":{\"name\":\"apuntesdesanluis.com\",\"@id\":\"https:\/\/apuntesdesanluis.com\/#\/schema\/person\/b55151d52296fcce64d1a72538a70b90\"},\"headline\":\"SE ELIGEN UN TOTAL DE 93 CARGOS ENTRE INTENDENTES, SENADORES, DIPUTADOS Y CONCEJALES\",\"datePublished\":\"2025-01-17T21:46:20+00:00\",\"mainEntityOfPage\":{\"@id\":\"https:\/\/apuntesdesanluis.com\/index.php\/2025\/01\/17\/se-eligen-un-total-de-93-cargos-entre-intendentes-senadores-diputados-y-concejales\/\"},\"wordCount\":387,\"publisher\":{\"@id\":\"https:\/\/apuntesdesanluis.com\/#\/schema\/person\/b55151d52296fcce64d1a72538a70b90\"},\"image\":{\"@id\":\"https:\/\/apuntesdesanluis.com\/index.php\/2025\/01\/17\/se-eligen-un-total-de-93-cargos-entre-intendentes-senadores-diputados-y-concejales\/#primaryimage\"},\"thumbnailUrl\":\"https:\/\/apuntesdesanluis.com\/wp-content\/uploads\/2025\/01\/urna.png\",\"articleSection\":[\"Ciudad\/Provincia\"],\"inLanguage\":\"es-AR\"},{\"@type\":\"WebPage\",\"@id\":\"https:\/\/apuntesdesanluis.com\/index.php\/2025\/01\/17\/se-eligen-un-total-de-93-cargos-entre-intendentes-senadores-diputados-y-concejales\/\",\"url\":\"https:\/\/apuntesdesanluis.com\/index.php\/2025\/01\/17\/se-eligen-un-total-de-93-cargos-entre-intendentes-senadores-diputados-y-concejales\/\",\"name\":\"SE ELIGEN UN TOTAL DE 93 CARGOS ENTRE INTENDENTES, SENADORES, DIPUTADOS Y CONCEJALES - Apuntes de San Luis\",\"isPartOf\":{\"@id\":\"https:\/\/apuntesdesanluis.com\/#website\"},\"primaryImageOfPage\":{\"@id\":\"https:\/\/apuntesdesanluis.com\/index.php\/2025\/01\/17\/se-eligen-un-total-de-93-cargos-entre-intendentes-senadores-diputados-y-concejales\/#primaryimage\"},\"image\":{\"@id\":\"https:\/\/apuntesdesanluis.com\/index.php\/2025\/01\/17\/se-eligen-un-total-de-93-cargos-entre-intendentes-senadores-diputados-y-concejales\/#primaryimage\"},\"thumbnailUrl\":\"https:\/\/apuntesdesanluis.com\/wp-content\/uploads\/2025\/01\/urna.png\",\"datePublished\":\"2025-01-17T21:46:20+00:00\",\"breadcrumb\":{\"@id\":\"https:\/\/apuntesdesanluis.com\/index.php\/2025\/01\/17\/se-eligen-un-total-de-93-cargos-entre-intendentes-senadores-diputados-y-concejales\/#breadcrumb\"},\"inLanguage\":\"es-AR\",\"potentialAction\":[{\"@type\":\"ReadAction\",\"target\":[\"https:\/\/apuntesdesanluis.com\/index.php\/2025\/01\/17\/se-eligen-un-total-de-93-cargos-entre-intendentes-senadores-diputados-y-concejales\/\"]}]},{\"@type\":\"ImageObject\",\"inLanguage\":\"es-AR\",\"@id\":\"https:\/\/apuntesdesanluis.com\/index.php\/2025\/01\/17\/se-eligen-un-total-de-93-cargos-entre-intendentes-senadores-diputados-y-concejales\/#primaryimage\",\"url\":\"https:\/\/apuntesdesanluis.com\/wp-content\/uploads\/2025\/01\/urna.png\",\"contentUrl\":\"https:\/\/apuntesdesanluis.com\/wp-content\/uploads\/2025\/01\/urna.png\",\"width\":794,\"height\":504},{\"@type\":\"BreadcrumbList\",\"@id\":\"https:\/\/apuntesdesanluis.com\/index.php\/2025\/01\/17\/se-eligen-un-total-de-93-cargos-entre-intendentes-senadores-diputados-y-concejales\/#breadcrumb\",\"itemListElement\":[{\"@type\":\"ListItem\",\"position\":1,\"name\":\"Inicio\",\"item\":\"https:\/\/apuntesdesanluis.com\/\"},{\"@type\":\"ListItem\",\"position\":2,\"name\":\"SE ELIGEN UN TOTAL DE 93 CARGOS ENTRE INTENDENTES, SENADORES, DIPUTADOS Y CONCEJALES\"}]},{\"@type\":\"WebSite\",\"@id\":\"https:\/\/apuntesdesanluis.com\/#website\",\"url\":\"https:\/\/apuntesdesanluis.com\/\",\"name\":\"Apuntes de San Luis\",\"description\":\"\",\"publisher\":{\"@id\":\"https:\/\/apuntesdesanluis.com\/#\/schema\/person\/b55151d52296fcce64d1a72538a70b90\"},\"potentialAction\":[{\"@type\":\"SearchAction\",\"target\":{\"@type\":\"EntryPoint\",\"urlTemplate\":\"https:\/\/apuntesdesanluis.com\/?s={search_term_string}\"},\"query-input\":{\"@type\":\"PropertyValueSpecification\",\"valueRequired\":true,\"valueName\":\"search_term_string\"}}],\"inLanguage\":\"es-AR\"},{\"@type\":[\"Person\",\"Organization\"],\"@id\":\"https:\/\/apuntesdesanluis.com\/#\/schema\/person\/b55151d52296fcce64d1a72538a70b90\",\"name\":\"apuntesdesanluis.com\",\"image\":{\"@type\":\"ImageObject\",\"inLanguage\":\"es-AR\",\"@id\":\"https:\/\/apuntesdesanluis.com\/#\/schema\/person\/image\/\",\"url\":\"https:\/\/apuntesdesanluis.com\/wp-content\/uploads\/2023\/07\/cropped-apuntesdesanluis.png\",\"contentUrl\":\"https:\/\/apuntesdesanluis.com\/wp-content\/uploads\/2023\/07\/cropped-apuntesdesanluis.png\",\"width\":450,\"height\":112,\"caption\":\"apuntesdesanluis.com\"},\"logo\":{\"@id\":\"https:\/\/apuntesdesanluis.com\/#\/schema\/person\/image\/\"},\"sameAs\":[\"https:\/\/apuntesdesanluis.com\"],\"url\":\"https:\/\/apuntesdesanluis.com\/index.php\/author\/apuntesdesanluis-com\/\"}]}<\/script>\n<!-- \/ Yoast SEO plugin. -->","yoast_head_json":{"title":"SE ELIGEN UN TOTAL DE 93 CARGOS ENTRE INTENDENTES, SENADORES, DIPUTADOS Y CONCEJALES - Apuntes de San Luis","robots":{"index":"index","follow":"follow","max-snippet":"max-snippet:-1","max-image-preview":"max-image-preview:large","max-video-preview":"max-video-preview:-1"},"canonical":"https:\/\/apuntesdesanluis.com\/index.php\/2025\/01\/17\/se-eligen-un-total-de-93-cargos-entre-intendentes-senadores-diputados-y-concejales\/","og_locale":"es_ES","og_type":"article","og_title":"SE ELIGEN UN TOTAL DE 93 CARGOS ENTRE INTENDENTES, SENADORES, DIPUTADOS Y CONCEJALES - Apuntes de San Luis","og_description":"Las elecciones provinciales de 2025 en San Luis, que se celebrar\u00e1n el 11 de mayo,...","og_url":"https:\/\/apuntesdesanluis.com\/index.php\/2025\/01\/17\/se-eligen-un-total-de-93-cargos-entre-intendentes-senadores-diputados-y-concejales\/","og_site_name":"Apuntes de San Luis","article_published_time":"2025-01-17T21:46:20+00:00","og_image":[{"width":794,"height":504,"url":"https:\/\/apuntesdesanluis.com\/wp-content\/uploads\/2025\/01\/urna.png","type":"image\/png"}],"author":"apuntesdesanluis.com","twitter_card":"summary_large_image","twitter_misc":{"Escrito por":"apuntesdesanluis.com","Tiempo de lectura":"2 minutos"},"schema":{"@context":"https:\/\/schema.org","@graph":[{"@type":"Article","@id":"https:\/\/apuntesdesanluis.com\/index.php\/2025\/01\/17\/se-eligen-un-total-de-93-cargos-entre-intendentes-senadores-diputados-y-concejales\/#article","isPartOf":{"@id":"https:\/\/apuntesdesanluis.com\/index.php\/2025\/01\/17\/se-eligen-un-total-de-93-cargos-entre-intendentes-senadores-diputados-y-concejales\/"},"author":{"name":"apuntesdesanluis.com","@id":"https:\/\/apuntesdesanluis.com\/#\/schema\/person\/b55151d52296fcce64d1a72538a70b90"},"headline":"SE ELIGEN UN TOTAL DE 93 CARGOS ENTRE INTENDENTES, SENADORES, DIPUTADOS Y CONCEJALES","datePublished":"2025-01-17T21:46:20+00:00","mainEntityOfPage":{"@id":"https:\/\/apuntesdesanluis.com\/index.php\/2025\/01\/17\/se-eligen-un-total-de-93-cargos-entre-intendentes-senadores-diputados-y-concejales\/"},"wordCount":387,"publisher":{"@id":"https:\/\/apuntesdesanluis.com\/#\/schema\/person\/b55151d52296fcce64d1a72538a70b90"},"image":{"@id":"https:\/\/apuntesdesanluis.com\/index.php\/2025\/01\/17\/se-eligen-un-total-de-93-cargos-entre-intendentes-senadores-diputados-y-concejales\/#primaryimage"},"thumbnailUrl":"https:\/\/apuntesdesanluis.com\/wp-content\/uploads\/2025\/01\/urna.png","articleSection":["Ciudad\/Provincia"],"inLanguage":"es-AR"},{"@type":"WebPage","@id":"https:\/\/apuntesdesanluis.com\/index.php\/2025\/01\/17\/se-eligen-un-total-de-93-cargos-entre-intendentes-senadores-diputados-y-concejales\/","url":"https:\/\/apuntesdesanluis.com\/index.php\/2025\/01\/17\/se-eligen-un-total-de-93-cargos-entre-intendentes-senadores-diputados-y-concejales\/","name":"SE ELIGEN UN TOTAL DE 93 CARGOS ENTRE INTENDENTES, SENADORES, DIPUTADOS Y CONCEJALES - Apuntes de San Luis","isPartOf":{"@id":"https:\/\/apuntesdesanluis.com\/#website"},"primaryImageOfPage":{"@id":"https:\/\/apuntesdesanluis.com\/index.php\/2025\/01\/17\/se-eligen-un-total-de-93-cargos-entre-intendentes-senadores-diputados-y-concejales\/#primaryimage"},"image":{"@id":"https:\/\/apuntesdesanluis.com\/index.php\/2025\/01\/17\/se-eligen-un-total-de-93-cargos-entre-intendentes-senadores-diputados-y-concejales\/#primaryimage"},"thumbnailUrl":"https:\/\/apuntesdesanluis.com\/wp-content\/uploads\/2025\/01\/urna.png","datePublished":"2025-01-17T21:46:20+00:00","breadcrumb":{"@id":"https:\/\/apuntesdesanluis.com\/index.php\/2025\/01\/17\/se-eligen-un-total-de-93-cargos-entre-intendentes-senadores-diputados-y-concejales\/#breadcrumb"},"inLanguage":"es-AR","potentialAction":[{"@type":"ReadAction","target":["https:\/\/apuntesdesanluis.com\/index.php\/2025\/01\/17\/se-eligen-un-total-de-93-cargos-entre-intendentes-senadores-diputados-y-concejales\/"]}]},{"@type":"ImageObject","inLanguage":"es-AR","@id":"https:\/\/apuntesdesanluis.com\/index.php\/2025\/01\/17\/se-eligen-un-total-de-93-cargos-entre-intendentes-senadores-diputados-y-concejales\/#primaryimage","url":"https:\/\/apuntesdesanluis.com\/wp-content\/uploads\/2025\/01\/urna.png","contentUrl":"https:\/\/apuntesdesanluis.com\/wp-content\/uploads\/2025\/01\/urna.png","width":794,"height":504},{"@type":"BreadcrumbList","@id":"https:\/\/apuntesdesanluis.com\/index.php\/2025\/01\/17\/se-eligen-un-total-de-93-cargos-entre-intendentes-senadores-diputados-y-concejales\/#breadcrumb","itemListElement":[{"@type":"ListItem","position":1,"name":"Inicio","item":"https:\/\/apuntesdesanluis.com\/"},{"@type":"ListItem","position":2,"name":"SE ELIGEN UN TOTAL DE 93 CARGOS ENTRE INTENDENTES, SENADORES, DIPUTADOS Y CONCEJALES"}]},{"@type":"WebSite","@id":"https:\/\/apuntesdesanluis.com\/#website","url":"https:\/\/apuntesdesanluis.com\/","name":"Apuntes de San Luis","description":"","publisher":{"@id":"https:\/\/apuntesdesanluis.com\/#\/schema\/person\/b55151d52296fcce64d1a72538a70b90"},"potentialAction":[{"@type":"SearchAction","target":{"@type":"EntryPoint","urlTemplate":"https:\/\/apuntesdesanluis.com\/?s={search_term_string}"},"query-input":{"@type":"PropertyValueSpecification","valueRequired":true,"valueName":"search_term_string"}}],"inLanguage":"es-AR"},{"@type":["Person","Organization"],"@id":"https:\/\/apuntesdesanluis.com\/#\/schema\/person\/b55151d52296fcce64d1a72538a70b90","name":"apuntesdesanluis.com","image":{"@type":"ImageObject","inLanguage":"es-AR","@id":"https:\/\/apuntesdesanluis.com\/#\/schema\/person\/image\/","url":"https:\/\/apuntesdesanluis.com\/wp-content\/uploads\/2023\/07\/cropped-apuntesdesanluis.png","contentUrl":"https:\/\/apuntesdesanluis.com\/wp-content\/uploads\/2023\/07\/cropped-apuntesdesanluis.png","width":450,"height":112,"caption":"apuntesdesanluis.com"},"logo":{"@id":"https:\/\/apuntesdesanluis.com\/#\/schema\/person\/image\/"},"sameAs":["https:\/\/apuntesdesanluis.com"],"url":"https:\/\/apuntesdesanluis.com\/index.php\/author\/apuntesdesanluis-com\/"}]}},"featured_image_urls":{"full":["https:\/\/apuntesdesanluis.com\/wp-content\/uploads\/2025\/01\/urna.png",794,504,false],"thumbnail":["https:\/\/apuntesdesanluis.com\/wp-content\/uploads\/2025\/01\/urna-150x150.png",150,150,true],"medium":["https:\/\/apuntesdesanluis.com\/wp-content\/uploads\/2025\/01\/urna-300x190.png",300,190,true],"medium_large":["https:\/\/apuntesdesanluis.com\/wp-content\/uploads\/2025\/01\/urna-768x487.png",640,406,true],"large":["https:\/\/apuntesdesanluis.com\/wp-content\/uploads\/2025\/01\/urna.png",640,406,false],"1536x1536":["https:\/\/apuntesdesanluis.com\/wp-content\/uploads\/2025\/01\/urna.png",794,504,false],"2048x2048":["https:\/\/apuntesdesanluis.com\/wp-content\/uploads\/2025\/01\/urna.png",794,504,false],"newsever-slider-full":["https:\/\/apuntesdesanluis.com\/wp-content\/uploads\/2025\/01\/urna.png",794,504,false],"newsever-featured":["https:\/\/apuntesdesanluis.com\/wp-content\/uploads\/2025\/01\/urna.png",794,504,false],"newsever-medium":["https:\/\/apuntesdesanluis.com\/wp-content\/uploads\/2025\/01\/urna-720x475.png",720,475,true]},"author_info":{"display_name":"apuntesdesanluis.com","author_link":"https:\/\/apuntesdesanluis.com\/index.php\/author\/apuntesdesanluis-com\/"},"category_info":"<a href=\"https:\/\/apuntesdesanluis.com\/index.php\/category\/ciudad-provincia\/\" rel=\"category tag\">Ciudad\/Provincia<\/a>","tag_info":"Ciudad\/Provincia","comment_count":"0","_links":{"self":[{"href":"https:\/\/apuntesdesanluis.com\/index.php\/wp-json\/wp\/v2\/posts\/27903","targetHints":{"allow":["GET"]}}],"collection":[{"href":"https:\/\/apuntesdesanluis.com\/index.php\/wp-json\/wp\/v2\/posts"}],"about":[{"href":"https:\/\/apuntesdesanluis.com\/index.php\/wp-json\/wp\/v2\/types\/post"}],"author":[{"embeddable":true,"href":"https:\/\/apuntesdesanluis.com\/index.php\/wp-json\/wp\/v2\/users\/1"}],"replies":[{"embeddable":true,"href":"https:\/\/apuntesdesanluis.com\/index.php\/wp-json\/wp\/v2\/comments?post=27903"}],"version-history":[{"count":1,"href":"https:\/\/apuntesdesanluis.com\/index.php\/wp-json\/wp\/v2\/posts\/27903\/revisions"}],"predecessor-version":[{"id":27905,"href":"https:\/\/apuntesdesanluis.com\/index.php\/wp-json\/wp\/v2\/posts\/27903\/revisions\/27905"}],"wp:featuredmedia":[{"embeddable":true,"href":"https:\/\/apuntesdesanluis.com\/index.php\/wp-json\/wp\/v2\/media\/27904"}],"wp:attachment":[{"href":"https:\/\/apuntesdesanluis.com\/index.php\/wp-json\/wp\/v2\/media?parent=27903"}],"wp:term":[{"taxonomy":"category","embeddable":true,"href":"https:\/\/apuntesdesanluis.com\/index.php\/wp-json\/wp\/v2\/categories?post=27903"},{"taxonomy":"post_tag","embeddable":true,"href":"https:\/\/apuntesdesanluis.com\/index.php\/wp-json\/wp\/v2\/tags?post=27903"}],"curies":[{"name":"wp","href":"https:\/\/api.w.org\/{rel}","templated":true}]}}