{"id":27907,"date":"2025-01-17T18:55:02","date_gmt":"2025-01-17T21:55:02","guid":{"rendered":"https:\/\/apuntesdesanluis.com\/?p=27907"},"modified":"2025-01-17T18:56:45","modified_gmt":"2025-01-17T21:56:45","slug":"con-mas-de-150-artistas-se-realiza-el-pre-festival-valle-del-sol","status":"publish","type":"post","link":"https:\/\/apuntesdesanluis.com\/index.php\/2025\/01\/17\/con-mas-de-150-artistas-se-realiza-el-pre-festival-valle-del-sol\/","title":{"rendered":"CON M\u00c1S DE 150 ARTISTAS, SE REALIZA EL PRE FESTIVAL VALLE DEL SOL"},"content":{"rendered":"<h3>La <strong>Villa de Merlo<\/strong> se prepara para recibir una nueva edici\u00f3n del <strong>Pre-Festival Valle del Sol<\/strong>, un evento donde se celebra el talento art\u00edstico recibiendo a participantes provenientes de m\u00e1s de 10 localidades.<\/h3>\n<h3>El encuentro se llevar\u00e1 a cabo este <strong>s\u00e1bado 18 de enero<\/strong>, a partir de las <strong>16:00 hs.<\/strong>, en el <strong>Mercado Municipal Merlino<\/strong> (Coronel Pringles y Los Almendros). M\u00e1s de <strong>150 artistas locales y regionales<\/strong> participar\u00e1n con el sue\u00f1o de obtener su lugar en la <strong>52\u00b0 Fiesta Nacional Valle del Sol<\/strong>, que se realizar\u00e1 del <strong>6 al 9 de febrero<\/strong>.<\/h3>\n<h3>El certamen abarca cinco categor\u00edas: <strong>Canto Solista<\/strong>, <strong>Canto Grupal<\/strong>, <strong>Tema de autor\u00eda in\u00e9dita<\/strong>, <strong>Danza Solista\/D\u00fao<\/strong> y <strong>Danza Grupal<\/strong>, destacando la diversidad y riqueza cultural de los participantes. Los inscriptos provienen de diversas localidades, entre ellas Villa de Merlo, Ciudad de la Punta, San Luis Capital, Villa Larca, Concar\u00e1n, Tilisarao, Villa Mercedes, San Javier, Las Chacras Sur, Villa Dolores, Sampacho y La Paz, marcando una fuerte presencia de talentos de San Luis y provincias vecinas como C\u00f3rdoba.<\/h3>\n<h3>Los artistas destacados en cada disciplina ganar\u00e1n su lugar en el prestigioso festival, una oportunidad \u00fanica para brillar en la <strong>escena cultural<\/strong> de Merlo y la regi\u00f3n y ser\u00e1n evaluados por destacados artistas: Mat\u00edas Mancilla; Mart\u00edn Cristini y Juli\u00e1n Manrique <strong>\u00a0<\/strong><\/h3>\n<h3>El festejo culminar\u00e1 con la actuaci\u00f3n de <strong>Jessica Benavidez<\/strong>, la talentosa cantante que regresa a la villa tur\u00edstica con su potente voz, prometiendo un show bien festivalero para cerrar la jornada en grande.<\/h3>\n<h3><\/h3>\n<h3><\/h3>\n<p>&nbsp;<\/p>\n","protected":false},"excerpt":{"rendered":"<p>La Villa de Merlo se prepara para recibir una nueva edici\u00f3n del Pre-Festival Valle del&#8230;<\/p>\n","protected":false},"author":1,"featured_media":27908,"comment_status":"closed","ping_status":"closed","sticky":false,"template":"","format":"standard","meta":{"footnotes":""},"categories":[6],"tags":[],"class_list":["post-27907","post","type-post","status-publish","format-standard","has-post-thumbnail","hentry","category-ciudad-provincia"],"yoast_head":"<!-- This site is optimized with the Yoast SEO plugin v26.1.1 - https:\/\/yoast.com\/wordpress\/plugins\/seo\/ -->\n<title>CON M\u00c1S DE 150 ARTISTAS, SE REALIZA EL PRE FESTIVAL VALLE DEL SOL - Apuntes de San Luis<\/title>\n<meta name=\"robots\" content=\"index, follow, max-snippet:-1, max-image-preview:large, max-video-preview:-1\" \/>\n<link rel=\"canonical\" href=\"https:\/\/apuntesdesanluis.com\/index.php\/2025\/01\/17\/con-mas-de-150-artistas-se-realiza-el-pre-festival-valle-del-sol\/\" \/>\n<meta property=\"og:locale\" content=\"es_ES\" \/>\n<meta property=\"og:type\" content=\"article\" \/>\n<meta property=\"og:title\" content=\"CON M\u00c1S DE 150 ARTISTAS, SE REALIZA EL PRE FESTIVAL VALLE DEL SOL - Apuntes de San Luis\" \/>\n<meta property=\"og:description\" content=\"La Villa de Merlo se prepara para recibir una nueva edici\u00f3n del Pre-Festival Valle del...\" \/>\n<meta property=\"og:url\" content=\"https:\/\/apuntesdesanluis.com\/index.php\/2025\/01\/17\/con-mas-de-150-artistas-se-realiza-el-pre-festival-valle-del-sol\/\" \/>\n<meta property=\"og:site_name\" content=\"Apuntes de San Luis\" \/>\n<meta property=\"article:published_time\" content=\"2025-01-17T21:55:02+00:00\" \/>\n<meta property=\"article:modified_time\" content=\"2025-01-17T21:56:45+00:00\" \/>\n<meta property=\"og:image\" content=\"https:\/\/apuntesdesanluis.com\/wp-content\/uploads\/2025\/01\/PREFESTIVAL-VALLE-DEL-SOL.png\" \/>\n\t<meta property=\"og:image:width\" content=\"722\" \/>\n\t<meta property=\"og:image:height\" content=\"427\" \/>\n\t<meta property=\"og:image:type\" content=\"image\/png\" \/>\n<meta name=\"author\" content=\"apuntesdesanluis.com\" \/>\n<meta name=\"twitter:card\" content=\"summary_large_image\" \/>\n<meta name=\"twitter:label1\" content=\"Escrito por\" \/>\n\t<meta name=\"twitter:data1\" content=\"apuntesdesanluis.com\" \/>\n\t<meta name=\"twitter:label2\" content=\"Tiempo de lectura\" \/>\n\t<meta name=\"twitter:data2\" content=\"2 minutos\" \/>\n<script type=\"application\/ld+json\" class=\"yoast-schema-graph\">{\"@context\":\"https:\/\/schema.org\",\"@graph\":[{\"@type\":\"Article\",\"@id\":\"https:\/\/apuntesdesanluis.com\/index.php\/2025\/01\/17\/con-mas-de-150-artistas-se-realiza-el-pre-festival-valle-del-sol\/#article\",\"isPartOf\":{\"@id\":\"https:\/\/apuntesdesanluis.com\/index.php\/2025\/01\/17\/con-mas-de-150-artistas-se-realiza-el-pre-festival-valle-del-sol\/\"},\"author\":{\"name\":\"apuntesdesanluis.com\",\"@id\":\"https:\/\/apuntesdesanluis.com\/#\/schema\/person\/b55151d52296fcce64d1a72538a70b90\"},\"headline\":\"CON M\u00c1S DE 150 ARTISTAS, SE REALIZA EL PRE FESTIVAL VALLE DEL SOL\",\"datePublished\":\"2025-01-17T21:55:02+00:00\",\"dateModified\":\"2025-01-17T21:56:45+00:00\",\"mainEntityOfPage\":{\"@id\":\"https:\/\/apuntesdesanluis.com\/index.php\/2025\/01\/17\/con-mas-de-150-artistas-se-realiza-el-pre-festival-valle-del-sol\/\"},\"wordCount\":270,\"publisher\":{\"@id\":\"https:\/\/apuntesdesanluis.com\/#\/schema\/person\/b55151d52296fcce64d1a72538a70b90\"},\"image\":{\"@id\":\"https:\/\/apuntesdesanluis.com\/index.php\/2025\/01\/17\/con-mas-de-150-artistas-se-realiza-el-pre-festival-valle-del-sol\/#primaryimage\"},\"thumbnailUrl\":\"https:\/\/apuntesdesanluis.com\/wp-content\/uploads\/2025\/01\/PREFESTIVAL-VALLE-DEL-SOL.png\",\"articleSection\":[\"Ciudad\/Provincia\"],\"inLanguage\":\"es-AR\"},{\"@type\":\"WebPage\",\"@id\":\"https:\/\/apuntesdesanluis.com\/index.php\/2025\/01\/17\/con-mas-de-150-artistas-se-realiza-el-pre-festival-valle-del-sol\/\",\"url\":\"https:\/\/apuntesdesanluis.com\/index.php\/2025\/01\/17\/con-mas-de-150-artistas-se-realiza-el-pre-festival-valle-del-sol\/\",\"name\":\"CON M\u00c1S DE 150 ARTISTAS, SE REALIZA EL PRE FESTIVAL VALLE DEL SOL - Apuntes de San Luis\",\"isPartOf\":{\"@id\":\"https:\/\/apuntesdesanluis.com\/#website\"},\"primaryImageOfPage\":{\"@id\":\"https:\/\/apuntesdesanluis.com\/index.php\/2025\/01\/17\/con-mas-de-150-artistas-se-realiza-el-pre-festival-valle-del-sol\/#primaryimage\"},\"image\":{\"@id\":\"https:\/\/apuntesdesanluis.com\/index.php\/2025\/01\/17\/con-mas-de-150-artistas-se-realiza-el-pre-festival-valle-del-sol\/#primaryimage\"},\"thumbnailUrl\":\"https:\/\/apuntesdesanluis.com\/wp-content\/uploads\/2025\/01\/PREFESTIVAL-VALLE-DEL-SOL.png\",\"datePublished\":\"2025-01-17T21:55:02+00:00\",\"dateModified\":\"2025-01-17T21:56:45+00:00\",\"breadcrumb\":{\"@id\":\"https:\/\/apuntesdesanluis.com\/index.php\/2025\/01\/17\/con-mas-de-150-artistas-se-realiza-el-pre-festival-valle-del-sol\/#breadcrumb\"},\"inLanguage\":\"es-AR\",\"potentialAction\":[{\"@type\":\"ReadAction\",\"target\":[\"https:\/\/apuntesdesanluis.com\/index.php\/2025\/01\/17\/con-mas-de-150-artistas-se-realiza-el-pre-festival-valle-del-sol\/\"]}]},{\"@type\":\"ImageObject\",\"inLanguage\":\"es-AR\",\"@id\":\"https:\/\/apuntesdesanluis.com\/index.php\/2025\/01\/17\/con-mas-de-150-artistas-se-realiza-el-pre-festival-valle-del-sol\/#primaryimage\",\"url\":\"https:\/\/apuntesdesanluis.com\/wp-content\/uploads\/2025\/01\/PREFESTIVAL-VALLE-DEL-SOL.png\",\"contentUrl\":\"https:\/\/apuntesdesanluis.com\/wp-content\/uploads\/2025\/01\/PREFESTIVAL-VALLE-DEL-SOL.png\",\"width\":722,\"height\":427},{\"@type\":\"BreadcrumbList\",\"@id\":\"https:\/\/apuntesdesanluis.com\/index.php\/2025\/01\/17\/con-mas-de-150-artistas-se-realiza-el-pre-festival-valle-del-sol\/#breadcrumb\",\"itemListElement\":[{\"@type\":\"ListItem\",\"position\":1,\"name\":\"Inicio\",\"item\":\"https:\/\/apuntesdesanluis.com\/\"},{\"@type\":\"ListItem\",\"position\":2,\"name\":\"CON M\u00c1S DE 150 ARTISTAS, SE REALIZA EL PRE FESTIVAL VALLE DEL SOL\"}]},{\"@type\":\"WebSite\",\"@id\":\"https:\/\/apuntesdesanluis.com\/#website\",\"url\":\"https:\/\/apuntesdesanluis.com\/\",\"name\":\"Apuntes de San Luis\",\"description\":\"\",\"publisher\":{\"@id\":\"https:\/\/apuntesdesanluis.com\/#\/schema\/person\/b55151d52296fcce64d1a72538a70b90\"},\"potentialAction\":[{\"@type\":\"SearchAction\",\"target\":{\"@type\":\"EntryPoint\",\"urlTemplate\":\"https:\/\/apuntesdesanluis.com\/?s={search_term_string}\"},\"query-input\":{\"@type\":\"PropertyValueSpecification\",\"valueRequired\":true,\"valueName\":\"search_term_string\"}}],\"inLanguage\":\"es-AR\"},{\"@type\":[\"Person\",\"Organization\"],\"@id\":\"https:\/\/apuntesdesanluis.com\/#\/schema\/person\/b55151d52296fcce64d1a72538a70b90\",\"name\":\"apuntesdesanluis.com\",\"image\":{\"@type\":\"ImageObject\",\"inLanguage\":\"es-AR\",\"@id\":\"https:\/\/apuntesdesanluis.com\/#\/schema\/person\/image\/\",\"url\":\"https:\/\/apuntesdesanluis.com\/wp-content\/uploads\/2023\/07\/cropped-apuntesdesanluis.png\",\"contentUrl\":\"https:\/\/apuntesdesanluis.com\/wp-content\/uploads\/2023\/07\/cropped-apuntesdesanluis.png\",\"width\":450,\"height\":112,\"caption\":\"apuntesdesanluis.com\"},\"logo\":{\"@id\":\"https:\/\/apuntesdesanluis.com\/#\/schema\/person\/image\/\"},\"sameAs\":[\"https:\/\/apuntesdesanluis.com\"],\"url\":\"https:\/\/apuntesdesanluis.com\/index.php\/author\/apuntesdesanluis-com\/\"}]}<\/script>\n<!-- \/ Yoast SEO plugin. -->","yoast_head_json":{"title":"CON M\u00c1S DE 150 ARTISTAS, SE REALIZA EL PRE FESTIVAL VALLE DEL SOL - Apuntes de San Luis","robots":{"index":"index","follow":"follow","max-snippet":"max-snippet:-1","max-image-preview":"max-image-preview:large","max-video-preview":"max-video-preview:-1"},"canonical":"https:\/\/apuntesdesanluis.com\/index.php\/2025\/01\/17\/con-mas-de-150-artistas-se-realiza-el-pre-festival-valle-del-sol\/","og_locale":"es_ES","og_type":"article","og_title":"CON M\u00c1S DE 150 ARTISTAS, SE REALIZA EL PRE FESTIVAL VALLE DEL SOL - Apuntes de San Luis","og_description":"La Villa de Merlo se prepara para recibir una nueva edici\u00f3n del Pre-Festival Valle del...","og_url":"https:\/\/apuntesdesanluis.com\/index.php\/2025\/01\/17\/con-mas-de-150-artistas-se-realiza-el-pre-festival-valle-del-sol\/","og_site_name":"Apuntes de San Luis","article_published_time":"2025-01-17T21:55:02+00:00","article_modified_time":"2025-01-17T21:56:45+00:00","og_image":[{"width":722,"height":427,"url":"https:\/\/apuntesdesanluis.com\/wp-content\/uploads\/2025\/01\/PREFESTIVAL-VALLE-DEL-SOL.png","type":"image\/png"}],"author":"apuntesdesanluis.com","twitter_card":"summary_large_image","twitter_misc":{"Escrito por":"apuntesdesanluis.com","Tiempo de lectura":"2 minutos"},"schema":{"@context":"https:\/\/schema.org","@graph":[{"@type":"Article","@id":"https:\/\/apuntesdesanluis.com\/index.php\/2025\/01\/17\/con-mas-de-150-artistas-se-realiza-el-pre-festival-valle-del-sol\/#article","isPartOf":{"@id":"https:\/\/apuntesdesanluis.com\/index.php\/2025\/01\/17\/con-mas-de-150-artistas-se-realiza-el-pre-festival-valle-del-sol\/"},"author":{"name":"apuntesdesanluis.com","@id":"https:\/\/apuntesdesanluis.com\/#\/schema\/person\/b55151d52296fcce64d1a72538a70b90"},"headline":"CON M\u00c1S DE 150 ARTISTAS, SE REALIZA EL PRE FESTIVAL VALLE DEL SOL","datePublished":"2025-01-17T21:55:02+00:00","dateModified":"2025-01-17T21:56:45+00:00","mainEntityOfPage":{"@id":"https:\/\/apuntesdesanluis.com\/index.php\/2025\/01\/17\/con-mas-de-150-artistas-se-realiza-el-pre-festival-valle-del-sol\/"},"wordCount":270,"publisher":{"@id":"https:\/\/apuntesdesanluis.com\/#\/schema\/person\/b55151d52296fcce64d1a72538a70b90"},"image":{"@id":"https:\/\/apuntesdesanluis.com\/index.php\/2025\/01\/17\/con-mas-de-150-artistas-se-realiza-el-pre-festival-valle-del-sol\/#primaryimage"},"thumbnailUrl":"https:\/\/apuntesdesanluis.com\/wp-content\/uploads\/2025\/01\/PREFESTIVAL-VALLE-DEL-SOL.png","articleSection":["Ciudad\/Provincia"],"inLanguage":"es-AR"},{"@type":"WebPage","@id":"https:\/\/apuntesdesanluis.com\/index.php\/2025\/01\/17\/con-mas-de-150-artistas-se-realiza-el-pre-festival-valle-del-sol\/","url":"https:\/\/apuntesdesanluis.com\/index.php\/2025\/01\/17\/con-mas-de-150-artistas-se-realiza-el-pre-festival-valle-del-sol\/","name":"CON M\u00c1S DE 150 ARTISTAS, SE REALIZA EL PRE FESTIVAL VALLE DEL SOL - Apuntes de San Luis","isPartOf":{"@id":"https:\/\/apuntesdesanluis.com\/#website"},"primaryImageOfPage":{"@id":"https:\/\/apuntesdesanluis.com\/index.php\/2025\/01\/17\/con-mas-de-150-artistas-se-realiza-el-pre-festival-valle-del-sol\/#primaryimage"},"image":{"@id":"https:\/\/apuntesdesanluis.com\/index.php\/2025\/01\/17\/con-mas-de-150-artistas-se-realiza-el-pre-festival-valle-del-sol\/#primaryimage"},"thumbnailUrl":"https:\/\/apuntesdesanluis.com\/wp-content\/uploads\/2025\/01\/PREFESTIVAL-VALLE-DEL-SOL.png","datePublished":"2025-01-17T21:55:02+00:00","dateModified":"2025-01-17T21:56:45+00:00","breadcrumb":{"@id":"https:\/\/apuntesdesanluis.com\/index.php\/2025\/01\/17\/con-mas-de-150-artistas-se-realiza-el-pre-festival-valle-del-sol\/#breadcrumb"},"inLanguage":"es-AR","potentialAction":[{"@type":"ReadAction","target":["https:\/\/apuntesdesanluis.com\/index.php\/2025\/01\/17\/con-mas-de-150-artistas-se-realiza-el-pre-festival-valle-del-sol\/"]}]},{"@type":"ImageObject","inLanguage":"es-AR","@id":"https:\/\/apuntesdesanluis.com\/index.php\/2025\/01\/17\/con-mas-de-150-artistas-se-realiza-el-pre-festival-valle-del-sol\/#primaryimage","url":"https:\/\/apuntesdesanluis.com\/wp-content\/uploads\/2025\/01\/PREFESTIVAL-VALLE-DEL-SOL.png","contentUrl":"https:\/\/apuntesdesanluis.com\/wp-content\/uploads\/2025\/01\/PREFESTIVAL-VALLE-DEL-SOL.png","width":722,"height":427},{"@type":"BreadcrumbList","@id":"https:\/\/apuntesdesanluis.com\/index.php\/2025\/01\/17\/con-mas-de-150-artistas-se-realiza-el-pre-festival-valle-del-sol\/#breadcrumb","itemListElement":[{"@type":"ListItem","position":1,"name":"Inicio","item":"https:\/\/apuntesdesanluis.com\/"},{"@type":"ListItem","position":2,"name":"CON M\u00c1S DE 150 ARTISTAS, SE REALIZA EL PRE FESTIVAL VALLE DEL SOL"}]},{"@type":"WebSite","@id":"https:\/\/apuntesdesanluis.com\/#website","url":"https:\/\/apuntesdesanluis.com\/","name":"Apuntes de San Luis","description":"","publisher":{"@id":"https:\/\/apuntesdesanluis.com\/#\/schema\/person\/b55151d52296fcce64d1a72538a70b90"},"potentialAction":[{"@type":"SearchAction","target":{"@type":"EntryPoint","urlTemplate":"https:\/\/apuntesdesanluis.com\/?s={search_term_string}"},"query-input":{"@type":"PropertyValueSpecification","valueRequired":true,"valueName":"search_term_string"}}],"inLanguage":"es-AR"},{"@type":["Person","Organization"],"@id":"https:\/\/apuntesdesanluis.com\/#\/schema\/person\/b55151d52296fcce64d1a72538a70b90","name":"apuntesdesanluis.com","image":{"@type":"ImageObject","inLanguage":"es-AR","@id":"https:\/\/apuntesdesanluis.com\/#\/schema\/person\/image\/","url":"https:\/\/apuntesdesanluis.com\/wp-content\/uploads\/2023\/07\/cropped-apuntesdesanluis.png","contentUrl":"https:\/\/apuntesdesanluis.com\/wp-content\/uploads\/2023\/07\/cropped-apuntesdesanluis.png","width":450,"height":112,"caption":"apuntesdesanluis.com"},"logo":{"@id":"https:\/\/apuntesdesanluis.com\/#\/schema\/person\/image\/"},"sameAs":["https:\/\/apuntesdesanluis.com"],"url":"https:\/\/apuntesdesanluis.com\/index.php\/author\/apuntesdesanluis-com\/"}]}},"featured_image_urls":{"full":["https:\/\/apuntesdesanluis.com\/wp-content\/uploads\/2025\/01\/PREFESTIVAL-VALLE-DEL-SOL.png",722,427,false],"thumbnail":["https:\/\/apuntesdesanluis.com\/wp-content\/uploads\/2025\/01\/PREFESTIVAL-VALLE-DEL-SOL-150x150.png",150,150,true],"medium":["https:\/\/apuntesdesanluis.com\/wp-content\/uploads\/2025\/01\/PREFESTIVAL-VALLE-DEL-SOL-300x177.png",300,177,true],"medium_large":["https:\/\/apuntesdesanluis.com\/wp-content\/uploads\/2025\/01\/PREFESTIVAL-VALLE-DEL-SOL.png",640,379,false],"large":["https:\/\/apuntesdesanluis.com\/wp-content\/uploads\/2025\/01\/PREFESTIVAL-VALLE-DEL-SOL.png",640,379,false],"1536x1536":["https:\/\/apuntesdesanluis.com\/wp-content\/uploads\/2025\/01\/PREFESTIVAL-VALLE-DEL-SOL.png",722,427,false],"2048x2048":["https:\/\/apuntesdesanluis.com\/wp-content\/uploads\/2025\/01\/PREFESTIVAL-VALLE-DEL-SOL.png",722,427,false],"newsever-slider-full":["https:\/\/apuntesdesanluis.com\/wp-content\/uploads\/2025\/01\/PREFESTIVAL-VALLE-DEL-SOL.png",722,427,false],"newsever-featured":["https:\/\/apuntesdesanluis.com\/wp-content\/uploads\/2025\/01\/PREFESTIVAL-VALLE-DEL-SOL.png",722,427,false],"newsever-medium":["https:\/\/apuntesdesanluis.com\/wp-content\/uploads\/2025\/01\/PREFESTIVAL-VALLE-DEL-SOL-720x427.png",720,427,true]},"author_info":{"display_name":"apuntesdesanluis.com","author_link":"https:\/\/apuntesdesanluis.com\/index.php\/author\/apuntesdesanluis-com\/"},"category_info":"<a href=\"https:\/\/apuntesdesanluis.com\/index.php\/category\/ciudad-provincia\/\" rel=\"category tag\">Ciudad\/Provincia<\/a>","tag_info":"Ciudad\/Provincia","comment_count":"0","_links":{"self":[{"href":"https:\/\/apuntesdesanluis.com\/index.php\/wp-json\/wp\/v2\/posts\/27907","targetHints":{"allow":["GET"]}}],"collection":[{"href":"https:\/\/apuntesdesanluis.com\/index.php\/wp-json\/wp\/v2\/posts"}],"about":[{"href":"https:\/\/apuntesdesanluis.com\/index.php\/wp-json\/wp\/v2\/types\/post"}],"author":[{"embeddable":true,"href":"https:\/\/apuntesdesanluis.com\/index.php\/wp-json\/wp\/v2\/users\/1"}],"replies":[{"embeddable":true,"href":"https:\/\/apuntesdesanluis.com\/index.php\/wp-json\/wp\/v2\/comments?post=27907"}],"version-history":[{"count":1,"href":"https:\/\/apuntesdesanluis.com\/index.php\/wp-json\/wp\/v2\/posts\/27907\/revisions"}],"predecessor-version":[{"id":27909,"href":"https:\/\/apuntesdesanluis.com\/index.php\/wp-json\/wp\/v2\/posts\/27907\/revisions\/27909"}],"wp:featuredmedia":[{"embeddable":true,"href":"https:\/\/apuntesdesanluis.com\/index.php\/wp-json\/wp\/v2\/media\/27908"}],"wp:attachment":[{"href":"https:\/\/apuntesdesanluis.com\/index.php\/wp-json\/wp\/v2\/media?parent=27907"}],"wp:term":[{"taxonomy":"category","embeddable":true,"href":"https:\/\/apuntesdesanluis.com\/index.php\/wp-json\/wp\/v2\/categories?post=27907"},{"taxonomy":"post_tag","embeddable":true,"href":"https:\/\/apuntesdesanluis.com\/index.php\/wp-json\/wp\/v2\/tags?post=27907"}],"curies":[{"name":"wp","href":"https:\/\/api.w.org\/{rel}","templated":true}]}}